{"id":2214,"date":"2018-01-25T10:00:54","date_gmt":"2018-01-25T09:00:54","guid":{"rendered":"http:\/\/noticias.audio-technica.es\/?p=2214"},"modified":"2023-10-17T18:33:08","modified_gmt":"2023-10-17T16:33:08","slug":"audio-technica-presenta-la-cuarta-generacion-de-sistemas-inalambricos-serie-3000","status":"publish","type":"post","link":"https:\/\/distribution.audio-technica.eu\/es-es\/noticias\/audio-technica-presenta-la-cuarta-generacion-de-sistemas-inalambricos-serie-3000\/","title":{"rendered":"Audio-Technica presenta la cuarta generaci\u00f3n de los sistemas inal\u00e1mbricos True Diversity con selecci\u00f3n autom\u00e1tica de frecuencia Serie 3000"},"content":{"rendered":"<p><a href=\"http:\/\/noticias.audio-technica.es\/wp-content\/uploads\/Serie-3000_2.jpg\"><img loading=\"lazy\" decoding=\"async\" class=\"aligncenter size-full wp-image-2212\" src=\"http:\/\/noticias.audio-technica.es\/wp-content\/uploads\/Serie-3000_2.jpg\" alt=\"Audio-Technica presenta la cuarta generaci\u00f3n de los sistemas inal\u00e1mbricos True Diversity con selecci\u00f3n autom\u00e1tica de frecuencia Serie 3000\" width=\"1500\" height=\"906\" srcset=\"https:\/\/distribution.audio-technica.eu\/app\/uploads\/sites\/2\/Serie-3000_2.jpg 1500w, https:\/\/distribution.audio-technica.eu\/app\/uploads\/sites\/2\/Serie-3000_2-300x181.jpg 300w, https:\/\/distribution.audio-technica.eu\/app\/uploads\/sites\/2\/Serie-3000_2-768x464.jpg 768w, https:\/\/distribution.audio-technica.eu\/app\/uploads\/sites\/2\/Serie-3000_2-1024x618.jpg 1024w, https:\/\/distribution.audio-technica.eu\/app\/uploads\/sites\/2\/Serie-3000_2-200x121.jpg 200w, https:\/\/distribution.audio-technica.eu\/app\/uploads\/sites\/2\/Serie-3000_2-400x242.jpg 400w, https:\/\/distribution.audio-technica.eu\/app\/uploads\/sites\/2\/Serie-3000_2-600x362.jpg 600w, https:\/\/distribution.audio-technica.eu\/app\/uploads\/sites\/2\/Serie-3000_2-800x483.jpg 800w, https:\/\/distribution.audio-technica.eu\/app\/uploads\/sites\/2\/Serie-3000_2-1200x725.jpg 1200w\" sizes=\"auto, (max-width: 1500px) 100vw, 1500px\" \/><\/a><\/p>\n<p>Audio-Technica (stand 15311, Nivel 1, ACC Norte) ha desvelado la pr\u00f3xima generaci\u00f3n de sus sistemas inal\u00e1mbricos True Diversity con selecci\u00f3n autom\u00e1tica de frecuencia de la Serie 3000. Proporcionando una f\u00e1cil configuraci\u00f3n, un manejo vers\u00e1til y un sonido en alta fidelidad s\u00f3lido y rico en detalles, la cuarta generaci\u00f3n de los sistemas inal\u00e1mbricos de la Serie 3000 de Audio-Technica proporciona al usuario la potencia y flexibilidad necesaria para trabajar dentro del congestionado espectro UHF.<\/p>\n<p>Con una gama de sinton\u00eda de 60 MHz, \u00fanica en su clase y m\u00e1s del doble de la ofrecida por las versiones previas, los nuevos sistemas de la Serie 3000 est\u00e1n disponibles en cuatro bandas de frecuencia: DE2 (470\u2013530 MHz), EE1 (530\u2013590 MHz), EF1 (590\u2013650 MHz) y FG1 (650\u2013700 MHz). Las frecuencias pueden ser f\u00e1cilmente escaneadas y seleccionadas en el receptor y posteriormente sincronizadas con el transmisor a trav\u00e9s de la sincronizaci\u00f3n IR. La Serie 3000 permite incluso que el usuario establezca una frecuencia de respaldo que puede ser r\u00e1pidamente intercambiada pulsando el bot\u00f3n multifunci\u00f3n del transmisor, en caso de que se produzca una interferencia inesperada.<\/p>\n<figure id=\"attachment_2209\" aria-describedby=\"caption-attachment-2209\" style=\"width: 1500px\" class=\"wp-caption aligncenter\"><a href=\"http:\/\/noticias.audio-technica.es\/wp-content\/uploads\/ATW-R3210-front.jpg\"><img loading=\"lazy\" decoding=\"async\" class=\"size-full wp-image-2209\" src=\"http:\/\/noticias.audio-technica.es\/wp-content\/uploads\/ATW-R3210-front.jpg\" alt=\"Audio-Technica presenta la cuarta generaci\u00f3n de los sistemas inal\u00e1mbricos True Diversity con selecci\u00f3n autom\u00e1tica de frecuencia Serie 3000\" width=\"1500\" height=\"428\" srcset=\"https:\/\/distribution.audio-technica.eu\/app\/uploads\/sites\/2\/ATW-R3210-front.jpg 1500w, https:\/\/distribution.audio-technica.eu\/app\/uploads\/sites\/2\/ATW-R3210-front-300x86.jpg 300w, https:\/\/distribution.audio-technica.eu\/app\/uploads\/sites\/2\/ATW-R3210-front-768x219.jpg 768w, https:\/\/distribution.audio-technica.eu\/app\/uploads\/sites\/2\/ATW-R3210-front-1024x292.jpg 1024w, https:\/\/distribution.audio-technica.eu\/app\/uploads\/sites\/2\/ATW-R3210-front-200x57.jpg 200w, https:\/\/distribution.audio-technica.eu\/app\/uploads\/sites\/2\/ATW-R3210-front-400x114.jpg 400w, https:\/\/distribution.audio-technica.eu\/app\/uploads\/sites\/2\/ATW-R3210-front-600x171.jpg 600w, https:\/\/distribution.audio-technica.eu\/app\/uploads\/sites\/2\/ATW-R3210-front-800x228.jpg 800w, https:\/\/distribution.audio-technica.eu\/app\/uploads\/sites\/2\/ATW-R3210-front-1200x342.jpg 1200w\" sizes=\"auto, (max-width: 1500px) 100vw, 1500px\" \/><\/a><figcaption id=\"caption-attachment-2209\" class=\"wp-caption-text\">Receptor ATW-R3210<\/figcaption><\/figure>\n<p>Las configuraciones de sistema disponibles incluyen un receptor ATW-R3210 combinado con una petaca ATW-T3201 o un transmisor de mano ATW-T3202. El ATW-T3201 est\u00e1 equipado con el nuevo conector atornillado de cuatro pins estilo cH para proporcionar una conexi\u00f3n segura a los lavaliers estilo cH y a los micr\u00f3fonos de tipo diadema de Audio-Technica, o a cables.<\/p>\n<figure id=\"attachment_2211\" aria-describedby=\"caption-attachment-2211\" style=\"width: 1500px\" class=\"wp-caption aligncenter\"><a href=\"http:\/\/noticias.audio-technica.es\/wp-content\/uploads\/ATW-T3202-C710.jpg\"><img loading=\"lazy\" decoding=\"async\" class=\"size-full wp-image-2211\" src=\"http:\/\/noticias.audio-technica.es\/wp-content\/uploads\/ATW-T3202-C710.jpg\" alt=\"Audio-Technica presenta la cuarta generaci\u00f3n de los sistemas inal\u00e1mbricos True Diversity con selecci\u00f3n autom\u00e1tica de frecuencia Serie 3000\" width=\"1500\" height=\"529\" srcset=\"https:\/\/distribution.audio-technica.eu\/app\/uploads\/sites\/2\/ATW-T3202-C710.jpg 1500w, https:\/\/distribution.audio-technica.eu\/app\/uploads\/sites\/2\/ATW-T3202-C710-300x106.jpg 300w, https:\/\/distribution.audio-technica.eu\/app\/uploads\/sites\/2\/ATW-T3202-C710-768x271.jpg 768w, https:\/\/distribution.audio-technica.eu\/app\/uploads\/sites\/2\/ATW-T3202-C710-1024x361.jpg 1024w, https:\/\/distribution.audio-technica.eu\/app\/uploads\/sites\/2\/ATW-T3202-C710-200x71.jpg 200w, https:\/\/distribution.audio-technica.eu\/app\/uploads\/sites\/2\/ATW-T3202-C710-400x141.jpg 400w, https:\/\/distribution.audio-technica.eu\/app\/uploads\/sites\/2\/ATW-T3202-C710-600x212.jpg 600w, https:\/\/distribution.audio-technica.eu\/app\/uploads\/sites\/2\/ATW-T3202-C710-800x282.jpg 800w, https:\/\/distribution.audio-technica.eu\/app\/uploads\/sites\/2\/ATW-T3202-C710-1200x423.jpg 1200w\" sizes=\"auto, (max-width: 1500px) 100vw, 1500px\" \/><\/a><figcaption id=\"caption-attachment-2211\" class=\"wp-caption-text\">Transmisor de mano ATW-T3202 con c\u00e1psula C710<\/figcaption><\/figure>\n<p>El ATW-T3202 est\u00e1 disponible con c\u00e1psulas cardioides intercambiables, con disponibilidad de la din\u00e1mica ATW-C510 y la de condensador ATW-C710: su rosca est\u00e1ndar de la industria permite el uso tanto de c\u00e1psulas de Audio-Technica como de otras c\u00e1psulas compatibles. Ambos transmisores disponen de robustas carcasas met\u00e1licas y se alimentan por medio de dos bater\u00edas tipo AA. Los terminales de carga presentes en cada una de los transmisores son compatibles con los cargadores inteligentes ATW-CHG3 y los cargadores inteligentes en red ATW-CH3N (se venden aparte), y permiten la recarga de las bater\u00edas NiMH.<\/p>\n<figure id=\"attachment_2208\" aria-describedby=\"caption-attachment-2208\" style=\"width: 246px\" class=\"wp-caption aligncenter\"><a href=\"http:\/\/noticias.audio-technica.es\/wp-content\/uploads\/ATW-CHG3-mics.jpg\"><img loading=\"lazy\" decoding=\"async\" class=\" wp-image-2208\" src=\"http:\/\/noticias.audio-technica.es\/wp-content\/uploads\/ATW-CHG3-mics.jpg\" alt=\"Audio-Technica presenta la cuarta generaci\u00f3n de los sistemas inal\u00e1mbricos True Diversity con selecci\u00f3n autom\u00e1tica de frecuencia Serie 3000\" width=\"246\" height=\"436\" srcset=\"https:\/\/distribution.audio-technica.eu\/app\/uploads\/sites\/2\/ATW-CHG3-mics.jpg 677w, https:\/\/distribution.audio-technica.eu\/app\/uploads\/sites\/2\/ATW-CHG3-mics-169x300.jpg 169w, https:\/\/distribution.audio-technica.eu\/app\/uploads\/sites\/2\/ATW-CHG3-mics-578x1024.jpg 578w, https:\/\/distribution.audio-technica.eu\/app\/uploads\/sites\/2\/ATW-CHG3-mics-200x355.jpg 200w, https:\/\/distribution.audio-technica.eu\/app\/uploads\/sites\/2\/ATW-CHG3-mics-400x709.jpg 400w, https:\/\/distribution.audio-technica.eu\/app\/uploads\/sites\/2\/ATW-CHG3-mics-600x1064.jpg 600w\" sizes=\"auto, (max-width: 246px) 100vw, 246px\" \/><\/a><figcaption id=\"caption-attachment-2208\" class=\"wp-caption-text\">Cargador inteligente ATW-CHG3<\/figcaption><\/figure>\n<p>Dispone de alimentaci\u00f3n para antenas y otros dispositivos RF. Un conmutador de desconexi\u00f3n de tierra ayuda a eliminar los zumbidos audibles provocados por bucles de masa. Los sistemas cuentan con salidas de audio balanceadas y no balanceadas.<\/p>\n<figure id=\"attachment_2210\" aria-describedby=\"caption-attachment-2210\" style=\"width: 223px\" class=\"wp-caption aligncenter\"><a href=\"http:\/\/noticias.audio-technica.es\/wp-content\/uploads\/ATW-T3201-3Qrt.jpg\"><img loading=\"lazy\" decoding=\"async\" class=\" wp-image-2210\" src=\"http:\/\/noticias.audio-technica.es\/wp-content\/uploads\/ATW-T3201-3Qrt.jpg\" alt=\"Audio-Technica presenta la cuarta generaci\u00f3n de los sistemas inal\u00e1mbricos True Diversity con selecci\u00f3n autom\u00e1tica de frecuencia Serie 3000\" width=\"223\" height=\"579\" srcset=\"https:\/\/distribution.audio-technica.eu\/app\/uploads\/sites\/2\/ATW-T3201-3Qrt.jpg 1500w, https:\/\/distribution.audio-technica.eu\/app\/uploads\/sites\/2\/ATW-T3201-3Qrt-116x300.jpg 116w, https:\/\/distribution.audio-technica.eu\/app\/uploads\/sites\/2\/ATW-T3201-3Qrt-768x1993.jpg 768w, https:\/\/distribution.audio-technica.eu\/app\/uploads\/sites\/2\/ATW-T3201-3Qrt-395x1024.jpg 395w, https:\/\/distribution.audio-technica.eu\/app\/uploads\/sites\/2\/ATW-T3201-3Qrt-200x519.jpg 200w, https:\/\/distribution.audio-technica.eu\/app\/uploads\/sites\/2\/ATW-T3201-3Qrt-400x1038.jpg 400w, https:\/\/distribution.audio-technica.eu\/app\/uploads\/sites\/2\/ATW-T3201-3Qrt-600x1557.jpg 600w, https:\/\/distribution.audio-technica.eu\/app\/uploads\/sites\/2\/ATW-T3201-3Qrt-800x2076.jpg 800w, https:\/\/distribution.audio-technica.eu\/app\/uploads\/sites\/2\/ATW-T3201-3Qrt-1200x3114.jpg 1200w\" sizes=\"auto, (max-width: 223px) 100vw, 223px\" \/><\/a><figcaption id=\"caption-attachment-2210\" class=\"wp-caption-text\">Transmisor de petaca ATW-T3201<\/figcaption><\/figure>\n<p><strong>Caracter\u00edsticas adicionales:<\/strong><\/p>\n<ul>\n<li>Auto Squelch que ajusta autom\u00e1ticamente el squelch para maximizar la gama de funcionamiento, minimizando las potenciales interferencias.<\/li>\n<li>El display de modo dual del receptor puede conmutarse entre visualizaci\u00f3n est\u00e1ndar o visualizaci\u00f3n de trabajo que destaca la medici\u00f3n clave.<\/li>\n<li>Los transmisores y los receptores incluyen pantallas OLED para una visualizaci\u00f3n \u00f3ptima de los ajustes clave y las alertas.<\/li>\n<li>El transmisor tipo petaca incluye un conmutador de enmudecimiento de tipo t\u00e1ctil de palanca (desactivable) para disponer de confirmaci\u00f3n f\u00edsica del estado de enmudecimiento cuando no es visible el display del transmisor.<\/li>\n<li>El transmisor de mano presenta un ruido de manipulaci\u00f3n extremadamente bajo e incluye una rosca est\u00e1ndar de la industria para permitir el uso de c\u00e1psulas microf\u00f3nicas intercambiables tanto de Audio-Technica como de otras c\u00e1psulas compatibles.<\/li>\n<li>Est\u00e1n disponibles seis nuevas c\u00e1psulas microf\u00f3nicas (basadas en populares modelos de Audio-Technica) para proporcionar al usuario un mayor control sobre su sonido.<\/li>\n<li>El sistema ofrece una gama operativa de 100 metros.<\/li>\n<\/ul>\n<p>&nbsp;<\/p>\n<p><strong>Configuraciones<\/strong>:<\/p>\n<ul>\n<li>ATW-3211: Receptor ATW-R3210 y transmisor tipo petaca ATW-T3201. [Seleccione un micr\u00f3fono o cable con conector atornillado de 4 pins estilo cH para completar el sistema.]<\/li>\n<li>ATW-3211\/831: Receptor ATW-R3210 y transmisor tipo petaca ATW-T3201 con micr\u00f3fono lavalier cardioide de condensador AT831cH.<\/li>\n<li>ATW-3211\/899: Receptor ATW-R3210 y transmisor tipo petaca ATW-T3201 con micr\u00f3fono lavalier cardioide de condensador AT899cH.<\/li>\n<li>ATW-3211\/892: Receptor ATW-R3210 y transmisor tipo petaca ATW-T3201 con micr\u00f3fono tipo diadema omnidireccional de condensador BP892cH MicroSet\u00ae.<\/li>\n<li>ATW-3211\/892-TH: Receptor ATW-R3210 y transmisor tipo petaca ATW-T3201 con micr\u00f3fono tipo diadema omnidireccional de condensador BP892cH-TH MicroSet\u00ae (beige).<\/li>\n<li>ATW-3212\/C510: Receptor ATW-R3210 y transmisor de mano ATW-T3202 con c\u00e1psula microf\u00f3nica din\u00e1mica cardioide ATW-C510.<\/li>\n<li>ATW-3212\/C710: Receptor ATW-R3210 y transmisor de mano ATW-T3202 con c\u00e1psula microf\u00f3nica cardioide de condensador ATW-C710.<\/li>\n<\/ul>\n<p>&nbsp;<\/p>\n<p><strong>C\u00e1psulas microf\u00f3nicas intercambiables:<\/strong><\/p>\n<ul>\n<li>ATW-C510: c\u00e1psula microf\u00f3nica din\u00e1mica cardioide (equivalente a ATM510)<\/li>\n<li>ATW-C710: c\u00e1psula microf\u00f3nica cardioide de condensador (equivalente a ATM710)<\/li>\n<li>ATW-C4100: c\u00e1psula microf\u00f3nica din\u00e1mica cardioide (equivalente a AE4100)<\/li>\n<li>ATW-C6100: c\u00e1psula microf\u00f3nica din\u00e1mica hipercardioide (equivalente a AE6100)<\/li>\n<li>ATW-C3300: c\u00e1psula microf\u00f3nica cardioide de condensador (equivalente a AE3300)<\/li>\n<li>ATW-C5400: c\u00e1psula microf\u00f3nica cardioide de condensador (equivalente a AE5400)<\/li>\n<\/ul>\n<p>&nbsp;<\/p>\n<p><strong><em>Sobre Audio-Technica<\/em><\/strong><\/p>\n<p>Celebrando m\u00e1s de 50 a\u00f1os de excelencia internacional en el mundo del audio, Audio-Technica es una innovadora empresa l\u00edder en la tecnolog\u00eda de transductores, famosa por el dise\u00f1o y fabricaci\u00f3n de micr\u00f3fonos, micr\u00f3fonos inal\u00e1mbricos, auriculares, mezcladores y equipos electr\u00f3nicos para la industria del sonido. La lista de usuarios de micr\u00f3fonos y auriculares de Audio-Technica incluye nombres tan importantes como Metallica, Gwen Stefani, Linkin Park, Rudimental, Faithless, Pendulum, Royal Blood, James Bay, Enter Shikari, You Me At Six y Deaf Havana<\/p>\n","protected":false},"excerpt":{"rendered":"<p>Audio-Technica (stand 15311, Nivel 1, ACC Norte) ha desvelado la pr\u00f3xima generaci\u00f3n de sus sistemas inal\u00e1mbricos True Diversity con selecci\u00f3n autom\u00e1tica de frecuencia de la Serie 3000. Proporcionando una f\u00e1cil configuraci\u00f3n, un manejo vers\u00e1til y un sonido en alta fidelidad s\u00f3lido y rico en detalles, la cuarta generaci\u00f3n de los sistemas inal\u00e1mbricos de la Serie [&hellip;]<\/p>\n","protected":false},"author":1,"featured_media":2213,"comment_status":"closed","ping_status":"closed","sticky":false,"template":"","format":"standard","meta":{"_acf_changed":false,"footnotes":""},"categories":[2456],"tags":[1572,1871],"class_list":["post-2214","post","type-post","status-publish","format-standard","has-post-thumbnail","hentry","category-novedades","tag-inalambrico","tag-serie-3000"],"acf":[],"yoast_head":"<!-- This site is optimized with the Yoast SEO plugin v27.1.1 - https:\/\/yoast.com\/product\/yoast-seo-wordpress\/ -->\n<title>Audio-Technica presenta la cuarta generaci\u00f3n de los sistemas inal\u00e1mbricos True Diversity con selecci\u00f3n autom\u00e1tica de frecuencia Serie 3000 - Audio-Technica Iberia<\/title>\n<meta name=\"robots\" content=\"index, follow, max-snippet:-1, max-image-preview:large, max-video-preview:-1\" \/>\n<link rel=\"canonical\" href=\"https:\/\/distribution.audio-technica.eu\/es-es\/noticias\/audio-technica-presenta-la-cuarta-generacion-de-sistemas-inalambricos-serie-3000\/\" \/>\n<meta property=\"og:locale\" content=\"es_ES\" \/>\n<meta property=\"og:type\" content=\"article\" \/>\n<meta property=\"og:title\" content=\"Audio-Technica presenta la cuarta generaci\u00f3n de los sistemas inal\u00e1mbricos True Diversity con selecci\u00f3n autom\u00e1tica de frecuencia Serie 3000 - Audio-Technica Iberia\" \/>\n<meta property=\"og:description\" content=\"Audio-Technica (stand 15311, Nivel 1, ACC Norte) ha desvelado la pr\u00f3xima generaci\u00f3n de sus sistemas inal\u00e1mbricos True Diversity con selecci\u00f3n autom\u00e1tica de frecuencia de la Serie 3000. Proporcionando una f\u00e1cil configuraci\u00f3n, un manejo vers\u00e1til y un sonido en alta fidelidad s\u00f3lido y rico en detalles, la cuarta generaci\u00f3n de los sistemas inal\u00e1mbricos de la Serie [&hellip;]\" \/>\n<meta property=\"og:url\" content=\"https:\/\/distribution.audio-technica.eu\/es-es\/noticias\/audio-technica-presenta-la-cuarta-generacion-de-sistemas-inalambricos-serie-3000\/\" \/>\n<meta property=\"og:site_name\" content=\"Audio-Technica Iberia\" \/>\n<meta property=\"article:published_time\" content=\"2018-01-25T09:00:54+00:00\" \/>\n<meta property=\"article:modified_time\" content=\"2023-10-17T16:33:08+00:00\" \/>\n<meta property=\"og:image\" content=\"https:\/\/distribution.audio-technica.eu\/app\/uploads\/sites\/2\/Serie-3000_banner.jpg\" \/>\n\t<meta property=\"og:image:width\" content=\"640\" \/>\n\t<meta property=\"og:image:height\" content=\"360\" \/>\n\t<meta property=\"og:image:type\" content=\"image\/jpeg\" \/>\n<meta name=\"author\" content=\"Audio-Technica\" \/>\n<meta name=\"twitter:card\" content=\"summary_large_image\" \/>\n<meta name=\"twitter:label1\" content=\"Escrito por\" \/>\n\t<meta name=\"twitter:data1\" content=\"Audio-Technica\" \/>\n\t<meta name=\"twitter:label2\" content=\"Tiempo de lectura\" \/>\n\t<meta name=\"twitter:data2\" content=\"5 minutos\" \/>\n<script type=\"application\/ld+json\" class=\"yoast-schema-graph\">{\"@context\":\"https:\/\/schema.org\",\"@graph\":[{\"@type\":\"Article\",\"@id\":\"https:\/\/distribution.audio-technica.eu\/es-es\/noticias\/audio-technica-presenta-la-cuarta-generacion-de-sistemas-inalambricos-serie-3000\/#article\",\"isPartOf\":{\"@id\":\"https:\/\/distribution.audio-technica.eu\/es-es\/noticias\/audio-technica-presenta-la-cuarta-generacion-de-sistemas-inalambricos-serie-3000\/\"},\"author\":{\"name\":\"Audio-Technica\",\"@id\":\"https:\/\/distribution.audio-technica.eu\/es-es\/#\/schema\/person\/e8e715e047e33cc425e816f59cbd9b80\"},\"headline\":\"Audio-Technica presenta la cuarta generaci\u00f3n de los sistemas inal\u00e1mbricos True Diversity con selecci\u00f3n autom\u00e1tica de frecuencia Serie 3000\",\"datePublished\":\"2018-01-25T09:00:54+00:00\",\"dateModified\":\"2023-10-17T16:33:08+00:00\",\"mainEntityOfPage\":{\"@id\":\"https:\/\/distribution.audio-technica.eu\/es-es\/noticias\/audio-technica-presenta-la-cuarta-generacion-de-sistemas-inalambricos-serie-3000\/\"},\"wordCount\":927,\"image\":{\"@id\":\"https:\/\/distribution.audio-technica.eu\/es-es\/noticias\/audio-technica-presenta-la-cuarta-generacion-de-sistemas-inalambricos-serie-3000\/#primaryimage\"},\"thumbnailUrl\":\"\/app\/uploads\/sites\/2\/Serie-3000_banner.jpg\",\"keywords\":[\"inal\u00e1mbrico\",\"serie 3000\"],\"articleSection\":[\"Novedades\"],\"inLanguage\":\"es\"},{\"@type\":\"WebPage\",\"@id\":\"https:\/\/distribution.audio-technica.eu\/es-es\/noticias\/audio-technica-presenta-la-cuarta-generacion-de-sistemas-inalambricos-serie-3000\/\",\"url\":\"https:\/\/distribution.audio-technica.eu\/es-es\/noticias\/audio-technica-presenta-la-cuarta-generacion-de-sistemas-inalambricos-serie-3000\/\",\"name\":\"Audio-Technica presenta la cuarta generaci\u00f3n de los sistemas inal\u00e1mbricos True Diversity con selecci\u00f3n autom\u00e1tica de frecuencia Serie 3000 - Audio-Technica Iberia\",\"isPartOf\":{\"@id\":\"https:\/\/distribution.audio-technica.eu\/es-es\/#website\"},\"primaryImageOfPage\":{\"@id\":\"https:\/\/distribution.audio-technica.eu\/es-es\/noticias\/audio-technica-presenta-la-cuarta-generacion-de-sistemas-inalambricos-serie-3000\/#primaryimage\"},\"image\":{\"@id\":\"https:\/\/distribution.audio-technica.eu\/es-es\/noticias\/audio-technica-presenta-la-cuarta-generacion-de-sistemas-inalambricos-serie-3000\/#primaryimage\"},\"thumbnailUrl\":\"\/app\/uploads\/sites\/2\/Serie-3000_banner.jpg\",\"datePublished\":\"2018-01-25T09:00:54+00:00\",\"dateModified\":\"2023-10-17T16:33:08+00:00\",\"author\":{\"@id\":\"https:\/\/distribution.audio-technica.eu\/es-es\/#\/schema\/person\/e8e715e047e33cc425e816f59cbd9b80\"},\"breadcrumb\":{\"@id\":\"https:\/\/distribution.audio-technica.eu\/es-es\/noticias\/audio-technica-presenta-la-cuarta-generacion-de-sistemas-inalambricos-serie-3000\/#breadcrumb\"},\"inLanguage\":\"es\",\"potentialAction\":[{\"@type\":\"ReadAction\",\"target\":[\"https:\/\/distribution.audio-technica.eu\/es-es\/noticias\/audio-technica-presenta-la-cuarta-generacion-de-sistemas-inalambricos-serie-3000\/\"]}]},{\"@type\":\"ImageObject\",\"inLanguage\":\"es\",\"@id\":\"https:\/\/distribution.audio-technica.eu\/es-es\/noticias\/audio-technica-presenta-la-cuarta-generacion-de-sistemas-inalambricos-serie-3000\/#primaryimage\",\"url\":\"\/app\/uploads\/sites\/2\/Serie-3000_banner.jpg\",\"contentUrl\":\"\/app\/uploads\/sites\/2\/Serie-3000_banner.jpg\",\"width\":640,\"height\":360,\"caption\":\"Audio-Technica presenta la cuarta generaci\u00f3n de los sistemas inal\u00e1mbricos True Diversity con selecci\u00f3n autom\u00e1tica de frecuencia Serie 3000\"},{\"@type\":\"BreadcrumbList\",\"@id\":\"https:\/\/distribution.audio-technica.eu\/es-es\/noticias\/audio-technica-presenta-la-cuarta-generacion-de-sistemas-inalambricos-serie-3000\/#breadcrumb\",\"itemListElement\":[{\"@type\":\"ListItem\",\"position\":1,\"name\":\"Products\",\"item\":\"https:\/\/distribution.audio-technica.eu\/es-es\/\"},{\"@type\":\"ListItem\",\"position\":2,\"name\":\"Audio-Technica presenta la cuarta generaci\u00f3n de los sistemas inal\u00e1mbricos True Diversity con selecci\u00f3n autom\u00e1tica de frecuencia Serie 3000\"}]},{\"@type\":\"WebSite\",\"@id\":\"https:\/\/distribution.audio-technica.eu\/es-es\/#website\",\"url\":\"https:\/\/distribution.audio-technica.eu\/es-es\/\",\"name\":\"Audio-Technica Iberia\",\"description\":\"Distribuci\u00f3n\",\"potentialAction\":[{\"@type\":\"SearchAction\",\"target\":{\"@type\":\"EntryPoint\",\"urlTemplate\":\"https:\/\/distribution.audio-technica.eu\/es-es\/?s={search_term_string}\"},\"query-input\":{\"@type\":\"PropertyValueSpecification\",\"valueRequired\":true,\"valueName\":\"search_term_string\"}}],\"inLanguage\":\"es\"},{\"@type\":\"Person\",\"@id\":\"https:\/\/distribution.audio-technica.eu\/es-es\/#\/schema\/person\/e8e715e047e33cc425e816f59cbd9b80\",\"name\":\"Audio-Technica\"}]}<\/script>\n<!-- \/ Yoast SEO plugin. -->","yoast_head_json":{"title":"Audio-Technica presenta la cuarta generaci\u00f3n de los sistemas inal\u00e1mbricos True Diversity con selecci\u00f3n autom\u00e1tica de frecuencia Serie 3000 - Audio-Technica Iberia","robots":{"index":"index","follow":"follow","max-snippet":"max-snippet:-1","max-image-preview":"max-image-preview:large","max-video-preview":"max-video-preview:-1"},"canonical":"https:\/\/distribution.audio-technica.eu\/es-es\/noticias\/audio-technica-presenta-la-cuarta-generacion-de-sistemas-inalambricos-serie-3000\/","og_locale":"es_ES","og_type":"article","og_title":"Audio-Technica presenta la cuarta generaci\u00f3n de los sistemas inal\u00e1mbricos True Diversity con selecci\u00f3n autom\u00e1tica de frecuencia Serie 3000 - Audio-Technica Iberia","og_description":"Audio-Technica (stand 15311, Nivel 1, ACC Norte) ha desvelado la pr\u00f3xima generaci\u00f3n de sus sistemas inal\u00e1mbricos True Diversity con selecci\u00f3n autom\u00e1tica de frecuencia de la Serie 3000. Proporcionando una f\u00e1cil configuraci\u00f3n, un manejo vers\u00e1til y un sonido en alta fidelidad s\u00f3lido y rico en detalles, la cuarta generaci\u00f3n de los sistemas inal\u00e1mbricos de la Serie [&hellip;]","og_url":"https:\/\/distribution.audio-technica.eu\/es-es\/noticias\/audio-technica-presenta-la-cuarta-generacion-de-sistemas-inalambricos-serie-3000\/","og_site_name":"Audio-Technica Iberia","article_published_time":"2018-01-25T09:00:54+00:00","article_modified_time":"2023-10-17T16:33:08+00:00","og_image":[{"width":640,"height":360,"url":"https:\/\/distribution.audio-technica.eu\/app\/uploads\/sites\/2\/Serie-3000_banner.jpg","type":"image\/jpeg"}],"author":"Audio-Technica","twitter_card":"summary_large_image","twitter_misc":{"Escrito por":"Audio-Technica","Tiempo de lectura":"5 minutos"},"schema":{"@context":"https:\/\/schema.org","@graph":[{"@type":"Article","@id":"https:\/\/distribution.audio-technica.eu\/es-es\/noticias\/audio-technica-presenta-la-cuarta-generacion-de-sistemas-inalambricos-serie-3000\/#article","isPartOf":{"@id":"https:\/\/distribution.audio-technica.eu\/es-es\/noticias\/audio-technica-presenta-la-cuarta-generacion-de-sistemas-inalambricos-serie-3000\/"},"author":{"name":"Audio-Technica","@id":"https:\/\/distribution.audio-technica.eu\/es-es\/#\/schema\/person\/e8e715e047e33cc425e816f59cbd9b80"},"headline":"Audio-Technica presenta la cuarta generaci\u00f3n de los sistemas inal\u00e1mbricos True Diversity con selecci\u00f3n autom\u00e1tica de frecuencia Serie 3000","datePublished":"2018-01-25T09:00:54+00:00","dateModified":"2023-10-17T16:33:08+00:00","mainEntityOfPage":{"@id":"https:\/\/distribution.audio-technica.eu\/es-es\/noticias\/audio-technica-presenta-la-cuarta-generacion-de-sistemas-inalambricos-serie-3000\/"},"wordCount":927,"image":{"@id":"https:\/\/distribution.audio-technica.eu\/es-es\/noticias\/audio-technica-presenta-la-cuarta-generacion-de-sistemas-inalambricos-serie-3000\/#primaryimage"},"thumbnailUrl":"\/app\/uploads\/sites\/2\/Serie-3000_banner.jpg","keywords":["inal\u00e1mbrico","serie 3000"],"articleSection":["Novedades"],"inLanguage":"es"},{"@type":"WebPage","@id":"https:\/\/distribution.audio-technica.eu\/es-es\/noticias\/audio-technica-presenta-la-cuarta-generacion-de-sistemas-inalambricos-serie-3000\/","url":"https:\/\/distribution.audio-technica.eu\/es-es\/noticias\/audio-technica-presenta-la-cuarta-generacion-de-sistemas-inalambricos-serie-3000\/","name":"Audio-Technica presenta la cuarta generaci\u00f3n de los sistemas inal\u00e1mbricos True Diversity con selecci\u00f3n autom\u00e1tica de frecuencia Serie 3000 - Audio-Technica Iberia","isPartOf":{"@id":"https:\/\/distribution.audio-technica.eu\/es-es\/#website"},"primaryImageOfPage":{"@id":"https:\/\/distribution.audio-technica.eu\/es-es\/noticias\/audio-technica-presenta-la-cuarta-generacion-de-sistemas-inalambricos-serie-3000\/#primaryimage"},"image":{"@id":"https:\/\/distribution.audio-technica.eu\/es-es\/noticias\/audio-technica-presenta-la-cuarta-generacion-de-sistemas-inalambricos-serie-3000\/#primaryimage"},"thumbnailUrl":"\/app\/uploads\/sites\/2\/Serie-3000_banner.jpg","datePublished":"2018-01-25T09:00:54+00:00","dateModified":"2023-10-17T16:33:08+00:00","author":{"@id":"https:\/\/distribution.audio-technica.eu\/es-es\/#\/schema\/person\/e8e715e047e33cc425e816f59cbd9b80"},"breadcrumb":{"@id":"https:\/\/distribution.audio-technica.eu\/es-es\/noticias\/audio-technica-presenta-la-cuarta-generacion-de-sistemas-inalambricos-serie-3000\/#breadcrumb"},"inLanguage":"es","potentialAction":[{"@type":"ReadAction","target":["https:\/\/distribution.audio-technica.eu\/es-es\/noticias\/audio-technica-presenta-la-cuarta-generacion-de-sistemas-inalambricos-serie-3000\/"]}]},{"@type":"ImageObject","inLanguage":"es","@id":"https:\/\/distribution.audio-technica.eu\/es-es\/noticias\/audio-technica-presenta-la-cuarta-generacion-de-sistemas-inalambricos-serie-3000\/#primaryimage","url":"\/app\/uploads\/sites\/2\/Serie-3000_banner.jpg","contentUrl":"\/app\/uploads\/sites\/2\/Serie-3000_banner.jpg","width":640,"height":360,"caption":"Audio-Technica presenta la cuarta generaci\u00f3n de los sistemas inal\u00e1mbricos True Diversity con selecci\u00f3n autom\u00e1tica de frecuencia Serie 3000"},{"@type":"BreadcrumbList","@id":"https:\/\/distribution.audio-technica.eu\/es-es\/noticias\/audio-technica-presenta-la-cuarta-generacion-de-sistemas-inalambricos-serie-3000\/#breadcrumb","itemListElement":[{"@type":"ListItem","position":1,"name":"Products","item":"https:\/\/distribution.audio-technica.eu\/es-es\/"},{"@type":"ListItem","position":2,"name":"Audio-Technica presenta la cuarta generaci\u00f3n de los sistemas inal\u00e1mbricos True Diversity con selecci\u00f3n autom\u00e1tica de frecuencia Serie 3000"}]},{"@type":"WebSite","@id":"https:\/\/distribution.audio-technica.eu\/es-es\/#website","url":"https:\/\/distribution.audio-technica.eu\/es-es\/","name":"Audio-Technica Iberia","description":"Distribuci\u00f3n","potentialAction":[{"@type":"SearchAction","target":{"@type":"EntryPoint","urlTemplate":"https:\/\/distribution.audio-technica.eu\/es-es\/?s={search_term_string}"},"query-input":{"@type":"PropertyValueSpecification","valueRequired":true,"valueName":"search_term_string"}}],"inLanguage":"es"},{"@type":"Person","@id":"https:\/\/distribution.audio-technica.eu\/es-es\/#\/schema\/person\/e8e715e047e33cc425e816f59cbd9b80","name":"Audio-Technica"}]}},"_links":{"self":[{"href":"https:\/\/distribution.audio-technica.eu\/es-es\/wp-json\/wp\/v2\/posts\/2214","targetHints":{"allow":["GET"]}}],"collection":[{"href":"https:\/\/distribution.audio-technica.eu\/es-es\/wp-json\/wp\/v2\/posts"}],"about":[{"href":"https:\/\/distribution.audio-technica.eu\/es-es\/wp-json\/wp\/v2\/types\/post"}],"author":[{"embeddable":true,"href":"https:\/\/distribution.audio-technica.eu\/es-es\/wp-json\/wp\/v2\/users\/1"}],"replies":[{"embeddable":true,"href":"https:\/\/distribution.audio-technica.eu\/es-es\/wp-json\/wp\/v2\/comments?post=2214"}],"version-history":[{"count":1,"href":"https:\/\/distribution.audio-technica.eu\/es-es\/wp-json\/wp\/v2\/posts\/2214\/revisions"}],"predecessor-version":[{"id":30282,"href":"https:\/\/distribution.audio-technica.eu\/es-es\/wp-json\/wp\/v2\/posts\/2214\/revisions\/30282"}],"wp:featuredmedia":[{"embeddable":true,"href":"https:\/\/distribution.audio-technica.eu\/es-es\/wp-json\/wp\/v2\/media\/2213"}],"wp:attachment":[{"href":"https:\/\/distribution.audio-technica.eu\/es-es\/wp-json\/wp\/v2\/media?parent=2214"}],"wp:term":[{"taxonomy":"category","embeddable":true,"href":"https:\/\/distribution.audio-technica.eu\/es-es\/wp-json\/wp\/v2\/categories?post=2214"},{"taxonomy":"post_tag","embeddable":true,"href":"https:\/\/distribution.audio-technica.eu\/es-es\/wp-json\/wp\/v2\/tags?post=2214"}],"curies":[{"name":"wp","href":"https:\/\/api.w.org\/{rel}","templated":true}]}}