{"id":22448,"date":"2020-10-14T14:18:24","date_gmt":"2020-10-14T12:18:24","guid":{"rendered":"https:\/\/atdb-production.studiograft.dev\/es\/?p=22448"},"modified":"2023-09-13T18:33:56","modified_gmt":"2023-09-13T16:33:56","slug":"bastion-panoramico-en-el-lago-de-garda-realizada-con-blackline-x8","status":"publish","type":"post","link":"https:\/\/distribution.audio-technica.eu\/es-es\/noticias\/bastion-panoramico-en-el-lago-de-garda-realizada-con-blackline-x8\/","title":{"rendered":"Basti\u00f3n panor\u00e1mico en el lago de Garda realizada con Blackline X8"},"content":{"rendered":"<p><a href=\"https:\/\/distribution.audio-technica.eu\/es\/wp-content\/uploads\/sites\/2\/panoramic-bastione-at-lake-garda-brought-to-life-with-blackline-x1602665639-2.jpg\"><img loading=\"lazy\" decoding=\"async\" class=\"aligncenter size-fusion-800 wp-image-22454\" src=\"\/es\/wp-content\/uploads\/sites\/2\/panoramic-bastione-at-lake-garda-brought-to-life-with-blackline-x1602665639-2-800x533.jpg\" alt=\"\" width=\"800\" height=\"533\" srcset=\"https:\/\/distribution.audio-technica.eu\/app\/uploads\/sites\/2\/panoramic-bastione-at-lake-garda-brought-to-life-with-blackline-x1602665639-2-800x533.jpg 800w, https:\/\/distribution.audio-technica.eu\/app\/uploads\/sites\/2\/panoramic-bastione-at-lake-garda-brought-to-life-with-blackline-x1602665639-2-300x200.jpg 300w, https:\/\/distribution.audio-technica.eu\/app\/uploads\/sites\/2\/panoramic-bastione-at-lake-garda-brought-to-life-with-blackline-x1602665639-2-1024x683.jpg 1024w, https:\/\/distribution.audio-technica.eu\/app\/uploads\/sites\/2\/panoramic-bastione-at-lake-garda-brought-to-life-with-blackline-x1602665639-2-150x100.jpg 150w, https:\/\/distribution.audio-technica.eu\/app\/uploads\/sites\/2\/panoramic-bastione-at-lake-garda-brought-to-life-with-blackline-x1602665639-2-768x512.jpg 768w, https:\/\/distribution.audio-technica.eu\/app\/uploads\/sites\/2\/panoramic-bastione-at-lake-garda-brought-to-life-with-blackline-x1602665639-2-200x133.jpg 200w, https:\/\/distribution.audio-technica.eu\/app\/uploads\/sites\/2\/panoramic-bastione-at-lake-garda-brought-to-life-with-blackline-x1602665639-2-400x267.jpg 400w, https:\/\/distribution.audio-technica.eu\/app\/uploads\/sites\/2\/panoramic-bastione-at-lake-garda-brought-to-life-with-blackline-x1602665639-2-600x400.jpg 600w, https:\/\/distribution.audio-technica.eu\/app\/uploads\/sites\/2\/panoramic-bastione-at-lake-garda-brought-to-life-with-blackline-x1602665639-2-1200x800.jpg 1200w, https:\/\/distribution.audio-technica.eu\/app\/uploads\/sites\/2\/panoramic-bastione-at-lake-garda-brought-to-life-with-blackline-x1602665639-2.jpg 1500w\" sizes=\"auto, (max-width: 800px) 100vw, 800px\" \/><\/a><\/p>\n<p>Situado a los pies del monte Rocchetta, cerca del lago de Garda en Italia, el Bastione es una fortaleza construida a principios del siglo XVI. Es uno de los s\u00edmbolos de Riva del Garda y domina tanto la ciudad como el lago.<\/p>\n<p>Recientemente se complet\u00f3 un proyecto dirigido por el ayuntamiento de Riva del Garda, con el objetivo de hacer que el basti\u00f3n sea a\u00fan m\u00e1s atractivo y accesible para todos. Un nuevo ascensor panor\u00e1mico de cristal que parte del centro de Riva del Garda recorre 200 metros hasta el pie del basti\u00f3n, donde un nuevo restaurante ha abierto sus puertas. La impresionante vista panor\u00e1mica que se puede disfrutar desde el ascensor es a\u00fan m\u00e1s extraordinaria desde la terraza del propio Bastione Lounge &amp; Restaurant; el elegante lugar est\u00e1 abierto de la ma\u00f1ana a la noche para el almuerzo, la cena, happy hours y el entretenimiento musical, en un entorno \u00fanico.<\/p>\n<p>Para crear el ambiente perfecto para esta ubicaci\u00f3n excepcional, el gerente Alfonso D&#8217;Ambrosio solicit\u00f3 un sistema de iluminaci\u00f3n y sonido de alta calidad. Los integradores de sistemas Iiriti Srl dise\u00f1aron esto alrededor de seis altavoces Martin Audio Blackline X8 y un par de subwoofers Blackline X115, que ofrecen un audio potente y de alta definici\u00f3n en toda la sala principal y en la terraza.<\/p>\n<p>Giacomo Galassi, responsable de la instalaci\u00f3n, declar\u00f3 que con Blackline tienen una opci\u00f3n de instalaci\u00f3n muy exitosa y popular (junto con Adorn A55 de Martin Audio). \u201c<em>Ofrecemos al cliente tres l\u00edneas de productos y Martin Audio siempre se recomienda como el mejor de la gama<\/em>\u201d, dice.<\/p>\n<p>\u201c<em>Tenemos modelos Blackline en una sala de demostraci\u00f3n donde invitamos a los clientes a escuchar la comparaci\u00f3n por s\u00ed mismos. El X8 es actualmente el altavoz que mejor cubre las necesidades de un recinto como este, tanto a volumen alto como bajo, e incluso sin sub. Tambi\u00e9n es discreto, lo que realmente se adapta a la decoraci\u00f3n y el mobiliario interior<\/em>\u00ab.<\/p>\n<p>Adem\u00e1s, dice, la marca tambi\u00e9n es elegida por su reputaci\u00f3n. \u201c<em>Varios clubes [donde est\u00e1 instalado] han tenido invitados importantes y sabemos que les estamos dando una opci\u00f3n segura con Blackline. Si bien en todos los lugares es la m\u00fasica de fondo lo m\u00e1s importante, siempre que hay un concierto o un evento que necesita un refuerzo, sabemos que podemos confiar en Martin Audio<\/em>\u00ab.<\/p>\n<p>En el Bastione, Galassi fue apoyado durante toda la programaci\u00f3n del sistema por el especialista en productos de Audiosales, Senio Corbini. El equipo especificado se ha integrado a la red existente, asegurando la conectividad para bandas, DJs o micros (para reuniones de empresa) a trav\u00e9s de cualquiera de los varios puertos RJ45 en la sala y en la terraza, sin necesidad de a\u00f1adir m\u00e1s cables. Los amplificadores y el procesamiento tambi\u00e9n est\u00e1n conectados entre s\u00ed a trav\u00e9s de la red Dante.<\/p>\n<p>Todo el sistema est\u00e1 controlado por una aplicaci\u00f3n t\u00e1ctil instalada en el iPad del lugar.<\/p>\n<div id='gallery-1' class='gallery galleryid-22448 gallery-columns-3 gallery-size-medium'><figure class='gallery-item'>\n\t\t\t<div class='gallery-icon landscape'>\n\t\t\t\t<img loading=\"lazy\" decoding=\"async\" width=\"300\" height=\"200\" src=\"\/app\/uploads\/sites\/2\/panoramic-bastione-at-lake-garda-brought-to-life-with-blackline-x1602665643-4-300x200.jpg\" class=\"attachment-medium size-medium\" alt=\"\" srcset=\"https:\/\/distribution.audio-technica.eu\/app\/uploads\/sites\/2\/panoramic-bastione-at-lake-garda-brought-to-life-with-blackline-x1602665643-4-300x200.jpg 300w, https:\/\/distribution.audio-technica.eu\/app\/uploads\/sites\/2\/panoramic-bastione-at-lake-garda-brought-to-life-with-blackline-x1602665643-4-1024x683.jpg 1024w, https:\/\/distribution.audio-technica.eu\/app\/uploads\/sites\/2\/panoramic-bastione-at-lake-garda-brought-to-life-with-blackline-x1602665643-4-150x100.jpg 150w, https:\/\/distribution.audio-technica.eu\/app\/uploads\/sites\/2\/panoramic-bastione-at-lake-garda-brought-to-life-with-blackline-x1602665643-4-768x512.jpg 768w, https:\/\/distribution.audio-technica.eu\/app\/uploads\/sites\/2\/panoramic-bastione-at-lake-garda-brought-to-life-with-blackline-x1602665643-4-200x133.jpg 200w, https:\/\/distribution.audio-technica.eu\/app\/uploads\/sites\/2\/panoramic-bastione-at-lake-garda-brought-to-life-with-blackline-x1602665643-4-400x267.jpg 400w, https:\/\/distribution.audio-technica.eu\/app\/uploads\/sites\/2\/panoramic-bastione-at-lake-garda-brought-to-life-with-blackline-x1602665643-4-600x400.jpg 600w, https:\/\/distribution.audio-technica.eu\/app\/uploads\/sites\/2\/panoramic-bastione-at-lake-garda-brought-to-life-with-blackline-x1602665643-4-800x533.jpg 800w, https:\/\/distribution.audio-technica.eu\/app\/uploads\/sites\/2\/panoramic-bastione-at-lake-garda-brought-to-life-with-blackline-x1602665643-4-1200x800.jpg 1200w, https:\/\/distribution.audio-technica.eu\/app\/uploads\/sites\/2\/panoramic-bastione-at-lake-garda-brought-to-life-with-blackline-x1602665643-4.jpg 1500w\" sizes=\"auto, (max-width: 300px) 100vw, 300px\" \/>\n\t\t\t<\/div><\/figure><figure class='gallery-item'>\n\t\t\t<div class='gallery-icon landscape'>\n\t\t\t\t<img loading=\"lazy\" decoding=\"async\" width=\"300\" height=\"200\" src=\"\/app\/uploads\/sites\/2\/panoramic-bastione-at-lake-garda-brought-to-life-with-blackline-x1602665641-3-300x200.jpg\" class=\"attachment-medium size-medium\" alt=\"\" srcset=\"https:\/\/distribution.audio-technica.eu\/app\/uploads\/sites\/2\/panoramic-bastione-at-lake-garda-brought-to-life-with-blackline-x1602665641-3-300x200.jpg 300w, https:\/\/distribution.audio-technica.eu\/app\/uploads\/sites\/2\/panoramic-bastione-at-lake-garda-brought-to-life-with-blackline-x1602665641-3-1024x683.jpg 1024w, https:\/\/distribution.audio-technica.eu\/app\/uploads\/sites\/2\/panoramic-bastione-at-lake-garda-brought-to-life-with-blackline-x1602665641-3-150x100.jpg 150w, https:\/\/distribution.audio-technica.eu\/app\/uploads\/sites\/2\/panoramic-bastione-at-lake-garda-brought-to-life-with-blackline-x1602665641-3-768x512.jpg 768w, https:\/\/distribution.audio-technica.eu\/app\/uploads\/sites\/2\/panoramic-bastione-at-lake-garda-brought-to-life-with-blackline-x1602665641-3-200x133.jpg 200w, https:\/\/distribution.audio-technica.eu\/app\/uploads\/sites\/2\/panoramic-bastione-at-lake-garda-brought-to-life-with-blackline-x1602665641-3-400x267.jpg 400w, https:\/\/distribution.audio-technica.eu\/app\/uploads\/sites\/2\/panoramic-bastione-at-lake-garda-brought-to-life-with-blackline-x1602665641-3-600x400.jpg 600w, https:\/\/distribution.audio-technica.eu\/app\/uploads\/sites\/2\/panoramic-bastione-at-lake-garda-brought-to-life-with-blackline-x1602665641-3-800x533.jpg 800w, https:\/\/distribution.audio-technica.eu\/app\/uploads\/sites\/2\/panoramic-bastione-at-lake-garda-brought-to-life-with-blackline-x1602665641-3-1200x800.jpg 1200w, https:\/\/distribution.audio-technica.eu\/app\/uploads\/sites\/2\/panoramic-bastione-at-lake-garda-brought-to-life-with-blackline-x1602665641-3.jpg 1500w\" sizes=\"auto, (max-width: 300px) 100vw, 300px\" \/>\n\t\t\t<\/div><\/figure><figure class='gallery-item'>\n\t\t\t<div class='gallery-icon landscape'>\n\t\t\t\t<img loading=\"lazy\" decoding=\"async\" width=\"300\" height=\"200\" src=\"\/app\/uploads\/sites\/2\/panoramic-bastione-at-lake-garda-brought-to-life-with-blackline-x1602665636-1-300x200.jpg\" class=\"attachment-medium size-medium\" alt=\"\" srcset=\"https:\/\/distribution.audio-technica.eu\/app\/uploads\/sites\/2\/panoramic-bastione-at-lake-garda-brought-to-life-with-blackline-x1602665636-1-300x200.jpg 300w, https:\/\/distribution.audio-technica.eu\/app\/uploads\/sites\/2\/panoramic-bastione-at-lake-garda-brought-to-life-with-blackline-x1602665636-1-1024x683.jpg 1024w, https:\/\/distribution.audio-technica.eu\/app\/uploads\/sites\/2\/panoramic-bastione-at-lake-garda-brought-to-life-with-blackline-x1602665636-1-150x100.jpg 150w, https:\/\/distribution.audio-technica.eu\/app\/uploads\/sites\/2\/panoramic-bastione-at-lake-garda-brought-to-life-with-blackline-x1602665636-1-768x512.jpg 768w, https:\/\/distribution.audio-technica.eu\/app\/uploads\/sites\/2\/panoramic-bastione-at-lake-garda-brought-to-life-with-blackline-x1602665636-1-200x133.jpg 200w, https:\/\/distribution.audio-technica.eu\/app\/uploads\/sites\/2\/panoramic-bastione-at-lake-garda-brought-to-life-with-blackline-x1602665636-1-400x267.jpg 400w, https:\/\/distribution.audio-technica.eu\/app\/uploads\/sites\/2\/panoramic-bastione-at-lake-garda-brought-to-life-with-blackline-x1602665636-1-600x400.jpg 600w, https:\/\/distribution.audio-technica.eu\/app\/uploads\/sites\/2\/panoramic-bastione-at-lake-garda-brought-to-life-with-blackline-x1602665636-1-800x533.jpg 800w, https:\/\/distribution.audio-technica.eu\/app\/uploads\/sites\/2\/panoramic-bastione-at-lake-garda-brought-to-life-with-blackline-x1602665636-1-1200x800.jpg 1200w, https:\/\/distribution.audio-technica.eu\/app\/uploads\/sites\/2\/panoramic-bastione-at-lake-garda-brought-to-life-with-blackline-x1602665636-1.jpg 1500w\" sizes=\"auto, (max-width: 300px) 100vw, 300px\" \/>\n\t\t\t<\/div><\/figure><figure class='gallery-item'>\n\t\t\t<div class='gallery-icon landscape'>\n\t\t\t\t<img loading=\"lazy\" decoding=\"async\" width=\"300\" height=\"200\" src=\"\/app\/uploads\/sites\/2\/panoramic-bastione-at-lake-garda-brought-to-life-with-blackline-x-1-300x200.jpg\" class=\"attachment-medium size-medium\" alt=\"\" srcset=\"https:\/\/distribution.audio-technica.eu\/app\/uploads\/sites\/2\/panoramic-bastione-at-lake-garda-brought-to-life-with-blackline-x-1-300x200.jpg 300w, https:\/\/distribution.audio-technica.eu\/app\/uploads\/sites\/2\/panoramic-bastione-at-lake-garda-brought-to-life-with-blackline-x-1-1024x683.jpg 1024w, https:\/\/distribution.audio-technica.eu\/app\/uploads\/sites\/2\/panoramic-bastione-at-lake-garda-brought-to-life-with-blackline-x-1-150x100.jpg 150w, https:\/\/distribution.audio-technica.eu\/app\/uploads\/sites\/2\/panoramic-bastione-at-lake-garda-brought-to-life-with-blackline-x-1-768x512.jpg 768w, https:\/\/distribution.audio-technica.eu\/app\/uploads\/sites\/2\/panoramic-bastione-at-lake-garda-brought-to-life-with-blackline-x-1-200x133.jpg 200w, https:\/\/distribution.audio-technica.eu\/app\/uploads\/sites\/2\/panoramic-bastione-at-lake-garda-brought-to-life-with-blackline-x-1-400x267.jpg 400w, https:\/\/distribution.audio-technica.eu\/app\/uploads\/sites\/2\/panoramic-bastione-at-lake-garda-brought-to-life-with-blackline-x-1-600x400.jpg 600w, https:\/\/distribution.audio-technica.eu\/app\/uploads\/sites\/2\/panoramic-bastione-at-lake-garda-brought-to-life-with-blackline-x-1-800x533.jpg 800w, https:\/\/distribution.audio-technica.eu\/app\/uploads\/sites\/2\/panoramic-bastione-at-lake-garda-brought-to-life-with-blackline-x-1-1200x800.jpg 1200w, https:\/\/distribution.audio-technica.eu\/app\/uploads\/sites\/2\/panoramic-bastione-at-lake-garda-brought-to-life-with-blackline-x-1.jpg 1500w\" sizes=\"auto, (max-width: 300px) 100vw, 300px\" \/>\n\t\t\t<\/div><\/figure><figure class='gallery-item'>\n\t\t\t<div class='gallery-icon landscape'>\n\t\t\t\t<img loading=\"lazy\" decoding=\"async\" width=\"300\" height=\"200\" src=\"\/app\/uploads\/sites\/2\/panoramic-bastione-at-lake-garda-brought-to-life-with-blackline-x1602665647-6-300x200.jpg\" class=\"attachment-medium size-medium\" alt=\"\" srcset=\"https:\/\/distribution.audio-technica.eu\/app\/uploads\/sites\/2\/panoramic-bastione-at-lake-garda-brought-to-life-with-blackline-x1602665647-6-300x200.jpg 300w, https:\/\/distribution.audio-technica.eu\/app\/uploads\/sites\/2\/panoramic-bastione-at-lake-garda-brought-to-life-with-blackline-x1602665647-6-1024x682.jpg 1024w, https:\/\/distribution.audio-technica.eu\/app\/uploads\/sites\/2\/panoramic-bastione-at-lake-garda-brought-to-life-with-blackline-x1602665647-6-150x100.jpg 150w, https:\/\/distribution.audio-technica.eu\/app\/uploads\/sites\/2\/panoramic-bastione-at-lake-garda-brought-to-life-with-blackline-x1602665647-6-768x511.jpg 768w, https:\/\/distribution.audio-technica.eu\/app\/uploads\/sites\/2\/panoramic-bastione-at-lake-garda-brought-to-life-with-blackline-x1602665647-6-200x133.jpg 200w, https:\/\/distribution.audio-technica.eu\/app\/uploads\/sites\/2\/panoramic-bastione-at-lake-garda-brought-to-life-with-blackline-x1602665647-6-400x266.jpg 400w, https:\/\/distribution.audio-technica.eu\/app\/uploads\/sites\/2\/panoramic-bastione-at-lake-garda-brought-to-life-with-blackline-x1602665647-6-600x400.jpg 600w, https:\/\/distribution.audio-technica.eu\/app\/uploads\/sites\/2\/panoramic-bastione-at-lake-garda-brought-to-life-with-blackline-x1602665647-6-800x533.jpg 800w, https:\/\/distribution.audio-technica.eu\/app\/uploads\/sites\/2\/panoramic-bastione-at-lake-garda-brought-to-life-with-blackline-x1602665647-6-1200x799.jpg 1200w, https:\/\/distribution.audio-technica.eu\/app\/uploads\/sites\/2\/panoramic-bastione-at-lake-garda-brought-to-life-with-blackline-x1602665647-6.jpg 1500w\" sizes=\"auto, (max-width: 300px) 100vw, 300px\" \/>\n\t\t\t<\/div><\/figure><figure class='gallery-item'>\n\t\t\t<div class='gallery-icon landscape'>\n\t\t\t\t<img loading=\"lazy\" decoding=\"async\" width=\"300\" height=\"200\" src=\"\/app\/uploads\/sites\/2\/panoramic-bastione-at-lake-garda-brought-to-life-with-blackline-x1602665645-5-300x200.jpg\" class=\"attachment-medium size-medium\" alt=\"\" srcset=\"https:\/\/distribution.audio-technica.eu\/app\/uploads\/sites\/2\/panoramic-bastione-at-lake-garda-brought-to-life-with-blackline-x1602665645-5-300x200.jpg 300w, https:\/\/distribution.audio-technica.eu\/app\/uploads\/sites\/2\/panoramic-bastione-at-lake-garda-brought-to-life-with-blackline-x1602665645-5-1024x682.jpg 1024w, https:\/\/distribution.audio-technica.eu\/app\/uploads\/sites\/2\/panoramic-bastione-at-lake-garda-brought-to-life-with-blackline-x1602665645-5-150x100.jpg 150w, https:\/\/distribution.audio-technica.eu\/app\/uploads\/sites\/2\/panoramic-bastione-at-lake-garda-brought-to-life-with-blackline-x1602665645-5-768x511.jpg 768w, https:\/\/distribution.audio-technica.eu\/app\/uploads\/sites\/2\/panoramic-bastione-at-lake-garda-brought-to-life-with-blackline-x1602665645-5-200x133.jpg 200w, https:\/\/distribution.audio-technica.eu\/app\/uploads\/sites\/2\/panoramic-bastione-at-lake-garda-brought-to-life-with-blackline-x1602665645-5-400x266.jpg 400w, https:\/\/distribution.audio-technica.eu\/app\/uploads\/sites\/2\/panoramic-bastione-at-lake-garda-brought-to-life-with-blackline-x1602665645-5-600x400.jpg 600w, https:\/\/distribution.audio-technica.eu\/app\/uploads\/sites\/2\/panoramic-bastione-at-lake-garda-brought-to-life-with-blackline-x1602665645-5-800x533.jpg 800w, https:\/\/distribution.audio-technica.eu\/app\/uploads\/sites\/2\/panoramic-bastione-at-lake-garda-brought-to-life-with-blackline-x1602665645-5-1200x799.jpg 1200w, https:\/\/distribution.audio-technica.eu\/app\/uploads\/sites\/2\/panoramic-bastione-at-lake-garda-brought-to-life-with-blackline-x1602665645-5.jpg 1500w\" sizes=\"auto, (max-width: 300px) 100vw, 300px\" \/>\n\t\t\t<\/div><\/figure>\n\t\t<\/div>\n\n<p><a href=\"https:\/\/distribution.audio-technica.eu\/es\/product-category\/martin-audio\/por-series-martin-audio\/serie-blackline-x\/\" target=\"_blank\" rel=\"noopener noreferrer\">M\u00e1s informaci\u00f3n sobre la Serie BlacklineX de Martin Audio<\/a><\/p>\n","protected":false},"excerpt":{"rendered":"<p>Situado a los pies del monte Rocchetta, cerca del lago de Garda en Italia, el Bastione es una fortaleza construida a principios del siglo XVI. Es uno de los s\u00edmbolos de Riva del Garda y domina tanto la ciudad como el lago. Recientemente se complet\u00f3 un proyecto dirigido por el ayuntamiento de Riva del Garda, [&hellip;]<\/p>\n","protected":false},"author":2,"featured_media":22451,"comment_status":"closed","ping_status":"closed","sticky":false,"template":"","format":"standard","meta":{"_acf_changed":false,"footnotes":""},"categories":[2460],"tags":[2070,2250],"class_list":["post-22448","post","type-post","status-publish","format-standard","has-post-thumbnail","hentry","category-instalaciones","tag-blacklinex","tag-terraza"],"acf":[],"yoast_head":"<!-- This site is optimized with the Yoast SEO plugin v27.1.1 - https:\/\/yoast.com\/product\/yoast-seo-wordpress\/ -->\n<title>Basti\u00f3n panor\u00e1mico en el lago de Garda realizada con Blackline X8 - Audio-Technica Iberia<\/title>\n<meta name=\"robots\" content=\"index, follow, max-snippet:-1, max-image-preview:large, max-video-preview:-1\" \/>\n<link rel=\"canonical\" href=\"https:\/\/distribution.audio-technica.eu\/es-es\/noticias\/bastion-panoramico-en-el-lago-de-garda-realizada-con-blackline-x8\/\" \/>\n<meta property=\"og:locale\" content=\"es_ES\" \/>\n<meta property=\"og:type\" content=\"article\" \/>\n<meta property=\"og:title\" content=\"Basti\u00f3n panor\u00e1mico en el lago de Garda realizada con Blackline X8 - Audio-Technica Iberia\" \/>\n<meta property=\"og:description\" content=\"Situado a los pies del monte Rocchetta, cerca del lago de Garda en Italia, el Bastione es una fortaleza construida a principios del siglo XVI. Es uno de los s\u00edmbolos de Riva del Garda y domina tanto la ciudad como el lago. Recientemente se complet\u00f3 un proyecto dirigido por el ayuntamiento de Riva del Garda, [&hellip;]\" \/>\n<meta property=\"og:url\" content=\"https:\/\/distribution.audio-technica.eu\/es-es\/noticias\/bastion-panoramico-en-el-lago-de-garda-realizada-con-blackline-x8\/\" \/>\n<meta property=\"og:site_name\" content=\"Audio-Technica Iberia\" \/>\n<meta property=\"article:published_time\" content=\"2020-10-14T12:18:24+00:00\" \/>\n<meta property=\"article:modified_time\" content=\"2023-09-13T16:33:56+00:00\" \/>\n<meta property=\"og:image\" content=\"https:\/\/distribution.audio-technica.eu\/app\/uploads\/sites\/2\/panoramic-bastione-at-lake-garda-brought-to-life-with-blackline-x-banner.jpg\" \/>\n\t<meta property=\"og:image:width\" content=\"640\" \/>\n\t<meta property=\"og:image:height\" content=\"360\" \/>\n\t<meta property=\"og:image:type\" content=\"image\/jpeg\" \/>\n<meta name=\"author\" content=\"ctorras\" \/>\n<meta name=\"twitter:card\" content=\"summary_large_image\" \/>\n<meta name=\"twitter:label1\" content=\"Escrito por\" \/>\n\t<meta name=\"twitter:data1\" content=\"ctorras\" \/>\n\t<meta name=\"twitter:label2\" content=\"Tiempo de lectura\" \/>\n\t<meta name=\"twitter:data2\" content=\"3 minutos\" \/>\n<script type=\"application\/ld+json\" class=\"yoast-schema-graph\">{\"@context\":\"https:\/\/schema.org\",\"@graph\":[{\"@type\":\"Article\",\"@id\":\"https:\/\/distribution.audio-technica.eu\/es-es\/noticias\/bastion-panoramico-en-el-lago-de-garda-realizada-con-blackline-x8\/#article\",\"isPartOf\":{\"@id\":\"https:\/\/distribution.audio-technica.eu\/es-es\/noticias\/bastion-panoramico-en-el-lago-de-garda-realizada-con-blackline-x8\/\"},\"author\":{\"name\":\"ctorras\",\"@id\":\"https:\/\/distribution.audio-technica.eu\/es-es\/#\/schema\/person\/dbf0d33217ceab6329b4c3144742f2fb\"},\"headline\":\"Basti\u00f3n panor\u00e1mico en el lago de Garda realizada con Blackline X8\",\"datePublished\":\"2020-10-14T12:18:24+00:00\",\"dateModified\":\"2023-09-13T16:33:56+00:00\",\"mainEntityOfPage\":{\"@id\":\"https:\/\/distribution.audio-technica.eu\/es-es\/noticias\/bastion-panoramico-en-el-lago-de-garda-realizada-con-blackline-x8\/\"},\"wordCount\":548,\"image\":{\"@id\":\"https:\/\/distribution.audio-technica.eu\/es-es\/noticias\/bastion-panoramico-en-el-lago-de-garda-realizada-con-blackline-x8\/#primaryimage\"},\"thumbnailUrl\":\"\/app\/uploads\/sites\/2\/panoramic-bastione-at-lake-garda-brought-to-life-with-blackline-x-banner.jpg\",\"keywords\":[\"BlacklineX\",\"Terraza\"],\"articleSection\":[\"Instalaciones\"],\"inLanguage\":\"es\"},{\"@type\":\"WebPage\",\"@id\":\"https:\/\/distribution.audio-technica.eu\/es-es\/noticias\/bastion-panoramico-en-el-lago-de-garda-realizada-con-blackline-x8\/\",\"url\":\"https:\/\/distribution.audio-technica.eu\/es-es\/noticias\/bastion-panoramico-en-el-lago-de-garda-realizada-con-blackline-x8\/\",\"name\":\"Basti\u00f3n panor\u00e1mico en el lago de Garda realizada con Blackline X8 - Audio-Technica Iberia\",\"isPartOf\":{\"@id\":\"https:\/\/distribution.audio-technica.eu\/es-es\/#website\"},\"primaryImageOfPage\":{\"@id\":\"https:\/\/distribution.audio-technica.eu\/es-es\/noticias\/bastion-panoramico-en-el-lago-de-garda-realizada-con-blackline-x8\/#primaryimage\"},\"image\":{\"@id\":\"https:\/\/distribution.audio-technica.eu\/es-es\/noticias\/bastion-panoramico-en-el-lago-de-garda-realizada-con-blackline-x8\/#primaryimage\"},\"thumbnailUrl\":\"\/app\/uploads\/sites\/2\/panoramic-bastione-at-lake-garda-brought-to-life-with-blackline-x-banner.jpg\",\"datePublished\":\"2020-10-14T12:18:24+00:00\",\"dateModified\":\"2023-09-13T16:33:56+00:00\",\"author\":{\"@id\":\"https:\/\/distribution.audio-technica.eu\/es-es\/#\/schema\/person\/dbf0d33217ceab6329b4c3144742f2fb\"},\"breadcrumb\":{\"@id\":\"https:\/\/distribution.audio-technica.eu\/es-es\/noticias\/bastion-panoramico-en-el-lago-de-garda-realizada-con-blackline-x8\/#breadcrumb\"},\"inLanguage\":\"es\",\"potentialAction\":[{\"@type\":\"ReadAction\",\"target\":[\"https:\/\/distribution.audio-technica.eu\/es-es\/noticias\/bastion-panoramico-en-el-lago-de-garda-realizada-con-blackline-x8\/\"]}]},{\"@type\":\"ImageObject\",\"inLanguage\":\"es\",\"@id\":\"https:\/\/distribution.audio-technica.eu\/es-es\/noticias\/bastion-panoramico-en-el-lago-de-garda-realizada-con-blackline-x8\/#primaryimage\",\"url\":\"\/app\/uploads\/sites\/2\/panoramic-bastione-at-lake-garda-brought-to-life-with-blackline-x-banner.jpg\",\"contentUrl\":\"\/app\/uploads\/sites\/2\/panoramic-bastione-at-lake-garda-brought-to-life-with-blackline-x-banner.jpg\",\"width\":640,\"height\":360},{\"@type\":\"BreadcrumbList\",\"@id\":\"https:\/\/distribution.audio-technica.eu\/es-es\/noticias\/bastion-panoramico-en-el-lago-de-garda-realizada-con-blackline-x8\/#breadcrumb\",\"itemListElement\":[{\"@type\":\"ListItem\",\"position\":1,\"name\":\"Products\",\"item\":\"https:\/\/distribution.audio-technica.eu\/es-es\/\"},{\"@type\":\"ListItem\",\"position\":2,\"name\":\"Basti\u00f3n panor\u00e1mico en el lago de Garda realizada con Blackline X8\"}]},{\"@type\":\"WebSite\",\"@id\":\"https:\/\/distribution.audio-technica.eu\/es-es\/#website\",\"url\":\"https:\/\/distribution.audio-technica.eu\/es-es\/\",\"name\":\"Audio-Technica Iberia\",\"description\":\"Distribuci\u00f3n\",\"potentialAction\":[{\"@type\":\"SearchAction\",\"target\":{\"@type\":\"EntryPoint\",\"urlTemplate\":\"https:\/\/distribution.audio-technica.eu\/es-es\/?s={search_term_string}\"},\"query-input\":{\"@type\":\"PropertyValueSpecification\",\"valueRequired\":true,\"valueName\":\"search_term_string\"}}],\"inLanguage\":\"es\"},{\"@type\":\"Person\",\"@id\":\"https:\/\/distribution.audio-technica.eu\/es-es\/#\/schema\/person\/dbf0d33217ceab6329b4c3144742f2fb\",\"name\":\"ctorras\"}]}<\/script>\n<!-- \/ Yoast SEO plugin. -->","yoast_head_json":{"title":"Basti\u00f3n panor\u00e1mico en el lago de Garda realizada con Blackline X8 - Audio-Technica Iberia","robots":{"index":"index","follow":"follow","max-snippet":"max-snippet:-1","max-image-preview":"max-image-preview:large","max-video-preview":"max-video-preview:-1"},"canonical":"https:\/\/distribution.audio-technica.eu\/es-es\/noticias\/bastion-panoramico-en-el-lago-de-garda-realizada-con-blackline-x8\/","og_locale":"es_ES","og_type":"article","og_title":"Basti\u00f3n panor\u00e1mico en el lago de Garda realizada con Blackline X8 - Audio-Technica Iberia","og_description":"Situado a los pies del monte Rocchetta, cerca del lago de Garda en Italia, el Bastione es una fortaleza construida a principios del siglo XVI. Es uno de los s\u00edmbolos de Riva del Garda y domina tanto la ciudad como el lago. Recientemente se complet\u00f3 un proyecto dirigido por el ayuntamiento de Riva del Garda, [&hellip;]","og_url":"https:\/\/distribution.audio-technica.eu\/es-es\/noticias\/bastion-panoramico-en-el-lago-de-garda-realizada-con-blackline-x8\/","og_site_name":"Audio-Technica Iberia","article_published_time":"2020-10-14T12:18:24+00:00","article_modified_time":"2023-09-13T16:33:56+00:00","og_image":[{"width":640,"height":360,"url":"https:\/\/distribution.audio-technica.eu\/app\/uploads\/sites\/2\/panoramic-bastione-at-lake-garda-brought-to-life-with-blackline-x-banner.jpg","type":"image\/jpeg"}],"author":"ctorras","twitter_card":"summary_large_image","twitter_misc":{"Escrito por":"ctorras","Tiempo de lectura":"3 minutos"},"schema":{"@context":"https:\/\/schema.org","@graph":[{"@type":"Article","@id":"https:\/\/distribution.audio-technica.eu\/es-es\/noticias\/bastion-panoramico-en-el-lago-de-garda-realizada-con-blackline-x8\/#article","isPartOf":{"@id":"https:\/\/distribution.audio-technica.eu\/es-es\/noticias\/bastion-panoramico-en-el-lago-de-garda-realizada-con-blackline-x8\/"},"author":{"name":"ctorras","@id":"https:\/\/distribution.audio-technica.eu\/es-es\/#\/schema\/person\/dbf0d33217ceab6329b4c3144742f2fb"},"headline":"Basti\u00f3n panor\u00e1mico en el lago de Garda realizada con Blackline X8","datePublished":"2020-10-14T12:18:24+00:00","dateModified":"2023-09-13T16:33:56+00:00","mainEntityOfPage":{"@id":"https:\/\/distribution.audio-technica.eu\/es-es\/noticias\/bastion-panoramico-en-el-lago-de-garda-realizada-con-blackline-x8\/"},"wordCount":548,"image":{"@id":"https:\/\/distribution.audio-technica.eu\/es-es\/noticias\/bastion-panoramico-en-el-lago-de-garda-realizada-con-blackline-x8\/#primaryimage"},"thumbnailUrl":"\/app\/uploads\/sites\/2\/panoramic-bastione-at-lake-garda-brought-to-life-with-blackline-x-banner.jpg","keywords":["BlacklineX","Terraza"],"articleSection":["Instalaciones"],"inLanguage":"es"},{"@type":"WebPage","@id":"https:\/\/distribution.audio-technica.eu\/es-es\/noticias\/bastion-panoramico-en-el-lago-de-garda-realizada-con-blackline-x8\/","url":"https:\/\/distribution.audio-technica.eu\/es-es\/noticias\/bastion-panoramico-en-el-lago-de-garda-realizada-con-blackline-x8\/","name":"Basti\u00f3n panor\u00e1mico en el lago de Garda realizada con Blackline X8 - Audio-Technica Iberia","isPartOf":{"@id":"https:\/\/distribution.audio-technica.eu\/es-es\/#website"},"primaryImageOfPage":{"@id":"https:\/\/distribution.audio-technica.eu\/es-es\/noticias\/bastion-panoramico-en-el-lago-de-garda-realizada-con-blackline-x8\/#primaryimage"},"image":{"@id":"https:\/\/distribution.audio-technica.eu\/es-es\/noticias\/bastion-panoramico-en-el-lago-de-garda-realizada-con-blackline-x8\/#primaryimage"},"thumbnailUrl":"\/app\/uploads\/sites\/2\/panoramic-bastione-at-lake-garda-brought-to-life-with-blackline-x-banner.jpg","datePublished":"2020-10-14T12:18:24+00:00","dateModified":"2023-09-13T16:33:56+00:00","author":{"@id":"https:\/\/distribution.audio-technica.eu\/es-es\/#\/schema\/person\/dbf0d33217ceab6329b4c3144742f2fb"},"breadcrumb":{"@id":"https:\/\/distribution.audio-technica.eu\/es-es\/noticias\/bastion-panoramico-en-el-lago-de-garda-realizada-con-blackline-x8\/#breadcrumb"},"inLanguage":"es","potentialAction":[{"@type":"ReadAction","target":["https:\/\/distribution.audio-technica.eu\/es-es\/noticias\/bastion-panoramico-en-el-lago-de-garda-realizada-con-blackline-x8\/"]}]},{"@type":"ImageObject","inLanguage":"es","@id":"https:\/\/distribution.audio-technica.eu\/es-es\/noticias\/bastion-panoramico-en-el-lago-de-garda-realizada-con-blackline-x8\/#primaryimage","url":"\/app\/uploads\/sites\/2\/panoramic-bastione-at-lake-garda-brought-to-life-with-blackline-x-banner.jpg","contentUrl":"\/app\/uploads\/sites\/2\/panoramic-bastione-at-lake-garda-brought-to-life-with-blackline-x-banner.jpg","width":640,"height":360},{"@type":"BreadcrumbList","@id":"https:\/\/distribution.audio-technica.eu\/es-es\/noticias\/bastion-panoramico-en-el-lago-de-garda-realizada-con-blackline-x8\/#breadcrumb","itemListElement":[{"@type":"ListItem","position":1,"name":"Products","item":"https:\/\/distribution.audio-technica.eu\/es-es\/"},{"@type":"ListItem","position":2,"name":"Basti\u00f3n panor\u00e1mico en el lago de Garda realizada con Blackline X8"}]},{"@type":"WebSite","@id":"https:\/\/distribution.audio-technica.eu\/es-es\/#website","url":"https:\/\/distribution.audio-technica.eu\/es-es\/","name":"Audio-Technica Iberia","description":"Distribuci\u00f3n","potentialAction":[{"@type":"SearchAction","target":{"@type":"EntryPoint","urlTemplate":"https:\/\/distribution.audio-technica.eu\/es-es\/?s={search_term_string}"},"query-input":{"@type":"PropertyValueSpecification","valueRequired":true,"valueName":"search_term_string"}}],"inLanguage":"es"},{"@type":"Person","@id":"https:\/\/distribution.audio-technica.eu\/es-es\/#\/schema\/person\/dbf0d33217ceab6329b4c3144742f2fb","name":"ctorras"}]}},"_links":{"self":[{"href":"https:\/\/distribution.audio-technica.eu\/es-es\/wp-json\/wp\/v2\/posts\/22448","targetHints":{"allow":["GET"]}}],"collection":[{"href":"https:\/\/distribution.audio-technica.eu\/es-es\/wp-json\/wp\/v2\/posts"}],"about":[{"href":"https:\/\/distribution.audio-technica.eu\/es-es\/wp-json\/wp\/v2\/types\/post"}],"author":[{"embeddable":true,"href":"https:\/\/distribution.audio-technica.eu\/es-es\/wp-json\/wp\/v2\/users\/2"}],"replies":[{"embeddable":true,"href":"https:\/\/distribution.audio-technica.eu\/es-es\/wp-json\/wp\/v2\/comments?post=22448"}],"version-history":[{"count":2,"href":"https:\/\/distribution.audio-technica.eu\/es-es\/wp-json\/wp\/v2\/posts\/22448\/revisions"}],"predecessor-version":[{"id":30688,"href":"https:\/\/distribution.audio-technica.eu\/es-es\/wp-json\/wp\/v2\/posts\/22448\/revisions\/30688"}],"wp:featuredmedia":[{"embeddable":true,"href":"https:\/\/distribution.audio-technica.eu\/es-es\/wp-json\/wp\/v2\/media\/22451"}],"wp:attachment":[{"href":"https:\/\/distribution.audio-technica.eu\/es-es\/wp-json\/wp\/v2\/media?parent=22448"}],"wp:term":[{"taxonomy":"category","embeddable":true,"href":"https:\/\/distribution.audio-technica.eu\/es-es\/wp-json\/wp\/v2\/categories?post=22448"},{"taxonomy":"post_tag","embeddable":true,"href":"https:\/\/distribution.audio-technica.eu\/es-es\/wp-json\/wp\/v2\/tags?post=22448"}],"curies":[{"name":"wp","href":"https:\/\/api.w.org\/{rel}","templated":true}]}}