{"id":2245,"date":"2018-02-06T20:15:42","date_gmt":"2018-02-06T19:15:42","guid":{"rendered":"http:\/\/noticias.audio-technica.es\/?p=2245"},"modified":"2023-10-17T18:32:50","modified_gmt":"2023-10-17T16:32:50","slug":"anticipo-de-novedades-afial-2018","status":"publish","type":"post","link":"https:\/\/distribution.audio-technica.eu\/es-es\/noticias\/anticipo-de-novedades-afial-2018\/","title":{"rendered":"Anticipo de Novedades presentadas en AFIAL 2018"},"content":{"rendered":"<p><a href=\"http:\/\/noticias.audio-technica.es\/wp-content\/uploads\/2f259422-403e-4a1f-b9fb-a5c0c5fb71d5.png\"><img loading=\"lazy\" decoding=\"async\" class=\"aligncenter size-full wp-image-2266\" src=\"http:\/\/noticias.audio-technica.es\/wp-content\/uploads\/2f259422-403e-4a1f-b9fb-a5c0c5fb71d5.png\" alt=\"Anticipo de Novedades presentadas en AFIAL 2018\" width=\"400\" height=\"229\" \/><\/a><\/p>\n<h2>Un breve resumen de las principales novedades que Audio-Technica Iberia presentar\u00e1 en\u00a0el stand de Afial 2018 desde el 27 de febrero al 1 de marzo de 2018, ubicado en la Cota 0 del recinto Madrid Arena.<\/h2>\n<h4><strong><a href=\"http:\/\/noticias.audio-technica.es\/wp-content\/uploads\/dc2d9458-1a82-4678-a693-af8d854816ba.jpg\"><img loading=\"lazy\" decoding=\"async\" class=\"size-full wp-image-2265 alignright\" src=\"http:\/\/noticias.audio-technica.es\/wp-content\/uploads\/dc2d9458-1a82-4678-a693-af8d854816ba.jpg\" alt=\"Anticipo de Novedades presentadas en AFIAL 2018\" width=\"280\" height=\"212\" srcset=\"https:\/\/distribution.audio-technica.eu\/app\/uploads\/sites\/2\/dc2d9458-1a82-4678-a693-af8d854816ba.jpg 280w, https:\/\/distribution.audio-technica.eu\/app\/uploads\/sites\/2\/dc2d9458-1a82-4678-a693-af8d854816ba-200x151.jpg 200w\" sizes=\"auto, (max-width: 280px) 100vw, 280px\" \/><\/a>Audio-Technica<\/strong><br \/>\n<strong>ATH-M50xBB<\/strong><\/h4>\n<p>El modelo de la Serie M de auriculares de monitorizaci\u00f3n m\u00e1s aclamado por la cr\u00edtica, elogiado a\u00f1o tras a\u00f1o por los mejores t\u00e9cnicos de sonido de estudio y directo, y analizadores de productos para audio profesional, disponible ahora en una edici\u00f3n especial, acabado en un espectacular color azul.<\/p>\n<p>&nbsp;<\/p>\n<h4><strong><a href=\"http:\/\/noticias.audio-technica.es\/wp-content\/uploads\/135284f8-b30e-4d25-ad5e-e01265dba9b6.jpg\"><img loading=\"lazy\" decoding=\"async\" class=\"alignright size-full wp-image-2264\" src=\"http:\/\/noticias.audio-technica.es\/wp-content\/uploads\/135284f8-b30e-4d25-ad5e-e01265dba9b6.jpg\" alt=\"Anticipo de Novedades presentadas en AFIAL 2018\" width=\"280\" height=\"212\" srcset=\"https:\/\/distribution.audio-technica.eu\/app\/uploads\/sites\/2\/135284f8-b30e-4d25-ad5e-e01265dba9b6.jpg 280w, https:\/\/distribution.audio-technica.eu\/app\/uploads\/sites\/2\/135284f8-b30e-4d25-ad5e-e01265dba9b6-200x151.jpg 200w\" sizes=\"auto, (max-width: 280px) 100vw, 280px\" \/><\/a><\/strong><\/h4>\n<h4><strong>Audio-Technica<br \/>\n<\/strong><strong>ATH-PRO5X \/ ATH-PRO7X<\/strong><\/h4>\n<p>Auriculares profesionales para DJ, tanto en versi\u00f3n over-ear (ATH-Pro5x) como on-ear (ATH-Pro7x). Se trata de dos auriculares de nivel profesional, que ofrecen un excelente aislamiento y capacidad para manejar elevados niveles sonoros, algo imprescindible para el Dj profesional.<\/p>\n<p>&nbsp;<\/p>\n<h4><strong><a href=\"http:\/\/noticias.audio-technica.es\/wp-content\/uploads\/e6a6f6c2-b5e0-4a21-afce-1a685865b957.jpg\"><img loading=\"lazy\" decoding=\"async\" class=\"alignright size-full wp-image-2263\" src=\"http:\/\/noticias.audio-technica.es\/wp-content\/uploads\/e6a6f6c2-b5e0-4a21-afce-1a685865b957.jpg\" alt=\"Anticipo de Novedades presentadas en AFIAL 2018\" width=\"280\" height=\"212\" srcset=\"https:\/\/distribution.audio-technica.eu\/app\/uploads\/sites\/2\/e6a6f6c2-b5e0-4a21-afce-1a685865b957.jpg 280w, https:\/\/distribution.audio-technica.eu\/app\/uploads\/sites\/2\/e6a6f6c2-b5e0-4a21-afce-1a685865b957-200x151.jpg 200w\" sizes=\"auto, (max-width: 280px) 100vw, 280px\" \/><\/a><\/strong><\/h4>\n<h4><strong>Audio-Technica<br \/>\n<\/strong> <strong>AT5047<\/strong><\/h4>\n<p>El micr\u00f3fono cardioide de condensador acoplado por transformador AT5047 ofrece una gama din\u00e1mica excepcionalmente amplia, y dispone de cuatro diafragmas rectangulares (2 micrones) que funcionan conjuntamente para proporcionar una superficie combinada, el doble que la de un diafragma circular est\u00e1ndar de una pulgada.<\/p>\n<p>&nbsp;<\/p>\n<h4><strong><a href=\"http:\/\/noticias.audio-technica.es\/wp-content\/uploads\/2a82eb11-b65b-4bf6-b022-384bb2d4bc45.jpg\"><img loading=\"lazy\" decoding=\"async\" class=\"alignright size-full wp-image-2262\" src=\"http:\/\/noticias.audio-technica.es\/wp-content\/uploads\/2a82eb11-b65b-4bf6-b022-384bb2d4bc45.jpg\" alt=\"Anticipo de Novedades presentadas en AFIAL 2018\" width=\"280\" height=\"212\" srcset=\"https:\/\/distribution.audio-technica.eu\/app\/uploads\/sites\/2\/2a82eb11-b65b-4bf6-b022-384bb2d4bc45.jpg 280w, https:\/\/distribution.audio-technica.eu\/app\/uploads\/sites\/2\/2a82eb11-b65b-4bf6-b022-384bb2d4bc45-200x151.jpg 200w\" sizes=\"auto, (max-width: 280px) 100vw, 280px\" \/><\/a>Audio-Technica<\/strong><br \/>\n<strong>ATDM-0604<\/strong><\/h4>\n<p>El mezclador autom\u00e1tico digital Smartmixer ATDM-0604 de Audio-Technica mezcla autom\u00e1ticamente 6 entradas de micr\u00f3fono en modo compartir puerta o ganancia, garantizando una salida de audio consistente y de alta calidad sin retroalimentaciones, ruido ambiental excesivo y filtrado de peine, y la posibilidad de enlazar hasta 6 mezcladores por medio de cable Cat5e.<\/p>\n<p>&nbsp;<\/p>\n<h4><strong><a href=\"http:\/\/noticias.audio-technica.es\/wp-content\/uploads\/ffc75c27-397c-40ef-a378-680e85bbda27.jpg\"><img loading=\"lazy\" decoding=\"async\" class=\"alignright size-full wp-image-2261\" src=\"http:\/\/noticias.audio-technica.es\/wp-content\/uploads\/ffc75c27-397c-40ef-a378-680e85bbda27.jpg\" alt=\"Anticipo de Novedades presentadas en AFIAL 2018\" width=\"280\" height=\"212\" srcset=\"https:\/\/distribution.audio-technica.eu\/app\/uploads\/sites\/2\/ffc75c27-397c-40ef-a378-680e85bbda27.jpg 280w, https:\/\/distribution.audio-technica.eu\/app\/uploads\/sites\/2\/ffc75c27-397c-40ef-a378-680e85bbda27-200x151.jpg 200w\" sizes=\"auto, (max-width: 280px) 100vw, 280px\" \/><\/a>Audio-Technica<\/strong><br \/>\n<strong>ATUC-50IU<\/strong><\/h4>\n<p>El ATUC-50IU es un microprocesador para unidades de conferencia de montaje empotrado dise\u00f1ado para el sistema ATUC-50. Se puede colocar en cualquier parte de la misma cadena \/ bucle con otras unidades ATUC-50, y proporciona conexiones a componentes de montaje empotrado como altavoz, micr\u00f3fono, salida para auriculares, selector de canales y m\u00e1s.<\/p>\n<p>&nbsp;<\/p>\n<h4><strong><a href=\"http:\/\/noticias.audio-technica.es\/wp-content\/uploads\/7c3bc003-2c5c-45eb-8f62-b6b59eafbc74.jpg\"><img loading=\"lazy\" decoding=\"async\" class=\"alignright size-full wp-image-2260\" src=\"http:\/\/noticias.audio-technica.es\/wp-content\/uploads\/7c3bc003-2c5c-45eb-8f62-b6b59eafbc74.jpg\" alt=\"Anticipo de Novedades presentadas en AFIAL 2018\" width=\"280\" height=\"212\" srcset=\"https:\/\/distribution.audio-technica.eu\/app\/uploads\/sites\/2\/7c3bc003-2c5c-45eb-8f62-b6b59eafbc74.jpg 280w, https:\/\/distribution.audio-technica.eu\/app\/uploads\/sites\/2\/7c3bc003-2c5c-45eb-8f62-b6b59eafbc74-200x151.jpg 200w\" sizes=\"auto, (max-width: 280px) 100vw, 280px\" \/><\/a>Allen &amp; Heath<\/strong><br \/>\n<strong>Serie SQ<\/strong><\/h4>\n<p>Construidos alrededor de la \u00faltima generaci\u00f3n del n\u00facleo XCVI FPGA 96 kHz, los mezcladores SQ proporcionan un pr\u00edstino audio en alta resoluci\u00f3n con una latencia sin precedentes de tan solo &lt;0.7 ms. Los nuevos modelos SQ5 y SQ6 disponen, respectivamente, de 16 preamplificadores y 17 faders, y 24 preamplificadores y 25 faders.<\/p>\n<p>&nbsp;<\/p>\n<h4><strong><a href=\"http:\/\/noticias.audio-technica.es\/wp-content\/uploads\/e80c699d-1921-44b5-aa5a-c6713d0108cb.jpg\"><img loading=\"lazy\" decoding=\"async\" class=\"alignright size-full wp-image-2259\" src=\"http:\/\/noticias.audio-technica.es\/wp-content\/uploads\/e80c699d-1921-44b5-aa5a-c6713d0108cb.jpg\" alt=\"Anticipo de Novedades presentadas en AFIAL 2018\" width=\"280\" height=\"212\" srcset=\"https:\/\/distribution.audio-technica.eu\/app\/uploads\/sites\/2\/e80c699d-1921-44b5-aa5a-c6713d0108cb.jpg 280w, https:\/\/distribution.audio-technica.eu\/app\/uploads\/sites\/2\/e80c699d-1921-44b5-aa5a-c6713d0108cb-200x151.jpg 200w\" sizes=\"auto, (max-width: 280px) 100vw, 280px\" \/><\/a>Apart<\/strong><br \/>\n<strong>Serie CM Design Back Can<\/strong><\/h4>\n<p>Estos nuevos altavoces de la Serie CM Design disponen de una cubierta met\u00e1lica posterior sellada y de un puerto bass r\u00e9flex que proporcionan un sonido controlado en cualquier estructura de techo.\u00a0La serie incluye tres modelos, que ofrecen 60, 80 y 120 W a 16 ohms \/ 20, 30 y 60 W a 100V. Dos de ellos incorporan un altavoz de 4,25\u201d, mientras que el tercero est\u00e1 equipado con un altavoz de 6.5\u201d.<\/p>\n<p>&nbsp;<\/p>\n<h4><strong><a href=\"http:\/\/noticias.audio-technica.es\/wp-content\/uploads\/dfd2062e-5089-4dd2-9c6b-48d76664ca53.jpg\"><img loading=\"lazy\" decoding=\"async\" class=\"alignright size-full wp-image-2258\" src=\"http:\/\/noticias.audio-technica.es\/wp-content\/uploads\/dfd2062e-5089-4dd2-9c6b-48d76664ca53.jpg\" alt=\"Anticipo de Novedades presentadas en AFIAL 2018\" width=\"280\" height=\"212\" srcset=\"https:\/\/distribution.audio-technica.eu\/app\/uploads\/sites\/2\/dfd2062e-5089-4dd2-9c6b-48d76664ca53.jpg 280w, https:\/\/distribution.audio-technica.eu\/app\/uploads\/sites\/2\/dfd2062e-5089-4dd2-9c6b-48d76664ca53-200x151.jpg 200w\" sizes=\"auto, (max-width: 280px) 100vw, 280px\" \/><\/a>Apart<\/strong><br \/>\n<strong>Serie KUBO<\/strong><\/h4>\n<p>La nueva Serie KUBO de recintos ac\u00fasticos se compone de 2 modelos base que incorporan un altavoz full range de 3\u201d o un altavoz de 5.25\u201d de dos v\u00edas y puerto bass reflex. Ambos est\u00e1n disponibles en versiones de 8 ohm (40 y 80W) y transformador de l\u00ednea de 100V (10 y 30W), en color blanco o negro, con su soporte que permite un \u00e1ngulo de instalaci\u00f3n de 140\u00ba en vertical u horizontal, lo que posibilita su instalaci\u00f3n muy cerca de la pared o el techo.<\/p>\n<p>&nbsp;<\/p>\n<h4><strong><a href=\"http:\/\/noticias.audio-technica.es\/wp-content\/uploads\/9dbd9fb3-2532-43ca-b9fb-3cc19fedfb14.jpg\"><img loading=\"lazy\" decoding=\"async\" class=\"alignright size-full wp-image-2257\" src=\"http:\/\/noticias.audio-technica.es\/wp-content\/uploads\/9dbd9fb3-2532-43ca-b9fb-3cc19fedfb14.jpg\" alt=\"Anticipo de Novedades presentadas en AFIAL 2018\" width=\"280\" height=\"212\" srcset=\"https:\/\/distribution.audio-technica.eu\/app\/uploads\/sites\/2\/9dbd9fb3-2532-43ca-b9fb-3cc19fedfb14.jpg 280w, https:\/\/distribution.audio-technica.eu\/app\/uploads\/sites\/2\/9dbd9fb3-2532-43ca-b9fb-3cc19fedfb14-200x151.jpg 200w\" sizes=\"auto, (max-width: 280px) 100vw, 280px\" \/><\/a>Audient<\/strong><br \/>\n<strong>iD44<\/strong><\/h4>\n<p>Cuatro preamplificadores microf\u00f3nicos Clase A, la tecnolog\u00eda de conversi\u00f3n m\u00e1s avanzada, opciones para ampliaci\u00f3n digital, un nuevo software m\u00e1s intuitivo, orientado a la mezcla, y el impresionante potencial que ofrecen sus 20 entradas y 24 salidas, convierten al nuevo iD44 en una s\u00f3lida base para convertirse en el n\u00facleo de un estudio de grabaci\u00f3n completo.<\/p>\n<p>&nbsp;<\/p>\n<p>Adem\u00e1s dispondremos de las \u00faltimas novedades de:<br \/>\n<strong>Alto Professional<\/strong>: los recintos autoamplificados <strong>TS208<\/strong> en color blanco<br \/>\n<strong>Genelec<\/strong>: la nueva serie de monitores <strong>The Ones<\/strong><br \/>\n<strong>Numark<\/strong>: el giradiscos <strong>NTX1000<\/strong> y el controlador <strong>NS6II<\/strong><\/p>\n<h3><\/h3>\n<hr \/>\n<h3><strong><a href=\"http:\/\/noticias.audio-technica.es\/wp-content\/uploads\/7674f6d8-7126-4a3f-8578-1ed743c13a77.png\"><img loading=\"lazy\" decoding=\"async\" class=\" wp-image-2256 alignleft\" src=\"http:\/\/noticias.audio-technica.es\/wp-content\/uploads\/7674f6d8-7126-4a3f-8578-1ed743c13a77.png\" alt=\"Anticipo de Novedades presentadas en AFIAL 2018\" width=\"149\" height=\"233\" srcset=\"https:\/\/distribution.audio-technica.eu\/app\/uploads\/sites\/2\/7674f6d8-7126-4a3f-8578-1ed743c13a77.png 320w, https:\/\/distribution.audio-technica.eu\/app\/uploads\/sites\/2\/7674f6d8-7126-4a3f-8578-1ed743c13a77-192x300.png 192w, https:\/\/distribution.audio-technica.eu\/app\/uploads\/sites\/2\/7674f6d8-7126-4a3f-8578-1ed743c13a77-200x313.png 200w\" sizes=\"auto, (max-width: 149px) 100vw, 149px\" \/><\/a>Sorteo diario de unos auriculares<\/strong><br \/>\n<strong>ATH-M50xRD de Audio-Technica<\/strong><\/h3>\n<p>Durante los 3 dias que va a durar la feria, vamos a sortear cada dia entre los visitantes del stand, unos auriculares de edici\u00f3n limitada <strong>ATH-M50xRD<\/strong>. Para participar s\u00f3lo hay rellenar un boleto que podr\u00e1 solicitar a cualquiera de las personas que atender\u00e1n en nuestro stand. Cada d\u00eda a las 18:00 horas se proceder\u00e1 al sorteo en el mismo stand. Es imprescindible estar presente para recoger el premio.<\/p>\n<hr \/>\n<h3><strong><a href=\"http:\/\/noticias.audio-technica.es\/wp-content\/uploads\/77ec3587-e755-4108-bc78-560fa2c5c23f.jpg\"><img loading=\"lazy\" decoding=\"async\" class=\"alignright size-full wp-image-2255\" src=\"http:\/\/noticias.audio-technica.es\/wp-content\/uploads\/77ec3587-e755-4108-bc78-560fa2c5c23f.jpg\" alt=\"Anticipo de Novedades presentadas en AFIAL 2018\" width=\"250\" height=\"213\" srcset=\"https:\/\/distribution.audio-technica.eu\/app\/uploads\/sites\/2\/77ec3587-e755-4108-bc78-560fa2c5c23f.jpg 250w, https:\/\/distribution.audio-technica.eu\/app\/uploads\/sites\/2\/77ec3587-e755-4108-bc78-560fa2c5c23f-200x170.jpg 200w\" sizes=\"auto, (max-width: 250px) 100vw, 250px\" \/><\/a>Sala de Demostraciones Indoor<\/strong><\/h3>\n<p>Adem\u00e1s, en la sala de demostraciones indoor de Afial se har\u00e1n demostraciones de sonido de diferentes marcas de forma alternada, y en la que nosotros dispondremos de un sistema de recintos autoamplificados <strong>TS2 de Alto Professional<\/strong> que estar\u00e1n en funcionamiento seg\u00fan el horario estipulado por la feria.<\/p>\n<hr \/>\n<h3><strong>Registro de visitantes<\/strong><\/h3>\n<p>Para facilitarle el acceso gratuito a este evento y evitar las colas para inscribirse, puede registrarse c\u00f3modamente on-line desde este <a href=\"http:\/\/www.afial2018.net\/formulario-de-inscripcion\/\" target=\"_blank\" rel=\"noopener noreferrer\">enlace<\/a>.<\/p>\n<p><a href=\"http:\/\/www.afial2018.net\/formulario-de-inscripcion\/\" target=\"_blank\" rel=\"noopener noreferrer\"><img loading=\"lazy\" decoding=\"async\" class=\"alignnone wp-image-2254 size-full\" src=\"http:\/\/noticias.audio-technica.es\/wp-content\/uploads\/d544a459-8b55-4795-b740-b48e10501b28.png\" alt=\"Anticipo de Novedades presentadas en AFIAL 2018\" width=\"550\" height=\"121\" srcset=\"https:\/\/distribution.audio-technica.eu\/app\/uploads\/sites\/2\/d544a459-8b55-4795-b740-b48e10501b28.png 550w, https:\/\/distribution.audio-technica.eu\/app\/uploads\/sites\/2\/d544a459-8b55-4795-b740-b48e10501b28-300x66.png 300w, https:\/\/distribution.audio-technica.eu\/app\/uploads\/sites\/2\/d544a459-8b55-4795-b740-b48e10501b28-200x44.png 200w, https:\/\/distribution.audio-technica.eu\/app\/uploads\/sites\/2\/d544a459-8b55-4795-b740-b48e10501b28-400x88.png 400w\" sizes=\"auto, (max-width: 550px) 100vw, 550px\" \/><\/a><\/p>\n<hr \/>\n<p>Fecha: del 27 de febrero al 1 de marzo de 2018<br \/>\nHorario: martes y mi\u00e9rcoles de 10:00 a 19:00 h. Jueves de 10:00 a 18h:00 h<br \/>\nLugar: Madrid Arena &#8211; Recinto Ferial de la Casa de Campo de Madrid<br \/>\nM\u00e1s informaci\u00f3n en <a href=\"http:\/\/www.afial2018.net\" target=\"_blank\" rel=\"noopener noreferrer\">www.afial2018.net<\/a><\/p>\n","protected":false},"excerpt":{"rendered":"<p>Un breve resumen de las principales novedades que Audio-Technica Iberia presentar\u00e1 en\u00a0el stand de Afial 2018 desde el 27 de febrero al 1 de marzo de 2018, ubicado en la Cota 0 del recinto Madrid Arena. Audio-Technica ATH-M50xBB El modelo de la Serie M de auriculares de monitorizaci\u00f3n m\u00e1s aclamado por la cr\u00edtica, elogiado a\u00f1o [&hellip;]<\/p>\n","protected":false},"author":1,"featured_media":6907,"comment_status":"closed","ping_status":"closed","sticky":false,"template":"","format":"standard","meta":{"_acf_changed":false,"footnotes":""},"categories":[1692],"tags":[1872,1873,1790],"class_list":["post-2245","post","type-post","status-publish","format-standard","has-post-thumbnail","hentry","category-empresa","tag-1872","tag-afial","tag-novedades"],"acf":[],"yoast_head":"<!-- This site is optimized with the Yoast SEO plugin v27.1.1 - https:\/\/yoast.com\/product\/yoast-seo-wordpress\/ -->\n<title>Anticipo de Novedades presentadas en AFIAL 2018 - Audio-Technica Iberia<\/title>\n<meta name=\"robots\" content=\"index, follow, max-snippet:-1, max-image-preview:large, max-video-preview:-1\" \/>\n<link rel=\"canonical\" href=\"https:\/\/distribution.audio-technica.eu\/es-es\/noticias\/anticipo-de-novedades-afial-2018\/\" \/>\n<meta property=\"og:locale\" content=\"es_ES\" \/>\n<meta property=\"og:type\" content=\"article\" \/>\n<meta property=\"og:title\" content=\"Anticipo de Novedades presentadas en AFIAL 2018 - Audio-Technica Iberia\" \/>\n<meta property=\"og:description\" content=\"Un breve resumen de las principales novedades que Audio-Technica Iberia presentar\u00e1 en\u00a0el stand de Afial 2018 desde el 27 de febrero al 1 de marzo de 2018, ubicado en la Cota 0 del recinto Madrid Arena. Audio-Technica ATH-M50xBB El modelo de la Serie M de auriculares de monitorizaci\u00f3n m\u00e1s aclamado por la cr\u00edtica, elogiado a\u00f1o [&hellip;]\" \/>\n<meta property=\"og:url\" content=\"https:\/\/distribution.audio-technica.eu\/es-es\/noticias\/anticipo-de-novedades-afial-2018\/\" \/>\n<meta property=\"og:site_name\" content=\"Audio-Technica Iberia\" \/>\n<meta property=\"article:published_time\" content=\"2018-02-06T19:15:42+00:00\" \/>\n<meta property=\"article:modified_time\" content=\"2023-10-17T16:32:50+00:00\" \/>\n<meta property=\"og:image\" content=\"https:\/\/distribution.audio-technica.eu\/app\/uploads\/sites\/2\/2f259422-403e-4a1f-b9fb-a5c0c5fb71d5.png\" \/>\n\t<meta property=\"og:image:width\" content=\"400\" \/>\n\t<meta property=\"og:image:height\" content=\"229\" \/>\n\t<meta property=\"og:image:type\" content=\"image\/png\" \/>\n<meta name=\"author\" content=\"Audio-Technica\" \/>\n<meta name=\"twitter:card\" content=\"summary_large_image\" \/>\n<meta name=\"twitter:label1\" content=\"Escrito por\" \/>\n\t<meta name=\"twitter:data1\" content=\"Audio-Technica\" \/>\n\t<meta name=\"twitter:label2\" content=\"Tiempo de lectura\" \/>\n\t<meta name=\"twitter:data2\" content=\"4 minutos\" \/>\n<script type=\"application\/ld+json\" class=\"yoast-schema-graph\">{\"@context\":\"https:\/\/schema.org\",\"@graph\":[{\"@type\":\"Article\",\"@id\":\"https:\/\/distribution.audio-technica.eu\/es-es\/noticias\/anticipo-de-novedades-afial-2018\/#article\",\"isPartOf\":{\"@id\":\"https:\/\/distribution.audio-technica.eu\/es-es\/noticias\/anticipo-de-novedades-afial-2018\/\"},\"author\":{\"name\":\"Audio-Technica\",\"@id\":\"https:\/\/distribution.audio-technica.eu\/es-es\/#\/schema\/person\/e8e715e047e33cc425e816f59cbd9b80\"},\"headline\":\"Anticipo de Novedades presentadas en AFIAL 2018\",\"datePublished\":\"2018-02-06T19:15:42+00:00\",\"dateModified\":\"2023-10-17T16:32:50+00:00\",\"mainEntityOfPage\":{\"@id\":\"https:\/\/distribution.audio-technica.eu\/es-es\/noticias\/anticipo-de-novedades-afial-2018\/\"},\"wordCount\":827,\"image\":{\"@id\":\"https:\/\/distribution.audio-technica.eu\/es-es\/noticias\/anticipo-de-novedades-afial-2018\/#primaryimage\"},\"thumbnailUrl\":\"\/app\/uploads\/sites\/2\/2f259422-403e-4a1f-b9fb-a5c0c5fb71d5.png\",\"keywords\":[\"2018\",\"AFIAL\",\"novedades\"],\"articleSection\":[\"Empresa\"],\"inLanguage\":\"es\"},{\"@type\":\"WebPage\",\"@id\":\"https:\/\/distribution.audio-technica.eu\/es-es\/noticias\/anticipo-de-novedades-afial-2018\/\",\"url\":\"https:\/\/distribution.audio-technica.eu\/es-es\/noticias\/anticipo-de-novedades-afial-2018\/\",\"name\":\"Anticipo de Novedades presentadas en AFIAL 2018 - Audio-Technica Iberia\",\"isPartOf\":{\"@id\":\"https:\/\/distribution.audio-technica.eu\/es-es\/#website\"},\"primaryImageOfPage\":{\"@id\":\"https:\/\/distribution.audio-technica.eu\/es-es\/noticias\/anticipo-de-novedades-afial-2018\/#primaryimage\"},\"image\":{\"@id\":\"https:\/\/distribution.audio-technica.eu\/es-es\/noticias\/anticipo-de-novedades-afial-2018\/#primaryimage\"},\"thumbnailUrl\":\"\/app\/uploads\/sites\/2\/2f259422-403e-4a1f-b9fb-a5c0c5fb71d5.png\",\"datePublished\":\"2018-02-06T19:15:42+00:00\",\"dateModified\":\"2023-10-17T16:32:50+00:00\",\"author\":{\"@id\":\"https:\/\/distribution.audio-technica.eu\/es-es\/#\/schema\/person\/e8e715e047e33cc425e816f59cbd9b80\"},\"breadcrumb\":{\"@id\":\"https:\/\/distribution.audio-technica.eu\/es-es\/noticias\/anticipo-de-novedades-afial-2018\/#breadcrumb\"},\"inLanguage\":\"es\",\"potentialAction\":[{\"@type\":\"ReadAction\",\"target\":[\"https:\/\/distribution.audio-technica.eu\/es-es\/noticias\/anticipo-de-novedades-afial-2018\/\"]}]},{\"@type\":\"ImageObject\",\"inLanguage\":\"es\",\"@id\":\"https:\/\/distribution.audio-technica.eu\/es-es\/noticias\/anticipo-de-novedades-afial-2018\/#primaryimage\",\"url\":\"\/app\/uploads\/sites\/2\/2f259422-403e-4a1f-b9fb-a5c0c5fb71d5.png\",\"contentUrl\":\"\/app\/uploads\/sites\/2\/2f259422-403e-4a1f-b9fb-a5c0c5fb71d5.png\",\"width\":400,\"height\":229,\"caption\":\"Anticipo de Novedades presentadas en AFIAL 2018\"},{\"@type\":\"BreadcrumbList\",\"@id\":\"https:\/\/distribution.audio-technica.eu\/es-es\/noticias\/anticipo-de-novedades-afial-2018\/#breadcrumb\",\"itemListElement\":[{\"@type\":\"ListItem\",\"position\":1,\"name\":\"Products\",\"item\":\"https:\/\/distribution.audio-technica.eu\/es-es\/\"},{\"@type\":\"ListItem\",\"position\":2,\"name\":\"Anticipo de Novedades presentadas en AFIAL 2018\"}]},{\"@type\":\"WebSite\",\"@id\":\"https:\/\/distribution.audio-technica.eu\/es-es\/#website\",\"url\":\"https:\/\/distribution.audio-technica.eu\/es-es\/\",\"name\":\"Audio-Technica Iberia\",\"description\":\"Distribuci\u00f3n\",\"potentialAction\":[{\"@type\":\"SearchAction\",\"target\":{\"@type\":\"EntryPoint\",\"urlTemplate\":\"https:\/\/distribution.audio-technica.eu\/es-es\/?s={search_term_string}\"},\"query-input\":{\"@type\":\"PropertyValueSpecification\",\"valueRequired\":true,\"valueName\":\"search_term_string\"}}],\"inLanguage\":\"es\"},{\"@type\":\"Person\",\"@id\":\"https:\/\/distribution.audio-technica.eu\/es-es\/#\/schema\/person\/e8e715e047e33cc425e816f59cbd9b80\",\"name\":\"Audio-Technica\"}]}<\/script>\n<!-- \/ Yoast SEO plugin. -->","yoast_head_json":{"title":"Anticipo de Novedades presentadas en AFIAL 2018 - Audio-Technica Iberia","robots":{"index":"index","follow":"follow","max-snippet":"max-snippet:-1","max-image-preview":"max-image-preview:large","max-video-preview":"max-video-preview:-1"},"canonical":"https:\/\/distribution.audio-technica.eu\/es-es\/noticias\/anticipo-de-novedades-afial-2018\/","og_locale":"es_ES","og_type":"article","og_title":"Anticipo de Novedades presentadas en AFIAL 2018 - Audio-Technica Iberia","og_description":"Un breve resumen de las principales novedades que Audio-Technica Iberia presentar\u00e1 en\u00a0el stand de Afial 2018 desde el 27 de febrero al 1 de marzo de 2018, ubicado en la Cota 0 del recinto Madrid Arena. Audio-Technica ATH-M50xBB El modelo de la Serie M de auriculares de monitorizaci\u00f3n m\u00e1s aclamado por la cr\u00edtica, elogiado a\u00f1o [&hellip;]","og_url":"https:\/\/distribution.audio-technica.eu\/es-es\/noticias\/anticipo-de-novedades-afial-2018\/","og_site_name":"Audio-Technica Iberia","article_published_time":"2018-02-06T19:15:42+00:00","article_modified_time":"2023-10-17T16:32:50+00:00","og_image":[{"width":400,"height":229,"url":"https:\/\/distribution.audio-technica.eu\/app\/uploads\/sites\/2\/2f259422-403e-4a1f-b9fb-a5c0c5fb71d5.png","type":"image\/png"}],"author":"Audio-Technica","twitter_card":"summary_large_image","twitter_misc":{"Escrito por":"Audio-Technica","Tiempo de lectura":"4 minutos"},"schema":{"@context":"https:\/\/schema.org","@graph":[{"@type":"Article","@id":"https:\/\/distribution.audio-technica.eu\/es-es\/noticias\/anticipo-de-novedades-afial-2018\/#article","isPartOf":{"@id":"https:\/\/distribution.audio-technica.eu\/es-es\/noticias\/anticipo-de-novedades-afial-2018\/"},"author":{"name":"Audio-Technica","@id":"https:\/\/distribution.audio-technica.eu\/es-es\/#\/schema\/person\/e8e715e047e33cc425e816f59cbd9b80"},"headline":"Anticipo de Novedades presentadas en AFIAL 2018","datePublished":"2018-02-06T19:15:42+00:00","dateModified":"2023-10-17T16:32:50+00:00","mainEntityOfPage":{"@id":"https:\/\/distribution.audio-technica.eu\/es-es\/noticias\/anticipo-de-novedades-afial-2018\/"},"wordCount":827,"image":{"@id":"https:\/\/distribution.audio-technica.eu\/es-es\/noticias\/anticipo-de-novedades-afial-2018\/#primaryimage"},"thumbnailUrl":"\/app\/uploads\/sites\/2\/2f259422-403e-4a1f-b9fb-a5c0c5fb71d5.png","keywords":["2018","AFIAL","novedades"],"articleSection":["Empresa"],"inLanguage":"es"},{"@type":"WebPage","@id":"https:\/\/distribution.audio-technica.eu\/es-es\/noticias\/anticipo-de-novedades-afial-2018\/","url":"https:\/\/distribution.audio-technica.eu\/es-es\/noticias\/anticipo-de-novedades-afial-2018\/","name":"Anticipo de Novedades presentadas en AFIAL 2018 - Audio-Technica Iberia","isPartOf":{"@id":"https:\/\/distribution.audio-technica.eu\/es-es\/#website"},"primaryImageOfPage":{"@id":"https:\/\/distribution.audio-technica.eu\/es-es\/noticias\/anticipo-de-novedades-afial-2018\/#primaryimage"},"image":{"@id":"https:\/\/distribution.audio-technica.eu\/es-es\/noticias\/anticipo-de-novedades-afial-2018\/#primaryimage"},"thumbnailUrl":"\/app\/uploads\/sites\/2\/2f259422-403e-4a1f-b9fb-a5c0c5fb71d5.png","datePublished":"2018-02-06T19:15:42+00:00","dateModified":"2023-10-17T16:32:50+00:00","author":{"@id":"https:\/\/distribution.audio-technica.eu\/es-es\/#\/schema\/person\/e8e715e047e33cc425e816f59cbd9b80"},"breadcrumb":{"@id":"https:\/\/distribution.audio-technica.eu\/es-es\/noticias\/anticipo-de-novedades-afial-2018\/#breadcrumb"},"inLanguage":"es","potentialAction":[{"@type":"ReadAction","target":["https:\/\/distribution.audio-technica.eu\/es-es\/noticias\/anticipo-de-novedades-afial-2018\/"]}]},{"@type":"ImageObject","inLanguage":"es","@id":"https:\/\/distribution.audio-technica.eu\/es-es\/noticias\/anticipo-de-novedades-afial-2018\/#primaryimage","url":"\/app\/uploads\/sites\/2\/2f259422-403e-4a1f-b9fb-a5c0c5fb71d5.png","contentUrl":"\/app\/uploads\/sites\/2\/2f259422-403e-4a1f-b9fb-a5c0c5fb71d5.png","width":400,"height":229,"caption":"Anticipo de Novedades presentadas en AFIAL 2018"},{"@type":"BreadcrumbList","@id":"https:\/\/distribution.audio-technica.eu\/es-es\/noticias\/anticipo-de-novedades-afial-2018\/#breadcrumb","itemListElement":[{"@type":"ListItem","position":1,"name":"Products","item":"https:\/\/distribution.audio-technica.eu\/es-es\/"},{"@type":"ListItem","position":2,"name":"Anticipo de Novedades presentadas en AFIAL 2018"}]},{"@type":"WebSite","@id":"https:\/\/distribution.audio-technica.eu\/es-es\/#website","url":"https:\/\/distribution.audio-technica.eu\/es-es\/","name":"Audio-Technica Iberia","description":"Distribuci\u00f3n","potentialAction":[{"@type":"SearchAction","target":{"@type":"EntryPoint","urlTemplate":"https:\/\/distribution.audio-technica.eu\/es-es\/?s={search_term_string}"},"query-input":{"@type":"PropertyValueSpecification","valueRequired":true,"valueName":"search_term_string"}}],"inLanguage":"es"},{"@type":"Person","@id":"https:\/\/distribution.audio-technica.eu\/es-es\/#\/schema\/person\/e8e715e047e33cc425e816f59cbd9b80","name":"Audio-Technica"}]}},"_links":{"self":[{"href":"https:\/\/distribution.audio-technica.eu\/es-es\/wp-json\/wp\/v2\/posts\/2245","targetHints":{"allow":["GET"]}}],"collection":[{"href":"https:\/\/distribution.audio-technica.eu\/es-es\/wp-json\/wp\/v2\/posts"}],"about":[{"href":"https:\/\/distribution.audio-technica.eu\/es-es\/wp-json\/wp\/v2\/types\/post"}],"author":[{"embeddable":true,"href":"https:\/\/distribution.audio-technica.eu\/es-es\/wp-json\/wp\/v2\/users\/1"}],"replies":[{"embeddable":true,"href":"https:\/\/distribution.audio-technica.eu\/es-es\/wp-json\/wp\/v2\/comments?post=2245"}],"version-history":[{"count":1,"href":"https:\/\/distribution.audio-technica.eu\/es-es\/wp-json\/wp\/v2\/posts\/2245\/revisions"}],"predecessor-version":[{"id":31088,"href":"https:\/\/distribution.audio-technica.eu\/es-es\/wp-json\/wp\/v2\/posts\/2245\/revisions\/31088"}],"wp:featuredmedia":[{"embeddable":true,"href":"https:\/\/distribution.audio-technica.eu\/es-es\/wp-json\/wp\/v2\/media\/6907"}],"wp:attachment":[{"href":"https:\/\/distribution.audio-technica.eu\/es-es\/wp-json\/wp\/v2\/media?parent=2245"}],"wp:term":[{"taxonomy":"category","embeddable":true,"href":"https:\/\/distribution.audio-technica.eu\/es-es\/wp-json\/wp\/v2\/categories?post=2245"},{"taxonomy":"post_tag","embeddable":true,"href":"https:\/\/distribution.audio-technica.eu\/es-es\/wp-json\/wp\/v2\/tags?post=2245"}],"curies":[{"name":"wp","href":"https:\/\/api.w.org\/{rel}","templated":true}]}}