{"id":2290,"date":"2018-02-16T15:01:11","date_gmt":"2018-02-16T14:01:11","guid":{"rendered":"http:\/\/noticias.audio-technica.es\/?p=2290"},"modified":"2023-07-31T11:00:55","modified_gmt":"2023-07-31T09:00:55","slug":"20-aniversario-fundacion-real-madrid","status":"publish","type":"post","link":"https:\/\/distribution.audio-technica.eu\/es-es\/noticias\/20-aniversario-fundacion-real-madrid\/","title":{"rendered":"Vig\u00e9simo aniversario de la Fundaci\u00f3n Real Madrid con un concierto en el Teatro Real con dLive"},"content":{"rendered":"<p><a href=\"http:\/\/noticias.audio-technica.es\/wp-content\/uploads\/IMG_20180215_205257.jpg\"><img loading=\"lazy\" decoding=\"async\" class=\"alignnone size-full wp-image-2292\" src=\"http:\/\/noticias.audio-technica.es\/wp-content\/uploads\/IMG_20180215_205257.jpg\" alt=\"\" width=\"1600\" height=\"1200\" srcset=\"https:\/\/distribution.audio-technica.eu\/app\/uploads\/sites\/2\/IMG_20180215_205257.jpg 1600w, https:\/\/distribution.audio-technica.eu\/app\/uploads\/sites\/2\/IMG_20180215_205257-300x225.jpg 300w, https:\/\/distribution.audio-technica.eu\/app\/uploads\/sites\/2\/IMG_20180215_205257-768x576.jpg 768w, https:\/\/distribution.audio-technica.eu\/app\/uploads\/sites\/2\/IMG_20180215_205257-1024x768.jpg 1024w, https:\/\/distribution.audio-technica.eu\/app\/uploads\/sites\/2\/IMG_20180215_205257-200x150.jpg 200w, https:\/\/distribution.audio-technica.eu\/app\/uploads\/sites\/2\/IMG_20180215_205257-400x300.jpg 400w, https:\/\/distribution.audio-technica.eu\/app\/uploads\/sites\/2\/IMG_20180215_205257-600x450.jpg 600w, https:\/\/distribution.audio-technica.eu\/app\/uploads\/sites\/2\/IMG_20180215_205257-800x600.jpg 800w, https:\/\/distribution.audio-technica.eu\/app\/uploads\/sites\/2\/IMG_20180215_205257-1200x900.jpg 1200w\" sizes=\"auto, (max-width: 1600px) 100vw, 1600px\" \/><\/a><\/p>\n<p>El pasado 15 de Febrero, la Fundaci\u00f3n Real Madrid celebr\u00f3 su vig\u00e9simo aniversario con un concierto en el Teatro Real de Madrid. Participaron en el mismo Placido Domingo, Sara Baras, Ni\u00f1a Pastori, Ara Malikian, Pablo S\u00e1inz Villegas, Los Secretos y Bert\u00edn Osborne, acompa\u00f1ados por la Orquesta Cl\u00e1sica Santa Cecilia.<\/p>\n<p>La producci\u00f3n de sonido estuvo a cargo de la empresa Sorter, que para la mezcla de FOH us\u00f3 un sistema Allen &amp; Heath dLive compuesto por una superficie de control S7000 y un rack DM64. La mezcla de sonido estuvo a cargo del experimentado ingeniero Roke Hern\u00e1ndez. El evento fue grabado y transmitido gracias a una unidad m\u00f3vil HD de Media Pro, que recibi\u00f3 un split digital de todos los canales gracias a una tarjeta Allen &amp; Heath SuperMADI, que permite el env\u00edo y recepci\u00f3n de hasta 128 canales MADI en formatos coaxial y \u00f3ptico.<br \/>\nHoy por hoy el sistema dLive de Allen &amp; Heath es uno de los m\u00e1s avanzados del mercado por calidad de audio, rango din\u00e1mico, n\u00famero de canales de mezcla y proceso, protocolos de audio soportados, as\u00ed como tambi\u00e9n por su interfaz de usuario y capacidad modular y de expansi\u00f3n.<\/p>\n<p>La Fundaci\u00f3n Real Madrid ayuda cada a\u00f1o a 100.000 ni\u00f1os en situaci\u00f3n de pobreza y exclusi\u00f3n social, brind\u00e1ndoles la oportunidad de progresar a trav\u00e9s del deporte.<\/p>\n<p><a href=\"http:\/\/noticias.audio-technica.es\/wp-content\/uploads\/IMG_20180215_205326.jpg\"><img loading=\"lazy\" decoding=\"async\" class=\"alignnone size-full wp-image-2293\" src=\"http:\/\/noticias.audio-technica.es\/wp-content\/uploads\/IMG_20180215_205326.jpg\" alt=\"\" width=\"1600\" height=\"1200\" srcset=\"https:\/\/distribution.audio-technica.eu\/app\/uploads\/sites\/2\/IMG_20180215_205326.jpg 1600w, https:\/\/distribution.audio-technica.eu\/app\/uploads\/sites\/2\/IMG_20180215_205326-300x225.jpg 300w, https:\/\/distribution.audio-technica.eu\/app\/uploads\/sites\/2\/IMG_20180215_205326-768x576.jpg 768w, https:\/\/distribution.audio-technica.eu\/app\/uploads\/sites\/2\/IMG_20180215_205326-1024x768.jpg 1024w, https:\/\/distribution.audio-technica.eu\/app\/uploads\/sites\/2\/IMG_20180215_205326-200x150.jpg 200w, https:\/\/distribution.audio-technica.eu\/app\/uploads\/sites\/2\/IMG_20180215_205326-400x300.jpg 400w, https:\/\/distribution.audio-technica.eu\/app\/uploads\/sites\/2\/IMG_20180215_205326-600x450.jpg 600w, https:\/\/distribution.audio-technica.eu\/app\/uploads\/sites\/2\/IMG_20180215_205326-800x600.jpg 800w, https:\/\/distribution.audio-technica.eu\/app\/uploads\/sites\/2\/IMG_20180215_205326-1200x900.jpg 1200w\" sizes=\"auto, (max-width: 1600px) 100vw, 1600px\" \/><\/a><\/p>\n","protected":false},"excerpt":{"rendered":"<p>El pasado 15 de Febrero, la Fundaci\u00f3n Real Madrid celebr\u00f3 su vig\u00e9simo aniversario con un concierto en el Teatro Real de Madrid. Participaron en el mismo Placido Domingo, Sara Baras, Ni\u00f1a Pastori, Ara Malikian, Pablo S\u00e1inz Villegas, Los Secretos y Bert\u00edn Osborne, acompa\u00f1ados por la Orquesta Cl\u00e1sica Santa Cecilia. La producci\u00f3n de sonido estuvo a [&hellip;]<\/p>\n","protected":false},"author":1,"featured_media":2294,"comment_status":"closed","ping_status":"closed","sticky":false,"template":"","format":"standard","meta":{"_acf_changed":false,"footnotes":""},"categories":[2458],"tags":[1880,1587,1881],"class_list":["post-2290","post","type-post","status-publish","format-standard","has-post-thumbnail","hentry","category-eventos","tag-concierto","tag-dlive","tag-teatro-real"],"acf":[],"yoast_head":"<!-- This site is optimized with the Yoast SEO plugin v27.1.1 - https:\/\/yoast.com\/product\/yoast-seo-wordpress\/ -->\n<title>Vig\u00e9simo aniversario de la Fundaci\u00f3n Real Madrid con un concierto en el Teatro Real con dLive - Audio-Technica Iberia<\/title>\n<meta name=\"robots\" content=\"index, follow, max-snippet:-1, max-image-preview:large, max-video-preview:-1\" \/>\n<link rel=\"canonical\" href=\"https:\/\/distribution.audio-technica.eu\/es-es\/noticias\/20-aniversario-fundacion-real-madrid\/\" \/>\n<meta property=\"og:locale\" content=\"es_ES\" \/>\n<meta property=\"og:type\" content=\"article\" \/>\n<meta property=\"og:title\" content=\"Vig\u00e9simo aniversario de la Fundaci\u00f3n Real Madrid con un concierto en el Teatro Real con dLive - Audio-Technica Iberia\" \/>\n<meta property=\"og:description\" content=\"El pasado 15 de Febrero, la Fundaci\u00f3n Real Madrid celebr\u00f3 su vig\u00e9simo aniversario con un concierto en el Teatro Real de Madrid. Participaron en el mismo Placido Domingo, Sara Baras, Ni\u00f1a Pastori, Ara Malikian, Pablo S\u00e1inz Villegas, Los Secretos y Bert\u00edn Osborne, acompa\u00f1ados por la Orquesta Cl\u00e1sica Santa Cecilia. La producci\u00f3n de sonido estuvo a [&hellip;]\" \/>\n<meta property=\"og:url\" content=\"https:\/\/distribution.audio-technica.eu\/es-es\/noticias\/20-aniversario-fundacion-real-madrid\/\" \/>\n<meta property=\"og:site_name\" content=\"Audio-Technica Iberia\" \/>\n<meta property=\"article:published_time\" content=\"2018-02-16T14:01:11+00:00\" \/>\n<meta property=\"article:modified_time\" content=\"2023-07-31T09:00:55+00:00\" \/>\n<meta property=\"og:image\" content=\"https:\/\/distribution.audio-technica.eu\/app\/uploads\/sites\/2\/banner-1.jpg\" \/>\n\t<meta property=\"og:image:width\" content=\"640\" \/>\n\t<meta property=\"og:image:height\" content=\"360\" \/>\n\t<meta property=\"og:image:type\" content=\"image\/jpeg\" \/>\n<meta name=\"author\" content=\"Audio-Technica\" \/>\n<meta name=\"twitter:card\" content=\"summary_large_image\" \/>\n<meta name=\"twitter:label1\" content=\"Escrito por\" \/>\n\t<meta name=\"twitter:data1\" content=\"Audio-Technica\" \/>\n\t<meta name=\"twitter:label2\" content=\"Tiempo de lectura\" \/>\n\t<meta name=\"twitter:data2\" content=\"1 minuto\" \/>\n<script type=\"application\/ld+json\" class=\"yoast-schema-graph\">{\"@context\":\"https:\/\/schema.org\",\"@graph\":[{\"@type\":\"Article\",\"@id\":\"https:\/\/distribution.audio-technica.eu\/es-es\/noticias\/20-aniversario-fundacion-real-madrid\/#article\",\"isPartOf\":{\"@id\":\"https:\/\/distribution.audio-technica.eu\/es-es\/noticias\/20-aniversario-fundacion-real-madrid\/\"},\"author\":{\"name\":\"Audio-Technica\",\"@id\":\"https:\/\/distribution.audio-technica.eu\/es-es\/#\/schema\/person\/e8e715e047e33cc425e816f59cbd9b80\"},\"headline\":\"Vig\u00e9simo aniversario de la Fundaci\u00f3n Real Madrid con un concierto en el Teatro Real con dLive\",\"datePublished\":\"2018-02-16T14:01:11+00:00\",\"dateModified\":\"2023-07-31T09:00:55+00:00\",\"mainEntityOfPage\":{\"@id\":\"https:\/\/distribution.audio-technica.eu\/es-es\/noticias\/20-aniversario-fundacion-real-madrid\/\"},\"wordCount\":258,\"image\":{\"@id\":\"https:\/\/distribution.audio-technica.eu\/es-es\/noticias\/20-aniversario-fundacion-real-madrid\/#primaryimage\"},\"thumbnailUrl\":\"\/app\/uploads\/sites\/2\/banner-1.jpg\",\"keywords\":[\"concierto\",\"dLive\",\"teatro real\"],\"articleSection\":[\"Eventos\"],\"inLanguage\":\"es\"},{\"@type\":\"WebPage\",\"@id\":\"https:\/\/distribution.audio-technica.eu\/es-es\/noticias\/20-aniversario-fundacion-real-madrid\/\",\"url\":\"https:\/\/distribution.audio-technica.eu\/es-es\/noticias\/20-aniversario-fundacion-real-madrid\/\",\"name\":\"Vig\u00e9simo aniversario de la Fundaci\u00f3n Real Madrid con un concierto en el Teatro Real con dLive - Audio-Technica Iberia\",\"isPartOf\":{\"@id\":\"https:\/\/distribution.audio-technica.eu\/es-es\/#website\"},\"primaryImageOfPage\":{\"@id\":\"https:\/\/distribution.audio-technica.eu\/es-es\/noticias\/20-aniversario-fundacion-real-madrid\/#primaryimage\"},\"image\":{\"@id\":\"https:\/\/distribution.audio-technica.eu\/es-es\/noticias\/20-aniversario-fundacion-real-madrid\/#primaryimage\"},\"thumbnailUrl\":\"\/app\/uploads\/sites\/2\/banner-1.jpg\",\"datePublished\":\"2018-02-16T14:01:11+00:00\",\"dateModified\":\"2023-07-31T09:00:55+00:00\",\"author\":{\"@id\":\"https:\/\/distribution.audio-technica.eu\/es-es\/#\/schema\/person\/e8e715e047e33cc425e816f59cbd9b80\"},\"breadcrumb\":{\"@id\":\"https:\/\/distribution.audio-technica.eu\/es-es\/noticias\/20-aniversario-fundacion-real-madrid\/#breadcrumb\"},\"inLanguage\":\"es\",\"potentialAction\":[{\"@type\":\"ReadAction\",\"target\":[\"https:\/\/distribution.audio-technica.eu\/es-es\/noticias\/20-aniversario-fundacion-real-madrid\/\"]}]},{\"@type\":\"ImageObject\",\"inLanguage\":\"es\",\"@id\":\"https:\/\/distribution.audio-technica.eu\/es-es\/noticias\/20-aniversario-fundacion-real-madrid\/#primaryimage\",\"url\":\"\/app\/uploads\/sites\/2\/banner-1.jpg\",\"contentUrl\":\"\/app\/uploads\/sites\/2\/banner-1.jpg\",\"width\":640,\"height\":360},{\"@type\":\"BreadcrumbList\",\"@id\":\"https:\/\/distribution.audio-technica.eu\/es-es\/noticias\/20-aniversario-fundacion-real-madrid\/#breadcrumb\",\"itemListElement\":[{\"@type\":\"ListItem\",\"position\":1,\"name\":\"Products\",\"item\":\"https:\/\/distribution.audio-technica.eu\/es-es\/\"},{\"@type\":\"ListItem\",\"position\":2,\"name\":\"Vig\u00e9simo aniversario de la Fundaci\u00f3n Real Madrid con un concierto en el Teatro Real con dLive\"}]},{\"@type\":\"WebSite\",\"@id\":\"https:\/\/distribution.audio-technica.eu\/es-es\/#website\",\"url\":\"https:\/\/distribution.audio-technica.eu\/es-es\/\",\"name\":\"Audio-Technica Iberia\",\"description\":\"Distribuci\u00f3n\",\"potentialAction\":[{\"@type\":\"SearchAction\",\"target\":{\"@type\":\"EntryPoint\",\"urlTemplate\":\"https:\/\/distribution.audio-technica.eu\/es-es\/?s={search_term_string}\"},\"query-input\":{\"@type\":\"PropertyValueSpecification\",\"valueRequired\":true,\"valueName\":\"search_term_string\"}}],\"inLanguage\":\"es\"},{\"@type\":\"Person\",\"@id\":\"https:\/\/distribution.audio-technica.eu\/es-es\/#\/schema\/person\/e8e715e047e33cc425e816f59cbd9b80\",\"name\":\"Audio-Technica\"}]}<\/script>\n<!-- \/ Yoast SEO plugin. -->","yoast_head_json":{"title":"Vig\u00e9simo aniversario de la Fundaci\u00f3n Real Madrid con un concierto en el Teatro Real con dLive - Audio-Technica Iberia","robots":{"index":"index","follow":"follow","max-snippet":"max-snippet:-1","max-image-preview":"max-image-preview:large","max-video-preview":"max-video-preview:-1"},"canonical":"https:\/\/distribution.audio-technica.eu\/es-es\/noticias\/20-aniversario-fundacion-real-madrid\/","og_locale":"es_ES","og_type":"article","og_title":"Vig\u00e9simo aniversario de la Fundaci\u00f3n Real Madrid con un concierto en el Teatro Real con dLive - Audio-Technica Iberia","og_description":"El pasado 15 de Febrero, la Fundaci\u00f3n Real Madrid celebr\u00f3 su vig\u00e9simo aniversario con un concierto en el Teatro Real de Madrid. Participaron en el mismo Placido Domingo, Sara Baras, Ni\u00f1a Pastori, Ara Malikian, Pablo S\u00e1inz Villegas, Los Secretos y Bert\u00edn Osborne, acompa\u00f1ados por la Orquesta Cl\u00e1sica Santa Cecilia. La producci\u00f3n de sonido estuvo a [&hellip;]","og_url":"https:\/\/distribution.audio-technica.eu\/es-es\/noticias\/20-aniversario-fundacion-real-madrid\/","og_site_name":"Audio-Technica Iberia","article_published_time":"2018-02-16T14:01:11+00:00","article_modified_time":"2023-07-31T09:00:55+00:00","og_image":[{"width":640,"height":360,"url":"https:\/\/distribution.audio-technica.eu\/app\/uploads\/sites\/2\/banner-1.jpg","type":"image\/jpeg"}],"author":"Audio-Technica","twitter_card":"summary_large_image","twitter_misc":{"Escrito por":"Audio-Technica","Tiempo de lectura":"1 minuto"},"schema":{"@context":"https:\/\/schema.org","@graph":[{"@type":"Article","@id":"https:\/\/distribution.audio-technica.eu\/es-es\/noticias\/20-aniversario-fundacion-real-madrid\/#article","isPartOf":{"@id":"https:\/\/distribution.audio-technica.eu\/es-es\/noticias\/20-aniversario-fundacion-real-madrid\/"},"author":{"name":"Audio-Technica","@id":"https:\/\/distribution.audio-technica.eu\/es-es\/#\/schema\/person\/e8e715e047e33cc425e816f59cbd9b80"},"headline":"Vig\u00e9simo aniversario de la Fundaci\u00f3n Real Madrid con un concierto en el Teatro Real con dLive","datePublished":"2018-02-16T14:01:11+00:00","dateModified":"2023-07-31T09:00:55+00:00","mainEntityOfPage":{"@id":"https:\/\/distribution.audio-technica.eu\/es-es\/noticias\/20-aniversario-fundacion-real-madrid\/"},"wordCount":258,"image":{"@id":"https:\/\/distribution.audio-technica.eu\/es-es\/noticias\/20-aniversario-fundacion-real-madrid\/#primaryimage"},"thumbnailUrl":"\/app\/uploads\/sites\/2\/banner-1.jpg","keywords":["concierto","dLive","teatro real"],"articleSection":["Eventos"],"inLanguage":"es"},{"@type":"WebPage","@id":"https:\/\/distribution.audio-technica.eu\/es-es\/noticias\/20-aniversario-fundacion-real-madrid\/","url":"https:\/\/distribution.audio-technica.eu\/es-es\/noticias\/20-aniversario-fundacion-real-madrid\/","name":"Vig\u00e9simo aniversario de la Fundaci\u00f3n Real Madrid con un concierto en el Teatro Real con dLive - Audio-Technica Iberia","isPartOf":{"@id":"https:\/\/distribution.audio-technica.eu\/es-es\/#website"},"primaryImageOfPage":{"@id":"https:\/\/distribution.audio-technica.eu\/es-es\/noticias\/20-aniversario-fundacion-real-madrid\/#primaryimage"},"image":{"@id":"https:\/\/distribution.audio-technica.eu\/es-es\/noticias\/20-aniversario-fundacion-real-madrid\/#primaryimage"},"thumbnailUrl":"\/app\/uploads\/sites\/2\/banner-1.jpg","datePublished":"2018-02-16T14:01:11+00:00","dateModified":"2023-07-31T09:00:55+00:00","author":{"@id":"https:\/\/distribution.audio-technica.eu\/es-es\/#\/schema\/person\/e8e715e047e33cc425e816f59cbd9b80"},"breadcrumb":{"@id":"https:\/\/distribution.audio-technica.eu\/es-es\/noticias\/20-aniversario-fundacion-real-madrid\/#breadcrumb"},"inLanguage":"es","potentialAction":[{"@type":"ReadAction","target":["https:\/\/distribution.audio-technica.eu\/es-es\/noticias\/20-aniversario-fundacion-real-madrid\/"]}]},{"@type":"ImageObject","inLanguage":"es","@id":"https:\/\/distribution.audio-technica.eu\/es-es\/noticias\/20-aniversario-fundacion-real-madrid\/#primaryimage","url":"\/app\/uploads\/sites\/2\/banner-1.jpg","contentUrl":"\/app\/uploads\/sites\/2\/banner-1.jpg","width":640,"height":360},{"@type":"BreadcrumbList","@id":"https:\/\/distribution.audio-technica.eu\/es-es\/noticias\/20-aniversario-fundacion-real-madrid\/#breadcrumb","itemListElement":[{"@type":"ListItem","position":1,"name":"Products","item":"https:\/\/distribution.audio-technica.eu\/es-es\/"},{"@type":"ListItem","position":2,"name":"Vig\u00e9simo aniversario de la Fundaci\u00f3n Real Madrid con un concierto en el Teatro Real con dLive"}]},{"@type":"WebSite","@id":"https:\/\/distribution.audio-technica.eu\/es-es\/#website","url":"https:\/\/distribution.audio-technica.eu\/es-es\/","name":"Audio-Technica Iberia","description":"Distribuci\u00f3n","potentialAction":[{"@type":"SearchAction","target":{"@type":"EntryPoint","urlTemplate":"https:\/\/distribution.audio-technica.eu\/es-es\/?s={search_term_string}"},"query-input":{"@type":"PropertyValueSpecification","valueRequired":true,"valueName":"search_term_string"}}],"inLanguage":"es"},{"@type":"Person","@id":"https:\/\/distribution.audio-technica.eu\/es-es\/#\/schema\/person\/e8e715e047e33cc425e816f59cbd9b80","name":"Audio-Technica"}]}},"_links":{"self":[{"href":"https:\/\/distribution.audio-technica.eu\/es-es\/wp-json\/wp\/v2\/posts\/2290","targetHints":{"allow":["GET"]}}],"collection":[{"href":"https:\/\/distribution.audio-technica.eu\/es-es\/wp-json\/wp\/v2\/posts"}],"about":[{"href":"https:\/\/distribution.audio-technica.eu\/es-es\/wp-json\/wp\/v2\/types\/post"}],"author":[{"embeddable":true,"href":"https:\/\/distribution.audio-technica.eu\/es-es\/wp-json\/wp\/v2\/users\/1"}],"replies":[{"embeddable":true,"href":"https:\/\/distribution.audio-technica.eu\/es-es\/wp-json\/wp\/v2\/comments?post=2290"}],"version-history":[{"count":1,"href":"https:\/\/distribution.audio-technica.eu\/es-es\/wp-json\/wp\/v2\/posts\/2290\/revisions"}],"predecessor-version":[{"id":26943,"href":"https:\/\/distribution.audio-technica.eu\/es-es\/wp-json\/wp\/v2\/posts\/2290\/revisions\/26943"}],"wp:featuredmedia":[{"embeddable":true,"href":"https:\/\/distribution.audio-technica.eu\/es-es\/wp-json\/wp\/v2\/media\/2294"}],"wp:attachment":[{"href":"https:\/\/distribution.audio-technica.eu\/es-es\/wp-json\/wp\/v2\/media?parent=2290"}],"wp:term":[{"taxonomy":"category","embeddable":true,"href":"https:\/\/distribution.audio-technica.eu\/es-es\/wp-json\/wp\/v2\/categories?post=2290"},{"taxonomy":"post_tag","embeddable":true,"href":"https:\/\/distribution.audio-technica.eu\/es-es\/wp-json\/wp\/v2\/tags?post=2290"}],"curies":[{"name":"wp","href":"https:\/\/api.w.org\/{rel}","templated":true}]}}