{"id":2297,"date":"2018-03-06T22:06:52","date_gmt":"2018-03-06T21:06:52","guid":{"rendered":"http:\/\/noticias.audio-technica.es\/?p=2297"},"modified":"2023-10-17T18:32:40","modified_gmt":"2023-10-17T16:32:40","slug":"audio-technica-presento-novedades-afial-2018","status":"publish","type":"post","link":"https:\/\/distribution.audio-technica.eu\/es-es\/noticias\/audio-technica-presento-novedades-afial-2018\/","title":{"rendered":"Audio-Technica present\u00f3 sus novedades en el exitoso certamen Afial 2018"},"content":{"rendered":"<h2>Audio-Technica particip\u00f3 en la 8\u00aa edici\u00f3n de Afial, con un stand en el que los asistentes pudieron tomar contacto con las novedades que present\u00f3 este a\u00f1o la firma y las de sus marcas distribuidas.<\/h2>\n<p><a href=\"http:\/\/noticias.audio-technica.es\/wp-content\/uploads\/Afial-2018.jpg\"><img loading=\"lazy\" decoding=\"async\" class=\"alignnone size-full wp-image-2317\" src=\"http:\/\/noticias.audio-technica.es\/wp-content\/uploads\/Afial-2018.jpg\" alt=\"Audio-Technica present\u00f3 sus novedades en el exitoso certamen Afial 2018\" width=\"1500\" height=\"847\" srcset=\"https:\/\/distribution.audio-technica.eu\/app\/uploads\/sites\/2\/Afial-2018.jpg 1500w, https:\/\/distribution.audio-technica.eu\/app\/uploads\/sites\/2\/Afial-2018-300x169.jpg 300w, https:\/\/distribution.audio-technica.eu\/app\/uploads\/sites\/2\/Afial-2018-768x434.jpg 768w, https:\/\/distribution.audio-technica.eu\/app\/uploads\/sites\/2\/Afial-2018-1024x578.jpg 1024w, https:\/\/distribution.audio-technica.eu\/app\/uploads\/sites\/2\/Afial-2018-200x113.jpg 200w, https:\/\/distribution.audio-technica.eu\/app\/uploads\/sites\/2\/Afial-2018-400x226.jpg 400w, https:\/\/distribution.audio-technica.eu\/app\/uploads\/sites\/2\/Afial-2018-600x339.jpg 600w, https:\/\/distribution.audio-technica.eu\/app\/uploads\/sites\/2\/Afial-2018-800x452.jpg 800w, https:\/\/distribution.audio-technica.eu\/app\/uploads\/sites\/2\/Afial-2018-1200x678.jpg 1200w\" sizes=\"auto, (max-width: 1500px) 100vw, 1500px\" \/><\/a><\/p>\n<p>Afial, el certamen profesional de referencia para la industria del sonido, la iluminaci\u00f3n y la tecnolog\u00eda audiovisual, celebr\u00f3 una nueva edici\u00f3n los d\u00edas 27-28 de febrero y 1 de marzo de 2018 con un gran \u00e9xito de participaci\u00f3n y cerca de 7000 visitantes.<\/p>\n<p><a href=\"http:\/\/noticias.audio-technica.es\/wp-content\/uploads\/IMG-20180301-WA0022.jpg\"><img loading=\"lazy\" decoding=\"async\" class=\"alignnone size-full wp-image-2340\" src=\"http:\/\/noticias.audio-technica.es\/wp-content\/uploads\/IMG-20180301-WA0022.jpg\" alt=\"\" width=\"1500\" height=\"1125\" srcset=\"https:\/\/distribution.audio-technica.eu\/app\/uploads\/sites\/2\/IMG-20180301-WA0022.jpg 1500w, https:\/\/distribution.audio-technica.eu\/app\/uploads\/sites\/2\/IMG-20180301-WA0022-300x225.jpg 300w, https:\/\/distribution.audio-technica.eu\/app\/uploads\/sites\/2\/IMG-20180301-WA0022-768x576.jpg 768w, https:\/\/distribution.audio-technica.eu\/app\/uploads\/sites\/2\/IMG-20180301-WA0022-1024x768.jpg 1024w, https:\/\/distribution.audio-technica.eu\/app\/uploads\/sites\/2\/IMG-20180301-WA0022-200x150.jpg 200w, https:\/\/distribution.audio-technica.eu\/app\/uploads\/sites\/2\/IMG-20180301-WA0022-400x300.jpg 400w, https:\/\/distribution.audio-technica.eu\/app\/uploads\/sites\/2\/IMG-20180301-WA0022-600x450.jpg 600w, https:\/\/distribution.audio-technica.eu\/app\/uploads\/sites\/2\/IMG-20180301-WA0022-800x600.jpg 800w, https:\/\/distribution.audio-technica.eu\/app\/uploads\/sites\/2\/IMG-20180301-WA0022-1200x900.jpg 1200w\" sizes=\"auto, (max-width: 1500px) 100vw, 1500px\" \/><\/a><\/p>\n<p>Audio-Technica estuvo presente en su stand de la Cota 0 y en la sala de demostraciones indoor, donde se pudo ver una amplia representaci\u00f3n del extenso cat\u00e1logo de esta firma y sus marcas representadas, con importantes novedades, entre las que destacamos:<\/p>\n<h3><strong>AUDIO-TECHNICA<\/strong><\/h3>\n<p><a href=\"http:\/\/noticias.audio-technica.es\/wp-content\/uploads\/Afial-2018-ATH-M50xBB_redimensionar.jpg\"><img loading=\"lazy\" decoding=\"async\" class=\"wp-image-2308 alignleft\" src=\"http:\/\/noticias.audio-technica.es\/wp-content\/uploads\/Afial-2018-ATH-M50xBB_redimensionar.jpg\" alt=\"Audio-Technica present\u00f3 sus novedades en el exitoso certamen Afial 2018\" width=\"107\" height=\"189\" srcset=\"https:\/\/distribution.audio-technica.eu\/app\/uploads\/sites\/2\/Afial-2018-ATH-M50xBB_redimensionar.jpg 847w, https:\/\/distribution.audio-technica.eu\/app\/uploads\/sites\/2\/Afial-2018-ATH-M50xBB_redimensionar-169x300.jpg 169w, https:\/\/distribution.audio-technica.eu\/app\/uploads\/sites\/2\/Afial-2018-ATH-M50xBB_redimensionar-768x1360.jpg 768w, https:\/\/distribution.audio-technica.eu\/app\/uploads\/sites\/2\/Afial-2018-ATH-M50xBB_redimensionar-578x1024.jpg 578w, https:\/\/distribution.audio-technica.eu\/app\/uploads\/sites\/2\/Afial-2018-ATH-M50xBB_redimensionar-200x354.jpg 200w, https:\/\/distribution.audio-technica.eu\/app\/uploads\/sites\/2\/Afial-2018-ATH-M50xBB_redimensionar-400x708.jpg 400w, https:\/\/distribution.audio-technica.eu\/app\/uploads\/sites\/2\/Afial-2018-ATH-M50xBB_redimensionar-600x1063.jpg 600w, https:\/\/distribution.audio-technica.eu\/app\/uploads\/sites\/2\/Afial-2018-ATH-M50xBB_redimensionar-800x1417.jpg 800w\" sizes=\"auto, (max-width: 107px) 100vw, 107px\" \/><\/a>Los nuevos auriculares <a href=\"https:\/\/eu.audio-technica.com\/ATH-M50xBB?lang=es\"><strong>ATH-M50xBB<\/strong><\/a>. El modelo de la Serie M de auriculares de monitorizaci\u00f3n m\u00e1s aclamado por la cr\u00edtica, elogiado a\u00f1o tras a\u00f1o por los mejores t\u00e9cnicos de sonido de estudio y directo, y analizadores de productos para audio profesional, disponible ahora en una edici\u00f3n especial, acabado en un espectacular color azul.<\/p>\n<p>&nbsp;<\/p>\n<p>&nbsp;<\/p>\n<p><a href=\"http:\/\/noticias.audio-technica.es\/wp-content\/uploads\/IMG_20180301_144725.jpg\"><img loading=\"lazy\" decoding=\"async\" class=\"alignnone wp-image-2339 size-full\" src=\"http:\/\/noticias.audio-technica.es\/wp-content\/uploads\/IMG_20180301_144725.jpg\" alt=\"\" width=\"1500\" height=\"1183\" srcset=\"https:\/\/distribution.audio-technica.eu\/app\/uploads\/sites\/2\/IMG_20180301_144725.jpg 1500w, https:\/\/distribution.audio-technica.eu\/app\/uploads\/sites\/2\/IMG_20180301_144725-300x237.jpg 300w, https:\/\/distribution.audio-technica.eu\/app\/uploads\/sites\/2\/IMG_20180301_144725-768x606.jpg 768w, https:\/\/distribution.audio-technica.eu\/app\/uploads\/sites\/2\/IMG_20180301_144725-1024x808.jpg 1024w, https:\/\/distribution.audio-technica.eu\/app\/uploads\/sites\/2\/IMG_20180301_144725-200x158.jpg 200w, https:\/\/distribution.audio-technica.eu\/app\/uploads\/sites\/2\/IMG_20180301_144725-400x315.jpg 400w, https:\/\/distribution.audio-technica.eu\/app\/uploads\/sites\/2\/IMG_20180301_144725-600x473.jpg 600w, https:\/\/distribution.audio-technica.eu\/app\/uploads\/sites\/2\/IMG_20180301_144725-800x631.jpg 800w, https:\/\/distribution.audio-technica.eu\/app\/uploads\/sites\/2\/IMG_20180301_144725-1200x946.jpg 1200w\" sizes=\"auto, (max-width: 1500px) 100vw, 1500px\" \/><\/a><\/p>\n<p><a href=\"http:\/\/noticias.audio-technica.es\/wp-content\/uploads\/Afial-2018-ATH-Pro5x_redimensionar.jpg\"><img loading=\"lazy\" decoding=\"async\" class=\"wp-image-2310 alignleft\" src=\"http:\/\/noticias.audio-technica.es\/wp-content\/uploads\/Afial-2018-ATH-Pro5x_redimensionar.jpg\" alt=\"Audio-Technica present\u00f3 sus novedades en el exitoso certamen Afial 2018\" width=\"108\" height=\"192\" srcset=\"https:\/\/distribution.audio-technica.eu\/app\/uploads\/sites\/2\/Afial-2018-ATH-Pro5x_redimensionar.jpg 847w, https:\/\/distribution.audio-technica.eu\/app\/uploads\/sites\/2\/Afial-2018-ATH-Pro5x_redimensionar-169x300.jpg 169w, https:\/\/distribution.audio-technica.eu\/app\/uploads\/sites\/2\/Afial-2018-ATH-Pro5x_redimensionar-768x1360.jpg 768w, https:\/\/distribution.audio-technica.eu\/app\/uploads\/sites\/2\/Afial-2018-ATH-Pro5x_redimensionar-578x1024.jpg 578w, https:\/\/distribution.audio-technica.eu\/app\/uploads\/sites\/2\/Afial-2018-ATH-Pro5x_redimensionar-200x354.jpg 200w, https:\/\/distribution.audio-technica.eu\/app\/uploads\/sites\/2\/Afial-2018-ATH-Pro5x_redimensionar-400x708.jpg 400w, https:\/\/distribution.audio-technica.eu\/app\/uploads\/sites\/2\/Afial-2018-ATH-Pro5x_redimensionar-600x1063.jpg 600w, https:\/\/distribution.audio-technica.eu\/app\/uploads\/sites\/2\/Afial-2018-ATH-Pro5x_redimensionar-800x1417.jpg 800w\" sizes=\"auto, (max-width: 108px) 100vw, 108px\" \/><\/a><a href=\"http:\/\/noticias.audio-technica.es\/wp-content\/uploads\/Afial-2018-ATH-Pro7x_redimensionar.jpg\"><img loading=\"lazy\" decoding=\"async\" class=\"wp-image-2311 alignleft\" src=\"http:\/\/noticias.audio-technica.es\/wp-content\/uploads\/Afial-2018-ATH-Pro7x_redimensionar.jpg\" alt=\"Audio-Technica present\u00f3 sus novedades en el exitoso certamen Afial 2018\" width=\"108\" height=\"191\" srcset=\"https:\/\/distribution.audio-technica.eu\/app\/uploads\/sites\/2\/Afial-2018-ATH-Pro7x_redimensionar.jpg 847w, https:\/\/distribution.audio-technica.eu\/app\/uploads\/sites\/2\/Afial-2018-ATH-Pro7x_redimensionar-169x300.jpg 169w, https:\/\/distribution.audio-technica.eu\/app\/uploads\/sites\/2\/Afial-2018-ATH-Pro7x_redimensionar-768x1360.jpg 768w, https:\/\/distribution.audio-technica.eu\/app\/uploads\/sites\/2\/Afial-2018-ATH-Pro7x_redimensionar-578x1024.jpg 578w, https:\/\/distribution.audio-technica.eu\/app\/uploads\/sites\/2\/Afial-2018-ATH-Pro7x_redimensionar-200x354.jpg 200w, https:\/\/distribution.audio-technica.eu\/app\/uploads\/sites\/2\/Afial-2018-ATH-Pro7x_redimensionar-400x708.jpg 400w, https:\/\/distribution.audio-technica.eu\/app\/uploads\/sites\/2\/Afial-2018-ATH-Pro7x_redimensionar-600x1063.jpg 600w, https:\/\/distribution.audio-technica.eu\/app\/uploads\/sites\/2\/Afial-2018-ATH-Pro7x_redimensionar-800x1417.jpg 800w\" sizes=\"auto, (max-width: 108px) 100vw, 108px\" \/><\/a>Nuevos auriculares profesionales para DJ, tanto en versi\u00f3n over-ear <a href=\"https:\/\/eu.audio-technica.com\/ATH-Pro5x?lang=es\"><strong>ATH-Pro5x<\/strong><\/a> como on-ear <a href=\"https:\/\/eu.audio-technica.com\/ATH-M50xBB?lang=es\"><strong>ATH-Pro7x<\/strong><\/a>. El primero est\u00e1 equipado con transductores de 40 mm que presentan una respuesta en frecuencia ampliada, y una potencia m\u00e1xima de entrada de 1.500 mW para funcionar a altos niveles, con un aislamiento y comodidad excepcionales. Por su parte, los auriculares on-ear ATH-Pro7x incorporan transductores de 45 mm, y ofrecen una amplia respuesta en frecuencia que abarca de 5 a 40,000 Hz. Sus aud\u00edfonos son giratorios, ofrecen un excelente aislamiento, y sus almohadillas suaves y de alta calidad brindan horas de comodidad.<\/p>\n<p><strong><a href=\"http:\/\/noticias.audio-technica.es\/wp-content\/uploads\/Afial-2018-AT-XP5-XP7_redimensionar.jpg\"><img loading=\"lazy\" decoding=\"async\" class=\"alignnone size-full wp-image-2313\" src=\"http:\/\/noticias.audio-technica.es\/wp-content\/uploads\/Afial-2018-AT-XP5-XP7_redimensionar.jpg\" alt=\"Audio-Technica present\u00f3 sus novedades en el exitoso certamen Afial 2018\" width=\"1500\" height=\"847\" srcset=\"https:\/\/distribution.audio-technica.eu\/app\/uploads\/sites\/2\/Afial-2018-AT-XP5-XP7_redimensionar.jpg 1500w, https:\/\/distribution.audio-technica.eu\/app\/uploads\/sites\/2\/Afial-2018-AT-XP5-XP7_redimensionar-300x169.jpg 300w, https:\/\/distribution.audio-technica.eu\/app\/uploads\/sites\/2\/Afial-2018-AT-XP5-XP7_redimensionar-768x434.jpg 768w, https:\/\/distribution.audio-technica.eu\/app\/uploads\/sites\/2\/Afial-2018-AT-XP5-XP7_redimensionar-1024x578.jpg 1024w, https:\/\/distribution.audio-technica.eu\/app\/uploads\/sites\/2\/Afial-2018-AT-XP5-XP7_redimensionar-200x113.jpg 200w, https:\/\/distribution.audio-technica.eu\/app\/uploads\/sites\/2\/Afial-2018-AT-XP5-XP7_redimensionar-400x226.jpg 400w, https:\/\/distribution.audio-technica.eu\/app\/uploads\/sites\/2\/Afial-2018-AT-XP5-XP7_redimensionar-600x339.jpg 600w, https:\/\/distribution.audio-technica.eu\/app\/uploads\/sites\/2\/Afial-2018-AT-XP5-XP7_redimensionar-800x452.jpg 800w, https:\/\/distribution.audio-technica.eu\/app\/uploads\/sites\/2\/Afial-2018-AT-XP5-XP7_redimensionar-1200x678.jpg 1200w\" sizes=\"auto, (max-width: 1500px) 100vw, 1500px\" \/><\/a><\/strong><\/p>\n<p><a href=\"https:\/\/eu.audio-technica.com\/hifi-phono\/cartridges\/AT-XP5?lang=es\"><strong>AT-XP5<\/strong><\/a> y <a href=\"https:\/\/eu.audio-technica.com\/AT-XP7?lang=es\"><strong>AT-XP7<\/strong><\/a> son dos nuevas c\u00e1psulas fonogr\u00e1ficas de im\u00e1n m\u00f3vil para DJ nacidas de la legendaria herencia Hi-Fi de Audio-Technica y desarrolladas con algunos de los DJ\u2019s m\u00e1s innovadores del mundo. Tanto la AT-XP5 como la AT-XP7 han sido dise\u00f1adas para ser robustas y fiables, con una aguja el\u00edptica pegada de 0.3 x 0.7 mil y una fuerza de seguimiento ajustable de 2.0 a 4.0 gramos, que ofrece la m\u00e1xima capacidad de seguimiento incluso para los surcos m\u00e1s anchos y profundos. Esta capacidad de seguimiento se combina con un potente nivel de salida, con la AT-XP5 dando 5.5 mV y la AT-XP7 dando 6.0 mV. Ambas c\u00e1psulas se caracterizan por su alta rigidez, su cuerpo liviano de sulfuro de polifenileno (PPS)\/ fibra de vidrio que minimiza las vibraciones no deseadas, y las c\u00e1psulas tambi\u00e9n est\u00e1n dise\u00f1adas con una punta con un recubrimiento luminoso para proporcionar la m\u00e1xima visibilidad de la punta de la aguja para un posicionamiento preciso en el disco.<\/p>\n<p><a href=\"http:\/\/noticias.audio-technica.es\/wp-content\/uploads\/Afial-2018-AT5047_redimensionar.jpg\"><img loading=\"lazy\" decoding=\"async\" class=\"wp-image-2306 alignleft\" src=\"http:\/\/noticias.audio-technica.es\/wp-content\/uploads\/Afial-2018-AT5047_redimensionar.jpg\" alt=\"Audio-Technica present\u00f3 sus novedades en el exitoso certamen Afial 2018\" width=\"126\" height=\"223\" srcset=\"https:\/\/distribution.audio-technica.eu\/app\/uploads\/sites\/2\/Afial-2018-AT5047_redimensionar.jpg 847w, https:\/\/distribution.audio-technica.eu\/app\/uploads\/sites\/2\/Afial-2018-AT5047_redimensionar-169x300.jpg 169w, https:\/\/distribution.audio-technica.eu\/app\/uploads\/sites\/2\/Afial-2018-AT5047_redimensionar-768x1360.jpg 768w, https:\/\/distribution.audio-technica.eu\/app\/uploads\/sites\/2\/Afial-2018-AT5047_redimensionar-578x1024.jpg 578w, https:\/\/distribution.audio-technica.eu\/app\/uploads\/sites\/2\/Afial-2018-AT5047_redimensionar-200x354.jpg 200w, https:\/\/distribution.audio-technica.eu\/app\/uploads\/sites\/2\/Afial-2018-AT5047_redimensionar-400x708.jpg 400w, https:\/\/distribution.audio-technica.eu\/app\/uploads\/sites\/2\/Afial-2018-AT5047_redimensionar-600x1063.jpg 600w, https:\/\/distribution.audio-technica.eu\/app\/uploads\/sites\/2\/Afial-2018-AT5047_redimensionar-800x1417.jpg 800w\" sizes=\"auto, (max-width: 126px) 100vw, 126px\" \/><\/a><\/p>\n<p>El micr\u00f3fono cardioide de condensador acoplado por transformador <a href=\"https:\/\/eu.audio-technica.com\/AT5047?lang=es\"><strong>AT5047<\/strong> <\/a>ofrece una gama din\u00e1mica excepcionalmente amplia, que capta el car\u00e1cter completo y expresivo de los instrumentos y las voces &#8211; desde la caricia de las escobillas de percusi\u00f3n hasta las m\u00e1s potentes interpretaciones vocales. Dispone de cuatro diafragmas rectangulares (2 micrones) que funcionan conjuntamente para proporcionar una superficie combinada, el doble que la de un diafragma circular est\u00e1ndar de una pulgada. En su construcci\u00f3n se han utilizado componentes discretos cuidadosamente seleccionados y optimizados para un m\u00e1ximo rendimiento y compatibilidad con preamplificadores de micr\u00f3fono independientes y entradas de consola. Su salida acoplada por transformador proporciona un car\u00e1cter s\u00f3nico suave.<\/p>\n<p><a href=\"http:\/\/noticias.audio-technica.es\/wp-content\/uploads\/Afial-2018-ATDM-0604_redimensionar.jpg\"><img loading=\"lazy\" decoding=\"async\" class=\"wp-image-2307 alignleft\" src=\"http:\/\/noticias.audio-technica.es\/wp-content\/uploads\/Afial-2018-ATDM-0604_redimensionar.jpg\" alt=\"Audio-Technica present\u00f3 sus novedades en el exitoso certamen Afial 2018\" width=\"126\" height=\"223\" srcset=\"https:\/\/distribution.audio-technica.eu\/app\/uploads\/sites\/2\/Afial-2018-ATDM-0604_redimensionar.jpg 847w, https:\/\/distribution.audio-technica.eu\/app\/uploads\/sites\/2\/Afial-2018-ATDM-0604_redimensionar-169x300.jpg 169w, https:\/\/distribution.audio-technica.eu\/app\/uploads\/sites\/2\/Afial-2018-ATDM-0604_redimensionar-768x1360.jpg 768w, https:\/\/distribution.audio-technica.eu\/app\/uploads\/sites\/2\/Afial-2018-ATDM-0604_redimensionar-578x1024.jpg 578w, https:\/\/distribution.audio-technica.eu\/app\/uploads\/sites\/2\/Afial-2018-ATDM-0604_redimensionar-200x354.jpg 200w, https:\/\/distribution.audio-technica.eu\/app\/uploads\/sites\/2\/Afial-2018-ATDM-0604_redimensionar-400x708.jpg 400w, https:\/\/distribution.audio-technica.eu\/app\/uploads\/sites\/2\/Afial-2018-ATDM-0604_redimensionar-600x1063.jpg 600w, https:\/\/distribution.audio-technica.eu\/app\/uploads\/sites\/2\/Afial-2018-ATDM-0604_redimensionar-800x1417.jpg 800w\" sizes=\"auto, (max-width: 126px) 100vw, 126px\" \/><\/a>El mezclador autom\u00e1tico digital Smartmixer <a href=\"https:\/\/eu.audio-technica.com\/ATDM-0604?lang=es\"><strong>ATDM-0604<\/strong><\/a> de Audio-Technica mezcla autom\u00e1ticamente 6 entradas de micr\u00f3fono en modo compartir puerta o ganancia, garantizando una salida de audio consistente y de alta calidad sin retroalimentaciones, ruido ambiental excesivo y filtrado de peine. Con un uso intuitivo, opciones de control local y remoto, eficaz cancelaci\u00f3n de eco e interfaz de audio USB para aplicaciones de c\u00f3dec software, el ATDM-0604 ofrece la potencia y flexibilidad para permitir la mezcla inteligente de 6 canales. Es posible enlazar hasta 6 mezcladores por medio de cable Cat5e.<\/p>\n<p>&nbsp;<\/p>\n<p><a href=\"http:\/\/noticias.audio-technica.es\/wp-content\/uploads\/Afial-2018-ATUC50_redimensionar.jpg\"><img loading=\"lazy\" decoding=\"async\" class=\"wp-image-2312 aligncenter\" src=\"http:\/\/noticias.audio-technica.es\/wp-content\/uploads\/Afial-2018-ATUC50_redimensionar.jpg\" alt=\"Audio-Technica present\u00f3 sus novedades en el exitoso certamen Afial 2018\" width=\"338\" height=\"599\" srcset=\"https:\/\/distribution.audio-technica.eu\/app\/uploads\/sites\/2\/Afial-2018-ATUC50_redimensionar.jpg 847w, https:\/\/distribution.audio-technica.eu\/app\/uploads\/sites\/2\/Afial-2018-ATUC50_redimensionar-169x300.jpg 169w, https:\/\/distribution.audio-technica.eu\/app\/uploads\/sites\/2\/Afial-2018-ATUC50_redimensionar-768x1360.jpg 768w, https:\/\/distribution.audio-technica.eu\/app\/uploads\/sites\/2\/Afial-2018-ATUC50_redimensionar-578x1024.jpg 578w, https:\/\/distribution.audio-technica.eu\/app\/uploads\/sites\/2\/Afial-2018-ATUC50_redimensionar-200x354.jpg 200w, https:\/\/distribution.audio-technica.eu\/app\/uploads\/sites\/2\/Afial-2018-ATUC50_redimensionar-400x708.jpg 400w, https:\/\/distribution.audio-technica.eu\/app\/uploads\/sites\/2\/Afial-2018-ATUC50_redimensionar-600x1063.jpg 600w, https:\/\/distribution.audio-technica.eu\/app\/uploads\/sites\/2\/Afial-2018-ATUC50_redimensionar-800x1417.jpg 800w\" sizes=\"auto, (max-width: 338px) 100vw, 338px\" \/><\/a><\/p>\n<p>El <a href=\"https:\/\/eu.audio-technica.com\/ATUC-50IU?lang=es\"><strong>ATUC-50IU<\/strong><\/a> es un microprocesador para unidades de conferencia de montaje empotrado dise\u00f1ado para el sistema ATUC-50. Se puede colocar en cualquier parte de la misma cadena \/ bucle con otras unidades <a href=\"https:\/\/eu.audio-technica.com\/conferencing#atuc-50\">ATUC-50<\/a>, donde la arquitectura del sistema requiere una instalaci\u00f3n transparente y oculta del microprocesador. La unidad proporciona conexiones a una amplia gama de componentes de montaje empotrado como altavoz, micr\u00f3fono, salida para auriculares, selector de canales y m\u00e1s. Los componentes de la unidad de conferencia de montaje empotrado del amplio cat\u00e1logo de productos para Instalaci\u00f3n de Audio-Technica son totalmente personalizables por el integrador de sistemas. Con las 16 GPIOs (entradas\/salidas de prop\u00f3sito general), esta unidad tambi\u00e9n puede proporcionar se\u00f1al para una variedad de combinaciones deseadas de las caracter\u00edsticas como, por ejemplo: hasta 8 botones para la votaci\u00f3n externa, presets diferentes y otros comandos relacionados con la conferencia. La unidad est\u00e1 disponible en versi\u00f3n single y programable por tipo de usuario como delegado, presidente o VIP.<\/p>\n<p><a href=\"http:\/\/noticias.audio-technica.es\/wp-content\/uploads\/Afial-2018-ATH-M50xRD-Winners.jpg\"><img loading=\"lazy\" decoding=\"async\" class=\"alignnone size-full wp-image-2309\" src=\"http:\/\/noticias.audio-technica.es\/wp-content\/uploads\/Afial-2018-ATH-M50xRD-Winners.jpg\" alt=\"Audio-Technica present\u00f3 sus novedades en el exitoso certamen Afial 2018\" width=\"1800\" height=\"399\" srcset=\"https:\/\/distribution.audio-technica.eu\/app\/uploads\/sites\/2\/Afial-2018-ATH-M50xRD-Winners.jpg 1800w, https:\/\/distribution.audio-technica.eu\/app\/uploads\/sites\/2\/Afial-2018-ATH-M50xRD-Winners-300x67.jpg 300w, https:\/\/distribution.audio-technica.eu\/app\/uploads\/sites\/2\/Afial-2018-ATH-M50xRD-Winners-768x170.jpg 768w, https:\/\/distribution.audio-technica.eu\/app\/uploads\/sites\/2\/Afial-2018-ATH-M50xRD-Winners-1024x227.jpg 1024w, https:\/\/distribution.audio-technica.eu\/app\/uploads\/sites\/2\/Afial-2018-ATH-M50xRD-Winners-200x44.jpg 200w, https:\/\/distribution.audio-technica.eu\/app\/uploads\/sites\/2\/Afial-2018-ATH-M50xRD-Winners-400x89.jpg 400w, https:\/\/distribution.audio-technica.eu\/app\/uploads\/sites\/2\/Afial-2018-ATH-M50xRD-Winners-600x133.jpg 600w, https:\/\/distribution.audio-technica.eu\/app\/uploads\/sites\/2\/Afial-2018-ATH-M50xRD-Winners-800x177.jpg 800w, https:\/\/distribution.audio-technica.eu\/app\/uploads\/sites\/2\/Afial-2018-ATH-M50xRD-Winners-1200x266.jpg 1200w\" sizes=\"auto, (max-width: 1800px) 100vw, 1800px\" \/><\/a><\/p>\n<p>Adem\u00e1s, durante los 3 d\u00edas que dur\u00f3 la feria, se sortearon diariamente entre los visitantes del stand, unos auriculares de edici\u00f3n limitada <strong><a href=\"https:\/\/eu.audio-technica.com\/ATH-M50xRD?lang=es\">ATH-M50xRD<\/a>. <\/strong>Enhorabuena a los tres ganadores!<\/p>\n<p><a href=\"http:\/\/noticias.audio-technica.es\/wp-content\/uploads\/IMG-20180301-WA0055.jpg\"><img loading=\"lazy\" decoding=\"async\" class=\"alignnone size-full wp-image-2341\" src=\"http:\/\/noticias.audio-technica.es\/wp-content\/uploads\/IMG-20180301-WA0055.jpg\" alt=\"\" width=\"1500\" height=\"843\" srcset=\"https:\/\/distribution.audio-technica.eu\/app\/uploads\/sites\/2\/IMG-20180301-WA0055.jpg 1500w, https:\/\/distribution.audio-technica.eu\/app\/uploads\/sites\/2\/IMG-20180301-WA0055-300x169.jpg 300w, https:\/\/distribution.audio-technica.eu\/app\/uploads\/sites\/2\/IMG-20180301-WA0055-768x432.jpg 768w, https:\/\/distribution.audio-technica.eu\/app\/uploads\/sites\/2\/IMG-20180301-WA0055-1024x575.jpg 1024w, https:\/\/distribution.audio-technica.eu\/app\/uploads\/sites\/2\/IMG-20180301-WA0055-200x112.jpg 200w, https:\/\/distribution.audio-technica.eu\/app\/uploads\/sites\/2\/IMG-20180301-WA0055-400x225.jpg 400w, https:\/\/distribution.audio-technica.eu\/app\/uploads\/sites\/2\/IMG-20180301-WA0055-600x337.jpg 600w, https:\/\/distribution.audio-technica.eu\/app\/uploads\/sites\/2\/IMG-20180301-WA0055-800x450.jpg 800w, https:\/\/distribution.audio-technica.eu\/app\/uploads\/sites\/2\/IMG-20180301-WA0055-1200x674.jpg 1200w\" sizes=\"auto, (max-width: 1500px) 100vw, 1500px\" \/><\/a><\/p>\n<h3><strong>ALLEN &amp; HEATH<\/strong><\/h3>\n<p><a href=\"http:\/\/noticias.audio-technica.es\/wp-content\/uploads\/Afial-2018-AH-SQ-Series_redimensionar.jpg\"><img loading=\"lazy\" decoding=\"async\" class=\"aligncenter wp-image-2302\" src=\"http:\/\/noticias.audio-technica.es\/wp-content\/uploads\/Afial-2018-AH-SQ-Series_redimensionar.jpg\" alt=\"Audio-Technica present\u00f3 sus novedades en el exitoso certamen Afial 2018\" width=\"639\" height=\"361\" srcset=\"https:\/\/distribution.audio-technica.eu\/app\/uploads\/sites\/2\/Afial-2018-AH-SQ-Series_redimensionar.jpg 1500w, https:\/\/distribution.audio-technica.eu\/app\/uploads\/sites\/2\/Afial-2018-AH-SQ-Series_redimensionar-300x169.jpg 300w, https:\/\/distribution.audio-technica.eu\/app\/uploads\/sites\/2\/Afial-2018-AH-SQ-Series_redimensionar-768x434.jpg 768w, https:\/\/distribution.audio-technica.eu\/app\/uploads\/sites\/2\/Afial-2018-AH-SQ-Series_redimensionar-1024x578.jpg 1024w, https:\/\/distribution.audio-technica.eu\/app\/uploads\/sites\/2\/Afial-2018-AH-SQ-Series_redimensionar-200x113.jpg 200w, https:\/\/distribution.audio-technica.eu\/app\/uploads\/sites\/2\/Afial-2018-AH-SQ-Series_redimensionar-400x226.jpg 400w, https:\/\/distribution.audio-technica.eu\/app\/uploads\/sites\/2\/Afial-2018-AH-SQ-Series_redimensionar-600x339.jpg 600w, https:\/\/distribution.audio-technica.eu\/app\/uploads\/sites\/2\/Afial-2018-AH-SQ-Series_redimensionar-800x452.jpg 800w, https:\/\/distribution.audio-technica.eu\/app\/uploads\/sites\/2\/Afial-2018-AH-SQ-Series_redimensionar-1200x678.jpg 1200w\" sizes=\"auto, (max-width: 639px) 100vw, 639px\" \/><\/a><\/p>\n<p>La novedad m\u00e1s importante presentada por Allen&amp;Heath ser\u00e1n las nuevas consolas digitales de mezcla de la <a href=\"https:\/\/eu.audio-technica.com\/brands\/allenheath\/ah-por-series\/Serie-SQ?lang=es\"><strong>Serie SQ<\/strong><\/a>, que ya han despertado una enorme expectaci\u00f3n por sus avanzadas prestaciones y lo asequible de su precio. Construidos alrededor de la \u00faltima generaci\u00f3n del n\u00facleo XCVI FPGA 96 kHz, los mezcladores SQ establecen un nuevo est\u00e1ndar para los mezcladores digitales compactos, proporcionando un pr\u00edstino audio en alta resoluci\u00f3n con una latencia sin precedentes de tan solo &lt;0.7 ms. Los nuevos modelos SQ5 y SQ6 disponen, respectivamente, de 16 preamplificadores y 17 faders, y 24 preamplificadores y 25 faders. Ambos pueden ser ampliados para disponer de hasta 48 entradas, con la ayuda de cualquiera de los modelos de la extensa familia de expansores remotos que ofrece Allen&amp;Heath. El SQ5 permite su montaje en rack. Tambi\u00e9n cuentan con una ranura para la inserci\u00f3n de tarjetas opcionales para red de audio Dante, Waves o de otros formatos, expandiendo las posibilidades para la integraci\u00f3n de sistemas, splits FoH\/monitor y grabaci\u00f3n multipista.<\/p>\n<p><a href=\"http:\/\/noticias.audio-technica.es\/wp-content\/uploads\/Afial-2018-AH-dLive-C-Class_redimensionar.jpg\"><img loading=\"lazy\" decoding=\"async\" class=\"aligncenter wp-image-2301\" src=\"http:\/\/noticias.audio-technica.es\/wp-content\/uploads\/Afial-2018-AH-dLive-C-Class_redimensionar.jpg\" alt=\"Audio-Technica present\u00f3 sus novedades en el exitoso certamen Afial 2018\" width=\"639\" height=\"361\" srcset=\"https:\/\/distribution.audio-technica.eu\/app\/uploads\/sites\/2\/Afial-2018-AH-dLive-C-Class_redimensionar.jpg 1500w, https:\/\/distribution.audio-technica.eu\/app\/uploads\/sites\/2\/Afial-2018-AH-dLive-C-Class_redimensionar-300x169.jpg 300w, https:\/\/distribution.audio-technica.eu\/app\/uploads\/sites\/2\/Afial-2018-AH-dLive-C-Class_redimensionar-768x434.jpg 768w, https:\/\/distribution.audio-technica.eu\/app\/uploads\/sites\/2\/Afial-2018-AH-dLive-C-Class_redimensionar-1024x578.jpg 1024w, https:\/\/distribution.audio-technica.eu\/app\/uploads\/sites\/2\/Afial-2018-AH-dLive-C-Class_redimensionar-200x113.jpg 200w, https:\/\/distribution.audio-technica.eu\/app\/uploads\/sites\/2\/Afial-2018-AH-dLive-C-Class_redimensionar-400x226.jpg 400w, https:\/\/distribution.audio-technica.eu\/app\/uploads\/sites\/2\/Afial-2018-AH-dLive-C-Class_redimensionar-600x339.jpg 600w, https:\/\/distribution.audio-technica.eu\/app\/uploads\/sites\/2\/Afial-2018-AH-dLive-C-Class_redimensionar-800x452.jpg 800w, https:\/\/distribution.audio-technica.eu\/app\/uploads\/sites\/2\/Afial-2018-AH-dLive-C-Class_redimensionar-1200x678.jpg 1200w\" sizes=\"auto, (max-width: 639px) 100vw, 639px\" \/><\/a><\/p>\n<p>En el stand tambi\u00e9n estuvieron presentes el mezclador digital <a href=\"https:\/\/eu.audio-technica.com\/brands\/allenheath\/ah-por-series\/dlive-c-class?lang=es\"><strong>dLive C Class<\/strong><\/a> y el mezclador para monitorizaci\u00f3n personal <a href=\"https:\/\/eu.audio-technica.com\/ME-500?lang=es\"><strong>ME-500<\/strong><\/a>.<\/p>\n<h3><strong>APART AUDIO<\/strong><\/h3>\n<p><a href=\"http:\/\/noticias.audio-technica.es\/wp-content\/uploads\/Afial-2018-Apart-CMD_redimensionar.jpg\"><img loading=\"lazy\" decoding=\"async\" class=\"aligncenter wp-image-2304\" src=\"http:\/\/noticias.audio-technica.es\/wp-content\/uploads\/Afial-2018-Apart-CMD_redimensionar.jpg\" alt=\"Audio-Technica present\u00f3 sus novedades en el exitoso certamen Afial 2018\" width=\"639\" height=\"361\" srcset=\"https:\/\/distribution.audio-technica.eu\/app\/uploads\/sites\/2\/Afial-2018-Apart-CMD_redimensionar.jpg 1500w, https:\/\/distribution.audio-technica.eu\/app\/uploads\/sites\/2\/Afial-2018-Apart-CMD_redimensionar-300x169.jpg 300w, https:\/\/distribution.audio-technica.eu\/app\/uploads\/sites\/2\/Afial-2018-Apart-CMD_redimensionar-768x434.jpg 768w, https:\/\/distribution.audio-technica.eu\/app\/uploads\/sites\/2\/Afial-2018-Apart-CMD_redimensionar-1024x578.jpg 1024w, https:\/\/distribution.audio-technica.eu\/app\/uploads\/sites\/2\/Afial-2018-Apart-CMD_redimensionar-200x113.jpg 200w, https:\/\/distribution.audio-technica.eu\/app\/uploads\/sites\/2\/Afial-2018-Apart-CMD_redimensionar-400x226.jpg 400w, https:\/\/distribution.audio-technica.eu\/app\/uploads\/sites\/2\/Afial-2018-Apart-CMD_redimensionar-600x339.jpg 600w, https:\/\/distribution.audio-technica.eu\/app\/uploads\/sites\/2\/Afial-2018-Apart-CMD_redimensionar-800x452.jpg 800w, https:\/\/distribution.audio-technica.eu\/app\/uploads\/sites\/2\/Afial-2018-Apart-CMD_redimensionar-1200x678.jpg 1200w\" sizes=\"auto, (max-width: 639px) 100vw, 639px\" \/><\/a><\/p>\n<p>La nueva <a href=\"https:\/\/eu.audio-technica.com\/brands\/apartaudio\/apart-por-series\/serie-cmd?lang=es\"><strong>Serie CM Design Back Can<\/strong><\/a> de Apart disponen de una cubierta met\u00e1lica posterior sellada y de un puerto bass r\u00e9flex que proporcionan un sonido controlado en cualquier estructura de techo. La serie incluye tres modelos, que ofrecen 60, 80 y 120 W a 16 ohms \/ 20, 30 y 60 W a 100V. Dos de ellos incorporan un altavoz de 4,25\u201d, mientras que el tercero est\u00e1 equipado con un altavoz de 6.5\u201d.<\/p>\n<p><a href=\"http:\/\/noticias.audio-technica.es\/wp-content\/uploads\/Afial-2018-Apart_redimensionar.jpg\"><img loading=\"lazy\" decoding=\"async\" class=\"wp-image-2305 aligncenter\" src=\"http:\/\/noticias.audio-technica.es\/wp-content\/uploads\/Afial-2018-Apart_redimensionar.jpg\" alt=\"Audio-Technica present\u00f3 sus novedades en el exitoso certamen Afial 2018\" width=\"338\" height=\"598\" srcset=\"https:\/\/distribution.audio-technica.eu\/app\/uploads\/sites\/2\/Afial-2018-Apart_redimensionar.jpg 847w, https:\/\/distribution.audio-technica.eu\/app\/uploads\/sites\/2\/Afial-2018-Apart_redimensionar-169x300.jpg 169w, https:\/\/distribution.audio-technica.eu\/app\/uploads\/sites\/2\/Afial-2018-Apart_redimensionar-768x1360.jpg 768w, https:\/\/distribution.audio-technica.eu\/app\/uploads\/sites\/2\/Afial-2018-Apart_redimensionar-578x1024.jpg 578w, https:\/\/distribution.audio-technica.eu\/app\/uploads\/sites\/2\/Afial-2018-Apart_redimensionar-200x354.jpg 200w, https:\/\/distribution.audio-technica.eu\/app\/uploads\/sites\/2\/Afial-2018-Apart_redimensionar-400x708.jpg 400w, https:\/\/distribution.audio-technica.eu\/app\/uploads\/sites\/2\/Afial-2018-Apart_redimensionar-600x1063.jpg 600w, https:\/\/distribution.audio-technica.eu\/app\/uploads\/sites\/2\/Afial-2018-Apart_redimensionar-800x1417.jpg 800w\" sizes=\"auto, (max-width: 338px) 100vw, 338px\" \/><\/a><\/p>\n<p>La nueva <a href=\"https:\/\/eu.audio-technica.com\/brands\/apartaudio\/apart-por-series\/serie-kubo?lang=es\"><strong>Serie KUBO<\/strong> <\/a>de recintos ac\u00fasticos se compone de 2 modelos base que incorporan un altavoz full range de 3\u201d o un altavoz de 5.25\u201d de dos v\u00edas y puerto bass reflex. Ambos est\u00e1n disponibles en versiones de 8 ohm (40 y 80W) y transformador de l\u00ednea de 100V (10 y 30W), en color blanco o negro, con su soporte que permite un \u00e1ngulo de instalaci\u00f3n de 140\u00ba en vertical u horizontal, lo que posibilita su instalaci\u00f3n muy cerca de la pared o el techo.<\/p>\n<h3><strong>AUDIENT<\/strong><\/h3>\n<p><a href=\"http:\/\/noticias.audio-technica.es\/wp-content\/uploads\/Afial-2018-Audient-iD44_redimensionar.jpg\"><img loading=\"lazy\" decoding=\"async\" class=\"aligncenter wp-image-2314\" src=\"http:\/\/noticias.audio-technica.es\/wp-content\/uploads\/Afial-2018-Audient-iD44_redimensionar.jpg\" alt=\"Audio-Technica present\u00f3 sus novedades en el exitoso certamen Afial 2018\" width=\"640\" height=\"361\" srcset=\"https:\/\/distribution.audio-technica.eu\/app\/uploads\/sites\/2\/Afial-2018-Audient-iD44_redimensionar.jpg 1500w, https:\/\/distribution.audio-technica.eu\/app\/uploads\/sites\/2\/Afial-2018-Audient-iD44_redimensionar-300x169.jpg 300w, https:\/\/distribution.audio-technica.eu\/app\/uploads\/sites\/2\/Afial-2018-Audient-iD44_redimensionar-768x434.jpg 768w, https:\/\/distribution.audio-technica.eu\/app\/uploads\/sites\/2\/Afial-2018-Audient-iD44_redimensionar-1024x578.jpg 1024w, https:\/\/distribution.audio-technica.eu\/app\/uploads\/sites\/2\/Afial-2018-Audient-iD44_redimensionar-200x113.jpg 200w, https:\/\/distribution.audio-technica.eu\/app\/uploads\/sites\/2\/Afial-2018-Audient-iD44_redimensionar-400x226.jpg 400w, https:\/\/distribution.audio-technica.eu\/app\/uploads\/sites\/2\/Afial-2018-Audient-iD44_redimensionar-600x339.jpg 600w, https:\/\/distribution.audio-technica.eu\/app\/uploads\/sites\/2\/Afial-2018-Audient-iD44_redimensionar-800x452.jpg 800w, https:\/\/distribution.audio-technica.eu\/app\/uploads\/sites\/2\/Afial-2018-Audient-iD44_redimensionar-1200x678.jpg 1200w\" sizes=\"auto, (max-width: 640px) 100vw, 640px\" \/><\/a><\/p>\n<p>De la marca Audient se presentar\u00e1 en primicia el nuevo <a href=\"https:\/\/eu.audio-technica.com\/iD44?lang=es\"><strong>iD44<\/strong><\/a>, un interface de audio USB de 20 entradas\/24 salidas que revoluciona una vez m\u00e1s el mundo de los interfaces de audio de alta calidad y precio m\u00e1s que asequible. Dispone de 4 preamplificadores microf\u00f3nicos Clase A -id\u00e9nticos a los que incorporan sus consolas- que ofrecen una ganancia de 60 dB, la tecnolog\u00eda de conversi\u00f3n m\u00e1s avanzada, opciones para ampliaci\u00f3n digital, un nuevo software m\u00e1s intuitivo, orientado a la mezcla, y que ha sido dise\u00f1ado para que sea m\u00e1s f\u00e1cil de utilizar en grandes proyectos. iD Mixer, el nuevo software que acompa\u00f1a a iD44, est\u00e1 totalmente orientado a la mezcla, y ha sido dise\u00f1ado pensando en la simplicidad y la elegancia. Permite crear hasta cuatro mezclas est\u00e9reo para el artista, asignar nombres y personalizar canales, salvar presets de configuraci\u00f3n, asignar botones de funci\u00f3n, configurar r\u00e1pidamente complejos direccionamientos, utilizar presets en modo aut\u00f3nomo y mucho m\u00e1s.<\/p>\n<h3><strong>GENELEC<\/strong><\/h3>\n<p><a href=\"http:\/\/noticias.audio-technica.es\/wp-content\/uploads\/Afial-2018-Genelec-The-Ones_redimensionar-e1520362948359.jpg\"><img loading=\"lazy\" decoding=\"async\" class=\"wp-image-2315 aligncenter\" src=\"http:\/\/noticias.audio-technica.es\/wp-content\/uploads\/Afial-2018-Genelec-The-Ones_redimensionar-e1520362948359.jpg\" alt=\"Audio-Technica present\u00f3 sus novedades en el exitoso certamen Afial 2018\" width=\"305\" height=\"598\" srcset=\"https:\/\/distribution.audio-technica.eu\/app\/uploads\/sites\/2\/Afial-2018-Genelec-The-Ones_redimensionar-e1520362948359.jpg 690w, https:\/\/distribution.audio-technica.eu\/app\/uploads\/sites\/2\/Afial-2018-Genelec-The-Ones_redimensionar-e1520362948359-153x300.jpg 153w, https:\/\/distribution.audio-technica.eu\/app\/uploads\/sites\/2\/Afial-2018-Genelec-The-Ones_redimensionar-e1520362948359-522x1024.jpg 522w, https:\/\/distribution.audio-technica.eu\/app\/uploads\/sites\/2\/Afial-2018-Genelec-The-Ones_redimensionar-e1520362948359-200x392.jpg 200w, https:\/\/distribution.audio-technica.eu\/app\/uploads\/sites\/2\/Afial-2018-Genelec-The-Ones_redimensionar-e1520362948359-400x784.jpg 400w, https:\/\/distribution.audio-technica.eu\/app\/uploads\/sites\/2\/Afial-2018-Genelec-The-Ones_redimensionar-e1520362948359-600x1177.jpg 600w\" sizes=\"auto, (max-width: 305px) 100vw, 305px\" \/><\/a><\/p>\n<p>Tambi\u00e9n estuvieron presentes los multipremiados monitores <a href=\"https:\/\/eu.audio-technica.com\/brands\/genelec\/genelec-por-series\/serie-the-ones?lang=es\"><strong>The Ones<\/strong><\/a> de Genelec, que han propiciado, una vez m\u00e1s, una aut\u00e9ntica revoluci\u00f3n en el mundo de la monitorizaci\u00f3n para estudio.<\/p>\n<h3><strong>ALTO PROFESSIONAL<\/strong><\/h3>\n<p><a href=\"http:\/\/noticias.audio-technica.es\/wp-content\/uploads\/Afial-2018-Alto-TS2_redimensionar.jpg\"><img loading=\"lazy\" decoding=\"async\" class=\"wp-image-2303 aligncenter\" src=\"http:\/\/noticias.audio-technica.es\/wp-content\/uploads\/Afial-2018-Alto-TS2_redimensionar-e1520363102516.jpg\" alt=\"Audio-Technica present\u00f3 sus novedades en el exitoso certamen Afial 2018\" width=\"550\" height=\"615\" srcset=\"https:\/\/distribution.audio-technica.eu\/app\/uploads\/sites\/2\/Afial-2018-Alto-TS2_redimensionar-e1520363102516.jpg 832w, https:\/\/distribution.audio-technica.eu\/app\/uploads\/sites\/2\/Afial-2018-Alto-TS2_redimensionar-e1520363102516-268x300.jpg 268w, https:\/\/distribution.audio-technica.eu\/app\/uploads\/sites\/2\/Afial-2018-Alto-TS2_redimensionar-e1520363102516-768x858.jpg 768w, https:\/\/distribution.audio-technica.eu\/app\/uploads\/sites\/2\/Afial-2018-Alto-TS2_redimensionar-e1520363102516-200x224.jpg 200w, https:\/\/distribution.audio-technica.eu\/app\/uploads\/sites\/2\/Afial-2018-Alto-TS2_redimensionar-e1520363102516-400x447.jpg 400w, https:\/\/distribution.audio-technica.eu\/app\/uploads\/sites\/2\/Afial-2018-Alto-TS2_redimensionar-e1520363102516-600x671.jpg 600w, https:\/\/distribution.audio-technica.eu\/app\/uploads\/sites\/2\/Afial-2018-Alto-TS2_redimensionar-e1520363102516-800x894.jpg 800w\" sizes=\"auto, (max-width: 550px) 100vw, 550px\" \/><\/a><\/p>\n<p>De esta marca americana se expusieron en el stand las versiones en blanco de los modelos <a href=\"https:\/\/eu.audio-technica.com\/TS208?lang=es\"><strong>TS208<\/strong> <\/a>y <a href=\"https:\/\/eu.audio-technica.com\/ts212white?lang=es\"><strong>TS212<\/strong><\/a>, potentes recintos autoamplificados compactos. Asimismo, en la sala de demostraciones indoor de Afial se realizaron demostraciones de sonido de un sistema de recintos autoamplificados TS2 formado por 2x <a href=\"https:\/\/eu.audio-technica.com\/ATH-M50xBB?lang=es\"><strong>TS208<\/strong><\/a> y 2 subgraves <a href=\"https:\/\/eu.audio-technica.com\/TS212S?lang=es\"><strong>TS212S<\/strong><\/a>.<\/p>\n<h3><strong>NUMARK<\/strong><\/h3>\n<p><a href=\"http:\/\/noticias.audio-technica.es\/wp-content\/uploads\/Afial-2018-Numark_redimensionar.jpeg\"><img loading=\"lazy\" decoding=\"async\" class=\"aligncenter wp-image-2316\" src=\"http:\/\/noticias.audio-technica.es\/wp-content\/uploads\/Afial-2018-Numark_redimensionar.jpeg\" alt=\"Audio-Technica present\u00f3 sus novedades en el exitoso certamen Afial 2018\" width=\"640\" height=\"361\" srcset=\"https:\/\/distribution.audio-technica.eu\/app\/uploads\/sites\/2\/Afial-2018-Numark_redimensionar.jpeg 1500w, https:\/\/distribution.audio-technica.eu\/app\/uploads\/sites\/2\/Afial-2018-Numark_redimensionar-300x169.jpeg 300w, https:\/\/distribution.audio-technica.eu\/app\/uploads\/sites\/2\/Afial-2018-Numark_redimensionar-768x434.jpeg 768w, https:\/\/distribution.audio-technica.eu\/app\/uploads\/sites\/2\/Afial-2018-Numark_redimensionar-1024x578.jpeg 1024w, https:\/\/distribution.audio-technica.eu\/app\/uploads\/sites\/2\/Afial-2018-Numark_redimensionar-200x113.jpeg 200w, https:\/\/distribution.audio-technica.eu\/app\/uploads\/sites\/2\/Afial-2018-Numark_redimensionar-400x226.jpeg 400w, https:\/\/distribution.audio-technica.eu\/app\/uploads\/sites\/2\/Afial-2018-Numark_redimensionar-600x339.jpeg 600w, https:\/\/distribution.audio-technica.eu\/app\/uploads\/sites\/2\/Afial-2018-Numark_redimensionar-800x452.jpeg 800w, https:\/\/distribution.audio-technica.eu\/app\/uploads\/sites\/2\/Afial-2018-Numark_redimensionar-1200x678.jpeg 1200w\" sizes=\"auto, (max-width: 640px) 100vw, 640px\" \/><\/a><\/p>\n<p>Los implicados en el mundo del DJ podr\u00e1 observar de cerca las virtudes de dos equipos que ofrecen unas prestaciones sorprendentes: el giradiscos de alto par de fuerza de arranque <a href=\"https:\/\/eu.audio-technica.com\/ntx1000?lang=es\"><strong>NTX-1000<\/strong><\/a> y el sofisticado controlador para DJ <a href=\"https:\/\/eu.audio-technica.com\/ns6ii?lang=es\"><strong>NS6II<\/strong><\/a>, ambos de Numark.<\/p>\n","protected":false},"excerpt":{"rendered":"<p>Audio-Technica particip\u00f3 en la 8\u00aa edici\u00f3n de Afial, con un stand en el que los asistentes pudieron tomar contacto con las novedades que present\u00f3 este a\u00f1o la firma y las de sus marcas distribuidas. Afial, el certamen profesional de referencia para la industria del sonido, la iluminaci\u00f3n y la tecnolog\u00eda audiovisual, celebr\u00f3 una nueva edici\u00f3n [&hellip;]<\/p>\n","protected":false},"author":1,"featured_media":2318,"comment_status":"closed","ping_status":"closed","sticky":false,"template":"","format":"standard","meta":{"_acf_changed":false,"footnotes":""},"categories":[1692],"tags":[1872,1873,1790],"class_list":["post-2297","post","type-post","status-publish","format-standard","has-post-thumbnail","hentry","category-empresa","tag-1872","tag-afial","tag-novedades"],"acf":[],"yoast_head":"<!-- This site is optimized with the Yoast SEO plugin v27.1.1 - https:\/\/yoast.com\/product\/yoast-seo-wordpress\/ -->\n<title>Audio-Technica present\u00f3 sus novedades en el exitoso certamen Afial 2018 - Audio-Technica Iberia<\/title>\n<meta name=\"robots\" content=\"index, follow, max-snippet:-1, max-image-preview:large, max-video-preview:-1\" \/>\n<link rel=\"canonical\" href=\"https:\/\/distribution.audio-technica.eu\/es-es\/noticias\/audio-technica-presento-novedades-afial-2018\/\" \/>\n<meta property=\"og:locale\" content=\"es_ES\" \/>\n<meta property=\"og:type\" content=\"article\" \/>\n<meta property=\"og:title\" content=\"Audio-Technica present\u00f3 sus novedades en el exitoso certamen Afial 2018 - Audio-Technica Iberia\" \/>\n<meta property=\"og:description\" content=\"Audio-Technica particip\u00f3 en la 8\u00aa edici\u00f3n de Afial, con un stand en el que los asistentes pudieron tomar contacto con las novedades que present\u00f3 este a\u00f1o la firma y las de sus marcas distribuidas. Afial, el certamen profesional de referencia para la industria del sonido, la iluminaci\u00f3n y la tecnolog\u00eda audiovisual, celebr\u00f3 una nueva edici\u00f3n [&hellip;]\" \/>\n<meta property=\"og:url\" content=\"https:\/\/distribution.audio-technica.eu\/es-es\/noticias\/audio-technica-presento-novedades-afial-2018\/\" \/>\n<meta property=\"og:site_name\" content=\"Audio-Technica Iberia\" \/>\n<meta property=\"article:published_time\" content=\"2018-03-06T21:06:52+00:00\" \/>\n<meta property=\"article:modified_time\" content=\"2023-10-17T16:32:40+00:00\" \/>\n<meta property=\"og:image\" content=\"https:\/\/distribution.audio-technica.eu\/app\/uploads\/sites\/2\/Afial-2018_banner.jpg\" \/>\n\t<meta property=\"og:image:width\" content=\"640\" \/>\n\t<meta property=\"og:image:height\" content=\"360\" \/>\n\t<meta property=\"og:image:type\" content=\"image\/jpeg\" \/>\n<meta name=\"author\" content=\"Audio-Technica\" \/>\n<meta name=\"twitter:card\" content=\"summary_large_image\" \/>\n<meta name=\"twitter:label1\" content=\"Escrito por\" \/>\n\t<meta name=\"twitter:data1\" content=\"Audio-Technica\" \/>\n\t<meta name=\"twitter:label2\" content=\"Tiempo de lectura\" \/>\n\t<meta name=\"twitter:data2\" content=\"8 minutos\" \/>\n<script type=\"application\/ld+json\" class=\"yoast-schema-graph\">{\"@context\":\"https:\/\/schema.org\",\"@graph\":[{\"@type\":\"Article\",\"@id\":\"https:\/\/distribution.audio-technica.eu\/es-es\/noticias\/audio-technica-presento-novedades-afial-2018\/#article\",\"isPartOf\":{\"@id\":\"https:\/\/distribution.audio-technica.eu\/es-es\/noticias\/audio-technica-presento-novedades-afial-2018\/\"},\"author\":{\"name\":\"Audio-Technica\",\"@id\":\"https:\/\/distribution.audio-technica.eu\/es-es\/#\/schema\/person\/e8e715e047e33cc425e816f59cbd9b80\"},\"headline\":\"Audio-Technica present\u00f3 sus novedades en el exitoso certamen Afial 2018\",\"datePublished\":\"2018-03-06T21:06:52+00:00\",\"dateModified\":\"2023-10-17T16:32:40+00:00\",\"mainEntityOfPage\":{\"@id\":\"https:\/\/distribution.audio-technica.eu\/es-es\/noticias\/audio-technica-presento-novedades-afial-2018\/\"},\"wordCount\":1527,\"image\":{\"@id\":\"https:\/\/distribution.audio-technica.eu\/es-es\/noticias\/audio-technica-presento-novedades-afial-2018\/#primaryimage\"},\"thumbnailUrl\":\"\/app\/uploads\/sites\/2\/Afial-2018_banner.jpg\",\"keywords\":[\"2018\",\"AFIAL\",\"novedades\"],\"articleSection\":[\"Empresa\"],\"inLanguage\":\"es\"},{\"@type\":\"WebPage\",\"@id\":\"https:\/\/distribution.audio-technica.eu\/es-es\/noticias\/audio-technica-presento-novedades-afial-2018\/\",\"url\":\"https:\/\/distribution.audio-technica.eu\/es-es\/noticias\/audio-technica-presento-novedades-afial-2018\/\",\"name\":\"Audio-Technica present\u00f3 sus novedades en el exitoso certamen Afial 2018 - Audio-Technica Iberia\",\"isPartOf\":{\"@id\":\"https:\/\/distribution.audio-technica.eu\/es-es\/#website\"},\"primaryImageOfPage\":{\"@id\":\"https:\/\/distribution.audio-technica.eu\/es-es\/noticias\/audio-technica-presento-novedades-afial-2018\/#primaryimage\"},\"image\":{\"@id\":\"https:\/\/distribution.audio-technica.eu\/es-es\/noticias\/audio-technica-presento-novedades-afial-2018\/#primaryimage\"},\"thumbnailUrl\":\"\/app\/uploads\/sites\/2\/Afial-2018_banner.jpg\",\"datePublished\":\"2018-03-06T21:06:52+00:00\",\"dateModified\":\"2023-10-17T16:32:40+00:00\",\"author\":{\"@id\":\"https:\/\/distribution.audio-technica.eu\/es-es\/#\/schema\/person\/e8e715e047e33cc425e816f59cbd9b80\"},\"breadcrumb\":{\"@id\":\"https:\/\/distribution.audio-technica.eu\/es-es\/noticias\/audio-technica-presento-novedades-afial-2018\/#breadcrumb\"},\"inLanguage\":\"es\",\"potentialAction\":[{\"@type\":\"ReadAction\",\"target\":[\"https:\/\/distribution.audio-technica.eu\/es-es\/noticias\/audio-technica-presento-novedades-afial-2018\/\"]}]},{\"@type\":\"ImageObject\",\"inLanguage\":\"es\",\"@id\":\"https:\/\/distribution.audio-technica.eu\/es-es\/noticias\/audio-technica-presento-novedades-afial-2018\/#primaryimage\",\"url\":\"\/app\/uploads\/sites\/2\/Afial-2018_banner.jpg\",\"contentUrl\":\"\/app\/uploads\/sites\/2\/Afial-2018_banner.jpg\",\"width\":640,\"height\":360,\"caption\":\"Audio-Technica present\u00f3 sus novedades en el exitoso certamen Afial 2018\"},{\"@type\":\"BreadcrumbList\",\"@id\":\"https:\/\/distribution.audio-technica.eu\/es-es\/noticias\/audio-technica-presento-novedades-afial-2018\/#breadcrumb\",\"itemListElement\":[{\"@type\":\"ListItem\",\"position\":1,\"name\":\"Products\",\"item\":\"https:\/\/distribution.audio-technica.eu\/es-es\/\"},{\"@type\":\"ListItem\",\"position\":2,\"name\":\"Audio-Technica present\u00f3 sus novedades en el exitoso certamen Afial 2018\"}]},{\"@type\":\"WebSite\",\"@id\":\"https:\/\/distribution.audio-technica.eu\/es-es\/#website\",\"url\":\"https:\/\/distribution.audio-technica.eu\/es-es\/\",\"name\":\"Audio-Technica Iberia\",\"description\":\"Distribuci\u00f3n\",\"potentialAction\":[{\"@type\":\"SearchAction\",\"target\":{\"@type\":\"EntryPoint\",\"urlTemplate\":\"https:\/\/distribution.audio-technica.eu\/es-es\/?s={search_term_string}\"},\"query-input\":{\"@type\":\"PropertyValueSpecification\",\"valueRequired\":true,\"valueName\":\"search_term_string\"}}],\"inLanguage\":\"es\"},{\"@type\":\"Person\",\"@id\":\"https:\/\/distribution.audio-technica.eu\/es-es\/#\/schema\/person\/e8e715e047e33cc425e816f59cbd9b80\",\"name\":\"Audio-Technica\"}]}<\/script>\n<!-- \/ Yoast SEO plugin. -->","yoast_head_json":{"title":"Audio-Technica present\u00f3 sus novedades en el exitoso certamen Afial 2018 - Audio-Technica Iberia","robots":{"index":"index","follow":"follow","max-snippet":"max-snippet:-1","max-image-preview":"max-image-preview:large","max-video-preview":"max-video-preview:-1"},"canonical":"https:\/\/distribution.audio-technica.eu\/es-es\/noticias\/audio-technica-presento-novedades-afial-2018\/","og_locale":"es_ES","og_type":"article","og_title":"Audio-Technica present\u00f3 sus novedades en el exitoso certamen Afial 2018 - Audio-Technica Iberia","og_description":"Audio-Technica particip\u00f3 en la 8\u00aa edici\u00f3n de Afial, con un stand en el que los asistentes pudieron tomar contacto con las novedades que present\u00f3 este a\u00f1o la firma y las de sus marcas distribuidas. Afial, el certamen profesional de referencia para la industria del sonido, la iluminaci\u00f3n y la tecnolog\u00eda audiovisual, celebr\u00f3 una nueva edici\u00f3n [&hellip;]","og_url":"https:\/\/distribution.audio-technica.eu\/es-es\/noticias\/audio-technica-presento-novedades-afial-2018\/","og_site_name":"Audio-Technica Iberia","article_published_time":"2018-03-06T21:06:52+00:00","article_modified_time":"2023-10-17T16:32:40+00:00","og_image":[{"width":640,"height":360,"url":"https:\/\/distribution.audio-technica.eu\/app\/uploads\/sites\/2\/Afial-2018_banner.jpg","type":"image\/jpeg"}],"author":"Audio-Technica","twitter_card":"summary_large_image","twitter_misc":{"Escrito por":"Audio-Technica","Tiempo de lectura":"8 minutos"},"schema":{"@context":"https:\/\/schema.org","@graph":[{"@type":"Article","@id":"https:\/\/distribution.audio-technica.eu\/es-es\/noticias\/audio-technica-presento-novedades-afial-2018\/#article","isPartOf":{"@id":"https:\/\/distribution.audio-technica.eu\/es-es\/noticias\/audio-technica-presento-novedades-afial-2018\/"},"author":{"name":"Audio-Technica","@id":"https:\/\/distribution.audio-technica.eu\/es-es\/#\/schema\/person\/e8e715e047e33cc425e816f59cbd9b80"},"headline":"Audio-Technica present\u00f3 sus novedades en el exitoso certamen Afial 2018","datePublished":"2018-03-06T21:06:52+00:00","dateModified":"2023-10-17T16:32:40+00:00","mainEntityOfPage":{"@id":"https:\/\/distribution.audio-technica.eu\/es-es\/noticias\/audio-technica-presento-novedades-afial-2018\/"},"wordCount":1527,"image":{"@id":"https:\/\/distribution.audio-technica.eu\/es-es\/noticias\/audio-technica-presento-novedades-afial-2018\/#primaryimage"},"thumbnailUrl":"\/app\/uploads\/sites\/2\/Afial-2018_banner.jpg","keywords":["2018","AFIAL","novedades"],"articleSection":["Empresa"],"inLanguage":"es"},{"@type":"WebPage","@id":"https:\/\/distribution.audio-technica.eu\/es-es\/noticias\/audio-technica-presento-novedades-afial-2018\/","url":"https:\/\/distribution.audio-technica.eu\/es-es\/noticias\/audio-technica-presento-novedades-afial-2018\/","name":"Audio-Technica present\u00f3 sus novedades en el exitoso certamen Afial 2018 - Audio-Technica Iberia","isPartOf":{"@id":"https:\/\/distribution.audio-technica.eu\/es-es\/#website"},"primaryImageOfPage":{"@id":"https:\/\/distribution.audio-technica.eu\/es-es\/noticias\/audio-technica-presento-novedades-afial-2018\/#primaryimage"},"image":{"@id":"https:\/\/distribution.audio-technica.eu\/es-es\/noticias\/audio-technica-presento-novedades-afial-2018\/#primaryimage"},"thumbnailUrl":"\/app\/uploads\/sites\/2\/Afial-2018_banner.jpg","datePublished":"2018-03-06T21:06:52+00:00","dateModified":"2023-10-17T16:32:40+00:00","author":{"@id":"https:\/\/distribution.audio-technica.eu\/es-es\/#\/schema\/person\/e8e715e047e33cc425e816f59cbd9b80"},"breadcrumb":{"@id":"https:\/\/distribution.audio-technica.eu\/es-es\/noticias\/audio-technica-presento-novedades-afial-2018\/#breadcrumb"},"inLanguage":"es","potentialAction":[{"@type":"ReadAction","target":["https:\/\/distribution.audio-technica.eu\/es-es\/noticias\/audio-technica-presento-novedades-afial-2018\/"]}]},{"@type":"ImageObject","inLanguage":"es","@id":"https:\/\/distribution.audio-technica.eu\/es-es\/noticias\/audio-technica-presento-novedades-afial-2018\/#primaryimage","url":"\/app\/uploads\/sites\/2\/Afial-2018_banner.jpg","contentUrl":"\/app\/uploads\/sites\/2\/Afial-2018_banner.jpg","width":640,"height":360,"caption":"Audio-Technica present\u00f3 sus novedades en el exitoso certamen Afial 2018"},{"@type":"BreadcrumbList","@id":"https:\/\/distribution.audio-technica.eu\/es-es\/noticias\/audio-technica-presento-novedades-afial-2018\/#breadcrumb","itemListElement":[{"@type":"ListItem","position":1,"name":"Products","item":"https:\/\/distribution.audio-technica.eu\/es-es\/"},{"@type":"ListItem","position":2,"name":"Audio-Technica present\u00f3 sus novedades en el exitoso certamen Afial 2018"}]},{"@type":"WebSite","@id":"https:\/\/distribution.audio-technica.eu\/es-es\/#website","url":"https:\/\/distribution.audio-technica.eu\/es-es\/","name":"Audio-Technica Iberia","description":"Distribuci\u00f3n","potentialAction":[{"@type":"SearchAction","target":{"@type":"EntryPoint","urlTemplate":"https:\/\/distribution.audio-technica.eu\/es-es\/?s={search_term_string}"},"query-input":{"@type":"PropertyValueSpecification","valueRequired":true,"valueName":"search_term_string"}}],"inLanguage":"es"},{"@type":"Person","@id":"https:\/\/distribution.audio-technica.eu\/es-es\/#\/schema\/person\/e8e715e047e33cc425e816f59cbd9b80","name":"Audio-Technica"}]}},"_links":{"self":[{"href":"https:\/\/distribution.audio-technica.eu\/es-es\/wp-json\/wp\/v2\/posts\/2297","targetHints":{"allow":["GET"]}}],"collection":[{"href":"https:\/\/distribution.audio-technica.eu\/es-es\/wp-json\/wp\/v2\/posts"}],"about":[{"href":"https:\/\/distribution.audio-technica.eu\/es-es\/wp-json\/wp\/v2\/types\/post"}],"author":[{"embeddable":true,"href":"https:\/\/distribution.audio-technica.eu\/es-es\/wp-json\/wp\/v2\/users\/1"}],"replies":[{"embeddable":true,"href":"https:\/\/distribution.audio-technica.eu\/es-es\/wp-json\/wp\/v2\/comments?post=2297"}],"version-history":[{"count":1,"href":"https:\/\/distribution.audio-technica.eu\/es-es\/wp-json\/wp\/v2\/posts\/2297\/revisions"}],"predecessor-version":[{"id":31087,"href":"https:\/\/distribution.audio-technica.eu\/es-es\/wp-json\/wp\/v2\/posts\/2297\/revisions\/31087"}],"wp:featuredmedia":[{"embeddable":true,"href":"https:\/\/distribution.audio-technica.eu\/es-es\/wp-json\/wp\/v2\/media\/2318"}],"wp:attachment":[{"href":"https:\/\/distribution.audio-technica.eu\/es-es\/wp-json\/wp\/v2\/media?parent=2297"}],"wp:term":[{"taxonomy":"category","embeddable":true,"href":"https:\/\/distribution.audio-technica.eu\/es-es\/wp-json\/wp\/v2\/categories?post=2297"},{"taxonomy":"post_tag","embeddable":true,"href":"https:\/\/distribution.audio-technica.eu\/es-es\/wp-json\/wp\/v2\/tags?post=2297"}],"curies":[{"name":"wp","href":"https:\/\/api.w.org\/{rel}","templated":true}]}}