{"id":23122,"date":"2021-01-29T16:41:55","date_gmt":"2021-01-29T15:41:55","guid":{"rendered":"https:\/\/atdb-production.studiograft.dev\/es\/?p=23122"},"modified":"2023-07-31T11:18:29","modified_gmt":"2023-07-31T09:18:29","slug":"genelec-the-ones-potencia-el-impresionante-estudio-inmersivo-de-morten-lindberg","status":"publish","type":"post","link":"https:\/\/distribution.audio-technica.eu\/es-es\/noticias\/genelec-the-ones-potencia-el-impresionante-estudio-inmersivo-de-morten-lindberg\/","title":{"rendered":"Genelec \u2018The Ones\u2019 potencia el impresionante estudio inmersivo de Morten Lindberg"},"content":{"rendered":"<p><a href=\"https:\/\/distribution.audio-technica.eu\/es\/wp-content\/uploads\/sites\/2\/WP-Morten_Lindberg_PR_Image_1.jpg\"><img loading=\"lazy\" decoding=\"async\" class=\"aligncenter wp-image-23125 size-fusion-800\" src=\"\/es\/wp-content\/uploads\/sites\/2\/WP-Morten_Lindberg_PR_Image_1-800x534.jpg\" alt=\"\" width=\"800\" height=\"534\" srcset=\"https:\/\/distribution.audio-technica.eu\/app\/uploads\/sites\/2\/WP-Morten_Lindberg_PR_Image_1-800x534.jpg 800w, https:\/\/distribution.audio-technica.eu\/app\/uploads\/sites\/2\/WP-Morten_Lindberg_PR_Image_1-300x200.jpg 300w, https:\/\/distribution.audio-technica.eu\/app\/uploads\/sites\/2\/WP-Morten_Lindberg_PR_Image_1-1024x683.jpg 1024w, https:\/\/distribution.audio-technica.eu\/app\/uploads\/sites\/2\/WP-Morten_Lindberg_PR_Image_1-150x100.jpg 150w, https:\/\/distribution.audio-technica.eu\/app\/uploads\/sites\/2\/WP-Morten_Lindberg_PR_Image_1-768x513.jpg 768w, https:\/\/distribution.audio-technica.eu\/app\/uploads\/sites\/2\/WP-Morten_Lindberg_PR_Image_1-200x133.jpg 200w, https:\/\/distribution.audio-technica.eu\/app\/uploads\/sites\/2\/WP-Morten_Lindberg_PR_Image_1-400x267.jpg 400w, https:\/\/distribution.audio-technica.eu\/app\/uploads\/sites\/2\/WP-Morten_Lindberg_PR_Image_1-600x400.jpg 600w, https:\/\/distribution.audio-technica.eu\/app\/uploads\/sites\/2\/WP-Morten_Lindberg_PR_Image_1-1200x801.jpg 1200w, https:\/\/distribution.audio-technica.eu\/app\/uploads\/sites\/2\/WP-Morten_Lindberg_PR_Image_1.jpg 1500w\" sizes=\"auto, (max-width: 800px) 100vw, 800px\" \/><\/a><\/p>\n<p>En el mundo de la grabaci\u00f3n de m\u00fasica inmersiva, nadie ha hecho m\u00e1s para establecer el patr\u00f3n de referencia de lo que se puede llegar a conseguir, que el productor musical e ingeniero de sonido ganador de Grammy, Morten Lindberg, afincado en Oslo (Noruega).<\/p>\n<p>Habi\u00e9ndose embarcado en su carrera de grabaci\u00f3n en 1992, a trav\u00e9s de su compa\u00f1\u00eda de producci\u00f3n Lindberg Lyd, Lindberg fund\u00f3 el <a href=\"http:\/\/www.2l.no\/\" target=\"_blank\" rel=\"noopener noreferrer\">sello discogr\u00e1fico 2L<\/a> para especializarse en grabaciones de alta calidad de int\u00e9rpretes y compositores noruegos con un repertorio internacional. Para incrementar el nivel de excelencia s\u00f3nica a\u00fan m\u00e1s, Lindberg ha renovado recientemente el sistema de monitoraje de su estudio de postproducci\u00f3n, implementando monitores activos inteligentes (SAM) y sistemas de woofer Genelec en una configuraci\u00f3n 7.1.4.<\/p>\n<p>Lindberg explica que \u201c<em>Una vez que has experimentado el audio inmersivo, es realmente dif\u00edcil volver al est\u00e9reo. Cuando yo empec\u00e9 a hacer grabaciones all\u00e1 por los a\u00f1os 90, el est\u00e9reo era nuestra perspectiva de trabajo, era lo que ten\u00edamos. Entonces lleg\u00f3 el sonido surround a principios de siglo y se abri\u00f3 una imagen amplia completamente nueva para la reproducci\u00f3n musical. Cuando empezamos a experimentar con audio inmersivo, lo que esper\u00e1bamos ganar agregando la dimensi\u00f3n de la altura era simplemente aumentar el nivel de detalle y resoluci\u00f3n. Cu\u00e1nto espacio estar\u00eda disponible para los instrumentos y las l\u00edneas musicales, el tama\u00f1o del lienzo disponible para los coros, y dem\u00e1s. Pero, eso no es lo que obtuvimos. Lo que conseguimos fue un componente emocional. Agregando la tercera dimensi\u00f3n al paisaje sonoro, el impacto emocional en el oyente se multiplic\u00f3 por diez<\/em>.\u201d<\/p>\n<p><a href=\"https:\/\/distribution.audio-technica.eu\/es\/wp-content\/uploads\/sites\/2\/WP-Morten_Lindberg_PR_Image_2.jpg\"><img loading=\"lazy\" decoding=\"async\" class=\"aligncenter wp-image-23126 size-fusion-800\" src=\"\/es\/wp-content\/uploads\/sites\/2\/WP-Morten_Lindberg_PR_Image_2-800x534.jpg\" alt=\"\" width=\"800\" height=\"534\" srcset=\"https:\/\/distribution.audio-technica.eu\/app\/uploads\/sites\/2\/WP-Morten_Lindberg_PR_Image_2-800x534.jpg 800w, https:\/\/distribution.audio-technica.eu\/app\/uploads\/sites\/2\/WP-Morten_Lindberg_PR_Image_2-300x200.jpg 300w, https:\/\/distribution.audio-technica.eu\/app\/uploads\/sites\/2\/WP-Morten_Lindberg_PR_Image_2-1024x683.jpg 1024w, https:\/\/distribution.audio-technica.eu\/app\/uploads\/sites\/2\/WP-Morten_Lindberg_PR_Image_2-150x100.jpg 150w, https:\/\/distribution.audio-technica.eu\/app\/uploads\/sites\/2\/WP-Morten_Lindberg_PR_Image_2-768x513.jpg 768w, https:\/\/distribution.audio-technica.eu\/app\/uploads\/sites\/2\/WP-Morten_Lindberg_PR_Image_2-200x133.jpg 200w, https:\/\/distribution.audio-technica.eu\/app\/uploads\/sites\/2\/WP-Morten_Lindberg_PR_Image_2-400x267.jpg 400w, https:\/\/distribution.audio-technica.eu\/app\/uploads\/sites\/2\/WP-Morten_Lindberg_PR_Image_2-600x400.jpg 600w, https:\/\/distribution.audio-technica.eu\/app\/uploads\/sites\/2\/WP-Morten_Lindberg_PR_Image_2-1200x801.jpg 1200w, https:\/\/distribution.audio-technica.eu\/app\/uploads\/sites\/2\/WP-Morten_Lindberg_PR_Image_2.jpg 1500w\" sizes=\"auto, (max-width: 800px) 100vw, 800px\" \/><\/a><\/p>\n<p>La recientemente actualizada instalaci\u00f3n de postproducci\u00f3n de Lindberg est\u00e1 dise\u00f1ada espec\u00edficamente para la edici\u00f3n, mezcla y masterizaci\u00f3n de audio inmersivo. Compatible tanto con Dolby Atmos como con Auro-3D, el sistema de monitoraje est\u00e1 principalmente basado en modelos de la serie \u201cThe Ones\u201d de Genelec, comenzando por siete monitores coaxiales de tres v\u00edas <a href=\"https:\/\/www.genelec.com\/8351b\" target=\"_blank\" rel=\"noopener noreferrer\">8351B <\/a>en la capa inferior, todos ellos complementados con sistemas de woofer adaptativo <a href=\"https:\/\/www.genelec.com\/w371a\" target=\"_blank\" rel=\"noopener noreferrer\">W371A<\/a>. Las posiciones superiores son manejadas por cuatro de los m\u00e1s ligeros y compactos <a href=\"https:\/\/www.genelec.com\/8341a\" target=\"_blank\" rel=\"noopener noreferrer\">8341A<\/a>, con un subwoofer 7380A reproduciendo el canal LFE y, adicionalmente, un compacto monitor de campo cercano <a href=\"https:\/\/www.genelec.com\/8320a\" target=\"_blank\" rel=\"noopener noreferrer\">8320A <\/a>que se ubica sobre el <a href=\"https:\/\/www.genelec.com\/7380a\" target=\"_blank\" rel=\"noopener noreferrer\">7380A<\/a>, para proporcionar una extensi\u00f3n en frecuencia al canal LFE sobre los 120 Hz. Esto act\u00faa como sistema de comprobaci\u00f3n sobre el verdadero contenido del canal LFE antes de que sea distribuido.<\/p>\n<p>\u201c<em>Encontr\u00e9 que el dise\u00f1o coaxial de los \u201cThe Ones\u201d genera una incre\u00edble imagen no solo en surround, sino que de hecho se agrega a todo el surround y se extiende a la dimensi\u00f3n superior, preservando ese detalle preciso de nuestra fuente,\u201d <\/em>contin\u00faa Lindberg. \u201c<em>Todos los modelos \u201cThe Ones\u201d que he usado tienen plena capacidad en su ancho de banda, en s\u00ed mismos, as\u00ed que la intenci\u00f3n con los W371 era realmente llegar abajo a ese aspecto h\u00e1ptico del sonido, casi t\u00e1ctil, para extender el brazo hacia esa parte de la experiencia sonora que transita del audio al \u00e1mbito de las vibraciones.\u201d<\/em><\/p>\n<p><a href=\"https:\/\/distribution.audio-technica.eu\/es\/wp-content\/uploads\/sites\/2\/WP-Morten_Lindberg_PR_Image_3.jpg\"><img loading=\"lazy\" decoding=\"async\" class=\"aligncenter wp-image-23127 size-fusion-800\" src=\"\/es\/wp-content\/uploads\/sites\/2\/WP-Morten_Lindberg_PR_Image_3-800x534.jpg\" alt=\"\" width=\"800\" height=\"534\" srcset=\"https:\/\/distribution.audio-technica.eu\/app\/uploads\/sites\/2\/WP-Morten_Lindberg_PR_Image_3-800x534.jpg 800w, https:\/\/distribution.audio-technica.eu\/app\/uploads\/sites\/2\/WP-Morten_Lindberg_PR_Image_3-300x200.jpg 300w, https:\/\/distribution.audio-technica.eu\/app\/uploads\/sites\/2\/WP-Morten_Lindberg_PR_Image_3-1024x683.jpg 1024w, https:\/\/distribution.audio-technica.eu\/app\/uploads\/sites\/2\/WP-Morten_Lindberg_PR_Image_3-150x100.jpg 150w, https:\/\/distribution.audio-technica.eu\/app\/uploads\/sites\/2\/WP-Morten_Lindberg_PR_Image_3-768x513.jpg 768w, https:\/\/distribution.audio-technica.eu\/app\/uploads\/sites\/2\/WP-Morten_Lindberg_PR_Image_3-200x133.jpg 200w, https:\/\/distribution.audio-technica.eu\/app\/uploads\/sites\/2\/WP-Morten_Lindberg_PR_Image_3-400x267.jpg 400w, https:\/\/distribution.audio-technica.eu\/app\/uploads\/sites\/2\/WP-Morten_Lindberg_PR_Image_3-600x400.jpg 600w, https:\/\/distribution.audio-technica.eu\/app\/uploads\/sites\/2\/WP-Morten_Lindberg_PR_Image_3-1200x801.jpg 1200w, https:\/\/distribution.audio-technica.eu\/app\/uploads\/sites\/2\/WP-Morten_Lindberg_PR_Image_3.jpg 1500w\" sizes=\"auto, (max-width: 800px) 100vw, 800px\" \/><\/a><\/p>\n<p>Lindberg contin\u00faa explicando que \u201c<em>Todo nuestro cuerpo es de hecho un sistema sensorial muy sofisticado y la experimentaci\u00f3n de la m\u00fasica en nuestro cuerpo es mucho m\u00e1s amplia que nuestra definici\u00f3n tradicional de audio. Hay diferentes modos de directividad que puedes aplicar en el woofer W371A que pueden echar una mano si est\u00e1s en una sala complicada o peque\u00f1a, pero en una sala como esta, que es espaciosa y en general tiene una buena calidad de sonido, encuentro que el modo b\u00e1sico complementario del W371A reproduce para m\u00ed la m\u00e1s abierta y natural extensi\u00f3n hacia ese \u00e1rea t\u00e1ctil, donde de alguna forma mueve tu vientre.<\/em>\u201d<\/p>\n<p>Lindberg usa el software de gesti\u00f3n de monitores de Genelec <a href=\"https:\/\/www.genelec.com\/glm\" target=\"_blank\" rel=\"noopener noreferrer\">GLM <\/a>para conectar, calibrar y controlar el sistema de monitoraje. \u201c<em>Midiendo nuestras posiciones de escucha y nuestro espacio de trabajo podemos hacer cierta optimizaci\u00f3n de los monitores, bastante inteligente, en esta sala en particular<\/em>,\u201d comenta. \u201c<em>Lo que encontr\u00e9 m\u00e1s \u00fatil en el GLM es lo \u201cel\u00e1stico\u201d que resulta en cuanto a la cantidad de monitores que puedes conectar al sistema, y c\u00f3mo son ubicados y configurados. Adem\u00e1s, el GLM puede trabajar tambi\u00e9n como controlador de los monitores, dando acceso a todos los elementos<\/em>.\u201d<\/p>\n<p><a href=\"https:\/\/distribution.audio-technica.eu\/es\/wp-content\/uploads\/sites\/2\/WP-Morten_Lindberg_PR_Image_4.jpg\"><img loading=\"lazy\" decoding=\"async\" class=\"aligncenter wp-image-23128\" src=\"\/es\/wp-content\/uploads\/sites\/2\/WP-Morten_Lindberg_PR_Image_4-800x1199.jpg\" alt=\"\" width=\"476\" height=\"713\" srcset=\"https:\/\/distribution.audio-technica.eu\/app\/uploads\/sites\/2\/WP-Morten_Lindberg_PR_Image_4-800x1199.jpg 800w, https:\/\/distribution.audio-technica.eu\/app\/uploads\/sites\/2\/WP-Morten_Lindberg_PR_Image_4-200x300.jpg 200w, https:\/\/distribution.audio-technica.eu\/app\/uploads\/sites\/2\/WP-Morten_Lindberg_PR_Image_4-683x1024.jpg 683w, https:\/\/distribution.audio-technica.eu\/app\/uploads\/sites\/2\/WP-Morten_Lindberg_PR_Image_4-100x150.jpg 100w, https:\/\/distribution.audio-technica.eu\/app\/uploads\/sites\/2\/WP-Morten_Lindberg_PR_Image_4-768x1151.jpg 768w, https:\/\/distribution.audio-technica.eu\/app\/uploads\/sites\/2\/WP-Morten_Lindberg_PR_Image_4-1024x1536.jpg 1024w, https:\/\/distribution.audio-technica.eu\/app\/uploads\/sites\/2\/WP-Morten_Lindberg_PR_Image_4-1366x2048.jpg 1366w, https:\/\/distribution.audio-technica.eu\/app\/uploads\/sites\/2\/WP-Morten_Lindberg_PR_Image_4-400x600.jpg 400w, https:\/\/distribution.audio-technica.eu\/app\/uploads\/sites\/2\/WP-Morten_Lindberg_PR_Image_4-600x900.jpg 600w, https:\/\/distribution.audio-technica.eu\/app\/uploads\/sites\/2\/WP-Morten_Lindberg_PR_Image_4-1200x1799.jpg 1200w, https:\/\/distribution.audio-technica.eu\/app\/uploads\/sites\/2\/WP-Morten_Lindberg_PR_Image_4.jpg 1500w\" sizes=\"auto, (max-width: 476px) 100vw, 476px\" \/><\/a><\/p>\n<p>Pero, mientras que la experiencia, habilidad y la m\u00e1s refinada tecnolog\u00eda son obviamente componentes esenciales en la impresionante caja de herramientas de grabaci\u00f3n de Lindberg, es tambi\u00e9n claro que \u00e9l nunca ha perdido de vista su verdadera misi\u00f3n en la m\u00fasica. \u201c<em>Una grabaci\u00f3n perfecta para nosotros, es cuando podemos hacerte llorar\u2026 o re\u00edr. Es sobre emociones.\u201d<\/em><\/p>\n<p>En este v\u00eddeo, Visitamos a Morten en su incre\u00edble estudio en Oslo (Noruega), para hablar de su enfoque hacia la grabaci\u00f3n inmersiva, y de c\u00f3mo su nuevo sistema de monitoraje 7.1.4 Genelec se ha convertido en una parte esencial de su flujo de trabajo.<\/p>\n<p>[fusion_youtube id=\u00bbQnjaD10201U\u00bb alignment=\u00bb\u00bb width=\u00bb800&#8243; height=\u00bb\u00bb autoplay=\u00bbfalse\u00bb api_params=\u00bb\u00bb hide_on_mobile=\u00bbsmall-visibility,medium-visibility,large-visibility\u00bb class=\u00bb\u00bb css_id=\u00bb\u00bb][\/fusion_youtube]<\/p>\n<p>&nbsp;<\/p>\n<p>Para m\u00e1s informaci\u00f3n, visite <a href=\"http:\/\/www.genelec.com\" target=\"_blank\" rel=\"noopener noreferrer\">www.genelec.com<\/a> y <a href=\"http:\/\/www.2L.no\" target=\"_blank\" rel=\"noopener noreferrer\">www.2L.no<\/a><\/p>\n","protected":false},"excerpt":{"rendered":"<p>En el mundo de la grabaci\u00f3n de m\u00fasica inmersiva, nadie ha hecho m\u00e1s para establecer el patr\u00f3n de referencia de lo que se puede llegar a conseguir, que el productor musical e ingeniero de sonido ganador de Grammy, Morten Lindberg, afincado en Oslo (Noruega). Habi\u00e9ndose embarcado en su carrera de grabaci\u00f3n en 1992, a trav\u00e9s [&hellip;]<\/p>\n","protected":false},"author":2,"featured_media":23124,"comment_status":"closed","ping_status":"closed","sticky":false,"template":"","format":"standard","meta":{"_acf_changed":false,"footnotes":""},"categories":[2459],"tags":[1816,1564,1765],"class_list":["post-23122","post","type-post","status-publish","format-standard","has-post-thumbnail","hentry","category-usuarios","tag-audio-inmersivo","tag-estudio","tag-the-ones"],"acf":[],"yoast_head":"<!-- This site is optimized with the Yoast SEO plugin v27.1.1 - https:\/\/yoast.com\/product\/yoast-seo-wordpress\/ -->\n<title>Genelec \u2018The Ones\u2019 potencia el impresionante estudio inmersivo de Morten Lindberg - Audio-Technica Iberia<\/title>\n<meta name=\"robots\" content=\"index, follow, max-snippet:-1, max-image-preview:large, max-video-preview:-1\" \/>\n<link rel=\"canonical\" href=\"https:\/\/distribution.audio-technica.eu\/es-es\/noticias\/genelec-the-ones-potencia-el-impresionante-estudio-inmersivo-de-morten-lindberg\/\" \/>\n<meta property=\"og:locale\" content=\"es_ES\" \/>\n<meta property=\"og:type\" content=\"article\" \/>\n<meta property=\"og:title\" content=\"Genelec \u2018The Ones\u2019 potencia el impresionante estudio inmersivo de Morten Lindberg - Audio-Technica Iberia\" \/>\n<meta property=\"og:description\" content=\"En el mundo de la grabaci\u00f3n de m\u00fasica inmersiva, nadie ha hecho m\u00e1s para establecer el patr\u00f3n de referencia de lo que se puede llegar a conseguir, que el productor musical e ingeniero de sonido ganador de Grammy, Morten Lindberg, afincado en Oslo (Noruega). Habi\u00e9ndose embarcado en su carrera de grabaci\u00f3n en 1992, a trav\u00e9s [&hellip;]\" \/>\n<meta property=\"og:url\" content=\"https:\/\/distribution.audio-technica.eu\/es-es\/noticias\/genelec-the-ones-potencia-el-impresionante-estudio-inmersivo-de-morten-lindberg\/\" \/>\n<meta property=\"og:site_name\" content=\"Audio-Technica Iberia\" \/>\n<meta property=\"article:published_time\" content=\"2021-01-29T15:41:55+00:00\" \/>\n<meta property=\"article:modified_time\" content=\"2023-07-31T09:18:29+00:00\" \/>\n<meta property=\"og:image\" content=\"https:\/\/distribution.audio-technica.eu\/app\/uploads\/sites\/2\/WP-Morten_Lindberg_PR_banner.jpg\" \/>\n\t<meta property=\"og:image:width\" content=\"640\" \/>\n\t<meta property=\"og:image:height\" content=\"360\" \/>\n\t<meta property=\"og:image:type\" content=\"image\/jpeg\" \/>\n<meta name=\"author\" content=\"ctorras\" \/>\n<meta name=\"twitter:card\" content=\"summary_large_image\" \/>\n<meta name=\"twitter:label1\" content=\"Escrito por\" \/>\n\t<meta name=\"twitter:data1\" content=\"ctorras\" \/>\n\t<meta name=\"twitter:label2\" content=\"Tiempo de lectura\" \/>\n\t<meta name=\"twitter:data2\" content=\"5 minutos\" \/>\n<script type=\"application\/ld+json\" class=\"yoast-schema-graph\">{\"@context\":\"https:\/\/schema.org\",\"@graph\":[{\"@type\":\"Article\",\"@id\":\"https:\/\/distribution.audio-technica.eu\/es-es\/noticias\/genelec-the-ones-potencia-el-impresionante-estudio-inmersivo-de-morten-lindberg\/#article\",\"isPartOf\":{\"@id\":\"https:\/\/distribution.audio-technica.eu\/es-es\/noticias\/genelec-the-ones-potencia-el-impresionante-estudio-inmersivo-de-morten-lindberg\/\"},\"author\":{\"name\":\"ctorras\",\"@id\":\"https:\/\/distribution.audio-technica.eu\/es-es\/#\/schema\/person\/dbf0d33217ceab6329b4c3144742f2fb\"},\"headline\":\"Genelec \u2018The Ones\u2019 potencia el impresionante estudio inmersivo de Morten Lindberg\",\"datePublished\":\"2021-01-29T15:41:55+00:00\",\"dateModified\":\"2023-07-31T09:18:29+00:00\",\"mainEntityOfPage\":{\"@id\":\"https:\/\/distribution.audio-technica.eu\/es-es\/noticias\/genelec-the-ones-potencia-el-impresionante-estudio-inmersivo-de-morten-lindberg\/\"},\"wordCount\":917,\"image\":{\"@id\":\"https:\/\/distribution.audio-technica.eu\/es-es\/noticias\/genelec-the-ones-potencia-el-impresionante-estudio-inmersivo-de-morten-lindberg\/#primaryimage\"},\"thumbnailUrl\":\"\/app\/uploads\/sites\/2\/WP-Morten_Lindberg_PR_banner.jpg\",\"keywords\":[\"audio inmersivo\",\"Estudio\",\"The Ones\"],\"articleSection\":[\"Usuarios\"],\"inLanguage\":\"es\"},{\"@type\":\"WebPage\",\"@id\":\"https:\/\/distribution.audio-technica.eu\/es-es\/noticias\/genelec-the-ones-potencia-el-impresionante-estudio-inmersivo-de-morten-lindberg\/\",\"url\":\"https:\/\/distribution.audio-technica.eu\/es-es\/noticias\/genelec-the-ones-potencia-el-impresionante-estudio-inmersivo-de-morten-lindberg\/\",\"name\":\"Genelec \u2018The Ones\u2019 potencia el impresionante estudio inmersivo de Morten Lindberg - Audio-Technica Iberia\",\"isPartOf\":{\"@id\":\"https:\/\/distribution.audio-technica.eu\/es-es\/#website\"},\"primaryImageOfPage\":{\"@id\":\"https:\/\/distribution.audio-technica.eu\/es-es\/noticias\/genelec-the-ones-potencia-el-impresionante-estudio-inmersivo-de-morten-lindberg\/#primaryimage\"},\"image\":{\"@id\":\"https:\/\/distribution.audio-technica.eu\/es-es\/noticias\/genelec-the-ones-potencia-el-impresionante-estudio-inmersivo-de-morten-lindberg\/#primaryimage\"},\"thumbnailUrl\":\"\/app\/uploads\/sites\/2\/WP-Morten_Lindberg_PR_banner.jpg\",\"datePublished\":\"2021-01-29T15:41:55+00:00\",\"dateModified\":\"2023-07-31T09:18:29+00:00\",\"author\":{\"@id\":\"https:\/\/distribution.audio-technica.eu\/es-es\/#\/schema\/person\/dbf0d33217ceab6329b4c3144742f2fb\"},\"breadcrumb\":{\"@id\":\"https:\/\/distribution.audio-technica.eu\/es-es\/noticias\/genelec-the-ones-potencia-el-impresionante-estudio-inmersivo-de-morten-lindberg\/#breadcrumb\"},\"inLanguage\":\"es\",\"potentialAction\":[{\"@type\":\"ReadAction\",\"target\":[\"https:\/\/distribution.audio-technica.eu\/es-es\/noticias\/genelec-the-ones-potencia-el-impresionante-estudio-inmersivo-de-morten-lindberg\/\"]}]},{\"@type\":\"ImageObject\",\"inLanguage\":\"es\",\"@id\":\"https:\/\/distribution.audio-technica.eu\/es-es\/noticias\/genelec-the-ones-potencia-el-impresionante-estudio-inmersivo-de-morten-lindberg\/#primaryimage\",\"url\":\"\/app\/uploads\/sites\/2\/WP-Morten_Lindberg_PR_banner.jpg\",\"contentUrl\":\"\/app\/uploads\/sites\/2\/WP-Morten_Lindberg_PR_banner.jpg\",\"width\":640,\"height\":360},{\"@type\":\"BreadcrumbList\",\"@id\":\"https:\/\/distribution.audio-technica.eu\/es-es\/noticias\/genelec-the-ones-potencia-el-impresionante-estudio-inmersivo-de-morten-lindberg\/#breadcrumb\",\"itemListElement\":[{\"@type\":\"ListItem\",\"position\":1,\"name\":\"Products\",\"item\":\"https:\/\/distribution.audio-technica.eu\/es-es\/\"},{\"@type\":\"ListItem\",\"position\":2,\"name\":\"Genelec \u2018The Ones\u2019 potencia el impresionante estudio inmersivo de Morten Lindberg\"}]},{\"@type\":\"WebSite\",\"@id\":\"https:\/\/distribution.audio-technica.eu\/es-es\/#website\",\"url\":\"https:\/\/distribution.audio-technica.eu\/es-es\/\",\"name\":\"Audio-Technica Iberia\",\"description\":\"Distribuci\u00f3n\",\"potentialAction\":[{\"@type\":\"SearchAction\",\"target\":{\"@type\":\"EntryPoint\",\"urlTemplate\":\"https:\/\/distribution.audio-technica.eu\/es-es\/?s={search_term_string}\"},\"query-input\":{\"@type\":\"PropertyValueSpecification\",\"valueRequired\":true,\"valueName\":\"search_term_string\"}}],\"inLanguage\":\"es\"},{\"@type\":\"Person\",\"@id\":\"https:\/\/distribution.audio-technica.eu\/es-es\/#\/schema\/person\/dbf0d33217ceab6329b4c3144742f2fb\",\"name\":\"ctorras\"}]}<\/script>\n<!-- \/ Yoast SEO plugin. -->","yoast_head_json":{"title":"Genelec \u2018The Ones\u2019 potencia el impresionante estudio inmersivo de Morten Lindberg - Audio-Technica Iberia","robots":{"index":"index","follow":"follow","max-snippet":"max-snippet:-1","max-image-preview":"max-image-preview:large","max-video-preview":"max-video-preview:-1"},"canonical":"https:\/\/distribution.audio-technica.eu\/es-es\/noticias\/genelec-the-ones-potencia-el-impresionante-estudio-inmersivo-de-morten-lindberg\/","og_locale":"es_ES","og_type":"article","og_title":"Genelec \u2018The Ones\u2019 potencia el impresionante estudio inmersivo de Morten Lindberg - Audio-Technica Iberia","og_description":"En el mundo de la grabaci\u00f3n de m\u00fasica inmersiva, nadie ha hecho m\u00e1s para establecer el patr\u00f3n de referencia de lo que se puede llegar a conseguir, que el productor musical e ingeniero de sonido ganador de Grammy, Morten Lindberg, afincado en Oslo (Noruega). Habi\u00e9ndose embarcado en su carrera de grabaci\u00f3n en 1992, a trav\u00e9s [&hellip;]","og_url":"https:\/\/distribution.audio-technica.eu\/es-es\/noticias\/genelec-the-ones-potencia-el-impresionante-estudio-inmersivo-de-morten-lindberg\/","og_site_name":"Audio-Technica Iberia","article_published_time":"2021-01-29T15:41:55+00:00","article_modified_time":"2023-07-31T09:18:29+00:00","og_image":[{"width":640,"height":360,"url":"https:\/\/distribution.audio-technica.eu\/app\/uploads\/sites\/2\/WP-Morten_Lindberg_PR_banner.jpg","type":"image\/jpeg"}],"author":"ctorras","twitter_card":"summary_large_image","twitter_misc":{"Escrito por":"ctorras","Tiempo de lectura":"5 minutos"},"schema":{"@context":"https:\/\/schema.org","@graph":[{"@type":"Article","@id":"https:\/\/distribution.audio-technica.eu\/es-es\/noticias\/genelec-the-ones-potencia-el-impresionante-estudio-inmersivo-de-morten-lindberg\/#article","isPartOf":{"@id":"https:\/\/distribution.audio-technica.eu\/es-es\/noticias\/genelec-the-ones-potencia-el-impresionante-estudio-inmersivo-de-morten-lindberg\/"},"author":{"name":"ctorras","@id":"https:\/\/distribution.audio-technica.eu\/es-es\/#\/schema\/person\/dbf0d33217ceab6329b4c3144742f2fb"},"headline":"Genelec \u2018The Ones\u2019 potencia el impresionante estudio inmersivo de Morten Lindberg","datePublished":"2021-01-29T15:41:55+00:00","dateModified":"2023-07-31T09:18:29+00:00","mainEntityOfPage":{"@id":"https:\/\/distribution.audio-technica.eu\/es-es\/noticias\/genelec-the-ones-potencia-el-impresionante-estudio-inmersivo-de-morten-lindberg\/"},"wordCount":917,"image":{"@id":"https:\/\/distribution.audio-technica.eu\/es-es\/noticias\/genelec-the-ones-potencia-el-impresionante-estudio-inmersivo-de-morten-lindberg\/#primaryimage"},"thumbnailUrl":"\/app\/uploads\/sites\/2\/WP-Morten_Lindberg_PR_banner.jpg","keywords":["audio inmersivo","Estudio","The Ones"],"articleSection":["Usuarios"],"inLanguage":"es"},{"@type":"WebPage","@id":"https:\/\/distribution.audio-technica.eu\/es-es\/noticias\/genelec-the-ones-potencia-el-impresionante-estudio-inmersivo-de-morten-lindberg\/","url":"https:\/\/distribution.audio-technica.eu\/es-es\/noticias\/genelec-the-ones-potencia-el-impresionante-estudio-inmersivo-de-morten-lindberg\/","name":"Genelec \u2018The Ones\u2019 potencia el impresionante estudio inmersivo de Morten Lindberg - Audio-Technica Iberia","isPartOf":{"@id":"https:\/\/distribution.audio-technica.eu\/es-es\/#website"},"primaryImageOfPage":{"@id":"https:\/\/distribution.audio-technica.eu\/es-es\/noticias\/genelec-the-ones-potencia-el-impresionante-estudio-inmersivo-de-morten-lindberg\/#primaryimage"},"image":{"@id":"https:\/\/distribution.audio-technica.eu\/es-es\/noticias\/genelec-the-ones-potencia-el-impresionante-estudio-inmersivo-de-morten-lindberg\/#primaryimage"},"thumbnailUrl":"\/app\/uploads\/sites\/2\/WP-Morten_Lindberg_PR_banner.jpg","datePublished":"2021-01-29T15:41:55+00:00","dateModified":"2023-07-31T09:18:29+00:00","author":{"@id":"https:\/\/distribution.audio-technica.eu\/es-es\/#\/schema\/person\/dbf0d33217ceab6329b4c3144742f2fb"},"breadcrumb":{"@id":"https:\/\/distribution.audio-technica.eu\/es-es\/noticias\/genelec-the-ones-potencia-el-impresionante-estudio-inmersivo-de-morten-lindberg\/#breadcrumb"},"inLanguage":"es","potentialAction":[{"@type":"ReadAction","target":["https:\/\/distribution.audio-technica.eu\/es-es\/noticias\/genelec-the-ones-potencia-el-impresionante-estudio-inmersivo-de-morten-lindberg\/"]}]},{"@type":"ImageObject","inLanguage":"es","@id":"https:\/\/distribution.audio-technica.eu\/es-es\/noticias\/genelec-the-ones-potencia-el-impresionante-estudio-inmersivo-de-morten-lindberg\/#primaryimage","url":"\/app\/uploads\/sites\/2\/WP-Morten_Lindberg_PR_banner.jpg","contentUrl":"\/app\/uploads\/sites\/2\/WP-Morten_Lindberg_PR_banner.jpg","width":640,"height":360},{"@type":"BreadcrumbList","@id":"https:\/\/distribution.audio-technica.eu\/es-es\/noticias\/genelec-the-ones-potencia-el-impresionante-estudio-inmersivo-de-morten-lindberg\/#breadcrumb","itemListElement":[{"@type":"ListItem","position":1,"name":"Products","item":"https:\/\/distribution.audio-technica.eu\/es-es\/"},{"@type":"ListItem","position":2,"name":"Genelec \u2018The Ones\u2019 potencia el impresionante estudio inmersivo de Morten Lindberg"}]},{"@type":"WebSite","@id":"https:\/\/distribution.audio-technica.eu\/es-es\/#website","url":"https:\/\/distribution.audio-technica.eu\/es-es\/","name":"Audio-Technica Iberia","description":"Distribuci\u00f3n","potentialAction":[{"@type":"SearchAction","target":{"@type":"EntryPoint","urlTemplate":"https:\/\/distribution.audio-technica.eu\/es-es\/?s={search_term_string}"},"query-input":{"@type":"PropertyValueSpecification","valueRequired":true,"valueName":"search_term_string"}}],"inLanguage":"es"},{"@type":"Person","@id":"https:\/\/distribution.audio-technica.eu\/es-es\/#\/schema\/person\/dbf0d33217ceab6329b4c3144742f2fb","name":"ctorras"}]}},"_links":{"self":[{"href":"https:\/\/distribution.audio-technica.eu\/es-es\/wp-json\/wp\/v2\/posts\/23122","targetHints":{"allow":["GET"]}}],"collection":[{"href":"https:\/\/distribution.audio-technica.eu\/es-es\/wp-json\/wp\/v2\/posts"}],"about":[{"href":"https:\/\/distribution.audio-technica.eu\/es-es\/wp-json\/wp\/v2\/types\/post"}],"author":[{"embeddable":true,"href":"https:\/\/distribution.audio-technica.eu\/es-es\/wp-json\/wp\/v2\/users\/2"}],"replies":[{"embeddable":true,"href":"https:\/\/distribution.audio-technica.eu\/es-es\/wp-json\/wp\/v2\/comments?post=23122"}],"version-history":[{"count":5,"href":"https:\/\/distribution.audio-technica.eu\/es-es\/wp-json\/wp\/v2\/posts\/23122\/revisions"}],"predecessor-version":[{"id":23149,"href":"https:\/\/distribution.audio-technica.eu\/es-es\/wp-json\/wp\/v2\/posts\/23122\/revisions\/23149"}],"wp:featuredmedia":[{"embeddable":true,"href":"https:\/\/distribution.audio-technica.eu\/es-es\/wp-json\/wp\/v2\/media\/23124"}],"wp:attachment":[{"href":"https:\/\/distribution.audio-technica.eu\/es-es\/wp-json\/wp\/v2\/media?parent=23122"}],"wp:term":[{"taxonomy":"category","embeddable":true,"href":"https:\/\/distribution.audio-technica.eu\/es-es\/wp-json\/wp\/v2\/categories?post=23122"},{"taxonomy":"post_tag","embeddable":true,"href":"https:\/\/distribution.audio-technica.eu\/es-es\/wp-json\/wp\/v2\/tags?post=23122"}],"curies":[{"name":"wp","href":"https:\/\/api.w.org\/{rel}","templated":true}]}}