{"id":23471,"date":"2021-03-31T09:44:01","date_gmt":"2021-03-31T07:44:01","guid":{"rendered":"https:\/\/atdb-production.studiograft.dev\/es\/?p=23471"},"modified":"2023-07-31T10:26:21","modified_gmt":"2023-07-31T08:26:21","slug":"audio-technica-iberia-colabora-con-la-prestigiosa-academia-mariano-garcia-sonido","status":"publish","type":"post","link":"https:\/\/distribution.audio-technica.eu\/es-es\/noticias\/audio-technica-iberia-colabora-con-la-prestigiosa-academia-mariano-garcia-sonido\/","title":{"rendered":"Audio-Technica Iberia colabora con la prestigiosa Academia Mariano Garc\u00eda Sonido"},"content":{"rendered":"<p><a href=\"https:\/\/distribution.audio-technica.eu\/es\/wp-content\/uploads\/sites\/2\/WP-Header.jpg\"><img loading=\"lazy\" decoding=\"async\" class=\"aligncenter size-fusion-800 wp-image-23469\" src=\"\/es\/wp-content\/uploads\/sites\/2\/WP-Header-800x256.jpg\" alt=\"\" width=\"800\" height=\"256\" srcset=\"https:\/\/distribution.audio-technica.eu\/app\/uploads\/sites\/2\/WP-Header-800x256.jpg 800w, https:\/\/distribution.audio-technica.eu\/app\/uploads\/sites\/2\/WP-Header-300x96.jpg 300w, https:\/\/distribution.audio-technica.eu\/app\/uploads\/sites\/2\/WP-Header-1024x328.jpg 1024w, https:\/\/distribution.audio-technica.eu\/app\/uploads\/sites\/2\/WP-Header-150x48.jpg 150w, https:\/\/distribution.audio-technica.eu\/app\/uploads\/sites\/2\/WP-Header-768x246.jpg 768w, https:\/\/distribution.audio-technica.eu\/app\/uploads\/sites\/2\/WP-Header-200x64.jpg 200w, https:\/\/distribution.audio-technica.eu\/app\/uploads\/sites\/2\/WP-Header-400x128.jpg 400w, https:\/\/distribution.audio-technica.eu\/app\/uploads\/sites\/2\/WP-Header-600x192.jpg 600w, https:\/\/distribution.audio-technica.eu\/app\/uploads\/sites\/2\/WP-Header-1200x384.jpg 1200w, https:\/\/distribution.audio-technica.eu\/app\/uploads\/sites\/2\/WP-Header.jpg 1500w\" sizes=\"auto, (max-width: 800px) 100vw, 800px\" \/><\/a><\/p>\n<p>La <a href=\"https:\/\/academia.marianogarciasonido.com\/\" target=\"_blank\" rel=\"noopener noreferrer\">Academia Mariano Garc\u00eda Sonido<\/a> y Audio-Technica Iberia se unen para la realizaci\u00f3n de webinarios en los que se integrar\u00e1 toda la gama de productos de Allen &amp; Heath para mezclas digitales con <a href=\"https:\/\/qlab.app\/\" target=\"_blank\" rel=\"noopener noreferrer\">QLab<\/a>, la conocida aplicaci\u00f3n de control de sonido, v\u00eddeo e iluminaci\u00f3n para eventos en directo.<\/p>\n<p>Mariano Garc\u00eda en su trayectoria como dise\u00f1ador de sonido para espect\u00e1culos esc\u00e9nicos ha sido un usuario destacado de los sistemas digitales de A&amp;H. La integraci\u00f3n de sistemas SQ y dLive en los \u00faltimos 5 a\u00f1os le han llevado a establecer un control absoluto de las capacidades de integraci\u00f3n entre A&amp;H y QLab.<\/p>\n<p>En estas sesiones colaborativas tendremos en primer lugar las capacidades de cada gama definidlas de manera clara y did\u00e1ctica, pasando a una pr\u00e1ctica real en la segunda parte de cada webinario.<\/p>\n<p>Las convocatorias para las diferentes sesiones de esta formaci\u00f3n online ser\u00e1n anunciadas con dos semanas de antelaci\u00f3n antes de la realizaci\u00f3n de cada sesi\u00f3n, englobada dentro del ciclo \u201cLos lunes de la academia\u201d.<\/p>\n<p><a href=\"https:\/\/distribution.audio-technica.eu\/es\/wp-content\/uploads\/sites\/2\/WP-Clase.jpg\"><img loading=\"lazy\" decoding=\"async\" class=\"aligncenter size-fusion-800 wp-image-23468\" src=\"\/es\/wp-content\/uploads\/sites\/2\/WP-Clase-800x600.jpg\" alt=\"\" width=\"800\" height=\"600\" srcset=\"https:\/\/distribution.audio-technica.eu\/app\/uploads\/sites\/2\/WP-Clase-800x600.jpg 800w, https:\/\/distribution.audio-technica.eu\/app\/uploads\/sites\/2\/WP-Clase-300x225.jpg 300w, https:\/\/distribution.audio-technica.eu\/app\/uploads\/sites\/2\/WP-Clase-1024x768.jpg 1024w, https:\/\/distribution.audio-technica.eu\/app\/uploads\/sites\/2\/WP-Clase-150x113.jpg 150w, https:\/\/distribution.audio-technica.eu\/app\/uploads\/sites\/2\/WP-Clase-768x576.jpg 768w, https:\/\/distribution.audio-technica.eu\/app\/uploads\/sites\/2\/WP-Clase-200x150.jpg 200w, https:\/\/distribution.audio-technica.eu\/app\/uploads\/sites\/2\/WP-Clase-400x300.jpg 400w, https:\/\/distribution.audio-technica.eu\/app\/uploads\/sites\/2\/WP-Clase-600x450.jpg 600w, https:\/\/distribution.audio-technica.eu\/app\/uploads\/sites\/2\/WP-Clase-1200x900.jpg 1200w, https:\/\/distribution.audio-technica.eu\/app\/uploads\/sites\/2\/WP-Clase.jpg 1500w\" sizes=\"auto, (max-width: 800px) 100vw, 800px\" \/><\/a><\/p>\n<p>Ser\u00e1n jornadas repartidas a lo largo del a\u00f1o 2021, dedicadas a cada una de las series que Allen &amp; Heath tiene actualmente: Qu, SQ, Avantis y dLive, donde se dar\u00e1 una explicaci\u00f3n de sus prestaciones, en primer lugar, y, como segunda parte de cada webinario, ser\u00e1n incluidas en un proyecto de QLab, donde se aprender\u00e1 a configurar las entradas y salidas de las consolas dentro de QLab, adem\u00e1s de mejorar el flujo de trabajo, ya sea mediante conexi\u00f3n USB o protocolo Dante.<\/p>\n<p>Para acceder a las plazas, permanece atent@ a los perfiles de ambas empresas en las redes sociales y rellena el formulario en el momento que sea anunciado<\/p>\n<p>\u00a1Te esperamos!<\/p>\n<p><strong>Academia Mariano Garc\u00eda Sonido<\/strong><\/p>\n<p><a href=\"https:\/\/www.linkedin.com\/company\/academia-mariano-garcia-sonido\/\" target=\"_blank\" rel=\"noopener noreferrer\">Linkedin<\/a> &#8211; <a href=\"https:\/\/www.facebook.com\/FormacionQlab\" target=\"_blank\" rel=\"noopener noreferrer\">Facebook<\/a> &#8211; <a href=\"https:\/\/www.instagram.com\/academiamarianogarciasonido\/?hl=es\" target=\"_blank\" rel=\"noopener noreferrer\">Instagram<\/a> &#8211; <a href=\"https:\/\/twitter.com\/AcademiaMGS\" target=\"_blank\" rel=\"noopener noreferrer\">Twitter<\/a><\/p>\n<p><strong>Audio-Technica Iberia \/ Allen &amp; Heath<\/strong><\/p>\n<p><a href=\"https:\/\/www.linkedin.com\/company\/audio-technica-iberia\" target=\"_blank\" rel=\"noopener noreferrer\">Linkedin<\/a> &#8211; <a href=\"https:\/\/www.facebook.com\/AllenHeathofficial\" target=\"_blank\" rel=\"noopener noreferrer\">Facebook<\/a> &#8211; <a href=\"https:\/\/twitter.com\/AudioTechnicaIB\" target=\"_blank\" rel=\"noopener noreferrer\">Twitter<\/a><\/p>\n","protected":false},"excerpt":{"rendered":"<p>La Academia Mariano Garc\u00eda Sonido y Audio-Technica Iberia se unen para la realizaci\u00f3n de webinarios en los que se integrar\u00e1 toda la gama de productos de Allen &amp; Heath para mezclas digitales con QLab, la conocida aplicaci\u00f3n de control de sonido, v\u00eddeo e iluminaci\u00f3n para eventos en directo. Mariano Garc\u00eda en su trayectoria como dise\u00f1ador [&hellip;]<\/p>\n","protected":false},"author":2,"featured_media":23470,"comment_status":"closed","ping_status":"closed","sticky":false,"template":"","format":"standard","meta":{"_acf_changed":false,"footnotes":""},"categories":[1692,2461],"tags":[2273,2274],"class_list":["post-23471","post","type-post","status-publish","format-standard","has-post-thumbnail","hentry","category-empresa","category-noticias","tag-academia-mariano-garcia-sonido","tag-formacion"],"acf":[],"yoast_head":"<!-- This site is optimized with the Yoast SEO plugin v27.1.1 - https:\/\/yoast.com\/product\/yoast-seo-wordpress\/ -->\n<title>Audio-Technica Iberia colabora con la prestigiosa Academia Mariano Garc\u00eda Sonido - Audio-Technica Iberia<\/title>\n<meta name=\"robots\" content=\"index, follow, max-snippet:-1, max-image-preview:large, max-video-preview:-1\" \/>\n<link rel=\"canonical\" href=\"https:\/\/distribution.audio-technica.eu\/es-es\/noticias\/audio-technica-iberia-colabora-con-la-prestigiosa-academia-mariano-garcia-sonido\/\" \/>\n<meta property=\"og:locale\" content=\"es_ES\" \/>\n<meta property=\"og:type\" content=\"article\" \/>\n<meta property=\"og:title\" content=\"Audio-Technica Iberia colabora con la prestigiosa Academia Mariano Garc\u00eda Sonido - Audio-Technica Iberia\" \/>\n<meta property=\"og:description\" content=\"La Academia Mariano Garc\u00eda Sonido y Audio-Technica Iberia se unen para la realizaci\u00f3n de webinarios en los que se integrar\u00e1 toda la gama de productos de Allen &amp; Heath para mezclas digitales con QLab, la conocida aplicaci\u00f3n de control de sonido, v\u00eddeo e iluminaci\u00f3n para eventos en directo. Mariano Garc\u00eda en su trayectoria como dise\u00f1ador [&hellip;]\" \/>\n<meta property=\"og:url\" content=\"https:\/\/distribution.audio-technica.eu\/es-es\/noticias\/audio-technica-iberia-colabora-con-la-prestigiosa-academia-mariano-garcia-sonido\/\" \/>\n<meta property=\"og:site_name\" content=\"Audio-Technica Iberia\" \/>\n<meta property=\"article:published_time\" content=\"2021-03-31T07:44:01+00:00\" \/>\n<meta property=\"article:modified_time\" content=\"2023-07-31T08:26:21+00:00\" \/>\n<meta property=\"og:image\" content=\"https:\/\/distribution.audio-technica.eu\/app\/uploads\/sites\/2\/WP-Banner-1.jpg\" \/>\n\t<meta property=\"og:image:width\" content=\"640\" \/>\n\t<meta property=\"og:image:height\" content=\"360\" \/>\n\t<meta property=\"og:image:type\" content=\"image\/jpeg\" \/>\n<meta name=\"author\" content=\"ctorras\" \/>\n<meta name=\"twitter:card\" content=\"summary_large_image\" \/>\n<meta name=\"twitter:label1\" content=\"Escrito por\" \/>\n\t<meta name=\"twitter:data1\" content=\"ctorras\" \/>\n\t<meta name=\"twitter:label2\" content=\"Tiempo de lectura\" \/>\n\t<meta name=\"twitter:data2\" content=\"2 minutos\" \/>\n<script type=\"application\/ld+json\" class=\"yoast-schema-graph\">{\"@context\":\"https:\/\/schema.org\",\"@graph\":[{\"@type\":\"Article\",\"@id\":\"https:\/\/distribution.audio-technica.eu\/es-es\/noticias\/audio-technica-iberia-colabora-con-la-prestigiosa-academia-mariano-garcia-sonido\/#article\",\"isPartOf\":{\"@id\":\"https:\/\/distribution.audio-technica.eu\/es-es\/noticias\/audio-technica-iberia-colabora-con-la-prestigiosa-academia-mariano-garcia-sonido\/\"},\"author\":{\"name\":\"ctorras\",\"@id\":\"https:\/\/distribution.audio-technica.eu\/es-es\/#\/schema\/person\/dbf0d33217ceab6329b4c3144742f2fb\"},\"headline\":\"Audio-Technica Iberia colabora con la prestigiosa Academia Mariano Garc\u00eda Sonido\",\"datePublished\":\"2021-03-31T07:44:01+00:00\",\"dateModified\":\"2023-07-31T08:26:21+00:00\",\"mainEntityOfPage\":{\"@id\":\"https:\/\/distribution.audio-technica.eu\/es-es\/noticias\/audio-technica-iberia-colabora-con-la-prestigiosa-academia-mariano-garcia-sonido\/\"},\"wordCount\":335,\"image\":{\"@id\":\"https:\/\/distribution.audio-technica.eu\/es-es\/noticias\/audio-technica-iberia-colabora-con-la-prestigiosa-academia-mariano-garcia-sonido\/#primaryimage\"},\"thumbnailUrl\":\"\/app\/uploads\/sites\/2\/WP-Banner-1.jpg\",\"keywords\":[\"Academia Mariano Garc\u00eda Sonido\",\"Formaci\u00f3n\"],\"articleSection\":[\"Empresa\",\"Noticias\"],\"inLanguage\":\"es\"},{\"@type\":\"WebPage\",\"@id\":\"https:\/\/distribution.audio-technica.eu\/es-es\/noticias\/audio-technica-iberia-colabora-con-la-prestigiosa-academia-mariano-garcia-sonido\/\",\"url\":\"https:\/\/distribution.audio-technica.eu\/es-es\/noticias\/audio-technica-iberia-colabora-con-la-prestigiosa-academia-mariano-garcia-sonido\/\",\"name\":\"Audio-Technica Iberia colabora con la prestigiosa Academia Mariano Garc\u00eda Sonido - Audio-Technica Iberia\",\"isPartOf\":{\"@id\":\"https:\/\/distribution.audio-technica.eu\/es-es\/#website\"},\"primaryImageOfPage\":{\"@id\":\"https:\/\/distribution.audio-technica.eu\/es-es\/noticias\/audio-technica-iberia-colabora-con-la-prestigiosa-academia-mariano-garcia-sonido\/#primaryimage\"},\"image\":{\"@id\":\"https:\/\/distribution.audio-technica.eu\/es-es\/noticias\/audio-technica-iberia-colabora-con-la-prestigiosa-academia-mariano-garcia-sonido\/#primaryimage\"},\"thumbnailUrl\":\"\/app\/uploads\/sites\/2\/WP-Banner-1.jpg\",\"datePublished\":\"2021-03-31T07:44:01+00:00\",\"dateModified\":\"2023-07-31T08:26:21+00:00\",\"author\":{\"@id\":\"https:\/\/distribution.audio-technica.eu\/es-es\/#\/schema\/person\/dbf0d33217ceab6329b4c3144742f2fb\"},\"breadcrumb\":{\"@id\":\"https:\/\/distribution.audio-technica.eu\/es-es\/noticias\/audio-technica-iberia-colabora-con-la-prestigiosa-academia-mariano-garcia-sonido\/#breadcrumb\"},\"inLanguage\":\"es\",\"potentialAction\":[{\"@type\":\"ReadAction\",\"target\":[\"https:\/\/distribution.audio-technica.eu\/es-es\/noticias\/audio-technica-iberia-colabora-con-la-prestigiosa-academia-mariano-garcia-sonido\/\"]}]},{\"@type\":\"ImageObject\",\"inLanguage\":\"es\",\"@id\":\"https:\/\/distribution.audio-technica.eu\/es-es\/noticias\/audio-technica-iberia-colabora-con-la-prestigiosa-academia-mariano-garcia-sonido\/#primaryimage\",\"url\":\"\/app\/uploads\/sites\/2\/WP-Banner-1.jpg\",\"contentUrl\":\"\/app\/uploads\/sites\/2\/WP-Banner-1.jpg\",\"width\":640,\"height\":360},{\"@type\":\"BreadcrumbList\",\"@id\":\"https:\/\/distribution.audio-technica.eu\/es-es\/noticias\/audio-technica-iberia-colabora-con-la-prestigiosa-academia-mariano-garcia-sonido\/#breadcrumb\",\"itemListElement\":[{\"@type\":\"ListItem\",\"position\":1,\"name\":\"Products\",\"item\":\"https:\/\/distribution.audio-technica.eu\/es-es\/\"},{\"@type\":\"ListItem\",\"position\":2,\"name\":\"Audio-Technica Iberia colabora con la prestigiosa Academia Mariano Garc\u00eda Sonido\"}]},{\"@type\":\"WebSite\",\"@id\":\"https:\/\/distribution.audio-technica.eu\/es-es\/#website\",\"url\":\"https:\/\/distribution.audio-technica.eu\/es-es\/\",\"name\":\"Audio-Technica Iberia\",\"description\":\"Distribuci\u00f3n\",\"potentialAction\":[{\"@type\":\"SearchAction\",\"target\":{\"@type\":\"EntryPoint\",\"urlTemplate\":\"https:\/\/distribution.audio-technica.eu\/es-es\/?s={search_term_string}\"},\"query-input\":{\"@type\":\"PropertyValueSpecification\",\"valueRequired\":true,\"valueName\":\"search_term_string\"}}],\"inLanguage\":\"es\"},{\"@type\":\"Person\",\"@id\":\"https:\/\/distribution.audio-technica.eu\/es-es\/#\/schema\/person\/dbf0d33217ceab6329b4c3144742f2fb\",\"name\":\"ctorras\"}]}<\/script>\n<!-- \/ Yoast SEO plugin. -->","yoast_head_json":{"title":"Audio-Technica Iberia colabora con la prestigiosa Academia Mariano Garc\u00eda Sonido - Audio-Technica Iberia","robots":{"index":"index","follow":"follow","max-snippet":"max-snippet:-1","max-image-preview":"max-image-preview:large","max-video-preview":"max-video-preview:-1"},"canonical":"https:\/\/distribution.audio-technica.eu\/es-es\/noticias\/audio-technica-iberia-colabora-con-la-prestigiosa-academia-mariano-garcia-sonido\/","og_locale":"es_ES","og_type":"article","og_title":"Audio-Technica Iberia colabora con la prestigiosa Academia Mariano Garc\u00eda Sonido - Audio-Technica Iberia","og_description":"La Academia Mariano Garc\u00eda Sonido y Audio-Technica Iberia se unen para la realizaci\u00f3n de webinarios en los que se integrar\u00e1 toda la gama de productos de Allen &amp; Heath para mezclas digitales con QLab, la conocida aplicaci\u00f3n de control de sonido, v\u00eddeo e iluminaci\u00f3n para eventos en directo. Mariano Garc\u00eda en su trayectoria como dise\u00f1ador [&hellip;]","og_url":"https:\/\/distribution.audio-technica.eu\/es-es\/noticias\/audio-technica-iberia-colabora-con-la-prestigiosa-academia-mariano-garcia-sonido\/","og_site_name":"Audio-Technica Iberia","article_published_time":"2021-03-31T07:44:01+00:00","article_modified_time":"2023-07-31T08:26:21+00:00","og_image":[{"width":640,"height":360,"url":"https:\/\/distribution.audio-technica.eu\/app\/uploads\/sites\/2\/WP-Banner-1.jpg","type":"image\/jpeg"}],"author":"ctorras","twitter_card":"summary_large_image","twitter_misc":{"Escrito por":"ctorras","Tiempo de lectura":"2 minutos"},"schema":{"@context":"https:\/\/schema.org","@graph":[{"@type":"Article","@id":"https:\/\/distribution.audio-technica.eu\/es-es\/noticias\/audio-technica-iberia-colabora-con-la-prestigiosa-academia-mariano-garcia-sonido\/#article","isPartOf":{"@id":"https:\/\/distribution.audio-technica.eu\/es-es\/noticias\/audio-technica-iberia-colabora-con-la-prestigiosa-academia-mariano-garcia-sonido\/"},"author":{"name":"ctorras","@id":"https:\/\/distribution.audio-technica.eu\/es-es\/#\/schema\/person\/dbf0d33217ceab6329b4c3144742f2fb"},"headline":"Audio-Technica Iberia colabora con la prestigiosa Academia Mariano Garc\u00eda Sonido","datePublished":"2021-03-31T07:44:01+00:00","dateModified":"2023-07-31T08:26:21+00:00","mainEntityOfPage":{"@id":"https:\/\/distribution.audio-technica.eu\/es-es\/noticias\/audio-technica-iberia-colabora-con-la-prestigiosa-academia-mariano-garcia-sonido\/"},"wordCount":335,"image":{"@id":"https:\/\/distribution.audio-technica.eu\/es-es\/noticias\/audio-technica-iberia-colabora-con-la-prestigiosa-academia-mariano-garcia-sonido\/#primaryimage"},"thumbnailUrl":"\/app\/uploads\/sites\/2\/WP-Banner-1.jpg","keywords":["Academia Mariano Garc\u00eda Sonido","Formaci\u00f3n"],"articleSection":["Empresa","Noticias"],"inLanguage":"es"},{"@type":"WebPage","@id":"https:\/\/distribution.audio-technica.eu\/es-es\/noticias\/audio-technica-iberia-colabora-con-la-prestigiosa-academia-mariano-garcia-sonido\/","url":"https:\/\/distribution.audio-technica.eu\/es-es\/noticias\/audio-technica-iberia-colabora-con-la-prestigiosa-academia-mariano-garcia-sonido\/","name":"Audio-Technica Iberia colabora con la prestigiosa Academia Mariano Garc\u00eda Sonido - Audio-Technica Iberia","isPartOf":{"@id":"https:\/\/distribution.audio-technica.eu\/es-es\/#website"},"primaryImageOfPage":{"@id":"https:\/\/distribution.audio-technica.eu\/es-es\/noticias\/audio-technica-iberia-colabora-con-la-prestigiosa-academia-mariano-garcia-sonido\/#primaryimage"},"image":{"@id":"https:\/\/distribution.audio-technica.eu\/es-es\/noticias\/audio-technica-iberia-colabora-con-la-prestigiosa-academia-mariano-garcia-sonido\/#primaryimage"},"thumbnailUrl":"\/app\/uploads\/sites\/2\/WP-Banner-1.jpg","datePublished":"2021-03-31T07:44:01+00:00","dateModified":"2023-07-31T08:26:21+00:00","author":{"@id":"https:\/\/distribution.audio-technica.eu\/es-es\/#\/schema\/person\/dbf0d33217ceab6329b4c3144742f2fb"},"breadcrumb":{"@id":"https:\/\/distribution.audio-technica.eu\/es-es\/noticias\/audio-technica-iberia-colabora-con-la-prestigiosa-academia-mariano-garcia-sonido\/#breadcrumb"},"inLanguage":"es","potentialAction":[{"@type":"ReadAction","target":["https:\/\/distribution.audio-technica.eu\/es-es\/noticias\/audio-technica-iberia-colabora-con-la-prestigiosa-academia-mariano-garcia-sonido\/"]}]},{"@type":"ImageObject","inLanguage":"es","@id":"https:\/\/distribution.audio-technica.eu\/es-es\/noticias\/audio-technica-iberia-colabora-con-la-prestigiosa-academia-mariano-garcia-sonido\/#primaryimage","url":"\/app\/uploads\/sites\/2\/WP-Banner-1.jpg","contentUrl":"\/app\/uploads\/sites\/2\/WP-Banner-1.jpg","width":640,"height":360},{"@type":"BreadcrumbList","@id":"https:\/\/distribution.audio-technica.eu\/es-es\/noticias\/audio-technica-iberia-colabora-con-la-prestigiosa-academia-mariano-garcia-sonido\/#breadcrumb","itemListElement":[{"@type":"ListItem","position":1,"name":"Products","item":"https:\/\/distribution.audio-technica.eu\/es-es\/"},{"@type":"ListItem","position":2,"name":"Audio-Technica Iberia colabora con la prestigiosa Academia Mariano Garc\u00eda Sonido"}]},{"@type":"WebSite","@id":"https:\/\/distribution.audio-technica.eu\/es-es\/#website","url":"https:\/\/distribution.audio-technica.eu\/es-es\/","name":"Audio-Technica Iberia","description":"Distribuci\u00f3n","potentialAction":[{"@type":"SearchAction","target":{"@type":"EntryPoint","urlTemplate":"https:\/\/distribution.audio-technica.eu\/es-es\/?s={search_term_string}"},"query-input":{"@type":"PropertyValueSpecification","valueRequired":true,"valueName":"search_term_string"}}],"inLanguage":"es"},{"@type":"Person","@id":"https:\/\/distribution.audio-technica.eu\/es-es\/#\/schema\/person\/dbf0d33217ceab6329b4c3144742f2fb","name":"ctorras"}]}},"_links":{"self":[{"href":"https:\/\/distribution.audio-technica.eu\/es-es\/wp-json\/wp\/v2\/posts\/23471","targetHints":{"allow":["GET"]}}],"collection":[{"href":"https:\/\/distribution.audio-technica.eu\/es-es\/wp-json\/wp\/v2\/posts"}],"about":[{"href":"https:\/\/distribution.audio-technica.eu\/es-es\/wp-json\/wp\/v2\/types\/post"}],"author":[{"embeddable":true,"href":"https:\/\/distribution.audio-technica.eu\/es-es\/wp-json\/wp\/v2\/users\/2"}],"replies":[{"embeddable":true,"href":"https:\/\/distribution.audio-technica.eu\/es-es\/wp-json\/wp\/v2\/comments?post=23471"}],"version-history":[{"count":12,"href":"https:\/\/distribution.audio-technica.eu\/es-es\/wp-json\/wp\/v2\/posts\/23471\/revisions"}],"predecessor-version":[{"id":23806,"href":"https:\/\/distribution.audio-technica.eu\/es-es\/wp-json\/wp\/v2\/posts\/23471\/revisions\/23806"}],"wp:featuredmedia":[{"embeddable":true,"href":"https:\/\/distribution.audio-technica.eu\/es-es\/wp-json\/wp\/v2\/media\/23470"}],"wp:attachment":[{"href":"https:\/\/distribution.audio-technica.eu\/es-es\/wp-json\/wp\/v2\/media?parent=23471"}],"wp:term":[{"taxonomy":"category","embeddable":true,"href":"https:\/\/distribution.audio-technica.eu\/es-es\/wp-json\/wp\/v2\/categories?post=23471"},{"taxonomy":"post_tag","embeddable":true,"href":"https:\/\/distribution.audio-technica.eu\/es-es\/wp-json\/wp\/v2\/tags?post=23471"}],"curies":[{"name":"wp","href":"https:\/\/api.w.org\/{rel}","templated":true}]}}