{"id":23700,"date":"2021-04-20T09:00:41","date_gmt":"2021-04-20T07:00:41","guid":{"rendered":"https:\/\/atdb-production.studiograft.dev\/es\/?p=23700"},"modified":"2023-09-13T18:36:44","modified_gmt":"2023-09-13T16:36:44","slug":"la-nueva-marca-optimal-audio-sera-distribuida-por-audio-technica-en-europa","status":"publish","type":"post","link":"https:\/\/distribution.audio-technica.eu\/es-es\/noticias\/la-nueva-marca-optimal-audio-sera-distribuida-por-audio-technica-en-europa\/","title":{"rendered":"La nueva marca Optimal Audio ser\u00e1 distribuida por Audio-Technica en Europa"},"content":{"rendered":"<p><a href=\"https:\/\/distribution.audio-technica.eu\/es\/wp-content\/uploads\/sites\/2\/WP-Dom-Harter-Tim-Carroll-and-Matt-Rowe.jpg\"><img loading=\"lazy\" decoding=\"async\" class=\"aligncenter wp-image-23703 size-fusion-800\" src=\"\/es\/wp-content\/uploads\/sites\/2\/WP-Dom-Harter-Tim-Carroll-and-Matt-Rowe-800x533.jpg\" alt=\"\" width=\"800\" height=\"533\" srcset=\"https:\/\/distribution.audio-technica.eu\/app\/uploads\/sites\/2\/WP-Dom-Harter-Tim-Carroll-and-Matt-Rowe-800x533.jpg 800w, https:\/\/distribution.audio-technica.eu\/app\/uploads\/sites\/2\/WP-Dom-Harter-Tim-Carroll-and-Matt-Rowe-300x200.jpg 300w, https:\/\/distribution.audio-technica.eu\/app\/uploads\/sites\/2\/WP-Dom-Harter-Tim-Carroll-and-Matt-Rowe-1024x683.jpg 1024w, https:\/\/distribution.audio-technica.eu\/app\/uploads\/sites\/2\/WP-Dom-Harter-Tim-Carroll-and-Matt-Rowe-150x100.jpg 150w, https:\/\/distribution.audio-technica.eu\/app\/uploads\/sites\/2\/WP-Dom-Harter-Tim-Carroll-and-Matt-Rowe-768x512.jpg 768w, https:\/\/distribution.audio-technica.eu\/app\/uploads\/sites\/2\/WP-Dom-Harter-Tim-Carroll-and-Matt-Rowe-200x133.jpg 200w, https:\/\/distribution.audio-technica.eu\/app\/uploads\/sites\/2\/WP-Dom-Harter-Tim-Carroll-and-Matt-Rowe-400x267.jpg 400w, https:\/\/distribution.audio-technica.eu\/app\/uploads\/sites\/2\/WP-Dom-Harter-Tim-Carroll-and-Matt-Rowe-600x400.jpg 600w, https:\/\/distribution.audio-technica.eu\/app\/uploads\/sites\/2\/WP-Dom-Harter-Tim-Carroll-and-Matt-Rowe-1200x800.jpg 1200w, https:\/\/distribution.audio-technica.eu\/app\/uploads\/sites\/2\/WP-Dom-Harter-Tim-Carroll-and-Matt-Rowe.jpg 1500w\" sizes=\"auto, (max-width: 800px) 100vw, 800px\" \/><\/a><\/p>\n<p>Audio-Technica ha anunciado su nombramiento como distribuidor de Optimal Audio, la nueva marca de audio comercial de Focusrite plc, en no menos de 17 paises de Europa y \u00c1frica. La compa\u00f1\u00eda asumir\u00e1 las actividades de distribuci\u00f3n a partir del 20 de abril de 2021.<\/p>\n<p>Optimal Audio, la s\u00e9ptima marca del Grupo Focusrite, ha sido desarrollada durante los tres \u00faltimos a\u00f1os con el objetivo de simplificar el a menudo excesivamente complejo mundo del audio comercial. Tal como explica Tim Carroll, CEO de Focusrite, \u201c<em>Optimal Audio proporciona una oferta de productos optimizada, que funciona a la perfecci\u00f3n, capaz de ofrecer un sonido de alta calidad, f\u00e1cil de instalar y que puede ser manejado por cualquier persona, no solo por ingenieros.<\/em>\u201d<\/p>\n<p>Dom Harter, ahora director general de Martin Audio y Optimal Audio, describe el enfoque de la marca como \u201c<em>la oferta de una soluci\u00f3n integral de control, amplificaci\u00f3n y altavoces para instalaciones comerciales peque\u00f1as y medianas, centr\u00e1ndose en el soporte de instalaciones multizona. A la vanguardia del ecosistema se encuentran los controladores de cuatro y ocho zonas, con y sin alimentaci\u00f3n, que disponen de DSP. Actualmente, no existe nada m\u00e1s a este precio en el mercado que ofrezca esta funcionalidad y versatilidad, para permitir una configuraci\u00f3n r\u00e1pida y f\u00e1cil.<\/em>\u201d<\/p>\n<p>Compatible con cualquier dispositivo, la aplicaci\u00f3n WebApp de Optimal Audio hace que la configuraci\u00f3n del sistema sea sencilla, permitiendo a los instaladores todo el acceso que necesiten para configurar los ecualizadores, dise\u00f1ar ajustes preestablecidos y estructurar las rutinas diarias. Una vez completado, se le puede presentar al personal que manejar\u00e1 la instalaci\u00f3n una interfaz de usuario simple e intuitiva que les permite operar el sistema.<\/p>\n<p><a href=\"https:\/\/distribution.audio-technica.eu\/es\/wp-content\/uploads\/sites\/2\/WP-Robert-Morgan-Males.jpg\"><img loading=\"lazy\" decoding=\"async\" class=\"aligncenter wp-image-23702 \" src=\"\/es\/wp-content\/uploads\/sites\/2\/WP-Robert-Morgan-Males-800x1084.jpg\" alt=\"\" width=\"438\" height=\"593\" srcset=\"https:\/\/distribution.audio-technica.eu\/app\/uploads\/sites\/2\/WP-Robert-Morgan-Males-800x1084.jpg 800w, https:\/\/distribution.audio-technica.eu\/app\/uploads\/sites\/2\/WP-Robert-Morgan-Males-221x300.jpg 221w, https:\/\/distribution.audio-technica.eu\/app\/uploads\/sites\/2\/WP-Robert-Morgan-Males-756x1024.jpg 756w, https:\/\/distribution.audio-technica.eu\/app\/uploads\/sites\/2\/WP-Robert-Morgan-Males-111x150.jpg 111w, https:\/\/distribution.audio-technica.eu\/app\/uploads\/sites\/2\/WP-Robert-Morgan-Males-768x1040.jpg 768w, https:\/\/distribution.audio-technica.eu\/app\/uploads\/sites\/2\/WP-Robert-Morgan-Males-1134x1536.jpg 1134w, https:\/\/distribution.audio-technica.eu\/app\/uploads\/sites\/2\/WP-Robert-Morgan-Males-200x271.jpg 200w, https:\/\/distribution.audio-technica.eu\/app\/uploads\/sites\/2\/WP-Robert-Morgan-Males-400x542.jpg 400w, https:\/\/distribution.audio-technica.eu\/app\/uploads\/sites\/2\/WP-Robert-Morgan-Males-600x813.jpg 600w, https:\/\/distribution.audio-technica.eu\/app\/uploads\/sites\/2\/WP-Robert-Morgan-Males-1200x1626.jpg 1200w, https:\/\/distribution.audio-technica.eu\/app\/uploads\/sites\/2\/WP-Robert-Morgan-Males.jpg 1500w\" sizes=\"auto, (max-width: 438px) 100vw, 438px\" \/><\/a><\/p>\n<p>Robert Morgan-Males, CEO de Audio-Technica Europe afirma, \u201c<em>Estamos encantados de formar parte de una asociaci\u00f3n de distribuci\u00f3n tan estrat\u00e9gica con Optimal Audio, para nuestros mercados directos de EMEA. Es una nueva marca emocionante e innovadora, que comparte los valores de Audio-Technica de ofrecer audio de calidad para todos y, al mismo tiempo, complementa perfectamente nuestra cartera de marcas distribuidas, que cubren con la m\u00e1xima calidad toda la cadena de sonido, de principio a fin: desde el micr\u00f3fono, pasando por el procesado, hasta el altavoz. Este acuerdo de distribuci\u00f3n nos permite fortalecer una vez m\u00e1s nuestro compromiso de brindar a los clientes soluciones eficientes, efectivas y optimizadas, y estamos deseando trabajar con Optimal Audio a medida que la marca se construye y crece en los pr\u00f3ximos a\u00f1os<\/em>\u00ab.<\/p>\n<p>La lista completa de paises en los que Audio-Technica tendr\u00e1 la responsabilidad de ventas de Optimal Audio es la siguiente: B\u00e9lgica, Francia, Alemania, Irlanda, Luxemburgo, Pa\u00edses Bajos, Portugal, Espa\u00f1a, Reino Unido, Bosnia y Herzegovina, Bulgaria, Croacia, Ruman\u00eda, Eslovenia, Argelia, Marruecos y T\u00fanez.<\/p>\n<p>Para m\u00e1s informaci\u00f3n, visite <a href=\"https:\/\/distribution.audio-technica.eu\/es\/optimal-audio\/\" target=\"_blank\" rel=\"noopener noreferrer\">distribution.audio-technica.eu<\/a> y <a href=\"https:\/\/optimal-audio.co.uk\" target=\"_blank\" rel=\"noopener noreferrer\">optimal-audio.co.uk<\/a><\/p>\n<div id='gallery-1' class='gallery galleryid-23700 gallery-columns-3 gallery-size-medium'><figure class='gallery-item'>\n\t\t\t<div class='gallery-icon landscape'>\n\t\t\t\t<img loading=\"lazy\" decoding=\"async\" width=\"300\" height=\"300\" src=\"\/app\/uploads\/sites\/2\/WP-Optimal-Audio-Up-Series-300x300.jpg\" class=\"attachment-medium size-medium\" alt=\"\" srcset=\"https:\/\/distribution.audio-technica.eu\/app\/uploads\/sites\/2\/WP-Optimal-Audio-Up-Series-300x300.jpg 300w, https:\/\/distribution.audio-technica.eu\/app\/uploads\/sites\/2\/WP-Optimal-Audio-Up-Series-1024x1024.jpg 1024w, https:\/\/distribution.audio-technica.eu\/app\/uploads\/sites\/2\/WP-Optimal-Audio-Up-Series-150x150.jpg 150w, https:\/\/distribution.audio-technica.eu\/app\/uploads\/sites\/2\/WP-Optimal-Audio-Up-Series-768x768.jpg 768w, https:\/\/distribution.audio-technica.eu\/app\/uploads\/sites\/2\/WP-Optimal-Audio-Up-Series-66x66.jpg 66w, https:\/\/distribution.audio-technica.eu\/app\/uploads\/sites\/2\/WP-Optimal-Audio-Up-Series-200x200.jpg 200w, https:\/\/distribution.audio-technica.eu\/app\/uploads\/sites\/2\/WP-Optimal-Audio-Up-Series-400x400.jpg 400w, https:\/\/distribution.audio-technica.eu\/app\/uploads\/sites\/2\/WP-Optimal-Audio-Up-Series-600x600.jpg 600w, https:\/\/distribution.audio-technica.eu\/app\/uploads\/sites\/2\/WP-Optimal-Audio-Up-Series-800x800.jpg 800w, https:\/\/distribution.audio-technica.eu\/app\/uploads\/sites\/2\/WP-Optimal-Audio-Up-Series-1200x1200.jpg 1200w, https:\/\/distribution.audio-technica.eu\/app\/uploads\/sites\/2\/WP-Optimal-Audio-Up-Series-100x100.jpg 100w, https:\/\/distribution.audio-technica.eu\/app\/uploads\/sites\/2\/WP-Optimal-Audio-Up-Series.jpg 1500w\" sizes=\"auto, (max-width: 300px) 100vw, 300px\" \/>\n\t\t\t<\/div><\/figure><figure class='gallery-item'>\n\t\t\t<div class='gallery-icon landscape'>\n\t\t\t\t<img loading=\"lazy\" decoding=\"async\" width=\"300\" height=\"300\" src=\"\/app\/uploads\/sites\/2\/WP-Optimal-Audio-Cuboid-Series-300x300.jpg\" class=\"attachment-medium size-medium\" alt=\"\" srcset=\"https:\/\/distribution.audio-technica.eu\/app\/uploads\/sites\/2\/WP-Optimal-Audio-Cuboid-Series-300x300.jpg 300w, https:\/\/distribution.audio-technica.eu\/app\/uploads\/sites\/2\/WP-Optimal-Audio-Cuboid-Series-1024x1024.jpg 1024w, https:\/\/distribution.audio-technica.eu\/app\/uploads\/sites\/2\/WP-Optimal-Audio-Cuboid-Series-150x150.jpg 150w, https:\/\/distribution.audio-technica.eu\/app\/uploads\/sites\/2\/WP-Optimal-Audio-Cuboid-Series-768x768.jpg 768w, https:\/\/distribution.audio-technica.eu\/app\/uploads\/sites\/2\/WP-Optimal-Audio-Cuboid-Series-66x66.jpg 66w, https:\/\/distribution.audio-technica.eu\/app\/uploads\/sites\/2\/WP-Optimal-Audio-Cuboid-Series-200x200.jpg 200w, https:\/\/distribution.audio-technica.eu\/app\/uploads\/sites\/2\/WP-Optimal-Audio-Cuboid-Series-400x400.jpg 400w, https:\/\/distribution.audio-technica.eu\/app\/uploads\/sites\/2\/WP-Optimal-Audio-Cuboid-Series-600x600.jpg 600w, https:\/\/distribution.audio-technica.eu\/app\/uploads\/sites\/2\/WP-Optimal-Audio-Cuboid-Series-800x800.jpg 800w, https:\/\/distribution.audio-technica.eu\/app\/uploads\/sites\/2\/WP-Optimal-Audio-Cuboid-Series-1200x1200.jpg 1200w, https:\/\/distribution.audio-technica.eu\/app\/uploads\/sites\/2\/WP-Optimal-Audio-Cuboid-Series-100x100.jpg 100w, https:\/\/distribution.audio-technica.eu\/app\/uploads\/sites\/2\/WP-Optimal-Audio-Cuboid-Series.jpg 1500w\" sizes=\"auto, (max-width: 300px) 100vw, 300px\" \/>\n\t\t\t<\/div><\/figure><figure class='gallery-item'>\n\t\t\t<div class='gallery-icon landscape'>\n\t\t\t\t<img loading=\"lazy\" decoding=\"async\" width=\"300\" height=\"300\" src=\"\/app\/uploads\/sites\/2\/WP-Optimal-Audio-Sub-Series-300x300.jpg\" class=\"attachment-medium size-medium\" alt=\"\" srcset=\"https:\/\/distribution.audio-technica.eu\/app\/uploads\/sites\/2\/WP-Optimal-Audio-Sub-Series-300x300.jpg 300w, https:\/\/distribution.audio-technica.eu\/app\/uploads\/sites\/2\/WP-Optimal-Audio-Sub-Series-1024x1024.jpg 1024w, https:\/\/distribution.audio-technica.eu\/app\/uploads\/sites\/2\/WP-Optimal-Audio-Sub-Series-150x150.jpg 150w, https:\/\/distribution.audio-technica.eu\/app\/uploads\/sites\/2\/WP-Optimal-Audio-Sub-Series-768x768.jpg 768w, https:\/\/distribution.audio-technica.eu\/app\/uploads\/sites\/2\/WP-Optimal-Audio-Sub-Series-66x66.jpg 66w, https:\/\/distribution.audio-technica.eu\/app\/uploads\/sites\/2\/WP-Optimal-Audio-Sub-Series-200x200.jpg 200w, https:\/\/distribution.audio-technica.eu\/app\/uploads\/sites\/2\/WP-Optimal-Audio-Sub-Series-400x400.jpg 400w, https:\/\/distribution.audio-technica.eu\/app\/uploads\/sites\/2\/WP-Optimal-Audio-Sub-Series-600x600.jpg 600w, https:\/\/distribution.audio-technica.eu\/app\/uploads\/sites\/2\/WP-Optimal-Audio-Sub-Series-800x800.jpg 800w, https:\/\/distribution.audio-technica.eu\/app\/uploads\/sites\/2\/WP-Optimal-Audio-Sub-Series-1200x1200.jpg 1200w, https:\/\/distribution.audio-technica.eu\/app\/uploads\/sites\/2\/WP-Optimal-Audio-Sub-Series-100x100.jpg 100w, https:\/\/distribution.audio-technica.eu\/app\/uploads\/sites\/2\/WP-Optimal-Audio-Sub-Series.jpg 1500w\" sizes=\"auto, (max-width: 300px) 100vw, 300px\" \/>\n\t\t\t<\/div><\/figure><figure class='gallery-item'>\n\t\t\t<div class='gallery-icon landscape'>\n\t\t\t\t<img loading=\"lazy\" decoding=\"async\" width=\"300\" height=\"300\" src=\"\/app\/uploads\/sites\/2\/WP-Optimal-Audio-SmartAmp-Series-300x300.jpg\" class=\"attachment-medium size-medium\" alt=\"\" srcset=\"https:\/\/distribution.audio-technica.eu\/app\/uploads\/sites\/2\/WP-Optimal-Audio-SmartAmp-Series-300x300.jpg 300w, https:\/\/distribution.audio-technica.eu\/app\/uploads\/sites\/2\/WP-Optimal-Audio-SmartAmp-Series-1024x1024.jpg 1024w, https:\/\/distribution.audio-technica.eu\/app\/uploads\/sites\/2\/WP-Optimal-Audio-SmartAmp-Series-150x150.jpg 150w, https:\/\/distribution.audio-technica.eu\/app\/uploads\/sites\/2\/WP-Optimal-Audio-SmartAmp-Series-768x768.jpg 768w, https:\/\/distribution.audio-technica.eu\/app\/uploads\/sites\/2\/WP-Optimal-Audio-SmartAmp-Series-66x66.jpg 66w, https:\/\/distribution.audio-technica.eu\/app\/uploads\/sites\/2\/WP-Optimal-Audio-SmartAmp-Series-200x200.jpg 200w, https:\/\/distribution.audio-technica.eu\/app\/uploads\/sites\/2\/WP-Optimal-Audio-SmartAmp-Series-400x400.jpg 400w, https:\/\/distribution.audio-technica.eu\/app\/uploads\/sites\/2\/WP-Optimal-Audio-SmartAmp-Series-600x600.jpg 600w, https:\/\/distribution.audio-technica.eu\/app\/uploads\/sites\/2\/WP-Optimal-Audio-SmartAmp-Series-800x800.jpg 800w, https:\/\/distribution.audio-technica.eu\/app\/uploads\/sites\/2\/WP-Optimal-Audio-SmartAmp-Series-1200x1200.jpg 1200w, https:\/\/distribution.audio-technica.eu\/app\/uploads\/sites\/2\/WP-Optimal-Audio-SmartAmp-Series-100x100.jpg 100w, https:\/\/distribution.audio-technica.eu\/app\/uploads\/sites\/2\/WP-Optimal-Audio-SmartAmp-Series.jpg 1500w\" sizes=\"auto, (max-width: 300px) 100vw, 300px\" \/>\n\t\t\t<\/div><\/figure><figure class='gallery-item'>\n\t\t\t<div class='gallery-icon landscape'>\n\t\t\t\t<img loading=\"lazy\" decoding=\"async\" width=\"300\" height=\"300\" src=\"\/app\/uploads\/sites\/2\/WP-Optimal-Audio-Zone-Series-300x300.jpg\" class=\"attachment-medium size-medium\" alt=\"\" srcset=\"https:\/\/distribution.audio-technica.eu\/app\/uploads\/sites\/2\/WP-Optimal-Audio-Zone-Series-300x300.jpg 300w, https:\/\/distribution.audio-technica.eu\/app\/uploads\/sites\/2\/WP-Optimal-Audio-Zone-Series-1024x1024.jpg 1024w, https:\/\/distribution.audio-technica.eu\/app\/uploads\/sites\/2\/WP-Optimal-Audio-Zone-Series-150x150.jpg 150w, https:\/\/distribution.audio-technica.eu\/app\/uploads\/sites\/2\/WP-Optimal-Audio-Zone-Series-768x768.jpg 768w, https:\/\/distribution.audio-technica.eu\/app\/uploads\/sites\/2\/WP-Optimal-Audio-Zone-Series-66x66.jpg 66w, https:\/\/distribution.audio-technica.eu\/app\/uploads\/sites\/2\/WP-Optimal-Audio-Zone-Series-200x200.jpg 200w, https:\/\/distribution.audio-technica.eu\/app\/uploads\/sites\/2\/WP-Optimal-Audio-Zone-Series-400x400.jpg 400w, https:\/\/distribution.audio-technica.eu\/app\/uploads\/sites\/2\/WP-Optimal-Audio-Zone-Series-600x600.jpg 600w, https:\/\/distribution.audio-technica.eu\/app\/uploads\/sites\/2\/WP-Optimal-Audio-Zone-Series-800x800.jpg 800w, https:\/\/distribution.audio-technica.eu\/app\/uploads\/sites\/2\/WP-Optimal-Audio-Zone-Series-1200x1200.jpg 1200w, https:\/\/distribution.audio-technica.eu\/app\/uploads\/sites\/2\/WP-Optimal-Audio-Zone-Series-100x100.jpg 100w, https:\/\/distribution.audio-technica.eu\/app\/uploads\/sites\/2\/WP-Optimal-Audio-Zone-Series.jpg 1500w\" sizes=\"auto, (max-width: 300px) 100vw, 300px\" \/>\n\t\t\t<\/div><\/figure><figure class='gallery-item'>\n\t\t\t<div class='gallery-icon landscape'>\n\t\t\t\t<img loading=\"lazy\" decoding=\"async\" width=\"300\" height=\"300\" src=\"\/app\/uploads\/sites\/2\/WP-Optimal-Audio-ZonePad-Series-300x300.jpg\" class=\"attachment-medium size-medium\" alt=\"\" srcset=\"https:\/\/distribution.audio-technica.eu\/app\/uploads\/sites\/2\/WP-Optimal-Audio-ZonePad-Series-300x300.jpg 300w, https:\/\/distribution.audio-technica.eu\/app\/uploads\/sites\/2\/WP-Optimal-Audio-ZonePad-Series-1024x1024.jpg 1024w, https:\/\/distribution.audio-technica.eu\/app\/uploads\/sites\/2\/WP-Optimal-Audio-ZonePad-Series-150x150.jpg 150w, https:\/\/distribution.audio-technica.eu\/app\/uploads\/sites\/2\/WP-Optimal-Audio-ZonePad-Series-768x768.jpg 768w, https:\/\/distribution.audio-technica.eu\/app\/uploads\/sites\/2\/WP-Optimal-Audio-ZonePad-Series-66x66.jpg 66w, https:\/\/distribution.audio-technica.eu\/app\/uploads\/sites\/2\/WP-Optimal-Audio-ZonePad-Series-200x200.jpg 200w, https:\/\/distribution.audio-technica.eu\/app\/uploads\/sites\/2\/WP-Optimal-Audio-ZonePad-Series-400x400.jpg 400w, https:\/\/distribution.audio-technica.eu\/app\/uploads\/sites\/2\/WP-Optimal-Audio-ZonePad-Series-600x600.jpg 600w, https:\/\/distribution.audio-technica.eu\/app\/uploads\/sites\/2\/WP-Optimal-Audio-ZonePad-Series-800x800.jpg 800w, https:\/\/distribution.audio-technica.eu\/app\/uploads\/sites\/2\/WP-Optimal-Audio-ZonePad-Series-1200x1200.jpg 1200w, https:\/\/distribution.audio-technica.eu\/app\/uploads\/sites\/2\/WP-Optimal-Audio-ZonePad-Series-100x100.jpg 100w, https:\/\/distribution.audio-technica.eu\/app\/uploads\/sites\/2\/WP-Optimal-Audio-ZonePad-Series.jpg 1500w\" sizes=\"auto, (max-width: 300px) 100vw, 300px\" \/>\n\t\t\t<\/div><\/figure><figure class='gallery-item'>\n\t\t\t<div class='gallery-icon landscape'>\n\t\t\t\t<img loading=\"lazy\" decoding=\"async\" width=\"300\" height=\"300\" src=\"\/app\/uploads\/sites\/2\/WP-Optimal-Audio-WebApp-300x300.jpg\" class=\"attachment-medium size-medium\" alt=\"\" srcset=\"https:\/\/distribution.audio-technica.eu\/app\/uploads\/sites\/2\/WP-Optimal-Audio-WebApp-300x300.jpg 300w, https:\/\/distribution.audio-technica.eu\/app\/uploads\/sites\/2\/WP-Optimal-Audio-WebApp-1024x1024.jpg 1024w, https:\/\/distribution.audio-technica.eu\/app\/uploads\/sites\/2\/WP-Optimal-Audio-WebApp-150x150.jpg 150w, https:\/\/distribution.audio-technica.eu\/app\/uploads\/sites\/2\/WP-Optimal-Audio-WebApp-768x768.jpg 768w, https:\/\/distribution.audio-technica.eu\/app\/uploads\/sites\/2\/WP-Optimal-Audio-WebApp-66x66.jpg 66w, https:\/\/distribution.audio-technica.eu\/app\/uploads\/sites\/2\/WP-Optimal-Audio-WebApp-200x200.jpg 200w, https:\/\/distribution.audio-technica.eu\/app\/uploads\/sites\/2\/WP-Optimal-Audio-WebApp-400x400.jpg 400w, https:\/\/distribution.audio-technica.eu\/app\/uploads\/sites\/2\/WP-Optimal-Audio-WebApp-600x600.jpg 600w, https:\/\/distribution.audio-technica.eu\/app\/uploads\/sites\/2\/WP-Optimal-Audio-WebApp-800x800.jpg 800w, https:\/\/distribution.audio-technica.eu\/app\/uploads\/sites\/2\/WP-Optimal-Audio-WebApp-1200x1200.jpg 1200w, https:\/\/distribution.audio-technica.eu\/app\/uploads\/sites\/2\/WP-Optimal-Audio-WebApp-100x100.jpg 100w, https:\/\/distribution.audio-technica.eu\/app\/uploads\/sites\/2\/WP-Optimal-Audio-WebApp.jpg 1500w\" sizes=\"auto, (max-width: 300px) 100vw, 300px\" \/>\n\t\t\t<\/div><\/figure>\n\t\t<\/div>\n\n","protected":false},"excerpt":{"rendered":"<p>Audio-Technica ha anunciado su nombramiento como distribuidor de Optimal Audio, la nueva marca de audio comercial de Focusrite plc, en no menos de 17 paises de Europa y \u00c1frica. La compa\u00f1\u00eda asumir\u00e1 las actividades de distribuci\u00f3n a partir del 20 de abril de 2021. Optimal Audio, la s\u00e9ptima marca del Grupo Focusrite, ha sido desarrollada [&hellip;]<\/p>\n","protected":false},"author":2,"featured_media":23704,"comment_status":"closed","ping_status":"closed","sticky":false,"template":"","format":"standard","meta":{"_acf_changed":false,"footnotes":""},"categories":[1692,2461],"tags":[1553,2196],"class_list":["post-23700","post","type-post","status-publish","format-standard","has-post-thumbnail","hentry","category-empresa","category-noticias","tag-instalacion","tag-nueva-marca"],"acf":[],"yoast_head":"<!-- This site is optimized with the Yoast SEO plugin v27.1.1 - https:\/\/yoast.com\/product\/yoast-seo-wordpress\/ -->\n<title>La nueva marca Optimal Audio ser\u00e1 distribuida por Audio-Technica en Europa - Audio-Technica Iberia<\/title>\n<meta name=\"robots\" content=\"index, follow, max-snippet:-1, max-image-preview:large, max-video-preview:-1\" \/>\n<link rel=\"canonical\" href=\"https:\/\/distribution.audio-technica.eu\/es-es\/noticias\/la-nueva-marca-optimal-audio-sera-distribuida-por-audio-technica-en-europa\/\" \/>\n<meta property=\"og:locale\" content=\"es_ES\" \/>\n<meta property=\"og:type\" content=\"article\" \/>\n<meta property=\"og:title\" content=\"La nueva marca Optimal Audio ser\u00e1 distribuida por Audio-Technica en Europa - Audio-Technica Iberia\" \/>\n<meta property=\"og:description\" content=\"Audio-Technica ha anunciado su nombramiento como distribuidor de Optimal Audio, la nueva marca de audio comercial de Focusrite plc, en no menos de 17 paises de Europa y \u00c1frica. La compa\u00f1\u00eda asumir\u00e1 las actividades de distribuci\u00f3n a partir del 20 de abril de 2021. Optimal Audio, la s\u00e9ptima marca del Grupo Focusrite, ha sido desarrollada [&hellip;]\" \/>\n<meta property=\"og:url\" content=\"https:\/\/distribution.audio-technica.eu\/es-es\/noticias\/la-nueva-marca-optimal-audio-sera-distribuida-por-audio-technica-en-europa\/\" \/>\n<meta property=\"og:site_name\" content=\"Audio-Technica Iberia\" \/>\n<meta property=\"article:published_time\" content=\"2021-04-20T07:00:41+00:00\" \/>\n<meta property=\"article:modified_time\" content=\"2023-09-13T16:36:44+00:00\" \/>\n<meta property=\"og:image\" content=\"https:\/\/distribution.audio-technica.eu\/app\/uploads\/sites\/2\/WP-Dom-Harter-Tim-Carroll-and-Matt-Rowe_banner.jpg\" \/>\n\t<meta property=\"og:image:width\" content=\"640\" \/>\n\t<meta property=\"og:image:height\" content=\"360\" \/>\n\t<meta property=\"og:image:type\" content=\"image\/jpeg\" \/>\n<meta name=\"author\" content=\"ctorras\" \/>\n<meta name=\"twitter:card\" content=\"summary_large_image\" \/>\n<meta name=\"twitter:label1\" content=\"Escrito por\" \/>\n\t<meta name=\"twitter:data1\" content=\"ctorras\" \/>\n\t<meta name=\"twitter:label2\" content=\"Tiempo de lectura\" \/>\n\t<meta name=\"twitter:data2\" content=\"3 minutos\" \/>\n<script type=\"application\/ld+json\" class=\"yoast-schema-graph\">{\"@context\":\"https:\/\/schema.org\",\"@graph\":[{\"@type\":\"Article\",\"@id\":\"https:\/\/distribution.audio-technica.eu\/es-es\/noticias\/la-nueva-marca-optimal-audio-sera-distribuida-por-audio-technica-en-europa\/#article\",\"isPartOf\":{\"@id\":\"https:\/\/distribution.audio-technica.eu\/es-es\/noticias\/la-nueva-marca-optimal-audio-sera-distribuida-por-audio-technica-en-europa\/\"},\"author\":{\"name\":\"ctorras\",\"@id\":\"https:\/\/distribution.audio-technica.eu\/es-es\/#\/schema\/person\/dbf0d33217ceab6329b4c3144742f2fb\"},\"headline\":\"La nueva marca Optimal Audio ser\u00e1 distribuida por Audio-Technica en Europa\",\"datePublished\":\"2021-04-20T07:00:41+00:00\",\"dateModified\":\"2023-09-13T16:36:44+00:00\",\"mainEntityOfPage\":{\"@id\":\"https:\/\/distribution.audio-technica.eu\/es-es\/noticias\/la-nueva-marca-optimal-audio-sera-distribuida-por-audio-technica-en-europa\/\"},\"wordCount\":499,\"image\":{\"@id\":\"https:\/\/distribution.audio-technica.eu\/es-es\/noticias\/la-nueva-marca-optimal-audio-sera-distribuida-por-audio-technica-en-europa\/#primaryimage\"},\"thumbnailUrl\":\"\/app\/uploads\/sites\/2\/WP-Dom-Harter-Tim-Carroll-and-Matt-Rowe_banner.jpg\",\"keywords\":[\"Instalaci\u00f3n\",\"Nueva marca\"],\"articleSection\":[\"Empresa\",\"Noticias\"],\"inLanguage\":\"es\"},{\"@type\":\"WebPage\",\"@id\":\"https:\/\/distribution.audio-technica.eu\/es-es\/noticias\/la-nueva-marca-optimal-audio-sera-distribuida-por-audio-technica-en-europa\/\",\"url\":\"https:\/\/distribution.audio-technica.eu\/es-es\/noticias\/la-nueva-marca-optimal-audio-sera-distribuida-por-audio-technica-en-europa\/\",\"name\":\"La nueva marca Optimal Audio ser\u00e1 distribuida por Audio-Technica en Europa - Audio-Technica Iberia\",\"isPartOf\":{\"@id\":\"https:\/\/distribution.audio-technica.eu\/es-es\/#website\"},\"primaryImageOfPage\":{\"@id\":\"https:\/\/distribution.audio-technica.eu\/es-es\/noticias\/la-nueva-marca-optimal-audio-sera-distribuida-por-audio-technica-en-europa\/#primaryimage\"},\"image\":{\"@id\":\"https:\/\/distribution.audio-technica.eu\/es-es\/noticias\/la-nueva-marca-optimal-audio-sera-distribuida-por-audio-technica-en-europa\/#primaryimage\"},\"thumbnailUrl\":\"\/app\/uploads\/sites\/2\/WP-Dom-Harter-Tim-Carroll-and-Matt-Rowe_banner.jpg\",\"datePublished\":\"2021-04-20T07:00:41+00:00\",\"dateModified\":\"2023-09-13T16:36:44+00:00\",\"author\":{\"@id\":\"https:\/\/distribution.audio-technica.eu\/es-es\/#\/schema\/person\/dbf0d33217ceab6329b4c3144742f2fb\"},\"breadcrumb\":{\"@id\":\"https:\/\/distribution.audio-technica.eu\/es-es\/noticias\/la-nueva-marca-optimal-audio-sera-distribuida-por-audio-technica-en-europa\/#breadcrumb\"},\"inLanguage\":\"es\",\"potentialAction\":[{\"@type\":\"ReadAction\",\"target\":[\"https:\/\/distribution.audio-technica.eu\/es-es\/noticias\/la-nueva-marca-optimal-audio-sera-distribuida-por-audio-technica-en-europa\/\"]}]},{\"@type\":\"ImageObject\",\"inLanguage\":\"es\",\"@id\":\"https:\/\/distribution.audio-technica.eu\/es-es\/noticias\/la-nueva-marca-optimal-audio-sera-distribuida-por-audio-technica-en-europa\/#primaryimage\",\"url\":\"\/app\/uploads\/sites\/2\/WP-Dom-Harter-Tim-Carroll-and-Matt-Rowe_banner.jpg\",\"contentUrl\":\"\/app\/uploads\/sites\/2\/WP-Dom-Harter-Tim-Carroll-and-Matt-Rowe_banner.jpg\",\"width\":640,\"height\":360},{\"@type\":\"BreadcrumbList\",\"@id\":\"https:\/\/distribution.audio-technica.eu\/es-es\/noticias\/la-nueva-marca-optimal-audio-sera-distribuida-por-audio-technica-en-europa\/#breadcrumb\",\"itemListElement\":[{\"@type\":\"ListItem\",\"position\":1,\"name\":\"Products\",\"item\":\"https:\/\/distribution.audio-technica.eu\/es-es\/\"},{\"@type\":\"ListItem\",\"position\":2,\"name\":\"La nueva marca Optimal Audio ser\u00e1 distribuida por Audio-Technica en Europa\"}]},{\"@type\":\"WebSite\",\"@id\":\"https:\/\/distribution.audio-technica.eu\/es-es\/#website\",\"url\":\"https:\/\/distribution.audio-technica.eu\/es-es\/\",\"name\":\"Audio-Technica Iberia\",\"description\":\"Distribuci\u00f3n\",\"potentialAction\":[{\"@type\":\"SearchAction\",\"target\":{\"@type\":\"EntryPoint\",\"urlTemplate\":\"https:\/\/distribution.audio-technica.eu\/es-es\/?s={search_term_string}\"},\"query-input\":{\"@type\":\"PropertyValueSpecification\",\"valueRequired\":true,\"valueName\":\"search_term_string\"}}],\"inLanguage\":\"es\"},{\"@type\":\"Person\",\"@id\":\"https:\/\/distribution.audio-technica.eu\/es-es\/#\/schema\/person\/dbf0d33217ceab6329b4c3144742f2fb\",\"name\":\"ctorras\"}]}<\/script>\n<!-- \/ Yoast SEO plugin. -->","yoast_head_json":{"title":"La nueva marca Optimal Audio ser\u00e1 distribuida por Audio-Technica en Europa - Audio-Technica Iberia","robots":{"index":"index","follow":"follow","max-snippet":"max-snippet:-1","max-image-preview":"max-image-preview:large","max-video-preview":"max-video-preview:-1"},"canonical":"https:\/\/distribution.audio-technica.eu\/es-es\/noticias\/la-nueva-marca-optimal-audio-sera-distribuida-por-audio-technica-en-europa\/","og_locale":"es_ES","og_type":"article","og_title":"La nueva marca Optimal Audio ser\u00e1 distribuida por Audio-Technica en Europa - Audio-Technica Iberia","og_description":"Audio-Technica ha anunciado su nombramiento como distribuidor de Optimal Audio, la nueva marca de audio comercial de Focusrite plc, en no menos de 17 paises de Europa y \u00c1frica. La compa\u00f1\u00eda asumir\u00e1 las actividades de distribuci\u00f3n a partir del 20 de abril de 2021. Optimal Audio, la s\u00e9ptima marca del Grupo Focusrite, ha sido desarrollada [&hellip;]","og_url":"https:\/\/distribution.audio-technica.eu\/es-es\/noticias\/la-nueva-marca-optimal-audio-sera-distribuida-por-audio-technica-en-europa\/","og_site_name":"Audio-Technica Iberia","article_published_time":"2021-04-20T07:00:41+00:00","article_modified_time":"2023-09-13T16:36:44+00:00","og_image":[{"width":640,"height":360,"url":"https:\/\/distribution.audio-technica.eu\/app\/uploads\/sites\/2\/WP-Dom-Harter-Tim-Carroll-and-Matt-Rowe_banner.jpg","type":"image\/jpeg"}],"author":"ctorras","twitter_card":"summary_large_image","twitter_misc":{"Escrito por":"ctorras","Tiempo de lectura":"3 minutos"},"schema":{"@context":"https:\/\/schema.org","@graph":[{"@type":"Article","@id":"https:\/\/distribution.audio-technica.eu\/es-es\/noticias\/la-nueva-marca-optimal-audio-sera-distribuida-por-audio-technica-en-europa\/#article","isPartOf":{"@id":"https:\/\/distribution.audio-technica.eu\/es-es\/noticias\/la-nueva-marca-optimal-audio-sera-distribuida-por-audio-technica-en-europa\/"},"author":{"name":"ctorras","@id":"https:\/\/distribution.audio-technica.eu\/es-es\/#\/schema\/person\/dbf0d33217ceab6329b4c3144742f2fb"},"headline":"La nueva marca Optimal Audio ser\u00e1 distribuida por Audio-Technica en Europa","datePublished":"2021-04-20T07:00:41+00:00","dateModified":"2023-09-13T16:36:44+00:00","mainEntityOfPage":{"@id":"https:\/\/distribution.audio-technica.eu\/es-es\/noticias\/la-nueva-marca-optimal-audio-sera-distribuida-por-audio-technica-en-europa\/"},"wordCount":499,"image":{"@id":"https:\/\/distribution.audio-technica.eu\/es-es\/noticias\/la-nueva-marca-optimal-audio-sera-distribuida-por-audio-technica-en-europa\/#primaryimage"},"thumbnailUrl":"\/app\/uploads\/sites\/2\/WP-Dom-Harter-Tim-Carroll-and-Matt-Rowe_banner.jpg","keywords":["Instalaci\u00f3n","Nueva marca"],"articleSection":["Empresa","Noticias"],"inLanguage":"es"},{"@type":"WebPage","@id":"https:\/\/distribution.audio-technica.eu\/es-es\/noticias\/la-nueva-marca-optimal-audio-sera-distribuida-por-audio-technica-en-europa\/","url":"https:\/\/distribution.audio-technica.eu\/es-es\/noticias\/la-nueva-marca-optimal-audio-sera-distribuida-por-audio-technica-en-europa\/","name":"La nueva marca Optimal Audio ser\u00e1 distribuida por Audio-Technica en Europa - Audio-Technica Iberia","isPartOf":{"@id":"https:\/\/distribution.audio-technica.eu\/es-es\/#website"},"primaryImageOfPage":{"@id":"https:\/\/distribution.audio-technica.eu\/es-es\/noticias\/la-nueva-marca-optimal-audio-sera-distribuida-por-audio-technica-en-europa\/#primaryimage"},"image":{"@id":"https:\/\/distribution.audio-technica.eu\/es-es\/noticias\/la-nueva-marca-optimal-audio-sera-distribuida-por-audio-technica-en-europa\/#primaryimage"},"thumbnailUrl":"\/app\/uploads\/sites\/2\/WP-Dom-Harter-Tim-Carroll-and-Matt-Rowe_banner.jpg","datePublished":"2021-04-20T07:00:41+00:00","dateModified":"2023-09-13T16:36:44+00:00","author":{"@id":"https:\/\/distribution.audio-technica.eu\/es-es\/#\/schema\/person\/dbf0d33217ceab6329b4c3144742f2fb"},"breadcrumb":{"@id":"https:\/\/distribution.audio-technica.eu\/es-es\/noticias\/la-nueva-marca-optimal-audio-sera-distribuida-por-audio-technica-en-europa\/#breadcrumb"},"inLanguage":"es","potentialAction":[{"@type":"ReadAction","target":["https:\/\/distribution.audio-technica.eu\/es-es\/noticias\/la-nueva-marca-optimal-audio-sera-distribuida-por-audio-technica-en-europa\/"]}]},{"@type":"ImageObject","inLanguage":"es","@id":"https:\/\/distribution.audio-technica.eu\/es-es\/noticias\/la-nueva-marca-optimal-audio-sera-distribuida-por-audio-technica-en-europa\/#primaryimage","url":"\/app\/uploads\/sites\/2\/WP-Dom-Harter-Tim-Carroll-and-Matt-Rowe_banner.jpg","contentUrl":"\/app\/uploads\/sites\/2\/WP-Dom-Harter-Tim-Carroll-and-Matt-Rowe_banner.jpg","width":640,"height":360},{"@type":"BreadcrumbList","@id":"https:\/\/distribution.audio-technica.eu\/es-es\/noticias\/la-nueva-marca-optimal-audio-sera-distribuida-por-audio-technica-en-europa\/#breadcrumb","itemListElement":[{"@type":"ListItem","position":1,"name":"Products","item":"https:\/\/distribution.audio-technica.eu\/es-es\/"},{"@type":"ListItem","position":2,"name":"La nueva marca Optimal Audio ser\u00e1 distribuida por Audio-Technica en Europa"}]},{"@type":"WebSite","@id":"https:\/\/distribution.audio-technica.eu\/es-es\/#website","url":"https:\/\/distribution.audio-technica.eu\/es-es\/","name":"Audio-Technica Iberia","description":"Distribuci\u00f3n","potentialAction":[{"@type":"SearchAction","target":{"@type":"EntryPoint","urlTemplate":"https:\/\/distribution.audio-technica.eu\/es-es\/?s={search_term_string}"},"query-input":{"@type":"PropertyValueSpecification","valueRequired":true,"valueName":"search_term_string"}}],"inLanguage":"es"},{"@type":"Person","@id":"https:\/\/distribution.audio-technica.eu\/es-es\/#\/schema\/person\/dbf0d33217ceab6329b4c3144742f2fb","name":"ctorras"}]}},"_links":{"self":[{"href":"https:\/\/distribution.audio-technica.eu\/es-es\/wp-json\/wp\/v2\/posts\/23700","targetHints":{"allow":["GET"]}}],"collection":[{"href":"https:\/\/distribution.audio-technica.eu\/es-es\/wp-json\/wp\/v2\/posts"}],"about":[{"href":"https:\/\/distribution.audio-technica.eu\/es-es\/wp-json\/wp\/v2\/types\/post"}],"author":[{"embeddable":true,"href":"https:\/\/distribution.audio-technica.eu\/es-es\/wp-json\/wp\/v2\/users\/2"}],"replies":[{"embeddable":true,"href":"https:\/\/distribution.audio-technica.eu\/es-es\/wp-json\/wp\/v2\/comments?post=23700"}],"version-history":[{"count":9,"href":"https:\/\/distribution.audio-technica.eu\/es-es\/wp-json\/wp\/v2\/posts\/23700\/revisions"}],"predecessor-version":[{"id":30692,"href":"https:\/\/distribution.audio-technica.eu\/es-es\/wp-json\/wp\/v2\/posts\/23700\/revisions\/30692"}],"wp:featuredmedia":[{"embeddable":true,"href":"https:\/\/distribution.audio-technica.eu\/es-es\/wp-json\/wp\/v2\/media\/23704"}],"wp:attachment":[{"href":"https:\/\/distribution.audio-technica.eu\/es-es\/wp-json\/wp\/v2\/media?parent=23700"}],"wp:term":[{"taxonomy":"category","embeddable":true,"href":"https:\/\/distribution.audio-technica.eu\/es-es\/wp-json\/wp\/v2\/categories?post=23700"},{"taxonomy":"post_tag","embeddable":true,"href":"https:\/\/distribution.audio-technica.eu\/es-es\/wp-json\/wp\/v2\/tags?post=23700"}],"curies":[{"name":"wp","href":"https:\/\/api.w.org\/{rel}","templated":true}]}}