{"id":2376,"date":"2018-02-05T17:07:34","date_gmt":"2018-02-05T16:07:34","guid":{"rendered":"http:\/\/noticias.audio-technica.es\/?p=2376"},"modified":"2023-07-31T11:29:07","modified_gmt":"2023-07-31T09:29:07","slug":"genelec-40-aniversario","status":"publish","type":"post","link":"https:\/\/distribution.audio-technica.eu\/es-es\/noticias\/genelec-40-aniversario\/","title":{"rendered":"Genelec inicia un a\u00f1o de celebraciones para conmemorar su 40 aniversario"},"content":{"rendered":"<h2>Genelec, l\u00edder mundial en la monitorizaci\u00f3n de audio profesional, se enorgullece de iniciar un a\u00f1o repleto de eventos especiales para celebrar el 40 aniversario del nacimiento de la empresa. Presentando una fiesta de verano, un libro sobre el 40 aniversario, un monitor de Edici\u00f3n Limitada y una importante campa\u00f1a con el broadcaster de m\u00fasica on line Boiler Room, 2018 ser\u00e1 el a\u00f1o en que Genelec celebrar\u00e1 cuatro importantes d\u00e9cadas de innovaci\u00f3n, liderazgo de la industria, y audio impecable.<\/h2>\n<figure id=\"attachment_2371\" aria-describedby=\"caption-attachment-2371\" style=\"width: 1500px\" class=\"wp-caption alignnone\"><a href=\"http:\/\/noticias.audio-technica.es\/wp-content\/uploads\/Genelec_40th_anniversary-WP.jpg\"><img loading=\"lazy\" decoding=\"async\" class=\"wp-image-2371 size-full\" src=\"http:\/\/noticias.audio-technica.es\/wp-content\/uploads\/Genelec_40th_anniversary-WP.jpg\" alt=\"Genelec inicia un a\u00f1o de celebraciones para conmemorar su 40 aniversario\" width=\"1500\" height=\"837\" srcset=\"https:\/\/distribution.audio-technica.eu\/app\/uploads\/sites\/2\/Genelec_40th_anniversary-WP.jpg 1500w, https:\/\/distribution.audio-technica.eu\/app\/uploads\/sites\/2\/Genelec_40th_anniversary-WP-300x167.jpg 300w, https:\/\/distribution.audio-technica.eu\/app\/uploads\/sites\/2\/Genelec_40th_anniversary-WP-768x429.jpg 768w, https:\/\/distribution.audio-technica.eu\/app\/uploads\/sites\/2\/Genelec_40th_anniversary-WP-1024x571.jpg 1024w, https:\/\/distribution.audio-technica.eu\/app\/uploads\/sites\/2\/Genelec_40th_anniversary-WP-200x112.jpg 200w, https:\/\/distribution.audio-technica.eu\/app\/uploads\/sites\/2\/Genelec_40th_anniversary-WP-400x223.jpg 400w, https:\/\/distribution.audio-technica.eu\/app\/uploads\/sites\/2\/Genelec_40th_anniversary-WP-600x335.jpg 600w, https:\/\/distribution.audio-technica.eu\/app\/uploads\/sites\/2\/Genelec_40th_anniversary-WP-800x446.jpg 800w, https:\/\/distribution.audio-technica.eu\/app\/uploads\/sites\/2\/Genelec_40th_anniversary-WP-1200x670.jpg 1200w\" sizes=\"auto, (max-width: 1500px) 100vw, 1500px\" \/><\/a><figcaption id=\"caption-attachment-2371\" class=\"wp-caption-text\">Oficina central y f\u00e1brica de Genelec en Iisalmi, Finlandia<\/figcaption><\/figure>\n<p>En 1978, cuando Iipo Martikanen fund\u00f3 Genelec junto a Topi Partanen, se inici\u00f3 un viaje visionario que contribuy\u00f3 a moldear el mundo del audio profesional tal como lo conocemos actualmente y establecer el trabajo de su vida con la creaci\u00f3n del S30, un hito en la monitorizaci\u00f3n activa, desarrollado originalmente para la YLE, una emisora nacional finlandesa. El S30, que ofrec\u00eda un sonido preciso y posibilidades de ajuste ac\u00fastico, se\u00f1al\u00f3 la determinaci\u00f3n \u00fanica de la compa\u00f1\u00eda para proporcionar al usuario herramientas de monitorizaci\u00f3n fiables y la posibilidad de calibrar sus monitores para que se adaptaran a su propio entorno ac\u00fastico y, desde entonces, estas premisas se han convertido en la piedra angular de la filosof\u00eda de dise\u00f1o de Genelec.<\/p>\n<p>Impulsados por el est\u00edmulo y la inspiraci\u00f3n de la creciente base de clientes de Genelec, pronto siguieron una larga sucesi\u00f3n de logros, nuevas tecnolog\u00edas y productos que redefin\u00edan la industria, desde la amplia adopci\u00f3n por parte de estudios de todo el mundo del monitor principal 1035, hasta revolucionarias innovaciones, como la <a href=\"https:\/\/www.genelec.com\/key-technologies\/directivity-control-waveguide-dcw-technology\">Directivity Control Waveguide<\/a>, el <a href=\"https:\/\/www.genelec.com\/key-technologies\/minimum-diffraction-enclosure-mde-technology\">Minimum Diffraction Enclosure<\/a>, y el <a href=\"https:\/\/www.genelec.com\/key-technologies\/laminar-spiral-enclosure-lse-technology\">Laminar Spiral Enclosure<\/a>.<\/p>\n<p>En 1991, el excelente monitor de campo cercano 1031 cambi\u00f3 de nuevo el mundo de la monitorizaci\u00f3n de audio y producci\u00f3n musical, hecho que se reconoci\u00f3 posteriormente con su inclusi\u00f3n en 2014 en el TECnology Hall of Fame. A medida que se suced\u00edan las d\u00e9cadas, la reputaci\u00f3n de Genelec crec\u00eda cada vez m\u00e1s gracias a la inmensa popularidad de los monitores de la serie 8000 y su capacidad de lidiar incluso con los entornos ac\u00fasticos m\u00e1s desafiantes, gracias a la familia <a href=\"https:\/\/www.genelec.com\/studio-monitors\">SAM (Smart Active Monitoring)<\/a> y al <a href=\"https:\/\/www.genelec.com\/glm\">software de calibraci\u00f3n GLM<\/a>, que combina de forma \u00fanica los avances en procesado digital de se\u00f1al con el sofisticado algoritmo AutoCal, que se basa en cientos de mediciones realizadas en estudios y en experiencias pr\u00e1cticas. A lo largo de los a\u00f1os, la investigaci\u00f3n y el desarrollo persistentes y la pasi\u00f3n por superar los l\u00edmites de la excelencia sonora han permanecido intactos, y Genelec perseverar\u00e1 con orgullo para continuar con este incre\u00edble patrimonio, ya que las celebraciones del 40\u00ba aniversario marcan el legado perdurable de la compa\u00f1\u00eda.<\/p>\n<p>A lo largo del a\u00f1o, Genelec reconocer\u00e1 con entusiasmo la extraordinaria contribuci\u00f3n de la extensa familia de Genelec, desde amigos, distribuidores y usuarios, hasta los muchos empleados, pasados y presentes, que han tenido un papel fundamental en la historia de la compa\u00f1\u00eda. Adem\u00e1s de una espectacular fiesta de cumplea\u00f1os que se celebrar\u00e1 en verano, se realizar\u00e1n a lo largo del a\u00f1o diversas competiciones, que incluir\u00e1n la posibilidad de ganar un viaje para visitar la f\u00e1brica de Genelec en Iisami, Finlandia, y un concurso de composici\u00f3n en asociaci\u00f3n con Boiler Room, los detalles del cual ser\u00e1n publicados durante la primavera.<\/p>\n<p>Los canales de Genelec en medios sociales cobrar\u00e1n nueva vida en 2018, con momentos clave en la historia de la compa\u00f1\u00eda, y la campa\u00f1a del hastag #Genelec40th, que permitir\u00e1 que miembros de la familia Genelec de todo el mundo compartan sus recuerdos y experiencias. Durante el a\u00f1o Genelec tambi\u00e9n se publicar\u00e1n v\u00eddeos dedicados al pasado, presente y futuro de la empresa; adem\u00e1s, el libro conmemorativo del 40 Aniversario ofrecer\u00e1 nuevas revelaciones sobre las primeras cuatro d\u00e9cadas de la compa\u00f1\u00eda.<\/p>\n<p>\u201c<em>Es un logro notable haber alcanzado nuestro 40 aniversario con una incre\u00edblemente extensa cadena de innovaciones, y permanecer fieles en la b\u00fasqueda del sonido perfecto, tal como fue desde el principio<\/em>,\u201d comenta Siam\u00e4k Naghian, director general de Genelec. \u201c<em>Este a\u00f1o de celebraciones es para todos y cada uno de los miembros de la familia Genelec que han hecho posible que hoy nos encontremos aqu\u00ed; las legiones de usuarios de Genelec en todo el mundo, nuestros distribuidores, miembros de la prensa, nuestros muy valorados empleados y, por supuesto, nuestro fundador, Ilpo, cuya filosof\u00eda contin\u00faa siendo nuestra gu\u00eda, y seguir\u00e1 si\u00e9ndolo los pr\u00f3ximos 40 a\u00f1os<\/em>.\u201d<\/p>\n<p>Para conocer m\u00e1s detalles sobre los eventos y competiciones que se desarrollar\u00e1n con motivo del aniversario, permanezca atento al contenido de <a href=\"http:\/\/www.genelec.com\">www.genelec.com<\/a> y a las publicaciones en los medios sociales de Genelec como <strong><a href=\"https:\/\/www.facebook.com\/Genelec\/\">Facebook<\/a><\/strong>,\u00a0<strong><a style=\"font-style: inherit;font-weight: inherit\" href=\"https:\/\/twitter.com\/Genelec\">Twitter<\/a><\/strong>,\u00a0<strong><a style=\"font-style: inherit;font-weight: inherit\" href=\"https:\/\/www.instagram.com\/genelec_oy\/\">Instagram<\/a><\/strong>,\u00a0<strong><a style=\"font-style: inherit;font-weight: inherit\" href=\"https:\/\/www.linkedin.com\/company\/55448\/\">LinkedIn<\/a><\/strong>\u00a0y\u00a0<strong><a style=\"font-style: inherit;font-weight: inherit\" href=\"https:\/\/www.youtube.com\/user\/GenelecMarketing\">YouTube<\/a><\/strong>.<\/p>\n<p>&nbsp;<\/p>\n<p>Genelec es distribuido en Espa\u00f1a por <a href=\"https:\/\/eu.audio-technica.com\/brands\/genelec?lang=es\">Audio-Technica Iberia<\/a><\/p>\n<p>&nbsp;<\/p>\n<p><strong><em>Sobre Genelec <\/em><\/strong><\/p>\n<p><em>Desde la fundaci\u00f3n de Genelec, en 1978, la monitorizaci\u00f3n de audio profesional ha sido el n\u00facleo de su actividad. Un compromiso sin igual con la investigaci\u00f3n y el desarrollo han dado como resultado un gran n\u00famero de innovaciones, y ha establecido a Genelec como l\u00edder de la industria en el terreno de los monitores activos. 40 a\u00f1os m\u00e1s tarde, los productos de monitorizaci\u00f3n de Genelec permanecen fieles a la filosof\u00eda original, ofreciendo fiabilidad, sonido neutro independientemente de su tama\u00f1o, y la capacidad de adaptarse a las condiciones ac\u00fasticas del entorno de audici\u00f3n. Los clientes de Genelec reciben el mejor soporte sobre el terreno, desde asesoramiento ac\u00fastico y servicios de calibraci\u00f3n, a servicio t\u00e9cnico y larga vida \u00fatil del producto. Adquirir productos Genelec es una segura inversi\u00f3n a largo plazo en un incre\u00edble y fiable sistema de monitorizaci\u00f3n de audio.<\/em><\/p>\n","protected":false},"excerpt":{"rendered":"<p>Genelec, l\u00edder mundial en la monitorizaci\u00f3n de audio profesional, se enorgullece de iniciar un a\u00f1o repleto de eventos especiales para celebrar el 40 aniversario del nacimiento de la empresa. Presentando una fiesta de verano, un libro sobre el 40 aniversario, un monitor de Edici\u00f3n Limitada y una importante campa\u00f1a con el broadcaster de m\u00fasica on [&hellip;]<\/p>\n","protected":false},"author":1,"featured_media":2372,"comment_status":"closed","ping_status":"closed","sticky":false,"template":"","format":"standard","meta":{"_acf_changed":false,"footnotes":""},"categories":[1692,2461],"tags":[1878,1564,1566],"class_list":["post-2376","post","type-post","status-publish","format-standard","has-post-thumbnail","hentry","category-empresa","category-noticias","tag-aniversario","tag-estudio","tag-monitores"],"acf":[],"yoast_head":"<!-- This site is optimized with the Yoast SEO plugin v27.1.1 - https:\/\/yoast.com\/product\/yoast-seo-wordpress\/ -->\n<title>Genelec inicia un a\u00f1o de celebraciones para conmemorar su 40 aniversario - Audio-Technica Iberia<\/title>\n<meta name=\"robots\" content=\"index, follow, max-snippet:-1, max-image-preview:large, max-video-preview:-1\" \/>\n<link rel=\"canonical\" href=\"https:\/\/distribution.audio-technica.eu\/es-es\/noticias\/genelec-40-aniversario\/\" \/>\n<meta property=\"og:locale\" content=\"es_ES\" \/>\n<meta property=\"og:type\" content=\"article\" \/>\n<meta property=\"og:title\" content=\"Genelec inicia un a\u00f1o de celebraciones para conmemorar su 40 aniversario - Audio-Technica Iberia\" \/>\n<meta property=\"og:description\" content=\"Genelec, l\u00edder mundial en la monitorizaci\u00f3n de audio profesional, se enorgullece de iniciar un a\u00f1o repleto de eventos especiales para celebrar el 40 aniversario del nacimiento de la empresa. Presentando una fiesta de verano, un libro sobre el 40 aniversario, un monitor de Edici\u00f3n Limitada y una importante campa\u00f1a con el broadcaster de m\u00fasica on [&hellip;]\" \/>\n<meta property=\"og:url\" content=\"https:\/\/distribution.audio-technica.eu\/es-es\/noticias\/genelec-40-aniversario\/\" \/>\n<meta property=\"og:site_name\" content=\"Audio-Technica Iberia\" \/>\n<meta property=\"article:published_time\" content=\"2018-02-05T16:07:34+00:00\" \/>\n<meta property=\"article:modified_time\" content=\"2023-07-31T09:29:07+00:00\" \/>\n<meta property=\"og:image\" content=\"https:\/\/distribution.audio-technica.eu\/app\/uploads\/sites\/2\/Genelec_40th_anniversary_banner.jpg\" \/>\n\t<meta property=\"og:image:width\" content=\"640\" \/>\n\t<meta property=\"og:image:height\" content=\"360\" \/>\n\t<meta property=\"og:image:type\" content=\"image\/jpeg\" \/>\n<meta name=\"author\" content=\"Audio-Technica\" \/>\n<meta name=\"twitter:card\" content=\"summary_large_image\" \/>\n<meta name=\"twitter:label1\" content=\"Escrito por\" \/>\n\t<meta name=\"twitter:data1\" content=\"Audio-Technica\" \/>\n\t<meta name=\"twitter:label2\" content=\"Tiempo de lectura\" \/>\n\t<meta name=\"twitter:data2\" content=\"5 minutos\" \/>\n<script type=\"application\/ld+json\" class=\"yoast-schema-graph\">{\"@context\":\"https:\/\/schema.org\",\"@graph\":[{\"@type\":\"Article\",\"@id\":\"https:\/\/distribution.audio-technica.eu\/es-es\/noticias\/genelec-40-aniversario\/#article\",\"isPartOf\":{\"@id\":\"https:\/\/distribution.audio-technica.eu\/es-es\/noticias\/genelec-40-aniversario\/\"},\"author\":{\"name\":\"Audio-Technica\",\"@id\":\"https:\/\/distribution.audio-technica.eu\/es-es\/#\/schema\/person\/e8e715e047e33cc425e816f59cbd9b80\"},\"headline\":\"Genelec inicia un a\u00f1o de celebraciones para conmemorar su 40 aniversario\",\"datePublished\":\"2018-02-05T16:07:34+00:00\",\"dateModified\":\"2023-07-31T09:29:07+00:00\",\"mainEntityOfPage\":{\"@id\":\"https:\/\/distribution.audio-technica.eu\/es-es\/noticias\/genelec-40-aniversario\/\"},\"wordCount\":1018,\"image\":{\"@id\":\"https:\/\/distribution.audio-technica.eu\/es-es\/noticias\/genelec-40-aniversario\/#primaryimage\"},\"thumbnailUrl\":\"\/app\/uploads\/sites\/2\/Genelec_40th_anniversary_banner.jpg\",\"keywords\":[\"aniversario\",\"Estudio\",\"MONITORES\"],\"articleSection\":[\"Empresa\",\"Noticias\"],\"inLanguage\":\"es\"},{\"@type\":\"WebPage\",\"@id\":\"https:\/\/distribution.audio-technica.eu\/es-es\/noticias\/genelec-40-aniversario\/\",\"url\":\"https:\/\/distribution.audio-technica.eu\/es-es\/noticias\/genelec-40-aniversario\/\",\"name\":\"Genelec inicia un a\u00f1o de celebraciones para conmemorar su 40 aniversario - Audio-Technica Iberia\",\"isPartOf\":{\"@id\":\"https:\/\/distribution.audio-technica.eu\/es-es\/#website\"},\"primaryImageOfPage\":{\"@id\":\"https:\/\/distribution.audio-technica.eu\/es-es\/noticias\/genelec-40-aniversario\/#primaryimage\"},\"image\":{\"@id\":\"https:\/\/distribution.audio-technica.eu\/es-es\/noticias\/genelec-40-aniversario\/#primaryimage\"},\"thumbnailUrl\":\"\/app\/uploads\/sites\/2\/Genelec_40th_anniversary_banner.jpg\",\"datePublished\":\"2018-02-05T16:07:34+00:00\",\"dateModified\":\"2023-07-31T09:29:07+00:00\",\"author\":{\"@id\":\"https:\/\/distribution.audio-technica.eu\/es-es\/#\/schema\/person\/e8e715e047e33cc425e816f59cbd9b80\"},\"breadcrumb\":{\"@id\":\"https:\/\/distribution.audio-technica.eu\/es-es\/noticias\/genelec-40-aniversario\/#breadcrumb\"},\"inLanguage\":\"es\",\"potentialAction\":[{\"@type\":\"ReadAction\",\"target\":[\"https:\/\/distribution.audio-technica.eu\/es-es\/noticias\/genelec-40-aniversario\/\"]}]},{\"@type\":\"ImageObject\",\"inLanguage\":\"es\",\"@id\":\"https:\/\/distribution.audio-technica.eu\/es-es\/noticias\/genelec-40-aniversario\/#primaryimage\",\"url\":\"\/app\/uploads\/sites\/2\/Genelec_40th_anniversary_banner.jpg\",\"contentUrl\":\"\/app\/uploads\/sites\/2\/Genelec_40th_anniversary_banner.jpg\",\"width\":640,\"height\":360,\"caption\":\"Genelec inicia un a\u00f1o de celebraciones para conmemorar su 40 aniversario\"},{\"@type\":\"BreadcrumbList\",\"@id\":\"https:\/\/distribution.audio-technica.eu\/es-es\/noticias\/genelec-40-aniversario\/#breadcrumb\",\"itemListElement\":[{\"@type\":\"ListItem\",\"position\":1,\"name\":\"Products\",\"item\":\"https:\/\/distribution.audio-technica.eu\/es-es\/\"},{\"@type\":\"ListItem\",\"position\":2,\"name\":\"Genelec inicia un a\u00f1o de celebraciones para conmemorar su 40 aniversario\"}]},{\"@type\":\"WebSite\",\"@id\":\"https:\/\/distribution.audio-technica.eu\/es-es\/#website\",\"url\":\"https:\/\/distribution.audio-technica.eu\/es-es\/\",\"name\":\"Audio-Technica Iberia\",\"description\":\"Distribuci\u00f3n\",\"potentialAction\":[{\"@type\":\"SearchAction\",\"target\":{\"@type\":\"EntryPoint\",\"urlTemplate\":\"https:\/\/distribution.audio-technica.eu\/es-es\/?s={search_term_string}\"},\"query-input\":{\"@type\":\"PropertyValueSpecification\",\"valueRequired\":true,\"valueName\":\"search_term_string\"}}],\"inLanguage\":\"es\"},{\"@type\":\"Person\",\"@id\":\"https:\/\/distribution.audio-technica.eu\/es-es\/#\/schema\/person\/e8e715e047e33cc425e816f59cbd9b80\",\"name\":\"Audio-Technica\"}]}<\/script>\n<!-- \/ Yoast SEO plugin. -->","yoast_head_json":{"title":"Genelec inicia un a\u00f1o de celebraciones para conmemorar su 40 aniversario - Audio-Technica Iberia","robots":{"index":"index","follow":"follow","max-snippet":"max-snippet:-1","max-image-preview":"max-image-preview:large","max-video-preview":"max-video-preview:-1"},"canonical":"https:\/\/distribution.audio-technica.eu\/es-es\/noticias\/genelec-40-aniversario\/","og_locale":"es_ES","og_type":"article","og_title":"Genelec inicia un a\u00f1o de celebraciones para conmemorar su 40 aniversario - Audio-Technica Iberia","og_description":"Genelec, l\u00edder mundial en la monitorizaci\u00f3n de audio profesional, se enorgullece de iniciar un a\u00f1o repleto de eventos especiales para celebrar el 40 aniversario del nacimiento de la empresa. Presentando una fiesta de verano, un libro sobre el 40 aniversario, un monitor de Edici\u00f3n Limitada y una importante campa\u00f1a con el broadcaster de m\u00fasica on [&hellip;]","og_url":"https:\/\/distribution.audio-technica.eu\/es-es\/noticias\/genelec-40-aniversario\/","og_site_name":"Audio-Technica Iberia","article_published_time":"2018-02-05T16:07:34+00:00","article_modified_time":"2023-07-31T09:29:07+00:00","og_image":[{"width":640,"height":360,"url":"https:\/\/distribution.audio-technica.eu\/app\/uploads\/sites\/2\/Genelec_40th_anniversary_banner.jpg","type":"image\/jpeg"}],"author":"Audio-Technica","twitter_card":"summary_large_image","twitter_misc":{"Escrito por":"Audio-Technica","Tiempo de lectura":"5 minutos"},"schema":{"@context":"https:\/\/schema.org","@graph":[{"@type":"Article","@id":"https:\/\/distribution.audio-technica.eu\/es-es\/noticias\/genelec-40-aniversario\/#article","isPartOf":{"@id":"https:\/\/distribution.audio-technica.eu\/es-es\/noticias\/genelec-40-aniversario\/"},"author":{"name":"Audio-Technica","@id":"https:\/\/distribution.audio-technica.eu\/es-es\/#\/schema\/person\/e8e715e047e33cc425e816f59cbd9b80"},"headline":"Genelec inicia un a\u00f1o de celebraciones para conmemorar su 40 aniversario","datePublished":"2018-02-05T16:07:34+00:00","dateModified":"2023-07-31T09:29:07+00:00","mainEntityOfPage":{"@id":"https:\/\/distribution.audio-technica.eu\/es-es\/noticias\/genelec-40-aniversario\/"},"wordCount":1018,"image":{"@id":"https:\/\/distribution.audio-technica.eu\/es-es\/noticias\/genelec-40-aniversario\/#primaryimage"},"thumbnailUrl":"\/app\/uploads\/sites\/2\/Genelec_40th_anniversary_banner.jpg","keywords":["aniversario","Estudio","MONITORES"],"articleSection":["Empresa","Noticias"],"inLanguage":"es"},{"@type":"WebPage","@id":"https:\/\/distribution.audio-technica.eu\/es-es\/noticias\/genelec-40-aniversario\/","url":"https:\/\/distribution.audio-technica.eu\/es-es\/noticias\/genelec-40-aniversario\/","name":"Genelec inicia un a\u00f1o de celebraciones para conmemorar su 40 aniversario - Audio-Technica Iberia","isPartOf":{"@id":"https:\/\/distribution.audio-technica.eu\/es-es\/#website"},"primaryImageOfPage":{"@id":"https:\/\/distribution.audio-technica.eu\/es-es\/noticias\/genelec-40-aniversario\/#primaryimage"},"image":{"@id":"https:\/\/distribution.audio-technica.eu\/es-es\/noticias\/genelec-40-aniversario\/#primaryimage"},"thumbnailUrl":"\/app\/uploads\/sites\/2\/Genelec_40th_anniversary_banner.jpg","datePublished":"2018-02-05T16:07:34+00:00","dateModified":"2023-07-31T09:29:07+00:00","author":{"@id":"https:\/\/distribution.audio-technica.eu\/es-es\/#\/schema\/person\/e8e715e047e33cc425e816f59cbd9b80"},"breadcrumb":{"@id":"https:\/\/distribution.audio-technica.eu\/es-es\/noticias\/genelec-40-aniversario\/#breadcrumb"},"inLanguage":"es","potentialAction":[{"@type":"ReadAction","target":["https:\/\/distribution.audio-technica.eu\/es-es\/noticias\/genelec-40-aniversario\/"]}]},{"@type":"ImageObject","inLanguage":"es","@id":"https:\/\/distribution.audio-technica.eu\/es-es\/noticias\/genelec-40-aniversario\/#primaryimage","url":"\/app\/uploads\/sites\/2\/Genelec_40th_anniversary_banner.jpg","contentUrl":"\/app\/uploads\/sites\/2\/Genelec_40th_anniversary_banner.jpg","width":640,"height":360,"caption":"Genelec inicia un a\u00f1o de celebraciones para conmemorar su 40 aniversario"},{"@type":"BreadcrumbList","@id":"https:\/\/distribution.audio-technica.eu\/es-es\/noticias\/genelec-40-aniversario\/#breadcrumb","itemListElement":[{"@type":"ListItem","position":1,"name":"Products","item":"https:\/\/distribution.audio-technica.eu\/es-es\/"},{"@type":"ListItem","position":2,"name":"Genelec inicia un a\u00f1o de celebraciones para conmemorar su 40 aniversario"}]},{"@type":"WebSite","@id":"https:\/\/distribution.audio-technica.eu\/es-es\/#website","url":"https:\/\/distribution.audio-technica.eu\/es-es\/","name":"Audio-Technica Iberia","description":"Distribuci\u00f3n","potentialAction":[{"@type":"SearchAction","target":{"@type":"EntryPoint","urlTemplate":"https:\/\/distribution.audio-technica.eu\/es-es\/?s={search_term_string}"},"query-input":{"@type":"PropertyValueSpecification","valueRequired":true,"valueName":"search_term_string"}}],"inLanguage":"es"},{"@type":"Person","@id":"https:\/\/distribution.audio-technica.eu\/es-es\/#\/schema\/person\/e8e715e047e33cc425e816f59cbd9b80","name":"Audio-Technica"}]}},"_links":{"self":[{"href":"https:\/\/distribution.audio-technica.eu\/es-es\/wp-json\/wp\/v2\/posts\/2376","targetHints":{"allow":["GET"]}}],"collection":[{"href":"https:\/\/distribution.audio-technica.eu\/es-es\/wp-json\/wp\/v2\/posts"}],"about":[{"href":"https:\/\/distribution.audio-technica.eu\/es-es\/wp-json\/wp\/v2\/types\/post"}],"author":[{"embeddable":true,"href":"https:\/\/distribution.audio-technica.eu\/es-es\/wp-json\/wp\/v2\/users\/1"}],"replies":[{"embeddable":true,"href":"https:\/\/distribution.audio-technica.eu\/es-es\/wp-json\/wp\/v2\/comments?post=2376"}],"version-history":[{"count":1,"href":"https:\/\/distribution.audio-technica.eu\/es-es\/wp-json\/wp\/v2\/posts\/2376\/revisions"}],"predecessor-version":[{"id":27165,"href":"https:\/\/distribution.audio-technica.eu\/es-es\/wp-json\/wp\/v2\/posts\/2376\/revisions\/27165"}],"wp:featuredmedia":[{"embeddable":true,"href":"https:\/\/distribution.audio-technica.eu\/es-es\/wp-json\/wp\/v2\/media\/2372"}],"wp:attachment":[{"href":"https:\/\/distribution.audio-technica.eu\/es-es\/wp-json\/wp\/v2\/media?parent=2376"}],"wp:term":[{"taxonomy":"category","embeddable":true,"href":"https:\/\/distribution.audio-technica.eu\/es-es\/wp-json\/wp\/v2\/categories?post=2376"},{"taxonomy":"post_tag","embeddable":true,"href":"https:\/\/distribution.audio-technica.eu\/es-es\/wp-json\/wp\/v2\/tags?post=2376"}],"curies":[{"name":"wp","href":"https:\/\/api.w.org\/{rel}","templated":true}]}}