{"id":2379,"date":"2018-02-12T17:19:18","date_gmt":"2018-02-12T16:19:18","guid":{"rendered":"http:\/\/noticias.audio-technica.es\/?p=2379"},"modified":"2023-07-31T11:28:57","modified_gmt":"2023-07-31T09:28:57","slug":"andy-barlow-utiliza-genelec","status":"publish","type":"post","link":"https:\/\/distribution.audio-technica.eu\/es-es\/noticias\/andy-barlow-utiliza-genelec\/","title":{"rendered":"Andy Barlow, el productor de U2 y fundador de Lamb, utiliza Genelec"},"content":{"rendered":"<h2>El pionero de trip-hop y productor Andy Barlow puede ser encontrado casi siempre durante las fiestas en la cocina. Esto no es simplemente porque a \u00e9l y a su vocalista Lou Rhodes \u2013 su socio en el renovado d\u00fao electr\u00f3nico Lamb\u2013 les guste cocinar, sino tambi\u00e9n porque Andy tiene un par de monitores <a href=\"https:\/\/www.genelec.com\/studio-monitors\/classic-studio-monitors-subwoofers\/8030c-studio-monitor\">Genelec 8030<\/a> en la \u2018cocina\u2019 de su casa de Brighton. Ahora ha a\u00f1adido a su estudio dom\u00e9stico m\u00e1s monitores Genelec, concretamente un par de monitores principales <a href=\"https:\/\/www.genelec.com\/studio-monitors\/sam-studio-monitors\/1238a-sam-studio-monitor\">1238<\/a>, y un set complementario de monitores coaxiales de 3 v\u00edas <a href=\"https:\/\/www.genelec.com\/studio-monitors\/sam-coaxial-studio-monitors\/8331-sam-studio-monitor\">8331 <\/a>de la serie The Ones, que se utilizar\u00e1n como sistema m\u00f3vil para mezclar donde sea preciso.<\/h2>\n<figure id=\"attachment_2366\" aria-describedby=\"caption-attachment-2366\" style=\"width: 1500px\" class=\"wp-caption alignnone\"><a href=\"http:\/\/noticias.audio-technica.es\/wp-content\/uploads\/NdP-Genelec-Andy-Barlow1_WP.jpg\"><img loading=\"lazy\" decoding=\"async\" class=\"size-full wp-image-2366\" src=\"http:\/\/noticias.audio-technica.es\/wp-content\/uploads\/NdP-Genelec-Andy-Barlow1_WP.jpg\" alt=\"El productor de U2 y fundador de Lamb utiliza Genelec\" width=\"1500\" height=\"978\" srcset=\"https:\/\/distribution.audio-technica.eu\/app\/uploads\/sites\/2\/NdP-Genelec-Andy-Barlow1_WP.jpg 1500w, https:\/\/distribution.audio-technica.eu\/app\/uploads\/sites\/2\/NdP-Genelec-Andy-Barlow1_WP-300x196.jpg 300w, https:\/\/distribution.audio-technica.eu\/app\/uploads\/sites\/2\/NdP-Genelec-Andy-Barlow1_WP-768x501.jpg 768w, https:\/\/distribution.audio-technica.eu\/app\/uploads\/sites\/2\/NdP-Genelec-Andy-Barlow1_WP-1024x668.jpg 1024w, https:\/\/distribution.audio-technica.eu\/app\/uploads\/sites\/2\/NdP-Genelec-Andy-Barlow1_WP-200x130.jpg 200w, https:\/\/distribution.audio-technica.eu\/app\/uploads\/sites\/2\/NdP-Genelec-Andy-Barlow1_WP-400x261.jpg 400w, https:\/\/distribution.audio-technica.eu\/app\/uploads\/sites\/2\/NdP-Genelec-Andy-Barlow1_WP-600x391.jpg 600w, https:\/\/distribution.audio-technica.eu\/app\/uploads\/sites\/2\/NdP-Genelec-Andy-Barlow1_WP-800x522.jpg 800w, https:\/\/distribution.audio-technica.eu\/app\/uploads\/sites\/2\/NdP-Genelec-Andy-Barlow1_WP-1200x782.jpg 1200w\" sizes=\"auto, (max-width: 1500px) 100vw, 1500px\" \/><\/a><figcaption id=\"caption-attachment-2366\" class=\"wp-caption-text\">Andy Barlow en su estudio de Brighton.<\/figcaption><\/figure>\n<p>Andy ha sido propietario y ha utilizado monitores Genelec durante m\u00e1s de 20 a\u00f1os, en una carrera que ha combinado \u00e9xitos comerciales y de cr\u00edtica, tanto con Lamb como con trabajos de producci\u00f3n y remezcla con artistas de la talla de David Gray, Elbow, Placebo y, m\u00e1s recientemente, U2.<\/p>\n<p>Andy Bensley, que trabaja con Sound Distribution, el distribuidor de Genelec en Reino Unido, instal\u00f3 los nuevos 1238 en el estudio de Brighton. \u201c<em>Es donde he realizado el pasado a\u00f1o la mayor\u00eda de mi trabajo de mezcla, desde U2 a David Gray y Lamb<\/em>,\u201d explica Barlow.<\/p>\n<p>Mientras tanto, los 8331 fueron inmediatamente empaquetados para una estancia invernal de tres meses en Goa, donde el nuevo propietario iba a preparar las pistas, junto a Lou Rhodes, del pr\u00f3ximo \u00e1lbum de Lamb. Tanto los monitores 1238 como los 8331 se benefician de la tecnolog\u00eda SAM de Genelec, que permite que Andy pueda utilizar el <a href=\"https:\/\/www.genelec.com\/glm\">software de calibraci\u00f3n GLM<\/a> para optimizar el comportamiento de cada monitor para su propio entorno ac\u00fastico personal.<\/p>\n<p><a href=\"http:\/\/noticias.audio-technica.es\/wp-content\/uploads\/NdP-Genelec-Andy-Barlow4_WP.jpg\"><img loading=\"lazy\" decoding=\"async\" class=\"alignnone size-full wp-image-2369\" src=\"http:\/\/noticias.audio-technica.es\/wp-content\/uploads\/NdP-Genelec-Andy-Barlow4_WP.jpg\" alt=\"El productor de U2 y fundador de Lamb utiliza Genelec\" width=\"1500\" height=\"998\" srcset=\"https:\/\/distribution.audio-technica.eu\/app\/uploads\/sites\/2\/NdP-Genelec-Andy-Barlow4_WP.jpg 1500w, https:\/\/distribution.audio-technica.eu\/app\/uploads\/sites\/2\/NdP-Genelec-Andy-Barlow4_WP-300x200.jpg 300w, https:\/\/distribution.audio-technica.eu\/app\/uploads\/sites\/2\/NdP-Genelec-Andy-Barlow4_WP-768x511.jpg 768w, https:\/\/distribution.audio-technica.eu\/app\/uploads\/sites\/2\/NdP-Genelec-Andy-Barlow4_WP-1024x681.jpg 1024w, https:\/\/distribution.audio-technica.eu\/app\/uploads\/sites\/2\/NdP-Genelec-Andy-Barlow4_WP-200x133.jpg 200w, https:\/\/distribution.audio-technica.eu\/app\/uploads\/sites\/2\/NdP-Genelec-Andy-Barlow4_WP-400x266.jpg 400w, https:\/\/distribution.audio-technica.eu\/app\/uploads\/sites\/2\/NdP-Genelec-Andy-Barlow4_WP-600x399.jpg 600w, https:\/\/distribution.audio-technica.eu\/app\/uploads\/sites\/2\/NdP-Genelec-Andy-Barlow4_WP-800x532.jpg 800w, https:\/\/distribution.audio-technica.eu\/app\/uploads\/sites\/2\/NdP-Genelec-Andy-Barlow4_WP-1200x798.jpg 1200w\" sizes=\"auto, (max-width: 1500px) 100vw, 1500px\" \/><\/a><\/p>\n<p>La \u00faltima inversi\u00f3n de Andy en monitorizaci\u00f3n Genelec se ha realizado a ra\u00edz de varios meses durante los que ha realizado la coproducci\u00f3n de Songs of Experience, el nuevo \u00e1lbum de U2, que ya ha alcanzado el n\u00famero uno en 20 pa\u00edses. \u201c<em>Usamos los grandes monitores 1238CF en un estudio improvisado dentro de la Embajada de Canad\u00e1 en Dubl\u00edn<\/em>,\u201d explica. \u201c<em>Estaba frente a la casa de Bono, en una gran sala que necesitaba toda la ayuda ac\u00fastica que pudi\u00e9ramos obtener. Los 1238 y el uso del software GLM fueron de gran ayuda en ese sentido. El \u00e1lbum ha sido realizado principalmente en lugares como este \u2013mansiones, hoteles y lugares de este tipo. El \u00fanico estudio real que utilizamos fue el de Rick Rubin, el estudio Shangri-La que est\u00e1 en Malibu, en el que hay un par de 8050. A los miembros del grupo tambi\u00e9n les gusta mucho Genelec<\/em>\u201d.<\/p>\n<p>En una sala m\u00e1s peque\u00f1a de la embajada se instalaron monitores Genelec 8351, que tambi\u00e9n pertenecen a la familia The Ones. \u201c<em>Ese era mi lugar preferido para mezclar, porque ah\u00ed el sonido era fant\u00e1stico<\/em>,\u201d comenta Andy.<\/p>\n<p><a href=\"http:\/\/noticias.audio-technica.es\/wp-content\/uploads\/NdP-Genelec-Andy-Barlow2_WP.jpg\"><img loading=\"lazy\" decoding=\"async\" class=\"alignnone size-full wp-image-2367\" src=\"http:\/\/noticias.audio-technica.es\/wp-content\/uploads\/NdP-Genelec-Andy-Barlow2_WP.jpg\" alt=\"El productor de U2 y fundador de Lamb utiliza Genelec\" width=\"1500\" height=\"998\" srcset=\"https:\/\/distribution.audio-technica.eu\/app\/uploads\/sites\/2\/NdP-Genelec-Andy-Barlow2_WP.jpg 1500w, https:\/\/distribution.audio-technica.eu\/app\/uploads\/sites\/2\/NdP-Genelec-Andy-Barlow2_WP-300x200.jpg 300w, https:\/\/distribution.audio-technica.eu\/app\/uploads\/sites\/2\/NdP-Genelec-Andy-Barlow2_WP-768x511.jpg 768w, https:\/\/distribution.audio-technica.eu\/app\/uploads\/sites\/2\/NdP-Genelec-Andy-Barlow2_WP-1024x681.jpg 1024w, https:\/\/distribution.audio-technica.eu\/app\/uploads\/sites\/2\/NdP-Genelec-Andy-Barlow2_WP-200x133.jpg 200w, https:\/\/distribution.audio-technica.eu\/app\/uploads\/sites\/2\/NdP-Genelec-Andy-Barlow2_WP-400x266.jpg 400w, https:\/\/distribution.audio-technica.eu\/app\/uploads\/sites\/2\/NdP-Genelec-Andy-Barlow2_WP-600x399.jpg 600w, https:\/\/distribution.audio-technica.eu\/app\/uploads\/sites\/2\/NdP-Genelec-Andy-Barlow2_WP-800x532.jpg 800w, https:\/\/distribution.audio-technica.eu\/app\/uploads\/sites\/2\/NdP-Genelec-Andy-Barlow2_WP-1200x798.jpg 1200w\" sizes=\"auto, (max-width: 1500px) 100vw, 1500px\" \/><\/a><\/p>\n<p>\u201c<em>El 1238 es absolutamente fant\u00e1stico, no puedo imaginar un monitor que suene mejor en este contexto<\/em>,\u201d afirma Andy. \u201c<em>Suena fant\u00e1stico tal como sale de la caja, pero cuando trabajan en la sala utilizando el procesado GLM, suena un 30% mejor. Realizamos unos pocos ajustes de o\u00eddo, en contraposici\u00f3n al micr\u00f3fono de GLM, y el sonido llen\u00f3 la sala de un modo muy bonito. Pod\u00edas sentir cada frecuencia, y reproducir el sonido a un nivel realmente elevado, aunque pod\u00edas seguir hablando a un nivel normal y relajado. La mezcla era amplia y uniforme y no hab\u00eda ni rastro de distorsi\u00f3n. Nunca hab\u00eda escuchado nada parecido<\/em>.\u201d<\/p>\n<p>Sobre sus nuevos 8331, afirma: \u201c<em>Los he estado poniendo a prueba en mi estudio de Goa en las \u00faltimas semanas, y honestamente podr\u00eda hablar sobre ellos todo el d\u00eda. La definici\u00f3n es insuperable. <\/em><em>La sala dista mucho de ser perfecta, dispone de poco tratamiento ac\u00fastico, pero con GLM desplegando su magia, los 8331 llenan la sala de un modo fant\u00e1stico. Adem\u00e1s, para unos altavoces tan peque\u00f1os y sin subgrave, los graves desaf\u00edan a la f\u00edsica. Los agudos son refinados y uniformes, y el punto \u00f3ptimo est\u00e9reo parece mucho m\u00e1s grande que con cualquier otro altavoz que haya utilizado hasta la fecha. Repaso todas las pistas que he producido y descubro nuevos sonidos y matices que no hab\u00eda escuchado antes<\/em>.\u201d<\/p>\n<p><a href=\"http:\/\/noticias.audio-technica.es\/wp-content\/uploads\/NdP-Genelec-Andy-Barlow3_WP.jpg\"><img loading=\"lazy\" decoding=\"async\" class=\"alignnone size-full wp-image-2368\" src=\"http:\/\/noticias.audio-technica.es\/wp-content\/uploads\/NdP-Genelec-Andy-Barlow3_WP.jpg\" alt=\"El productor de U2 y fundador de Lamb utiliza Genelec\" width=\"1500\" height=\"998\" srcset=\"https:\/\/distribution.audio-technica.eu\/app\/uploads\/sites\/2\/NdP-Genelec-Andy-Barlow3_WP.jpg 1500w, https:\/\/distribution.audio-technica.eu\/app\/uploads\/sites\/2\/NdP-Genelec-Andy-Barlow3_WP-300x200.jpg 300w, https:\/\/distribution.audio-technica.eu\/app\/uploads\/sites\/2\/NdP-Genelec-Andy-Barlow3_WP-768x511.jpg 768w, https:\/\/distribution.audio-technica.eu\/app\/uploads\/sites\/2\/NdP-Genelec-Andy-Barlow3_WP-1024x681.jpg 1024w, https:\/\/distribution.audio-technica.eu\/app\/uploads\/sites\/2\/NdP-Genelec-Andy-Barlow3_WP-200x133.jpg 200w, https:\/\/distribution.audio-technica.eu\/app\/uploads\/sites\/2\/NdP-Genelec-Andy-Barlow3_WP-400x266.jpg 400w, https:\/\/distribution.audio-technica.eu\/app\/uploads\/sites\/2\/NdP-Genelec-Andy-Barlow3_WP-600x399.jpg 600w, https:\/\/distribution.audio-technica.eu\/app\/uploads\/sites\/2\/NdP-Genelec-Andy-Barlow3_WP-800x532.jpg 800w, https:\/\/distribution.audio-technica.eu\/app\/uploads\/sites\/2\/NdP-Genelec-Andy-Barlow3_WP-1200x798.jpg 1200w\" sizes=\"auto, (max-width: 1500px) 100vw, 1500px\" \/><\/a><\/p>\n<p>Quiz\u00e1s no sea sorprendente que Andy encuentre una met\u00e1fora culinaria adecuada para sus exquisitas mezclas con Genelec. \u201c<em>Casi puedes acercarte y tocar y saborear cada capa de sonido<\/em>,\u201d reflexiona, \u201c<em>especialmente con el material de Lamb &#8211;\u00a0 muchas finas capas individuales que conforman el crujido general, como una pasta de filo bien hecha<\/em><em>. La intenci\u00f3n es similar: muy compleja, pero al mismo tiempo, bastante simple<\/em>.\u201d<\/p>\n<p>&nbsp;<\/p>\n<p>Para m\u00e1s informaci\u00f3n visite <a href=\"http:\/\/www.andybarlow.net\">www.andybarlow.net<\/a> y <a href=\"http:\/\/www.genelec.com\">www.genelec.com<\/a><\/p>\n<p>Genelec es distribuido en Espa\u00f1a por <a href=\"https:\/\/eu.audio-technica.com\/brands\/genelec?lang=es\">Audio-Technica Iberia<\/a><\/p>\n<p>&nbsp;<\/p>\n<p><strong><em>Sobre SAM <\/em><\/strong><\/p>\n<p><em>La tecnolog\u00eda SAM (Smart Active Monitoring) ha sido desarrollada y refinada durante m\u00e1s de una d\u00e9cada para permitir que los monitores de estudio puedan ser conectados en red, configurados y calibrados para adaptarse al entorno ac\u00fastico espec\u00edfico de cada usuario. Cada monitor y subgrave SAM est\u00e1 equipado con avanzada circuiter\u00eda DSP, que se integra estrechamente con el software GLM (Genelec Loudspeaker Manager), ejecut\u00e1ndose en un ordenador Mac o PC. El kit de micr\u00f3fono de referencia de GLM permite analizar el entorno ac\u00fastico del usuario, despu\u00e9s de lo cual la funci\u00f3n AutoCal de GLM optimiza cada monitor SAM en cuanto a nivel, retardo de distancia, fase del crossover del subgrave y ecualizaci\u00f3n de la respuesta de la sala, d\u00e1ndole al usuario la opci\u00f3n de realizar un ajuste m\u00e1s fino. Minimizando la influencia de la sala en el sonido, los monitores SAM proporcionan una referencia sin precedentes, con una excelente traducci\u00f3n entre distintas salas.<\/em><\/p>\n<p><em>\u00a0<\/em><\/p>\n<p><strong><em>Sobre Genelec <\/em><\/strong><\/p>\n<p><em>Desde su fundaci\u00f3n en 1978, el n\u00facleo del negocio de Genelec se ha centrado en la monitorizaci\u00f3n profesional para estudio. Un compromiso total con la investigaci\u00f3n y el desarrollo que ha dado como resultado la creaci\u00f3n de productos punteros y ha convertido a Genelec en l\u00edder de la industria en cuanto a monitores activos. Casi cuarenta a\u00f1os despu\u00e9s, los productos de monitorizaci\u00f3n Genelec permanecen fieles a su filosof\u00eda original, ofreciendo fiabilidad, un sonido neutro independientemente de su tama\u00f1o, y la capacidad de adaptarse a las condiciones ac\u00fasticas del entorno de audici\u00f3n. Los clientes de Genelec reciben un soporte de la m\u00e1xima calidad, desde el asesoramiento ac\u00fastico y servicios de calibraci\u00f3n a servicio t\u00e9cnico y una larga vida \u00fatil de producto. Adquirir un producto Genelec le garantiza una inversi\u00f3n segura a largo plazo en un sistema de monitorizaci\u00f3n excepcional y fiable.<\/em><\/p>\n","protected":false},"excerpt":{"rendered":"<p>El pionero de trip-hop y productor Andy Barlow puede ser encontrado casi siempre durante las fiestas en la cocina. Esto no es simplemente porque a \u00e9l y a su vocalista Lou Rhodes \u2013 su socio en el renovado d\u00fao electr\u00f3nico Lamb\u2013 les guste cocinar, sino tambi\u00e9n porque Andy tiene un par de monitores Genelec 8030 [&hellip;]<\/p>\n","protected":false},"author":1,"featured_media":2370,"comment_status":"closed","ping_status":"closed","sticky":false,"template":"","format":"standard","meta":{"_acf_changed":false,"footnotes":""},"categories":[2459],"tags":[1564,1566,1567,1879],"class_list":["post-2379","post","type-post","status-publish","format-standard","has-post-thumbnail","hentry","category-usuarios","tag-estudio","tag-monitores","tag-sam","tag-u2"],"acf":[],"yoast_head":"<!-- This site is optimized with the Yoast SEO plugin v27.1.1 - https:\/\/yoast.com\/product\/yoast-seo-wordpress\/ -->\n<title>Andy Barlow, el productor de U2 y fundador de Lamb, utiliza Genelec - Audio-Technica Iberia<\/title>\n<meta name=\"robots\" content=\"index, follow, max-snippet:-1, max-image-preview:large, max-video-preview:-1\" \/>\n<link rel=\"canonical\" href=\"https:\/\/distribution.audio-technica.eu\/es-es\/noticias\/andy-barlow-utiliza-genelec\/\" \/>\n<meta property=\"og:locale\" content=\"es_ES\" \/>\n<meta property=\"og:type\" content=\"article\" \/>\n<meta property=\"og:title\" content=\"Andy Barlow, el productor de U2 y fundador de Lamb, utiliza Genelec - Audio-Technica Iberia\" \/>\n<meta property=\"og:description\" content=\"El pionero de trip-hop y productor Andy Barlow puede ser encontrado casi siempre durante las fiestas en la cocina. Esto no es simplemente porque a \u00e9l y a su vocalista Lou Rhodes \u2013 su socio en el renovado d\u00fao electr\u00f3nico Lamb\u2013 les guste cocinar, sino tambi\u00e9n porque Andy tiene un par de monitores Genelec 8030 [&hellip;]\" \/>\n<meta property=\"og:url\" content=\"https:\/\/distribution.audio-technica.eu\/es-es\/noticias\/andy-barlow-utiliza-genelec\/\" \/>\n<meta property=\"og:site_name\" content=\"Audio-Technica Iberia\" \/>\n<meta property=\"article:published_time\" content=\"2018-02-12T16:19:18+00:00\" \/>\n<meta property=\"article:modified_time\" content=\"2023-07-31T09:28:57+00:00\" \/>\n<meta property=\"og:image\" content=\"https:\/\/distribution.audio-technica.eu\/app\/uploads\/sites\/2\/NdP-Genelec-Andy-Barlow1_banner.jpg\" \/>\n\t<meta property=\"og:image:width\" content=\"640\" \/>\n\t<meta property=\"og:image:height\" content=\"360\" \/>\n\t<meta property=\"og:image:type\" content=\"image\/jpeg\" \/>\n<meta name=\"author\" content=\"Audio-Technica\" \/>\n<meta name=\"twitter:card\" content=\"summary_large_image\" \/>\n<meta name=\"twitter:label1\" content=\"Escrito por\" \/>\n\t<meta name=\"twitter:data1\" content=\"Audio-Technica\" \/>\n\t<meta name=\"twitter:label2\" content=\"Tiempo de lectura\" \/>\n\t<meta name=\"twitter:data2\" content=\"6 minutos\" \/>\n<script type=\"application\/ld+json\" class=\"yoast-schema-graph\">{\"@context\":\"https:\/\/schema.org\",\"@graph\":[{\"@type\":\"Article\",\"@id\":\"https:\/\/distribution.audio-technica.eu\/es-es\/noticias\/andy-barlow-utiliza-genelec\/#article\",\"isPartOf\":{\"@id\":\"https:\/\/distribution.audio-technica.eu\/es-es\/noticias\/andy-barlow-utiliza-genelec\/\"},\"author\":{\"name\":\"Audio-Technica\",\"@id\":\"https:\/\/distribution.audio-technica.eu\/es-es\/#\/schema\/person\/e8e715e047e33cc425e816f59cbd9b80\"},\"headline\":\"Andy Barlow, el productor de U2 y fundador de Lamb, utiliza Genelec\",\"datePublished\":\"2018-02-12T16:19:18+00:00\",\"dateModified\":\"2023-07-31T09:28:57+00:00\",\"mainEntityOfPage\":{\"@id\":\"https:\/\/distribution.audio-technica.eu\/es-es\/noticias\/andy-barlow-utiliza-genelec\/\"},\"wordCount\":1167,\"image\":{\"@id\":\"https:\/\/distribution.audio-technica.eu\/es-es\/noticias\/andy-barlow-utiliza-genelec\/#primaryimage\"},\"thumbnailUrl\":\"\/app\/uploads\/sites\/2\/NdP-Genelec-Andy-Barlow1_banner.jpg\",\"keywords\":[\"Estudio\",\"MONITORES\",\"SAM\",\"U2\"],\"articleSection\":[\"Usuarios\"],\"inLanguage\":\"es\"},{\"@type\":\"WebPage\",\"@id\":\"https:\/\/distribution.audio-technica.eu\/es-es\/noticias\/andy-barlow-utiliza-genelec\/\",\"url\":\"https:\/\/distribution.audio-technica.eu\/es-es\/noticias\/andy-barlow-utiliza-genelec\/\",\"name\":\"Andy Barlow, el productor de U2 y fundador de Lamb, utiliza Genelec - Audio-Technica Iberia\",\"isPartOf\":{\"@id\":\"https:\/\/distribution.audio-technica.eu\/es-es\/#website\"},\"primaryImageOfPage\":{\"@id\":\"https:\/\/distribution.audio-technica.eu\/es-es\/noticias\/andy-barlow-utiliza-genelec\/#primaryimage\"},\"image\":{\"@id\":\"https:\/\/distribution.audio-technica.eu\/es-es\/noticias\/andy-barlow-utiliza-genelec\/#primaryimage\"},\"thumbnailUrl\":\"\/app\/uploads\/sites\/2\/NdP-Genelec-Andy-Barlow1_banner.jpg\",\"datePublished\":\"2018-02-12T16:19:18+00:00\",\"dateModified\":\"2023-07-31T09:28:57+00:00\",\"author\":{\"@id\":\"https:\/\/distribution.audio-technica.eu\/es-es\/#\/schema\/person\/e8e715e047e33cc425e816f59cbd9b80\"},\"breadcrumb\":{\"@id\":\"https:\/\/distribution.audio-technica.eu\/es-es\/noticias\/andy-barlow-utiliza-genelec\/#breadcrumb\"},\"inLanguage\":\"es\",\"potentialAction\":[{\"@type\":\"ReadAction\",\"target\":[\"https:\/\/distribution.audio-technica.eu\/es-es\/noticias\/andy-barlow-utiliza-genelec\/\"]}]},{\"@type\":\"ImageObject\",\"inLanguage\":\"es\",\"@id\":\"https:\/\/distribution.audio-technica.eu\/es-es\/noticias\/andy-barlow-utiliza-genelec\/#primaryimage\",\"url\":\"\/app\/uploads\/sites\/2\/NdP-Genelec-Andy-Barlow1_banner.jpg\",\"contentUrl\":\"\/app\/uploads\/sites\/2\/NdP-Genelec-Andy-Barlow1_banner.jpg\",\"width\":640,\"height\":360,\"caption\":\"El productor de U2 y fundador de Lamb utiliza Genelec\"},{\"@type\":\"BreadcrumbList\",\"@id\":\"https:\/\/distribution.audio-technica.eu\/es-es\/noticias\/andy-barlow-utiliza-genelec\/#breadcrumb\",\"itemListElement\":[{\"@type\":\"ListItem\",\"position\":1,\"name\":\"Products\",\"item\":\"https:\/\/distribution.audio-technica.eu\/es-es\/\"},{\"@type\":\"ListItem\",\"position\":2,\"name\":\"Andy Barlow, el productor de U2 y fundador de Lamb, utiliza Genelec\"}]},{\"@type\":\"WebSite\",\"@id\":\"https:\/\/distribution.audio-technica.eu\/es-es\/#website\",\"url\":\"https:\/\/distribution.audio-technica.eu\/es-es\/\",\"name\":\"Audio-Technica Iberia\",\"description\":\"Distribuci\u00f3n\",\"potentialAction\":[{\"@type\":\"SearchAction\",\"target\":{\"@type\":\"EntryPoint\",\"urlTemplate\":\"https:\/\/distribution.audio-technica.eu\/es-es\/?s={search_term_string}\"},\"query-input\":{\"@type\":\"PropertyValueSpecification\",\"valueRequired\":true,\"valueName\":\"search_term_string\"}}],\"inLanguage\":\"es\"},{\"@type\":\"Person\",\"@id\":\"https:\/\/distribution.audio-technica.eu\/es-es\/#\/schema\/person\/e8e715e047e33cc425e816f59cbd9b80\",\"name\":\"Audio-Technica\"}]}<\/script>\n<!-- \/ Yoast SEO plugin. -->","yoast_head_json":{"title":"Andy Barlow, el productor de U2 y fundador de Lamb, utiliza Genelec - Audio-Technica Iberia","robots":{"index":"index","follow":"follow","max-snippet":"max-snippet:-1","max-image-preview":"max-image-preview:large","max-video-preview":"max-video-preview:-1"},"canonical":"https:\/\/distribution.audio-technica.eu\/es-es\/noticias\/andy-barlow-utiliza-genelec\/","og_locale":"es_ES","og_type":"article","og_title":"Andy Barlow, el productor de U2 y fundador de Lamb, utiliza Genelec - Audio-Technica Iberia","og_description":"El pionero de trip-hop y productor Andy Barlow puede ser encontrado casi siempre durante las fiestas en la cocina. Esto no es simplemente porque a \u00e9l y a su vocalista Lou Rhodes \u2013 su socio en el renovado d\u00fao electr\u00f3nico Lamb\u2013 les guste cocinar, sino tambi\u00e9n porque Andy tiene un par de monitores Genelec 8030 [&hellip;]","og_url":"https:\/\/distribution.audio-technica.eu\/es-es\/noticias\/andy-barlow-utiliza-genelec\/","og_site_name":"Audio-Technica Iberia","article_published_time":"2018-02-12T16:19:18+00:00","article_modified_time":"2023-07-31T09:28:57+00:00","og_image":[{"width":640,"height":360,"url":"https:\/\/distribution.audio-technica.eu\/app\/uploads\/sites\/2\/NdP-Genelec-Andy-Barlow1_banner.jpg","type":"image\/jpeg"}],"author":"Audio-Technica","twitter_card":"summary_large_image","twitter_misc":{"Escrito por":"Audio-Technica","Tiempo de lectura":"6 minutos"},"schema":{"@context":"https:\/\/schema.org","@graph":[{"@type":"Article","@id":"https:\/\/distribution.audio-technica.eu\/es-es\/noticias\/andy-barlow-utiliza-genelec\/#article","isPartOf":{"@id":"https:\/\/distribution.audio-technica.eu\/es-es\/noticias\/andy-barlow-utiliza-genelec\/"},"author":{"name":"Audio-Technica","@id":"https:\/\/distribution.audio-technica.eu\/es-es\/#\/schema\/person\/e8e715e047e33cc425e816f59cbd9b80"},"headline":"Andy Barlow, el productor de U2 y fundador de Lamb, utiliza Genelec","datePublished":"2018-02-12T16:19:18+00:00","dateModified":"2023-07-31T09:28:57+00:00","mainEntityOfPage":{"@id":"https:\/\/distribution.audio-technica.eu\/es-es\/noticias\/andy-barlow-utiliza-genelec\/"},"wordCount":1167,"image":{"@id":"https:\/\/distribution.audio-technica.eu\/es-es\/noticias\/andy-barlow-utiliza-genelec\/#primaryimage"},"thumbnailUrl":"\/app\/uploads\/sites\/2\/NdP-Genelec-Andy-Barlow1_banner.jpg","keywords":["Estudio","MONITORES","SAM","U2"],"articleSection":["Usuarios"],"inLanguage":"es"},{"@type":"WebPage","@id":"https:\/\/distribution.audio-technica.eu\/es-es\/noticias\/andy-barlow-utiliza-genelec\/","url":"https:\/\/distribution.audio-technica.eu\/es-es\/noticias\/andy-barlow-utiliza-genelec\/","name":"Andy Barlow, el productor de U2 y fundador de Lamb, utiliza Genelec - Audio-Technica Iberia","isPartOf":{"@id":"https:\/\/distribution.audio-technica.eu\/es-es\/#website"},"primaryImageOfPage":{"@id":"https:\/\/distribution.audio-technica.eu\/es-es\/noticias\/andy-barlow-utiliza-genelec\/#primaryimage"},"image":{"@id":"https:\/\/distribution.audio-technica.eu\/es-es\/noticias\/andy-barlow-utiliza-genelec\/#primaryimage"},"thumbnailUrl":"\/app\/uploads\/sites\/2\/NdP-Genelec-Andy-Barlow1_banner.jpg","datePublished":"2018-02-12T16:19:18+00:00","dateModified":"2023-07-31T09:28:57+00:00","author":{"@id":"https:\/\/distribution.audio-technica.eu\/es-es\/#\/schema\/person\/e8e715e047e33cc425e816f59cbd9b80"},"breadcrumb":{"@id":"https:\/\/distribution.audio-technica.eu\/es-es\/noticias\/andy-barlow-utiliza-genelec\/#breadcrumb"},"inLanguage":"es","potentialAction":[{"@type":"ReadAction","target":["https:\/\/distribution.audio-technica.eu\/es-es\/noticias\/andy-barlow-utiliza-genelec\/"]}]},{"@type":"ImageObject","inLanguage":"es","@id":"https:\/\/distribution.audio-technica.eu\/es-es\/noticias\/andy-barlow-utiliza-genelec\/#primaryimage","url":"\/app\/uploads\/sites\/2\/NdP-Genelec-Andy-Barlow1_banner.jpg","contentUrl":"\/app\/uploads\/sites\/2\/NdP-Genelec-Andy-Barlow1_banner.jpg","width":640,"height":360,"caption":"El productor de U2 y fundador de Lamb utiliza Genelec"},{"@type":"BreadcrumbList","@id":"https:\/\/distribution.audio-technica.eu\/es-es\/noticias\/andy-barlow-utiliza-genelec\/#breadcrumb","itemListElement":[{"@type":"ListItem","position":1,"name":"Products","item":"https:\/\/distribution.audio-technica.eu\/es-es\/"},{"@type":"ListItem","position":2,"name":"Andy Barlow, el productor de U2 y fundador de Lamb, utiliza Genelec"}]},{"@type":"WebSite","@id":"https:\/\/distribution.audio-technica.eu\/es-es\/#website","url":"https:\/\/distribution.audio-technica.eu\/es-es\/","name":"Audio-Technica Iberia","description":"Distribuci\u00f3n","potentialAction":[{"@type":"SearchAction","target":{"@type":"EntryPoint","urlTemplate":"https:\/\/distribution.audio-technica.eu\/es-es\/?s={search_term_string}"},"query-input":{"@type":"PropertyValueSpecification","valueRequired":true,"valueName":"search_term_string"}}],"inLanguage":"es"},{"@type":"Person","@id":"https:\/\/distribution.audio-technica.eu\/es-es\/#\/schema\/person\/e8e715e047e33cc425e816f59cbd9b80","name":"Audio-Technica"}]}},"_links":{"self":[{"href":"https:\/\/distribution.audio-technica.eu\/es-es\/wp-json\/wp\/v2\/posts\/2379","targetHints":{"allow":["GET"]}}],"collection":[{"href":"https:\/\/distribution.audio-technica.eu\/es-es\/wp-json\/wp\/v2\/posts"}],"about":[{"href":"https:\/\/distribution.audio-technica.eu\/es-es\/wp-json\/wp\/v2\/types\/post"}],"author":[{"embeddable":true,"href":"https:\/\/distribution.audio-technica.eu\/es-es\/wp-json\/wp\/v2\/users\/1"}],"replies":[{"embeddable":true,"href":"https:\/\/distribution.audio-technica.eu\/es-es\/wp-json\/wp\/v2\/comments?post=2379"}],"version-history":[{"count":1,"href":"https:\/\/distribution.audio-technica.eu\/es-es\/wp-json\/wp\/v2\/posts\/2379\/revisions"}],"predecessor-version":[{"id":27164,"href":"https:\/\/distribution.audio-technica.eu\/es-es\/wp-json\/wp\/v2\/posts\/2379\/revisions\/27164"}],"wp:featuredmedia":[{"embeddable":true,"href":"https:\/\/distribution.audio-technica.eu\/es-es\/wp-json\/wp\/v2\/media\/2370"}],"wp:attachment":[{"href":"https:\/\/distribution.audio-technica.eu\/es-es\/wp-json\/wp\/v2\/media?parent=2379"}],"wp:term":[{"taxonomy":"category","embeddable":true,"href":"https:\/\/distribution.audio-technica.eu\/es-es\/wp-json\/wp\/v2\/categories?post=2379"},{"taxonomy":"post_tag","embeddable":true,"href":"https:\/\/distribution.audio-technica.eu\/es-es\/wp-json\/wp\/v2\/tags?post=2379"}],"curies":[{"name":"wp","href":"https:\/\/api.w.org\/{rel}","templated":true}]}}