{"id":2406,"date":"2018-04-09T10:10:40","date_gmt":"2018-04-09T08:10:40","guid":{"rendered":"http:\/\/noticias.audio-technica.es\/?p=2406"},"modified":"2023-10-17T18:31:37","modified_gmt":"2023-10-17T16:31:37","slug":"audio-technica-presenta-el-nuevo-ath-m60x","status":"publish","type":"post","link":"https:\/\/distribution.audio-technica.eu\/es-es\/noticias\/audio-technica-presenta-el-nuevo-ath-m60x\/","title":{"rendered":"Audio-Technica a\u00f1ade los nuevos auriculares profesionales on-ear ATH-M60x  a la exitosa l\u00ednea M-Series"},"content":{"rendered":"<p><a href=\"https:\/\/distribution.audio-technica.eu\/es\/wp-content\/uploads\/sites\/2\/NdP-AT-ATH-M60x.jpg\"><img loading=\"lazy\" decoding=\"async\" class=\"alignnone wp-image-2399 size-full\" src=\"\/es\/wp-content\/uploads\/sites\/2\/NdP-AT-ATH-M60x.jpg\" alt=\"Audio-Technica a\u00f1ade los nuevos auriculares profesionales on-ear ATH-M60x a la exitosa l\u00ednea M-Series\" width=\"1432\" height=\"2343\" srcset=\"https:\/\/distribution.audio-technica.eu\/app\/uploads\/sites\/2\/NdP-AT-ATH-M60x.jpg 1432w, https:\/\/distribution.audio-technica.eu\/app\/uploads\/sites\/2\/NdP-AT-ATH-M60x-183x300.jpg 183w, https:\/\/distribution.audio-technica.eu\/app\/uploads\/sites\/2\/NdP-AT-ATH-M60x-768x1257.jpg 768w, https:\/\/distribution.audio-technica.eu\/app\/uploads\/sites\/2\/NdP-AT-ATH-M60x-626x1024.jpg 626w, https:\/\/distribution.audio-technica.eu\/app\/uploads\/sites\/2\/NdP-AT-ATH-M60x-200x327.jpg 200w, https:\/\/distribution.audio-technica.eu\/app\/uploads\/sites\/2\/NdP-AT-ATH-M60x-400x654.jpg 400w, https:\/\/distribution.audio-technica.eu\/app\/uploads\/sites\/2\/NdP-AT-ATH-M60x-600x982.jpg 600w, https:\/\/distribution.audio-technica.eu\/app\/uploads\/sites\/2\/NdP-AT-ATH-M60x-800x1309.jpg 800w, https:\/\/distribution.audio-technica.eu\/app\/uploads\/sites\/2\/NdP-AT-ATH-M60x-1200x1963.jpg 1200w\" sizes=\"auto, (max-width: 1432px) 100vw, 1432px\" \/><\/a><\/p>\n<p>Audio-Technica (Hall 3.1, stand E51) mostrar\u00e1 por primera vez en Europa, y durante la celebraci\u00f3n de Prolight+Sound 2018, los nuevos auriculares profesionales on-ear ATH-M60x, la m\u00e1s reciente adici\u00f3n a la exitosa l\u00ednea M-Series, aclamada por la cr\u00edtica. Dise\u00f1ados para ser utilizados en estudio, broadcast y aplicaciones m\u00f3viles, ATH-M60x son unos auriculares profesionales on-ear, muy compactos, que utilizan los mismos transductores de gran apertura de 45mm incluidos en el ATH-M50x (con imanes de tierras raras y bobinas de hilo de aluminio recubierto de cobre), proporcionando una claridad excepcional a trav\u00e9s de una amplia gama de frecuencias, con una precisa respuesta en graves.<\/p>\n<p>El dise\u00f1o on-ear, cerrado y compacto del ATH-M60x proporciona un excelente aislamiento sonoro y una fant\u00e1stica fijaci\u00f3n, que se ve reforzada por la excepcional comodidad y calidad de las almohadillas y diadema equipados con espuma con memoria. Los auriculares incluyen tres cables intercambiables (1.2 m &#8211; 3.0 m en espiral, 3.0 m recto, y 1.2 m recto, cada uno de ellos equipado con un mini conector de 3.5 mm (1\/8\u201d), un adaptador roscado de 6.3 mm (1\/4\u201d) y una bolsa de transporte.<\/p>\n<p><a href=\"https:\/\/distribution.audio-technica.eu\/es\/wp-content\/uploads\/sites\/2\/NdP-AT-ATH-M60x-connector.jpg\"><img loading=\"lazy\" decoding=\"async\" class=\"alignnone wp-image-2398 size-full\" src=\"\/es\/wp-content\/uploads\/sites\/2\/NdP-AT-ATH-M60x-connector.jpg\" alt=\"Audio-Technica a\u00f1ade los nuevos auriculares profesionales on-ear ATH-M60x a la exitosa l\u00ednea M-Series\" width=\"2067\" height=\"2067\" srcset=\"https:\/\/distribution.audio-technica.eu\/app\/uploads\/sites\/2\/NdP-AT-ATH-M60x-connector.jpg 2067w, https:\/\/distribution.audio-technica.eu\/app\/uploads\/sites\/2\/NdP-AT-ATH-M60x-connector-150x150.jpg 150w, https:\/\/distribution.audio-technica.eu\/app\/uploads\/sites\/2\/NdP-AT-ATH-M60x-connector-300x300.jpg 300w, https:\/\/distribution.audio-technica.eu\/app\/uploads\/sites\/2\/NdP-AT-ATH-M60x-connector-768x768.jpg 768w, https:\/\/distribution.audio-technica.eu\/app\/uploads\/sites\/2\/NdP-AT-ATH-M60x-connector-1024x1024.jpg 1024w, https:\/\/distribution.audio-technica.eu\/app\/uploads\/sites\/2\/NdP-AT-ATH-M60x-connector-66x66.jpg 66w, https:\/\/distribution.audio-technica.eu\/app\/uploads\/sites\/2\/NdP-AT-ATH-M60x-connector-200x200.jpg 200w, https:\/\/distribution.audio-technica.eu\/app\/uploads\/sites\/2\/NdP-AT-ATH-M60x-connector-400x400.jpg 400w, https:\/\/distribution.audio-technica.eu\/app\/uploads\/sites\/2\/NdP-AT-ATH-M60x-connector-600x600.jpg 600w, https:\/\/distribution.audio-technica.eu\/app\/uploads\/sites\/2\/NdP-AT-ATH-M60x-connector-800x800.jpg 800w, https:\/\/distribution.audio-technica.eu\/app\/uploads\/sites\/2\/NdP-AT-ATH-M60x-connector-1200x1200.jpg 1200w, https:\/\/distribution.audio-technica.eu\/app\/uploads\/sites\/2\/NdP-AT-ATH-M60x-connector-100x100.jpg 100w\" sizes=\"auto, (max-width: 2067px) 100vw, 2067px\" \/><\/a><\/p>\n<p>&nbsp;<\/p>\n<p><strong>Caracter\u00edsticas ATH-M60x:<\/strong><\/p>\n<ul>\n<li>Compacto dise\u00f1o on-ear cerrado, que proporciona un excelente aislamiento y fijaci\u00f3n<\/li>\n<li>Transductores de gran apertura, de 45 mm, de dise\u00f1o especial (los mismos que se utilizan en el aclamado ATH-M50x), con imanes de tierras raras y bobinas de hilo de aluminio recubierto de cobre.<\/li>\n<li>Fabricado cuidadosamente utilizando componentes clave met\u00e1licos para asegurar una muy larga vida \u00fatil.<\/li>\n<li>Claridad excepcional a trav\u00e9s de una amplia gama de frecuencias, con una precisa respuesta en los graves.<\/li>\n<li>Dise\u00f1o de baja impedancia que proporciona un elevado nivel de salida desde cualquier salida para auriculares.<\/li>\n<li>Almohadillas y diadema con espuma con memoria de la m\u00e1xima calidad, que permiten un uso c\u00f3modo durante muchas horas.<\/li>\n<li>Almohadillas y diadema desmontables para facilitar su sustituci\u00f3n.<\/li>\n<li>Ideal para estudio, broadcast y aplicaciones m\u00f3viles.<\/li>\n<li>Cables desmontables (incluye cable en espiral 1.2 m &#8211; 3.0 m, cable recto 3.0 m y cable recto 1.2 m)<\/li>\n<\/ul>\n<p>&nbsp;<\/p>\n<p>Para m\u00e1s informaci\u00f3n, visite por favor <a href=\"http:\/\/www.audio-technica.es\">www.audio-technica.es<\/a>.<\/p>\n<p>&nbsp;<\/p>\n<p><strong><em>Acerca de Audio-Technica<\/em><\/strong><\/p>\n<p><em>Celebrando m\u00e1s de 50 a\u00f1os de excelencia internacional en el mundo del audio, Audio-Technica es una innovadora empresa l\u00edder en la tecnolog\u00eda de transductores, famosa por el dise\u00f1o y fabricaci\u00f3n de micr\u00f3fonos, micr\u00f3fonos inal\u00e1mbricos, auriculares, mezcladores y equipos electr\u00f3nicos para la industria del sonido. La lista de usuarios de micr\u00f3fonos y auriculares de Audio-Technica incluye nombres tan importantes como Metallica, Gwen Stefani, Linkin Park, Rudimental, Faithless, Pendulum, Royal Blood, James Bay, Enter Shikari, You Me At Six y Zara Larsson.<\/em><\/p>\n","protected":false},"excerpt":{"rendered":"<p>Audio-Technica (Hall 3.1, stand E51) mostrar\u00e1 por primera vez en Europa, y durante la celebraci\u00f3n de Prolight+Sound 2018, los nuevos auriculares profesionales on-ear ATH-M60x, la m\u00e1s reciente adici\u00f3n a la exitosa l\u00ednea M-Series, aclamada por la cr\u00edtica. Dise\u00f1ados para ser utilizados en estudio, broadcast y aplicaciones m\u00f3viles, ATH-M60x son unos auriculares profesionales on-ear, muy compactos, [&hellip;]<\/p>\n","protected":false},"author":1,"featured_media":2400,"comment_status":"closed","ping_status":"closed","sticky":false,"template":"","format":"standard","meta":{"_acf_changed":false,"footnotes":""},"categories":[2456],"tags":[1708,1564,1876,1891],"class_list":["post-2406","post","type-post","status-publish","format-standard","has-post-thumbnail","hentry","category-novedades","tag-auriculares","tag-estudio","tag-novedad","tag-serie-mx"],"acf":[],"yoast_head":"<!-- This site is optimized with the Yoast SEO plugin v27.1.1 - https:\/\/yoast.com\/product\/yoast-seo-wordpress\/ -->\n<title>Audio-Technica a\u00f1ade los nuevos auriculares profesionales on-ear ATH-M60x a la exitosa l\u00ednea M-Series - Audio-Technica Iberia<\/title>\n<meta name=\"robots\" content=\"index, follow, max-snippet:-1, max-image-preview:large, max-video-preview:-1\" \/>\n<link rel=\"canonical\" href=\"https:\/\/distribution.audio-technica.eu\/es-es\/noticias\/audio-technica-presenta-el-nuevo-ath-m60x\/\" \/>\n<meta property=\"og:locale\" content=\"es_ES\" \/>\n<meta property=\"og:type\" content=\"article\" \/>\n<meta property=\"og:title\" content=\"Audio-Technica a\u00f1ade los nuevos auriculares profesionales on-ear ATH-M60x a la exitosa l\u00ednea M-Series\" \/>\n<meta property=\"og:description\" content=\"Audio-Technica (Hall 3.1, stand E51) mostrar\u00e1 por primera vez en Europa, y durante la celebraci\u00f3n de Prolight+Sound 2018, los nuevos auriculares profesionales on-ear ATH-M60x, la m\u00e1s reciente adici\u00f3n a la exitosa l\u00ednea M-Series, aclamada por la cr\u00edtica. Dise\u00f1ados para ser utilizados en estudio, broadcast y aplicaciones m\u00f3viles, ATH-M60x son unos auriculares profesionales on-ear, muy compactos, [&hellip;]\" \/>\n<meta property=\"og:url\" content=\"https:\/\/distribution.audio-technica.eu\/es-es\/noticias\/audio-technica-presenta-el-nuevo-ath-m60x\/\" \/>\n<meta property=\"og:site_name\" content=\"Audio-Technica Iberia\" \/>\n<meta property=\"article:published_time\" content=\"2018-04-09T08:10:40+00:00\" \/>\n<meta property=\"article:modified_time\" content=\"2023-10-17T16:31:37+00:00\" \/>\n<meta name=\"author\" content=\"Audio-Technica\" \/>\n<meta name=\"twitter:card\" content=\"summary_large_image\" \/>\n<meta name=\"twitter:image\" content=\"https:\/\/distribution.audio-technica.eu\/app\/uploads\/sites\/2\/NdP-AT-ATH-M60x_banner.jpg\" \/>\n<meta name=\"twitter:label1\" content=\"Escrito por\" \/>\n\t<meta name=\"twitter:data1\" content=\"Audio-Technica\" \/>\n\t<meta name=\"twitter:label2\" content=\"Tiempo de lectura\" \/>\n\t<meta name=\"twitter:data2\" content=\"2 minutos\" \/>\n<script type=\"application\/ld+json\" class=\"yoast-schema-graph\">{\"@context\":\"https:\/\/schema.org\",\"@graph\":[{\"@type\":\"Article\",\"@id\":\"https:\/\/distribution.audio-technica.eu\/es-es\/noticias\/audio-technica-presenta-el-nuevo-ath-m60x\/#article\",\"isPartOf\":{\"@id\":\"https:\/\/distribution.audio-technica.eu\/es-es\/noticias\/audio-technica-presenta-el-nuevo-ath-m60x\/\"},\"author\":{\"name\":\"Audio-Technica\",\"@id\":\"https:\/\/distribution.audio-technica.eu\/es-es\/#\/schema\/person\/e8e715e047e33cc425e816f59cbd9b80\"},\"headline\":\"Audio-Technica a\u00f1ade los nuevos auriculares profesionales on-ear ATH-M60x a la exitosa l\u00ednea M-Series\",\"datePublished\":\"2018-04-09T08:10:40+00:00\",\"dateModified\":\"2023-10-17T16:31:37+00:00\",\"mainEntityOfPage\":{\"@id\":\"https:\/\/distribution.audio-technica.eu\/es-es\/noticias\/audio-technica-presenta-el-nuevo-ath-m60x\/\"},\"wordCount\":466,\"image\":{\"@id\":\"https:\/\/distribution.audio-technica.eu\/es-es\/noticias\/audio-technica-presenta-el-nuevo-ath-m60x\/#primaryimage\"},\"thumbnailUrl\":\"\/app\/uploads\/sites\/2\/NdP-AT-ATH-M60x_banner.jpg\",\"keywords\":[\"auriculares\",\"Estudio\",\"novedad\",\"serie Mx\"],\"articleSection\":[\"Novedades\"],\"inLanguage\":\"es\"},{\"@type\":\"WebPage\",\"@id\":\"https:\/\/distribution.audio-technica.eu\/es-es\/noticias\/audio-technica-presenta-el-nuevo-ath-m60x\/\",\"url\":\"https:\/\/distribution.audio-technica.eu\/es-es\/noticias\/audio-technica-presenta-el-nuevo-ath-m60x\/\",\"name\":\"Audio-Technica a\u00f1ade los nuevos auriculares profesionales on-ear ATH-M60x a la exitosa l\u00ednea M-Series - Audio-Technica Iberia\",\"isPartOf\":{\"@id\":\"https:\/\/distribution.audio-technica.eu\/es-es\/#website\"},\"primaryImageOfPage\":{\"@id\":\"https:\/\/distribution.audio-technica.eu\/es-es\/noticias\/audio-technica-presenta-el-nuevo-ath-m60x\/#primaryimage\"},\"image\":{\"@id\":\"https:\/\/distribution.audio-technica.eu\/es-es\/noticias\/audio-technica-presenta-el-nuevo-ath-m60x\/#primaryimage\"},\"thumbnailUrl\":\"\/app\/uploads\/sites\/2\/NdP-AT-ATH-M60x_banner.jpg\",\"datePublished\":\"2018-04-09T08:10:40+00:00\",\"dateModified\":\"2023-10-17T16:31:37+00:00\",\"author\":{\"@id\":\"https:\/\/distribution.audio-technica.eu\/es-es\/#\/schema\/person\/e8e715e047e33cc425e816f59cbd9b80\"},\"breadcrumb\":{\"@id\":\"https:\/\/distribution.audio-technica.eu\/es-es\/noticias\/audio-technica-presenta-el-nuevo-ath-m60x\/#breadcrumb\"},\"inLanguage\":\"es\",\"potentialAction\":[{\"@type\":\"ReadAction\",\"target\":[\"https:\/\/distribution.audio-technica.eu\/es-es\/noticias\/audio-technica-presenta-el-nuevo-ath-m60x\/\"]}]},{\"@type\":\"ImageObject\",\"inLanguage\":\"es\",\"@id\":\"https:\/\/distribution.audio-technica.eu\/es-es\/noticias\/audio-technica-presenta-el-nuevo-ath-m60x\/#primaryimage\",\"url\":\"\/app\/uploads\/sites\/2\/NdP-AT-ATH-M60x_banner.jpg\",\"contentUrl\":\"\/app\/uploads\/sites\/2\/NdP-AT-ATH-M60x_banner.jpg\",\"width\":640,\"height\":360,\"caption\":\"Audio-Technica a\u00f1ade los nuevos auriculares profesionales on-ear ATH-M60x a la exitosa l\u00ednea M-Series\"},{\"@type\":\"BreadcrumbList\",\"@id\":\"https:\/\/distribution.audio-technica.eu\/es-es\/noticias\/audio-technica-presenta-el-nuevo-ath-m60x\/#breadcrumb\",\"itemListElement\":[{\"@type\":\"ListItem\",\"position\":1,\"name\":\"Products\",\"item\":\"https:\/\/distribution.audio-technica.eu\/es-es\/\"},{\"@type\":\"ListItem\",\"position\":2,\"name\":\"Audio-Technica a\u00f1ade los nuevos auriculares profesionales on-ear ATH-M60x a la exitosa l\u00ednea M-Series\"}]},{\"@type\":\"WebSite\",\"@id\":\"https:\/\/distribution.audio-technica.eu\/es-es\/#website\",\"url\":\"https:\/\/distribution.audio-technica.eu\/es-es\/\",\"name\":\"Audio-Technica Iberia\",\"description\":\"Distribuci\u00f3n\",\"potentialAction\":[{\"@type\":\"SearchAction\",\"target\":{\"@type\":\"EntryPoint\",\"urlTemplate\":\"https:\/\/distribution.audio-technica.eu\/es-es\/?s={search_term_string}\"},\"query-input\":{\"@type\":\"PropertyValueSpecification\",\"valueRequired\":true,\"valueName\":\"search_term_string\"}}],\"inLanguage\":\"es\"},{\"@type\":\"Person\",\"@id\":\"https:\/\/distribution.audio-technica.eu\/es-es\/#\/schema\/person\/e8e715e047e33cc425e816f59cbd9b80\",\"name\":\"Audio-Technica\"}]}<\/script>\n<!-- \/ Yoast SEO plugin. -->","yoast_head_json":{"title":"Audio-Technica a\u00f1ade los nuevos auriculares profesionales on-ear ATH-M60x a la exitosa l\u00ednea M-Series - Audio-Technica Iberia","robots":{"index":"index","follow":"follow","max-snippet":"max-snippet:-1","max-image-preview":"max-image-preview:large","max-video-preview":"max-video-preview:-1"},"canonical":"https:\/\/distribution.audio-technica.eu\/es-es\/noticias\/audio-technica-presenta-el-nuevo-ath-m60x\/","og_locale":"es_ES","og_type":"article","og_title":"Audio-Technica a\u00f1ade los nuevos auriculares profesionales on-ear ATH-M60x a la exitosa l\u00ednea M-Series","og_description":"Audio-Technica (Hall 3.1, stand E51) mostrar\u00e1 por primera vez en Europa, y durante la celebraci\u00f3n de Prolight+Sound 2018, los nuevos auriculares profesionales on-ear ATH-M60x, la m\u00e1s reciente adici\u00f3n a la exitosa l\u00ednea M-Series, aclamada por la cr\u00edtica. Dise\u00f1ados para ser utilizados en estudio, broadcast y aplicaciones m\u00f3viles, ATH-M60x son unos auriculares profesionales on-ear, muy compactos, [&hellip;]","og_url":"https:\/\/distribution.audio-technica.eu\/es-es\/noticias\/audio-technica-presenta-el-nuevo-ath-m60x\/","og_site_name":"Audio-Technica Iberia","article_published_time":"2018-04-09T08:10:40+00:00","article_modified_time":"2023-10-17T16:31:37+00:00","author":"Audio-Technica","twitter_card":"summary_large_image","twitter_image":"https:\/\/distribution.audio-technica.eu\/app\/uploads\/sites\/2\/NdP-AT-ATH-M60x_banner.jpg","twitter_misc":{"Escrito por":"Audio-Technica","Tiempo de lectura":"2 minutos"},"schema":{"@context":"https:\/\/schema.org","@graph":[{"@type":"Article","@id":"https:\/\/distribution.audio-technica.eu\/es-es\/noticias\/audio-technica-presenta-el-nuevo-ath-m60x\/#article","isPartOf":{"@id":"https:\/\/distribution.audio-technica.eu\/es-es\/noticias\/audio-technica-presenta-el-nuevo-ath-m60x\/"},"author":{"name":"Audio-Technica","@id":"https:\/\/distribution.audio-technica.eu\/es-es\/#\/schema\/person\/e8e715e047e33cc425e816f59cbd9b80"},"headline":"Audio-Technica a\u00f1ade los nuevos auriculares profesionales on-ear ATH-M60x a la exitosa l\u00ednea M-Series","datePublished":"2018-04-09T08:10:40+00:00","dateModified":"2023-10-17T16:31:37+00:00","mainEntityOfPage":{"@id":"https:\/\/distribution.audio-technica.eu\/es-es\/noticias\/audio-technica-presenta-el-nuevo-ath-m60x\/"},"wordCount":466,"image":{"@id":"https:\/\/distribution.audio-technica.eu\/es-es\/noticias\/audio-technica-presenta-el-nuevo-ath-m60x\/#primaryimage"},"thumbnailUrl":"\/app\/uploads\/sites\/2\/NdP-AT-ATH-M60x_banner.jpg","keywords":["auriculares","Estudio","novedad","serie Mx"],"articleSection":["Novedades"],"inLanguage":"es"},{"@type":"WebPage","@id":"https:\/\/distribution.audio-technica.eu\/es-es\/noticias\/audio-technica-presenta-el-nuevo-ath-m60x\/","url":"https:\/\/distribution.audio-technica.eu\/es-es\/noticias\/audio-technica-presenta-el-nuevo-ath-m60x\/","name":"Audio-Technica a\u00f1ade los nuevos auriculares profesionales on-ear ATH-M60x a la exitosa l\u00ednea M-Series - Audio-Technica Iberia","isPartOf":{"@id":"https:\/\/distribution.audio-technica.eu\/es-es\/#website"},"primaryImageOfPage":{"@id":"https:\/\/distribution.audio-technica.eu\/es-es\/noticias\/audio-technica-presenta-el-nuevo-ath-m60x\/#primaryimage"},"image":{"@id":"https:\/\/distribution.audio-technica.eu\/es-es\/noticias\/audio-technica-presenta-el-nuevo-ath-m60x\/#primaryimage"},"thumbnailUrl":"\/app\/uploads\/sites\/2\/NdP-AT-ATH-M60x_banner.jpg","datePublished":"2018-04-09T08:10:40+00:00","dateModified":"2023-10-17T16:31:37+00:00","author":{"@id":"https:\/\/distribution.audio-technica.eu\/es-es\/#\/schema\/person\/e8e715e047e33cc425e816f59cbd9b80"},"breadcrumb":{"@id":"https:\/\/distribution.audio-technica.eu\/es-es\/noticias\/audio-technica-presenta-el-nuevo-ath-m60x\/#breadcrumb"},"inLanguage":"es","potentialAction":[{"@type":"ReadAction","target":["https:\/\/distribution.audio-technica.eu\/es-es\/noticias\/audio-technica-presenta-el-nuevo-ath-m60x\/"]}]},{"@type":"ImageObject","inLanguage":"es","@id":"https:\/\/distribution.audio-technica.eu\/es-es\/noticias\/audio-technica-presenta-el-nuevo-ath-m60x\/#primaryimage","url":"\/app\/uploads\/sites\/2\/NdP-AT-ATH-M60x_banner.jpg","contentUrl":"\/app\/uploads\/sites\/2\/NdP-AT-ATH-M60x_banner.jpg","width":640,"height":360,"caption":"Audio-Technica a\u00f1ade los nuevos auriculares profesionales on-ear ATH-M60x a la exitosa l\u00ednea M-Series"},{"@type":"BreadcrumbList","@id":"https:\/\/distribution.audio-technica.eu\/es-es\/noticias\/audio-technica-presenta-el-nuevo-ath-m60x\/#breadcrumb","itemListElement":[{"@type":"ListItem","position":1,"name":"Products","item":"https:\/\/distribution.audio-technica.eu\/es-es\/"},{"@type":"ListItem","position":2,"name":"Audio-Technica a\u00f1ade los nuevos auriculares profesionales on-ear ATH-M60x a la exitosa l\u00ednea M-Series"}]},{"@type":"WebSite","@id":"https:\/\/distribution.audio-technica.eu\/es-es\/#website","url":"https:\/\/distribution.audio-technica.eu\/es-es\/","name":"Audio-Technica Iberia","description":"Distribuci\u00f3n","potentialAction":[{"@type":"SearchAction","target":{"@type":"EntryPoint","urlTemplate":"https:\/\/distribution.audio-technica.eu\/es-es\/?s={search_term_string}"},"query-input":{"@type":"PropertyValueSpecification","valueRequired":true,"valueName":"search_term_string"}}],"inLanguage":"es"},{"@type":"Person","@id":"https:\/\/distribution.audio-technica.eu\/es-es\/#\/schema\/person\/e8e715e047e33cc425e816f59cbd9b80","name":"Audio-Technica"}]}},"_links":{"self":[{"href":"https:\/\/distribution.audio-technica.eu\/es-es\/wp-json\/wp\/v2\/posts\/2406","targetHints":{"allow":["GET"]}}],"collection":[{"href":"https:\/\/distribution.audio-technica.eu\/es-es\/wp-json\/wp\/v2\/posts"}],"about":[{"href":"https:\/\/distribution.audio-technica.eu\/es-es\/wp-json\/wp\/v2\/types\/post"}],"author":[{"embeddable":true,"href":"https:\/\/distribution.audio-technica.eu\/es-es\/wp-json\/wp\/v2\/users\/1"}],"replies":[{"embeddable":true,"href":"https:\/\/distribution.audio-technica.eu\/es-es\/wp-json\/wp\/v2\/comments?post=2406"}],"version-history":[{"count":1,"href":"https:\/\/distribution.audio-technica.eu\/es-es\/wp-json\/wp\/v2\/posts\/2406\/revisions"}],"predecessor-version":[{"id":14746,"href":"https:\/\/distribution.audio-technica.eu\/es-es\/wp-json\/wp\/v2\/posts\/2406\/revisions\/14746"}],"wp:featuredmedia":[{"embeddable":true,"href":"https:\/\/distribution.audio-technica.eu\/es-es\/wp-json\/wp\/v2\/media\/2400"}],"wp:attachment":[{"href":"https:\/\/distribution.audio-technica.eu\/es-es\/wp-json\/wp\/v2\/media?parent=2406"}],"wp:term":[{"taxonomy":"category","embeddable":true,"href":"https:\/\/distribution.audio-technica.eu\/es-es\/wp-json\/wp\/v2\/categories?post=2406"},{"taxonomy":"post_tag","embeddable":true,"href":"https:\/\/distribution.audio-technica.eu\/es-es\/wp-json\/wp\/v2\/tags?post=2406"}],"curies":[{"name":"wp","href":"https:\/\/api.w.org\/{rel}","templated":true}]}}