{"id":24209,"date":"2021-05-25T16:31:18","date_gmt":"2021-05-25T14:31:18","guid":{"rendered":"https:\/\/atdb-production.studiograft.dev\/es\/?p=24209"},"modified":"2023-07-31T10:25:23","modified_gmt":"2023-07-31T08:25:23","slug":"el-actor-de-doblaje-de-netflix-paul-castro-jr-confia-en-audient-y-evo-para-su-home-estudio","status":"publish","type":"post","link":"https:\/\/distribution.audio-technica.eu\/es-es\/noticias\/el-actor-de-doblaje-de-netflix-paul-castro-jr-confia-en-audient-y-evo-para-su-home-estudio\/","title":{"rendered":"El actor de doblaje de Netflix Paul Castro Jr conf\u00eda en Audient y EVO para su home estudio"},"content":{"rendered":"<p><a href=\"https:\/\/distribution.audio-technica.eu\/es\/wp-content\/uploads\/sites\/2\/WP-Audient-Paul-Castro-Jr-1.jpg\"><img loading=\"lazy\" decoding=\"async\" class=\"aligncenter size-fusion-800 wp-image-24210\" src=\"\/es\/wp-content\/uploads\/sites\/2\/WP-Audient-Paul-Castro-Jr-1-800x450.jpg\" alt=\"\" width=\"800\" height=\"450\" srcset=\"https:\/\/distribution.audio-technica.eu\/app\/uploads\/sites\/2\/WP-Audient-Paul-Castro-Jr-1-800x450.jpg 800w, https:\/\/distribution.audio-technica.eu\/app\/uploads\/sites\/2\/WP-Audient-Paul-Castro-Jr-1-300x169.jpg 300w, https:\/\/distribution.audio-technica.eu\/app\/uploads\/sites\/2\/WP-Audient-Paul-Castro-Jr-1-1024x576.jpg 1024w, https:\/\/distribution.audio-technica.eu\/app\/uploads\/sites\/2\/WP-Audient-Paul-Castro-Jr-1-150x84.jpg 150w, https:\/\/distribution.audio-technica.eu\/app\/uploads\/sites\/2\/WP-Audient-Paul-Castro-Jr-1-768x432.jpg 768w, https:\/\/distribution.audio-technica.eu\/app\/uploads\/sites\/2\/WP-Audient-Paul-Castro-Jr-1-200x113.jpg 200w, https:\/\/distribution.audio-technica.eu\/app\/uploads\/sites\/2\/WP-Audient-Paul-Castro-Jr-1-400x225.jpg 400w, https:\/\/distribution.audio-technica.eu\/app\/uploads\/sites\/2\/WP-Audient-Paul-Castro-Jr-1-600x338.jpg 600w, https:\/\/distribution.audio-technica.eu\/app\/uploads\/sites\/2\/WP-Audient-Paul-Castro-Jr-1-1200x675.jpg 1200w, https:\/\/distribution.audio-technica.eu\/app\/uploads\/sites\/2\/WP-Audient-Paul-Castro-Jr-1.jpg 1500w\" sizes=\"auto, (max-width: 800px) 100vw, 800px\" \/><\/a><\/p>\n<p>El actor de doblaje <a href=\"https:\/\/www.paulcastrojr.com\/\" target=\"_blank\" rel=\"noopener noreferrer\">Paul Castro Jr<\/a>. utiliz\u00f3 su Audient <a href=\"https:\/\/audient.com\/products\/mic-pres\/asp880\/overview\/\" target=\"_blank\" rel=\"noopener noreferrer\">ASP880<\/a> durante la grabaci\u00f3n de la recientemente estrenada serie de anime de Netflix, High-Rise Invasion, en la que puso la voz al personaje secundario Rikuya Yoshida. Este es uno de sus muchos trabajos que se han convertido en sesiones de grabaci\u00f3n a distancia durante el a\u00f1o pasado (por razones obvias), lo que significa que ha llegado a confiar en el previo de micr\u00f3fono de 8 canales de Audient en su estudio casero.<\/p>\n<p>\u00ab<em>El a\u00f1o pasado se demostr\u00f3 que tener una configuraci\u00f3n de estudio profesional en casa con un equipo fiable y est\u00e1ndar de la industria es fundamental para un negocio pr\u00f3spero de doblador. El ASP880 es ahora una parte esencial de mi flujo de trabajo<\/em>\u00ab, dice Paul.\u00a0 Cuando se le pregunta qu\u00e9 aprecia de este preamplificador de micr\u00f3fono brit\u00e1nico, explica: \u00ab<em>Normalmente, cuando se graban sesiones desde casa, se env\u00edan los archivos como RAW y lo m\u00e1s limpios posible, sin efectos ni compresi\u00f3n, etc., a\u00f1adidos. Sin embargo, los previos estelares del ASP880 y su bajo nivel de ruido han mejorado exponencialmente la calidad de mi estudio en casa\u00bb.<\/em><\/p>\n<p><a href=\"https:\/\/distribution.audio-technica.eu\/es\/wp-content\/uploads\/sites\/2\/WP-Audient-Paul-Castro-Jr-2.jpg\"><img loading=\"lazy\" decoding=\"async\" class=\"aligncenter size-fusion-800 wp-image-24211\" src=\"\/es\/wp-content\/uploads\/sites\/2\/WP-Audient-Paul-Castro-Jr-2-800x450.jpg\" alt=\"\" width=\"800\" height=\"450\" srcset=\"https:\/\/distribution.audio-technica.eu\/app\/uploads\/sites\/2\/WP-Audient-Paul-Castro-Jr-2-800x450.jpg 800w, https:\/\/distribution.audio-technica.eu\/app\/uploads\/sites\/2\/WP-Audient-Paul-Castro-Jr-2-300x169.jpg 300w, https:\/\/distribution.audio-technica.eu\/app\/uploads\/sites\/2\/WP-Audient-Paul-Castro-Jr-2-1024x576.jpg 1024w, https:\/\/distribution.audio-technica.eu\/app\/uploads\/sites\/2\/WP-Audient-Paul-Castro-Jr-2-150x84.jpg 150w, https:\/\/distribution.audio-technica.eu\/app\/uploads\/sites\/2\/WP-Audient-Paul-Castro-Jr-2-768x432.jpg 768w, https:\/\/distribution.audio-technica.eu\/app\/uploads\/sites\/2\/WP-Audient-Paul-Castro-Jr-2-200x113.jpg 200w, https:\/\/distribution.audio-technica.eu\/app\/uploads\/sites\/2\/WP-Audient-Paul-Castro-Jr-2-400x225.jpg 400w, https:\/\/distribution.audio-technica.eu\/app\/uploads\/sites\/2\/WP-Audient-Paul-Castro-Jr-2-600x338.jpg 600w, https:\/\/distribution.audio-technica.eu\/app\/uploads\/sites\/2\/WP-Audient-Paul-Castro-Jr-2-1200x675.jpg 1200w, https:\/\/distribution.audio-technica.eu\/app\/uploads\/sites\/2\/WP-Audient-Paul-Castro-Jr-2.jpg 1500w\" sizes=\"auto, (max-width: 800px) 100vw, 800px\" \/><\/a><\/p>\n<p><em>\u201cAdem\u00e1s, los 8 canales ADAT adicionales me permiten disponer de m\u00faltiples micr\u00f3fonos preparados para cualquier proyecto que lo requiera, lo cual es muy \u00fatil ya que, para mi, la eficiencia y la simplicidad lo son todo. Adem\u00e1s, cuando se acumula el trabajo y no puedo controlar los elementos externos, es una gran ventaja poder ajustar el sonido deseado con la ayuda de los HPF y los PADs\u201d.<\/em><\/p>\n<p>M\u00e1s recientemente ha a\u00f1adido a su arsenal la interfaz de audio <a href=\"https:\/\/evo.audio\/products\/evo-4\/overview\/\" target=\"_blank\" rel=\"noopener noreferrer\">EVO 4<\/a>. \u00ab<em>Es la interfaz que utilizo en mi ordenador de sobremesa, que es mi m\u00e1quina de trabajo para editar y jugar<\/em>\u00ab, explica, y la describe como \u00ab<em>realmente perfecta para cualquiera. Ya sea para podcasting, streaming en directo, m\u00fasica o locuci\u00f3n&#8230; los preamplificadores que incorpora son incre\u00edbles<\/em>\u00ab, contin\u00faa. \u00ab<em>El EVO 4 es tambi\u00e9n la interfaz que meto en mi maleta cuando estoy de viaje, ya que es muy ligera, compacta y se alimenta por USB. Me encanta\u00bb.<\/em><\/p>\n<p><a href=\"https:\/\/distribution.audio-technica.eu\/es\/wp-content\/uploads\/sites\/2\/WP-Audient-Paul-Castro-Jr-3.jpg\"><img loading=\"lazy\" decoding=\"async\" class=\"aligncenter wp-image-24212 size-fusion-800\" src=\"\/es\/wp-content\/uploads\/sites\/2\/WP-Audient-Paul-Castro-Jr-3-800x450.jpg\" alt=\"\" width=\"800\" height=\"450\" srcset=\"https:\/\/distribution.audio-technica.eu\/app\/uploads\/sites\/2\/WP-Audient-Paul-Castro-Jr-3-800x450.jpg 800w, https:\/\/distribution.audio-technica.eu\/app\/uploads\/sites\/2\/WP-Audient-Paul-Castro-Jr-3-300x169.jpg 300w, https:\/\/distribution.audio-technica.eu\/app\/uploads\/sites\/2\/WP-Audient-Paul-Castro-Jr-3-1024x576.jpg 1024w, https:\/\/distribution.audio-technica.eu\/app\/uploads\/sites\/2\/WP-Audient-Paul-Castro-Jr-3-150x84.jpg 150w, https:\/\/distribution.audio-technica.eu\/app\/uploads\/sites\/2\/WP-Audient-Paul-Castro-Jr-3-768x432.jpg 768w, https:\/\/distribution.audio-technica.eu\/app\/uploads\/sites\/2\/WP-Audient-Paul-Castro-Jr-3-200x113.jpg 200w, https:\/\/distribution.audio-technica.eu\/app\/uploads\/sites\/2\/WP-Audient-Paul-Castro-Jr-3-400x225.jpg 400w, https:\/\/distribution.audio-technica.eu\/app\/uploads\/sites\/2\/WP-Audient-Paul-Castro-Jr-3-600x338.jpg 600w, https:\/\/distribution.audio-technica.eu\/app\/uploads\/sites\/2\/WP-Audient-Paul-Castro-Jr-3-1200x675.jpg 1200w, https:\/\/distribution.audio-technica.eu\/app\/uploads\/sites\/2\/WP-Audient-Paul-Castro-Jr-3.jpg 1500w\" sizes=\"auto, (max-width: 800px) 100vw, 800px\" \/><\/a><\/p>\n<p>Su juvenil y en\u00e9rgico doblaje de voz revela una d\u00e9cada de experiencia en el sector. Abarcando todo el espectro de los videojuegos, los dibujos animados y el anime, los personajes de Paul suelen dirigirse al p\u00fablico de la Generaci\u00f3n Z y de la Generaci\u00f3n Millennial. Esto puede implicar muchos gritos y ocasionalmente el agitar de los brazos, lo que, dado que gran parte de la grabaci\u00f3n tiene lugar en su estudio casero, podr\u00eda afectar a sus vecinos. \u00ab<em>Todav\u00eda no se han quejado, as\u00ed que crucemos los dedos<\/em>\u00ab, dice riendo.<\/p>\n<p>Si quieres saber m\u00e1s sobre Paul Castro Jr., visita su <a href=\"https:\/\/www.paulcastrojr.com\/\" target=\"_blank\" rel=\"noopener noreferrer\">p\u00e1gina web<\/a> y lo encontrar\u00e1s en casi todas las redes sociales <a href=\"https:\/\/twitter.com\/paulcastrojr\" target=\"_blank\" rel=\"noopener noreferrer\">Twitter<\/a>,\u00a0<a href=\"https:\/\/www.instagram.com\/paulcastrojr\/\" target=\"_blank\" rel=\"noopener noreferrer\">Instagram<\/a>,\u00a0<a href=\"https:\/\/www.twitch.tv\/paulcastrojr\" target=\"_blank\" rel=\"noopener noreferrer\">Twitch<\/a>,\u00a0<a href=\"https:\/\/www.youtube.com\/user\/paulcastrojr\" target=\"_blank\" rel=\"noopener noreferrer\">YouTube<\/a>,\u00a0<a href=\"https:\/\/www.tiktok.com\/@paulcastrojr\" target=\"_blank\" rel=\"noopener noreferrer\">TikTok<\/a>\u00a0o\u00a0<a href=\"https:\/\/www.facebook.com\/PaulCastroJr\/\" target=\"_blank\" rel=\"noopener noreferrer\">Facebook<\/a>.<\/p>\n<p>&nbsp;<\/p>\n<p>&nbsp;<\/p>\n","protected":false},"excerpt":{"rendered":"<p>El actor de doblaje Paul Castro Jr. utiliz\u00f3 su Audient ASP880 durante la grabaci\u00f3n de la recientemente estrenada serie de anime de Netflix, High-Rise Invasion, en la que puso la voz al personaje secundario Rikuya Yoshida. Este es uno de sus muchos trabajos que se han convertido en sesiones de grabaci\u00f3n a distancia durante el [&hellip;]<\/p>\n","protected":false},"author":2,"featured_media":24213,"comment_status":"closed","ping_status":"closed","sticky":false,"template":"","format":"standard","meta":{"_acf_changed":false,"footnotes":""},"categories":[2459],"tags":[1745,2224,2221,2205],"class_list":["post-24209","post","type-post","status-publish","format-standard","has-post-thumbnail","hentry","category-usuarios","tag-asp880","tag-doblaje","tag-evo-4","tag-home-studio"],"acf":[],"yoast_head":"<!-- This site is optimized with the Yoast SEO plugin v27.1.1 - https:\/\/yoast.com\/product\/yoast-seo-wordpress\/ -->\n<title>El actor de doblaje de Netflix Paul Castro Jr conf\u00eda en Audient y EVO para su home estudio - Audio-Technica Iberia<\/title>\n<meta name=\"robots\" content=\"index, follow, max-snippet:-1, max-image-preview:large, max-video-preview:-1\" \/>\n<link rel=\"canonical\" href=\"https:\/\/distribution.audio-technica.eu\/es-es\/noticias\/el-actor-de-doblaje-de-netflix-paul-castro-jr-confia-en-audient-y-evo-para-su-home-estudio\/\" \/>\n<meta property=\"og:locale\" content=\"es_ES\" \/>\n<meta property=\"og:type\" content=\"article\" \/>\n<meta property=\"og:title\" content=\"El actor de doblaje de Netflix Paul Castro Jr conf\u00eda en Audient y EVO para su home estudio - Audio-Technica Iberia\" \/>\n<meta property=\"og:description\" content=\"El actor de doblaje Paul Castro Jr. utiliz\u00f3 su Audient ASP880 durante la grabaci\u00f3n de la recientemente estrenada serie de anime de Netflix, High-Rise Invasion, en la que puso la voz al personaje secundario Rikuya Yoshida. Este es uno de sus muchos trabajos que se han convertido en sesiones de grabaci\u00f3n a distancia durante el [&hellip;]\" \/>\n<meta property=\"og:url\" content=\"https:\/\/distribution.audio-technica.eu\/es-es\/noticias\/el-actor-de-doblaje-de-netflix-paul-castro-jr-confia-en-audient-y-evo-para-su-home-estudio\/\" \/>\n<meta property=\"og:site_name\" content=\"Audio-Technica Iberia\" \/>\n<meta property=\"article:published_time\" content=\"2021-05-25T14:31:18+00:00\" \/>\n<meta property=\"article:modified_time\" content=\"2023-07-31T08:25:23+00:00\" \/>\n<meta property=\"og:image\" content=\"https:\/\/distribution.audio-technica.eu\/app\/uploads\/sites\/2\/WP-Audient-Paul-Castro-Jr-banner.jpg\" \/>\n\t<meta property=\"og:image:width\" content=\"640\" \/>\n\t<meta property=\"og:image:height\" content=\"360\" \/>\n\t<meta property=\"og:image:type\" content=\"image\/jpeg\" \/>\n<meta name=\"author\" content=\"ctorras\" \/>\n<meta name=\"twitter:card\" content=\"summary_large_image\" \/>\n<meta name=\"twitter:label1\" content=\"Escrito por\" \/>\n\t<meta name=\"twitter:data1\" content=\"ctorras\" \/>\n\t<meta name=\"twitter:label2\" content=\"Tiempo de lectura\" \/>\n\t<meta name=\"twitter:data2\" content=\"2 minutos\" \/>\n<script type=\"application\/ld+json\" class=\"yoast-schema-graph\">{\"@context\":\"https:\/\/schema.org\",\"@graph\":[{\"@type\":\"Article\",\"@id\":\"https:\/\/distribution.audio-technica.eu\/es-es\/noticias\/el-actor-de-doblaje-de-netflix-paul-castro-jr-confia-en-audient-y-evo-para-su-home-estudio\/#article\",\"isPartOf\":{\"@id\":\"https:\/\/distribution.audio-technica.eu\/es-es\/noticias\/el-actor-de-doblaje-de-netflix-paul-castro-jr-confia-en-audient-y-evo-para-su-home-estudio\/\"},\"author\":{\"name\":\"ctorras\",\"@id\":\"https:\/\/distribution.audio-technica.eu\/es-es\/#\/schema\/person\/dbf0d33217ceab6329b4c3144742f2fb\"},\"headline\":\"El actor de doblaje de Netflix Paul Castro Jr conf\u00eda en Audient y EVO para su home estudio\",\"datePublished\":\"2021-05-25T14:31:18+00:00\",\"dateModified\":\"2023-07-31T08:25:23+00:00\",\"mainEntityOfPage\":{\"@id\":\"https:\/\/distribution.audio-technica.eu\/es-es\/noticias\/el-actor-de-doblaje-de-netflix-paul-castro-jr-confia-en-audient-y-evo-para-su-home-estudio\/\"},\"wordCount\":513,\"image\":{\"@id\":\"https:\/\/distribution.audio-technica.eu\/es-es\/noticias\/el-actor-de-doblaje-de-netflix-paul-castro-jr-confia-en-audient-y-evo-para-su-home-estudio\/#primaryimage\"},\"thumbnailUrl\":\"\/app\/uploads\/sites\/2\/WP-Audient-Paul-Castro-Jr-banner.jpg\",\"keywords\":[\"ASP880\",\"Doblaje\",\"EVO 4\",\"Home Studio\"],\"articleSection\":[\"Usuarios\"],\"inLanguage\":\"es\"},{\"@type\":\"WebPage\",\"@id\":\"https:\/\/distribution.audio-technica.eu\/es-es\/noticias\/el-actor-de-doblaje-de-netflix-paul-castro-jr-confia-en-audient-y-evo-para-su-home-estudio\/\",\"url\":\"https:\/\/distribution.audio-technica.eu\/es-es\/noticias\/el-actor-de-doblaje-de-netflix-paul-castro-jr-confia-en-audient-y-evo-para-su-home-estudio\/\",\"name\":\"El actor de doblaje de Netflix Paul Castro Jr conf\u00eda en Audient y EVO para su home estudio - Audio-Technica Iberia\",\"isPartOf\":{\"@id\":\"https:\/\/distribution.audio-technica.eu\/es-es\/#website\"},\"primaryImageOfPage\":{\"@id\":\"https:\/\/distribution.audio-technica.eu\/es-es\/noticias\/el-actor-de-doblaje-de-netflix-paul-castro-jr-confia-en-audient-y-evo-para-su-home-estudio\/#primaryimage\"},\"image\":{\"@id\":\"https:\/\/distribution.audio-technica.eu\/es-es\/noticias\/el-actor-de-doblaje-de-netflix-paul-castro-jr-confia-en-audient-y-evo-para-su-home-estudio\/#primaryimage\"},\"thumbnailUrl\":\"\/app\/uploads\/sites\/2\/WP-Audient-Paul-Castro-Jr-banner.jpg\",\"datePublished\":\"2021-05-25T14:31:18+00:00\",\"dateModified\":\"2023-07-31T08:25:23+00:00\",\"author\":{\"@id\":\"https:\/\/distribution.audio-technica.eu\/es-es\/#\/schema\/person\/dbf0d33217ceab6329b4c3144742f2fb\"},\"breadcrumb\":{\"@id\":\"https:\/\/distribution.audio-technica.eu\/es-es\/noticias\/el-actor-de-doblaje-de-netflix-paul-castro-jr-confia-en-audient-y-evo-para-su-home-estudio\/#breadcrumb\"},\"inLanguage\":\"es\",\"potentialAction\":[{\"@type\":\"ReadAction\",\"target\":[\"https:\/\/distribution.audio-technica.eu\/es-es\/noticias\/el-actor-de-doblaje-de-netflix-paul-castro-jr-confia-en-audient-y-evo-para-su-home-estudio\/\"]}]},{\"@type\":\"ImageObject\",\"inLanguage\":\"es\",\"@id\":\"https:\/\/distribution.audio-technica.eu\/es-es\/noticias\/el-actor-de-doblaje-de-netflix-paul-castro-jr-confia-en-audient-y-evo-para-su-home-estudio\/#primaryimage\",\"url\":\"\/app\/uploads\/sites\/2\/WP-Audient-Paul-Castro-Jr-banner.jpg\",\"contentUrl\":\"\/app\/uploads\/sites\/2\/WP-Audient-Paul-Castro-Jr-banner.jpg\",\"width\":640,\"height\":360},{\"@type\":\"BreadcrumbList\",\"@id\":\"https:\/\/distribution.audio-technica.eu\/es-es\/noticias\/el-actor-de-doblaje-de-netflix-paul-castro-jr-confia-en-audient-y-evo-para-su-home-estudio\/#breadcrumb\",\"itemListElement\":[{\"@type\":\"ListItem\",\"position\":1,\"name\":\"Products\",\"item\":\"https:\/\/distribution.audio-technica.eu\/es-es\/\"},{\"@type\":\"ListItem\",\"position\":2,\"name\":\"El actor de doblaje de Netflix Paul Castro Jr conf\u00eda en Audient y EVO para su home estudio\"}]},{\"@type\":\"WebSite\",\"@id\":\"https:\/\/distribution.audio-technica.eu\/es-es\/#website\",\"url\":\"https:\/\/distribution.audio-technica.eu\/es-es\/\",\"name\":\"Audio-Technica Iberia\",\"description\":\"Distribuci\u00f3n\",\"potentialAction\":[{\"@type\":\"SearchAction\",\"target\":{\"@type\":\"EntryPoint\",\"urlTemplate\":\"https:\/\/distribution.audio-technica.eu\/es-es\/?s={search_term_string}\"},\"query-input\":{\"@type\":\"PropertyValueSpecification\",\"valueRequired\":true,\"valueName\":\"search_term_string\"}}],\"inLanguage\":\"es\"},{\"@type\":\"Person\",\"@id\":\"https:\/\/distribution.audio-technica.eu\/es-es\/#\/schema\/person\/dbf0d33217ceab6329b4c3144742f2fb\",\"name\":\"ctorras\"}]}<\/script>\n<!-- \/ Yoast SEO plugin. -->","yoast_head_json":{"title":"El actor de doblaje de Netflix Paul Castro Jr conf\u00eda en Audient y EVO para su home estudio - Audio-Technica Iberia","robots":{"index":"index","follow":"follow","max-snippet":"max-snippet:-1","max-image-preview":"max-image-preview:large","max-video-preview":"max-video-preview:-1"},"canonical":"https:\/\/distribution.audio-technica.eu\/es-es\/noticias\/el-actor-de-doblaje-de-netflix-paul-castro-jr-confia-en-audient-y-evo-para-su-home-estudio\/","og_locale":"es_ES","og_type":"article","og_title":"El actor de doblaje de Netflix Paul Castro Jr conf\u00eda en Audient y EVO para su home estudio - Audio-Technica Iberia","og_description":"El actor de doblaje Paul Castro Jr. utiliz\u00f3 su Audient ASP880 durante la grabaci\u00f3n de la recientemente estrenada serie de anime de Netflix, High-Rise Invasion, en la que puso la voz al personaje secundario Rikuya Yoshida. Este es uno de sus muchos trabajos que se han convertido en sesiones de grabaci\u00f3n a distancia durante el [&hellip;]","og_url":"https:\/\/distribution.audio-technica.eu\/es-es\/noticias\/el-actor-de-doblaje-de-netflix-paul-castro-jr-confia-en-audient-y-evo-para-su-home-estudio\/","og_site_name":"Audio-Technica Iberia","article_published_time":"2021-05-25T14:31:18+00:00","article_modified_time":"2023-07-31T08:25:23+00:00","og_image":[{"width":640,"height":360,"url":"https:\/\/distribution.audio-technica.eu\/app\/uploads\/sites\/2\/WP-Audient-Paul-Castro-Jr-banner.jpg","type":"image\/jpeg"}],"author":"ctorras","twitter_card":"summary_large_image","twitter_misc":{"Escrito por":"ctorras","Tiempo de lectura":"2 minutos"},"schema":{"@context":"https:\/\/schema.org","@graph":[{"@type":"Article","@id":"https:\/\/distribution.audio-technica.eu\/es-es\/noticias\/el-actor-de-doblaje-de-netflix-paul-castro-jr-confia-en-audient-y-evo-para-su-home-estudio\/#article","isPartOf":{"@id":"https:\/\/distribution.audio-technica.eu\/es-es\/noticias\/el-actor-de-doblaje-de-netflix-paul-castro-jr-confia-en-audient-y-evo-para-su-home-estudio\/"},"author":{"name":"ctorras","@id":"https:\/\/distribution.audio-technica.eu\/es-es\/#\/schema\/person\/dbf0d33217ceab6329b4c3144742f2fb"},"headline":"El actor de doblaje de Netflix Paul Castro Jr conf\u00eda en Audient y EVO para su home estudio","datePublished":"2021-05-25T14:31:18+00:00","dateModified":"2023-07-31T08:25:23+00:00","mainEntityOfPage":{"@id":"https:\/\/distribution.audio-technica.eu\/es-es\/noticias\/el-actor-de-doblaje-de-netflix-paul-castro-jr-confia-en-audient-y-evo-para-su-home-estudio\/"},"wordCount":513,"image":{"@id":"https:\/\/distribution.audio-technica.eu\/es-es\/noticias\/el-actor-de-doblaje-de-netflix-paul-castro-jr-confia-en-audient-y-evo-para-su-home-estudio\/#primaryimage"},"thumbnailUrl":"\/app\/uploads\/sites\/2\/WP-Audient-Paul-Castro-Jr-banner.jpg","keywords":["ASP880","Doblaje","EVO 4","Home Studio"],"articleSection":["Usuarios"],"inLanguage":"es"},{"@type":"WebPage","@id":"https:\/\/distribution.audio-technica.eu\/es-es\/noticias\/el-actor-de-doblaje-de-netflix-paul-castro-jr-confia-en-audient-y-evo-para-su-home-estudio\/","url":"https:\/\/distribution.audio-technica.eu\/es-es\/noticias\/el-actor-de-doblaje-de-netflix-paul-castro-jr-confia-en-audient-y-evo-para-su-home-estudio\/","name":"El actor de doblaje de Netflix Paul Castro Jr conf\u00eda en Audient y EVO para su home estudio - Audio-Technica Iberia","isPartOf":{"@id":"https:\/\/distribution.audio-technica.eu\/es-es\/#website"},"primaryImageOfPage":{"@id":"https:\/\/distribution.audio-technica.eu\/es-es\/noticias\/el-actor-de-doblaje-de-netflix-paul-castro-jr-confia-en-audient-y-evo-para-su-home-estudio\/#primaryimage"},"image":{"@id":"https:\/\/distribution.audio-technica.eu\/es-es\/noticias\/el-actor-de-doblaje-de-netflix-paul-castro-jr-confia-en-audient-y-evo-para-su-home-estudio\/#primaryimage"},"thumbnailUrl":"\/app\/uploads\/sites\/2\/WP-Audient-Paul-Castro-Jr-banner.jpg","datePublished":"2021-05-25T14:31:18+00:00","dateModified":"2023-07-31T08:25:23+00:00","author":{"@id":"https:\/\/distribution.audio-technica.eu\/es-es\/#\/schema\/person\/dbf0d33217ceab6329b4c3144742f2fb"},"breadcrumb":{"@id":"https:\/\/distribution.audio-technica.eu\/es-es\/noticias\/el-actor-de-doblaje-de-netflix-paul-castro-jr-confia-en-audient-y-evo-para-su-home-estudio\/#breadcrumb"},"inLanguage":"es","potentialAction":[{"@type":"ReadAction","target":["https:\/\/distribution.audio-technica.eu\/es-es\/noticias\/el-actor-de-doblaje-de-netflix-paul-castro-jr-confia-en-audient-y-evo-para-su-home-estudio\/"]}]},{"@type":"ImageObject","inLanguage":"es","@id":"https:\/\/distribution.audio-technica.eu\/es-es\/noticias\/el-actor-de-doblaje-de-netflix-paul-castro-jr-confia-en-audient-y-evo-para-su-home-estudio\/#primaryimage","url":"\/app\/uploads\/sites\/2\/WP-Audient-Paul-Castro-Jr-banner.jpg","contentUrl":"\/app\/uploads\/sites\/2\/WP-Audient-Paul-Castro-Jr-banner.jpg","width":640,"height":360},{"@type":"BreadcrumbList","@id":"https:\/\/distribution.audio-technica.eu\/es-es\/noticias\/el-actor-de-doblaje-de-netflix-paul-castro-jr-confia-en-audient-y-evo-para-su-home-estudio\/#breadcrumb","itemListElement":[{"@type":"ListItem","position":1,"name":"Products","item":"https:\/\/distribution.audio-technica.eu\/es-es\/"},{"@type":"ListItem","position":2,"name":"El actor de doblaje de Netflix Paul Castro Jr conf\u00eda en Audient y EVO para su home estudio"}]},{"@type":"WebSite","@id":"https:\/\/distribution.audio-technica.eu\/es-es\/#website","url":"https:\/\/distribution.audio-technica.eu\/es-es\/","name":"Audio-Technica Iberia","description":"Distribuci\u00f3n","potentialAction":[{"@type":"SearchAction","target":{"@type":"EntryPoint","urlTemplate":"https:\/\/distribution.audio-technica.eu\/es-es\/?s={search_term_string}"},"query-input":{"@type":"PropertyValueSpecification","valueRequired":true,"valueName":"search_term_string"}}],"inLanguage":"es"},{"@type":"Person","@id":"https:\/\/distribution.audio-technica.eu\/es-es\/#\/schema\/person\/dbf0d33217ceab6329b4c3144742f2fb","name":"ctorras"}]}},"_links":{"self":[{"href":"https:\/\/distribution.audio-technica.eu\/es-es\/wp-json\/wp\/v2\/posts\/24209","targetHints":{"allow":["GET"]}}],"collection":[{"href":"https:\/\/distribution.audio-technica.eu\/es-es\/wp-json\/wp\/v2\/posts"}],"about":[{"href":"https:\/\/distribution.audio-technica.eu\/es-es\/wp-json\/wp\/v2\/types\/post"}],"author":[{"embeddable":true,"href":"https:\/\/distribution.audio-technica.eu\/es-es\/wp-json\/wp\/v2\/users\/2"}],"replies":[{"embeddable":true,"href":"https:\/\/distribution.audio-technica.eu\/es-es\/wp-json\/wp\/v2\/comments?post=24209"}],"version-history":[{"count":1,"href":"https:\/\/distribution.audio-technica.eu\/es-es\/wp-json\/wp\/v2\/posts\/24209\/revisions"}],"predecessor-version":[{"id":24214,"href":"https:\/\/distribution.audio-technica.eu\/es-es\/wp-json\/wp\/v2\/posts\/24209\/revisions\/24214"}],"wp:featuredmedia":[{"embeddable":true,"href":"https:\/\/distribution.audio-technica.eu\/es-es\/wp-json\/wp\/v2\/media\/24213"}],"wp:attachment":[{"href":"https:\/\/distribution.audio-technica.eu\/es-es\/wp-json\/wp\/v2\/media?parent=24209"}],"wp:term":[{"taxonomy":"category","embeddable":true,"href":"https:\/\/distribution.audio-technica.eu\/es-es\/wp-json\/wp\/v2\/categories?post=24209"},{"taxonomy":"post_tag","embeddable":true,"href":"https:\/\/distribution.audio-technica.eu\/es-es\/wp-json\/wp\/v2\/tags?post=24209"}],"curies":[{"name":"wp","href":"https:\/\/api.w.org\/{rel}","templated":true}]}}