{"id":245,"date":"2015-06-10T19:08:14","date_gmt":"2015-06-10T17:08:14","guid":{"rendered":"http:\/\/noticias.audio-technica.es\/?p=245"},"modified":"2023-07-31T11:34:54","modified_gmt":"2023-07-31T09:34:54","slug":"una-sala-conferencias-altavoces-genelec-gestion-idr-allen-heath","status":"publish","type":"post","link":"https:\/\/distribution.audio-technica.eu\/es-es\/noticias\/una-sala-conferencias-altavoces-genelec-gestion-idr-allen-heath\/","title":{"rendered":"Una sala de conferencias con altavoces Genelec y gesti\u00f3n iDR de Allen &amp; Heath"},"content":{"rendered":"<h2>La mutua IBERMUTUAMUR acaba de instalar en la sala de conferencias de su sede central en Valladolid un sistema de sonido de alta calidad que incluye monitores Genelec, gestionados por un sistema de mezcla y procesado de audio basado en DSP iDR de Allen &amp; Heath.<\/h2>\n<p><img loading=\"lazy\" decoding=\"async\" class=\"aligncenter size-full wp-image-241\" src=\"http:\/\/noticias.audio-technica.es\/wp-content\/uploads\/genelec_allen_ibermutuamur_01.jpg\" alt=\"genelec_allen_ibermutuamur_01\" width=\"640\" height=\"313\" \/><\/p>\n<p>La sala de conferencias de la mutua IBERMUTUAMUR tiene capacidad para 130 personas sentadas. Cuando se decidi\u00f3 modernizar su sistema de sonorizaci\u00f3n, sus responsables pusieron especial \u00e9nfasis en su deseo de contar con un equipamiento que fuera capaz de proporcionar una reproducci\u00f3n de la voz con la m\u00e1xima claridad. As\u00ed Hoyman, la empresa encargada de llevar adelante el proyecto de modernizaci\u00f3n, propuso la utilizaci\u00f3n de monitores biamplificados Genelec suspendidos del techo, gestionados desde un sistema de mezcla y procesado de audio basado en DSP iDR de Allen &amp; Heath. Para facilitar el manejo de equipo a personal con poca experiencia t\u00e9cnica, tambi\u00e9n se instal\u00f3 una unidad PL-10 de Allen &amp; Heath, un interface compacto de mezcla que permite realizar mezclas con el Sistema iDR.<\/p>\n<p>Seg\u00fan comenta Lu\u00eds del Hoyo, gerente de la empresa, \u201c<em>hemos decidido apostar por Genelec porque uno de nuestros principales retos era la necesidad de lograr una gran inteligibilidad en la palabra, dado que \u00e9sta es la principal actividad que se desarrolla en esta sala<\/em>\u201d. Con anterioridad, la sonorizaci\u00f3n de esta sala estaba gestionada por un sistema de sonido de caracter\u00edsticas pr\u00e1cticamente dom\u00e9sticas. \u201c<em>El cambio en la calidad de sonido ha sido espectacular<\/em>,\u201d afirma con rotundidad.<\/p>\n<p>El <a href=\"http:\/\/eu.audio-technica.com\/brands\/genelec\/recintos-autoamplificados-instalacion\/4030B?lang=es\" target=\"_blank\" rel=\"noopener\">4030B<\/a> de Genelec es un potente y compacto altavoz biamplificado, ideal para instalaciones comerciales de tama\u00f1o peque\u00f1o o medio, que incorpora un altavoz de graves de 5\u201d y una unidad de agudos de \u00be\u201d con c\u00fapula met\u00e1lica y guiaondas DCW.<\/p>\n<p>Su recinto MDE\u2122 (Minimum Diffraction Enclosure\u2122) dispone de bordes redondeados y un frontal y parte posterior ligeramente curvados que consiguen una respuesta en frecuencia muy uniforme y una excelente imagen, con una difracci\u00f3n m\u00ednima.<\/p>\n<p>El 4030B incorpora tambi\u00e9n el avanzado Directivity Control Waveguide\u2122 (DCW\u2122), desarrollado por Genelec, un dise\u00f1o de puerto r\u00e9flex optimizado, y una estructura optimizada de aluminio.<\/p>\n<p>Sus transductores de baja distorsi\u00f3n est\u00e1n alimentados por amplificadores especializados, despu\u00e9s de un sofisticado proceso de filtrado. Tambi\u00e9n disponen de blindaje magn\u00e9tico, circuito de protecci\u00f3n frente a sobrecarga y vers\u00e1tiles controles sobre la respuesta de la unidad a los diferentes entornos ac\u00fasticos. Tambi\u00e9n cuentan con el sistema de gesti\u00f3n de potencia Intelligent Signal Sensing ISS\u2122, que hace que el altavoz entre en modo \u201cen espera\u201d en ausencia de la se\u00f1al de entrada. El consumo de potencia en este modo es menos de 0,5W.<\/p>\n<p><img loading=\"lazy\" decoding=\"async\" class=\"size-full wp-image-243 alignleft\" src=\"http:\/\/noticias.audio-technica.es\/wp-content\/uploads\/genelec_allen_ibermutuamur_05.jpg\" alt=\"Una sala de conferencias con altavoces Genelec\" width=\"300\" height=\"400\" srcset=\"https:\/\/distribution.audio-technica.eu\/app\/uploads\/sites\/2\/genelec_allen_ibermutuamur_05.jpg 300w, https:\/\/distribution.audio-technica.eu\/app\/uploads\/sites\/2\/genelec_allen_ibermutuamur_05-225x300.jpg 225w, https:\/\/distribution.audio-technica.eu\/app\/uploads\/sites\/2\/genelec_allen_ibermutuamur_05-200x267.jpg 200w\" sizes=\"auto, (max-width: 300px) 100vw, 300px\" \/><a href=\"http:\/\/eu.audio-technica.com\/brands\/allenheath\/ah-por-series\/Serie-iDR?lang=es\" target=\"_blank\" rel=\"noopener\">iDR<\/a> es un sistema de mezcla y procesado basado en DSP (Procesado Digital de la Se\u00f1al), a la vez que una soluci\u00f3n ideal para aplicaciones de instalaci\u00f3n permanente y sonorizaci\u00f3n en directo. Es f\u00e1cilmente ampliable y posee una amplia gama de accesorios y opciones de control remoto. El instalador o usuario escoge la combinaci\u00f3n de equipos m\u00e1s adecuada de la gama iDR, que le permita crear un sistema de distribuci\u00f3n, procesado y control a medida de cada cliente. El manejo diario de la instalaci\u00f3n a nivel de usuario es incre\u00edblemente sencillo y flexible, con una amplia gama de paneles murales y otros controles remotos disponibles. Gracias a su sofisticado dise\u00f1o basado en DSP y sus conversores anal\u00f3gico \/ digital de alta calidad, iDR es capaz de suministrar una calidad de audio sin precedentes.<\/p>\n<p><a href=\"http:\/\/eu.audio-technica.com\/brands\/allenheath\/ah-por-series\/Serie-PL\/PL-10?lang=es\" target=\"_blank\" rel=\"noopener\">PL-10<\/a> es un interface compacto de mezcla que permite realizar mezclas con el Sistema iDR. Puede ser ajustado para controlar diferentes mezclas, y cuenta con medidores LED, que permiten controlar en todo momento los niveles, y ocho codificadores rotativos. El PL-10 se conecta con el puerto serie PL-Anet de Allen &amp; Heath, lo que permite encadenar m\u00faltiples unidades PL-10, conjuntamente con otras unidades compatibles PL-Anet, utilizando un cable CAT-5. Los m\u00faltiples controles que incorporan pueden ser configurados para realizar diferentes funciones.<\/p>\n<p><em><a href=\"https:\/\/www.ibermutuamur.es\/\" target=\"_blank\" rel=\"noopener\">Ibermutuamur<\/a> es una Mutua Colaboradora con la Seguridad Social de \u00e1mbito nacional\u00a0que\u00a0inici\u00f3 su gesti\u00f3n en 1926. La entidad actual es el resultado de la integraci\u00f3n de varias Mutuas de \u00e1mbito provincial y regional, configur\u00e1ndose hoy como una\u00a0de las primeras mutuas de Espa\u00f1a.<\/em><\/p>\n<p><em><a href=\"http:\/\/hoyman.es\/\" target=\"_blank\" rel=\"noopener\">Hoyman<\/a> es una empresa fundada en 1.960, y que desde sus inicios ha estado dedicada al sector de la imagen y al sonido. En la actualidad, adem\u00e1s de su extensa actividad en el terreno de las instalaciones profesionales de audio y v\u00eddeo, tambi\u00e9n comercializa equipos de imagen y sonido, siempre dentro de una cuidadosa selecci\u00f3n de marcas, tanto en sus tiendas de Valladolid, como a trav\u00e9s de su tienda on-line.<\/em><\/p>\n<p>&nbsp;<\/p>\n<p><a href=\"http:\/\/eu.audio-technica.com\/brands\/genelec\/recintos-autoamplificados-instalacion\/4030B?lang=es\" target=\"_blank\" rel=\"noopener\">M\u00e1s informaci\u00f3n sobre Genelec 4030B<\/a><\/p>\n<p><a href=\"http:\/\/eu.audio-technica.com\/brands\/allenheath\/ah-por-series\/Serie-iDR?lang=es\" target=\"_blank\" rel=\"noopener\">M\u00e1s informaci\u00f3n sobre el sistema iDR de Allen &amp; Heath<\/a><\/p>\n","protected":false},"excerpt":{"rendered":"<p>La mutua IBERMUTUAMUR acaba de instalar en la sala de conferencias de su sede central en Valladolid un sistema de sonido de alta calidad que incluye monitores Genelec, gestionados por un sistema de mezcla y procesado de audio basado en DSP iDR de Allen &amp; Heath. La sala de conferencias de la mutua IBERMUTUAMUR tiene [&hellip;]<\/p>\n","protected":false},"author":1,"featured_media":326,"comment_status":"closed","ping_status":"closed","sticky":false,"template":"","format":"standard","meta":{"_acf_changed":false,"footnotes":""},"categories":[2460],"tags":[1561,1562,1563],"class_list":["post-245","post","type-post","status-publish","format-standard","has-post-thumbnail","hentry","category-instalaciones","tag-4030b","tag-idr","tag-sala-de-conferencias"],"acf":[],"yoast_head":"<!-- This site is optimized with the Yoast SEO plugin v27.1.1 - https:\/\/yoast.com\/product\/yoast-seo-wordpress\/ -->\n<title>Una sala de conferencias con altavoces Genelec y gesti\u00f3n iDR de Allen &amp; Heath - Audio-Technica Iberia<\/title>\n<meta name=\"robots\" content=\"index, follow, max-snippet:-1, max-image-preview:large, max-video-preview:-1\" \/>\n<link rel=\"canonical\" href=\"https:\/\/distribution.audio-technica.eu\/es-es\/noticias\/una-sala-conferencias-altavoces-genelec-gestion-idr-allen-heath\/\" \/>\n<meta property=\"og:locale\" content=\"es_ES\" \/>\n<meta property=\"og:type\" content=\"article\" \/>\n<meta property=\"og:title\" content=\"Una sala de conferencias con altavoces Genelec y gesti\u00f3n iDR de Allen &amp; Heath - Audio-Technica Iberia\" \/>\n<meta property=\"og:description\" content=\"La mutua IBERMUTUAMUR acaba de instalar en la sala de conferencias de su sede central en Valladolid un sistema de sonido de alta calidad que incluye monitores Genelec, gestionados por un sistema de mezcla y procesado de audio basado en DSP iDR de Allen &amp; Heath. La sala de conferencias de la mutua IBERMUTUAMUR tiene [&hellip;]\" \/>\n<meta property=\"og:url\" content=\"https:\/\/distribution.audio-technica.eu\/es-es\/noticias\/una-sala-conferencias-altavoces-genelec-gestion-idr-allen-heath\/\" \/>\n<meta property=\"og:site_name\" content=\"Audio-Technica Iberia\" \/>\n<meta property=\"article:published_time\" content=\"2015-06-10T17:08:14+00:00\" \/>\n<meta property=\"article:modified_time\" content=\"2023-07-31T09:34:54+00:00\" \/>\n<meta property=\"og:image\" content=\"https:\/\/distribution.audio-technica.eu\/app\/uploads\/sites\/2\/Dgenelec_allen_ibermutuamur_02.jpg\" \/>\n\t<meta property=\"og:image:width\" content=\"640\" \/>\n\t<meta property=\"og:image:height\" content=\"360\" \/>\n\t<meta property=\"og:image:type\" content=\"image\/jpeg\" \/>\n<meta name=\"author\" content=\"Audio-Technica\" \/>\n<meta name=\"twitter:card\" content=\"summary_large_image\" \/>\n<meta name=\"twitter:label1\" content=\"Escrito por\" \/>\n\t<meta name=\"twitter:data1\" content=\"Audio-Technica\" \/>\n\t<meta name=\"twitter:label2\" content=\"Tiempo de lectura\" \/>\n\t<meta name=\"twitter:data2\" content=\"4 minutos\" \/>\n<script type=\"application\/ld+json\" class=\"yoast-schema-graph\">{\"@context\":\"https:\/\/schema.org\",\"@graph\":[{\"@type\":\"Article\",\"@id\":\"https:\/\/distribution.audio-technica.eu\/es-es\/noticias\/una-sala-conferencias-altavoces-genelec-gestion-idr-allen-heath\/#article\",\"isPartOf\":{\"@id\":\"https:\/\/distribution.audio-technica.eu\/es-es\/noticias\/una-sala-conferencias-altavoces-genelec-gestion-idr-allen-heath\/\"},\"author\":{\"name\":\"Audio-Technica\",\"@id\":\"https:\/\/distribution.audio-technica.eu\/es-es\/#\/schema\/person\/e8e715e047e33cc425e816f59cbd9b80\"},\"headline\":\"Una sala de conferencias con altavoces Genelec y gesti\u00f3n iDR de Allen &amp; Heath\",\"datePublished\":\"2015-06-10T17:08:14+00:00\",\"dateModified\":\"2023-07-31T09:34:54+00:00\",\"mainEntityOfPage\":{\"@id\":\"https:\/\/distribution.audio-technica.eu\/es-es\/noticias\/una-sala-conferencias-altavoces-genelec-gestion-idr-allen-heath\/\"},\"wordCount\":842,\"image\":{\"@id\":\"https:\/\/distribution.audio-technica.eu\/es-es\/noticias\/una-sala-conferencias-altavoces-genelec-gestion-idr-allen-heath\/#primaryimage\"},\"thumbnailUrl\":\"\/app\/uploads\/sites\/2\/Dgenelec_allen_ibermutuamur_02.jpg\",\"keywords\":[\"4030B\",\"idr\",\"sala de conferencias\"],\"articleSection\":[\"Instalaciones\"],\"inLanguage\":\"es\"},{\"@type\":\"WebPage\",\"@id\":\"https:\/\/distribution.audio-technica.eu\/es-es\/noticias\/una-sala-conferencias-altavoces-genelec-gestion-idr-allen-heath\/\",\"url\":\"https:\/\/distribution.audio-technica.eu\/es-es\/noticias\/una-sala-conferencias-altavoces-genelec-gestion-idr-allen-heath\/\",\"name\":\"Una sala de conferencias con altavoces Genelec y gesti\u00f3n iDR de Allen &amp; Heath - Audio-Technica Iberia\",\"isPartOf\":{\"@id\":\"https:\/\/distribution.audio-technica.eu\/es-es\/#website\"},\"primaryImageOfPage\":{\"@id\":\"https:\/\/distribution.audio-technica.eu\/es-es\/noticias\/una-sala-conferencias-altavoces-genelec-gestion-idr-allen-heath\/#primaryimage\"},\"image\":{\"@id\":\"https:\/\/distribution.audio-technica.eu\/es-es\/noticias\/una-sala-conferencias-altavoces-genelec-gestion-idr-allen-heath\/#primaryimage\"},\"thumbnailUrl\":\"\/app\/uploads\/sites\/2\/Dgenelec_allen_ibermutuamur_02.jpg\",\"datePublished\":\"2015-06-10T17:08:14+00:00\",\"dateModified\":\"2023-07-31T09:34:54+00:00\",\"author\":{\"@id\":\"https:\/\/distribution.audio-technica.eu\/es-es\/#\/schema\/person\/e8e715e047e33cc425e816f59cbd9b80\"},\"breadcrumb\":{\"@id\":\"https:\/\/distribution.audio-technica.eu\/es-es\/noticias\/una-sala-conferencias-altavoces-genelec-gestion-idr-allen-heath\/#breadcrumb\"},\"inLanguage\":\"es\",\"potentialAction\":[{\"@type\":\"ReadAction\",\"target\":[\"https:\/\/distribution.audio-technica.eu\/es-es\/noticias\/una-sala-conferencias-altavoces-genelec-gestion-idr-allen-heath\/\"]}]},{\"@type\":\"ImageObject\",\"inLanguage\":\"es\",\"@id\":\"https:\/\/distribution.audio-technica.eu\/es-es\/noticias\/una-sala-conferencias-altavoces-genelec-gestion-idr-allen-heath\/#primaryimage\",\"url\":\"\/app\/uploads\/sites\/2\/Dgenelec_allen_ibermutuamur_02.jpg\",\"contentUrl\":\"\/app\/uploads\/sites\/2\/Dgenelec_allen_ibermutuamur_02.jpg\",\"width\":640,\"height\":360,\"caption\":\"Una sala de conferencias con altavoces Genelec\"},{\"@type\":\"BreadcrumbList\",\"@id\":\"https:\/\/distribution.audio-technica.eu\/es-es\/noticias\/una-sala-conferencias-altavoces-genelec-gestion-idr-allen-heath\/#breadcrumb\",\"itemListElement\":[{\"@type\":\"ListItem\",\"position\":1,\"name\":\"Products\",\"item\":\"https:\/\/distribution.audio-technica.eu\/es-es\/\"},{\"@type\":\"ListItem\",\"position\":2,\"name\":\"Una sala de conferencias con altavoces Genelec y gesti\u00f3n iDR de Allen &amp; Heath\"}]},{\"@type\":\"WebSite\",\"@id\":\"https:\/\/distribution.audio-technica.eu\/es-es\/#website\",\"url\":\"https:\/\/distribution.audio-technica.eu\/es-es\/\",\"name\":\"Audio-Technica Iberia\",\"description\":\"Distribuci\u00f3n\",\"potentialAction\":[{\"@type\":\"SearchAction\",\"target\":{\"@type\":\"EntryPoint\",\"urlTemplate\":\"https:\/\/distribution.audio-technica.eu\/es-es\/?s={search_term_string}\"},\"query-input\":{\"@type\":\"PropertyValueSpecification\",\"valueRequired\":true,\"valueName\":\"search_term_string\"}}],\"inLanguage\":\"es\"},{\"@type\":\"Person\",\"@id\":\"https:\/\/distribution.audio-technica.eu\/es-es\/#\/schema\/person\/e8e715e047e33cc425e816f59cbd9b80\",\"name\":\"Audio-Technica\"}]}<\/script>\n<!-- \/ Yoast SEO plugin. -->","yoast_head_json":{"title":"Una sala de conferencias con altavoces Genelec y gesti\u00f3n iDR de Allen &amp; Heath - Audio-Technica Iberia","robots":{"index":"index","follow":"follow","max-snippet":"max-snippet:-1","max-image-preview":"max-image-preview:large","max-video-preview":"max-video-preview:-1"},"canonical":"https:\/\/distribution.audio-technica.eu\/es-es\/noticias\/una-sala-conferencias-altavoces-genelec-gestion-idr-allen-heath\/","og_locale":"es_ES","og_type":"article","og_title":"Una sala de conferencias con altavoces Genelec y gesti\u00f3n iDR de Allen &amp; Heath - Audio-Technica Iberia","og_description":"La mutua IBERMUTUAMUR acaba de instalar en la sala de conferencias de su sede central en Valladolid un sistema de sonido de alta calidad que incluye monitores Genelec, gestionados por un sistema de mezcla y procesado de audio basado en DSP iDR de Allen &amp; Heath. La sala de conferencias de la mutua IBERMUTUAMUR tiene [&hellip;]","og_url":"https:\/\/distribution.audio-technica.eu\/es-es\/noticias\/una-sala-conferencias-altavoces-genelec-gestion-idr-allen-heath\/","og_site_name":"Audio-Technica Iberia","article_published_time":"2015-06-10T17:08:14+00:00","article_modified_time":"2023-07-31T09:34:54+00:00","og_image":[{"width":640,"height":360,"url":"https:\/\/distribution.audio-technica.eu\/app\/uploads\/sites\/2\/Dgenelec_allen_ibermutuamur_02.jpg","type":"image\/jpeg"}],"author":"Audio-Technica","twitter_card":"summary_large_image","twitter_misc":{"Escrito por":"Audio-Technica","Tiempo de lectura":"4 minutos"},"schema":{"@context":"https:\/\/schema.org","@graph":[{"@type":"Article","@id":"https:\/\/distribution.audio-technica.eu\/es-es\/noticias\/una-sala-conferencias-altavoces-genelec-gestion-idr-allen-heath\/#article","isPartOf":{"@id":"https:\/\/distribution.audio-technica.eu\/es-es\/noticias\/una-sala-conferencias-altavoces-genelec-gestion-idr-allen-heath\/"},"author":{"name":"Audio-Technica","@id":"https:\/\/distribution.audio-technica.eu\/es-es\/#\/schema\/person\/e8e715e047e33cc425e816f59cbd9b80"},"headline":"Una sala de conferencias con altavoces Genelec y gesti\u00f3n iDR de Allen &amp; Heath","datePublished":"2015-06-10T17:08:14+00:00","dateModified":"2023-07-31T09:34:54+00:00","mainEntityOfPage":{"@id":"https:\/\/distribution.audio-technica.eu\/es-es\/noticias\/una-sala-conferencias-altavoces-genelec-gestion-idr-allen-heath\/"},"wordCount":842,"image":{"@id":"https:\/\/distribution.audio-technica.eu\/es-es\/noticias\/una-sala-conferencias-altavoces-genelec-gestion-idr-allen-heath\/#primaryimage"},"thumbnailUrl":"\/app\/uploads\/sites\/2\/Dgenelec_allen_ibermutuamur_02.jpg","keywords":["4030B","idr","sala de conferencias"],"articleSection":["Instalaciones"],"inLanguage":"es"},{"@type":"WebPage","@id":"https:\/\/distribution.audio-technica.eu\/es-es\/noticias\/una-sala-conferencias-altavoces-genelec-gestion-idr-allen-heath\/","url":"https:\/\/distribution.audio-technica.eu\/es-es\/noticias\/una-sala-conferencias-altavoces-genelec-gestion-idr-allen-heath\/","name":"Una sala de conferencias con altavoces Genelec y gesti\u00f3n iDR de Allen &amp; Heath - Audio-Technica Iberia","isPartOf":{"@id":"https:\/\/distribution.audio-technica.eu\/es-es\/#website"},"primaryImageOfPage":{"@id":"https:\/\/distribution.audio-technica.eu\/es-es\/noticias\/una-sala-conferencias-altavoces-genelec-gestion-idr-allen-heath\/#primaryimage"},"image":{"@id":"https:\/\/distribution.audio-technica.eu\/es-es\/noticias\/una-sala-conferencias-altavoces-genelec-gestion-idr-allen-heath\/#primaryimage"},"thumbnailUrl":"\/app\/uploads\/sites\/2\/Dgenelec_allen_ibermutuamur_02.jpg","datePublished":"2015-06-10T17:08:14+00:00","dateModified":"2023-07-31T09:34:54+00:00","author":{"@id":"https:\/\/distribution.audio-technica.eu\/es-es\/#\/schema\/person\/e8e715e047e33cc425e816f59cbd9b80"},"breadcrumb":{"@id":"https:\/\/distribution.audio-technica.eu\/es-es\/noticias\/una-sala-conferencias-altavoces-genelec-gestion-idr-allen-heath\/#breadcrumb"},"inLanguage":"es","potentialAction":[{"@type":"ReadAction","target":["https:\/\/distribution.audio-technica.eu\/es-es\/noticias\/una-sala-conferencias-altavoces-genelec-gestion-idr-allen-heath\/"]}]},{"@type":"ImageObject","inLanguage":"es","@id":"https:\/\/distribution.audio-technica.eu\/es-es\/noticias\/una-sala-conferencias-altavoces-genelec-gestion-idr-allen-heath\/#primaryimage","url":"\/app\/uploads\/sites\/2\/Dgenelec_allen_ibermutuamur_02.jpg","contentUrl":"\/app\/uploads\/sites\/2\/Dgenelec_allen_ibermutuamur_02.jpg","width":640,"height":360,"caption":"Una sala de conferencias con altavoces Genelec"},{"@type":"BreadcrumbList","@id":"https:\/\/distribution.audio-technica.eu\/es-es\/noticias\/una-sala-conferencias-altavoces-genelec-gestion-idr-allen-heath\/#breadcrumb","itemListElement":[{"@type":"ListItem","position":1,"name":"Products","item":"https:\/\/distribution.audio-technica.eu\/es-es\/"},{"@type":"ListItem","position":2,"name":"Una sala de conferencias con altavoces Genelec y gesti\u00f3n iDR de Allen &amp; Heath"}]},{"@type":"WebSite","@id":"https:\/\/distribution.audio-technica.eu\/es-es\/#website","url":"https:\/\/distribution.audio-technica.eu\/es-es\/","name":"Audio-Technica Iberia","description":"Distribuci\u00f3n","potentialAction":[{"@type":"SearchAction","target":{"@type":"EntryPoint","urlTemplate":"https:\/\/distribution.audio-technica.eu\/es-es\/?s={search_term_string}"},"query-input":{"@type":"PropertyValueSpecification","valueRequired":true,"valueName":"search_term_string"}}],"inLanguage":"es"},{"@type":"Person","@id":"https:\/\/distribution.audio-technica.eu\/es-es\/#\/schema\/person\/e8e715e047e33cc425e816f59cbd9b80","name":"Audio-Technica"}]}},"_links":{"self":[{"href":"https:\/\/distribution.audio-technica.eu\/es-es\/wp-json\/wp\/v2\/posts\/245","targetHints":{"allow":["GET"]}}],"collection":[{"href":"https:\/\/distribution.audio-technica.eu\/es-es\/wp-json\/wp\/v2\/posts"}],"about":[{"href":"https:\/\/distribution.audio-technica.eu\/es-es\/wp-json\/wp\/v2\/types\/post"}],"author":[{"embeddable":true,"href":"https:\/\/distribution.audio-technica.eu\/es-es\/wp-json\/wp\/v2\/users\/1"}],"replies":[{"embeddable":true,"href":"https:\/\/distribution.audio-technica.eu\/es-es\/wp-json\/wp\/v2\/comments?post=245"}],"version-history":[{"count":2,"href":"https:\/\/distribution.audio-technica.eu\/es-es\/wp-json\/wp\/v2\/posts\/245\/revisions"}],"predecessor-version":[{"id":27152,"href":"https:\/\/distribution.audio-technica.eu\/es-es\/wp-json\/wp\/v2\/posts\/245\/revisions\/27152"}],"wp:featuredmedia":[{"embeddable":true,"href":"https:\/\/distribution.audio-technica.eu\/es-es\/wp-json\/wp\/v2\/media\/326"}],"wp:attachment":[{"href":"https:\/\/distribution.audio-technica.eu\/es-es\/wp-json\/wp\/v2\/media?parent=245"}],"wp:term":[{"taxonomy":"category","embeddable":true,"href":"https:\/\/distribution.audio-technica.eu\/es-es\/wp-json\/wp\/v2\/categories?post=245"},{"taxonomy":"post_tag","embeddable":true,"href":"https:\/\/distribution.audio-technica.eu\/es-es\/wp-json\/wp\/v2\/tags?post=245"}],"curies":[{"name":"wp","href":"https:\/\/api.w.org\/{rel}","templated":true}]}}