{"id":24540,"date":"2021-07-13T16:09:44","date_gmt":"2021-07-13T14:09:44","guid":{"rendered":"https:\/\/atdb-production.studiograft.dev\/es\/?p=24540"},"modified":"2023-10-17T18:06:59","modified_gmt":"2023-10-17T16:06:59","slug":"la-real-orquesta-sinfonica-de-sevilla-confia-en-los-microfonos-de-audio-technica","status":"publish","type":"post","link":"https:\/\/distribution.audio-technica.eu\/es-es\/noticias\/la-real-orquesta-sinfonica-de-sevilla-confia-en-los-microfonos-de-audio-technica\/","title":{"rendered":"La Real Orquesta Sinf\u00f3nica de Sevilla conf\u00eda en los micr\u00f3fonos de Audio-Technica"},"content":{"rendered":"<h2>La Real Orquesta Sinf\u00f3nica de Sevilla (ROSS) utiliza micr\u00f3fonos Audio-Technica tanto en sus conciertos como para la grabaci\u00f3n de todo el material audiovisual difundido a trav\u00e9s de su plataforma ROSS TV, en la que se pueden encontrar tanto los conciertos ofrecidos por esta orquesta, como todo tipo de contenido audiovisual, incluyendo formaci\u00f3n y documentales.<\/h2>\n<p><a href=\"https:\/\/distribution.audio-technica.eu\/es\/wp-content\/uploads\/sites\/2\/WP-NdP-AT-ROSS-10.jpg\"><img loading=\"lazy\" decoding=\"async\" class=\"aligncenter size-fusion-800 wp-image-24539\" src=\"\/es\/wp-content\/uploads\/sites\/2\/WP-NdP-AT-ROSS-10-800x534.jpg\" alt=\"\" width=\"800\" height=\"534\" srcset=\"https:\/\/distribution.audio-technica.eu\/app\/uploads\/sites\/2\/WP-NdP-AT-ROSS-10-800x534.jpg 800w, https:\/\/distribution.audio-technica.eu\/app\/uploads\/sites\/2\/WP-NdP-AT-ROSS-10-300x200.jpg 300w, https:\/\/distribution.audio-technica.eu\/app\/uploads\/sites\/2\/WP-NdP-AT-ROSS-10-1024x683.jpg 1024w, https:\/\/distribution.audio-technica.eu\/app\/uploads\/sites\/2\/WP-NdP-AT-ROSS-10-150x100.jpg 150w, https:\/\/distribution.audio-technica.eu\/app\/uploads\/sites\/2\/WP-NdP-AT-ROSS-10-768x513.jpg 768w, https:\/\/distribution.audio-technica.eu\/app\/uploads\/sites\/2\/WP-NdP-AT-ROSS-10-200x133.jpg 200w, https:\/\/distribution.audio-technica.eu\/app\/uploads\/sites\/2\/WP-NdP-AT-ROSS-10-400x267.jpg 400w, https:\/\/distribution.audio-technica.eu\/app\/uploads\/sites\/2\/WP-NdP-AT-ROSS-10-600x400.jpg 600w, https:\/\/distribution.audio-technica.eu\/app\/uploads\/sites\/2\/WP-NdP-AT-ROSS-10-1200x801.jpg 1200w, https:\/\/distribution.audio-technica.eu\/app\/uploads\/sites\/2\/WP-NdP-AT-ROSS-10.jpg 1500w\" sizes=\"auto, (max-width: 800px) 100vw, 800px\" \/><\/a><\/p>\n<p>Jos\u00e9 Luis M\u00e1rmol (<a href=\"https:\/\/www.facebook.com\/ReservedSounds\/\" target=\"_blank\" rel=\"noopener noreferrer\">Reserved Sounds<\/a>) es el t\u00e9cnico encargado de la producci\u00f3n de todo este material. Su experiencia abarca 30 a\u00f1os de actividad, durante la que ha tenido la oportunidad de grabar todo tipo de estilos musicales, aunque destaca especialmente su actividad en el mundo de la M\u00fasica Cl\u00e1sica y el Flamenco.<\/p>\n<p>Especializado en microfon\u00eda, su larga experiencia le ha dado la oportunidad de probar todo tipo de micr\u00f3fonos en todo tipo de estilos, incluida la pr\u00e1ctica totalidad del cat\u00e1logo de Audio-Technica. Hace ya mucho tiempo que decidi\u00f3 depositar su plena confianza en los micr\u00f3fonos de Audio-Technica. Seg\u00fan sus propias palabras, su elecci\u00f3n se basa principalmente en la alt\u00edsima fidelidad sonora que consiguen, algo b\u00e1sico para el tipo de m\u00fasica que suele sonorizar.<\/p>\n<p>Aparte de una excepcional transparencia sonora, otro de los requisitos que precisa su trabajo en el mundo sinf\u00f3nico es la invisibilidad de los micr\u00f3fonos: \u00e9stos deben estar colocados en el lugar preciso, pero sin interferir visualmente. Por ello, el <a href=\"https:\/\/www.audio-technica.com\/es-es\/atm450\" target=\"_blank\" rel=\"noopener noreferrer\">ATM450<\/a>, del que utiliza actualmente hasta 16 unidades, cumple con los requisitos. Este micr\u00f3fono cardioide de condensador presenta un innovador dise\u00f1o de captaci\u00f3n lateral que ofrece interminables opciones de posicionamiento y m\u00ednimas obstrucciones.<\/p>\n<p>El ATM450 le permite sectorizar la orquesta, construyendo &#8216;burbujas&#8217; de sonido que cubren zonas concretas y que, posteriormente, facilitan la mezcla siguiendo las directrices del director. El resultado es un sonido excepcional.<\/p>\n<p><a href=\"https:\/\/distribution.audio-technica.eu\/es\/wp-content\/uploads\/sites\/2\/WP-NdP-AT-ROSS-5.jpg\"><img loading=\"lazy\" decoding=\"async\" class=\"aligncenter wp-image-24534 size-fusion-800\" src=\"\/es\/wp-content\/uploads\/sites\/2\/WP-NdP-AT-ROSS-5-800x1199.jpg\" alt=\"\" width=\"800\" height=\"1199\" srcset=\"https:\/\/distribution.audio-technica.eu\/app\/uploads\/sites\/2\/WP-NdP-AT-ROSS-5-800x1199.jpg 800w, https:\/\/distribution.audio-technica.eu\/app\/uploads\/sites\/2\/WP-NdP-AT-ROSS-5-200x300.jpg 200w, https:\/\/distribution.audio-technica.eu\/app\/uploads\/sites\/2\/WP-NdP-AT-ROSS-5-683x1024.jpg 683w, https:\/\/distribution.audio-technica.eu\/app\/uploads\/sites\/2\/WP-NdP-AT-ROSS-5-100x150.jpg 100w, https:\/\/distribution.audio-technica.eu\/app\/uploads\/sites\/2\/WP-NdP-AT-ROSS-5-768x1151.jpg 768w, https:\/\/distribution.audio-technica.eu\/app\/uploads\/sites\/2\/WP-NdP-AT-ROSS-5-400x599.jpg 400w, https:\/\/distribution.audio-technica.eu\/app\/uploads\/sites\/2\/WP-NdP-AT-ROSS-5-600x899.jpg 600w, https:\/\/distribution.audio-technica.eu\/app\/uploads\/sites\/2\/WP-NdP-AT-ROSS-5.jpg 1001w\" sizes=\"auto, (max-width: 800px) 100vw, 800px\" \/><\/a><\/p>\n<p>Jos\u00e9 Luis M\u00e1rmol afirma tambi\u00e9n que, para conseguir el sonido fiel que busca, tambi\u00e9n dedica mucha atenci\u00f3n a un correcto y cuidadoso mantenimiento de todos sus micr\u00f3fonos, como la sustituci\u00f3n peri\u00f3dica de los diafragmas o su conservaci\u00f3n en condiciones de temperatura estable, para garantizar su uniformidad de respuesta en el tiempo.<\/p>\n<p>Al margen de su trabajo con la ROSS, Jos\u00e9 Lu\u00eds M\u00e1rmol tambi\u00e9n es colaborador asiduo del reputado guitarrista y compositor Jos\u00e9 Mar\u00eda Gallardo del Rey, un artista con una formaci\u00f3n y conocimiento musical poco habitual en el mundo de la guitarra, y que se ha convertido en el solista m\u00e1s solicitado y programado por orquestas de todo el mundo. El \u00faltimo proyecto de este excepcional guitarrista es su <a href=\"https:\/\/gallardodelrey.com\/spanish-guitar-academy\/\" target=\"_blank\" rel=\"noopener noreferrer\">Spanish Guitar Academy<\/a>, una plataforma a trav\u00e9s de Internet destinada a la formaci\u00f3n de guitarristas cl\u00e1sicos, que ofrece soporte y conocimientos avanzados a sus usuarios. Gran parte de este material es en formato audiovisual, cuya producci\u00f3n es responsabilidad de Jos\u00e9 Lu\u00eds M\u00e1rmol, y para la que tambi\u00e9n ha estado utilizando la microfon\u00eda de Audio-Technica, con resultados plenamente satisfactorios.<\/p>\n<p>Tambi\u00e9n recuerda con satisfacci\u00f3n su experiencia con el uso del micr\u00f3fono ATM450 con el bailar\u00edn flamenco Farruquito. En esta ocasi\u00f3n, el t\u00e9cnico us\u00f3 tambi\u00e9n estos micr\u00f3fonos para captar el zapateado del artista. Para ello, dispuso de varias unidades de este micr\u00f3fono, colocados bajo cada una de las tablas de baile y con correcci\u00f3n de fase, creando una zona de captaci\u00f3n que proporcion\u00f3 unos resultados \u00f3ptimos. Tambi\u00e9n ha recurrido al uso del ATM450 para la captaci\u00f3n de un instrumento tan delicado como el caj\u00f3n flamenco.<\/p>\n<div id='gallery-1' class='gallery galleryid-24540 gallery-columns-3 gallery-size-medium'><figure class='gallery-item'>\n\t\t\t<div class='gallery-icon landscape'>\n\t\t\t\t<img loading=\"lazy\" decoding=\"async\" width=\"300\" height=\"200\" src=\"\/app\/uploads\/sites\/2\/WP-NdP-AT-ROSS-2-300x200.jpg\" class=\"attachment-medium size-medium\" alt=\"\" srcset=\"https:\/\/distribution.audio-technica.eu\/app\/uploads\/sites\/2\/WP-NdP-AT-ROSS-2-300x200.jpg 300w, https:\/\/distribution.audio-technica.eu\/app\/uploads\/sites\/2\/WP-NdP-AT-ROSS-2-1024x683.jpg 1024w, https:\/\/distribution.audio-technica.eu\/app\/uploads\/sites\/2\/WP-NdP-AT-ROSS-2-150x100.jpg 150w, https:\/\/distribution.audio-technica.eu\/app\/uploads\/sites\/2\/WP-NdP-AT-ROSS-2-768x513.jpg 768w, https:\/\/distribution.audio-technica.eu\/app\/uploads\/sites\/2\/WP-NdP-AT-ROSS-2-200x133.jpg 200w, https:\/\/distribution.audio-technica.eu\/app\/uploads\/sites\/2\/WP-NdP-AT-ROSS-2-400x267.jpg 400w, https:\/\/distribution.audio-technica.eu\/app\/uploads\/sites\/2\/WP-NdP-AT-ROSS-2-600x400.jpg 600w, https:\/\/distribution.audio-technica.eu\/app\/uploads\/sites\/2\/WP-NdP-AT-ROSS-2-800x534.jpg 800w, https:\/\/distribution.audio-technica.eu\/app\/uploads\/sites\/2\/WP-NdP-AT-ROSS-2-1200x801.jpg 1200w, https:\/\/distribution.audio-technica.eu\/app\/uploads\/sites\/2\/WP-NdP-AT-ROSS-2.jpg 1500w\" sizes=\"auto, (max-width: 300px) 100vw, 300px\" \/>\n\t\t\t<\/div><\/figure><figure class='gallery-item'>\n\t\t\t<div class='gallery-icon landscape'>\n\t\t\t\t<img loading=\"lazy\" decoding=\"async\" width=\"300\" height=\"200\" src=\"\/app\/uploads\/sites\/2\/WP-NdP-AT-ROSS-3-300x200.jpg\" class=\"attachment-medium size-medium\" alt=\"\" srcset=\"https:\/\/distribution.audio-technica.eu\/app\/uploads\/sites\/2\/WP-NdP-AT-ROSS-3-300x200.jpg 300w, https:\/\/distribution.audio-technica.eu\/app\/uploads\/sites\/2\/WP-NdP-AT-ROSS-3-1024x683.jpg 1024w, https:\/\/distribution.audio-technica.eu\/app\/uploads\/sites\/2\/WP-NdP-AT-ROSS-3-150x100.jpg 150w, https:\/\/distribution.audio-technica.eu\/app\/uploads\/sites\/2\/WP-NdP-AT-ROSS-3-768x513.jpg 768w, https:\/\/distribution.audio-technica.eu\/app\/uploads\/sites\/2\/WP-NdP-AT-ROSS-3-200x133.jpg 200w, https:\/\/distribution.audio-technica.eu\/app\/uploads\/sites\/2\/WP-NdP-AT-ROSS-3-400x267.jpg 400w, https:\/\/distribution.audio-technica.eu\/app\/uploads\/sites\/2\/WP-NdP-AT-ROSS-3-600x400.jpg 600w, https:\/\/distribution.audio-technica.eu\/app\/uploads\/sites\/2\/WP-NdP-AT-ROSS-3-800x534.jpg 800w, https:\/\/distribution.audio-technica.eu\/app\/uploads\/sites\/2\/WP-NdP-AT-ROSS-3-1200x801.jpg 1200w, https:\/\/distribution.audio-technica.eu\/app\/uploads\/sites\/2\/WP-NdP-AT-ROSS-3.jpg 1500w\" sizes=\"auto, (max-width: 300px) 100vw, 300px\" \/>\n\t\t\t<\/div><\/figure><figure class='gallery-item'>\n\t\t\t<div class='gallery-icon landscape'>\n\t\t\t\t<img loading=\"lazy\" decoding=\"async\" width=\"300\" height=\"200\" src=\"\/app\/uploads\/sites\/2\/WP-NdP-AT-ROSS-4-300x200.jpg\" class=\"attachment-medium size-medium\" alt=\"\" srcset=\"https:\/\/distribution.audio-technica.eu\/app\/uploads\/sites\/2\/WP-NdP-AT-ROSS-4-300x200.jpg 300w, https:\/\/distribution.audio-technica.eu\/app\/uploads\/sites\/2\/WP-NdP-AT-ROSS-4-1024x683.jpg 1024w, https:\/\/distribution.audio-technica.eu\/app\/uploads\/sites\/2\/WP-NdP-AT-ROSS-4-150x100.jpg 150w, https:\/\/distribution.audio-technica.eu\/app\/uploads\/sites\/2\/WP-NdP-AT-ROSS-4-768x513.jpg 768w, https:\/\/distribution.audio-technica.eu\/app\/uploads\/sites\/2\/WP-NdP-AT-ROSS-4-200x133.jpg 200w, https:\/\/distribution.audio-technica.eu\/app\/uploads\/sites\/2\/WP-NdP-AT-ROSS-4-400x267.jpg 400w, https:\/\/distribution.audio-technica.eu\/app\/uploads\/sites\/2\/WP-NdP-AT-ROSS-4-600x400.jpg 600w, https:\/\/distribution.audio-technica.eu\/app\/uploads\/sites\/2\/WP-NdP-AT-ROSS-4-800x534.jpg 800w, https:\/\/distribution.audio-technica.eu\/app\/uploads\/sites\/2\/WP-NdP-AT-ROSS-4-1200x801.jpg 1200w, https:\/\/distribution.audio-technica.eu\/app\/uploads\/sites\/2\/WP-NdP-AT-ROSS-4.jpg 1500w\" sizes=\"auto, (max-width: 300px) 100vw, 300px\" \/>\n\t\t\t<\/div><\/figure><figure class='gallery-item'>\n\t\t\t<div class='gallery-icon landscape'>\n\t\t\t\t<img loading=\"lazy\" decoding=\"async\" width=\"300\" height=\"200\" src=\"\/app\/uploads\/sites\/2\/WP-NdP-AT-ROSS-6-300x200.jpg\" class=\"attachment-medium size-medium\" alt=\"\" srcset=\"https:\/\/distribution.audio-technica.eu\/app\/uploads\/sites\/2\/WP-NdP-AT-ROSS-6-300x200.jpg 300w, https:\/\/distribution.audio-technica.eu\/app\/uploads\/sites\/2\/WP-NdP-AT-ROSS-6-1024x683.jpg 1024w, https:\/\/distribution.audio-technica.eu\/app\/uploads\/sites\/2\/WP-NdP-AT-ROSS-6-150x100.jpg 150w, https:\/\/distribution.audio-technica.eu\/app\/uploads\/sites\/2\/WP-NdP-AT-ROSS-6-768x513.jpg 768w, https:\/\/distribution.audio-technica.eu\/app\/uploads\/sites\/2\/WP-NdP-AT-ROSS-6-200x133.jpg 200w, https:\/\/distribution.audio-technica.eu\/app\/uploads\/sites\/2\/WP-NdP-AT-ROSS-6-400x267.jpg 400w, https:\/\/distribution.audio-technica.eu\/app\/uploads\/sites\/2\/WP-NdP-AT-ROSS-6-600x400.jpg 600w, https:\/\/distribution.audio-technica.eu\/app\/uploads\/sites\/2\/WP-NdP-AT-ROSS-6-800x534.jpg 800w, https:\/\/distribution.audio-technica.eu\/app\/uploads\/sites\/2\/WP-NdP-AT-ROSS-6-1200x801.jpg 1200w, https:\/\/distribution.audio-technica.eu\/app\/uploads\/sites\/2\/WP-NdP-AT-ROSS-6.jpg 1500w\" sizes=\"auto, (max-width: 300px) 100vw, 300px\" \/>\n\t\t\t<\/div><\/figure><figure class='gallery-item'>\n\t\t\t<div class='gallery-icon landscape'>\n\t\t\t\t<img loading=\"lazy\" decoding=\"async\" width=\"300\" height=\"200\" src=\"\/app\/uploads\/sites\/2\/WP-NdP-AT-ROSS-7-300x200.jpg\" class=\"attachment-medium size-medium\" alt=\"\" srcset=\"https:\/\/distribution.audio-technica.eu\/app\/uploads\/sites\/2\/WP-NdP-AT-ROSS-7-300x200.jpg 300w, https:\/\/distribution.audio-technica.eu\/app\/uploads\/sites\/2\/WP-NdP-AT-ROSS-7-1024x683.jpg 1024w, https:\/\/distribution.audio-technica.eu\/app\/uploads\/sites\/2\/WP-NdP-AT-ROSS-7-150x100.jpg 150w, https:\/\/distribution.audio-technica.eu\/app\/uploads\/sites\/2\/WP-NdP-AT-ROSS-7-768x513.jpg 768w, https:\/\/distribution.audio-technica.eu\/app\/uploads\/sites\/2\/WP-NdP-AT-ROSS-7-200x133.jpg 200w, https:\/\/distribution.audio-technica.eu\/app\/uploads\/sites\/2\/WP-NdP-AT-ROSS-7-400x267.jpg 400w, https:\/\/distribution.audio-technica.eu\/app\/uploads\/sites\/2\/WP-NdP-AT-ROSS-7-600x400.jpg 600w, https:\/\/distribution.audio-technica.eu\/app\/uploads\/sites\/2\/WP-NdP-AT-ROSS-7-800x534.jpg 800w, https:\/\/distribution.audio-technica.eu\/app\/uploads\/sites\/2\/WP-NdP-AT-ROSS-7-1200x801.jpg 1200w, https:\/\/distribution.audio-technica.eu\/app\/uploads\/sites\/2\/WP-NdP-AT-ROSS-7.jpg 1500w\" sizes=\"auto, (max-width: 300px) 100vw, 300px\" \/>\n\t\t\t<\/div><\/figure><figure class='gallery-item'>\n\t\t\t<div class='gallery-icon landscape'>\n\t\t\t\t<img loading=\"lazy\" decoding=\"async\" width=\"300\" height=\"200\" src=\"\/app\/uploads\/sites\/2\/WP-NdP-AT-ROSS-8-300x200.jpg\" class=\"attachment-medium size-medium\" alt=\"\" srcset=\"https:\/\/distribution.audio-technica.eu\/app\/uploads\/sites\/2\/WP-NdP-AT-ROSS-8-300x200.jpg 300w, https:\/\/distribution.audio-technica.eu\/app\/uploads\/sites\/2\/WP-NdP-AT-ROSS-8-1024x683.jpg 1024w, https:\/\/distribution.audio-technica.eu\/app\/uploads\/sites\/2\/WP-NdP-AT-ROSS-8-150x100.jpg 150w, https:\/\/distribution.audio-technica.eu\/app\/uploads\/sites\/2\/WP-NdP-AT-ROSS-8-768x513.jpg 768w, https:\/\/distribution.audio-technica.eu\/app\/uploads\/sites\/2\/WP-NdP-AT-ROSS-8-200x133.jpg 200w, https:\/\/distribution.audio-technica.eu\/app\/uploads\/sites\/2\/WP-NdP-AT-ROSS-8-400x267.jpg 400w, https:\/\/distribution.audio-technica.eu\/app\/uploads\/sites\/2\/WP-NdP-AT-ROSS-8-600x400.jpg 600w, https:\/\/distribution.audio-technica.eu\/app\/uploads\/sites\/2\/WP-NdP-AT-ROSS-8-800x534.jpg 800w, https:\/\/distribution.audio-technica.eu\/app\/uploads\/sites\/2\/WP-NdP-AT-ROSS-8-1200x801.jpg 1200w, https:\/\/distribution.audio-technica.eu\/app\/uploads\/sites\/2\/WP-NdP-AT-ROSS-8.jpg 1500w\" sizes=\"auto, (max-width: 300px) 100vw, 300px\" \/>\n\t\t\t<\/div><\/figure><figure class='gallery-item'>\n\t\t\t<div class='gallery-icon landscape'>\n\t\t\t\t<img loading=\"lazy\" decoding=\"async\" width=\"300\" height=\"200\" src=\"\/app\/uploads\/sites\/2\/WP-NdP-AT-ROSS-9-300x200.jpg\" class=\"attachment-medium size-medium\" alt=\"\" srcset=\"https:\/\/distribution.audio-technica.eu\/app\/uploads\/sites\/2\/WP-NdP-AT-ROSS-9-300x200.jpg 300w, https:\/\/distribution.audio-technica.eu\/app\/uploads\/sites\/2\/WP-NdP-AT-ROSS-9-1024x683.jpg 1024w, https:\/\/distribution.audio-technica.eu\/app\/uploads\/sites\/2\/WP-NdP-AT-ROSS-9-150x100.jpg 150w, https:\/\/distribution.audio-technica.eu\/app\/uploads\/sites\/2\/WP-NdP-AT-ROSS-9-768x513.jpg 768w, https:\/\/distribution.audio-technica.eu\/app\/uploads\/sites\/2\/WP-NdP-AT-ROSS-9-200x133.jpg 200w, https:\/\/distribution.audio-technica.eu\/app\/uploads\/sites\/2\/WP-NdP-AT-ROSS-9-400x267.jpg 400w, https:\/\/distribution.audio-technica.eu\/app\/uploads\/sites\/2\/WP-NdP-AT-ROSS-9-600x400.jpg 600w, https:\/\/distribution.audio-technica.eu\/app\/uploads\/sites\/2\/WP-NdP-AT-ROSS-9-800x534.jpg 800w, https:\/\/distribution.audio-technica.eu\/app\/uploads\/sites\/2\/WP-NdP-AT-ROSS-9-1200x801.jpg 1200w, https:\/\/distribution.audio-technica.eu\/app\/uploads\/sites\/2\/WP-NdP-AT-ROSS-9.jpg 1500w\" sizes=\"auto, (max-width: 300px) 100vw, 300px\" \/>\n\t\t\t<\/div><\/figure>\n\t\t<\/div>\n\n<h4 style=\"margin-top: 30px\">Sobre el ATM450<\/h4>\n<p>Perteneciente a la <a href=\"https:\/\/www.audio-technica.com\/es-es\/microphones\/wired\/line-series\/artist-series\" target=\"_blank\" rel=\"noopener noreferrer\">Serie Artist<\/a>, el micr\u00f3fono cardioide de condensador <a href=\"https:\/\/www.audio-technica.com\/es-es\/atm450\" target=\"_blank\" rel=\"noopener noreferrer\">ATM450<\/a>, dispone de un innovador dise\u00f1o de captaci\u00f3n lateral que ofrece innumerables opciones de posicionamiento y m\u00ednimas obstrucciones. Est\u00e1 equipado con un filtro pasa alto sintonizado a 80 Hz que ofrece una sencilla conmutaci\u00f3n entre respuesta en frecuencia plana y supresi\u00f3n de graves. Tambi\u00e9n cuenta con un pad conmutable de 10 dB que reduce la sensibilidad del micr\u00f3fono, proporcionando una mayor capacidad de manejo de elevados niveles de SPL, con una mayor flexibilidad para permitir su uso con una mayor gama de int\u00e9rpretes y configuraciones de sistemas. La respuesta plana ampliada del micr\u00f3fono lo hace la elecci\u00f3n ideal para elevados niveles de SPL as\u00ed como para instrumentos ac\u00fasticos en directo y amplificados. Incluye una pinza de aislamiento profesional que proporciona un montaje seguro, un posicionamiento m\u00e1s vers\u00e1til y una eficaz amortiguaci\u00f3n del ruido mec\u00e1nico.<br \/>\n<a href=\"https:\/\/distribution.audio-technica.eu\/es\/wp-content\/uploads\/sites\/2\/atm450-ross.jpg\"><img loading=\"lazy\" decoding=\"async\" class=\"aligncenter wp-image-24859 size-fusion-600\" src=\"\/es\/wp-content\/uploads\/sites\/2\/atm450-ross-600x400.jpg\" alt=\"ATM450\" width=\"600\" height=\"400\" srcset=\"https:\/\/distribution.audio-technica.eu\/app\/uploads\/sites\/2\/atm450-ross-600x400.jpg 600w, https:\/\/distribution.audio-technica.eu\/app\/uploads\/sites\/2\/atm450-ross-300x200.jpg 300w, https:\/\/distribution.audio-technica.eu\/app\/uploads\/sites\/2\/atm450-ross-1024x683.jpg 1024w, https:\/\/distribution.audio-technica.eu\/app\/uploads\/sites\/2\/atm450-ross-150x100.jpg 150w, https:\/\/distribution.audio-technica.eu\/app\/uploads\/sites\/2\/atm450-ross-768x512.jpg 768w, https:\/\/distribution.audio-technica.eu\/app\/uploads\/sites\/2\/atm450-ross-200x133.jpg 200w, https:\/\/distribution.audio-technica.eu\/app\/uploads\/sites\/2\/atm450-ross-400x267.jpg 400w, https:\/\/distribution.audio-technica.eu\/app\/uploads\/sites\/2\/atm450-ross-800x533.jpg 800w, https:\/\/distribution.audio-technica.eu\/app\/uploads\/sites\/2\/atm450-ross.jpg 1200w\" sizes=\"auto, (max-width: 600px) 100vw, 600px\" \/><\/a><\/p>\n","protected":false},"excerpt":{"rendered":"<p>La Real Orquesta Sinf\u00f3nica de Sevilla (ROSS) utiliza micr\u00f3fonos Audio-Technica tanto en sus conciertos como para la grabaci\u00f3n de todo el material audiovisual difundido a trav\u00e9s de su plataforma ROSS TV, en la que se pueden encontrar tanto los conciertos ofrecidos por esta orquesta, como todo tipo de contenido audiovisual, incluyendo formaci\u00f3n y documentales. Jos\u00e9 [&hellip;]<\/p>\n","protected":false},"author":2,"featured_media":24530,"comment_status":"closed","ping_status":"closed","sticky":false,"template":"","format":"standard","meta":{"_acf_changed":false,"footnotes":""},"categories":[1821],"tags":[2305,2306],"class_list":["post-24540","post","type-post","status-publish","format-standard","has-post-thumbnail","hentry","category-artistas","tag-atm450","tag-orquesta"],"acf":[],"yoast_head":"<!-- This site is optimized with the Yoast SEO plugin v27.1.1 - https:\/\/yoast.com\/product\/yoast-seo-wordpress\/ -->\n<title>La Real Orquesta Sinf\u00f3nica de Sevilla conf\u00eda en los micr\u00f3fonos de Audio-Technica - Audio-Technica Iberia<\/title>\n<meta name=\"robots\" content=\"index, follow, max-snippet:-1, max-image-preview:large, max-video-preview:-1\" \/>\n<link rel=\"canonical\" href=\"https:\/\/distribution.audio-technica.eu\/es-es\/noticias\/la-real-orquesta-sinfonica-de-sevilla-confia-en-los-microfonos-de-audio-technica\/\" \/>\n<meta property=\"og:locale\" content=\"es_ES\" \/>\n<meta property=\"og:type\" content=\"article\" \/>\n<meta property=\"og:title\" content=\"La Real Orquesta Sinf\u00f3nica de Sevilla conf\u00eda en los micr\u00f3fonos de Audio-Technica - Audio-Technica Iberia\" \/>\n<meta property=\"og:description\" content=\"La Real Orquesta Sinf\u00f3nica de Sevilla (ROSS) utiliza micr\u00f3fonos Audio-Technica tanto en sus conciertos como para la grabaci\u00f3n de todo el material audiovisual difundido a trav\u00e9s de su plataforma ROSS TV, en la que se pueden encontrar tanto los conciertos ofrecidos por esta orquesta, como todo tipo de contenido audiovisual, incluyendo formaci\u00f3n y documentales. Jos\u00e9 [&hellip;]\" \/>\n<meta property=\"og:url\" content=\"https:\/\/distribution.audio-technica.eu\/es-es\/noticias\/la-real-orquesta-sinfonica-de-sevilla-confia-en-los-microfonos-de-audio-technica\/\" \/>\n<meta property=\"og:site_name\" content=\"Audio-Technica Iberia\" \/>\n<meta property=\"article:published_time\" content=\"2021-07-13T14:09:44+00:00\" \/>\n<meta property=\"article:modified_time\" content=\"2023-10-17T16:06:59+00:00\" \/>\n<meta property=\"og:image\" content=\"https:\/\/distribution.audio-technica.eu\/app\/uploads\/sites\/2\/WP-NdP-AT-ROSS-banner.jpg\" \/>\n\t<meta property=\"og:image:width\" content=\"640\" \/>\n\t<meta property=\"og:image:height\" content=\"360\" \/>\n\t<meta property=\"og:image:type\" content=\"image\/jpeg\" \/>\n<meta name=\"author\" content=\"ctorras\" \/>\n<meta name=\"twitter:card\" content=\"summary_large_image\" \/>\n<meta name=\"twitter:label1\" content=\"Escrito por\" \/>\n\t<meta name=\"twitter:data1\" content=\"ctorras\" \/>\n\t<meta name=\"twitter:label2\" content=\"Tiempo de lectura\" \/>\n\t<meta name=\"twitter:data2\" content=\"4 minutos\" \/>\n<script type=\"application\/ld+json\" class=\"yoast-schema-graph\">{\"@context\":\"https:\/\/schema.org\",\"@graph\":[{\"@type\":\"Article\",\"@id\":\"https:\/\/distribution.audio-technica.eu\/es-es\/noticias\/la-real-orquesta-sinfonica-de-sevilla-confia-en-los-microfonos-de-audio-technica\/#article\",\"isPartOf\":{\"@id\":\"https:\/\/distribution.audio-technica.eu\/es-es\/noticias\/la-real-orquesta-sinfonica-de-sevilla-confia-en-los-microfonos-de-audio-technica\/\"},\"author\":{\"name\":\"ctorras\",\"@id\":\"https:\/\/distribution.audio-technica.eu\/es-es\/#\/schema\/person\/dbf0d33217ceab6329b4c3144742f2fb\"},\"headline\":\"La Real Orquesta Sinf\u00f3nica de Sevilla conf\u00eda en los micr\u00f3fonos de Audio-Technica\",\"datePublished\":\"2021-07-13T14:09:44+00:00\",\"dateModified\":\"2023-10-17T16:06:59+00:00\",\"mainEntityOfPage\":{\"@id\":\"https:\/\/distribution.audio-technica.eu\/es-es\/noticias\/la-real-orquesta-sinfonica-de-sevilla-confia-en-los-microfonos-de-audio-technica\/\"},\"wordCount\":785,\"image\":{\"@id\":\"https:\/\/distribution.audio-technica.eu\/es-es\/noticias\/la-real-orquesta-sinfonica-de-sevilla-confia-en-los-microfonos-de-audio-technica\/#primaryimage\"},\"thumbnailUrl\":\"\/app\/uploads\/sites\/2\/WP-NdP-AT-ROSS-banner.jpg\",\"keywords\":[\"ATM450\",\"Orquesta\"],\"articleSection\":[\"Artistas\"],\"inLanguage\":\"es\"},{\"@type\":\"WebPage\",\"@id\":\"https:\/\/distribution.audio-technica.eu\/es-es\/noticias\/la-real-orquesta-sinfonica-de-sevilla-confia-en-los-microfonos-de-audio-technica\/\",\"url\":\"https:\/\/distribution.audio-technica.eu\/es-es\/noticias\/la-real-orquesta-sinfonica-de-sevilla-confia-en-los-microfonos-de-audio-technica\/\",\"name\":\"La Real Orquesta Sinf\u00f3nica de Sevilla conf\u00eda en los micr\u00f3fonos de Audio-Technica - Audio-Technica Iberia\",\"isPartOf\":{\"@id\":\"https:\/\/distribution.audio-technica.eu\/es-es\/#website\"},\"primaryImageOfPage\":{\"@id\":\"https:\/\/distribution.audio-technica.eu\/es-es\/noticias\/la-real-orquesta-sinfonica-de-sevilla-confia-en-los-microfonos-de-audio-technica\/#primaryimage\"},\"image\":{\"@id\":\"https:\/\/distribution.audio-technica.eu\/es-es\/noticias\/la-real-orquesta-sinfonica-de-sevilla-confia-en-los-microfonos-de-audio-technica\/#primaryimage\"},\"thumbnailUrl\":\"\/app\/uploads\/sites\/2\/WP-NdP-AT-ROSS-banner.jpg\",\"datePublished\":\"2021-07-13T14:09:44+00:00\",\"dateModified\":\"2023-10-17T16:06:59+00:00\",\"author\":{\"@id\":\"https:\/\/distribution.audio-technica.eu\/es-es\/#\/schema\/person\/dbf0d33217ceab6329b4c3144742f2fb\"},\"breadcrumb\":{\"@id\":\"https:\/\/distribution.audio-technica.eu\/es-es\/noticias\/la-real-orquesta-sinfonica-de-sevilla-confia-en-los-microfonos-de-audio-technica\/#breadcrumb\"},\"inLanguage\":\"es\",\"potentialAction\":[{\"@type\":\"ReadAction\",\"target\":[\"https:\/\/distribution.audio-technica.eu\/es-es\/noticias\/la-real-orquesta-sinfonica-de-sevilla-confia-en-los-microfonos-de-audio-technica\/\"]}]},{\"@type\":\"ImageObject\",\"inLanguage\":\"es\",\"@id\":\"https:\/\/distribution.audio-technica.eu\/es-es\/noticias\/la-real-orquesta-sinfonica-de-sevilla-confia-en-los-microfonos-de-audio-technica\/#primaryimage\",\"url\":\"\/app\/uploads\/sites\/2\/WP-NdP-AT-ROSS-banner.jpg\",\"contentUrl\":\"\/app\/uploads\/sites\/2\/WP-NdP-AT-ROSS-banner.jpg\",\"width\":640,\"height\":360},{\"@type\":\"BreadcrumbList\",\"@id\":\"https:\/\/distribution.audio-technica.eu\/es-es\/noticias\/la-real-orquesta-sinfonica-de-sevilla-confia-en-los-microfonos-de-audio-technica\/#breadcrumb\",\"itemListElement\":[{\"@type\":\"ListItem\",\"position\":1,\"name\":\"Products\",\"item\":\"https:\/\/distribution.audio-technica.eu\/es-es\/\"},{\"@type\":\"ListItem\",\"position\":2,\"name\":\"La Real Orquesta Sinf\u00f3nica de Sevilla conf\u00eda en los micr\u00f3fonos de Audio-Technica\"}]},{\"@type\":\"WebSite\",\"@id\":\"https:\/\/distribution.audio-technica.eu\/es-es\/#website\",\"url\":\"https:\/\/distribution.audio-technica.eu\/es-es\/\",\"name\":\"Audio-Technica Iberia\",\"description\":\"Distribuci\u00f3n\",\"potentialAction\":[{\"@type\":\"SearchAction\",\"target\":{\"@type\":\"EntryPoint\",\"urlTemplate\":\"https:\/\/distribution.audio-technica.eu\/es-es\/?s={search_term_string}\"},\"query-input\":{\"@type\":\"PropertyValueSpecification\",\"valueRequired\":true,\"valueName\":\"search_term_string\"}}],\"inLanguage\":\"es\"},{\"@type\":\"Person\",\"@id\":\"https:\/\/distribution.audio-technica.eu\/es-es\/#\/schema\/person\/dbf0d33217ceab6329b4c3144742f2fb\",\"name\":\"ctorras\"}]}<\/script>\n<!-- \/ Yoast SEO plugin. -->","yoast_head_json":{"title":"La Real Orquesta Sinf\u00f3nica de Sevilla conf\u00eda en los micr\u00f3fonos de Audio-Technica - Audio-Technica Iberia","robots":{"index":"index","follow":"follow","max-snippet":"max-snippet:-1","max-image-preview":"max-image-preview:large","max-video-preview":"max-video-preview:-1"},"canonical":"https:\/\/distribution.audio-technica.eu\/es-es\/noticias\/la-real-orquesta-sinfonica-de-sevilla-confia-en-los-microfonos-de-audio-technica\/","og_locale":"es_ES","og_type":"article","og_title":"La Real Orquesta Sinf\u00f3nica de Sevilla conf\u00eda en los micr\u00f3fonos de Audio-Technica - Audio-Technica Iberia","og_description":"La Real Orquesta Sinf\u00f3nica de Sevilla (ROSS) utiliza micr\u00f3fonos Audio-Technica tanto en sus conciertos como para la grabaci\u00f3n de todo el material audiovisual difundido a trav\u00e9s de su plataforma ROSS TV, en la que se pueden encontrar tanto los conciertos ofrecidos por esta orquesta, como todo tipo de contenido audiovisual, incluyendo formaci\u00f3n y documentales. Jos\u00e9 [&hellip;]","og_url":"https:\/\/distribution.audio-technica.eu\/es-es\/noticias\/la-real-orquesta-sinfonica-de-sevilla-confia-en-los-microfonos-de-audio-technica\/","og_site_name":"Audio-Technica Iberia","article_published_time":"2021-07-13T14:09:44+00:00","article_modified_time":"2023-10-17T16:06:59+00:00","og_image":[{"width":640,"height":360,"url":"https:\/\/distribution.audio-technica.eu\/app\/uploads\/sites\/2\/WP-NdP-AT-ROSS-banner.jpg","type":"image\/jpeg"}],"author":"ctorras","twitter_card":"summary_large_image","twitter_misc":{"Escrito por":"ctorras","Tiempo de lectura":"4 minutos"},"schema":{"@context":"https:\/\/schema.org","@graph":[{"@type":"Article","@id":"https:\/\/distribution.audio-technica.eu\/es-es\/noticias\/la-real-orquesta-sinfonica-de-sevilla-confia-en-los-microfonos-de-audio-technica\/#article","isPartOf":{"@id":"https:\/\/distribution.audio-technica.eu\/es-es\/noticias\/la-real-orquesta-sinfonica-de-sevilla-confia-en-los-microfonos-de-audio-technica\/"},"author":{"name":"ctorras","@id":"https:\/\/distribution.audio-technica.eu\/es-es\/#\/schema\/person\/dbf0d33217ceab6329b4c3144742f2fb"},"headline":"La Real Orquesta Sinf\u00f3nica de Sevilla conf\u00eda en los micr\u00f3fonos de Audio-Technica","datePublished":"2021-07-13T14:09:44+00:00","dateModified":"2023-10-17T16:06:59+00:00","mainEntityOfPage":{"@id":"https:\/\/distribution.audio-technica.eu\/es-es\/noticias\/la-real-orquesta-sinfonica-de-sevilla-confia-en-los-microfonos-de-audio-technica\/"},"wordCount":785,"image":{"@id":"https:\/\/distribution.audio-technica.eu\/es-es\/noticias\/la-real-orquesta-sinfonica-de-sevilla-confia-en-los-microfonos-de-audio-technica\/#primaryimage"},"thumbnailUrl":"\/app\/uploads\/sites\/2\/WP-NdP-AT-ROSS-banner.jpg","keywords":["ATM450","Orquesta"],"articleSection":["Artistas"],"inLanguage":"es"},{"@type":"WebPage","@id":"https:\/\/distribution.audio-technica.eu\/es-es\/noticias\/la-real-orquesta-sinfonica-de-sevilla-confia-en-los-microfonos-de-audio-technica\/","url":"https:\/\/distribution.audio-technica.eu\/es-es\/noticias\/la-real-orquesta-sinfonica-de-sevilla-confia-en-los-microfonos-de-audio-technica\/","name":"La Real Orquesta Sinf\u00f3nica de Sevilla conf\u00eda en los micr\u00f3fonos de Audio-Technica - Audio-Technica Iberia","isPartOf":{"@id":"https:\/\/distribution.audio-technica.eu\/es-es\/#website"},"primaryImageOfPage":{"@id":"https:\/\/distribution.audio-technica.eu\/es-es\/noticias\/la-real-orquesta-sinfonica-de-sevilla-confia-en-los-microfonos-de-audio-technica\/#primaryimage"},"image":{"@id":"https:\/\/distribution.audio-technica.eu\/es-es\/noticias\/la-real-orquesta-sinfonica-de-sevilla-confia-en-los-microfonos-de-audio-technica\/#primaryimage"},"thumbnailUrl":"\/app\/uploads\/sites\/2\/WP-NdP-AT-ROSS-banner.jpg","datePublished":"2021-07-13T14:09:44+00:00","dateModified":"2023-10-17T16:06:59+00:00","author":{"@id":"https:\/\/distribution.audio-technica.eu\/es-es\/#\/schema\/person\/dbf0d33217ceab6329b4c3144742f2fb"},"breadcrumb":{"@id":"https:\/\/distribution.audio-technica.eu\/es-es\/noticias\/la-real-orquesta-sinfonica-de-sevilla-confia-en-los-microfonos-de-audio-technica\/#breadcrumb"},"inLanguage":"es","potentialAction":[{"@type":"ReadAction","target":["https:\/\/distribution.audio-technica.eu\/es-es\/noticias\/la-real-orquesta-sinfonica-de-sevilla-confia-en-los-microfonos-de-audio-technica\/"]}]},{"@type":"ImageObject","inLanguage":"es","@id":"https:\/\/distribution.audio-technica.eu\/es-es\/noticias\/la-real-orquesta-sinfonica-de-sevilla-confia-en-los-microfonos-de-audio-technica\/#primaryimage","url":"\/app\/uploads\/sites\/2\/WP-NdP-AT-ROSS-banner.jpg","contentUrl":"\/app\/uploads\/sites\/2\/WP-NdP-AT-ROSS-banner.jpg","width":640,"height":360},{"@type":"BreadcrumbList","@id":"https:\/\/distribution.audio-technica.eu\/es-es\/noticias\/la-real-orquesta-sinfonica-de-sevilla-confia-en-los-microfonos-de-audio-technica\/#breadcrumb","itemListElement":[{"@type":"ListItem","position":1,"name":"Products","item":"https:\/\/distribution.audio-technica.eu\/es-es\/"},{"@type":"ListItem","position":2,"name":"La Real Orquesta Sinf\u00f3nica de Sevilla conf\u00eda en los micr\u00f3fonos de Audio-Technica"}]},{"@type":"WebSite","@id":"https:\/\/distribution.audio-technica.eu\/es-es\/#website","url":"https:\/\/distribution.audio-technica.eu\/es-es\/","name":"Audio-Technica Iberia","description":"Distribuci\u00f3n","potentialAction":[{"@type":"SearchAction","target":{"@type":"EntryPoint","urlTemplate":"https:\/\/distribution.audio-technica.eu\/es-es\/?s={search_term_string}"},"query-input":{"@type":"PropertyValueSpecification","valueRequired":true,"valueName":"search_term_string"}}],"inLanguage":"es"},{"@type":"Person","@id":"https:\/\/distribution.audio-technica.eu\/es-es\/#\/schema\/person\/dbf0d33217ceab6329b4c3144742f2fb","name":"ctorras"}]}},"_links":{"self":[{"href":"https:\/\/distribution.audio-technica.eu\/es-es\/wp-json\/wp\/v2\/posts\/24540","targetHints":{"allow":["GET"]}}],"collection":[{"href":"https:\/\/distribution.audio-technica.eu\/es-es\/wp-json\/wp\/v2\/posts"}],"about":[{"href":"https:\/\/distribution.audio-technica.eu\/es-es\/wp-json\/wp\/v2\/types\/post"}],"author":[{"embeddable":true,"href":"https:\/\/distribution.audio-technica.eu\/es-es\/wp-json\/wp\/v2\/users\/2"}],"replies":[{"embeddable":true,"href":"https:\/\/distribution.audio-technica.eu\/es-es\/wp-json\/wp\/v2\/comments?post=24540"}],"version-history":[{"count":13,"href":"https:\/\/distribution.audio-technica.eu\/es-es\/wp-json\/wp\/v2\/posts\/24540\/revisions"}],"predecessor-version":[{"id":31081,"href":"https:\/\/distribution.audio-technica.eu\/es-es\/wp-json\/wp\/v2\/posts\/24540\/revisions\/31081"}],"wp:featuredmedia":[{"embeddable":true,"href":"https:\/\/distribution.audio-technica.eu\/es-es\/wp-json\/wp\/v2\/media\/24530"}],"wp:attachment":[{"href":"https:\/\/distribution.audio-technica.eu\/es-es\/wp-json\/wp\/v2\/media?parent=24540"}],"wp:term":[{"taxonomy":"category","embeddable":true,"href":"https:\/\/distribution.audio-technica.eu\/es-es\/wp-json\/wp\/v2\/categories?post=24540"},{"taxonomy":"post_tag","embeddable":true,"href":"https:\/\/distribution.audio-technica.eu\/es-es\/wp-json\/wp\/v2\/tags?post=24540"}],"curies":[{"name":"wp","href":"https:\/\/api.w.org\/{rel}","templated":true}]}}