{"id":24700,"date":"2021-07-15T13:30:34","date_gmt":"2021-07-15T11:30:34","guid":{"rendered":"https:\/\/atdb-production.studiograft.dev\/es\/?p=24700"},"modified":"2023-07-31T11:16:38","modified_gmt":"2023-07-31T09:16:38","slug":"con-el-nuevo-glm-4-1-genelec-celebra-15-anos-de-procesamiento-digital-en-monitores-de-estudio","status":"publish","type":"post","link":"https:\/\/distribution.audio-technica.eu\/es-es\/noticias\/con-el-nuevo-glm-4-1-genelec-celebra-15-anos-de-procesamiento-digital-en-monitores-de-estudio\/","title":{"rendered":"Con el nuevo GLM 4.1, Genelec celebra 15 a\u00f1os de procesamiento digital en monitores de estudio"},"content":{"rendered":"<p><a href=\"https:\/\/distribution.audio-technica.eu\/es\/wp-content\/uploads\/sites\/2\/WP-2021_GLM-4.1_PR1.jpg\"><img loading=\"lazy\" decoding=\"async\" class=\"aligncenter size-fusion-800 wp-image-24699\" src=\"\/es\/wp-content\/uploads\/sites\/2\/WP-2021_GLM-4.1_PR1-800x534.jpg\" alt=\"\" width=\"800\" height=\"534\" srcset=\"https:\/\/distribution.audio-technica.eu\/app\/uploads\/sites\/2\/WP-2021_GLM-4.1_PR1-800x534.jpg 800w, https:\/\/distribution.audio-technica.eu\/app\/uploads\/sites\/2\/WP-2021_GLM-4.1_PR1-300x200.jpg 300w, https:\/\/distribution.audio-technica.eu\/app\/uploads\/sites\/2\/WP-2021_GLM-4.1_PR1-1024x683.jpg 1024w, https:\/\/distribution.audio-technica.eu\/app\/uploads\/sites\/2\/WP-2021_GLM-4.1_PR1-150x100.jpg 150w, https:\/\/distribution.audio-technica.eu\/app\/uploads\/sites\/2\/WP-2021_GLM-4.1_PR1-768x513.jpg 768w, https:\/\/distribution.audio-technica.eu\/app\/uploads\/sites\/2\/WP-2021_GLM-4.1_PR1-200x133.jpg 200w, https:\/\/distribution.audio-technica.eu\/app\/uploads\/sites\/2\/WP-2021_GLM-4.1_PR1-400x267.jpg 400w, https:\/\/distribution.audio-technica.eu\/app\/uploads\/sites\/2\/WP-2021_GLM-4.1_PR1-600x400.jpg 600w, https:\/\/distribution.audio-technica.eu\/app\/uploads\/sites\/2\/WP-2021_GLM-4.1_PR1-1200x801.jpg 1200w, https:\/\/distribution.audio-technica.eu\/app\/uploads\/sites\/2\/WP-2021_GLM-4.1_PR1.jpg 1500w\" sizes=\"auto, (max-width: 800px) 100vw, 800px\" \/><\/a><\/p>\n<p>Genelec, el l\u00edder mundial en monitores profesionales de estudio, celebra el 15 aniversario de su valorado software de gesti\u00f3n de monitores <a href=\"https:\/\/www.genelec.com\/glm\" target=\"_blank\" rel=\"noopener noreferrer\">GLM<\/a> con la presentaci\u00f3n de la versi\u00f3n 4.1, que es compatible con todos los monitores y subwoofers <a href=\"https:\/\/www.genelec.com\/sam-studio-monitors-subwoofers\" target=\"_blank\" rel=\"noopener noreferrer\">Genelec SAM<\/a>. Esta actualizaci\u00f3n ofrece mejoras significativas y nuevas prestaciones, gracias a la nueva generaci\u00f3n del algoritmo de calibraci\u00f3n autom\u00e1tica, que proporciona una respuesta en frecuencia m\u00e1s precisa, en un tiempo inferior a lo que antes era posible.<\/p>\n<p>Basado en los datos de miles de calibraciones reales, el GLM 4.1 da al usuario un mayor control sobre la influencia negativa de la ac\u00fastica de la sala, generando mezclas que suenan de forma m\u00e1s consistente en otras salas y sistemas de reproducci\u00f3n.<\/p>\n<p>Habiendo hecho su debut en 2006 y basado en d\u00e9cadas de investigaci\u00f3n, el GLM se integra perfectamente con el procesamiento digital inteligente existente en cada monitor y subwoofer Genelec SAM, permitiendo a cada componente del sistema de monitoraje enlazarse, configurarse y calibrarse individualmente en el entorno ac\u00fastico espec\u00edfico del usuario.<\/p>\n<p>El micr\u00f3fono de referencia del GLM permite medir de forma precisa la respuesta al impulso de la sala en diferentes posiciones posibles de escucha, tras lo cual cada monitor y subwoofer es individualmente ajustado en nivel y tiempo en relaci\u00f3n con los otros componentes del sistema de monitoraje SAM, adem\u00e1s de ajustarse su respuesta en frecuencia en relaci\u00f3n con la posici\u00f3n relativa en la sala y la ac\u00fastica de esta. Realizada la auto-calibraci\u00f3n, el usuario cuenta con varias opciones de personalizaci\u00f3n si lo requiere, incluyendo la calibraci\u00f3n del nivel de escucha en dB SPL de acuerdo con diferentes est\u00e1ndares utilizados en las industrias del cine, broadcast, streaming o videojuegos. Este grado de flexibilidad hace del GLM la herramienta perfecta tanto para usuarios que buscan un ajuste fino de una sala ac\u00fasticamente tratada, como para aquellos que trabajan en entornos ac\u00fasticos m\u00e1s complejos, no acondicionados para la creaci\u00f3n de contenidos de audio.<\/p>\n<p><a href=\"https:\/\/distribution.audio-technica.eu\/es\/wp-content\/uploads\/sites\/2\/WP-2021_GLM-4.1_PR2.jpg\"><img loading=\"lazy\" decoding=\"async\" class=\"aligncenter size-fusion-800 wp-image-24697\" src=\"\/es\/wp-content\/uploads\/sites\/2\/WP-2021_GLM-4.1_PR2-800x663.jpg\" alt=\"\" width=\"800\" height=\"663\" srcset=\"https:\/\/distribution.audio-technica.eu\/app\/uploads\/sites\/2\/WP-2021_GLM-4.1_PR2-800x663.jpg 800w, https:\/\/distribution.audio-technica.eu\/app\/uploads\/sites\/2\/WP-2021_GLM-4.1_PR2-300x249.jpg 300w, https:\/\/distribution.audio-technica.eu\/app\/uploads\/sites\/2\/WP-2021_GLM-4.1_PR2-1024x849.jpg 1024w, https:\/\/distribution.audio-technica.eu\/app\/uploads\/sites\/2\/WP-2021_GLM-4.1_PR2-150x124.jpg 150w, https:\/\/distribution.audio-technica.eu\/app\/uploads\/sites\/2\/WP-2021_GLM-4.1_PR2-768x637.jpg 768w, https:\/\/distribution.audio-technica.eu\/app\/uploads\/sites\/2\/WP-2021_GLM-4.1_PR2-200x166.jpg 200w, https:\/\/distribution.audio-technica.eu\/app\/uploads\/sites\/2\/WP-2021_GLM-4.1_PR2-400x332.jpg 400w, https:\/\/distribution.audio-technica.eu\/app\/uploads\/sites\/2\/WP-2021_GLM-4.1_PR2-600x498.jpg 600w, https:\/\/distribution.audio-technica.eu\/app\/uploads\/sites\/2\/WP-2021_GLM-4.1_PR2-1200x995.jpg 1200w, https:\/\/distribution.audio-technica.eu\/app\/uploads\/sites\/2\/WP-2021_GLM-4.1_PR2.jpg 1500w\" sizes=\"auto, (max-width: 800px) 100vw, 800px\" \/><\/a><\/p>\n<p>Teniendo en cuenta la amplia variedad de salas que se usan hoy en d\u00eda para la producci\u00f3n de audio, el GLM 4.1 mejora espec\u00edficamente la calibraci\u00f3n de los espacios que son ac\u00fasticamente m\u00e1s vivos de lo que era antes habitual, y adem\u00e1s, ayuda a aquellos que trabajan a distancias ultra cercanas (UNF) de hasta medio metro, lo que es cada vez m\u00e1s habitual como opci\u00f3n entre el monitoraje de sala y el de auriculares.<\/p>\n<p>La nueva funcionalidad del AutoCal 2 incorporado al GLM 4.1 aprovecha la informaci\u00f3n detallada de cada monitor en el sistema, consiguiendo una discriminaci\u00f3n m\u00e1s r\u00e1pida y precisa entre el sonido directo y el reflejado. La mayor rapidez en la calibraci\u00f3n es adem\u00e1s sustentada por una arquitectura de 64 bits completamente nueva y un c\u00f3digo reci\u00e9n mejorado. GLM 4.1 es una potente herramienta para ingenieros de audio que se desplazan y creativos que trabajan habitualmente en diferentes ubicaciones. Esa movilidad es posible gracias al almacenamiento de los ajustes de calibraci\u00f3n en forma local o en la nube.<\/p>\n<p>Los usuarios de los modelos <a href=\"https:\/\/www.genelec.com\/8331a\" target=\"_blank\" rel=\"noopener noreferrer\">8331A<\/a>, <a href=\"https:\/\/www.genelec.com\/8341a\" target=\"_blank\" rel=\"noopener noreferrer\">8341A<\/a>, <a href=\"https:\/\/www.genelec.com\/8351b\" target=\"_blank\" rel=\"noopener noreferrer\">8351B<\/a> y <a href=\"https:\/\/www.genelec.com\/8361a\" target=\"_blank\" rel=\"noopener noreferrer\">8361A<\/a> de la serie \u2018The Ones\u2019 de monitores de coaxiales de tres v\u00edas, agradecer\u00e1n la nueva posibilidad del GLM 4.1 de extender la linealidad de la fase debajo de los 100 Hz. Con los monitores coaxiales, la linealidad de la fase es una valiosa caracter\u00edstica ya que mejora el rendimiento fuera del eje y tambi\u00e9n estabiliza la imagen UNF. GLM 4.1 alinea de forma precisa el tiempo de llegada de todos los diferentes tipos de monitores del sistema, ajustando para la serie \u2018The Ones\u2019 una linealidad de fase amplia.<\/p>\n<p>Otra nueva caracter\u00edstica en el GLM 4.1 es el mayor n\u00famero de filtros, ofreciendo una mayor flexibilidad y refinamiento en la ponderaci\u00f3n cuando se utiliza la posibilidad de medir en un n\u00famero ilimitado de posiciones. Adem\u00e1s, cuenta con un nuevo modo \u201cSolo-X\u201d para controlar m\u00e1s r\u00e1pido el solo de los monitores cuando se trabaja con contenido inmersivo. Finalmente, al agregar opciones de visualizaci\u00f3n en portugu\u00e9s, italiano y franc\u00e9s, los usuarios del GLM pueden elegir en esta versi\u00f3n entre un total de 10 idiomas diferentes.<\/p>\n<p>\u201c<em>El algoritmo de calibraci\u00f3n AutoCal ha sido siempre el n\u00facleo del GLM<\/em>,\u201d comenta el director general de Genelec, Siam\u00e4k Naghian. \u201c<em>As\u00ed que no puedo pensar en mejor manera de celebrar el 15\u00ba aniversario del GLM que con el lanzamiento de AutoCal 2 como parte de la nueva versi\u00f3n del GLM 4.1. En esos 15 a\u00f1os hemos visto gradualmente como la calibraci\u00f3n inteligente ha sido universalmente reconocida como el camino m\u00e1s fiable para crear una verdadera referencia s\u00f3nica, y estamos orgullosos de seguir liderando este camino.<\/em>\u201d<\/p>\n<p>&nbsp;<\/p>\n<p>[fusion_youtube id=\u00bbZbERroIZv78&#8243; alignment=\u00bb\u00bb width=\u00bb800&#8243; height=\u00bb452&#8243; autoplay=\u00bbfalse\u00bb api_params=\u00bb\u00bb hide_on_mobile=\u00bbsmall-visibility,medium-visibility,large-visibility\u00bb class=\u00bb\u00bb css_id=\u00bb\u00bb][\/fusion_youtube]<\/p>\n<p>&nbsp;<\/p>\n<p>Para m\u00e1s informaci\u00f3n, visite <a href=\"http:\/\/www.genelec.com\" target=\"_blank\" rel=\"noopener noreferrer\">www.genelec.com<\/a><\/p>\n","protected":false},"excerpt":{"rendered":"<p>Genelec, el l\u00edder mundial en monitores profesionales de estudio, celebra el 15 aniversario de su valorado software de gesti\u00f3n de monitores GLM con la presentaci\u00f3n de la versi\u00f3n 4.1, que es compatible con todos los monitores y subwoofers Genelec SAM. Esta actualizaci\u00f3n ofrece mejoras significativas y nuevas prestaciones, gracias a la nueva generaci\u00f3n del algoritmo [&hellip;]<\/p>\n","protected":false},"author":2,"featured_media":24698,"comment_status":"closed","ping_status":"closed","sticky":false,"template":"","format":"standard","meta":{"_acf_changed":false,"footnotes":""},"categories":[2457],"tags":[1565,2308,1567],"class_list":["post-24700","post","type-post","status-publish","format-standard","has-post-thumbnail","hentry","category-software-updates","tag-glm","tag-monitores-de-estudio","tag-sam"],"acf":[],"yoast_head":"<!-- This site is optimized with the Yoast SEO plugin v27.1.1 - https:\/\/yoast.com\/product\/yoast-seo-wordpress\/ -->\n<title>Con el nuevo GLM 4.1, Genelec celebra 15 a\u00f1os de procesamiento digital en monitores de estudio - Audio-Technica Iberia<\/title>\n<meta name=\"robots\" content=\"index, follow, max-snippet:-1, max-image-preview:large, max-video-preview:-1\" \/>\n<link rel=\"canonical\" href=\"https:\/\/distribution.audio-technica.eu\/es-es\/noticias\/con-el-nuevo-glm-4-1-genelec-celebra-15-anos-de-procesamiento-digital-en-monitores-de-estudio\/\" \/>\n<meta property=\"og:locale\" content=\"es_ES\" \/>\n<meta property=\"og:type\" content=\"article\" \/>\n<meta property=\"og:title\" content=\"Con el nuevo GLM 4.1, Genelec celebra 15 a\u00f1os de procesamiento digital en monitores de estudio - Audio-Technica Iberia\" \/>\n<meta property=\"og:description\" content=\"Genelec, el l\u00edder mundial en monitores profesionales de estudio, celebra el 15 aniversario de su valorado software de gesti\u00f3n de monitores GLM con la presentaci\u00f3n de la versi\u00f3n 4.1, que es compatible con todos los monitores y subwoofers Genelec SAM. Esta actualizaci\u00f3n ofrece mejoras significativas y nuevas prestaciones, gracias a la nueva generaci\u00f3n del algoritmo [&hellip;]\" \/>\n<meta property=\"og:url\" content=\"https:\/\/distribution.audio-technica.eu\/es-es\/noticias\/con-el-nuevo-glm-4-1-genelec-celebra-15-anos-de-procesamiento-digital-en-monitores-de-estudio\/\" \/>\n<meta property=\"og:site_name\" content=\"Audio-Technica Iberia\" \/>\n<meta property=\"article:published_time\" content=\"2021-07-15T11:30:34+00:00\" \/>\n<meta property=\"article:modified_time\" content=\"2023-07-31T09:16:38+00:00\" \/>\n<meta property=\"og:image\" content=\"https:\/\/distribution.audio-technica.eu\/app\/uploads\/sites\/2\/WP-2021_GLM-4.1_PR1-banner.jpg\" \/>\n\t<meta property=\"og:image:width\" content=\"640\" \/>\n\t<meta property=\"og:image:height\" content=\"360\" \/>\n\t<meta property=\"og:image:type\" content=\"image\/jpeg\" \/>\n<meta name=\"author\" content=\"ctorras\" \/>\n<meta name=\"twitter:card\" content=\"summary_large_image\" \/>\n<meta name=\"twitter:label1\" content=\"Escrito por\" \/>\n\t<meta name=\"twitter:data1\" content=\"ctorras\" \/>\n\t<meta name=\"twitter:label2\" content=\"Tiempo de lectura\" \/>\n\t<meta name=\"twitter:data2\" content=\"4 minutos\" \/>\n<script type=\"application\/ld+json\" class=\"yoast-schema-graph\">{\"@context\":\"https:\/\/schema.org\",\"@graph\":[{\"@type\":\"Article\",\"@id\":\"https:\/\/distribution.audio-technica.eu\/es-es\/noticias\/con-el-nuevo-glm-4-1-genelec-celebra-15-anos-de-procesamiento-digital-en-monitores-de-estudio\/#article\",\"isPartOf\":{\"@id\":\"https:\/\/distribution.audio-technica.eu\/es-es\/noticias\/con-el-nuevo-glm-4-1-genelec-celebra-15-anos-de-procesamiento-digital-en-monitores-de-estudio\/\"},\"author\":{\"name\":\"ctorras\",\"@id\":\"https:\/\/distribution.audio-technica.eu\/es-es\/#\/schema\/person\/dbf0d33217ceab6329b4c3144742f2fb\"},\"headline\":\"Con el nuevo GLM 4.1, Genelec celebra 15 a\u00f1os de procesamiento digital en monitores de estudio\",\"datePublished\":\"2021-07-15T11:30:34+00:00\",\"dateModified\":\"2023-07-31T09:16:38+00:00\",\"mainEntityOfPage\":{\"@id\":\"https:\/\/distribution.audio-technica.eu\/es-es\/noticias\/con-el-nuevo-glm-4-1-genelec-celebra-15-anos-de-procesamiento-digital-en-monitores-de-estudio\/\"},\"wordCount\":858,\"image\":{\"@id\":\"https:\/\/distribution.audio-technica.eu\/es-es\/noticias\/con-el-nuevo-glm-4-1-genelec-celebra-15-anos-de-procesamiento-digital-en-monitores-de-estudio\/#primaryimage\"},\"thumbnailUrl\":\"\/app\/uploads\/sites\/2\/WP-2021_GLM-4.1_PR1-banner.jpg\",\"keywords\":[\"GLM\",\"Monitores de estudio\",\"SAM\"],\"articleSection\":[\"Software Updates\"],\"inLanguage\":\"es\"},{\"@type\":\"WebPage\",\"@id\":\"https:\/\/distribution.audio-technica.eu\/es-es\/noticias\/con-el-nuevo-glm-4-1-genelec-celebra-15-anos-de-procesamiento-digital-en-monitores-de-estudio\/\",\"url\":\"https:\/\/distribution.audio-technica.eu\/es-es\/noticias\/con-el-nuevo-glm-4-1-genelec-celebra-15-anos-de-procesamiento-digital-en-monitores-de-estudio\/\",\"name\":\"Con el nuevo GLM 4.1, Genelec celebra 15 a\u00f1os de procesamiento digital en monitores de estudio - Audio-Technica Iberia\",\"isPartOf\":{\"@id\":\"https:\/\/distribution.audio-technica.eu\/es-es\/#website\"},\"primaryImageOfPage\":{\"@id\":\"https:\/\/distribution.audio-technica.eu\/es-es\/noticias\/con-el-nuevo-glm-4-1-genelec-celebra-15-anos-de-procesamiento-digital-en-monitores-de-estudio\/#primaryimage\"},\"image\":{\"@id\":\"https:\/\/distribution.audio-technica.eu\/es-es\/noticias\/con-el-nuevo-glm-4-1-genelec-celebra-15-anos-de-procesamiento-digital-en-monitores-de-estudio\/#primaryimage\"},\"thumbnailUrl\":\"\/app\/uploads\/sites\/2\/WP-2021_GLM-4.1_PR1-banner.jpg\",\"datePublished\":\"2021-07-15T11:30:34+00:00\",\"dateModified\":\"2023-07-31T09:16:38+00:00\",\"author\":{\"@id\":\"https:\/\/distribution.audio-technica.eu\/es-es\/#\/schema\/person\/dbf0d33217ceab6329b4c3144742f2fb\"},\"breadcrumb\":{\"@id\":\"https:\/\/distribution.audio-technica.eu\/es-es\/noticias\/con-el-nuevo-glm-4-1-genelec-celebra-15-anos-de-procesamiento-digital-en-monitores-de-estudio\/#breadcrumb\"},\"inLanguage\":\"es\",\"potentialAction\":[{\"@type\":\"ReadAction\",\"target\":[\"https:\/\/distribution.audio-technica.eu\/es-es\/noticias\/con-el-nuevo-glm-4-1-genelec-celebra-15-anos-de-procesamiento-digital-en-monitores-de-estudio\/\"]}]},{\"@type\":\"ImageObject\",\"inLanguage\":\"es\",\"@id\":\"https:\/\/distribution.audio-technica.eu\/es-es\/noticias\/con-el-nuevo-glm-4-1-genelec-celebra-15-anos-de-procesamiento-digital-en-monitores-de-estudio\/#primaryimage\",\"url\":\"\/app\/uploads\/sites\/2\/WP-2021_GLM-4.1_PR1-banner.jpg\",\"contentUrl\":\"\/app\/uploads\/sites\/2\/WP-2021_GLM-4.1_PR1-banner.jpg\",\"width\":640,\"height\":360},{\"@type\":\"BreadcrumbList\",\"@id\":\"https:\/\/distribution.audio-technica.eu\/es-es\/noticias\/con-el-nuevo-glm-4-1-genelec-celebra-15-anos-de-procesamiento-digital-en-monitores-de-estudio\/#breadcrumb\",\"itemListElement\":[{\"@type\":\"ListItem\",\"position\":1,\"name\":\"Products\",\"item\":\"https:\/\/distribution.audio-technica.eu\/es-es\/\"},{\"@type\":\"ListItem\",\"position\":2,\"name\":\"Con el nuevo GLM 4.1, Genelec celebra 15 a\u00f1os de procesamiento digital en monitores de estudio\"}]},{\"@type\":\"WebSite\",\"@id\":\"https:\/\/distribution.audio-technica.eu\/es-es\/#website\",\"url\":\"https:\/\/distribution.audio-technica.eu\/es-es\/\",\"name\":\"Audio-Technica Iberia\",\"description\":\"Distribuci\u00f3n\",\"potentialAction\":[{\"@type\":\"SearchAction\",\"target\":{\"@type\":\"EntryPoint\",\"urlTemplate\":\"https:\/\/distribution.audio-technica.eu\/es-es\/?s={search_term_string}\"},\"query-input\":{\"@type\":\"PropertyValueSpecification\",\"valueRequired\":true,\"valueName\":\"search_term_string\"}}],\"inLanguage\":\"es\"},{\"@type\":\"Person\",\"@id\":\"https:\/\/distribution.audio-technica.eu\/es-es\/#\/schema\/person\/dbf0d33217ceab6329b4c3144742f2fb\",\"name\":\"ctorras\"}]}<\/script>\n<!-- \/ Yoast SEO plugin. -->","yoast_head_json":{"title":"Con el nuevo GLM 4.1, Genelec celebra 15 a\u00f1os de procesamiento digital en monitores de estudio - Audio-Technica Iberia","robots":{"index":"index","follow":"follow","max-snippet":"max-snippet:-1","max-image-preview":"max-image-preview:large","max-video-preview":"max-video-preview:-1"},"canonical":"https:\/\/distribution.audio-technica.eu\/es-es\/noticias\/con-el-nuevo-glm-4-1-genelec-celebra-15-anos-de-procesamiento-digital-en-monitores-de-estudio\/","og_locale":"es_ES","og_type":"article","og_title":"Con el nuevo GLM 4.1, Genelec celebra 15 a\u00f1os de procesamiento digital en monitores de estudio - Audio-Technica Iberia","og_description":"Genelec, el l\u00edder mundial en monitores profesionales de estudio, celebra el 15 aniversario de su valorado software de gesti\u00f3n de monitores GLM con la presentaci\u00f3n de la versi\u00f3n 4.1, que es compatible con todos los monitores y subwoofers Genelec SAM. Esta actualizaci\u00f3n ofrece mejoras significativas y nuevas prestaciones, gracias a la nueva generaci\u00f3n del algoritmo [&hellip;]","og_url":"https:\/\/distribution.audio-technica.eu\/es-es\/noticias\/con-el-nuevo-glm-4-1-genelec-celebra-15-anos-de-procesamiento-digital-en-monitores-de-estudio\/","og_site_name":"Audio-Technica Iberia","article_published_time":"2021-07-15T11:30:34+00:00","article_modified_time":"2023-07-31T09:16:38+00:00","og_image":[{"width":640,"height":360,"url":"https:\/\/distribution.audio-technica.eu\/app\/uploads\/sites\/2\/WP-2021_GLM-4.1_PR1-banner.jpg","type":"image\/jpeg"}],"author":"ctorras","twitter_card":"summary_large_image","twitter_misc":{"Escrito por":"ctorras","Tiempo de lectura":"4 minutos"},"schema":{"@context":"https:\/\/schema.org","@graph":[{"@type":"Article","@id":"https:\/\/distribution.audio-technica.eu\/es-es\/noticias\/con-el-nuevo-glm-4-1-genelec-celebra-15-anos-de-procesamiento-digital-en-monitores-de-estudio\/#article","isPartOf":{"@id":"https:\/\/distribution.audio-technica.eu\/es-es\/noticias\/con-el-nuevo-glm-4-1-genelec-celebra-15-anos-de-procesamiento-digital-en-monitores-de-estudio\/"},"author":{"name":"ctorras","@id":"https:\/\/distribution.audio-technica.eu\/es-es\/#\/schema\/person\/dbf0d33217ceab6329b4c3144742f2fb"},"headline":"Con el nuevo GLM 4.1, Genelec celebra 15 a\u00f1os de procesamiento digital en monitores de estudio","datePublished":"2021-07-15T11:30:34+00:00","dateModified":"2023-07-31T09:16:38+00:00","mainEntityOfPage":{"@id":"https:\/\/distribution.audio-technica.eu\/es-es\/noticias\/con-el-nuevo-glm-4-1-genelec-celebra-15-anos-de-procesamiento-digital-en-monitores-de-estudio\/"},"wordCount":858,"image":{"@id":"https:\/\/distribution.audio-technica.eu\/es-es\/noticias\/con-el-nuevo-glm-4-1-genelec-celebra-15-anos-de-procesamiento-digital-en-monitores-de-estudio\/#primaryimage"},"thumbnailUrl":"\/app\/uploads\/sites\/2\/WP-2021_GLM-4.1_PR1-banner.jpg","keywords":["GLM","Monitores de estudio","SAM"],"articleSection":["Software Updates"],"inLanguage":"es"},{"@type":"WebPage","@id":"https:\/\/distribution.audio-technica.eu\/es-es\/noticias\/con-el-nuevo-glm-4-1-genelec-celebra-15-anos-de-procesamiento-digital-en-monitores-de-estudio\/","url":"https:\/\/distribution.audio-technica.eu\/es-es\/noticias\/con-el-nuevo-glm-4-1-genelec-celebra-15-anos-de-procesamiento-digital-en-monitores-de-estudio\/","name":"Con el nuevo GLM 4.1, Genelec celebra 15 a\u00f1os de procesamiento digital en monitores de estudio - Audio-Technica Iberia","isPartOf":{"@id":"https:\/\/distribution.audio-technica.eu\/es-es\/#website"},"primaryImageOfPage":{"@id":"https:\/\/distribution.audio-technica.eu\/es-es\/noticias\/con-el-nuevo-glm-4-1-genelec-celebra-15-anos-de-procesamiento-digital-en-monitores-de-estudio\/#primaryimage"},"image":{"@id":"https:\/\/distribution.audio-technica.eu\/es-es\/noticias\/con-el-nuevo-glm-4-1-genelec-celebra-15-anos-de-procesamiento-digital-en-monitores-de-estudio\/#primaryimage"},"thumbnailUrl":"\/app\/uploads\/sites\/2\/WP-2021_GLM-4.1_PR1-banner.jpg","datePublished":"2021-07-15T11:30:34+00:00","dateModified":"2023-07-31T09:16:38+00:00","author":{"@id":"https:\/\/distribution.audio-technica.eu\/es-es\/#\/schema\/person\/dbf0d33217ceab6329b4c3144742f2fb"},"breadcrumb":{"@id":"https:\/\/distribution.audio-technica.eu\/es-es\/noticias\/con-el-nuevo-glm-4-1-genelec-celebra-15-anos-de-procesamiento-digital-en-monitores-de-estudio\/#breadcrumb"},"inLanguage":"es","potentialAction":[{"@type":"ReadAction","target":["https:\/\/distribution.audio-technica.eu\/es-es\/noticias\/con-el-nuevo-glm-4-1-genelec-celebra-15-anos-de-procesamiento-digital-en-monitores-de-estudio\/"]}]},{"@type":"ImageObject","inLanguage":"es","@id":"https:\/\/distribution.audio-technica.eu\/es-es\/noticias\/con-el-nuevo-glm-4-1-genelec-celebra-15-anos-de-procesamiento-digital-en-monitores-de-estudio\/#primaryimage","url":"\/app\/uploads\/sites\/2\/WP-2021_GLM-4.1_PR1-banner.jpg","contentUrl":"\/app\/uploads\/sites\/2\/WP-2021_GLM-4.1_PR1-banner.jpg","width":640,"height":360},{"@type":"BreadcrumbList","@id":"https:\/\/distribution.audio-technica.eu\/es-es\/noticias\/con-el-nuevo-glm-4-1-genelec-celebra-15-anos-de-procesamiento-digital-en-monitores-de-estudio\/#breadcrumb","itemListElement":[{"@type":"ListItem","position":1,"name":"Products","item":"https:\/\/distribution.audio-technica.eu\/es-es\/"},{"@type":"ListItem","position":2,"name":"Con el nuevo GLM 4.1, Genelec celebra 15 a\u00f1os de procesamiento digital en monitores de estudio"}]},{"@type":"WebSite","@id":"https:\/\/distribution.audio-technica.eu\/es-es\/#website","url":"https:\/\/distribution.audio-technica.eu\/es-es\/","name":"Audio-Technica Iberia","description":"Distribuci\u00f3n","potentialAction":[{"@type":"SearchAction","target":{"@type":"EntryPoint","urlTemplate":"https:\/\/distribution.audio-technica.eu\/es-es\/?s={search_term_string}"},"query-input":{"@type":"PropertyValueSpecification","valueRequired":true,"valueName":"search_term_string"}}],"inLanguage":"es"},{"@type":"Person","@id":"https:\/\/distribution.audio-technica.eu\/es-es\/#\/schema\/person\/dbf0d33217ceab6329b4c3144742f2fb","name":"ctorras"}]}},"_links":{"self":[{"href":"https:\/\/distribution.audio-technica.eu\/es-es\/wp-json\/wp\/v2\/posts\/24700","targetHints":{"allow":["GET"]}}],"collection":[{"href":"https:\/\/distribution.audio-technica.eu\/es-es\/wp-json\/wp\/v2\/posts"}],"about":[{"href":"https:\/\/distribution.audio-technica.eu\/es-es\/wp-json\/wp\/v2\/types\/post"}],"author":[{"embeddable":true,"href":"https:\/\/distribution.audio-technica.eu\/es-es\/wp-json\/wp\/v2\/users\/2"}],"replies":[{"embeddable":true,"href":"https:\/\/distribution.audio-technica.eu\/es-es\/wp-json\/wp\/v2\/comments?post=24700"}],"version-history":[{"count":2,"href":"https:\/\/distribution.audio-technica.eu\/es-es\/wp-json\/wp\/v2\/posts\/24700\/revisions"}],"predecessor-version":[{"id":24703,"href":"https:\/\/distribution.audio-technica.eu\/es-es\/wp-json\/wp\/v2\/posts\/24700\/revisions\/24703"}],"wp:featuredmedia":[{"embeddable":true,"href":"https:\/\/distribution.audio-technica.eu\/es-es\/wp-json\/wp\/v2\/media\/24698"}],"wp:attachment":[{"href":"https:\/\/distribution.audio-technica.eu\/es-es\/wp-json\/wp\/v2\/media?parent=24700"}],"wp:term":[{"taxonomy":"category","embeddable":true,"href":"https:\/\/distribution.audio-technica.eu\/es-es\/wp-json\/wp\/v2\/categories?post=24700"},{"taxonomy":"post_tag","embeddable":true,"href":"https:\/\/distribution.audio-technica.eu\/es-es\/wp-json\/wp\/v2\/tags?post=24700"}],"curies":[{"name":"wp","href":"https:\/\/api.w.org\/{rel}","templated":true}]}}