{"id":2499,"date":"2018-05-27T20:22:59","date_gmt":"2018-05-27T18:22:59","guid":{"rendered":"http:\/\/noticias.audio-technica.es\/?p=2499"},"modified":"2023-07-30T14:19:53","modified_gmt":"2023-07-30T12:19:53","slug":"audio-technica-allen-heath-genelec-apoyan-onda-cero-rocio-2018","status":"publish","type":"post","link":"https:\/\/distribution.audio-technica.eu\/es-es\/noticias\/audio-technica-allen-heath-genelec-apoyan-onda-cero-rocio-2018\/","title":{"rendered":"Audio-Technica, Allen &amp; Heath y Genelec apoyan la emisi\u00f3n de Onda Cero durante la celebraci\u00f3n de El Roc\u00edo 2018"},"content":{"rendered":"<h2>Audio-Technica Iberia y sus marcas distribuidas respaldaron la cobertura de radio y televisi\u00f3n de El Roc\u00edo 2018 con una estrecha colaboraci\u00f3n con Atresmedia, propietaria de los canales de TV Antena 3 y La Sexta, y de las emisoras de radio Onda Cero, Europa FM y Melod\u00eda FM, entre otros, que ofrecen cobertura nacional.<\/h2>\n<p><a href=\"https:\/\/distribution.audio-technica.eu\/es\/wp-content\/uploads\/sites\/2\/NdP-AT-El-Rocio-9.jpg\"><img loading=\"lazy\" decoding=\"async\" class=\"wp-image-6937 size-800 aligncenter\" src=\"\/es\/wp-content\/uploads\/sites\/2\/NdP-AT-El-Rocio-9-800x600.jpg\" alt=\"Audio-Technica, Allen &amp; Heath y Genelec apoyan la emisi\u00f3n de Onda Cero durante la celebraci\u00f3n de El Roc\u00edo 2018\" width=\"800\" height=\"600\" srcset=\"https:\/\/distribution.audio-technica.eu\/app\/uploads\/sites\/2\/NdP-AT-El-Rocio-9-800x600.jpg 800w, https:\/\/distribution.audio-technica.eu\/app\/uploads\/sites\/2\/NdP-AT-El-Rocio-9-300x225.jpg 300w, https:\/\/distribution.audio-technica.eu\/app\/uploads\/sites\/2\/NdP-AT-El-Rocio-9-768x576.jpg 768w, https:\/\/distribution.audio-technica.eu\/app\/uploads\/sites\/2\/NdP-AT-El-Rocio-9-1024x768.jpg 1024w, https:\/\/distribution.audio-technica.eu\/app\/uploads\/sites\/2\/NdP-AT-El-Rocio-9-200x150.jpg 200w, https:\/\/distribution.audio-technica.eu\/app\/uploads\/sites\/2\/NdP-AT-El-Rocio-9-400x300.jpg 400w, https:\/\/distribution.audio-technica.eu\/app\/uploads\/sites\/2\/NdP-AT-El-Rocio-9-600x450.jpg 600w, https:\/\/distribution.audio-technica.eu\/app\/uploads\/sites\/2\/NdP-AT-El-Rocio-9-1200x900.jpg 1200w\" sizes=\"auto, (max-width: 800px) 100vw, 800px\" \/><\/a><\/p>\n<p>El Roc\u00edo es uno de los mayores eventos de peregrinaci\u00f3n en el mundo, y atrae cada a\u00f1o a 1,5 millones de devotos de la Virgen Mar\u00eda en la peque\u00f1a localidad de La Aldea del Roc\u00edo (Huelva). La Aldea del Roc\u00edo tiene una poblaci\u00f3n estable de 1.000 habitantes, pero este n\u00famero crece cada a\u00f1o hasta los 1,5 millones de personas durante la semana anterior al lunes de Pentecost\u00e9s. La historia dice que hace siglos un humilde cazador encontr\u00f3 una imagen de la Virgen Mar\u00eda escondida en una excavaci\u00f3n hecha en el tronco de un \u00e1rbol. No hay certeza sobre eso, pero parece que la imagen era una escultura barroca en madera, escondida all\u00ed mucho tiempo atr\u00e1s. La escultura fue adoptada por los habitantes de la regi\u00f3n como una Madre Bendita y protectora. La obra de arte tambi\u00e9n sufri\u00f3 algunas modificaciones, para adaptarse a la est\u00e9tica del momento, y se llam\u00f3 Virgen del Roc\u00edo, y as\u00ed empez\u00f3 una tradici\u00f3n de devotos que cada a\u00f1o vienen de todas partes de Andaluc\u00eda y el resto de Espa\u00f1a con el fin de mostrar su devoci\u00f3n y respeto a la Virgen Mar\u00eda. La semana de celebraci\u00f3n finaliza el lunes de Pentecost\u00e9s, cuando la imagen de la Virgen del Roc\u00edo sale de la iglesia local y recorre el pueblo seguido de cientos de miles de peregrinos. Este evento est\u00e1 lleno de belleza, colores y tradici\u00f3n y de una profunda emotividad. Los peregrinos llegan a La Aldea del Roc\u00edo agrupados en m\u00e1s de 120 hermandades diferentes, todas ellas portando sus estandartes y cantando himnos mientras viajan con caballos, carros, o a pie.<\/p>\n<p><a href=\"https:\/\/distribution.audio-technica.eu\/es\/wp-content\/uploads\/sites\/2\/NdP-AT-El-Rocio-8.jpg\"><img loading=\"lazy\" decoding=\"async\" class=\"wp-image-6936 size-800 aligncenter\" src=\"\/es\/wp-content\/uploads\/sites\/2\/NdP-AT-El-Rocio-8-800x600.jpg\" alt=\"Audio-Technica, Allen &amp; Heath y Genelec apoyan la emisi\u00f3n de Onda Cero durante la celebraci\u00f3n de El Roc\u00edo 2018\" width=\"800\" height=\"600\" srcset=\"https:\/\/distribution.audio-technica.eu\/app\/uploads\/sites\/2\/NdP-AT-El-Rocio-8-800x600.jpg 800w, https:\/\/distribution.audio-technica.eu\/app\/uploads\/sites\/2\/NdP-AT-El-Rocio-8-300x225.jpg 300w, https:\/\/distribution.audio-technica.eu\/app\/uploads\/sites\/2\/NdP-AT-El-Rocio-8-768x576.jpg 768w, https:\/\/distribution.audio-technica.eu\/app\/uploads\/sites\/2\/NdP-AT-El-Rocio-8-1024x768.jpg 1024w, https:\/\/distribution.audio-technica.eu\/app\/uploads\/sites\/2\/NdP-AT-El-Rocio-8-200x150.jpg 200w, https:\/\/distribution.audio-technica.eu\/app\/uploads\/sites\/2\/NdP-AT-El-Rocio-8-400x300.jpg 400w, https:\/\/distribution.audio-technica.eu\/app\/uploads\/sites\/2\/NdP-AT-El-Rocio-8-600x450.jpg 600w, https:\/\/distribution.audio-technica.eu\/app\/uploads\/sites\/2\/NdP-AT-El-Rocio-8-1200x900.jpg 1200w\" sizes=\"auto, (max-width: 800px) 100vw, 800px\" \/><\/a><\/p>\n<p>La repercusi\u00f3n econ\u00f3mica de este evento es de unos 120 millones de euros, principalmente para la hosteler\u00eda, alimentaci\u00f3n y cuidado de animales. Adem\u00e1s, todos los principales grupos de medios p\u00fablicos y privados espa\u00f1oles construyen estudios temporales en las casas de La Aldea del Roc\u00edo, o desplazan unidades m\u00f3viles, y producen y transmiten sus programas desde este lugar durante los d\u00edas festivos.<\/p>\n<p>Adem\u00e1s del aspecto religioso de este evento, muchas personas toman esta festividad todos los a\u00f1os como una oportunidad para vivir unos d\u00edas con familiares y amigos, compartir conversaciones, m\u00fasica y comida, y tambi\u00e9n para estar en contacto con las tradiciones, regresando al campo para algunos d\u00edas.<\/p>\n<p><strong>Los programas de radio y TV<\/strong><\/p>\n<p>La presencia principal del grupo Atresmedia en el evento se realiz\u00f3 a trav\u00e9s de su emisora de radio l\u00edder, Onda Cero. Programas de cobertura nacional como M\u00e1s de uno, conducido por Juan Ram\u00f3n Lucas, Por fin no es lunes, conducido por Jaime Cantizano y Gente viajera, conducido por Esther R\u00edos fueron transmitidos en directo desde La Aldea del Roc\u00edo.<\/p>\n<p>Adem\u00e1s, la ma\u00f1ana del viernes 18, el estudio de radio Onda Cero fue visitado por la estaci\u00f3n hermana de televisi\u00f3n Antena 3, y parte del programa Espejo P\u00fablico tambi\u00e9n fue transmitido desde La Aldea del Roc\u00edo.<\/p>\n<p><a href=\"https:\/\/distribution.audio-technica.eu\/es\/wp-content\/uploads\/sites\/2\/NdP-AT-El-Rocio-6.jpg\"><img loading=\"lazy\" decoding=\"async\" class=\"wp-image-6934 size-800 aligncenter\" src=\"\/es\/wp-content\/uploads\/sites\/2\/NdP-AT-El-Rocio-6-800x600.jpg\" alt=\"Audio-Technica, Allen &amp; Heath y Genelec apoyan la emisi\u00f3n de Onda Cero durante la celebraci\u00f3n de El Roc\u00edo 2018\" width=\"800\" height=\"600\" srcset=\"https:\/\/distribution.audio-technica.eu\/app\/uploads\/sites\/2\/NdP-AT-El-Rocio-6-800x600.jpg 800w, https:\/\/distribution.audio-technica.eu\/app\/uploads\/sites\/2\/NdP-AT-El-Rocio-6-300x225.jpg 300w, https:\/\/distribution.audio-technica.eu\/app\/uploads\/sites\/2\/NdP-AT-El-Rocio-6-768x576.jpg 768w, https:\/\/distribution.audio-technica.eu\/app\/uploads\/sites\/2\/NdP-AT-El-Rocio-6-1024x768.jpg 1024w, https:\/\/distribution.audio-technica.eu\/app\/uploads\/sites\/2\/NdP-AT-El-Rocio-6-200x150.jpg 200w, https:\/\/distribution.audio-technica.eu\/app\/uploads\/sites\/2\/NdP-AT-El-Rocio-6-400x300.jpg 400w, https:\/\/distribution.audio-technica.eu\/app\/uploads\/sites\/2\/NdP-AT-El-Rocio-6-600x450.jpg 600w, https:\/\/distribution.audio-technica.eu\/app\/uploads\/sites\/2\/NdP-AT-El-Rocio-6-1200x900.jpg 1200w, https:\/\/distribution.audio-technica.eu\/app\/uploads\/sites\/2\/NdP-AT-El-Rocio-6.jpg 1600w\" sizes=\"auto, (max-width: 800px) 100vw, 800px\" \/><\/a><\/p>\n<p><strong>Allen &amp; Heath dLive: el n\u00facleo del estudio Onda Cero<\/strong><\/p>\n<p>Un sistema Allen &amp; Heath dLive fue el elemento central en el estudio de radio Onda Cero construido expresamente para esta ocasi\u00f3n. Este sistema inclu\u00eda un <a href=\"https:\/\/eu.audio-technica.com\/brands\/allenheath\/ah-por-series\/dlive-s-class\/dLive-DM64?lang=es\">DM64 MixRack<\/a> con tarjeta Dante y una superficie de control <a href=\"https:\/\/eu.audio-technica.com\/brands\/allenheath\/ah-por-series\/dlive-s-class\/dLive-S5000?lang=es\">S5000<\/a>, y ten\u00eda dos prop\u00f3sitos principales. En primer lugar, la producci\u00f3n local, que consiste en la mezcla de todos los micr\u00f3fonos utilizados por los directores del programa, periodistas, invitados y m\u00fasicos, incluidas las guitarras flamencas y los coros. Esta mezcla se us\u00f3 para alimentar un sistema de megafon\u00eda local creado con monitores Genelec y, lo que es m\u00e1s importante, esta mezcla se us\u00f3 para alimentar la transmisi\u00f3n de radio. Esta fue precisamente la otra misi\u00f3n clave para el sistema dLive, que actu\u00f3 como una matriz de transmisi\u00f3n durante 4 d\u00edas consecutivos. Este trabajo consisti\u00f3 en el env\u00edo de la mezcla local a los principales estudios Onda Cero en Madrid, y la recepci\u00f3n de una mezcla N-1 generada en Madrid, que fue utilizada localmente de nuevo para referencia de audio. La potencia y la flexibilidad de enrutamiento del sistema dLive hicieron que todo este proceso fuera f\u00e1cil y sin interrupciones. Tambi\u00e9n es importante tener en cuenta que la latencia extremadamente baja del sistema dLive es realmente un valor agregado en aplicaciones broadcast.<\/p>\n<p><a href=\"https:\/\/distribution.audio-technica.eu\/es\/wp-content\/uploads\/sites\/2\/NdP-AT-El-Rocio-5.jpg\"><img loading=\"lazy\" decoding=\"async\" class=\"aligncenter wp-image-6933 size-800\" src=\"\/es\/wp-content\/uploads\/sites\/2\/NdP-AT-El-Rocio-5-800x1067.jpg\" alt=\"Audio-Technica, Allen &amp; Heath y Genelec apoyan la emisi\u00f3n de Onda Cero durante la celebraci\u00f3n de El Roc\u00edo 2018\" width=\"800\" height=\"1067\" srcset=\"https:\/\/distribution.audio-technica.eu\/app\/uploads\/sites\/2\/NdP-AT-El-Rocio-5-800x1067.jpg 800w, https:\/\/distribution.audio-technica.eu\/app\/uploads\/sites\/2\/NdP-AT-El-Rocio-5-225x300.jpg 225w, https:\/\/distribution.audio-technica.eu\/app\/uploads\/sites\/2\/NdP-AT-El-Rocio-5-768x1024.jpg 768w, https:\/\/distribution.audio-technica.eu\/app\/uploads\/sites\/2\/NdP-AT-El-Rocio-5-200x267.jpg 200w, https:\/\/distribution.audio-technica.eu\/app\/uploads\/sites\/2\/NdP-AT-El-Rocio-5-400x533.jpg 400w, https:\/\/distribution.audio-technica.eu\/app\/uploads\/sites\/2\/NdP-AT-El-Rocio-5-600x800.jpg 600w, https:\/\/distribution.audio-technica.eu\/app\/uploads\/sites\/2\/NdP-AT-El-Rocio-5-1200x1600.jpg 1200w\" sizes=\"auto, (max-width: 800px) 100vw, 800px\" \/><\/a><\/p>\n<p><strong>Micr\u00f3fonos, auriculares y monitoraje<\/strong><\/p>\n<p>En cuanto a micr\u00f3fonos, los directores de los diferentes programas, as\u00ed como los periodistas e invitados usaron una combinaci\u00f3n de micr\u00f3fonos de flexo Audio-Technica <a href=\"https:\/\/eu.audio-technica.com\/PRO49Q?lang=es\">Pro 49Q<\/a> y <a href=\"https:\/\/eu.audio-technica.com\/PRO49QL?lang=es\">Pro 49QL<\/a> unidos a las bases de micr\u00f3fono <a href=\"https:\/\/eu.audio-technica.com\/AT8666?lang=es\">AT8666<\/a> y <a href=\"https:\/\/eu.audio-technica.com\/AT8666RSP?lang=es\">AT8666RSP<\/a>. Este micr\u00f3fono fue elogiado por su calidad, inteligibilidad y rechazo de ruido. Para las actuaciones musicales se usaron varias unidades del micr\u00f3fono din\u00e1mico <a href=\"https:\/\/eu.audio-technica.com\/ATM610a?lang=es\">ATM610a<\/a>. Los reporteros de radio que caminaron alrededor de La Aldea del Roc\u00edo usaron micr\u00f3fonos <a href=\"https:\/\/eu.audio-technica.com\/BP4001?lang=es\">BP4001<\/a> para sus cr\u00f3nicas y entrevistas.<\/p>\n<p>En cuanto al monitoraje, el estudio de radio ten\u00eda un par de monitores Genelec 8020 para PA local y 10 auriculares Audio-Technica para los conductores del programa, periodistas y t\u00e9cnicos. Los modelos elegidos fueron <a href=\"https:\/\/eu.audio-technica.com\/ATH-M20x?lang=es\">ATH-M20x<\/a>, <a href=\"https:\/\/eu.audio-technica.com\/ATH-M40x?lang=es\">ATH-M40x<\/a>, <a href=\"https:\/\/eu.audio-technica.com\/ATH-M50x?lang=es\">ATH-M50x<\/a> y <a href=\"https:\/\/eu.audio-technica.com\/ATH-M70x?lang=es\">ATH-M70x<\/a>.<\/p>\n<p><a href=\"https:\/\/distribution.audio-technica.eu\/es\/wp-content\/uploads\/sites\/2\/NdP-AT-El-Rocio-0.jpg\"><img loading=\"lazy\" decoding=\"async\" class=\"aligncenter wp-image-2497 size-800\" src=\"\/es\/wp-content\/uploads\/sites\/2\/NdP-AT-El-Rocio-0-800x600.jpg\" alt=\"Audio-Technica, Allen &amp; Heath y Genelec apoyan la emisi\u00f3n de Onda Cero durante la celebraci\u00f3n de El Roc\u00edo 2018\" width=\"800\" height=\"600\" srcset=\"https:\/\/distribution.audio-technica.eu\/app\/uploads\/sites\/2\/NdP-AT-El-Rocio-0-800x600.jpg 800w, https:\/\/distribution.audio-technica.eu\/app\/uploads\/sites\/2\/NdP-AT-El-Rocio-0-300x225.jpg 300w, https:\/\/distribution.audio-technica.eu\/app\/uploads\/sites\/2\/NdP-AT-El-Rocio-0-768x576.jpg 768w, https:\/\/distribution.audio-technica.eu\/app\/uploads\/sites\/2\/NdP-AT-El-Rocio-0-1024x768.jpg 1024w, https:\/\/distribution.audio-technica.eu\/app\/uploads\/sites\/2\/NdP-AT-El-Rocio-0-200x150.jpg 200w, https:\/\/distribution.audio-technica.eu\/app\/uploads\/sites\/2\/NdP-AT-El-Rocio-0-400x300.jpg 400w, https:\/\/distribution.audio-technica.eu\/app\/uploads\/sites\/2\/NdP-AT-El-Rocio-0-600x450.jpg 600w, https:\/\/distribution.audio-technica.eu\/app\/uploads\/sites\/2\/NdP-AT-El-Rocio-0-1200x900.jpg 1200w\" sizes=\"auto, (max-width: 800px) 100vw, 800px\" \/><\/a><\/p>\n<p><strong>El concepto y los equipos de trabajo<\/strong><\/p>\n<p>La productora local <a href=\"http:\/\/www.dbsound.es\/\">DB Sound<\/a>, con sede en Huelva, brind\u00f3 el soporte t\u00e9cnico y log\u00edstico tanto a <a href=\"http:\/\/www.ondacero.es\/\">Onda Cero Radio<\/a> como a Audio-Technica Iberia. El dise\u00f1o y el equipo conjunto para este estudio de radio temporal fue llevada a cabo por Iv\u00e1n Infante, Director T\u00e9cnico de Onda Cero Huelva, en colaboraci\u00f3n con Dar\u00edo Rasco, director t\u00e9cnico de DB Sound y Gabriel Albornoz, director de audio profesional en Audio-Technica Iberia. Esta producci\u00f3n cont\u00f3 con el apoyo de Alex Blanco, especialista de productos para directo, y Roberto L\u00f3pez, director de estudios y broadcast, ambos tambi\u00e9n de Audio-Technica Iberia.<\/p>\n<p>Las tareas de gesti\u00f3n y direcci\u00f3n general fueron dirigidas por Marcelino Fern\u00e1ndez Aguado, director general de Onda Cero, Carmen Recio Aguilera, delegada de Onda Cero, y Jaime Ortu\u00f1o Castellando, director de <a href=\"http:\/\/www.ondacero.es\/emisoras\/andalucia\/huelva\/\">Onda Cero Huelva<\/a>.<\/p>\n<p><a href=\"https:\/\/distribution.audio-technica.eu\/es\/wp-content\/uploads\/sites\/2\/NdP-AT-El-Rocio-7.jpg\"><img loading=\"lazy\" decoding=\"async\" class=\"aligncenter wp-image-6935 size-800\" src=\"\/es\/wp-content\/uploads\/sites\/2\/NdP-AT-El-Rocio-7-800x1067.jpg\" alt=\"Audio-Technica, Allen &amp; Heath y Genelec apoyan la emisi\u00f3n de Onda Cero durante la celebraci\u00f3n de El Roc\u00edo 2018\" width=\"800\" height=\"1067\" srcset=\"https:\/\/distribution.audio-technica.eu\/app\/uploads\/sites\/2\/NdP-AT-El-Rocio-7-800x1067.jpg 800w, https:\/\/distribution.audio-technica.eu\/app\/uploads\/sites\/2\/NdP-AT-El-Rocio-7-225x300.jpg 225w, https:\/\/distribution.audio-technica.eu\/app\/uploads\/sites\/2\/NdP-AT-El-Rocio-7-768x1024.jpg 768w, https:\/\/distribution.audio-technica.eu\/app\/uploads\/sites\/2\/NdP-AT-El-Rocio-7-200x267.jpg 200w, https:\/\/distribution.audio-technica.eu\/app\/uploads\/sites\/2\/NdP-AT-El-Rocio-7-400x533.jpg 400w, https:\/\/distribution.audio-technica.eu\/app\/uploads\/sites\/2\/NdP-AT-El-Rocio-7-600x800.jpg 600w, https:\/\/distribution.audio-technica.eu\/app\/uploads\/sites\/2\/NdP-AT-El-Rocio-7-1200x1600.jpg 1200w\" sizes=\"auto, (max-width: 800px) 100vw, 800px\" \/><\/a><\/p>\n","protected":false},"excerpt":{"rendered":"<p>Audio-Technica Iberia y sus marcas distribuidas respaldaron la cobertura de radio y televisi\u00f3n de El Roc\u00edo 2018 con una estrecha colaboraci\u00f3n con Atresmedia, propietaria de los canales de TV Antena 3 y La Sexta, y de las emisoras de radio Onda Cero, Europa FM y Melod\u00eda FM, entre otros, que ofrecen cobertura nacional. El Roc\u00edo [&hellip;]<\/p>\n","protected":false},"author":1,"featured_media":2498,"comment_status":"closed","ping_status":"closed","sticky":false,"template":"","format":"standard","meta":{"_acf_changed":false,"footnotes":""},"categories":[2458],"tags":[1775,1587,1901,1902,1903],"class_list":["post-2499","post","type-post","status-publish","format-standard","has-post-thumbnail","hentry","category-eventos","tag-atresmedia","tag-dlive","tag-onda-cero","tag-radio","tag-rocio"],"acf":[],"yoast_head":"<!-- This site is optimized with the Yoast SEO plugin v27.1.1 - https:\/\/yoast.com\/product\/yoast-seo-wordpress\/ -->\n<title>Audio-Technica, Allen &amp; Heath y Genelec apoyan la emisi\u00f3n de Onda Cero durante la celebraci\u00f3n de El Roc\u00edo 2018 - Audio-Technica Iberia<\/title>\n<meta name=\"robots\" content=\"index, follow, max-snippet:-1, max-image-preview:large, max-video-preview:-1\" \/>\n<link rel=\"canonical\" href=\"https:\/\/distribution.audio-technica.eu\/es-es\/noticias\/audio-technica-allen-heath-genelec-apoyan-onda-cero-rocio-2018\/\" \/>\n<meta property=\"og:locale\" content=\"es_ES\" \/>\n<meta property=\"og:type\" content=\"article\" \/>\n<meta property=\"og:title\" content=\"Audio-Technica, Allen &amp; Heath y Genelec apoyan la emisi\u00f3n de Onda Cero durante la celebraci\u00f3n de El Roc\u00edo 2018 - Audio-Technica Iberia\" \/>\n<meta property=\"og:description\" content=\"Audio-Technica Iberia y sus marcas distribuidas respaldaron la cobertura de radio y televisi\u00f3n de El Roc\u00edo 2018 con una estrecha colaboraci\u00f3n con Atresmedia, propietaria de los canales de TV Antena 3 y La Sexta, y de las emisoras de radio Onda Cero, Europa FM y Melod\u00eda FM, entre otros, que ofrecen cobertura nacional. El Roc\u00edo [&hellip;]\" \/>\n<meta property=\"og:url\" content=\"https:\/\/distribution.audio-technica.eu\/es-es\/noticias\/audio-technica-allen-heath-genelec-apoyan-onda-cero-rocio-2018\/\" \/>\n<meta property=\"og:site_name\" content=\"Audio-Technica Iberia\" \/>\n<meta property=\"article:published_time\" content=\"2018-05-27T18:22:59+00:00\" \/>\n<meta property=\"article:modified_time\" content=\"2023-07-30T12:19:53+00:00\" \/>\n<meta property=\"og:image\" content=\"https:\/\/distribution.audio-technica.eu\/app\/uploads\/sites\/2\/NdP-AT-El-Rocio-banner.jpg\" \/>\n\t<meta property=\"og:image:width\" content=\"640\" \/>\n\t<meta property=\"og:image:height\" content=\"360\" \/>\n\t<meta property=\"og:image:type\" content=\"image\/jpeg\" \/>\n<meta name=\"author\" content=\"Audio-Technica\" \/>\n<meta name=\"twitter:card\" content=\"summary_large_image\" \/>\n<meta name=\"twitter:label1\" content=\"Escrito por\" \/>\n\t<meta name=\"twitter:data1\" content=\"Audio-Technica\" \/>\n\t<meta name=\"twitter:label2\" content=\"Tiempo de lectura\" \/>\n\t<meta name=\"twitter:data2\" content=\"6 minutos\" \/>\n<script type=\"application\/ld+json\" class=\"yoast-schema-graph\">{\"@context\":\"https:\/\/schema.org\",\"@graph\":[{\"@type\":\"Article\",\"@id\":\"https:\/\/distribution.audio-technica.eu\/es-es\/noticias\/audio-technica-allen-heath-genelec-apoyan-onda-cero-rocio-2018\/#article\",\"isPartOf\":{\"@id\":\"https:\/\/distribution.audio-technica.eu\/es-es\/noticias\/audio-technica-allen-heath-genelec-apoyan-onda-cero-rocio-2018\/\"},\"author\":{\"name\":\"Audio-Technica\",\"@id\":\"https:\/\/distribution.audio-technica.eu\/es-es\/#\/schema\/person\/e8e715e047e33cc425e816f59cbd9b80\"},\"headline\":\"Audio-Technica, Allen &amp; Heath y Genelec apoyan la emisi\u00f3n de Onda Cero durante la celebraci\u00f3n de El Roc\u00edo 2018\",\"datePublished\":\"2018-05-27T18:22:59+00:00\",\"dateModified\":\"2023-07-30T12:19:53+00:00\",\"mainEntityOfPage\":{\"@id\":\"https:\/\/distribution.audio-technica.eu\/es-es\/noticias\/audio-technica-allen-heath-genelec-apoyan-onda-cero-rocio-2018\/\"},\"wordCount\":1128,\"image\":{\"@id\":\"https:\/\/distribution.audio-technica.eu\/es-es\/noticias\/audio-technica-allen-heath-genelec-apoyan-onda-cero-rocio-2018\/#primaryimage\"},\"thumbnailUrl\":\"\/app\/uploads\/sites\/2\/NdP-AT-El-Rocio-banner.jpg\",\"keywords\":[\"atresmedia\",\"dLive\",\"onda cero\",\"radio\",\"rocio\"],\"articleSection\":[\"Eventos\"],\"inLanguage\":\"es\"},{\"@type\":\"WebPage\",\"@id\":\"https:\/\/distribution.audio-technica.eu\/es-es\/noticias\/audio-technica-allen-heath-genelec-apoyan-onda-cero-rocio-2018\/\",\"url\":\"https:\/\/distribution.audio-technica.eu\/es-es\/noticias\/audio-technica-allen-heath-genelec-apoyan-onda-cero-rocio-2018\/\",\"name\":\"Audio-Technica, Allen &amp; Heath y Genelec apoyan la emisi\u00f3n de Onda Cero durante la celebraci\u00f3n de El Roc\u00edo 2018 - Audio-Technica Iberia\",\"isPartOf\":{\"@id\":\"https:\/\/distribution.audio-technica.eu\/es-es\/#website\"},\"primaryImageOfPage\":{\"@id\":\"https:\/\/distribution.audio-technica.eu\/es-es\/noticias\/audio-technica-allen-heath-genelec-apoyan-onda-cero-rocio-2018\/#primaryimage\"},\"image\":{\"@id\":\"https:\/\/distribution.audio-technica.eu\/es-es\/noticias\/audio-technica-allen-heath-genelec-apoyan-onda-cero-rocio-2018\/#primaryimage\"},\"thumbnailUrl\":\"\/app\/uploads\/sites\/2\/NdP-AT-El-Rocio-banner.jpg\",\"datePublished\":\"2018-05-27T18:22:59+00:00\",\"dateModified\":\"2023-07-30T12:19:53+00:00\",\"author\":{\"@id\":\"https:\/\/distribution.audio-technica.eu\/es-es\/#\/schema\/person\/e8e715e047e33cc425e816f59cbd9b80\"},\"breadcrumb\":{\"@id\":\"https:\/\/distribution.audio-technica.eu\/es-es\/noticias\/audio-technica-allen-heath-genelec-apoyan-onda-cero-rocio-2018\/#breadcrumb\"},\"inLanguage\":\"es\",\"potentialAction\":[{\"@type\":\"ReadAction\",\"target\":[\"https:\/\/distribution.audio-technica.eu\/es-es\/noticias\/audio-technica-allen-heath-genelec-apoyan-onda-cero-rocio-2018\/\"]}]},{\"@type\":\"ImageObject\",\"inLanguage\":\"es\",\"@id\":\"https:\/\/distribution.audio-technica.eu\/es-es\/noticias\/audio-technica-allen-heath-genelec-apoyan-onda-cero-rocio-2018\/#primaryimage\",\"url\":\"\/app\/uploads\/sites\/2\/NdP-AT-El-Rocio-banner.jpg\",\"contentUrl\":\"\/app\/uploads\/sites\/2\/NdP-AT-El-Rocio-banner.jpg\",\"width\":640,\"height\":360,\"caption\":\"Audio-Technica, Allen & Heath y Genelec apoyan la emisi\u00f3n de Onda Cero durante la celebraci\u00f3n de El Roc\u00edo 2018\"},{\"@type\":\"BreadcrumbList\",\"@id\":\"https:\/\/distribution.audio-technica.eu\/es-es\/noticias\/audio-technica-allen-heath-genelec-apoyan-onda-cero-rocio-2018\/#breadcrumb\",\"itemListElement\":[{\"@type\":\"ListItem\",\"position\":1,\"name\":\"Products\",\"item\":\"https:\/\/distribution.audio-technica.eu\/es-es\/\"},{\"@type\":\"ListItem\",\"position\":2,\"name\":\"Audio-Technica, Allen &amp; Heath y Genelec apoyan la emisi\u00f3n de Onda Cero durante la celebraci\u00f3n de El Roc\u00edo 2018\"}]},{\"@type\":\"WebSite\",\"@id\":\"https:\/\/distribution.audio-technica.eu\/es-es\/#website\",\"url\":\"https:\/\/distribution.audio-technica.eu\/es-es\/\",\"name\":\"Audio-Technica Iberia\",\"description\":\"Distribuci\u00f3n\",\"potentialAction\":[{\"@type\":\"SearchAction\",\"target\":{\"@type\":\"EntryPoint\",\"urlTemplate\":\"https:\/\/distribution.audio-technica.eu\/es-es\/?s={search_term_string}\"},\"query-input\":{\"@type\":\"PropertyValueSpecification\",\"valueRequired\":true,\"valueName\":\"search_term_string\"}}],\"inLanguage\":\"es\"},{\"@type\":\"Person\",\"@id\":\"https:\/\/distribution.audio-technica.eu\/es-es\/#\/schema\/person\/e8e715e047e33cc425e816f59cbd9b80\",\"name\":\"Audio-Technica\"}]}<\/script>\n<!-- \/ Yoast SEO plugin. -->","yoast_head_json":{"title":"Audio-Technica, Allen &amp; Heath y Genelec apoyan la emisi\u00f3n de Onda Cero durante la celebraci\u00f3n de El Roc\u00edo 2018 - Audio-Technica Iberia","robots":{"index":"index","follow":"follow","max-snippet":"max-snippet:-1","max-image-preview":"max-image-preview:large","max-video-preview":"max-video-preview:-1"},"canonical":"https:\/\/distribution.audio-technica.eu\/es-es\/noticias\/audio-technica-allen-heath-genelec-apoyan-onda-cero-rocio-2018\/","og_locale":"es_ES","og_type":"article","og_title":"Audio-Technica, Allen &amp; Heath y Genelec apoyan la emisi\u00f3n de Onda Cero durante la celebraci\u00f3n de El Roc\u00edo 2018 - Audio-Technica Iberia","og_description":"Audio-Technica Iberia y sus marcas distribuidas respaldaron la cobertura de radio y televisi\u00f3n de El Roc\u00edo 2018 con una estrecha colaboraci\u00f3n con Atresmedia, propietaria de los canales de TV Antena 3 y La Sexta, y de las emisoras de radio Onda Cero, Europa FM y Melod\u00eda FM, entre otros, que ofrecen cobertura nacional. El Roc\u00edo [&hellip;]","og_url":"https:\/\/distribution.audio-technica.eu\/es-es\/noticias\/audio-technica-allen-heath-genelec-apoyan-onda-cero-rocio-2018\/","og_site_name":"Audio-Technica Iberia","article_published_time":"2018-05-27T18:22:59+00:00","article_modified_time":"2023-07-30T12:19:53+00:00","og_image":[{"width":640,"height":360,"url":"https:\/\/distribution.audio-technica.eu\/app\/uploads\/sites\/2\/NdP-AT-El-Rocio-banner.jpg","type":"image\/jpeg"}],"author":"Audio-Technica","twitter_card":"summary_large_image","twitter_misc":{"Escrito por":"Audio-Technica","Tiempo de lectura":"6 minutos"},"schema":{"@context":"https:\/\/schema.org","@graph":[{"@type":"Article","@id":"https:\/\/distribution.audio-technica.eu\/es-es\/noticias\/audio-technica-allen-heath-genelec-apoyan-onda-cero-rocio-2018\/#article","isPartOf":{"@id":"https:\/\/distribution.audio-technica.eu\/es-es\/noticias\/audio-technica-allen-heath-genelec-apoyan-onda-cero-rocio-2018\/"},"author":{"name":"Audio-Technica","@id":"https:\/\/distribution.audio-technica.eu\/es-es\/#\/schema\/person\/e8e715e047e33cc425e816f59cbd9b80"},"headline":"Audio-Technica, Allen &amp; Heath y Genelec apoyan la emisi\u00f3n de Onda Cero durante la celebraci\u00f3n de El Roc\u00edo 2018","datePublished":"2018-05-27T18:22:59+00:00","dateModified":"2023-07-30T12:19:53+00:00","mainEntityOfPage":{"@id":"https:\/\/distribution.audio-technica.eu\/es-es\/noticias\/audio-technica-allen-heath-genelec-apoyan-onda-cero-rocio-2018\/"},"wordCount":1128,"image":{"@id":"https:\/\/distribution.audio-technica.eu\/es-es\/noticias\/audio-technica-allen-heath-genelec-apoyan-onda-cero-rocio-2018\/#primaryimage"},"thumbnailUrl":"\/app\/uploads\/sites\/2\/NdP-AT-El-Rocio-banner.jpg","keywords":["atresmedia","dLive","onda cero","radio","rocio"],"articleSection":["Eventos"],"inLanguage":"es"},{"@type":"WebPage","@id":"https:\/\/distribution.audio-technica.eu\/es-es\/noticias\/audio-technica-allen-heath-genelec-apoyan-onda-cero-rocio-2018\/","url":"https:\/\/distribution.audio-technica.eu\/es-es\/noticias\/audio-technica-allen-heath-genelec-apoyan-onda-cero-rocio-2018\/","name":"Audio-Technica, Allen &amp; Heath y Genelec apoyan la emisi\u00f3n de Onda Cero durante la celebraci\u00f3n de El Roc\u00edo 2018 - Audio-Technica Iberia","isPartOf":{"@id":"https:\/\/distribution.audio-technica.eu\/es-es\/#website"},"primaryImageOfPage":{"@id":"https:\/\/distribution.audio-technica.eu\/es-es\/noticias\/audio-technica-allen-heath-genelec-apoyan-onda-cero-rocio-2018\/#primaryimage"},"image":{"@id":"https:\/\/distribution.audio-technica.eu\/es-es\/noticias\/audio-technica-allen-heath-genelec-apoyan-onda-cero-rocio-2018\/#primaryimage"},"thumbnailUrl":"\/app\/uploads\/sites\/2\/NdP-AT-El-Rocio-banner.jpg","datePublished":"2018-05-27T18:22:59+00:00","dateModified":"2023-07-30T12:19:53+00:00","author":{"@id":"https:\/\/distribution.audio-technica.eu\/es-es\/#\/schema\/person\/e8e715e047e33cc425e816f59cbd9b80"},"breadcrumb":{"@id":"https:\/\/distribution.audio-technica.eu\/es-es\/noticias\/audio-technica-allen-heath-genelec-apoyan-onda-cero-rocio-2018\/#breadcrumb"},"inLanguage":"es","potentialAction":[{"@type":"ReadAction","target":["https:\/\/distribution.audio-technica.eu\/es-es\/noticias\/audio-technica-allen-heath-genelec-apoyan-onda-cero-rocio-2018\/"]}]},{"@type":"ImageObject","inLanguage":"es","@id":"https:\/\/distribution.audio-technica.eu\/es-es\/noticias\/audio-technica-allen-heath-genelec-apoyan-onda-cero-rocio-2018\/#primaryimage","url":"\/app\/uploads\/sites\/2\/NdP-AT-El-Rocio-banner.jpg","contentUrl":"\/app\/uploads\/sites\/2\/NdP-AT-El-Rocio-banner.jpg","width":640,"height":360,"caption":"Audio-Technica, Allen & Heath y Genelec apoyan la emisi\u00f3n de Onda Cero durante la celebraci\u00f3n de El Roc\u00edo 2018"},{"@type":"BreadcrumbList","@id":"https:\/\/distribution.audio-technica.eu\/es-es\/noticias\/audio-technica-allen-heath-genelec-apoyan-onda-cero-rocio-2018\/#breadcrumb","itemListElement":[{"@type":"ListItem","position":1,"name":"Products","item":"https:\/\/distribution.audio-technica.eu\/es-es\/"},{"@type":"ListItem","position":2,"name":"Audio-Technica, Allen &amp; Heath y Genelec apoyan la emisi\u00f3n de Onda Cero durante la celebraci\u00f3n de El Roc\u00edo 2018"}]},{"@type":"WebSite","@id":"https:\/\/distribution.audio-technica.eu\/es-es\/#website","url":"https:\/\/distribution.audio-technica.eu\/es-es\/","name":"Audio-Technica Iberia","description":"Distribuci\u00f3n","potentialAction":[{"@type":"SearchAction","target":{"@type":"EntryPoint","urlTemplate":"https:\/\/distribution.audio-technica.eu\/es-es\/?s={search_term_string}"},"query-input":{"@type":"PropertyValueSpecification","valueRequired":true,"valueName":"search_term_string"}}],"inLanguage":"es"},{"@type":"Person","@id":"https:\/\/distribution.audio-technica.eu\/es-es\/#\/schema\/person\/e8e715e047e33cc425e816f59cbd9b80","name":"Audio-Technica"}]}},"_links":{"self":[{"href":"https:\/\/distribution.audio-technica.eu\/es-es\/wp-json\/wp\/v2\/posts\/2499","targetHints":{"allow":["GET"]}}],"collection":[{"href":"https:\/\/distribution.audio-technica.eu\/es-es\/wp-json\/wp\/v2\/posts"}],"about":[{"href":"https:\/\/distribution.audio-technica.eu\/es-es\/wp-json\/wp\/v2\/types\/post"}],"author":[{"embeddable":true,"href":"https:\/\/distribution.audio-technica.eu\/es-es\/wp-json\/wp\/v2\/users\/1"}],"replies":[{"embeddable":true,"href":"https:\/\/distribution.audio-technica.eu\/es-es\/wp-json\/wp\/v2\/comments?post=2499"}],"version-history":[{"count":11,"href":"https:\/\/distribution.audio-technica.eu\/es-es\/wp-json\/wp\/v2\/posts\/2499\/revisions"}],"predecessor-version":[{"id":27147,"href":"https:\/\/distribution.audio-technica.eu\/es-es\/wp-json\/wp\/v2\/posts\/2499\/revisions\/27147"}],"wp:featuredmedia":[{"embeddable":true,"href":"https:\/\/distribution.audio-technica.eu\/es-es\/wp-json\/wp\/v2\/media\/2498"}],"wp:attachment":[{"href":"https:\/\/distribution.audio-technica.eu\/es-es\/wp-json\/wp\/v2\/media?parent=2499"}],"wp:term":[{"taxonomy":"category","embeddable":true,"href":"https:\/\/distribution.audio-technica.eu\/es-es\/wp-json\/wp\/v2\/categories?post=2499"},{"taxonomy":"post_tag","embeddable":true,"href":"https:\/\/distribution.audio-technica.eu\/es-es\/wp-json\/wp\/v2\/tags?post=2499"}],"curies":[{"name":"wp","href":"https:\/\/api.w.org\/{rel}","templated":true}]}}