{"id":25132,"date":"2021-08-30T08:00:08","date_gmt":"2021-08-30T06:00:08","guid":{"rendered":"https:\/\/atdb-production.studiograft.dev\/es\/?p=25132"},"modified":"2023-07-31T10:52:10","modified_gmt":"2023-07-31T08:52:10","slug":"audient-apoya-a-the-voiceover-network","status":"publish","type":"post","link":"https:\/\/distribution.audio-technica.eu\/es-es\/noticias\/audient-apoya-a-the-voiceover-network\/","title":{"rendered":"Audient apoya a The VoiceOver Network"},"content":{"rendered":"<p><a href=\"https:\/\/distribution.audio-technica.eu\/es\/wp-content\/uploads\/sites\/2\/WP-Voiceover-Network-logo.jpg\"><img loading=\"lazy\" decoding=\"async\" class=\"aligncenter wp-image-25134 size-fusion-800\" src=\"\/es\/wp-content\/uploads\/sites\/2\/WP-Voiceover-Network-logo-800x480.jpg\" alt=\"\" width=\"800\" height=\"480\" srcset=\"https:\/\/distribution.audio-technica.eu\/app\/uploads\/sites\/2\/WP-Voiceover-Network-logo-800x480.jpg 800w, https:\/\/distribution.audio-technica.eu\/app\/uploads\/sites\/2\/WP-Voiceover-Network-logo-300x180.jpg 300w, https:\/\/distribution.audio-technica.eu\/app\/uploads\/sites\/2\/WP-Voiceover-Network-logo-1024x614.jpg 1024w, https:\/\/distribution.audio-technica.eu\/app\/uploads\/sites\/2\/WP-Voiceover-Network-logo-150x90.jpg 150w, https:\/\/distribution.audio-technica.eu\/app\/uploads\/sites\/2\/WP-Voiceover-Network-logo-768x461.jpg 768w, https:\/\/distribution.audio-technica.eu\/app\/uploads\/sites\/2\/WP-Voiceover-Network-logo-200x120.jpg 200w, https:\/\/distribution.audio-technica.eu\/app\/uploads\/sites\/2\/WP-Voiceover-Network-logo-400x240.jpg 400w, https:\/\/distribution.audio-technica.eu\/app\/uploads\/sites\/2\/WP-Voiceover-Network-logo-600x360.jpg 600w, https:\/\/distribution.audio-technica.eu\/app\/uploads\/sites\/2\/WP-Voiceover-Network-logo-1200x720.jpg 1200w, https:\/\/distribution.audio-technica.eu\/app\/uploads\/sites\/2\/WP-Voiceover-Network-logo.jpg 1500w\" sizes=\"auto, (max-width: 800px) 100vw, 800px\" \/><\/a><\/p>\n<p><a href=\"http:\/\/www.audient.com\/\" target=\"_blank\" rel=\"noopener\">Audient<\/a> se complace en anunciar su reciente asociaci\u00f3n con <a href=\"https:\/\/www.thevoiceovernetwork.org\/\" target=\"_blank\" rel=\"noopener\">The VoiceOver Network<\/a>. Como parte de la asociaci\u00f3n, Audient contribuye con la revista Buzz, \u00fanica en el sector de la locuci\u00f3n, al podcast asociado y a los seminarios web mensuales Voiceover Hour, adem\u00e1s de ofrecer descuentos exclusivos a los miembros.<\/p>\n<p>Fundada en 2013 por Rachel Naylor, The VoiceOver Network ofrece un centro de apoyo a los profesionales de la locuci\u00f3n de todos los niveles para que compartan y desarrollen su experiencia en este sector en auge.<\/p>\n<p>El director de marketing de Audient, Andy Allen, afirma: \u00ab<em>Estamos orgullosos de habernos asociado con The VoiceOver Network y estamos deseando colaborar estrechamente para apoyar a la creciente comunidad de locutores. Con m\u00e1s contenido que nunca, nos dedicamos a asegurar que todos los artistas de voz en off tengan acceso y entiendan los beneficios de usar productos de audio de grado profesional al grabar.<\/em>\u00bb<\/p>\n<p>El director de desarrollo empresarial de VoiceOver Network, Alan Shires, est\u00e1 igualmente satisfecho con el acuerdo. \u00ab<em>Estoy muy contento de colaborar con Audient. En The VoiceOver Network nos apasiona establecer relaciones con las principales marcas del mundo para ofrecer un audio de m\u00e1xima calidad. Todos los locutores necesitan la capacidad de grabar y Audient es la soluci\u00f3n a esa necesidad, por lo que estamos orgullosos de que se unan a nosotros en nuestro esfuerzo por fortalecer y apoyar la industria de la locuci\u00f3n.<\/em>\u00bb<\/p>\n<p>Al igual que muchos de los miembros del equipo de The VoiceOver Network, Alan trabaja \u00e9l mismo como profesional del sector, habiendo puesto voz a la BBC, a la Eurocopa 2020 y a Ford en los \u00faltimos meses.<\/p>\n<figure id=\"attachment_25133\" aria-describedby=\"caption-attachment-25133\" style=\"width: 800px\" class=\"wp-caption aligncenter\"><a href=\"https:\/\/distribution.audio-technica.eu\/es\/wp-content\/uploads\/sites\/2\/WP-Voiceover-Network-Alan-Shires.jpg\"><img loading=\"lazy\" decoding=\"async\" class=\"wp-image-25133 size-fusion-800\" src=\"\/es\/wp-content\/uploads\/sites\/2\/WP-Voiceover-Network-Alan-Shires-800x1065.jpg\" alt=\"\" width=\"800\" height=\"1065\" srcset=\"https:\/\/distribution.audio-technica.eu\/app\/uploads\/sites\/2\/WP-Voiceover-Network-Alan-Shires-800x1065.jpg 800w, https:\/\/distribution.audio-technica.eu\/app\/uploads\/sites\/2\/WP-Voiceover-Network-Alan-Shires-225x300.jpg 225w, https:\/\/distribution.audio-technica.eu\/app\/uploads\/sites\/2\/WP-Voiceover-Network-Alan-Shires-769x1024.jpg 769w, https:\/\/distribution.audio-technica.eu\/app\/uploads\/sites\/2\/WP-Voiceover-Network-Alan-Shires-113x150.jpg 113w, https:\/\/distribution.audio-technica.eu\/app\/uploads\/sites\/2\/WP-Voiceover-Network-Alan-Shires-768x1022.jpg 768w, https:\/\/distribution.audio-technica.eu\/app\/uploads\/sites\/2\/WP-Voiceover-Network-Alan-Shires-200x266.jpg 200w, https:\/\/distribution.audio-technica.eu\/app\/uploads\/sites\/2\/WP-Voiceover-Network-Alan-Shires-400x532.jpg 400w, https:\/\/distribution.audio-technica.eu\/app\/uploads\/sites\/2\/WP-Voiceover-Network-Alan-Shires-600x799.jpg 600w, https:\/\/distribution.audio-technica.eu\/app\/uploads\/sites\/2\/WP-Voiceover-Network-Alan-Shires.jpg 1127w\" sizes=\"auto, (max-width: 800px) 100vw, 800px\" \/><\/a><figcaption id=\"caption-attachment-25133\" class=\"wp-caption-text\">Alan Shires, Director de Desarrollo Comercial de The VoiceOver Network en su cabina de voz con su iD14 (MKII)<\/figcaption><\/figure>\n<p>Resulta que Alan ya es un fan de Audient, ya que recientemente se ha hecho con una interfaz de audio <a href=\"https:\/\/audient.com\/products\/audio-interfaces\/id14\/\" target=\"_blank\" rel=\"noopener\">iD14 MKII<\/a>. Dice: \u00ab<em>Lo que he descubierto es que los micr\u00f3fonos m\u00e1s baratos funcionan bien con las interfaces m\u00e1s baratas. Sin embargo, mi \u00faltima interfaz no aceptaba mi micr\u00f3fono m\u00e1s caro, el Neumann TLM 103, de la misma manera que el iD14. Estoy muy contento de haberme actualizado\u00bb.<\/em><\/p>\n<p>La Red VoiceOver tambi\u00e9n est\u00e1 ofreciendo a los fans de Audient una prueba gratuita para unirse a su membres\u00eda que proporciona una gran cantidad de beneficios. Simplemente haz <a href=\"https:\/\/www.thevoiceovernetwork.org\/join-us\/\" target=\"_blank\" rel=\"noopener\">clic en este enlace<\/a> e introduce el c\u00f3digo de cup\u00f3n \u00bb<strong>Audient&#8217;<\/strong>&#8216;.<\/p>\n<p>&nbsp;<\/p>\n","protected":false},"excerpt":{"rendered":"<p>Audient se complace en anunciar su reciente asociaci\u00f3n con The VoiceOver Network. Como parte de la asociaci\u00f3n, Audient contribuye con la revista Buzz, \u00fanica en el sector de la locuci\u00f3n, al podcast asociado y a los seminarios web mensuales Voiceover Hour, adem\u00e1s de ofrecer descuentos exclusivos a los miembros. Fundada en 2013 por Rachel Naylor, [&hellip;]<\/p>\n","protected":false},"author":2,"featured_media":25135,"comment_status":"closed","ping_status":"closed","sticky":false,"template":"","format":"standard","meta":{"_acf_changed":false,"footnotes":""},"categories":[2461],"tags":[2293,2226,2311],"class_list":["post-25132","post","type-post","status-publish","format-standard","has-post-thumbnail","hentry","category-noticias","tag-id14-mkii","tag-locucion","tag-voiceover-network"],"acf":[],"yoast_head":"<!-- This site is optimized with the Yoast SEO plugin v27.1.1 - https:\/\/yoast.com\/product\/yoast-seo-wordpress\/ -->\n<title>Audient apoya a The VoiceOver Network - Audio-Technica Iberia<\/title>\n<meta name=\"robots\" content=\"index, follow, max-snippet:-1, max-image-preview:large, max-video-preview:-1\" \/>\n<link rel=\"canonical\" href=\"https:\/\/distribution.audio-technica.eu\/es-es\/noticias\/audient-apoya-a-the-voiceover-network\/\" \/>\n<meta property=\"og:locale\" content=\"es_ES\" \/>\n<meta property=\"og:type\" content=\"article\" \/>\n<meta property=\"og:title\" content=\"Audient apoya a The VoiceOver Network - Audio-Technica Iberia\" \/>\n<meta property=\"og:description\" content=\"Audient se complace en anunciar su reciente asociaci\u00f3n con The VoiceOver Network. Como parte de la asociaci\u00f3n, Audient contribuye con la revista Buzz, \u00fanica en el sector de la locuci\u00f3n, al podcast asociado y a los seminarios web mensuales Voiceover Hour, adem\u00e1s de ofrecer descuentos exclusivos a los miembros. Fundada en 2013 por Rachel Naylor, [&hellip;]\" \/>\n<meta property=\"og:url\" content=\"https:\/\/distribution.audio-technica.eu\/es-es\/noticias\/audient-apoya-a-the-voiceover-network\/\" \/>\n<meta property=\"og:site_name\" content=\"Audio-Technica Iberia\" \/>\n<meta property=\"article:published_time\" content=\"2021-08-30T06:00:08+00:00\" \/>\n<meta property=\"article:modified_time\" content=\"2023-07-31T08:52:10+00:00\" \/>\n<meta property=\"og:image\" content=\"https:\/\/distribution.audio-technica.eu\/app\/uploads\/sites\/2\/WP-Voiceover-Network-logo-banner.jpg\" \/>\n\t<meta property=\"og:image:width\" content=\"640\" \/>\n\t<meta property=\"og:image:height\" content=\"360\" \/>\n\t<meta property=\"og:image:type\" content=\"image\/jpeg\" \/>\n<meta name=\"author\" content=\"ctorras\" \/>\n<meta name=\"twitter:card\" content=\"summary_large_image\" \/>\n<meta name=\"twitter:label1\" content=\"Escrito por\" \/>\n\t<meta name=\"twitter:data1\" content=\"ctorras\" \/>\n\t<meta name=\"twitter:label2\" content=\"Tiempo de lectura\" \/>\n\t<meta name=\"twitter:data2\" content=\"2 minutos\" \/>\n<script type=\"application\/ld+json\" class=\"yoast-schema-graph\">{\"@context\":\"https:\/\/schema.org\",\"@graph\":[{\"@type\":\"Article\",\"@id\":\"https:\/\/distribution.audio-technica.eu\/es-es\/noticias\/audient-apoya-a-the-voiceover-network\/#article\",\"isPartOf\":{\"@id\":\"https:\/\/distribution.audio-technica.eu\/es-es\/noticias\/audient-apoya-a-the-voiceover-network\/\"},\"author\":{\"name\":\"ctorras\",\"@id\":\"https:\/\/distribution.audio-technica.eu\/es-es\/#\/schema\/person\/dbf0d33217ceab6329b4c3144742f2fb\"},\"headline\":\"Audient apoya a The VoiceOver Network\",\"datePublished\":\"2021-08-30T06:00:08+00:00\",\"dateModified\":\"2023-07-31T08:52:10+00:00\",\"mainEntityOfPage\":{\"@id\":\"https:\/\/distribution.audio-technica.eu\/es-es\/noticias\/audient-apoya-a-the-voiceover-network\/\"},\"wordCount\":425,\"image\":{\"@id\":\"https:\/\/distribution.audio-technica.eu\/es-es\/noticias\/audient-apoya-a-the-voiceover-network\/#primaryimage\"},\"thumbnailUrl\":\"\/app\/uploads\/sites\/2\/WP-Voiceover-Network-logo-banner.jpg\",\"keywords\":[\"iD14 MKII\",\"Locuci\u00f3n\",\"VoiceOver Network\"],\"articleSection\":[\"Noticias\"],\"inLanguage\":\"es\"},{\"@type\":\"WebPage\",\"@id\":\"https:\/\/distribution.audio-technica.eu\/es-es\/noticias\/audient-apoya-a-the-voiceover-network\/\",\"url\":\"https:\/\/distribution.audio-technica.eu\/es-es\/noticias\/audient-apoya-a-the-voiceover-network\/\",\"name\":\"Audient apoya a The VoiceOver Network - Audio-Technica Iberia\",\"isPartOf\":{\"@id\":\"https:\/\/distribution.audio-technica.eu\/es-es\/#website\"},\"primaryImageOfPage\":{\"@id\":\"https:\/\/distribution.audio-technica.eu\/es-es\/noticias\/audient-apoya-a-the-voiceover-network\/#primaryimage\"},\"image\":{\"@id\":\"https:\/\/distribution.audio-technica.eu\/es-es\/noticias\/audient-apoya-a-the-voiceover-network\/#primaryimage\"},\"thumbnailUrl\":\"\/app\/uploads\/sites\/2\/WP-Voiceover-Network-logo-banner.jpg\",\"datePublished\":\"2021-08-30T06:00:08+00:00\",\"dateModified\":\"2023-07-31T08:52:10+00:00\",\"author\":{\"@id\":\"https:\/\/distribution.audio-technica.eu\/es-es\/#\/schema\/person\/dbf0d33217ceab6329b4c3144742f2fb\"},\"breadcrumb\":{\"@id\":\"https:\/\/distribution.audio-technica.eu\/es-es\/noticias\/audient-apoya-a-the-voiceover-network\/#breadcrumb\"},\"inLanguage\":\"es\",\"potentialAction\":[{\"@type\":\"ReadAction\",\"target\":[\"https:\/\/distribution.audio-technica.eu\/es-es\/noticias\/audient-apoya-a-the-voiceover-network\/\"]}]},{\"@type\":\"ImageObject\",\"inLanguage\":\"es\",\"@id\":\"https:\/\/distribution.audio-technica.eu\/es-es\/noticias\/audient-apoya-a-the-voiceover-network\/#primaryimage\",\"url\":\"\/app\/uploads\/sites\/2\/WP-Voiceover-Network-logo-banner.jpg\",\"contentUrl\":\"\/app\/uploads\/sites\/2\/WP-Voiceover-Network-logo-banner.jpg\",\"width\":640,\"height\":360},{\"@type\":\"BreadcrumbList\",\"@id\":\"https:\/\/distribution.audio-technica.eu\/es-es\/noticias\/audient-apoya-a-the-voiceover-network\/#breadcrumb\",\"itemListElement\":[{\"@type\":\"ListItem\",\"position\":1,\"name\":\"Products\",\"item\":\"https:\/\/distribution.audio-technica.eu\/es-es\/\"},{\"@type\":\"ListItem\",\"position\":2,\"name\":\"Audient apoya a The VoiceOver Network\"}]},{\"@type\":\"WebSite\",\"@id\":\"https:\/\/distribution.audio-technica.eu\/es-es\/#website\",\"url\":\"https:\/\/distribution.audio-technica.eu\/es-es\/\",\"name\":\"Audio-Technica Iberia\",\"description\":\"Distribuci\u00f3n\",\"potentialAction\":[{\"@type\":\"SearchAction\",\"target\":{\"@type\":\"EntryPoint\",\"urlTemplate\":\"https:\/\/distribution.audio-technica.eu\/es-es\/?s={search_term_string}\"},\"query-input\":{\"@type\":\"PropertyValueSpecification\",\"valueRequired\":true,\"valueName\":\"search_term_string\"}}],\"inLanguage\":\"es\"},{\"@type\":\"Person\",\"@id\":\"https:\/\/distribution.audio-technica.eu\/es-es\/#\/schema\/person\/dbf0d33217ceab6329b4c3144742f2fb\",\"name\":\"ctorras\"}]}<\/script>\n<!-- \/ Yoast SEO plugin. -->","yoast_head_json":{"title":"Audient apoya a The VoiceOver Network - Audio-Technica Iberia","robots":{"index":"index","follow":"follow","max-snippet":"max-snippet:-1","max-image-preview":"max-image-preview:large","max-video-preview":"max-video-preview:-1"},"canonical":"https:\/\/distribution.audio-technica.eu\/es-es\/noticias\/audient-apoya-a-the-voiceover-network\/","og_locale":"es_ES","og_type":"article","og_title":"Audient apoya a The VoiceOver Network - Audio-Technica Iberia","og_description":"Audient se complace en anunciar su reciente asociaci\u00f3n con The VoiceOver Network. Como parte de la asociaci\u00f3n, Audient contribuye con la revista Buzz, \u00fanica en el sector de la locuci\u00f3n, al podcast asociado y a los seminarios web mensuales Voiceover Hour, adem\u00e1s de ofrecer descuentos exclusivos a los miembros. Fundada en 2013 por Rachel Naylor, [&hellip;]","og_url":"https:\/\/distribution.audio-technica.eu\/es-es\/noticias\/audient-apoya-a-the-voiceover-network\/","og_site_name":"Audio-Technica Iberia","article_published_time":"2021-08-30T06:00:08+00:00","article_modified_time":"2023-07-31T08:52:10+00:00","og_image":[{"width":640,"height":360,"url":"https:\/\/distribution.audio-technica.eu\/app\/uploads\/sites\/2\/WP-Voiceover-Network-logo-banner.jpg","type":"image\/jpeg"}],"author":"ctorras","twitter_card":"summary_large_image","twitter_misc":{"Escrito por":"ctorras","Tiempo de lectura":"2 minutos"},"schema":{"@context":"https:\/\/schema.org","@graph":[{"@type":"Article","@id":"https:\/\/distribution.audio-technica.eu\/es-es\/noticias\/audient-apoya-a-the-voiceover-network\/#article","isPartOf":{"@id":"https:\/\/distribution.audio-technica.eu\/es-es\/noticias\/audient-apoya-a-the-voiceover-network\/"},"author":{"name":"ctorras","@id":"https:\/\/distribution.audio-technica.eu\/es-es\/#\/schema\/person\/dbf0d33217ceab6329b4c3144742f2fb"},"headline":"Audient apoya a The VoiceOver Network","datePublished":"2021-08-30T06:00:08+00:00","dateModified":"2023-07-31T08:52:10+00:00","mainEntityOfPage":{"@id":"https:\/\/distribution.audio-technica.eu\/es-es\/noticias\/audient-apoya-a-the-voiceover-network\/"},"wordCount":425,"image":{"@id":"https:\/\/distribution.audio-technica.eu\/es-es\/noticias\/audient-apoya-a-the-voiceover-network\/#primaryimage"},"thumbnailUrl":"\/app\/uploads\/sites\/2\/WP-Voiceover-Network-logo-banner.jpg","keywords":["iD14 MKII","Locuci\u00f3n","VoiceOver Network"],"articleSection":["Noticias"],"inLanguage":"es"},{"@type":"WebPage","@id":"https:\/\/distribution.audio-technica.eu\/es-es\/noticias\/audient-apoya-a-the-voiceover-network\/","url":"https:\/\/distribution.audio-technica.eu\/es-es\/noticias\/audient-apoya-a-the-voiceover-network\/","name":"Audient apoya a The VoiceOver Network - Audio-Technica Iberia","isPartOf":{"@id":"https:\/\/distribution.audio-technica.eu\/es-es\/#website"},"primaryImageOfPage":{"@id":"https:\/\/distribution.audio-technica.eu\/es-es\/noticias\/audient-apoya-a-the-voiceover-network\/#primaryimage"},"image":{"@id":"https:\/\/distribution.audio-technica.eu\/es-es\/noticias\/audient-apoya-a-the-voiceover-network\/#primaryimage"},"thumbnailUrl":"\/app\/uploads\/sites\/2\/WP-Voiceover-Network-logo-banner.jpg","datePublished":"2021-08-30T06:00:08+00:00","dateModified":"2023-07-31T08:52:10+00:00","author":{"@id":"https:\/\/distribution.audio-technica.eu\/es-es\/#\/schema\/person\/dbf0d33217ceab6329b4c3144742f2fb"},"breadcrumb":{"@id":"https:\/\/distribution.audio-technica.eu\/es-es\/noticias\/audient-apoya-a-the-voiceover-network\/#breadcrumb"},"inLanguage":"es","potentialAction":[{"@type":"ReadAction","target":["https:\/\/distribution.audio-technica.eu\/es-es\/noticias\/audient-apoya-a-the-voiceover-network\/"]}]},{"@type":"ImageObject","inLanguage":"es","@id":"https:\/\/distribution.audio-technica.eu\/es-es\/noticias\/audient-apoya-a-the-voiceover-network\/#primaryimage","url":"\/app\/uploads\/sites\/2\/WP-Voiceover-Network-logo-banner.jpg","contentUrl":"\/app\/uploads\/sites\/2\/WP-Voiceover-Network-logo-banner.jpg","width":640,"height":360},{"@type":"BreadcrumbList","@id":"https:\/\/distribution.audio-technica.eu\/es-es\/noticias\/audient-apoya-a-the-voiceover-network\/#breadcrumb","itemListElement":[{"@type":"ListItem","position":1,"name":"Products","item":"https:\/\/distribution.audio-technica.eu\/es-es\/"},{"@type":"ListItem","position":2,"name":"Audient apoya a The VoiceOver Network"}]},{"@type":"WebSite","@id":"https:\/\/distribution.audio-technica.eu\/es-es\/#website","url":"https:\/\/distribution.audio-technica.eu\/es-es\/","name":"Audio-Technica Iberia","description":"Distribuci\u00f3n","potentialAction":[{"@type":"SearchAction","target":{"@type":"EntryPoint","urlTemplate":"https:\/\/distribution.audio-technica.eu\/es-es\/?s={search_term_string}"},"query-input":{"@type":"PropertyValueSpecification","valueRequired":true,"valueName":"search_term_string"}}],"inLanguage":"es"},{"@type":"Person","@id":"https:\/\/distribution.audio-technica.eu\/es-es\/#\/schema\/person\/dbf0d33217ceab6329b4c3144742f2fb","name":"ctorras"}]}},"_links":{"self":[{"href":"https:\/\/distribution.audio-technica.eu\/es-es\/wp-json\/wp\/v2\/posts\/25132","targetHints":{"allow":["GET"]}}],"collection":[{"href":"https:\/\/distribution.audio-technica.eu\/es-es\/wp-json\/wp\/v2\/posts"}],"about":[{"href":"https:\/\/distribution.audio-technica.eu\/es-es\/wp-json\/wp\/v2\/types\/post"}],"author":[{"embeddable":true,"href":"https:\/\/distribution.audio-technica.eu\/es-es\/wp-json\/wp\/v2\/users\/2"}],"replies":[{"embeddable":true,"href":"https:\/\/distribution.audio-technica.eu\/es-es\/wp-json\/wp\/v2\/comments?post=25132"}],"version-history":[{"count":3,"href":"https:\/\/distribution.audio-technica.eu\/es-es\/wp-json\/wp\/v2\/posts\/25132\/revisions"}],"predecessor-version":[{"id":25138,"href":"https:\/\/distribution.audio-technica.eu\/es-es\/wp-json\/wp\/v2\/posts\/25132\/revisions\/25138"}],"wp:featuredmedia":[{"embeddable":true,"href":"https:\/\/distribution.audio-technica.eu\/es-es\/wp-json\/wp\/v2\/media\/25135"}],"wp:attachment":[{"href":"https:\/\/distribution.audio-technica.eu\/es-es\/wp-json\/wp\/v2\/media?parent=25132"}],"wp:term":[{"taxonomy":"category","embeddable":true,"href":"https:\/\/distribution.audio-technica.eu\/es-es\/wp-json\/wp\/v2\/categories?post=25132"},{"taxonomy":"post_tag","embeddable":true,"href":"https:\/\/distribution.audio-technica.eu\/es-es\/wp-json\/wp\/v2\/tags?post=25132"}],"curies":[{"name":"wp","href":"https:\/\/api.w.org\/{rel}","templated":true}]}}