{"id":25139,"date":"2021-08-23T10:00:05","date_gmt":"2021-08-23T08:00:05","guid":{"rendered":"https:\/\/atdb-production.studiograft.dev\/es\/?p=25139"},"modified":"2023-07-31T11:16:23","modified_gmt":"2023-07-31T09:16:23","slug":"los-monitores-genelec-facilitan-exponencialmente-el-trabajo-de-dave-eringa","status":"publish","type":"post","link":"https:\/\/distribution.audio-technica.eu\/es-es\/noticias\/los-monitores-genelec-facilitan-exponencialmente-el-trabajo-de-dave-eringa\/","title":{"rendered":"Los monitores Genelec facilitan \u00abexponencialmente\u00bb el trabajo de Dave Eringa"},"content":{"rendered":"<p><a href=\"https:\/\/distribution.audio-technica.eu\/es\/wp-content\/uploads\/sites\/2\/WP-Genelec_DaveEringa112_edit.jpg\"><img loading=\"lazy\" decoding=\"async\" class=\"aligncenter size-fusion-800 wp-image-25144\" src=\"\/es\/wp-content\/uploads\/sites\/2\/WP-Genelec_DaveEringa112_edit-800x507.jpg\" alt=\"\" width=\"800\" height=\"507\" srcset=\"https:\/\/distribution.audio-technica.eu\/app\/uploads\/sites\/2\/WP-Genelec_DaveEringa112_edit-800x507.jpg 800w, https:\/\/distribution.audio-technica.eu\/app\/uploads\/sites\/2\/WP-Genelec_DaveEringa112_edit-300x190.jpg 300w, https:\/\/distribution.audio-technica.eu\/app\/uploads\/sites\/2\/WP-Genelec_DaveEringa112_edit-1024x649.jpg 1024w, https:\/\/distribution.audio-technica.eu\/app\/uploads\/sites\/2\/WP-Genelec_DaveEringa112_edit-150x95.jpg 150w, https:\/\/distribution.audio-technica.eu\/app\/uploads\/sites\/2\/WP-Genelec_DaveEringa112_edit-768x486.jpg 768w, https:\/\/distribution.audio-technica.eu\/app\/uploads\/sites\/2\/WP-Genelec_DaveEringa112_edit-320x202.jpg 320w, https:\/\/distribution.audio-technica.eu\/app\/uploads\/sites\/2\/WP-Genelec_DaveEringa112_edit-200x127.jpg 200w, https:\/\/distribution.audio-technica.eu\/app\/uploads\/sites\/2\/WP-Genelec_DaveEringa112_edit-400x253.jpg 400w, https:\/\/distribution.audio-technica.eu\/app\/uploads\/sites\/2\/WP-Genelec_DaveEringa112_edit-600x380.jpg 600w, https:\/\/distribution.audio-technica.eu\/app\/uploads\/sites\/2\/WP-Genelec_DaveEringa112_edit-1200x760.jpg 1200w, https:\/\/distribution.audio-technica.eu\/app\/uploads\/sites\/2\/WP-Genelec_DaveEringa112_edit.jpg 1500w\" sizes=\"auto, (max-width: 800px) 100vw, 800px\" \/><\/a><\/p>\n<p>El ingeniero y productor Dave Eringa, afincado en Harlow (Reino Unido), ha invertido en un par de monitores activos inteligentes de tres v\u00edas Genelec 8351B de la serie \u00ab<a href=\"https:\/\/www.genelec.com\/theones\" target=\"_blank\" rel=\"noopener\">The Ones<\/a>\u00ab, despu\u00e9s de haber confiado en sus anteriores monitores durante m\u00e1s de dos d\u00e9cadas. Como resultado, Eringa -cuyos clientes incluyen a The Manic Street Preachers, Kylie Minogue y Ocean Colour Scene- siente que ahora \u00abhace mejores mezclas\u00bb.<\/p>\n<p>\u00ab<em>Estaba haciendo un \u00e1lbum con Roger Daltrey en los estudios Metropolis, con mezclas realizadas por Michael Brauer, y acababan de recibir las nuevos Genelec<\/em>\u00ab, recuerda Eringa. \u00ab<em>Cuando tuvimos la mezcla lista y la pusimos en ellos y subimos el volumen, dije: &#8216;\u00a1Oh, Dios m\u00edo, suenan incre\u00edblemente bien!&#8217; y eso fue lo que hizo que empezara a pensar que ten\u00eda que hacer esto. Cre\u00eda que sab\u00eda lo que me esperaba, pero cuando los escuch\u00e9, pens\u00e9: \u00abEsto es un juego totalmente diferente, es brillante\u00bb. Pod\u00eda escuchar todo con tanta precisi\u00f3n y claridad, y el extremo inferior era tan s\u00f3lido. Desde la primera escucha me gust\u00f3 mucho\u00bb<\/em>.<\/p>\n<p><a href=\"https:\/\/distribution.audio-technica.eu\/es\/wp-content\/uploads\/sites\/2\/WP-Genelec_DaveEringa87_edit.jpg\"><img loading=\"lazy\" decoding=\"async\" class=\"aligncenter size-fusion-800 wp-image-25142\" src=\"\/es\/wp-content\/uploads\/sites\/2\/WP-Genelec_DaveEringa87_edit-800x534.jpg\" alt=\"\" width=\"800\" height=\"534\" srcset=\"https:\/\/distribution.audio-technica.eu\/app\/uploads\/sites\/2\/WP-Genelec_DaveEringa87_edit-800x534.jpg 800w, https:\/\/distribution.audio-technica.eu\/app\/uploads\/sites\/2\/WP-Genelec_DaveEringa87_edit-300x200.jpg 300w, https:\/\/distribution.audio-technica.eu\/app\/uploads\/sites\/2\/WP-Genelec_DaveEringa87_edit-1024x684.jpg 1024w, https:\/\/distribution.audio-technica.eu\/app\/uploads\/sites\/2\/WP-Genelec_DaveEringa87_edit-150x100.jpg 150w, https:\/\/distribution.audio-technica.eu\/app\/uploads\/sites\/2\/WP-Genelec_DaveEringa87_edit-768x513.jpg 768w, https:\/\/distribution.audio-technica.eu\/app\/uploads\/sites\/2\/WP-Genelec_DaveEringa87_edit-200x134.jpg 200w, https:\/\/distribution.audio-technica.eu\/app\/uploads\/sites\/2\/WP-Genelec_DaveEringa87_edit-400x267.jpg 400w, https:\/\/distribution.audio-technica.eu\/app\/uploads\/sites\/2\/WP-Genelec_DaveEringa87_edit-600x401.jpg 600w, https:\/\/distribution.audio-technica.eu\/app\/uploads\/sites\/2\/WP-Genelec_DaveEringa87_edit-1200x802.jpg 1200w, https:\/\/distribution.audio-technica.eu\/app\/uploads\/sites\/2\/WP-Genelec_DaveEringa87_edit.jpg 1500w\" sizes=\"auto, (max-width: 800px) 100vw, 800px\" \/><\/a><\/p>\n<p>Aunque escucharlos en Metropolis fue una primera experiencia positiva, llevarlos a su propio estudio Electric Daveyland ser\u00eda otra cosa. \u00ab<em>Tengo la suerte de ser amigo de Andy Bensley, de Genelec, y vino aqu\u00ed y los configur\u00f3 correctamente para m\u00ed con el software de calibraci\u00f3n GLM<\/em>\u00ab, explic\u00f3 Eringa. \u00ab<em>Me dijo: &#8216;vamos a ver qu\u00e9 hacen tus viejos monitores&#8217;, y se notaba que estaba definitivamente sorprendido por lo planos que eran. Creo que pens\u00f3: &#8216;tenemos un peque\u00f1o desaf\u00edo aqu\u00ed&#8217;, pero los dej\u00f3 sin palabras, obviamente<\/em>\u00ab.<\/p>\n<p>\u00ab<em>Andy parece pensar que en esta sala, estos altavoces sin sub son planos hasta los 30 Hz, lo cual es bastante amplio, y no tengo suficientes cosas buenas que decir sobre ellos<\/em>\u00ab, continu\u00f3. \u00ab<em>No he movido nada ni un mil\u00edmetro. Primero tuve que mover algunas cosas de la sala que creaban reflexiones y dem\u00e1s, as\u00ed que he dejado todo lo dem\u00e1s como est\u00e1, porque sonaba muy bien desde el principio<\/em>\u00ab.<\/p>\n<p>Despu\u00e9s de haber utilizado los mismos monitores de estudio durante tanto tiempo, la transici\u00f3n a una configuraci\u00f3n totalmente nueva ha supuesto un reto \u00fanico. <em>\u00abFue una curva de aprendizaje, sin duda<\/em>\u00ab, reflexiona Eringa. \u00ab<em>Al haber trabajado con un conjunto de monitores de forma continua durante 20 a\u00f1os, definitivamente subestim\u00e9 lo f\u00e1cil que ser\u00eda cambiar. Pero en ese momento estaba mezclando un \u00e1lbum, y una vez que me acostumbr\u00e9 a ellos, una semana m\u00e1s tarde, empec\u00e9 a mezclar un 50% m\u00e1s r\u00e1pido. Fue incre\u00edble, un verdadero cambio de juego para m\u00ed<\/em>.<\/p>\n<p>\u00ab<em>De todos modos, estaba comprometido, pero es como un jugador de billar que cambia su taco, no sucede de la noche a la ma\u00f1ana<\/em>\u00ab, continu\u00f3. \u00ab<em>Pero cuando todo encaj\u00f3, acab\u00e9 llevando las mezclas a casa y al coche, y todo sonaba igual, y eso no tiene precio. Son geniales, me encantan<\/em>\u00ab.<\/p>\n<p><a href=\"https:\/\/distribution.audio-technica.eu\/es\/wp-content\/uploads\/sites\/2\/WP-Genelec_DaveEringa95_edit.jpg\"><img loading=\"lazy\" decoding=\"async\" class=\"aligncenter size-fusion-800 wp-image-25143\" src=\"\/es\/wp-content\/uploads\/sites\/2\/WP-Genelec_DaveEringa95_edit-800x534.jpg\" alt=\"\" width=\"800\" height=\"534\" srcset=\"https:\/\/distribution.audio-technica.eu\/app\/uploads\/sites\/2\/WP-Genelec_DaveEringa95_edit-800x534.jpg 800w, https:\/\/distribution.audio-technica.eu\/app\/uploads\/sites\/2\/WP-Genelec_DaveEringa95_edit-300x200.jpg 300w, https:\/\/distribution.audio-technica.eu\/app\/uploads\/sites\/2\/WP-Genelec_DaveEringa95_edit-1024x684.jpg 1024w, https:\/\/distribution.audio-technica.eu\/app\/uploads\/sites\/2\/WP-Genelec_DaveEringa95_edit-150x100.jpg 150w, https:\/\/distribution.audio-technica.eu\/app\/uploads\/sites\/2\/WP-Genelec_DaveEringa95_edit-768x513.jpg 768w, https:\/\/distribution.audio-technica.eu\/app\/uploads\/sites\/2\/WP-Genelec_DaveEringa95_edit-200x134.jpg 200w, https:\/\/distribution.audio-technica.eu\/app\/uploads\/sites\/2\/WP-Genelec_DaveEringa95_edit-400x267.jpg 400w, https:\/\/distribution.audio-technica.eu\/app\/uploads\/sites\/2\/WP-Genelec_DaveEringa95_edit-600x401.jpg 600w, https:\/\/distribution.audio-technica.eu\/app\/uploads\/sites\/2\/WP-Genelec_DaveEringa95_edit-1200x802.jpg 1200w, https:\/\/distribution.audio-technica.eu\/app\/uploads\/sites\/2\/WP-Genelec_DaveEringa95_edit.jpg 1500w\" sizes=\"auto, (max-width: 800px) 100vw, 800px\" \/><\/a><\/p>\n<p>Por mucho que Eringa disfrute del sonido de los 8351, el elemento m\u00e1s importante ha sido la forma en que le han ayudado a trabajar. \u00ab<em>Lo principal para m\u00ed es que han facilitado exponencialmente mi trabajo<\/em>\u00ab, concluye.<\/p>\n<p>&nbsp;<\/p>\n<p>Para m\u00e1s informaci\u00f3n, visite <a href=\"http:\/\/www.genelec.com\" target=\"_blank\" rel=\"noopener\">www.genelec.com<\/a><\/p>\n<p>&nbsp;<\/p>\n","protected":false},"excerpt":{"rendered":"<p>El ingeniero y productor Dave Eringa, afincado en Harlow (Reino Unido), ha invertido en un par de monitores activos inteligentes de tres v\u00edas Genelec 8351B de la serie \u00abThe Ones\u00ab, despu\u00e9s de haber confiado en sus anteriores monitores durante m\u00e1s de dos d\u00e9cadas. Como resultado, Eringa -cuyos clientes incluyen a The Manic Street Preachers, Kylie [&hellip;]<\/p>\n","protected":false},"author":2,"featured_media":25145,"comment_status":"closed","ping_status":"closed","sticky":false,"template":"","format":"standard","meta":{"_acf_changed":false,"footnotes":""},"categories":[2459],"tags":[2243,1765],"class_list":["post-25139","post","type-post","status-publish","format-standard","has-post-thumbnail","hentry","category-usuarios","tag-estudio-de-grabacion","tag-the-ones"],"acf":[],"yoast_head":"<!-- This site is optimized with the Yoast SEO plugin v27.1.1 - https:\/\/yoast.com\/product\/yoast-seo-wordpress\/ -->\n<title>Los monitores Genelec facilitan &quot;exponencialmente&quot; el trabajo de Dave Eringa - Audio-Technica Iberia<\/title>\n<meta name=\"robots\" content=\"index, follow, max-snippet:-1, max-image-preview:large, max-video-preview:-1\" \/>\n<link rel=\"canonical\" href=\"https:\/\/distribution.audio-technica.eu\/es-es\/noticias\/los-monitores-genelec-facilitan-exponencialmente-el-trabajo-de-dave-eringa\/\" \/>\n<meta property=\"og:locale\" content=\"es_ES\" \/>\n<meta property=\"og:type\" content=\"article\" \/>\n<meta property=\"og:title\" content=\"Los monitores Genelec facilitan &quot;exponencialmente&quot; el trabajo de Dave Eringa - Audio-Technica Iberia\" \/>\n<meta property=\"og:description\" content=\"El ingeniero y productor Dave Eringa, afincado en Harlow (Reino Unido), ha invertido en un par de monitores activos inteligentes de tres v\u00edas Genelec 8351B de la serie \u00abThe Ones\u00ab, despu\u00e9s de haber confiado en sus anteriores monitores durante m\u00e1s de dos d\u00e9cadas. Como resultado, Eringa -cuyos clientes incluyen a The Manic Street Preachers, Kylie [&hellip;]\" \/>\n<meta property=\"og:url\" content=\"https:\/\/distribution.audio-technica.eu\/es-es\/noticias\/los-monitores-genelec-facilitan-exponencialmente-el-trabajo-de-dave-eringa\/\" \/>\n<meta property=\"og:site_name\" content=\"Audio-Technica Iberia\" \/>\n<meta property=\"article:published_time\" content=\"2021-08-23T08:00:05+00:00\" \/>\n<meta property=\"article:modified_time\" content=\"2023-07-31T09:16:23+00:00\" \/>\n<meta property=\"og:image\" content=\"https:\/\/distribution.audio-technica.eu\/app\/uploads\/sites\/2\/WP-Genelec_DaveEringa-banner.jpg\" \/>\n\t<meta property=\"og:image:width\" content=\"640\" \/>\n\t<meta property=\"og:image:height\" content=\"360\" \/>\n\t<meta property=\"og:image:type\" content=\"image\/jpeg\" \/>\n<meta name=\"author\" content=\"ctorras\" \/>\n<meta name=\"twitter:card\" content=\"summary_large_image\" \/>\n<meta name=\"twitter:label1\" content=\"Escrito por\" \/>\n\t<meta name=\"twitter:data1\" content=\"ctorras\" \/>\n\t<meta name=\"twitter:label2\" content=\"Tiempo de lectura\" \/>\n\t<meta name=\"twitter:data2\" content=\"3 minutos\" \/>\n<script type=\"application\/ld+json\" class=\"yoast-schema-graph\">{\"@context\":\"https:\/\/schema.org\",\"@graph\":[{\"@type\":\"Article\",\"@id\":\"https:\/\/distribution.audio-technica.eu\/es-es\/noticias\/los-monitores-genelec-facilitan-exponencialmente-el-trabajo-de-dave-eringa\/#article\",\"isPartOf\":{\"@id\":\"https:\/\/distribution.audio-technica.eu\/es-es\/noticias\/los-monitores-genelec-facilitan-exponencialmente-el-trabajo-de-dave-eringa\/\"},\"author\":{\"name\":\"ctorras\",\"@id\":\"https:\/\/distribution.audio-technica.eu\/es-es\/#\/schema\/person\/dbf0d33217ceab6329b4c3144742f2fb\"},\"headline\":\"Los monitores Genelec facilitan \u00abexponencialmente\u00bb el trabajo de Dave Eringa\",\"datePublished\":\"2021-08-23T08:00:05+00:00\",\"dateModified\":\"2023-07-31T09:16:23+00:00\",\"mainEntityOfPage\":{\"@id\":\"https:\/\/distribution.audio-technica.eu\/es-es\/noticias\/los-monitores-genelec-facilitan-exponencialmente-el-trabajo-de-dave-eringa\/\"},\"wordCount\":549,\"image\":{\"@id\":\"https:\/\/distribution.audio-technica.eu\/es-es\/noticias\/los-monitores-genelec-facilitan-exponencialmente-el-trabajo-de-dave-eringa\/#primaryimage\"},\"thumbnailUrl\":\"\/app\/uploads\/sites\/2\/WP-Genelec_DaveEringa-banner.jpg\",\"keywords\":[\"Estudio de Grabaci\u00f3n\",\"The Ones\"],\"articleSection\":[\"Usuarios\"],\"inLanguage\":\"es\"},{\"@type\":\"WebPage\",\"@id\":\"https:\/\/distribution.audio-technica.eu\/es-es\/noticias\/los-monitores-genelec-facilitan-exponencialmente-el-trabajo-de-dave-eringa\/\",\"url\":\"https:\/\/distribution.audio-technica.eu\/es-es\/noticias\/los-monitores-genelec-facilitan-exponencialmente-el-trabajo-de-dave-eringa\/\",\"name\":\"Los monitores Genelec facilitan \\\"exponencialmente\\\" el trabajo de Dave Eringa - Audio-Technica Iberia\",\"isPartOf\":{\"@id\":\"https:\/\/distribution.audio-technica.eu\/es-es\/#website\"},\"primaryImageOfPage\":{\"@id\":\"https:\/\/distribution.audio-technica.eu\/es-es\/noticias\/los-monitores-genelec-facilitan-exponencialmente-el-trabajo-de-dave-eringa\/#primaryimage\"},\"image\":{\"@id\":\"https:\/\/distribution.audio-technica.eu\/es-es\/noticias\/los-monitores-genelec-facilitan-exponencialmente-el-trabajo-de-dave-eringa\/#primaryimage\"},\"thumbnailUrl\":\"\/app\/uploads\/sites\/2\/WP-Genelec_DaveEringa-banner.jpg\",\"datePublished\":\"2021-08-23T08:00:05+00:00\",\"dateModified\":\"2023-07-31T09:16:23+00:00\",\"author\":{\"@id\":\"https:\/\/distribution.audio-technica.eu\/es-es\/#\/schema\/person\/dbf0d33217ceab6329b4c3144742f2fb\"},\"breadcrumb\":{\"@id\":\"https:\/\/distribution.audio-technica.eu\/es-es\/noticias\/los-monitores-genelec-facilitan-exponencialmente-el-trabajo-de-dave-eringa\/#breadcrumb\"},\"inLanguage\":\"es\",\"potentialAction\":[{\"@type\":\"ReadAction\",\"target\":[\"https:\/\/distribution.audio-technica.eu\/es-es\/noticias\/los-monitores-genelec-facilitan-exponencialmente-el-trabajo-de-dave-eringa\/\"]}]},{\"@type\":\"ImageObject\",\"inLanguage\":\"es\",\"@id\":\"https:\/\/distribution.audio-technica.eu\/es-es\/noticias\/los-monitores-genelec-facilitan-exponencialmente-el-trabajo-de-dave-eringa\/#primaryimage\",\"url\":\"\/app\/uploads\/sites\/2\/WP-Genelec_DaveEringa-banner.jpg\",\"contentUrl\":\"\/app\/uploads\/sites\/2\/WP-Genelec_DaveEringa-banner.jpg\",\"width\":640,\"height\":360},{\"@type\":\"BreadcrumbList\",\"@id\":\"https:\/\/distribution.audio-technica.eu\/es-es\/noticias\/los-monitores-genelec-facilitan-exponencialmente-el-trabajo-de-dave-eringa\/#breadcrumb\",\"itemListElement\":[{\"@type\":\"ListItem\",\"position\":1,\"name\":\"Products\",\"item\":\"https:\/\/distribution.audio-technica.eu\/es-es\/\"},{\"@type\":\"ListItem\",\"position\":2,\"name\":\"Los monitores Genelec facilitan \u00abexponencialmente\u00bb el trabajo de Dave Eringa\"}]},{\"@type\":\"WebSite\",\"@id\":\"https:\/\/distribution.audio-technica.eu\/es-es\/#website\",\"url\":\"https:\/\/distribution.audio-technica.eu\/es-es\/\",\"name\":\"Audio-Technica Iberia\",\"description\":\"Distribuci\u00f3n\",\"potentialAction\":[{\"@type\":\"SearchAction\",\"target\":{\"@type\":\"EntryPoint\",\"urlTemplate\":\"https:\/\/distribution.audio-technica.eu\/es-es\/?s={search_term_string}\"},\"query-input\":{\"@type\":\"PropertyValueSpecification\",\"valueRequired\":true,\"valueName\":\"search_term_string\"}}],\"inLanguage\":\"es\"},{\"@type\":\"Person\",\"@id\":\"https:\/\/distribution.audio-technica.eu\/es-es\/#\/schema\/person\/dbf0d33217ceab6329b4c3144742f2fb\",\"name\":\"ctorras\"}]}<\/script>\n<!-- \/ Yoast SEO plugin. -->","yoast_head_json":{"title":"Los monitores Genelec facilitan \"exponencialmente\" el trabajo de Dave Eringa - Audio-Technica Iberia","robots":{"index":"index","follow":"follow","max-snippet":"max-snippet:-1","max-image-preview":"max-image-preview:large","max-video-preview":"max-video-preview:-1"},"canonical":"https:\/\/distribution.audio-technica.eu\/es-es\/noticias\/los-monitores-genelec-facilitan-exponencialmente-el-trabajo-de-dave-eringa\/","og_locale":"es_ES","og_type":"article","og_title":"Los monitores Genelec facilitan \"exponencialmente\" el trabajo de Dave Eringa - Audio-Technica Iberia","og_description":"El ingeniero y productor Dave Eringa, afincado en Harlow (Reino Unido), ha invertido en un par de monitores activos inteligentes de tres v\u00edas Genelec 8351B de la serie \u00abThe Ones\u00ab, despu\u00e9s de haber confiado en sus anteriores monitores durante m\u00e1s de dos d\u00e9cadas. Como resultado, Eringa -cuyos clientes incluyen a The Manic Street Preachers, Kylie [&hellip;]","og_url":"https:\/\/distribution.audio-technica.eu\/es-es\/noticias\/los-monitores-genelec-facilitan-exponencialmente-el-trabajo-de-dave-eringa\/","og_site_name":"Audio-Technica Iberia","article_published_time":"2021-08-23T08:00:05+00:00","article_modified_time":"2023-07-31T09:16:23+00:00","og_image":[{"width":640,"height":360,"url":"https:\/\/distribution.audio-technica.eu\/app\/uploads\/sites\/2\/WP-Genelec_DaveEringa-banner.jpg","type":"image\/jpeg"}],"author":"ctorras","twitter_card":"summary_large_image","twitter_misc":{"Escrito por":"ctorras","Tiempo de lectura":"3 minutos"},"schema":{"@context":"https:\/\/schema.org","@graph":[{"@type":"Article","@id":"https:\/\/distribution.audio-technica.eu\/es-es\/noticias\/los-monitores-genelec-facilitan-exponencialmente-el-trabajo-de-dave-eringa\/#article","isPartOf":{"@id":"https:\/\/distribution.audio-technica.eu\/es-es\/noticias\/los-monitores-genelec-facilitan-exponencialmente-el-trabajo-de-dave-eringa\/"},"author":{"name":"ctorras","@id":"https:\/\/distribution.audio-technica.eu\/es-es\/#\/schema\/person\/dbf0d33217ceab6329b4c3144742f2fb"},"headline":"Los monitores Genelec facilitan \u00abexponencialmente\u00bb el trabajo de Dave Eringa","datePublished":"2021-08-23T08:00:05+00:00","dateModified":"2023-07-31T09:16:23+00:00","mainEntityOfPage":{"@id":"https:\/\/distribution.audio-technica.eu\/es-es\/noticias\/los-monitores-genelec-facilitan-exponencialmente-el-trabajo-de-dave-eringa\/"},"wordCount":549,"image":{"@id":"https:\/\/distribution.audio-technica.eu\/es-es\/noticias\/los-monitores-genelec-facilitan-exponencialmente-el-trabajo-de-dave-eringa\/#primaryimage"},"thumbnailUrl":"\/app\/uploads\/sites\/2\/WP-Genelec_DaveEringa-banner.jpg","keywords":["Estudio de Grabaci\u00f3n","The Ones"],"articleSection":["Usuarios"],"inLanguage":"es"},{"@type":"WebPage","@id":"https:\/\/distribution.audio-technica.eu\/es-es\/noticias\/los-monitores-genelec-facilitan-exponencialmente-el-trabajo-de-dave-eringa\/","url":"https:\/\/distribution.audio-technica.eu\/es-es\/noticias\/los-monitores-genelec-facilitan-exponencialmente-el-trabajo-de-dave-eringa\/","name":"Los monitores Genelec facilitan \"exponencialmente\" el trabajo de Dave Eringa - Audio-Technica Iberia","isPartOf":{"@id":"https:\/\/distribution.audio-technica.eu\/es-es\/#website"},"primaryImageOfPage":{"@id":"https:\/\/distribution.audio-technica.eu\/es-es\/noticias\/los-monitores-genelec-facilitan-exponencialmente-el-trabajo-de-dave-eringa\/#primaryimage"},"image":{"@id":"https:\/\/distribution.audio-technica.eu\/es-es\/noticias\/los-monitores-genelec-facilitan-exponencialmente-el-trabajo-de-dave-eringa\/#primaryimage"},"thumbnailUrl":"\/app\/uploads\/sites\/2\/WP-Genelec_DaveEringa-banner.jpg","datePublished":"2021-08-23T08:00:05+00:00","dateModified":"2023-07-31T09:16:23+00:00","author":{"@id":"https:\/\/distribution.audio-technica.eu\/es-es\/#\/schema\/person\/dbf0d33217ceab6329b4c3144742f2fb"},"breadcrumb":{"@id":"https:\/\/distribution.audio-technica.eu\/es-es\/noticias\/los-monitores-genelec-facilitan-exponencialmente-el-trabajo-de-dave-eringa\/#breadcrumb"},"inLanguage":"es","potentialAction":[{"@type":"ReadAction","target":["https:\/\/distribution.audio-technica.eu\/es-es\/noticias\/los-monitores-genelec-facilitan-exponencialmente-el-trabajo-de-dave-eringa\/"]}]},{"@type":"ImageObject","inLanguage":"es","@id":"https:\/\/distribution.audio-technica.eu\/es-es\/noticias\/los-monitores-genelec-facilitan-exponencialmente-el-trabajo-de-dave-eringa\/#primaryimage","url":"\/app\/uploads\/sites\/2\/WP-Genelec_DaveEringa-banner.jpg","contentUrl":"\/app\/uploads\/sites\/2\/WP-Genelec_DaveEringa-banner.jpg","width":640,"height":360},{"@type":"BreadcrumbList","@id":"https:\/\/distribution.audio-technica.eu\/es-es\/noticias\/los-monitores-genelec-facilitan-exponencialmente-el-trabajo-de-dave-eringa\/#breadcrumb","itemListElement":[{"@type":"ListItem","position":1,"name":"Products","item":"https:\/\/distribution.audio-technica.eu\/es-es\/"},{"@type":"ListItem","position":2,"name":"Los monitores Genelec facilitan \u00abexponencialmente\u00bb el trabajo de Dave Eringa"}]},{"@type":"WebSite","@id":"https:\/\/distribution.audio-technica.eu\/es-es\/#website","url":"https:\/\/distribution.audio-technica.eu\/es-es\/","name":"Audio-Technica Iberia","description":"Distribuci\u00f3n","potentialAction":[{"@type":"SearchAction","target":{"@type":"EntryPoint","urlTemplate":"https:\/\/distribution.audio-technica.eu\/es-es\/?s={search_term_string}"},"query-input":{"@type":"PropertyValueSpecification","valueRequired":true,"valueName":"search_term_string"}}],"inLanguage":"es"},{"@type":"Person","@id":"https:\/\/distribution.audio-technica.eu\/es-es\/#\/schema\/person\/dbf0d33217ceab6329b4c3144742f2fb","name":"ctorras"}]}},"_links":{"self":[{"href":"https:\/\/distribution.audio-technica.eu\/es-es\/wp-json\/wp\/v2\/posts\/25139","targetHints":{"allow":["GET"]}}],"collection":[{"href":"https:\/\/distribution.audio-technica.eu\/es-es\/wp-json\/wp\/v2\/posts"}],"about":[{"href":"https:\/\/distribution.audio-technica.eu\/es-es\/wp-json\/wp\/v2\/types\/post"}],"author":[{"embeddable":true,"href":"https:\/\/distribution.audio-technica.eu\/es-es\/wp-json\/wp\/v2\/users\/2"}],"replies":[{"embeddable":true,"href":"https:\/\/distribution.audio-technica.eu\/es-es\/wp-json\/wp\/v2\/comments?post=25139"}],"version-history":[{"count":3,"href":"https:\/\/distribution.audio-technica.eu\/es-es\/wp-json\/wp\/v2\/posts\/25139\/revisions"}],"predecessor-version":[{"id":25141,"href":"https:\/\/distribution.audio-technica.eu\/es-es\/wp-json\/wp\/v2\/posts\/25139\/revisions\/25141"}],"wp:featuredmedia":[{"embeddable":true,"href":"https:\/\/distribution.audio-technica.eu\/es-es\/wp-json\/wp\/v2\/media\/25145"}],"wp:attachment":[{"href":"https:\/\/distribution.audio-technica.eu\/es-es\/wp-json\/wp\/v2\/media?parent=25139"}],"wp:term":[{"taxonomy":"category","embeddable":true,"href":"https:\/\/distribution.audio-technica.eu\/es-es\/wp-json\/wp\/v2\/categories?post=25139"},{"taxonomy":"post_tag","embeddable":true,"href":"https:\/\/distribution.audio-technica.eu\/es-es\/wp-json\/wp\/v2\/tags?post=25139"}],"curies":[{"name":"wp","href":"https:\/\/api.w.org\/{rel}","templated":true}]}}