{"id":25373,"date":"2021-10-22T17:25:59","date_gmt":"2021-10-22T15:25:59","guid":{"rendered":"https:\/\/atdb-production.studiograft.dev\/es\/?p=25373"},"modified":"2023-10-17T18:05:32","modified_gmt":"2023-10-17T16:05:32","slug":"audio-technica-celebra-su-exito-de-ventas-del-microfono-at2020","status":"publish","type":"post","link":"https:\/\/distribution.audio-technica.eu\/es-es\/noticias\/audio-technica-celebra-su-exito-de-ventas-del-microfono-at2020\/","title":{"rendered":"Audio-Technica celebra su \u00e9xito de ventas del micr\u00f3fono AT2020 con una importante donaci\u00f3n"},"content":{"rendered":"<p><a href=\"https:\/\/distribution.audio-technica.eu\/es\/wp-content\/uploads\/sites\/2\/WP-AT2020_Gold.jpg\"><img loading=\"lazy\" decoding=\"async\" class=\"aligncenter wp-image-25372 size-fusion-800\" src=\"\/es\/wp-content\/uploads\/sites\/2\/WP-AT2020_Gold-800x418.jpg\" alt=\"\" width=\"800\" height=\"418\" srcset=\"https:\/\/distribution.audio-technica.eu\/app\/uploads\/sites\/2\/WP-AT2020_Gold-800x418.jpg 800w, https:\/\/distribution.audio-technica.eu\/app\/uploads\/sites\/2\/WP-AT2020_Gold-300x157.jpg 300w, https:\/\/distribution.audio-technica.eu\/app\/uploads\/sites\/2\/WP-AT2020_Gold-1024x535.jpg 1024w, https:\/\/distribution.audio-technica.eu\/app\/uploads\/sites\/2\/WP-AT2020_Gold-150x78.jpg 150w, https:\/\/distribution.audio-technica.eu\/app\/uploads\/sites\/2\/WP-AT2020_Gold-768x401.jpg 768w, https:\/\/distribution.audio-technica.eu\/app\/uploads\/sites\/2\/WP-AT2020_Gold-200x105.jpg 200w, https:\/\/distribution.audio-technica.eu\/app\/uploads\/sites\/2\/WP-AT2020_Gold-400x209.jpg 400w, https:\/\/distribution.audio-technica.eu\/app\/uploads\/sites\/2\/WP-AT2020_Gold-600x314.jpg 600w, https:\/\/distribution.audio-technica.eu\/app\/uploads\/sites\/2\/WP-AT2020_Gold-1200x627.jpg 1200w, https:\/\/distribution.audio-technica.eu\/app\/uploads\/sites\/2\/WP-AT2020_Gold.jpg 1500w\" sizes=\"auto, (max-width: 800px) 100vw, 800px\" \/><\/a><\/p>\n<p>Audio-Technica, la empresa japonesa de equipos de audio, l\u00edder innovador en tecnolog\u00eda de transductores desde hace m\u00e1s de 50 a\u00f1os, celebra el haber alcanzado un mill\u00f3n de unidades vendidas de su emblem\u00e1tico micr\u00f3fono de condensador cardioide <a href=\"https:\/\/www.audio-technica.com\/es-es\/at2020\" target=\"_blank\" rel=\"noopener\">AT2020<\/a> con la donaci\u00f3n de un mill\u00f3n de yenes a <a href=\"https:\/\/hungryformusic.org\/\" target=\"_blank\" rel=\"noopener\">Hungry for Music<\/a>, una organizaci\u00f3n sin \u00e1nimo de lucro dedicada a ampliar las oportunidades musicales de los ni\u00f1os. Desde 1994, Hungry for Music ha facilitado miles de instrumentos musicales a ni\u00f1os de 32 pa\u00edses que, de otro modo, no habr\u00edan podido participar en clases y programas de m\u00fasica.<\/p>\n<p>La donaci\u00f3n de Audio-Technica es muy acertada, ya que el micr\u00f3fono de condensador cardioide AT2020 fue el primer micr\u00f3fono de captaci\u00f3n lateral con un precio inferior a 100 \u20ac que permiti\u00f3 obtener un sonido de calidad profesional, ampliando en gran medida el acceso a la tecnolog\u00eda de creaci\u00f3n de sonido y marcando el comienzo de la edad de oro del estudio dom\u00e9stico. Desde entonces, dos d\u00e9cadas despu\u00e9s, creadores de todo tipo \u2014m\u00fasicos, streamers, podcasters, etc.\u2014 siguen confiando en su clara articulaci\u00f3n y la inteligibilidad de su sonido, su dise\u00f1o robusto y su rendimiento fiable: felices de poder haber dado vida a tantas visiones art\u00edsticas.<\/p>\n<p><a href=\"https:\/\/distribution.audio-technica.eu\/es\/wp-content\/uploads\/sites\/2\/AT2020_Gold.png\"><img loading=\"lazy\" decoding=\"async\" class=\"aligncenter size-fusion-800 wp-image-25371\" src=\"\/es\/wp-content\/uploads\/sites\/2\/AT2020_Gold-800x800.png\" alt=\"\" width=\"800\" height=\"800\" srcset=\"https:\/\/distribution.audio-technica.eu\/app\/uploads\/sites\/2\/AT2020_Gold-800x800.png 800w, https:\/\/distribution.audio-technica.eu\/app\/uploads\/sites\/2\/AT2020_Gold-300x300.png 300w, https:\/\/distribution.audio-technica.eu\/app\/uploads\/sites\/2\/AT2020_Gold-150x150.png 150w, https:\/\/distribution.audio-technica.eu\/app\/uploads\/sites\/2\/AT2020_Gold-768x768.png 768w, https:\/\/distribution.audio-technica.eu\/app\/uploads\/sites\/2\/AT2020_Gold-66x66.png 66w, https:\/\/distribution.audio-technica.eu\/app\/uploads\/sites\/2\/AT2020_Gold-200x200.png 200w, https:\/\/distribution.audio-technica.eu\/app\/uploads\/sites\/2\/AT2020_Gold-400x400.png 400w, https:\/\/distribution.audio-technica.eu\/app\/uploads\/sites\/2\/AT2020_Gold-600x600.png 600w, https:\/\/distribution.audio-technica.eu\/app\/uploads\/sites\/2\/AT2020_Gold-100x100.png 100w, https:\/\/distribution.audio-technica.eu\/app\/uploads\/sites\/2\/AT2020_Gold.png 1000w\" sizes=\"auto, (max-width: 800px) 100vw, 800px\" \/><\/a><\/p>\n<p>\u201c<em>Durante casi 20 a\u00f1os, el AT2020 ha sido un trampol\u00edn para creadores en todo el mundo<\/em>\u201d, se\u00f1ala el presidente y director general de Audio-Technica en Estados Unidos, Manabu Aoki. \u201c<em>Con nuestra donaci\u00f3n a Hungry for Music, esperamos poder dar un impulso similar a la expresi\u00f3n creativa de j\u00f3venes con pocos recursos econ\u00f3micos. Al eliminar las barreras econ\u00f3micas que puedan presentarse al aprender un instrumento, Hungry for Music hace posible que m\u00e1s ni\u00f1os compartan la alegr\u00eda de hacer m\u00fasica. Estamos orgullosos de apoyar a la organizaci\u00f3n en esos esfuerzos<\/em>\u201d.<\/p>\n<p>Adem\u00e1s de la donaci\u00f3n, Audio-Technica celebra el \u00e9xito del AT2020 con el sorteo de una versi\u00f3n exclusiva del micr\u00f3fono ba\u00f1ada en oro de 24 quilates en cada una de sus zonas de venta mundiales.<\/p>\n<p>Encontrar\u00e1s m\u00e1s informaci\u00f3n sobre el sorteo en la web central de la empresa: <a href=\"https:\/\/www.audio-technica.co.jp\/2020campaign\/\" target=\"_blank\" rel=\"noopener\">https:\/\/www.audio-technica.co.jp\/2020campaign\/<\/a><\/p>\n<p>&nbsp;<\/p>\n","protected":false},"excerpt":{"rendered":"<p>Audio-Technica, la empresa japonesa de equipos de audio, l\u00edder innovador en tecnolog\u00eda de transductores desde hace m\u00e1s de 50 a\u00f1os, celebra el haber alcanzado un mill\u00f3n de unidades vendidas de su emblem\u00e1tico micr\u00f3fono de condensador cardioide AT2020 con la donaci\u00f3n de un mill\u00f3n de yenes a Hungry for Music, una organizaci\u00f3n sin \u00e1nimo de lucro [&hellip;]<\/p>\n","protected":false},"author":2,"featured_media":25370,"comment_status":"closed","ping_status":"closed","sticky":false,"template":"","format":"standard","meta":{"_acf_changed":false,"footnotes":""},"categories":[1692,2461],"tags":[2234,2314,2316,2315],"class_list":["post-25373","post","type-post","status-publish","format-standard","has-post-thumbnail","hentry","category-empresa","category-noticias","tag-at2020","tag-gold","tag-hungry-for-music","tag-sorteo"],"acf":[],"yoast_head":"<!-- This site is optimized with the Yoast SEO plugin v27.1.1 - https:\/\/yoast.com\/product\/yoast-seo-wordpress\/ -->\n<title>Audio-Technica celebra su \u00e9xito de ventas del micr\u00f3fono AT2020 con una importante donaci\u00f3n - Audio-Technica Iberia<\/title>\n<meta name=\"robots\" content=\"index, follow, max-snippet:-1, max-image-preview:large, max-video-preview:-1\" \/>\n<link rel=\"canonical\" href=\"https:\/\/distribution.audio-technica.eu\/es-es\/noticias\/audio-technica-celebra-su-exito-de-ventas-del-microfono-at2020\/\" \/>\n<meta property=\"og:locale\" content=\"es_ES\" \/>\n<meta property=\"og:type\" content=\"article\" \/>\n<meta property=\"og:title\" content=\"Audio-Technica celebra su \u00e9xito de ventas del micr\u00f3fono AT2020 con una importante donaci\u00f3n - Audio-Technica Iberia\" \/>\n<meta property=\"og:description\" content=\"Audio-Technica, la empresa japonesa de equipos de audio, l\u00edder innovador en tecnolog\u00eda de transductores desde hace m\u00e1s de 50 a\u00f1os, celebra el haber alcanzado un mill\u00f3n de unidades vendidas de su emblem\u00e1tico micr\u00f3fono de condensador cardioide AT2020 con la donaci\u00f3n de un mill\u00f3n de yenes a Hungry for Music, una organizaci\u00f3n sin \u00e1nimo de lucro [&hellip;]\" \/>\n<meta property=\"og:url\" content=\"https:\/\/distribution.audio-technica.eu\/es-es\/noticias\/audio-technica-celebra-su-exito-de-ventas-del-microfono-at2020\/\" \/>\n<meta property=\"og:site_name\" content=\"Audio-Technica Iberia\" \/>\n<meta property=\"article:published_time\" content=\"2021-10-22T15:25:59+00:00\" \/>\n<meta property=\"article:modified_time\" content=\"2023-10-17T16:05:32+00:00\" \/>\n<meta property=\"og:image\" content=\"https:\/\/distribution.audio-technica.eu\/app\/uploads\/sites\/2\/WP-AT2020_Gold-banner_ES.jpg\" \/>\n\t<meta property=\"og:image:width\" content=\"640\" \/>\n\t<meta property=\"og:image:height\" content=\"360\" \/>\n\t<meta property=\"og:image:type\" content=\"image\/jpeg\" \/>\n<meta name=\"author\" content=\"ctorras\" \/>\n<meta name=\"twitter:card\" content=\"summary_large_image\" \/>\n<meta name=\"twitter:label1\" content=\"Escrito por\" \/>\n\t<meta name=\"twitter:data1\" content=\"ctorras\" \/>\n\t<meta name=\"twitter:label2\" content=\"Tiempo de lectura\" \/>\n\t<meta name=\"twitter:data2\" content=\"2 minutos\" \/>\n<script type=\"application\/ld+json\" class=\"yoast-schema-graph\">{\"@context\":\"https:\/\/schema.org\",\"@graph\":[{\"@type\":\"Article\",\"@id\":\"https:\/\/distribution.audio-technica.eu\/es-es\/noticias\/audio-technica-celebra-su-exito-de-ventas-del-microfono-at2020\/#article\",\"isPartOf\":{\"@id\":\"https:\/\/distribution.audio-technica.eu\/es-es\/noticias\/audio-technica-celebra-su-exito-de-ventas-del-microfono-at2020\/\"},\"author\":{\"name\":\"ctorras\",\"@id\":\"https:\/\/distribution.audio-technica.eu\/es-es\/#\/schema\/person\/dbf0d33217ceab6329b4c3144742f2fb\"},\"headline\":\"Audio-Technica celebra su \u00e9xito de ventas del micr\u00f3fono AT2020 con una importante donaci\u00f3n\",\"datePublished\":\"2021-10-22T15:25:59+00:00\",\"dateModified\":\"2023-10-17T16:05:32+00:00\",\"mainEntityOfPage\":{\"@id\":\"https:\/\/distribution.audio-technica.eu\/es-es\/noticias\/audio-technica-celebra-su-exito-de-ventas-del-microfono-at2020\/\"},\"wordCount\":397,\"image\":{\"@id\":\"https:\/\/distribution.audio-technica.eu\/es-es\/noticias\/audio-technica-celebra-su-exito-de-ventas-del-microfono-at2020\/#primaryimage\"},\"thumbnailUrl\":\"\/app\/uploads\/sites\/2\/WP-AT2020_Gold-banner_ES.jpg\",\"keywords\":[\"AT2020\",\"Gold\",\"Hungry for Music\",\"Sorteo\"],\"articleSection\":[\"Empresa\",\"Noticias\"],\"inLanguage\":\"es\"},{\"@type\":\"WebPage\",\"@id\":\"https:\/\/distribution.audio-technica.eu\/es-es\/noticias\/audio-technica-celebra-su-exito-de-ventas-del-microfono-at2020\/\",\"url\":\"https:\/\/distribution.audio-technica.eu\/es-es\/noticias\/audio-technica-celebra-su-exito-de-ventas-del-microfono-at2020\/\",\"name\":\"Audio-Technica celebra su \u00e9xito de ventas del micr\u00f3fono AT2020 con una importante donaci\u00f3n - Audio-Technica Iberia\",\"isPartOf\":{\"@id\":\"https:\/\/distribution.audio-technica.eu\/es-es\/#website\"},\"primaryImageOfPage\":{\"@id\":\"https:\/\/distribution.audio-technica.eu\/es-es\/noticias\/audio-technica-celebra-su-exito-de-ventas-del-microfono-at2020\/#primaryimage\"},\"image\":{\"@id\":\"https:\/\/distribution.audio-technica.eu\/es-es\/noticias\/audio-technica-celebra-su-exito-de-ventas-del-microfono-at2020\/#primaryimage\"},\"thumbnailUrl\":\"\/app\/uploads\/sites\/2\/WP-AT2020_Gold-banner_ES.jpg\",\"datePublished\":\"2021-10-22T15:25:59+00:00\",\"dateModified\":\"2023-10-17T16:05:32+00:00\",\"author\":{\"@id\":\"https:\/\/distribution.audio-technica.eu\/es-es\/#\/schema\/person\/dbf0d33217ceab6329b4c3144742f2fb\"},\"breadcrumb\":{\"@id\":\"https:\/\/distribution.audio-technica.eu\/es-es\/noticias\/audio-technica-celebra-su-exito-de-ventas-del-microfono-at2020\/#breadcrumb\"},\"inLanguage\":\"es\",\"potentialAction\":[{\"@type\":\"ReadAction\",\"target\":[\"https:\/\/distribution.audio-technica.eu\/es-es\/noticias\/audio-technica-celebra-su-exito-de-ventas-del-microfono-at2020\/\"]}]},{\"@type\":\"ImageObject\",\"inLanguage\":\"es\",\"@id\":\"https:\/\/distribution.audio-technica.eu\/es-es\/noticias\/audio-technica-celebra-su-exito-de-ventas-del-microfono-at2020\/#primaryimage\",\"url\":\"\/app\/uploads\/sites\/2\/WP-AT2020_Gold-banner_ES.jpg\",\"contentUrl\":\"\/app\/uploads\/sites\/2\/WP-AT2020_Gold-banner_ES.jpg\",\"width\":640,\"height\":360},{\"@type\":\"BreadcrumbList\",\"@id\":\"https:\/\/distribution.audio-technica.eu\/es-es\/noticias\/audio-technica-celebra-su-exito-de-ventas-del-microfono-at2020\/#breadcrumb\",\"itemListElement\":[{\"@type\":\"ListItem\",\"position\":1,\"name\":\"Products\",\"item\":\"https:\/\/distribution.audio-technica.eu\/es-es\/\"},{\"@type\":\"ListItem\",\"position\":2,\"name\":\"Audio-Technica celebra su \u00e9xito de ventas del micr\u00f3fono AT2020 con una importante donaci\u00f3n\"}]},{\"@type\":\"WebSite\",\"@id\":\"https:\/\/distribution.audio-technica.eu\/es-es\/#website\",\"url\":\"https:\/\/distribution.audio-technica.eu\/es-es\/\",\"name\":\"Audio-Technica Iberia\",\"description\":\"Distribuci\u00f3n\",\"potentialAction\":[{\"@type\":\"SearchAction\",\"target\":{\"@type\":\"EntryPoint\",\"urlTemplate\":\"https:\/\/distribution.audio-technica.eu\/es-es\/?s={search_term_string}\"},\"query-input\":{\"@type\":\"PropertyValueSpecification\",\"valueRequired\":true,\"valueName\":\"search_term_string\"}}],\"inLanguage\":\"es\"},{\"@type\":\"Person\",\"@id\":\"https:\/\/distribution.audio-technica.eu\/es-es\/#\/schema\/person\/dbf0d33217ceab6329b4c3144742f2fb\",\"name\":\"ctorras\"}]}<\/script>\n<!-- \/ Yoast SEO plugin. -->","yoast_head_json":{"title":"Audio-Technica celebra su \u00e9xito de ventas del micr\u00f3fono AT2020 con una importante donaci\u00f3n - Audio-Technica Iberia","robots":{"index":"index","follow":"follow","max-snippet":"max-snippet:-1","max-image-preview":"max-image-preview:large","max-video-preview":"max-video-preview:-1"},"canonical":"https:\/\/distribution.audio-technica.eu\/es-es\/noticias\/audio-technica-celebra-su-exito-de-ventas-del-microfono-at2020\/","og_locale":"es_ES","og_type":"article","og_title":"Audio-Technica celebra su \u00e9xito de ventas del micr\u00f3fono AT2020 con una importante donaci\u00f3n - Audio-Technica Iberia","og_description":"Audio-Technica, la empresa japonesa de equipos de audio, l\u00edder innovador en tecnolog\u00eda de transductores desde hace m\u00e1s de 50 a\u00f1os, celebra el haber alcanzado un mill\u00f3n de unidades vendidas de su emblem\u00e1tico micr\u00f3fono de condensador cardioide AT2020 con la donaci\u00f3n de un mill\u00f3n de yenes a Hungry for Music, una organizaci\u00f3n sin \u00e1nimo de lucro [&hellip;]","og_url":"https:\/\/distribution.audio-technica.eu\/es-es\/noticias\/audio-technica-celebra-su-exito-de-ventas-del-microfono-at2020\/","og_site_name":"Audio-Technica Iberia","article_published_time":"2021-10-22T15:25:59+00:00","article_modified_time":"2023-10-17T16:05:32+00:00","og_image":[{"width":640,"height":360,"url":"https:\/\/distribution.audio-technica.eu\/app\/uploads\/sites\/2\/WP-AT2020_Gold-banner_ES.jpg","type":"image\/jpeg"}],"author":"ctorras","twitter_card":"summary_large_image","twitter_misc":{"Escrito por":"ctorras","Tiempo de lectura":"2 minutos"},"schema":{"@context":"https:\/\/schema.org","@graph":[{"@type":"Article","@id":"https:\/\/distribution.audio-technica.eu\/es-es\/noticias\/audio-technica-celebra-su-exito-de-ventas-del-microfono-at2020\/#article","isPartOf":{"@id":"https:\/\/distribution.audio-technica.eu\/es-es\/noticias\/audio-technica-celebra-su-exito-de-ventas-del-microfono-at2020\/"},"author":{"name":"ctorras","@id":"https:\/\/distribution.audio-technica.eu\/es-es\/#\/schema\/person\/dbf0d33217ceab6329b4c3144742f2fb"},"headline":"Audio-Technica celebra su \u00e9xito de ventas del micr\u00f3fono AT2020 con una importante donaci\u00f3n","datePublished":"2021-10-22T15:25:59+00:00","dateModified":"2023-10-17T16:05:32+00:00","mainEntityOfPage":{"@id":"https:\/\/distribution.audio-technica.eu\/es-es\/noticias\/audio-technica-celebra-su-exito-de-ventas-del-microfono-at2020\/"},"wordCount":397,"image":{"@id":"https:\/\/distribution.audio-technica.eu\/es-es\/noticias\/audio-technica-celebra-su-exito-de-ventas-del-microfono-at2020\/#primaryimage"},"thumbnailUrl":"\/app\/uploads\/sites\/2\/WP-AT2020_Gold-banner_ES.jpg","keywords":["AT2020","Gold","Hungry for Music","Sorteo"],"articleSection":["Empresa","Noticias"],"inLanguage":"es"},{"@type":"WebPage","@id":"https:\/\/distribution.audio-technica.eu\/es-es\/noticias\/audio-technica-celebra-su-exito-de-ventas-del-microfono-at2020\/","url":"https:\/\/distribution.audio-technica.eu\/es-es\/noticias\/audio-technica-celebra-su-exito-de-ventas-del-microfono-at2020\/","name":"Audio-Technica celebra su \u00e9xito de ventas del micr\u00f3fono AT2020 con una importante donaci\u00f3n - Audio-Technica Iberia","isPartOf":{"@id":"https:\/\/distribution.audio-technica.eu\/es-es\/#website"},"primaryImageOfPage":{"@id":"https:\/\/distribution.audio-technica.eu\/es-es\/noticias\/audio-technica-celebra-su-exito-de-ventas-del-microfono-at2020\/#primaryimage"},"image":{"@id":"https:\/\/distribution.audio-technica.eu\/es-es\/noticias\/audio-technica-celebra-su-exito-de-ventas-del-microfono-at2020\/#primaryimage"},"thumbnailUrl":"\/app\/uploads\/sites\/2\/WP-AT2020_Gold-banner_ES.jpg","datePublished":"2021-10-22T15:25:59+00:00","dateModified":"2023-10-17T16:05:32+00:00","author":{"@id":"https:\/\/distribution.audio-technica.eu\/es-es\/#\/schema\/person\/dbf0d33217ceab6329b4c3144742f2fb"},"breadcrumb":{"@id":"https:\/\/distribution.audio-technica.eu\/es-es\/noticias\/audio-technica-celebra-su-exito-de-ventas-del-microfono-at2020\/#breadcrumb"},"inLanguage":"es","potentialAction":[{"@type":"ReadAction","target":["https:\/\/distribution.audio-technica.eu\/es-es\/noticias\/audio-technica-celebra-su-exito-de-ventas-del-microfono-at2020\/"]}]},{"@type":"ImageObject","inLanguage":"es","@id":"https:\/\/distribution.audio-technica.eu\/es-es\/noticias\/audio-technica-celebra-su-exito-de-ventas-del-microfono-at2020\/#primaryimage","url":"\/app\/uploads\/sites\/2\/WP-AT2020_Gold-banner_ES.jpg","contentUrl":"\/app\/uploads\/sites\/2\/WP-AT2020_Gold-banner_ES.jpg","width":640,"height":360},{"@type":"BreadcrumbList","@id":"https:\/\/distribution.audio-technica.eu\/es-es\/noticias\/audio-technica-celebra-su-exito-de-ventas-del-microfono-at2020\/#breadcrumb","itemListElement":[{"@type":"ListItem","position":1,"name":"Products","item":"https:\/\/distribution.audio-technica.eu\/es-es\/"},{"@type":"ListItem","position":2,"name":"Audio-Technica celebra su \u00e9xito de ventas del micr\u00f3fono AT2020 con una importante donaci\u00f3n"}]},{"@type":"WebSite","@id":"https:\/\/distribution.audio-technica.eu\/es-es\/#website","url":"https:\/\/distribution.audio-technica.eu\/es-es\/","name":"Audio-Technica Iberia","description":"Distribuci\u00f3n","potentialAction":[{"@type":"SearchAction","target":{"@type":"EntryPoint","urlTemplate":"https:\/\/distribution.audio-technica.eu\/es-es\/?s={search_term_string}"},"query-input":{"@type":"PropertyValueSpecification","valueRequired":true,"valueName":"search_term_string"}}],"inLanguage":"es"},{"@type":"Person","@id":"https:\/\/distribution.audio-technica.eu\/es-es\/#\/schema\/person\/dbf0d33217ceab6329b4c3144742f2fb","name":"ctorras"}]}},"_links":{"self":[{"href":"https:\/\/distribution.audio-technica.eu\/es-es\/wp-json\/wp\/v2\/posts\/25373","targetHints":{"allow":["GET"]}}],"collection":[{"href":"https:\/\/distribution.audio-technica.eu\/es-es\/wp-json\/wp\/v2\/posts"}],"about":[{"href":"https:\/\/distribution.audio-technica.eu\/es-es\/wp-json\/wp\/v2\/types\/post"}],"author":[{"embeddable":true,"href":"https:\/\/distribution.audio-technica.eu\/es-es\/wp-json\/wp\/v2\/users\/2"}],"replies":[{"embeddable":true,"href":"https:\/\/distribution.audio-technica.eu\/es-es\/wp-json\/wp\/v2\/comments?post=25373"}],"version-history":[{"count":2,"href":"https:\/\/distribution.audio-technica.eu\/es-es\/wp-json\/wp\/v2\/posts\/25373\/revisions"}],"predecessor-version":[{"id":25375,"href":"https:\/\/distribution.audio-technica.eu\/es-es\/wp-json\/wp\/v2\/posts\/25373\/revisions\/25375"}],"wp:featuredmedia":[{"embeddable":true,"href":"https:\/\/distribution.audio-technica.eu\/es-es\/wp-json\/wp\/v2\/media\/25370"}],"wp:attachment":[{"href":"https:\/\/distribution.audio-technica.eu\/es-es\/wp-json\/wp\/v2\/media?parent=25373"}],"wp:term":[{"taxonomy":"category","embeddable":true,"href":"https:\/\/distribution.audio-technica.eu\/es-es\/wp-json\/wp\/v2\/categories?post=25373"},{"taxonomy":"post_tag","embeddable":true,"href":"https:\/\/distribution.audio-technica.eu\/es-es\/wp-json\/wp\/v2\/tags?post=25373"}],"curies":[{"name":"wp","href":"https:\/\/api.w.org\/{rel}","templated":true}]}}