{"id":25492,"date":"2021-11-25T17:52:56","date_gmt":"2021-11-25T16:52:56","guid":{"rendered":"https:\/\/atdb-production.studiograft.dev\/es\/?p=25492"},"modified":"2023-07-30T13:37:36","modified_gmt":"2023-07-30T11:37:36","slug":"altavoces-martin-audio-cdd5-en-el-life-lounge-terrace-de-tenerife","status":"publish","type":"post","link":"https:\/\/distribution.audio-technica.eu\/es-es\/noticias\/altavoces-martin-audio-cdd5-en-el-life-lounge-terrace-de-tenerife\/","title":{"rendered":"Altavoces Martin Audio CDD5 en el Life Lounge Terrace de Tenerife"},"content":{"rendered":"<h2>Uno de los locales de moda en Tenerife, el Life Lounge Terrace, acaba de modernizar su sistema de sonorizaci\u00f3n con la adquisici\u00f3n de un total de doce recintos ac\u00fasticos CDD5 de Martin Audio.<\/h2>\n<p><a href=\"https:\/\/distribution.audio-technica.eu\/es\/wp-content\/uploads\/sites\/2\/WP-IMG_4566-main.jpg\"><img loading=\"lazy\" decoding=\"async\" class=\"aligncenter wp-image-25491 size-fusion-800\" src=\"\/es\/wp-content\/uploads\/sites\/2\/WP-IMG_4566-main-800x605.jpg\" alt=\"\" width=\"800\" height=\"605\" srcset=\"https:\/\/distribution.audio-technica.eu\/app\/uploads\/sites\/2\/WP-IMG_4566-main-800x605.jpg 800w, https:\/\/distribution.audio-technica.eu\/app\/uploads\/sites\/2\/WP-IMG_4566-main-300x227.jpg 300w, https:\/\/distribution.audio-technica.eu\/app\/uploads\/sites\/2\/WP-IMG_4566-main-1024x774.jpg 1024w, https:\/\/distribution.audio-technica.eu\/app\/uploads\/sites\/2\/WP-IMG_4566-main-150x113.jpg 150w, https:\/\/distribution.audio-technica.eu\/app\/uploads\/sites\/2\/WP-IMG_4566-main-768x581.jpg 768w, https:\/\/distribution.audio-technica.eu\/app\/uploads\/sites\/2\/WP-IMG_4566-main-200x151.jpg 200w, https:\/\/distribution.audio-technica.eu\/app\/uploads\/sites\/2\/WP-IMG_4566-main-400x302.jpg 400w, https:\/\/distribution.audio-technica.eu\/app\/uploads\/sites\/2\/WP-IMG_4566-main-600x454.jpg 600w, https:\/\/distribution.audio-technica.eu\/app\/uploads\/sites\/2\/WP-IMG_4566-main-1200x907.jpg 1200w, https:\/\/distribution.audio-technica.eu\/app\/uploads\/sites\/2\/WP-IMG_4566-main.jpg 1500w\" sizes=\"auto, (max-width: 800px) 100vw, 800px\" \/><\/a><\/p>\n<p>Situado en Tenerife, concretamente en la playa de Fa\u00f1ab\u00e9 en Adeje, el <a href=\"https:\/\/www.lifeloungeterrace.com\/\" target=\"_blank\" rel=\"noopener\">Life Lounge Terrace<\/a> es un local que ofrece una selecta carta de c\u00f3cteles y otras delicatessen en un ambiente selecto y con una decoraci\u00f3n moderna y atractiva.<\/p>\n<p>Recientemente, decidieron actualizar su sistema de sonorizaci\u00f3n, requiriendo los servicios de la firma tinerfe\u00f1a <a href=\"https:\/\/www.ekotrack.store\/\" target=\"_blank\" rel=\"noopener\">Eko Track<\/a>, que acumula una larga experiencia en la venta, distribuci\u00f3n e instalaci\u00f3n de equipos de audio profesionales.<\/p>\n<p>Los responsables del local especificaron la necesidad de contar con altavoces capaces de ofrecer un sonido de muy alta calidad, potente, rico y pleno pero, al mismo tiempo, el peculiar dise\u00f1o del local tambi\u00e9n exig\u00eda el uso de cajas de peque\u00f1o tama\u00f1o y acabadas en color blanco.<\/p>\n<p><a href=\"https:\/\/distribution.audio-technica.eu\/es\/wp-content\/uploads\/sites\/2\/WP-IMG_4552.jpg\"><img loading=\"lazy\" decoding=\"async\" class=\"aligncenter wp-image-25489 size-fusion-800\" src=\"\/es\/wp-content\/uploads\/sites\/2\/WP-IMG_4552-800x1067.jpg\" alt=\"\" width=\"800\" height=\"1067\" srcset=\"https:\/\/distribution.audio-technica.eu\/app\/uploads\/sites\/2\/WP-IMG_4552-800x1067.jpg 800w, https:\/\/distribution.audio-technica.eu\/app\/uploads\/sites\/2\/WP-IMG_4552-225x300.jpg 225w, https:\/\/distribution.audio-technica.eu\/app\/uploads\/sites\/2\/WP-IMG_4552-768x1024.jpg 768w, https:\/\/distribution.audio-technica.eu\/app\/uploads\/sites\/2\/WP-IMG_4552-113x150.jpg 113w, https:\/\/distribution.audio-technica.eu\/app\/uploads\/sites\/2\/WP-IMG_4552-200x267.jpg 200w, https:\/\/distribution.audio-technica.eu\/app\/uploads\/sites\/2\/WP-IMG_4552-400x533.jpg 400w, https:\/\/distribution.audio-technica.eu\/app\/uploads\/sites\/2\/WP-IMG_4552-600x800.jpg 600w, https:\/\/distribution.audio-technica.eu\/app\/uploads\/sites\/2\/WP-IMG_4552.jpg 1125w\" sizes=\"auto, (max-width: 800px) 100vw, 800px\" \/><\/a><\/p>\n<p>La opci\u00f3n seleccionada fueron los recintos <a href=\"https:\/\/martin-audio.com\/products\/loudspeakers\/cdd5\" target=\"_blank\" rel=\"noopener\">CDD5B<\/a> de Martin Audio, un recinto pasivo ultra-compacto de 2 v\u00edas, equipado con un altavoz de 5,25\u2033 coaxial de dispersi\u00f3n diferencial, dise\u00f1ado para permitir una colocaci\u00f3n muy discreta y que ofrece la opci\u00f3n de acabado en blanco.<\/p>\n<p>La tecnolog\u00eda coaxial de dispersi\u00f3n diferencial utilizada en el CDD5 proporciona una mejor cobertura que los sistemas que utilizan patrones de cobertura X\u00b0 Y\u00b0 fijos, proyectando relativamente m\u00e1s salida en la parte posterior de la audiencia para distribuir el sonido uniformemente de frente hacia atr\u00e1s, mientras ofrece una amplia cobertura horizontal en primer plano. Incorpora un exclusivo transductor coaxial de dispersi\u00f3n diferencial de 5\u2033(125mm) LF \/ 0.7\u2033(19mm) HF alojado en un recinto r\u00edgido de ABS moldeado. Su soporte de montaje omnidireccional (incluido) ofrece las m\u00e1xima flexibilidad de montaje.<\/p>\n<p><a href=\"https:\/\/distribution.audio-technica.eu\/es\/wp-content\/uploads\/sites\/2\/WP-IMG_4551.jpg\"><img loading=\"lazy\" decoding=\"async\" class=\"aligncenter size-fusion-800 wp-image-25488\" src=\"\/es\/wp-content\/uploads\/sites\/2\/WP-IMG_4551-800x1067.jpg\" alt=\"\" width=\"800\" height=\"1067\" srcset=\"https:\/\/distribution.audio-technica.eu\/app\/uploads\/sites\/2\/WP-IMG_4551-800x1067.jpg 800w, https:\/\/distribution.audio-technica.eu\/app\/uploads\/sites\/2\/WP-IMG_4551-225x300.jpg 225w, https:\/\/distribution.audio-technica.eu\/app\/uploads\/sites\/2\/WP-IMG_4551-768x1024.jpg 768w, https:\/\/distribution.audio-technica.eu\/app\/uploads\/sites\/2\/WP-IMG_4551-113x150.jpg 113w, https:\/\/distribution.audio-technica.eu\/app\/uploads\/sites\/2\/WP-IMG_4551-200x267.jpg 200w, https:\/\/distribution.audio-technica.eu\/app\/uploads\/sites\/2\/WP-IMG_4551-400x533.jpg 400w, https:\/\/distribution.audio-technica.eu\/app\/uploads\/sites\/2\/WP-IMG_4551-600x800.jpg 600w, https:\/\/distribution.audio-technica.eu\/app\/uploads\/sites\/2\/WP-IMG_4551.jpg 1125w\" sizes=\"auto, (max-width: 800px) 100vw, 800px\" \/><\/a><\/p>\n<p>En total, se han instalado 10 unidades para uso en interiores y otras dos para exteriores.<\/p>\n<p>Seg\u00fan afirman los responsables de la empresa instaladora, esta es la primera vez que utilizan este modelo en una instalaci\u00f3n pero, dado los excelentes resultados obtenidos, no dudar\u00e1n en utilizarlos de nuevo en futuros proyectos. El cliente tambi\u00e9n ha mostrado su total satisfacci\u00f3n con el resultado final.<\/p>\n<p><a href=\"https:\/\/distribution.audio-technica.eu\/es\/wp-content\/uploads\/sites\/2\/WP-IMG_4560.jpg\"><img loading=\"lazy\" decoding=\"async\" class=\"aligncenter size-fusion-800 wp-image-25490\" src=\"\/es\/wp-content\/uploads\/sites\/2\/WP-IMG_4560-800x1067.jpg\" alt=\"\" width=\"800\" height=\"1067\" srcset=\"https:\/\/distribution.audio-technica.eu\/app\/uploads\/sites\/2\/WP-IMG_4560-800x1067.jpg 800w, https:\/\/distribution.audio-technica.eu\/app\/uploads\/sites\/2\/WP-IMG_4560-225x300.jpg 225w, https:\/\/distribution.audio-technica.eu\/app\/uploads\/sites\/2\/WP-IMG_4560-768x1024.jpg 768w, https:\/\/distribution.audio-technica.eu\/app\/uploads\/sites\/2\/WP-IMG_4560-113x150.jpg 113w, https:\/\/distribution.audio-technica.eu\/app\/uploads\/sites\/2\/WP-IMG_4560-200x267.jpg 200w, https:\/\/distribution.audio-technica.eu\/app\/uploads\/sites\/2\/WP-IMG_4560-400x533.jpg 400w, https:\/\/distribution.audio-technica.eu\/app\/uploads\/sites\/2\/WP-IMG_4560-600x800.jpg 600w, https:\/\/distribution.audio-technica.eu\/app\/uploads\/sites\/2\/WP-IMG_4560.jpg 1125w\" sizes=\"auto, (max-width: 800px) 100vw, 800px\" \/><\/a><\/p>\n<p>&nbsp;<\/p>\n","protected":false},"excerpt":{"rendered":"<p>Uno de los locales de moda en Tenerife, el Life Lounge Terrace, acaba de modernizar su sistema de sonorizaci\u00f3n con la adquisici\u00f3n de un total de doce recintos ac\u00fasticos CDD5 de Martin Audio. Situado en Tenerife, concretamente en la playa de Fa\u00f1ab\u00e9 en Adeje, el Life Lounge Terrace es un local que ofrece una selecta [&hellip;]<\/p>\n","protected":false},"author":2,"featured_media":25487,"comment_status":"closed","ping_status":"closed","sticky":false,"template":"","format":"standard","meta":{"_acf_changed":false,"footnotes":""},"categories":[2460],"tags":[2318,1553],"class_list":["post-25492","post","type-post","status-publish","format-standard","has-post-thumbnail","hentry","category-instalaciones","tag-cdd5","tag-instalacion"],"acf":[],"yoast_head":"<!-- This site is optimized with the Yoast SEO plugin v27.1.1 - https:\/\/yoast.com\/product\/yoast-seo-wordpress\/ -->\n<title>Altavoces Martin Audio CDD5 en el Life Lounge Terrace de Tenerife - Audio-Technica Iberia<\/title>\n<meta name=\"robots\" content=\"index, follow, max-snippet:-1, max-image-preview:large, max-video-preview:-1\" \/>\n<link rel=\"canonical\" href=\"https:\/\/distribution.audio-technica.eu\/es-es\/noticias\/altavoces-martin-audio-cdd5-en-el-life-lounge-terrace-de-tenerife\/\" \/>\n<meta property=\"og:locale\" content=\"es_ES\" \/>\n<meta property=\"og:type\" content=\"article\" \/>\n<meta property=\"og:title\" content=\"Altavoces Martin Audio CDD5 en el Life Lounge Terrace de Tenerife - Audio-Technica Iberia\" \/>\n<meta property=\"og:description\" content=\"Uno de los locales de moda en Tenerife, el Life Lounge Terrace, acaba de modernizar su sistema de sonorizaci\u00f3n con la adquisici\u00f3n de un total de doce recintos ac\u00fasticos CDD5 de Martin Audio. Situado en Tenerife, concretamente en la playa de Fa\u00f1ab\u00e9 en Adeje, el Life Lounge Terrace es un local que ofrece una selecta [&hellip;]\" \/>\n<meta property=\"og:url\" content=\"https:\/\/distribution.audio-technica.eu\/es-es\/noticias\/altavoces-martin-audio-cdd5-en-el-life-lounge-terrace-de-tenerife\/\" \/>\n<meta property=\"og:site_name\" content=\"Audio-Technica Iberia\" \/>\n<meta property=\"article:published_time\" content=\"2021-11-25T16:52:56+00:00\" \/>\n<meta property=\"article:modified_time\" content=\"2023-07-30T11:37:36+00:00\" \/>\n<meta property=\"og:image\" content=\"https:\/\/distribution.audio-technica.eu\/app\/uploads\/sites\/2\/WP-IMG_4551-banner.jpg\" \/>\n\t<meta property=\"og:image:width\" content=\"640\" \/>\n\t<meta property=\"og:image:height\" content=\"360\" \/>\n\t<meta property=\"og:image:type\" content=\"image\/jpeg\" \/>\n<meta name=\"author\" content=\"ctorras\" \/>\n<meta name=\"twitter:card\" content=\"summary_large_image\" \/>\n<meta name=\"twitter:label1\" content=\"Escrito por\" \/>\n\t<meta name=\"twitter:data1\" content=\"ctorras\" \/>\n\t<meta name=\"twitter:label2\" content=\"Tiempo de lectura\" \/>\n\t<meta name=\"twitter:data2\" content=\"2 minutos\" \/>\n<script type=\"application\/ld+json\" class=\"yoast-schema-graph\">{\"@context\":\"https:\/\/schema.org\",\"@graph\":[{\"@type\":\"Article\",\"@id\":\"https:\/\/distribution.audio-technica.eu\/es-es\/noticias\/altavoces-martin-audio-cdd5-en-el-life-lounge-terrace-de-tenerife\/#article\",\"isPartOf\":{\"@id\":\"https:\/\/distribution.audio-technica.eu\/es-es\/noticias\/altavoces-martin-audio-cdd5-en-el-life-lounge-terrace-de-tenerife\/\"},\"author\":{\"name\":\"ctorras\",\"@id\":\"https:\/\/distribution.audio-technica.eu\/es-es\/#\/schema\/person\/dbf0d33217ceab6329b4c3144742f2fb\"},\"headline\":\"Altavoces Martin Audio CDD5 en el Life Lounge Terrace de Tenerife\",\"datePublished\":\"2021-11-25T16:52:56+00:00\",\"dateModified\":\"2023-07-30T11:37:36+00:00\",\"mainEntityOfPage\":{\"@id\":\"https:\/\/distribution.audio-technica.eu\/es-es\/noticias\/altavoces-martin-audio-cdd5-en-el-life-lounge-terrace-de-tenerife\/\"},\"wordCount\":387,\"image\":{\"@id\":\"https:\/\/distribution.audio-technica.eu\/es-es\/noticias\/altavoces-martin-audio-cdd5-en-el-life-lounge-terrace-de-tenerife\/#primaryimage\"},\"thumbnailUrl\":\"\/app\/uploads\/sites\/2\/WP-IMG_4551-banner.jpg\",\"keywords\":[\"CDD5\",\"Instalaci\u00f3n\"],\"articleSection\":[\"Instalaciones\"],\"inLanguage\":\"es\"},{\"@type\":\"WebPage\",\"@id\":\"https:\/\/distribution.audio-technica.eu\/es-es\/noticias\/altavoces-martin-audio-cdd5-en-el-life-lounge-terrace-de-tenerife\/\",\"url\":\"https:\/\/distribution.audio-technica.eu\/es-es\/noticias\/altavoces-martin-audio-cdd5-en-el-life-lounge-terrace-de-tenerife\/\",\"name\":\"Altavoces Martin Audio CDD5 en el Life Lounge Terrace de Tenerife - Audio-Technica Iberia\",\"isPartOf\":{\"@id\":\"https:\/\/distribution.audio-technica.eu\/es-es\/#website\"},\"primaryImageOfPage\":{\"@id\":\"https:\/\/distribution.audio-technica.eu\/es-es\/noticias\/altavoces-martin-audio-cdd5-en-el-life-lounge-terrace-de-tenerife\/#primaryimage\"},\"image\":{\"@id\":\"https:\/\/distribution.audio-technica.eu\/es-es\/noticias\/altavoces-martin-audio-cdd5-en-el-life-lounge-terrace-de-tenerife\/#primaryimage\"},\"thumbnailUrl\":\"\/app\/uploads\/sites\/2\/WP-IMG_4551-banner.jpg\",\"datePublished\":\"2021-11-25T16:52:56+00:00\",\"dateModified\":\"2023-07-30T11:37:36+00:00\",\"author\":{\"@id\":\"https:\/\/distribution.audio-technica.eu\/es-es\/#\/schema\/person\/dbf0d33217ceab6329b4c3144742f2fb\"},\"breadcrumb\":{\"@id\":\"https:\/\/distribution.audio-technica.eu\/es-es\/noticias\/altavoces-martin-audio-cdd5-en-el-life-lounge-terrace-de-tenerife\/#breadcrumb\"},\"inLanguage\":\"es\",\"potentialAction\":[{\"@type\":\"ReadAction\",\"target\":[\"https:\/\/distribution.audio-technica.eu\/es-es\/noticias\/altavoces-martin-audio-cdd5-en-el-life-lounge-terrace-de-tenerife\/\"]}]},{\"@type\":\"ImageObject\",\"inLanguage\":\"es\",\"@id\":\"https:\/\/distribution.audio-technica.eu\/es-es\/noticias\/altavoces-martin-audio-cdd5-en-el-life-lounge-terrace-de-tenerife\/#primaryimage\",\"url\":\"\/app\/uploads\/sites\/2\/WP-IMG_4551-banner.jpg\",\"contentUrl\":\"\/app\/uploads\/sites\/2\/WP-IMG_4551-banner.jpg\",\"width\":640,\"height\":360},{\"@type\":\"BreadcrumbList\",\"@id\":\"https:\/\/distribution.audio-technica.eu\/es-es\/noticias\/altavoces-martin-audio-cdd5-en-el-life-lounge-terrace-de-tenerife\/#breadcrumb\",\"itemListElement\":[{\"@type\":\"ListItem\",\"position\":1,\"name\":\"Products\",\"item\":\"https:\/\/distribution.audio-technica.eu\/es-es\/\"},{\"@type\":\"ListItem\",\"position\":2,\"name\":\"Altavoces Martin Audio CDD5 en el Life Lounge Terrace de Tenerife\"}]},{\"@type\":\"WebSite\",\"@id\":\"https:\/\/distribution.audio-technica.eu\/es-es\/#website\",\"url\":\"https:\/\/distribution.audio-technica.eu\/es-es\/\",\"name\":\"Audio-Technica Iberia\",\"description\":\"Distribuci\u00f3n\",\"potentialAction\":[{\"@type\":\"SearchAction\",\"target\":{\"@type\":\"EntryPoint\",\"urlTemplate\":\"https:\/\/distribution.audio-technica.eu\/es-es\/?s={search_term_string}\"},\"query-input\":{\"@type\":\"PropertyValueSpecification\",\"valueRequired\":true,\"valueName\":\"search_term_string\"}}],\"inLanguage\":\"es\"},{\"@type\":\"Person\",\"@id\":\"https:\/\/distribution.audio-technica.eu\/es-es\/#\/schema\/person\/dbf0d33217ceab6329b4c3144742f2fb\",\"name\":\"ctorras\"}]}<\/script>\n<!-- \/ Yoast SEO plugin. -->","yoast_head_json":{"title":"Altavoces Martin Audio CDD5 en el Life Lounge Terrace de Tenerife - Audio-Technica Iberia","robots":{"index":"index","follow":"follow","max-snippet":"max-snippet:-1","max-image-preview":"max-image-preview:large","max-video-preview":"max-video-preview:-1"},"canonical":"https:\/\/distribution.audio-technica.eu\/es-es\/noticias\/altavoces-martin-audio-cdd5-en-el-life-lounge-terrace-de-tenerife\/","og_locale":"es_ES","og_type":"article","og_title":"Altavoces Martin Audio CDD5 en el Life Lounge Terrace de Tenerife - Audio-Technica Iberia","og_description":"Uno de los locales de moda en Tenerife, el Life Lounge Terrace, acaba de modernizar su sistema de sonorizaci\u00f3n con la adquisici\u00f3n de un total de doce recintos ac\u00fasticos CDD5 de Martin Audio. Situado en Tenerife, concretamente en la playa de Fa\u00f1ab\u00e9 en Adeje, el Life Lounge Terrace es un local que ofrece una selecta [&hellip;]","og_url":"https:\/\/distribution.audio-technica.eu\/es-es\/noticias\/altavoces-martin-audio-cdd5-en-el-life-lounge-terrace-de-tenerife\/","og_site_name":"Audio-Technica Iberia","article_published_time":"2021-11-25T16:52:56+00:00","article_modified_time":"2023-07-30T11:37:36+00:00","og_image":[{"width":640,"height":360,"url":"https:\/\/distribution.audio-technica.eu\/app\/uploads\/sites\/2\/WP-IMG_4551-banner.jpg","type":"image\/jpeg"}],"author":"ctorras","twitter_card":"summary_large_image","twitter_misc":{"Escrito por":"ctorras","Tiempo de lectura":"2 minutos"},"schema":{"@context":"https:\/\/schema.org","@graph":[{"@type":"Article","@id":"https:\/\/distribution.audio-technica.eu\/es-es\/noticias\/altavoces-martin-audio-cdd5-en-el-life-lounge-terrace-de-tenerife\/#article","isPartOf":{"@id":"https:\/\/distribution.audio-technica.eu\/es-es\/noticias\/altavoces-martin-audio-cdd5-en-el-life-lounge-terrace-de-tenerife\/"},"author":{"name":"ctorras","@id":"https:\/\/distribution.audio-technica.eu\/es-es\/#\/schema\/person\/dbf0d33217ceab6329b4c3144742f2fb"},"headline":"Altavoces Martin Audio CDD5 en el Life Lounge Terrace de Tenerife","datePublished":"2021-11-25T16:52:56+00:00","dateModified":"2023-07-30T11:37:36+00:00","mainEntityOfPage":{"@id":"https:\/\/distribution.audio-technica.eu\/es-es\/noticias\/altavoces-martin-audio-cdd5-en-el-life-lounge-terrace-de-tenerife\/"},"wordCount":387,"image":{"@id":"https:\/\/distribution.audio-technica.eu\/es-es\/noticias\/altavoces-martin-audio-cdd5-en-el-life-lounge-terrace-de-tenerife\/#primaryimage"},"thumbnailUrl":"\/app\/uploads\/sites\/2\/WP-IMG_4551-banner.jpg","keywords":["CDD5","Instalaci\u00f3n"],"articleSection":["Instalaciones"],"inLanguage":"es"},{"@type":"WebPage","@id":"https:\/\/distribution.audio-technica.eu\/es-es\/noticias\/altavoces-martin-audio-cdd5-en-el-life-lounge-terrace-de-tenerife\/","url":"https:\/\/distribution.audio-technica.eu\/es-es\/noticias\/altavoces-martin-audio-cdd5-en-el-life-lounge-terrace-de-tenerife\/","name":"Altavoces Martin Audio CDD5 en el Life Lounge Terrace de Tenerife - Audio-Technica Iberia","isPartOf":{"@id":"https:\/\/distribution.audio-technica.eu\/es-es\/#website"},"primaryImageOfPage":{"@id":"https:\/\/distribution.audio-technica.eu\/es-es\/noticias\/altavoces-martin-audio-cdd5-en-el-life-lounge-terrace-de-tenerife\/#primaryimage"},"image":{"@id":"https:\/\/distribution.audio-technica.eu\/es-es\/noticias\/altavoces-martin-audio-cdd5-en-el-life-lounge-terrace-de-tenerife\/#primaryimage"},"thumbnailUrl":"\/app\/uploads\/sites\/2\/WP-IMG_4551-banner.jpg","datePublished":"2021-11-25T16:52:56+00:00","dateModified":"2023-07-30T11:37:36+00:00","author":{"@id":"https:\/\/distribution.audio-technica.eu\/es-es\/#\/schema\/person\/dbf0d33217ceab6329b4c3144742f2fb"},"breadcrumb":{"@id":"https:\/\/distribution.audio-technica.eu\/es-es\/noticias\/altavoces-martin-audio-cdd5-en-el-life-lounge-terrace-de-tenerife\/#breadcrumb"},"inLanguage":"es","potentialAction":[{"@type":"ReadAction","target":["https:\/\/distribution.audio-technica.eu\/es-es\/noticias\/altavoces-martin-audio-cdd5-en-el-life-lounge-terrace-de-tenerife\/"]}]},{"@type":"ImageObject","inLanguage":"es","@id":"https:\/\/distribution.audio-technica.eu\/es-es\/noticias\/altavoces-martin-audio-cdd5-en-el-life-lounge-terrace-de-tenerife\/#primaryimage","url":"\/app\/uploads\/sites\/2\/WP-IMG_4551-banner.jpg","contentUrl":"\/app\/uploads\/sites\/2\/WP-IMG_4551-banner.jpg","width":640,"height":360},{"@type":"BreadcrumbList","@id":"https:\/\/distribution.audio-technica.eu\/es-es\/noticias\/altavoces-martin-audio-cdd5-en-el-life-lounge-terrace-de-tenerife\/#breadcrumb","itemListElement":[{"@type":"ListItem","position":1,"name":"Products","item":"https:\/\/distribution.audio-technica.eu\/es-es\/"},{"@type":"ListItem","position":2,"name":"Altavoces Martin Audio CDD5 en el Life Lounge Terrace de Tenerife"}]},{"@type":"WebSite","@id":"https:\/\/distribution.audio-technica.eu\/es-es\/#website","url":"https:\/\/distribution.audio-technica.eu\/es-es\/","name":"Audio-Technica Iberia","description":"Distribuci\u00f3n","potentialAction":[{"@type":"SearchAction","target":{"@type":"EntryPoint","urlTemplate":"https:\/\/distribution.audio-technica.eu\/es-es\/?s={search_term_string}"},"query-input":{"@type":"PropertyValueSpecification","valueRequired":true,"valueName":"search_term_string"}}],"inLanguage":"es"},{"@type":"Person","@id":"https:\/\/distribution.audio-technica.eu\/es-es\/#\/schema\/person\/dbf0d33217ceab6329b4c3144742f2fb","name":"ctorras"}]}},"_links":{"self":[{"href":"https:\/\/distribution.audio-technica.eu\/es-es\/wp-json\/wp\/v2\/posts\/25492","targetHints":{"allow":["GET"]}}],"collection":[{"href":"https:\/\/distribution.audio-technica.eu\/es-es\/wp-json\/wp\/v2\/posts"}],"about":[{"href":"https:\/\/distribution.audio-technica.eu\/es-es\/wp-json\/wp\/v2\/types\/post"}],"author":[{"embeddable":true,"href":"https:\/\/distribution.audio-technica.eu\/es-es\/wp-json\/wp\/v2\/users\/2"}],"replies":[{"embeddable":true,"href":"https:\/\/distribution.audio-technica.eu\/es-es\/wp-json\/wp\/v2\/comments?post=25492"}],"version-history":[{"count":2,"href":"https:\/\/distribution.audio-technica.eu\/es-es\/wp-json\/wp\/v2\/posts\/25492\/revisions"}],"predecessor-version":[{"id":25494,"href":"https:\/\/distribution.audio-technica.eu\/es-es\/wp-json\/wp\/v2\/posts\/25492\/revisions\/25494"}],"wp:featuredmedia":[{"embeddable":true,"href":"https:\/\/distribution.audio-technica.eu\/es-es\/wp-json\/wp\/v2\/media\/25487"}],"wp:attachment":[{"href":"https:\/\/distribution.audio-technica.eu\/es-es\/wp-json\/wp\/v2\/media?parent=25492"}],"wp:term":[{"taxonomy":"category","embeddable":true,"href":"https:\/\/distribution.audio-technica.eu\/es-es\/wp-json\/wp\/v2\/categories?post=25492"},{"taxonomy":"post_tag","embeddable":true,"href":"https:\/\/distribution.audio-technica.eu\/es-es\/wp-json\/wp\/v2\/tags?post=25492"}],"curies":[{"name":"wp","href":"https:\/\/api.w.org\/{rel}","templated":true}]}}