{"id":25540,"date":"2021-11-10T16:11:26","date_gmt":"2021-11-10T15:11:26","guid":{"rendered":"https:\/\/atdb-production.studiograft.dev\/es\/?p=25540"},"modified":"2023-07-31T11:15:29","modified_gmt":"2023-07-31T09:15:29","slug":"los-monitores-genelec-educan-a-la-proxima-generacion-de-talentos-de-audio-en-shanghai","status":"publish","type":"post","link":"https:\/\/distribution.audio-technica.eu\/es-es\/noticias\/los-monitores-genelec-educan-a-la-proxima-generacion-de-talentos-de-audio-en-shanghai\/","title":{"rendered":"Los monitores Genelec educan a la pr\u00f3xima generaci\u00f3n de talentos de audio en Shanghai"},"content":{"rendered":"<p><a href=\"https:\/\/distribution.audio-technica.eu\/es\/wp-content\/uploads\/sites\/2\/WP-Shanghai_school_PR_Image1.jpg\"><img loading=\"lazy\" decoding=\"async\" class=\"aligncenter size-fusion-800 wp-image-25535\" src=\"\/es\/wp-content\/uploads\/sites\/2\/WP-Shanghai_school_PR_Image1-800x533.jpg\" alt=\"\" width=\"800\" height=\"533\" srcset=\"https:\/\/distribution.audio-technica.eu\/app\/uploads\/sites\/2\/WP-Shanghai_school_PR_Image1-800x533.jpg 800w, https:\/\/distribution.audio-technica.eu\/app\/uploads\/sites\/2\/WP-Shanghai_school_PR_Image1-300x200.jpg 300w, https:\/\/distribution.audio-technica.eu\/app\/uploads\/sites\/2\/WP-Shanghai_school_PR_Image1-1024x683.jpg 1024w, https:\/\/distribution.audio-technica.eu\/app\/uploads\/sites\/2\/WP-Shanghai_school_PR_Image1-150x100.jpg 150w, https:\/\/distribution.audio-technica.eu\/app\/uploads\/sites\/2\/WP-Shanghai_school_PR_Image1-768x512.jpg 768w, https:\/\/distribution.audio-technica.eu\/app\/uploads\/sites\/2\/WP-Shanghai_school_PR_Image1-200x133.jpg 200w, https:\/\/distribution.audio-technica.eu\/app\/uploads\/sites\/2\/WP-Shanghai_school_PR_Image1-400x267.jpg 400w, https:\/\/distribution.audio-technica.eu\/app\/uploads\/sites\/2\/WP-Shanghai_school_PR_Image1-600x400.jpg 600w, https:\/\/distribution.audio-technica.eu\/app\/uploads\/sites\/2\/WP-Shanghai_school_PR_Image1-1200x800.jpg 1200w, https:\/\/distribution.audio-technica.eu\/app\/uploads\/sites\/2\/WP-Shanghai_school_PR_Image1.jpg 1500w\" sizes=\"auto, (max-width: 800px) 100vw, 800px\" \/><\/a><\/p>\n<p>La <a href=\"https:\/\/www.shcmusic.edu.cn\/\" target=\"_blank\" rel=\"noopener\">Escuela de Formaci\u00f3n Profesional de M\u00fasica Contempor\u00e1nea de Shanghai<\/a> tiene un noble prop\u00f3sito: cultivar los talentos profesionales en la interpretaci\u00f3n y producci\u00f3n de la m\u00fasica moderna. Con el soporte del Gobierno Municipal de Shanghai, se comenz\u00f3 a desarrollar el proyecto creando un complejo de estudios que establecer\u00e1n una base de entrenamiento musical de alto nivel para educar estudiantes orientados al mercado laboral. Para asegurar que los estudiantes est\u00e1n usando el mejor equipamiento posible, se han instalado monitores activos inteligentes Genelec a lo largo de toda la instalaci\u00f3n.<\/p>\n<p>Durante las etapas previas de desarrollo, el Director de <a href=\"https:\/\/www.sunyart.net\/\" target=\"_blank\" rel=\"noopener\">Tecnolog\u00eda Digital SunYart de Shanghai<\/a>, Alex Wei cre\u00f3 una distribuci\u00f3n b\u00e1sica para la instalaci\u00f3n y continu\u00f3 perfeccionando los planos junto con el Director T\u00e9cnico, Zhang Minggang. La ejecuci\u00f3n t\u00e9cnica fue realizada por He Weier, junto al mundialmente reconocido dise\u00f1ador ac\u00fastico, Sam Toyoshima. Uno de los factores clave para el equipo fue crear una instalaci\u00f3n que combinara ac\u00fastica y est\u00e9tica de la mejor forma. \u201c<em>El Sr. Toyoshima es un dise\u00f1ador ac\u00fastico lleno de dise\u00f1o est\u00e9tico,<\/em>\u201d dice Wei. \u201c<em>Quer\u00eda que este proyecto cumpliera los requerimientos ac\u00fasticos y tuviera un impacto visual, para dar ese efecto \u2018wow\u2019, as\u00ed que nuestras ideas encajaron bien.\u201d<\/em><\/p>\n<p>Las elecciones de dise\u00f1o se ajustaban bien con las decisiones m\u00e1s t\u00e9cnicas para elegir monitores Genelec SAM calibrados de forma precisa con el software de gesti\u00f3n de monitores de Genelec GLM a lo largo de todo el complejo, con el dise\u00f1o minimalista de los monitores y el esquema de color cl\u00e1sico complementando el estilo est\u00e9tico moderno y condensado de Sr. Toyoshima. \u201c<em>Los monitores Genelec se han ganado una buena reputaci\u00f3n en la industria, y eran una elecci\u00f3n inevitable para este proyecto,<\/em>\u201d explica Wei.<\/p>\n<p><a href=\"https:\/\/distribution.audio-technica.eu\/es\/wp-content\/uploads\/sites\/2\/WP-Shanghai_school_PR_Image3.jpg\"><img loading=\"lazy\" decoding=\"async\" class=\"aligncenter size-fusion-800 wp-image-25537\" src=\"\/es\/wp-content\/uploads\/sites\/2\/WP-Shanghai_school_PR_Image3-800x533.jpg\" alt=\"\" width=\"800\" height=\"533\" srcset=\"https:\/\/distribution.audio-technica.eu\/app\/uploads\/sites\/2\/WP-Shanghai_school_PR_Image3-800x533.jpg 800w, https:\/\/distribution.audio-technica.eu\/app\/uploads\/sites\/2\/WP-Shanghai_school_PR_Image3-300x200.jpg 300w, https:\/\/distribution.audio-technica.eu\/app\/uploads\/sites\/2\/WP-Shanghai_school_PR_Image3-1024x683.jpg 1024w, https:\/\/distribution.audio-technica.eu\/app\/uploads\/sites\/2\/WP-Shanghai_school_PR_Image3-150x100.jpg 150w, https:\/\/distribution.audio-technica.eu\/app\/uploads\/sites\/2\/WP-Shanghai_school_PR_Image3-768x512.jpg 768w, https:\/\/distribution.audio-technica.eu\/app\/uploads\/sites\/2\/WP-Shanghai_school_PR_Image3-200x133.jpg 200w, https:\/\/distribution.audio-technica.eu\/app\/uploads\/sites\/2\/WP-Shanghai_school_PR_Image3-400x267.jpg 400w, https:\/\/distribution.audio-technica.eu\/app\/uploads\/sites\/2\/WP-Shanghai_school_PR_Image3-600x400.jpg 600w, https:\/\/distribution.audio-technica.eu\/app\/uploads\/sites\/2\/WP-Shanghai_school_PR_Image3-1200x800.jpg 1200w, https:\/\/distribution.audio-technica.eu\/app\/uploads\/sites\/2\/WP-Shanghai_school_PR_Image3.jpg 1500w\" sizes=\"auto, (max-width: 800px) 100vw, 800px\" \/><\/a><\/p>\n<p>M\u00e1s all\u00e1 del estilo del complejo de estudios, se ha puesto much\u00edsimo pensamiento t\u00e9cnico en esta creaci\u00f3n. Por ejemplo, el gran estudio de grabaci\u00f3n de 300 metros cuadrados con tiempo de reverberaci\u00f3n variable. El espacio dispone de m\u00e1s de 70 columnas rotatorias con diferentes alturas y di\u00e1metros y diferentes tama\u00f1os de agujeros de absorci\u00f3n de sonido, que son usados para conseguir un tiempo de reverberaci\u00f3n variable entre 0,8 y 1,2 segundos.<\/p>\n<p>La sala de control para este espacio cuenta con un par de monitores principales <a href=\"https:\/\/www.genelec.com\/1236a\" target=\"_blank\" rel=\"noopener\">1236<\/a> insertados en el ventanal que ocupa toda esa pared. El personal percibe los monitores como si estuvieran flotando en el vidrio, pero se afrontaron retos con el peso de los monitores y su instalaci\u00f3n. Wei trabaj\u00f3 con el dise\u00f1o de Toyoshima, calcul\u00f3 el \u00e1ngulo, centro de gravedad y fricci\u00f3n de la base de forma precisa y compar\u00f3 varios materiales de construcci\u00f3n y m\u00e9todos. Con esto solucionado, los dos monitores 1236 fueron instalados, permaneciendo estables con un \u00e1ngulo de 6 grados de inclinaci\u00f3n respecto al vidrio.<\/p>\n<p>Adem\u00e1s, tres monitores coaxiales de campo cercano <a href=\"https:\/\/www.genelec.com\/previous-models\/8351a\" target=\"_blank\" rel=\"noopener\">8351<\/a> han sido instalados en soportes retr\u00e1ctiles, que no obstaculizan el sonido de los monitores principales cuando est\u00e1n bajados, pero pueden elevarse mec\u00e1nicamente para tener un sistema 5.1 para mezcla surround. Estos est\u00e1n acompa\u00f1ados por dos subwoofers <a href=\"https:\/\/www.genelec.com\/7380a\" target=\"_blank\" rel=\"noopener\">7380<\/a>. \u201c<em>Los monitores 8351 dan una sensaci\u00f3n muy moderna de ciencia-fantas\u00eda,<\/em>\u201d explica Wei. \u201c<em>Cuando trabajan junto con los subwoofers 7380, \u00a1es como si estuvieras pilotando una nave de Star Wars!<\/em>\u201d<\/p>\n<p>Otro espacio singular de ense\u00f1anza se ha desarrollado en la forma de \u201caula de escalera\u201d, donde los estudiantes se sientan en escalones en vez de en sillas. A un lado del aula hay un ventanal que ocupa toda la pared dando vistas al estudio. Cuando el profesor est\u00e1 trabajando, los estudiantes pueden acceder al estudio para observar a trav\u00e9s del ventanal desde los escalones. Sobre la mesa de mezclas, una c\u00e1mara de alta definici\u00f3n muestra al profesor en acci\u00f3n a trav\u00e9s de una pantalla, mientras que los monitores de tres v\u00edas Genelec <a href=\"https:\/\/www.genelec.com\/1238a\" target=\"_blank\" rel=\"noopener\">1238<\/a> transmiten el audio a la clase.<\/p>\n<p><a href=\"https:\/\/distribution.audio-technica.eu\/es\/wp-content\/uploads\/sites\/2\/WP-Shanghai_school_PR_Image2.jpg\"><img loading=\"lazy\" decoding=\"async\" class=\"aligncenter size-fusion-800 wp-image-25536\" src=\"\/es\/wp-content\/uploads\/sites\/2\/WP-Shanghai_school_PR_Image2-800x533.jpg\" alt=\"\" width=\"800\" height=\"533\" srcset=\"https:\/\/distribution.audio-technica.eu\/app\/uploads\/sites\/2\/WP-Shanghai_school_PR_Image2-800x533.jpg 800w, https:\/\/distribution.audio-technica.eu\/app\/uploads\/sites\/2\/WP-Shanghai_school_PR_Image2-300x200.jpg 300w, https:\/\/distribution.audio-technica.eu\/app\/uploads\/sites\/2\/WP-Shanghai_school_PR_Image2-1024x683.jpg 1024w, https:\/\/distribution.audio-technica.eu\/app\/uploads\/sites\/2\/WP-Shanghai_school_PR_Image2-150x100.jpg 150w, https:\/\/distribution.audio-technica.eu\/app\/uploads\/sites\/2\/WP-Shanghai_school_PR_Image2-768x512.jpg 768w, https:\/\/distribution.audio-technica.eu\/app\/uploads\/sites\/2\/WP-Shanghai_school_PR_Image2-200x133.jpg 200w, https:\/\/distribution.audio-technica.eu\/app\/uploads\/sites\/2\/WP-Shanghai_school_PR_Image2-400x267.jpg 400w, https:\/\/distribution.audio-technica.eu\/app\/uploads\/sites\/2\/WP-Shanghai_school_PR_Image2-600x400.jpg 600w, https:\/\/distribution.audio-technica.eu\/app\/uploads\/sites\/2\/WP-Shanghai_school_PR_Image2-1200x800.jpg 1200w, https:\/\/distribution.audio-technica.eu\/app\/uploads\/sites\/2\/WP-Shanghai_school_PR_Image2.jpg 1500w\" sizes=\"auto, (max-width: 800px) 100vw, 800px\" \/><\/a><\/p>\n<p>En el proyecto tambi\u00e9n se crearon cuatro espacios de grabaci\u00f3n, incluyendo una sala de masterizaci\u00f3n en el piso bajo, dotada con monitores est\u00e9reo 1238 y un sistema 5.1 con 8351s y un subwoofer <a href=\"https:\/\/www.genelec.com\/7370a\" target=\"_blank\" rel=\"noopener\">7370<\/a>. Adem\u00e1s, un estudio de ense\u00f1anza multifuncional 5.1, que cuenta con monitores <a href=\"https:\/\/www.genelec.com\/previous-models\/8260a\" target=\"_blank\" rel=\"noopener\">8260<\/a> y un subwoofer 7370, y otros dos peque\u00f1os pero pr\u00e1cticos estudios en el s\u00f3tano cada uno de ellos equipados con un par de monitores 8351.<\/p>\n<p>El personal de la escuela describe los resultados como \u201c<em>mejor de lo que imagin\u00e1bamos<\/em>\u201d y Wei est\u00e1 claramente orgulloso del innovador complejo que ha sido creado. \u201c<em>Lo que finalmente hemos conseguido aqu\u00ed es una excelente calidad de sonido, y un posicionamiento de la imagen sonora muy preciso,<\/em>\u201d comenta. \u201c<em>Los profesores de la escuela, los profesores del Conservatorio de M\u00fasica de Shanghai, y los profesores visitantes de otras escuelas, piensan que es el mejor estudio que han visto nunca<\/em>.\u201d<\/p>\n<p>Por su parte, Toyoshima concuerda: \u201c<em>Creo que el equipamiento de alta calidad y la atm\u00f3sfera creativa que la escuela proporciona puede formar un grupo de ingenieros de sonido orientado al futuro, mejor y m\u00e1s r\u00e1pido.<\/em>\u201d<\/p>\n<p>Para m\u00e1s informaci\u00f3n, visite <a href=\"http:\/\/www.genelec.com\" target=\"_blank\" rel=\"noopener\">www.genelec.com<\/a><\/p>\n<p>&nbsp;<\/p>\n","protected":false},"excerpt":{"rendered":"<p>La Escuela de Formaci\u00f3n Profesional de M\u00fasica Contempor\u00e1nea de Shanghai tiene un noble prop\u00f3sito: cultivar los talentos profesionales en la interpretaci\u00f3n y producci\u00f3n de la m\u00fasica moderna. Con el soporte del Gobierno Municipal de Shanghai, se comenz\u00f3 a desarrollar el proyecto creando un complejo de estudios que establecer\u00e1n una base de entrenamiento musical de alto [&hellip;]<\/p>\n","protected":false},"author":2,"featured_media":25534,"comment_status":"closed","ping_status":"closed","sticky":false,"template":"","format":"standard","meta":{"_acf_changed":false,"footnotes":""},"categories":[2459],"tags":[1726,1564,1567,2319],"class_list":["post-25540","post","type-post","status-publish","format-standard","has-post-thumbnail","hentry","category-usuarios","tag-escuela","tag-estudio","tag-sam","tag-shangai"],"acf":[],"yoast_head":"<!-- This site is optimized with the Yoast SEO plugin v27.1.1 - https:\/\/yoast.com\/product\/yoast-seo-wordpress\/ -->\n<title>Los monitores Genelec educan a la pr\u00f3xima generaci\u00f3n de talentos de audio en Shanghai - Audio-Technica Iberia<\/title>\n<meta name=\"robots\" content=\"index, follow, max-snippet:-1, max-image-preview:large, max-video-preview:-1\" \/>\n<link rel=\"canonical\" href=\"https:\/\/distribution.audio-technica.eu\/es-es\/noticias\/los-monitores-genelec-educan-a-la-proxima-generacion-de-talentos-de-audio-en-shanghai\/\" \/>\n<meta property=\"og:locale\" content=\"es_ES\" \/>\n<meta property=\"og:type\" content=\"article\" \/>\n<meta property=\"og:title\" content=\"Los monitores Genelec educan a la pr\u00f3xima generaci\u00f3n de talentos de audio en Shanghai - Audio-Technica Iberia\" \/>\n<meta property=\"og:description\" content=\"La Escuela de Formaci\u00f3n Profesional de M\u00fasica Contempor\u00e1nea de Shanghai tiene un noble prop\u00f3sito: cultivar los talentos profesionales en la interpretaci\u00f3n y producci\u00f3n de la m\u00fasica moderna. Con el soporte del Gobierno Municipal de Shanghai, se comenz\u00f3 a desarrollar el proyecto creando un complejo de estudios que establecer\u00e1n una base de entrenamiento musical de alto [&hellip;]\" \/>\n<meta property=\"og:url\" content=\"https:\/\/distribution.audio-technica.eu\/es-es\/noticias\/los-monitores-genelec-educan-a-la-proxima-generacion-de-talentos-de-audio-en-shanghai\/\" \/>\n<meta property=\"og:site_name\" content=\"Audio-Technica Iberia\" \/>\n<meta property=\"article:published_time\" content=\"2021-11-10T15:11:26+00:00\" \/>\n<meta property=\"article:modified_time\" content=\"2023-07-31T09:15:29+00:00\" \/>\n<meta property=\"og:image\" content=\"https:\/\/distribution.audio-technica.eu\/app\/uploads\/sites\/2\/WP-Shanghai_school_PR_banner.jpg\" \/>\n\t<meta property=\"og:image:width\" content=\"640\" \/>\n\t<meta property=\"og:image:height\" content=\"360\" \/>\n\t<meta property=\"og:image:type\" content=\"image\/jpeg\" \/>\n<meta name=\"author\" content=\"ctorras\" \/>\n<meta name=\"twitter:card\" content=\"summary_large_image\" \/>\n<meta name=\"twitter:label1\" content=\"Escrito por\" \/>\n\t<meta name=\"twitter:data1\" content=\"ctorras\" \/>\n\t<meta name=\"twitter:label2\" content=\"Tiempo de lectura\" \/>\n\t<meta name=\"twitter:data2\" content=\"4 minutos\" \/>\n<script type=\"application\/ld+json\" class=\"yoast-schema-graph\">{\"@context\":\"https:\/\/schema.org\",\"@graph\":[{\"@type\":\"Article\",\"@id\":\"https:\/\/distribution.audio-technica.eu\/es-es\/noticias\/los-monitores-genelec-educan-a-la-proxima-generacion-de-talentos-de-audio-en-shanghai\/#article\",\"isPartOf\":{\"@id\":\"https:\/\/distribution.audio-technica.eu\/es-es\/noticias\/los-monitores-genelec-educan-a-la-proxima-generacion-de-talentos-de-audio-en-shanghai\/\"},\"author\":{\"name\":\"ctorras\",\"@id\":\"https:\/\/distribution.audio-technica.eu\/es-es\/#\/schema\/person\/dbf0d33217ceab6329b4c3144742f2fb\"},\"headline\":\"Los monitores Genelec educan a la pr\u00f3xima generaci\u00f3n de talentos de audio en Shanghai\",\"datePublished\":\"2021-11-10T15:11:26+00:00\",\"dateModified\":\"2023-07-31T09:15:29+00:00\",\"mainEntityOfPage\":{\"@id\":\"https:\/\/distribution.audio-technica.eu\/es-es\/noticias\/los-monitores-genelec-educan-a-la-proxima-generacion-de-talentos-de-audio-en-shanghai\/\"},\"wordCount\":897,\"image\":{\"@id\":\"https:\/\/distribution.audio-technica.eu\/es-es\/noticias\/los-monitores-genelec-educan-a-la-proxima-generacion-de-talentos-de-audio-en-shanghai\/#primaryimage\"},\"thumbnailUrl\":\"\/app\/uploads\/sites\/2\/WP-Shanghai_school_PR_banner.jpg\",\"keywords\":[\"escuela\",\"Estudio\",\"SAM\",\"Shangai\"],\"articleSection\":[\"Usuarios\"],\"inLanguage\":\"es\"},{\"@type\":\"WebPage\",\"@id\":\"https:\/\/distribution.audio-technica.eu\/es-es\/noticias\/los-monitores-genelec-educan-a-la-proxima-generacion-de-talentos-de-audio-en-shanghai\/\",\"url\":\"https:\/\/distribution.audio-technica.eu\/es-es\/noticias\/los-monitores-genelec-educan-a-la-proxima-generacion-de-talentos-de-audio-en-shanghai\/\",\"name\":\"Los monitores Genelec educan a la pr\u00f3xima generaci\u00f3n de talentos de audio en Shanghai - Audio-Technica Iberia\",\"isPartOf\":{\"@id\":\"https:\/\/distribution.audio-technica.eu\/es-es\/#website\"},\"primaryImageOfPage\":{\"@id\":\"https:\/\/distribution.audio-technica.eu\/es-es\/noticias\/los-monitores-genelec-educan-a-la-proxima-generacion-de-talentos-de-audio-en-shanghai\/#primaryimage\"},\"image\":{\"@id\":\"https:\/\/distribution.audio-technica.eu\/es-es\/noticias\/los-monitores-genelec-educan-a-la-proxima-generacion-de-talentos-de-audio-en-shanghai\/#primaryimage\"},\"thumbnailUrl\":\"\/app\/uploads\/sites\/2\/WP-Shanghai_school_PR_banner.jpg\",\"datePublished\":\"2021-11-10T15:11:26+00:00\",\"dateModified\":\"2023-07-31T09:15:29+00:00\",\"author\":{\"@id\":\"https:\/\/distribution.audio-technica.eu\/es-es\/#\/schema\/person\/dbf0d33217ceab6329b4c3144742f2fb\"},\"breadcrumb\":{\"@id\":\"https:\/\/distribution.audio-technica.eu\/es-es\/noticias\/los-monitores-genelec-educan-a-la-proxima-generacion-de-talentos-de-audio-en-shanghai\/#breadcrumb\"},\"inLanguage\":\"es\",\"potentialAction\":[{\"@type\":\"ReadAction\",\"target\":[\"https:\/\/distribution.audio-technica.eu\/es-es\/noticias\/los-monitores-genelec-educan-a-la-proxima-generacion-de-talentos-de-audio-en-shanghai\/\"]}]},{\"@type\":\"ImageObject\",\"inLanguage\":\"es\",\"@id\":\"https:\/\/distribution.audio-technica.eu\/es-es\/noticias\/los-monitores-genelec-educan-a-la-proxima-generacion-de-talentos-de-audio-en-shanghai\/#primaryimage\",\"url\":\"\/app\/uploads\/sites\/2\/WP-Shanghai_school_PR_banner.jpg\",\"contentUrl\":\"\/app\/uploads\/sites\/2\/WP-Shanghai_school_PR_banner.jpg\",\"width\":640,\"height\":360},{\"@type\":\"BreadcrumbList\",\"@id\":\"https:\/\/distribution.audio-technica.eu\/es-es\/noticias\/los-monitores-genelec-educan-a-la-proxima-generacion-de-talentos-de-audio-en-shanghai\/#breadcrumb\",\"itemListElement\":[{\"@type\":\"ListItem\",\"position\":1,\"name\":\"Products\",\"item\":\"https:\/\/distribution.audio-technica.eu\/es-es\/\"},{\"@type\":\"ListItem\",\"position\":2,\"name\":\"Los monitores Genelec educan a la pr\u00f3xima generaci\u00f3n de talentos de audio en Shanghai\"}]},{\"@type\":\"WebSite\",\"@id\":\"https:\/\/distribution.audio-technica.eu\/es-es\/#website\",\"url\":\"https:\/\/distribution.audio-technica.eu\/es-es\/\",\"name\":\"Audio-Technica Iberia\",\"description\":\"Distribuci\u00f3n\",\"potentialAction\":[{\"@type\":\"SearchAction\",\"target\":{\"@type\":\"EntryPoint\",\"urlTemplate\":\"https:\/\/distribution.audio-technica.eu\/es-es\/?s={search_term_string}\"},\"query-input\":{\"@type\":\"PropertyValueSpecification\",\"valueRequired\":true,\"valueName\":\"search_term_string\"}}],\"inLanguage\":\"es\"},{\"@type\":\"Person\",\"@id\":\"https:\/\/distribution.audio-technica.eu\/es-es\/#\/schema\/person\/dbf0d33217ceab6329b4c3144742f2fb\",\"name\":\"ctorras\"}]}<\/script>\n<!-- \/ Yoast SEO plugin. -->","yoast_head_json":{"title":"Los monitores Genelec educan a la pr\u00f3xima generaci\u00f3n de talentos de audio en Shanghai - Audio-Technica Iberia","robots":{"index":"index","follow":"follow","max-snippet":"max-snippet:-1","max-image-preview":"max-image-preview:large","max-video-preview":"max-video-preview:-1"},"canonical":"https:\/\/distribution.audio-technica.eu\/es-es\/noticias\/los-monitores-genelec-educan-a-la-proxima-generacion-de-talentos-de-audio-en-shanghai\/","og_locale":"es_ES","og_type":"article","og_title":"Los monitores Genelec educan a la pr\u00f3xima generaci\u00f3n de talentos de audio en Shanghai - Audio-Technica Iberia","og_description":"La Escuela de Formaci\u00f3n Profesional de M\u00fasica Contempor\u00e1nea de Shanghai tiene un noble prop\u00f3sito: cultivar los talentos profesionales en la interpretaci\u00f3n y producci\u00f3n de la m\u00fasica moderna. Con el soporte del Gobierno Municipal de Shanghai, se comenz\u00f3 a desarrollar el proyecto creando un complejo de estudios que establecer\u00e1n una base de entrenamiento musical de alto [&hellip;]","og_url":"https:\/\/distribution.audio-technica.eu\/es-es\/noticias\/los-monitores-genelec-educan-a-la-proxima-generacion-de-talentos-de-audio-en-shanghai\/","og_site_name":"Audio-Technica Iberia","article_published_time":"2021-11-10T15:11:26+00:00","article_modified_time":"2023-07-31T09:15:29+00:00","og_image":[{"width":640,"height":360,"url":"https:\/\/distribution.audio-technica.eu\/app\/uploads\/sites\/2\/WP-Shanghai_school_PR_banner.jpg","type":"image\/jpeg"}],"author":"ctorras","twitter_card":"summary_large_image","twitter_misc":{"Escrito por":"ctorras","Tiempo de lectura":"4 minutos"},"schema":{"@context":"https:\/\/schema.org","@graph":[{"@type":"Article","@id":"https:\/\/distribution.audio-technica.eu\/es-es\/noticias\/los-monitores-genelec-educan-a-la-proxima-generacion-de-talentos-de-audio-en-shanghai\/#article","isPartOf":{"@id":"https:\/\/distribution.audio-technica.eu\/es-es\/noticias\/los-monitores-genelec-educan-a-la-proxima-generacion-de-talentos-de-audio-en-shanghai\/"},"author":{"name":"ctorras","@id":"https:\/\/distribution.audio-technica.eu\/es-es\/#\/schema\/person\/dbf0d33217ceab6329b4c3144742f2fb"},"headline":"Los monitores Genelec educan a la pr\u00f3xima generaci\u00f3n de talentos de audio en Shanghai","datePublished":"2021-11-10T15:11:26+00:00","dateModified":"2023-07-31T09:15:29+00:00","mainEntityOfPage":{"@id":"https:\/\/distribution.audio-technica.eu\/es-es\/noticias\/los-monitores-genelec-educan-a-la-proxima-generacion-de-talentos-de-audio-en-shanghai\/"},"wordCount":897,"image":{"@id":"https:\/\/distribution.audio-technica.eu\/es-es\/noticias\/los-monitores-genelec-educan-a-la-proxima-generacion-de-talentos-de-audio-en-shanghai\/#primaryimage"},"thumbnailUrl":"\/app\/uploads\/sites\/2\/WP-Shanghai_school_PR_banner.jpg","keywords":["escuela","Estudio","SAM","Shangai"],"articleSection":["Usuarios"],"inLanguage":"es"},{"@type":"WebPage","@id":"https:\/\/distribution.audio-technica.eu\/es-es\/noticias\/los-monitores-genelec-educan-a-la-proxima-generacion-de-talentos-de-audio-en-shanghai\/","url":"https:\/\/distribution.audio-technica.eu\/es-es\/noticias\/los-monitores-genelec-educan-a-la-proxima-generacion-de-talentos-de-audio-en-shanghai\/","name":"Los monitores Genelec educan a la pr\u00f3xima generaci\u00f3n de talentos de audio en Shanghai - Audio-Technica Iberia","isPartOf":{"@id":"https:\/\/distribution.audio-technica.eu\/es-es\/#website"},"primaryImageOfPage":{"@id":"https:\/\/distribution.audio-technica.eu\/es-es\/noticias\/los-monitores-genelec-educan-a-la-proxima-generacion-de-talentos-de-audio-en-shanghai\/#primaryimage"},"image":{"@id":"https:\/\/distribution.audio-technica.eu\/es-es\/noticias\/los-monitores-genelec-educan-a-la-proxima-generacion-de-talentos-de-audio-en-shanghai\/#primaryimage"},"thumbnailUrl":"\/app\/uploads\/sites\/2\/WP-Shanghai_school_PR_banner.jpg","datePublished":"2021-11-10T15:11:26+00:00","dateModified":"2023-07-31T09:15:29+00:00","author":{"@id":"https:\/\/distribution.audio-technica.eu\/es-es\/#\/schema\/person\/dbf0d33217ceab6329b4c3144742f2fb"},"breadcrumb":{"@id":"https:\/\/distribution.audio-technica.eu\/es-es\/noticias\/los-monitores-genelec-educan-a-la-proxima-generacion-de-talentos-de-audio-en-shanghai\/#breadcrumb"},"inLanguage":"es","potentialAction":[{"@type":"ReadAction","target":["https:\/\/distribution.audio-technica.eu\/es-es\/noticias\/los-monitores-genelec-educan-a-la-proxima-generacion-de-talentos-de-audio-en-shanghai\/"]}]},{"@type":"ImageObject","inLanguage":"es","@id":"https:\/\/distribution.audio-technica.eu\/es-es\/noticias\/los-monitores-genelec-educan-a-la-proxima-generacion-de-talentos-de-audio-en-shanghai\/#primaryimage","url":"\/app\/uploads\/sites\/2\/WP-Shanghai_school_PR_banner.jpg","contentUrl":"\/app\/uploads\/sites\/2\/WP-Shanghai_school_PR_banner.jpg","width":640,"height":360},{"@type":"BreadcrumbList","@id":"https:\/\/distribution.audio-technica.eu\/es-es\/noticias\/los-monitores-genelec-educan-a-la-proxima-generacion-de-talentos-de-audio-en-shanghai\/#breadcrumb","itemListElement":[{"@type":"ListItem","position":1,"name":"Products","item":"https:\/\/distribution.audio-technica.eu\/es-es\/"},{"@type":"ListItem","position":2,"name":"Los monitores Genelec educan a la pr\u00f3xima generaci\u00f3n de talentos de audio en Shanghai"}]},{"@type":"WebSite","@id":"https:\/\/distribution.audio-technica.eu\/es-es\/#website","url":"https:\/\/distribution.audio-technica.eu\/es-es\/","name":"Audio-Technica Iberia","description":"Distribuci\u00f3n","potentialAction":[{"@type":"SearchAction","target":{"@type":"EntryPoint","urlTemplate":"https:\/\/distribution.audio-technica.eu\/es-es\/?s={search_term_string}"},"query-input":{"@type":"PropertyValueSpecification","valueRequired":true,"valueName":"search_term_string"}}],"inLanguage":"es"},{"@type":"Person","@id":"https:\/\/distribution.audio-technica.eu\/es-es\/#\/schema\/person\/dbf0d33217ceab6329b4c3144742f2fb","name":"ctorras"}]}},"_links":{"self":[{"href":"https:\/\/distribution.audio-technica.eu\/es-es\/wp-json\/wp\/v2\/posts\/25540","targetHints":{"allow":["GET"]}}],"collection":[{"href":"https:\/\/distribution.audio-technica.eu\/es-es\/wp-json\/wp\/v2\/posts"}],"about":[{"href":"https:\/\/distribution.audio-technica.eu\/es-es\/wp-json\/wp\/v2\/types\/post"}],"author":[{"embeddable":true,"href":"https:\/\/distribution.audio-technica.eu\/es-es\/wp-json\/wp\/v2\/users\/2"}],"replies":[{"embeddable":true,"href":"https:\/\/distribution.audio-technica.eu\/es-es\/wp-json\/wp\/v2\/comments?post=25540"}],"version-history":[{"count":1,"href":"https:\/\/distribution.audio-technica.eu\/es-es\/wp-json\/wp\/v2\/posts\/25540\/revisions"}],"predecessor-version":[{"id":25541,"href":"https:\/\/distribution.audio-technica.eu\/es-es\/wp-json\/wp\/v2\/posts\/25540\/revisions\/25541"}],"wp:featuredmedia":[{"embeddable":true,"href":"https:\/\/distribution.audio-technica.eu\/es-es\/wp-json\/wp\/v2\/media\/25534"}],"wp:attachment":[{"href":"https:\/\/distribution.audio-technica.eu\/es-es\/wp-json\/wp\/v2\/media?parent=25540"}],"wp:term":[{"taxonomy":"category","embeddable":true,"href":"https:\/\/distribution.audio-technica.eu\/es-es\/wp-json\/wp\/v2\/categories?post=25540"},{"taxonomy":"post_tag","embeddable":true,"href":"https:\/\/distribution.audio-technica.eu\/es-es\/wp-json\/wp\/v2\/tags?post=25540"}],"curies":[{"name":"wp","href":"https:\/\/api.w.org\/{rel}","templated":true}]}}