{"id":25553,"date":"2021-10-09T18:03:20","date_gmt":"2021-10-09T16:03:20","guid":{"rendered":"https:\/\/atdb-production.studiograft.dev\/es\/?p=25553"},"modified":"2023-07-31T11:16:09","modified_gmt":"2023-07-31T09:16:09","slug":"genelec-obtiene-nominaciones-en-los-tec-award-y-los-av-award","status":"publish","type":"post","link":"https:\/\/distribution.audio-technica.eu\/es-es\/noticias\/genelec-obtiene-nominaciones-en-los-tec-award-y-los-av-award\/","title":{"rendered":"Genelec obtiene nominaciones en los TEC Award y los AV Award"},"content":{"rendered":"<h2>Genelec sigue acumulando el reconocimiento de los profesionales. En esta ocasi\u00f3n, ha recibido nominaciones en dos de los premios m\u00e1s importantes de la industria: los TEC Award y los AV Award.<\/h2>\n<p><a href=\"https:\/\/distribution.audio-technica.eu\/es\/wp-content\/uploads\/sites\/2\/2021_TEC_awards_finalist_1250x703px.jpg\"><img loading=\"lazy\" decoding=\"async\" class=\"aligncenter size-fusion-800 wp-image-25556\" src=\"\/es\/wp-content\/uploads\/sites\/2\/2021_TEC_awards_finalist_1250x703px-800x450.jpg\" alt=\"\" width=\"800\" height=\"450\" srcset=\"https:\/\/distribution.audio-technica.eu\/app\/uploads\/sites\/2\/2021_TEC_awards_finalist_1250x703px-800x450.jpg 800w, https:\/\/distribution.audio-technica.eu\/app\/uploads\/sites\/2\/2021_TEC_awards_finalist_1250x703px-300x169.jpg 300w, https:\/\/distribution.audio-technica.eu\/app\/uploads\/sites\/2\/2021_TEC_awards_finalist_1250x703px-1024x576.jpg 1024w, https:\/\/distribution.audio-technica.eu\/app\/uploads\/sites\/2\/2021_TEC_awards_finalist_1250x703px-150x84.jpg 150w, https:\/\/distribution.audio-technica.eu\/app\/uploads\/sites\/2\/2021_TEC_awards_finalist_1250x703px-768x432.jpg 768w, https:\/\/distribution.audio-technica.eu\/app\/uploads\/sites\/2\/2021_TEC_awards_finalist_1250x703px-200x112.jpg 200w, https:\/\/distribution.audio-technica.eu\/app\/uploads\/sites\/2\/2021_TEC_awards_finalist_1250x703px-400x225.jpg 400w, https:\/\/distribution.audio-technica.eu\/app\/uploads\/sites\/2\/2021_TEC_awards_finalist_1250x703px-600x337.jpg 600w, https:\/\/distribution.audio-technica.eu\/app\/uploads\/sites\/2\/2021_TEC_awards_finalist_1250x703px-1200x675.jpg 1200w, https:\/\/distribution.audio-technica.eu\/app\/uploads\/sites\/2\/2021_TEC_awards_finalist_1250x703px.jpg 1250w\" sizes=\"auto, (max-width: 800px) 100vw, 800px\" \/><\/a><\/p>\n<p>El software de gesti\u00f3n de altavoces <a href=\"https:\/\/www.genelec.com\/glm4\" target=\"_blank\" rel=\"noopener\">GLM 4<\/a> de Genelec ha sido seleccionado como finalista en la categor\u00eda Production Essentials de los TEC Awards 2022. Adem\u00e1s, el nuevo\u00a0 Experience Centre que la firma finlandesa ha abierto cerca de Boston tambi\u00e9n ha sido proclamado finalista en la categor\u00eda Studio Design Projects, gracias al excelente trabajo realizado por el equipo de dise\u00f1o FM de Francis Manzella.<\/p>\n<p>Todos los finalistas de TEC fueron seleccionados entre un grupo de cientos de aspirantes, que fueron revisados y votados por un extenso grupo de l\u00edderes de opini\u00f3n de la industria del sonido y la m\u00fasica, tanto de Estados Unidos como de otros muchos pa\u00edses. La votaci\u00f3n p\u00fablica comenzar\u00e1 el 17 de noviembre.<\/p>\n<p>Basado en d\u00e9cadas de investigaci\u00f3n basada en la recopilaci\u00f3n de datos en miles de estudios en todo el mundo, GLM 4 se integra a la perfecci\u00f3n con el hardware DSP inteligente que incorpora cada monitor Smart Active de Genelec, lo que permite que cada monitor y subgrave puedan conectarse en red, y sean configurados y calibrados individualmente para su entorno ac\u00fastico espec\u00edfico.<\/p>\n<p>Lanzado en diciembre de 2020, el nuevo GLM 4 proporciona compatibilidad con Mac Catalina y Big Sur, un nuevo y elegante interface de usuario y una serie de nuevas y valiosas caracter\u00edsticas. Al minimizar la influencia ac\u00fastica negativa de la habitaci\u00f3n en la calidad del sonido, GLM 4 proporciona una referencia sonora inigualable y veraz, en cualquier entorno de trabajo. En consecuencia, GLM 4 impulsa la creatividad, produciendo mezclas que se traducen de manera consistente a otras salas y sistemas de reproducci\u00f3n.<\/p>\n<p>Seleccionado como finalista de Creative TEC, el nuevo <a href=\"https:\/\/www.genelec.com\/-\/press\/genelec-commissions-new-experience-center-at-u.s.-headquarters\" target=\"_blank\" rel=\"noopener\">Centro de Experiencia de EE UU de Genelec<\/a> se une a las instalaciones de demostraci\u00f3n existentes en el Reino Unido, Alemania, China e India, que permiten a los clientes experimentar los monitores y subgraves Genelec en configuraciones que van desde desde est\u00e9reo, hasta formatos inmersivos 9.1.6.<\/p>\n<p>La nueva instalaci\u00f3n es una reconstrucci\u00f3n total de un antiguo estudio de demostraci\u00f3n de sonido envolvente dise\u00f1ado en 2004 por Will Eggleston de Genelec. Eggleston llam\u00f3 a Francis Manzella, presidente y dise\u00f1ador principal de <a href=\"https:\/\/www.fmdesign.com\/\" target=\"_blank\" rel=\"noopener\">FM Design<\/a>, de renombre mundial, para crear nuevos tratamientos est\u00e9ticos y ac\u00fasticos para el espacio renovado, que sirve como sala de mezclas, teatro y centro de investigaci\u00f3n y pruebas para nuevo software y otras tecnolog\u00edas.<\/p>\n<p>Los ganadores se anunciar\u00e1n en pr\u00f3ximo 22 de enero durante la celebraci\u00f3n del <a href=\"https:\/\/www.tecawards.org\/finalists\" target=\"_blank\" rel=\"noopener\">NAMM Show<\/a>.<\/p>\n<p>&nbsp;<\/p>\n<h2>Genelec tambi\u00e9n ha sido nominada en la categor\u00eda de Fabricante del A\u00f1o en los prestigiosos premios AV de este a\u00f1o, despu\u00e9s de haber sido galardonada el pasado a\u00f1o en las categor\u00edas de Audio Technology y Green Business.<\/h2>\n<p><a href=\"https:\/\/distribution.audio-technica.eu\/es\/wp-content\/uploads\/sites\/2\/2021_AV_Awards_finalist_1250x703px.jpg\"><img loading=\"lazy\" decoding=\"async\" class=\"aligncenter size-fusion-800 wp-image-25555\" src=\"\/es\/wp-content\/uploads\/sites\/2\/2021_AV_Awards_finalist_1250x703px-800x450.jpg\" alt=\"\" width=\"800\" height=\"450\" srcset=\"https:\/\/distribution.audio-technica.eu\/app\/uploads\/sites\/2\/2021_AV_Awards_finalist_1250x703px-800x450.jpg 800w, https:\/\/distribution.audio-technica.eu\/app\/uploads\/sites\/2\/2021_AV_Awards_finalist_1250x703px-300x169.jpg 300w, https:\/\/distribution.audio-technica.eu\/app\/uploads\/sites\/2\/2021_AV_Awards_finalist_1250x703px-1024x576.jpg 1024w, https:\/\/distribution.audio-technica.eu\/app\/uploads\/sites\/2\/2021_AV_Awards_finalist_1250x703px-150x84.jpg 150w, https:\/\/distribution.audio-technica.eu\/app\/uploads\/sites\/2\/2021_AV_Awards_finalist_1250x703px-768x432.jpg 768w, https:\/\/distribution.audio-technica.eu\/app\/uploads\/sites\/2\/2021_AV_Awards_finalist_1250x703px-200x112.jpg 200w, https:\/\/distribution.audio-technica.eu\/app\/uploads\/sites\/2\/2021_AV_Awards_finalist_1250x703px-400x225.jpg 400w, https:\/\/distribution.audio-technica.eu\/app\/uploads\/sites\/2\/2021_AV_Awards_finalist_1250x703px-600x337.jpg 600w, https:\/\/distribution.audio-technica.eu\/app\/uploads\/sites\/2\/2021_AV_Awards_finalist_1250x703px-1200x675.jpg 1200w, https:\/\/distribution.audio-technica.eu\/app\/uploads\/sites\/2\/2021_AV_Awards_finalist_1250x703px.jpg 1250w\" sizes=\"auto, (max-width: 800px) 100vw, 800px\" \/><\/a><\/p>\n<p>Para el premio Fabricante del A\u00f1o, los jueces analizan las evidencias de innovaci\u00f3n t\u00e9cnica y satisfacci\u00f3n de los clientes, y eval\u00faan c\u00f3mo cada empresa aborda la formaci\u00f3n, la diversidad, el modo de trabajo, la sostenibilidad y mucho m\u00e1s.<\/p>\n<p>Establecidos firmemente como la insignia de excelencia inigualable para la industria audiovisual, los premios AV Awards son el punto de referencia para los est\u00e1ndares profesionales m\u00e1s altos posibles y las mejores pr\u00e1cticas, reconociendo los logros sobresalientes de personas, empresas, proyectos y tecnolog\u00eda en los sectores audiovisual, de eventos y producci\u00f3n.<\/p>\n<p>Desde su lanzamiento en 1999, los AV Awards han sido reconocidos en todo el mundo por promover las mejores pr\u00e1cticas, elevar los est\u00e1ndares y recompensar la excelencia y la innovaci\u00f3n en la industria AV. El proceso de evaluaci\u00f3n y las categor\u00edas se auditan cada a\u00f1o mediante un comit\u00e9 de direcci\u00f3n cuidadosamente seleccionado para garantizar que todas las candidaturas se eval\u00faen de forma adecuada y justa, lo que da como resultado premios que son independientes, s\u00f3lidos y transparentes.<\/p>\n<p>Esta edici\u00f3n de los <a href=\"https:\/\/www.avawards.com\/avawards2021\/en\/page\/home\" target=\"_blank\" rel=\"noopener\">AV Awards<\/a> se celebrar\u00e1 en Londres en formato h\u00edbrido (en directo y on line) el pr\u00f3ximo 5 de noviembre.<\/p>\n<p>&nbsp;<\/p>\n","protected":false},"excerpt":{"rendered":"<p>Genelec sigue acumulando el reconocimiento de los profesionales. En esta ocasi\u00f3n, ha recibido nominaciones en dos de los premios m\u00e1s importantes de la industria: los TEC Award y los AV Award. El software de gesti\u00f3n de altavoces GLM 4 de Genelec ha sido seleccionado como finalista en la categor\u00eda Production Essentials de los TEC Awards [&hellip;]<\/p>\n","protected":false},"author":2,"featured_media":25557,"comment_status":"closed","ping_status":"closed","sticky":false,"template":"","format":"standard","meta":{"_acf_changed":false,"footnotes":""},"categories":[2461],"tags":[2321,1565,2320],"class_list":["post-25553","post","type-post","status-publish","format-standard","has-post-thumbnail","hentry","category-noticias","tag-av-awards","tag-glm","tag-tec-awards"],"acf":[],"yoast_head":"<!-- This site is optimized with the Yoast SEO plugin v27.1.1 - https:\/\/yoast.com\/product\/yoast-seo-wordpress\/ -->\n<title>Genelec obtiene nominaciones en los TEC Award y los AV Award - Audio-Technica Iberia<\/title>\n<meta name=\"robots\" content=\"index, follow, max-snippet:-1, max-image-preview:large, max-video-preview:-1\" \/>\n<link rel=\"canonical\" href=\"https:\/\/distribution.audio-technica.eu\/es-es\/noticias\/genelec-obtiene-nominaciones-en-los-tec-award-y-los-av-award\/\" \/>\n<meta property=\"og:locale\" content=\"es_ES\" \/>\n<meta property=\"og:type\" content=\"article\" \/>\n<meta property=\"og:title\" content=\"Genelec obtiene nominaciones en los TEC Award y los AV Award - Audio-Technica Iberia\" \/>\n<meta property=\"og:description\" content=\"Genelec sigue acumulando el reconocimiento de los profesionales. En esta ocasi\u00f3n, ha recibido nominaciones en dos de los premios m\u00e1s importantes de la industria: los TEC Award y los AV Award. El software de gesti\u00f3n de altavoces GLM 4 de Genelec ha sido seleccionado como finalista en la categor\u00eda Production Essentials de los TEC Awards [&hellip;]\" \/>\n<meta property=\"og:url\" content=\"https:\/\/distribution.audio-technica.eu\/es-es\/noticias\/genelec-obtiene-nominaciones-en-los-tec-award-y-los-av-award\/\" \/>\n<meta property=\"og:site_name\" content=\"Audio-Technica Iberia\" \/>\n<meta property=\"article:published_time\" content=\"2021-10-09T16:03:20+00:00\" \/>\n<meta property=\"article:modified_time\" content=\"2023-07-31T09:16:09+00:00\" \/>\n<meta property=\"og:image\" content=\"https:\/\/distribution.audio-technica.eu\/app\/uploads\/sites\/2\/2021_TEC_awards_finalist_banner.jpg\" \/>\n\t<meta property=\"og:image:width\" content=\"640\" \/>\n\t<meta property=\"og:image:height\" content=\"360\" \/>\n\t<meta property=\"og:image:type\" content=\"image\/jpeg\" \/>\n<meta name=\"author\" content=\"ctorras\" \/>\n<meta name=\"twitter:card\" content=\"summary_large_image\" \/>\n<meta name=\"twitter:label1\" content=\"Escrito por\" \/>\n\t<meta name=\"twitter:data1\" content=\"ctorras\" \/>\n\t<meta name=\"twitter:label2\" content=\"Tiempo de lectura\" \/>\n\t<meta name=\"twitter:data2\" content=\"4 minutos\" \/>\n<script type=\"application\/ld+json\" class=\"yoast-schema-graph\">{\"@context\":\"https:\/\/schema.org\",\"@graph\":[{\"@type\":\"Article\",\"@id\":\"https:\/\/distribution.audio-technica.eu\/es-es\/noticias\/genelec-obtiene-nominaciones-en-los-tec-award-y-los-av-award\/#article\",\"isPartOf\":{\"@id\":\"https:\/\/distribution.audio-technica.eu\/es-es\/noticias\/genelec-obtiene-nominaciones-en-los-tec-award-y-los-av-award\/\"},\"author\":{\"name\":\"ctorras\",\"@id\":\"https:\/\/distribution.audio-technica.eu\/es-es\/#\/schema\/person\/dbf0d33217ceab6329b4c3144742f2fb\"},\"headline\":\"Genelec obtiene nominaciones en los TEC Award y los AV Award\",\"datePublished\":\"2021-10-09T16:03:20+00:00\",\"dateModified\":\"2023-07-31T09:16:09+00:00\",\"mainEntityOfPage\":{\"@id\":\"https:\/\/distribution.audio-technica.eu\/es-es\/noticias\/genelec-obtiene-nominaciones-en-los-tec-award-y-los-av-award\/\"},\"wordCount\":724,\"image\":{\"@id\":\"https:\/\/distribution.audio-technica.eu\/es-es\/noticias\/genelec-obtiene-nominaciones-en-los-tec-award-y-los-av-award\/#primaryimage\"},\"thumbnailUrl\":\"\/app\/uploads\/sites\/2\/2021_TEC_awards_finalist_banner.jpg\",\"keywords\":[\"AV Awards\",\"GLM\",\"TEC Awards\"],\"articleSection\":[\"Noticias\"],\"inLanguage\":\"es\"},{\"@type\":\"WebPage\",\"@id\":\"https:\/\/distribution.audio-technica.eu\/es-es\/noticias\/genelec-obtiene-nominaciones-en-los-tec-award-y-los-av-award\/\",\"url\":\"https:\/\/distribution.audio-technica.eu\/es-es\/noticias\/genelec-obtiene-nominaciones-en-los-tec-award-y-los-av-award\/\",\"name\":\"Genelec obtiene nominaciones en los TEC Award y los AV Award - Audio-Technica Iberia\",\"isPartOf\":{\"@id\":\"https:\/\/distribution.audio-technica.eu\/es-es\/#website\"},\"primaryImageOfPage\":{\"@id\":\"https:\/\/distribution.audio-technica.eu\/es-es\/noticias\/genelec-obtiene-nominaciones-en-los-tec-award-y-los-av-award\/#primaryimage\"},\"image\":{\"@id\":\"https:\/\/distribution.audio-technica.eu\/es-es\/noticias\/genelec-obtiene-nominaciones-en-los-tec-award-y-los-av-award\/#primaryimage\"},\"thumbnailUrl\":\"\/app\/uploads\/sites\/2\/2021_TEC_awards_finalist_banner.jpg\",\"datePublished\":\"2021-10-09T16:03:20+00:00\",\"dateModified\":\"2023-07-31T09:16:09+00:00\",\"author\":{\"@id\":\"https:\/\/distribution.audio-technica.eu\/es-es\/#\/schema\/person\/dbf0d33217ceab6329b4c3144742f2fb\"},\"breadcrumb\":{\"@id\":\"https:\/\/distribution.audio-technica.eu\/es-es\/noticias\/genelec-obtiene-nominaciones-en-los-tec-award-y-los-av-award\/#breadcrumb\"},\"inLanguage\":\"es\",\"potentialAction\":[{\"@type\":\"ReadAction\",\"target\":[\"https:\/\/distribution.audio-technica.eu\/es-es\/noticias\/genelec-obtiene-nominaciones-en-los-tec-award-y-los-av-award\/\"]}]},{\"@type\":\"ImageObject\",\"inLanguage\":\"es\",\"@id\":\"https:\/\/distribution.audio-technica.eu\/es-es\/noticias\/genelec-obtiene-nominaciones-en-los-tec-award-y-los-av-award\/#primaryimage\",\"url\":\"\/app\/uploads\/sites\/2\/2021_TEC_awards_finalist_banner.jpg\",\"contentUrl\":\"\/app\/uploads\/sites\/2\/2021_TEC_awards_finalist_banner.jpg\",\"width\":640,\"height\":360},{\"@type\":\"BreadcrumbList\",\"@id\":\"https:\/\/distribution.audio-technica.eu\/es-es\/noticias\/genelec-obtiene-nominaciones-en-los-tec-award-y-los-av-award\/#breadcrumb\",\"itemListElement\":[{\"@type\":\"ListItem\",\"position\":1,\"name\":\"Products\",\"item\":\"https:\/\/distribution.audio-technica.eu\/es-es\/\"},{\"@type\":\"ListItem\",\"position\":2,\"name\":\"Genelec obtiene nominaciones en los TEC Award y los AV Award\"}]},{\"@type\":\"WebSite\",\"@id\":\"https:\/\/distribution.audio-technica.eu\/es-es\/#website\",\"url\":\"https:\/\/distribution.audio-technica.eu\/es-es\/\",\"name\":\"Audio-Technica Iberia\",\"description\":\"Distribuci\u00f3n\",\"potentialAction\":[{\"@type\":\"SearchAction\",\"target\":{\"@type\":\"EntryPoint\",\"urlTemplate\":\"https:\/\/distribution.audio-technica.eu\/es-es\/?s={search_term_string}\"},\"query-input\":{\"@type\":\"PropertyValueSpecification\",\"valueRequired\":true,\"valueName\":\"search_term_string\"}}],\"inLanguage\":\"es\"},{\"@type\":\"Person\",\"@id\":\"https:\/\/distribution.audio-technica.eu\/es-es\/#\/schema\/person\/dbf0d33217ceab6329b4c3144742f2fb\",\"name\":\"ctorras\"}]}<\/script>\n<!-- \/ Yoast SEO plugin. -->","yoast_head_json":{"title":"Genelec obtiene nominaciones en los TEC Award y los AV Award - Audio-Technica Iberia","robots":{"index":"index","follow":"follow","max-snippet":"max-snippet:-1","max-image-preview":"max-image-preview:large","max-video-preview":"max-video-preview:-1"},"canonical":"https:\/\/distribution.audio-technica.eu\/es-es\/noticias\/genelec-obtiene-nominaciones-en-los-tec-award-y-los-av-award\/","og_locale":"es_ES","og_type":"article","og_title":"Genelec obtiene nominaciones en los TEC Award y los AV Award - Audio-Technica Iberia","og_description":"Genelec sigue acumulando el reconocimiento de los profesionales. En esta ocasi\u00f3n, ha recibido nominaciones en dos de los premios m\u00e1s importantes de la industria: los TEC Award y los AV Award. El software de gesti\u00f3n de altavoces GLM 4 de Genelec ha sido seleccionado como finalista en la categor\u00eda Production Essentials de los TEC Awards [&hellip;]","og_url":"https:\/\/distribution.audio-technica.eu\/es-es\/noticias\/genelec-obtiene-nominaciones-en-los-tec-award-y-los-av-award\/","og_site_name":"Audio-Technica Iberia","article_published_time":"2021-10-09T16:03:20+00:00","article_modified_time":"2023-07-31T09:16:09+00:00","og_image":[{"width":640,"height":360,"url":"https:\/\/distribution.audio-technica.eu\/app\/uploads\/sites\/2\/2021_TEC_awards_finalist_banner.jpg","type":"image\/jpeg"}],"author":"ctorras","twitter_card":"summary_large_image","twitter_misc":{"Escrito por":"ctorras","Tiempo de lectura":"4 minutos"},"schema":{"@context":"https:\/\/schema.org","@graph":[{"@type":"Article","@id":"https:\/\/distribution.audio-technica.eu\/es-es\/noticias\/genelec-obtiene-nominaciones-en-los-tec-award-y-los-av-award\/#article","isPartOf":{"@id":"https:\/\/distribution.audio-technica.eu\/es-es\/noticias\/genelec-obtiene-nominaciones-en-los-tec-award-y-los-av-award\/"},"author":{"name":"ctorras","@id":"https:\/\/distribution.audio-technica.eu\/es-es\/#\/schema\/person\/dbf0d33217ceab6329b4c3144742f2fb"},"headline":"Genelec obtiene nominaciones en los TEC Award y los AV Award","datePublished":"2021-10-09T16:03:20+00:00","dateModified":"2023-07-31T09:16:09+00:00","mainEntityOfPage":{"@id":"https:\/\/distribution.audio-technica.eu\/es-es\/noticias\/genelec-obtiene-nominaciones-en-los-tec-award-y-los-av-award\/"},"wordCount":724,"image":{"@id":"https:\/\/distribution.audio-technica.eu\/es-es\/noticias\/genelec-obtiene-nominaciones-en-los-tec-award-y-los-av-award\/#primaryimage"},"thumbnailUrl":"\/app\/uploads\/sites\/2\/2021_TEC_awards_finalist_banner.jpg","keywords":["AV Awards","GLM","TEC Awards"],"articleSection":["Noticias"],"inLanguage":"es"},{"@type":"WebPage","@id":"https:\/\/distribution.audio-technica.eu\/es-es\/noticias\/genelec-obtiene-nominaciones-en-los-tec-award-y-los-av-award\/","url":"https:\/\/distribution.audio-technica.eu\/es-es\/noticias\/genelec-obtiene-nominaciones-en-los-tec-award-y-los-av-award\/","name":"Genelec obtiene nominaciones en los TEC Award y los AV Award - Audio-Technica Iberia","isPartOf":{"@id":"https:\/\/distribution.audio-technica.eu\/es-es\/#website"},"primaryImageOfPage":{"@id":"https:\/\/distribution.audio-technica.eu\/es-es\/noticias\/genelec-obtiene-nominaciones-en-los-tec-award-y-los-av-award\/#primaryimage"},"image":{"@id":"https:\/\/distribution.audio-technica.eu\/es-es\/noticias\/genelec-obtiene-nominaciones-en-los-tec-award-y-los-av-award\/#primaryimage"},"thumbnailUrl":"\/app\/uploads\/sites\/2\/2021_TEC_awards_finalist_banner.jpg","datePublished":"2021-10-09T16:03:20+00:00","dateModified":"2023-07-31T09:16:09+00:00","author":{"@id":"https:\/\/distribution.audio-technica.eu\/es-es\/#\/schema\/person\/dbf0d33217ceab6329b4c3144742f2fb"},"breadcrumb":{"@id":"https:\/\/distribution.audio-technica.eu\/es-es\/noticias\/genelec-obtiene-nominaciones-en-los-tec-award-y-los-av-award\/#breadcrumb"},"inLanguage":"es","potentialAction":[{"@type":"ReadAction","target":["https:\/\/distribution.audio-technica.eu\/es-es\/noticias\/genelec-obtiene-nominaciones-en-los-tec-award-y-los-av-award\/"]}]},{"@type":"ImageObject","inLanguage":"es","@id":"https:\/\/distribution.audio-technica.eu\/es-es\/noticias\/genelec-obtiene-nominaciones-en-los-tec-award-y-los-av-award\/#primaryimage","url":"\/app\/uploads\/sites\/2\/2021_TEC_awards_finalist_banner.jpg","contentUrl":"\/app\/uploads\/sites\/2\/2021_TEC_awards_finalist_banner.jpg","width":640,"height":360},{"@type":"BreadcrumbList","@id":"https:\/\/distribution.audio-technica.eu\/es-es\/noticias\/genelec-obtiene-nominaciones-en-los-tec-award-y-los-av-award\/#breadcrumb","itemListElement":[{"@type":"ListItem","position":1,"name":"Products","item":"https:\/\/distribution.audio-technica.eu\/es-es\/"},{"@type":"ListItem","position":2,"name":"Genelec obtiene nominaciones en los TEC Award y los AV Award"}]},{"@type":"WebSite","@id":"https:\/\/distribution.audio-technica.eu\/es-es\/#website","url":"https:\/\/distribution.audio-technica.eu\/es-es\/","name":"Audio-Technica Iberia","description":"Distribuci\u00f3n","potentialAction":[{"@type":"SearchAction","target":{"@type":"EntryPoint","urlTemplate":"https:\/\/distribution.audio-technica.eu\/es-es\/?s={search_term_string}"},"query-input":{"@type":"PropertyValueSpecification","valueRequired":true,"valueName":"search_term_string"}}],"inLanguage":"es"},{"@type":"Person","@id":"https:\/\/distribution.audio-technica.eu\/es-es\/#\/schema\/person\/dbf0d33217ceab6329b4c3144742f2fb","name":"ctorras"}]}},"_links":{"self":[{"href":"https:\/\/distribution.audio-technica.eu\/es-es\/wp-json\/wp\/v2\/posts\/25553","targetHints":{"allow":["GET"]}}],"collection":[{"href":"https:\/\/distribution.audio-technica.eu\/es-es\/wp-json\/wp\/v2\/posts"}],"about":[{"href":"https:\/\/distribution.audio-technica.eu\/es-es\/wp-json\/wp\/v2\/types\/post"}],"author":[{"embeddable":true,"href":"https:\/\/distribution.audio-technica.eu\/es-es\/wp-json\/wp\/v2\/users\/2"}],"replies":[{"embeddable":true,"href":"https:\/\/distribution.audio-technica.eu\/es-es\/wp-json\/wp\/v2\/comments?post=25553"}],"version-history":[{"count":2,"href":"https:\/\/distribution.audio-technica.eu\/es-es\/wp-json\/wp\/v2\/posts\/25553\/revisions"}],"predecessor-version":[{"id":25558,"href":"https:\/\/distribution.audio-technica.eu\/es-es\/wp-json\/wp\/v2\/posts\/25553\/revisions\/25558"}],"wp:featuredmedia":[{"embeddable":true,"href":"https:\/\/distribution.audio-technica.eu\/es-es\/wp-json\/wp\/v2\/media\/25557"}],"wp:attachment":[{"href":"https:\/\/distribution.audio-technica.eu\/es-es\/wp-json\/wp\/v2\/media?parent=25553"}],"wp:term":[{"taxonomy":"category","embeddable":true,"href":"https:\/\/distribution.audio-technica.eu\/es-es\/wp-json\/wp\/v2\/categories?post=25553"},{"taxonomy":"post_tag","embeddable":true,"href":"https:\/\/distribution.audio-technica.eu\/es-es\/wp-json\/wp\/v2\/tags?post=25553"}],"curies":[{"name":"wp","href":"https:\/\/api.w.org\/{rel}","templated":true}]}}