{"id":25710,"date":"2022-01-12T10:00:06","date_gmt":"2022-01-12T09:00:06","guid":{"rendered":"https:\/\/atdb-production.studiograft.dev\/es\/?p=25710"},"modified":"2023-07-31T10:21:26","modified_gmt":"2023-07-31T08:21:26","slug":"crece-la-gama-de-productos-de-allen-heath-para-instalacion-con-dos-nuevos-procesadores-matriciales-de-la-serie-ahm","status":"publish","type":"post","link":"https:\/\/distribution.audio-technica.eu\/es-es\/noticias\/crece-la-gama-de-productos-de-allen-heath-para-instalacion-con-dos-nuevos-procesadores-matriciales-de-la-serie-ahm\/","title":{"rendered":"Crece la gama de productos de Allen &amp; Heath para instalaci\u00f3n con dos nuevos procesadores matriciales de la Serie AHM"},"content":{"rendered":"<h2>Allen &amp; Heath acaba de anunciar el lanzamiento de dos nuevos y potentes Procesadores Matriciales de Audio, el AHM-32 y el AHM-16, apoyados por el m\u00e1s extenso y escalable ecosistema de E\/S, control y soluciones Dante.<\/h2>\n<p><a href=\"https:\/\/distribution.audio-technica.eu\/es\/wp-content\/uploads\/sites\/2\/WP-AHM-16-32-64-Stacked.jpg\"><img loading=\"lazy\" decoding=\"async\" class=\"aligncenter size-fusion-800 wp-image-25711\" src=\"\/es\/wp-content\/uploads\/sites\/2\/WP-AHM-16-32-64-Stacked-800x500.jpg\" alt=\"\" width=\"800\" height=\"500\" srcset=\"https:\/\/distribution.audio-technica.eu\/app\/uploads\/sites\/2\/WP-AHM-16-32-64-Stacked-800x500.jpg 800w, https:\/\/distribution.audio-technica.eu\/app\/uploads\/sites\/2\/WP-AHM-16-32-64-Stacked-300x188.jpg 300w, https:\/\/distribution.audio-technica.eu\/app\/uploads\/sites\/2\/WP-AHM-16-32-64-Stacked-1024x640.jpg 1024w, https:\/\/distribution.audio-technica.eu\/app\/uploads\/sites\/2\/WP-AHM-16-32-64-Stacked-150x94.jpg 150w, https:\/\/distribution.audio-technica.eu\/app\/uploads\/sites\/2\/WP-AHM-16-32-64-Stacked-768x480.jpg 768w, https:\/\/distribution.audio-technica.eu\/app\/uploads\/sites\/2\/WP-AHM-16-32-64-Stacked-200x125.jpg 200w, https:\/\/distribution.audio-technica.eu\/app\/uploads\/sites\/2\/WP-AHM-16-32-64-Stacked-400x250.jpg 400w, https:\/\/distribution.audio-technica.eu\/app\/uploads\/sites\/2\/WP-AHM-16-32-64-Stacked-600x375.jpg 600w, https:\/\/distribution.audio-technica.eu\/app\/uploads\/sites\/2\/WP-AHM-16-32-64-Stacked-1200x750.jpg 1200w, https:\/\/distribution.audio-technica.eu\/app\/uploads\/sites\/2\/WP-AHM-16-32-64-Stacked.jpg 1500w\" sizes=\"auto, (max-width: 800px) 100vw, 800px\" \/><\/a><\/p>\n<p>Aprovechando la tecnolog\u00eda desarrollada para el Procesador Matricial de Audio <a href=\"https:\/\/distribution.audio-technica.eu\/es\/product\/ahm64\/\">AHM-64<\/a>, las nuevas unidades <a href=\"https:\/\/distribution.audio-technica.eu\/es\/product\/ahm32\/\">AHM-32<\/a> y <a href=\"https:\/\/distribution.audio-technica.eu\/es\/product\/ahm16\/\">AHM-16<\/a> abren la plataforma para cubrir la totalidad del espectro de instalaciones de audio, desde una simple sala de reuniones a un campus completo, poniendo \u00e9nfasis en la simplicidad de la programaci\u00f3n y el control, as\u00ed como en sus capacidades de conexi\u00f3n en red y E\/S.<\/p>\n<p>\u201c<em>Estamos encantados de ver al AHM-64 en el coraz\u00f3n de tantas instalaciones, desde redes de medios globales a parques tem\u00e1ticos<\/em>\u201d afirma Nick Beretta, Product Manager en Allen &amp; Heath. \u201c<em>Muchos integradores con los que hablamos estaban ansiosos por ver el mismo enfoque y tecnolog\u00eda implementados en un paquete m\u00e1s peque\u00f1o, capaz de adaptarse a una base de clientes m\u00e1s amplia, y hemos satisfecho esas demandas con el AHM-32 y el AHM-16<\/em>\u201d.<\/p>\n<p><a href=\"https:\/\/distribution.audio-technica.eu\/es\/wp-content\/uploads\/sites\/2\/WP-AHM-16-and-32-Front-Straight.jpg\"><img loading=\"lazy\" decoding=\"async\" class=\"aligncenter size-fusion-800 wp-image-25713\" src=\"\/es\/wp-content\/uploads\/sites\/2\/WP-AHM-16-and-32-Front-Straight-800x208.jpg\" alt=\"\" width=\"800\" height=\"208\" srcset=\"https:\/\/distribution.audio-technica.eu\/app\/uploads\/sites\/2\/WP-AHM-16-and-32-Front-Straight-800x208.jpg 800w, https:\/\/distribution.audio-technica.eu\/app\/uploads\/sites\/2\/WP-AHM-16-and-32-Front-Straight-300x78.jpg 300w, https:\/\/distribution.audio-technica.eu\/app\/uploads\/sites\/2\/WP-AHM-16-and-32-Front-Straight-1024x266.jpg 1024w, https:\/\/distribution.audio-technica.eu\/app\/uploads\/sites\/2\/WP-AHM-16-and-32-Front-Straight-150x39.jpg 150w, https:\/\/distribution.audio-technica.eu\/app\/uploads\/sites\/2\/WP-AHM-16-and-32-Front-Straight-768x200.jpg 768w, https:\/\/distribution.audio-technica.eu\/app\/uploads\/sites\/2\/WP-AHM-16-and-32-Front-Straight-200x52.jpg 200w, https:\/\/distribution.audio-technica.eu\/app\/uploads\/sites\/2\/WP-AHM-16-and-32-Front-Straight-400x104.jpg 400w, https:\/\/distribution.audio-technica.eu\/app\/uploads\/sites\/2\/WP-AHM-16-and-32-Front-Straight-600x156.jpg 600w, https:\/\/distribution.audio-technica.eu\/app\/uploads\/sites\/2\/WP-AHM-16-and-32-Front-Straight-1200x312.jpg 1200w, https:\/\/distribution.audio-technica.eu\/app\/uploads\/sites\/2\/WP-AHM-16-and-32-Front-Straight.jpg 1500w\" sizes=\"auto, (max-width: 800px) 100vw, 800px\" \/><\/a><\/p>\n<p>El <a href=\"https:\/\/distribution.audio-technica.eu\/es\/product\/ahm32\/\">AHM-32<\/a>\u00a0est\u00e1 construido sobre una matriz de procesado de 32&#215;32, con 12 entradas y salidas anal\u00f3gicas locales, revel\u00e1ndose como la elecci\u00f3n ideal para instalaciones multi sala en hosteler\u00eda, entornos corporativos y educaci\u00f3n. De forma opcional, est\u00e1 disponible el m\u00f3dulo <a href=\"https:\/\/www.allen-heath.com\/aec\/\" target=\"_blank\" rel=\"noopener\">Acoustic Echo Cancellation (AEC)<\/a>, extremadamente \u00fatil en aplicaciones de teleconferencias y v\u00eddeo conferencias.<\/p>\n<p>El <a href=\"https:\/\/distribution.audio-technica.eu\/es\/product\/ahm16\/\">AHM-16<\/a> incorpora una matriz de procesado de 16&#215;16, con 8 entradas y salidas locales.\u00a0 El <a href=\"https:\/\/distribution.audio-technica.eu\/es\/product\/ahm16\/\">AHM-16<\/a> est\u00e1 especialmente dotado para ser utilizado en aplicaciones de sala \u00fanica, o peque\u00f1os entornos multisala, tales como bares, restaurantes, tiendas y escuelas.<\/p>\n<p><a href=\"https:\/\/distribution.audio-technica.eu\/es\/wp-content\/uploads\/sites\/2\/WP-AHM-16-32-Rear.jpg\"><img loading=\"lazy\" decoding=\"async\" class=\"aligncenter size-fusion-800 wp-image-25712\" src=\"\/es\/wp-content\/uploads\/sites\/2\/WP-AHM-16-32-Rear-800x279.jpg\" alt=\"\" width=\"800\" height=\"279\" srcset=\"https:\/\/distribution.audio-technica.eu\/app\/uploads\/sites\/2\/WP-AHM-16-32-Rear-800x279.jpg 800w, https:\/\/distribution.audio-technica.eu\/app\/uploads\/sites\/2\/WP-AHM-16-32-Rear-300x105.jpg 300w, https:\/\/distribution.audio-technica.eu\/app\/uploads\/sites\/2\/WP-AHM-16-32-Rear-1024x358.jpg 1024w, https:\/\/distribution.audio-technica.eu\/app\/uploads\/sites\/2\/WP-AHM-16-32-Rear-150x52.jpg 150w, https:\/\/distribution.audio-technica.eu\/app\/uploads\/sites\/2\/WP-AHM-16-32-Rear-768x268.jpg 768w, https:\/\/distribution.audio-technica.eu\/app\/uploads\/sites\/2\/WP-AHM-16-32-Rear-200x70.jpg 200w, https:\/\/distribution.audio-technica.eu\/app\/uploads\/sites\/2\/WP-AHM-16-32-Rear-400x140.jpg 400w, https:\/\/distribution.audio-technica.eu\/app\/uploads\/sites\/2\/WP-AHM-16-32-Rear-600x210.jpg 600w, https:\/\/distribution.audio-technica.eu\/app\/uploads\/sites\/2\/WP-AHM-16-32-Rear-1200x419.jpg 1200w, https:\/\/distribution.audio-technica.eu\/app\/uploads\/sites\/2\/WP-AHM-16-32-Rear.jpg 1500w\" sizes=\"auto, (max-width: 800px) 100vw, 800px\" \/><\/a><\/p>\n<p>Ambas unidades disponen de un puerto de E\/S de 96 kHz para expansi\u00f3n de audio y redes, permitiendo el uso de una tarjeta Dante 64 x 64 para su integraci\u00f3n en redes Dante y la conexi\u00f3n a la gama de expansores equipados con Dante de Allen &amp; Heath. Alternativamente, se puede instalar una tarjeta SLink para la conexi\u00f3n Plug-and-Play al completo ecosistema de expansores remotos Everything I \/ O de Allen &amp; Heath.<\/p>\n<p>Soporta una amplia gama de opciones de control remoto, incluyendo una variedad de controles remotos PoE y la app <a href=\"https:\/\/www.allen-heath.com\/custom-control\/\" target=\"_blank\" rel=\"noopener\">Custom Control<\/a>, compatible BOYD, permitiendo la creaci\u00f3n de interfaces de usuario personalizados para m\u00faltiples tipos de usuarios y dispositivos.<\/p>\n<p>Ambos modelos ofrecen un potente grupo de herramientas de procesado, basadas en las incluidas en la unidad <a href=\"https:\/\/distribution.audio-technica.eu\/es\/product\/ahm64\/\">AHM-64<\/a>, incluyendo Mezcla Autom\u00e1tica de Micr\u00f3fonos (AMM), Compensaci\u00f3n de Ruido Ambiental (ANC), Ducking de Prioridad, EQ param\u00e9trico de 8 bandas en cada entrada y zona, adem\u00e1s de diversas opciones de procesado de los altavoces.<\/p>\n<p><a href=\"https:\/\/distribution.audio-technica.eu\/es\/wp-content\/uploads\/sites\/2\/WP-AHM-Tree-Diagram-Print.jpg\"><img loading=\"lazy\" decoding=\"async\" class=\"aligncenter size-fusion-800 wp-image-25714\" src=\"\/es\/wp-content\/uploads\/sites\/2\/WP-AHM-Tree-Diagram-Print-800x438.jpg\" alt=\"\" width=\"800\" height=\"438\" srcset=\"https:\/\/distribution.audio-technica.eu\/app\/uploads\/sites\/2\/WP-AHM-Tree-Diagram-Print-800x438.jpg 800w, https:\/\/distribution.audio-technica.eu\/app\/uploads\/sites\/2\/WP-AHM-Tree-Diagram-Print-300x164.jpg 300w, https:\/\/distribution.audio-technica.eu\/app\/uploads\/sites\/2\/WP-AHM-Tree-Diagram-Print-1024x561.jpg 1024w, https:\/\/distribution.audio-technica.eu\/app\/uploads\/sites\/2\/WP-AHM-Tree-Diagram-Print-150x82.jpg 150w, https:\/\/distribution.audio-technica.eu\/app\/uploads\/sites\/2\/WP-AHM-Tree-Diagram-Print-768x421.jpg 768w, https:\/\/distribution.audio-technica.eu\/app\/uploads\/sites\/2\/WP-AHM-Tree-Diagram-Print-200x110.jpg 200w, https:\/\/distribution.audio-technica.eu\/app\/uploads\/sites\/2\/WP-AHM-Tree-Diagram-Print-400x219.jpg 400w, https:\/\/distribution.audio-technica.eu\/app\/uploads\/sites\/2\/WP-AHM-Tree-Diagram-Print-600x329.jpg 600w, https:\/\/distribution.audio-technica.eu\/app\/uploads\/sites\/2\/WP-AHM-Tree-Diagram-Print-1200x658.jpg 1200w, https:\/\/distribution.audio-technica.eu\/app\/uploads\/sites\/2\/WP-AHM-Tree-Diagram-Print.jpg 1500w\" sizes=\"auto, (max-width: 800px) 100vw, 800px\" \/><\/a>Para m\u00e1s informaci\u00f3n, visite <a href=\"https:\/\/www.allen-heath.com\/ahm-series\/\">https:\/\/www.allen-heath.com\/ahm-series\/<\/a><\/p>\n<p>[fusion_youtube id=\u00bbqufRAojfGtk\u00bb alignment=\u00bb\u00bb width=\u00bb800&#8243; height=\u00bb\u00bb autoplay=\u00bbfalse\u00bb api_params=\u00bb\u00bb hide_on_mobile=\u00bbsmall-visibility,medium-visibility,large-visibility\u00bb class=\u00bb\u00bb css_id=\u00bb\u00bb][\/fusion_youtube]<\/p>\n","protected":false},"excerpt":{"rendered":"<p>Allen &amp; Heath acaba de anunciar el lanzamiento de dos nuevos y potentes Procesadores Matriciales de Audio, el AHM-32 y el AHM-16, apoyados por el m\u00e1s extenso y escalable ecosistema de E\/S, control y soluciones Dante. Aprovechando la tecnolog\u00eda desarrollada para el Procesador Matricial de Audio AHM-64, las nuevas unidades AHM-32 y AHM-16 abren la [&hellip;]<\/p>\n","protected":false},"author":2,"featured_media":25715,"comment_status":"closed","ping_status":"closed","sticky":false,"template":"","format":"standard","meta":{"_acf_changed":false,"footnotes":""},"categories":[2456],"tags":[1553,2182,2323],"class_list":["post-25710","post","type-post","status-publish","format-standard","has-post-thumbnail","hentry","category-novedades","tag-instalacion","tag-matriz","tag-procesador"],"acf":[],"yoast_head":"<!-- This site is optimized with the Yoast SEO plugin v27.1.1 - https:\/\/yoast.com\/product\/yoast-seo-wordpress\/ -->\n<title>Crece la gama de productos de Allen &amp; Heath para instalaci\u00f3n con dos nuevos procesadores matriciales de la Serie AHM - Audio-Technica Iberia<\/title>\n<meta name=\"robots\" content=\"index, follow, max-snippet:-1, max-image-preview:large, max-video-preview:-1\" \/>\n<link rel=\"canonical\" href=\"https:\/\/distribution.audio-technica.eu\/es-es\/noticias\/crece-la-gama-de-productos-de-allen-heath-para-instalacion-con-dos-nuevos-procesadores-matriciales-de-la-serie-ahm\/\" \/>\n<meta property=\"og:locale\" content=\"es_ES\" \/>\n<meta property=\"og:type\" content=\"article\" \/>\n<meta property=\"og:title\" content=\"Crece la gama de productos de Allen &amp; Heath para instalaci\u00f3n con dos nuevos procesadores matriciales de la Serie AHM - Audio-Technica Iberia\" \/>\n<meta property=\"og:description\" content=\"Allen &amp; Heath acaba de anunciar el lanzamiento de dos nuevos y potentes Procesadores Matriciales de Audio, el AHM-32 y el AHM-16, apoyados por el m\u00e1s extenso y escalable ecosistema de E\/S, control y soluciones Dante. Aprovechando la tecnolog\u00eda desarrollada para el Procesador Matricial de Audio AHM-64, las nuevas unidades AHM-32 y AHM-16 abren la [&hellip;]\" \/>\n<meta property=\"og:url\" content=\"https:\/\/distribution.audio-technica.eu\/es-es\/noticias\/crece-la-gama-de-productos-de-allen-heath-para-instalacion-con-dos-nuevos-procesadores-matriciales-de-la-serie-ahm\/\" \/>\n<meta property=\"og:site_name\" content=\"Audio-Technica Iberia\" \/>\n<meta property=\"article:published_time\" content=\"2022-01-12T09:00:06+00:00\" \/>\n<meta property=\"article:modified_time\" content=\"2023-07-31T08:21:26+00:00\" \/>\n<meta property=\"og:image\" content=\"https:\/\/distribution.audio-technica.eu\/app\/uploads\/sites\/2\/WP-AHM-16-32-64-Stacked-banner.jpg\" \/>\n\t<meta property=\"og:image:width\" content=\"640\" \/>\n\t<meta property=\"og:image:height\" content=\"360\" \/>\n\t<meta property=\"og:image:type\" content=\"image\/jpeg\" \/>\n<meta name=\"author\" content=\"ctorras\" \/>\n<meta name=\"twitter:card\" content=\"summary_large_image\" \/>\n<meta name=\"twitter:label1\" content=\"Escrito por\" \/>\n\t<meta name=\"twitter:data1\" content=\"ctorras\" \/>\n\t<meta name=\"twitter:label2\" content=\"Tiempo de lectura\" \/>\n\t<meta name=\"twitter:data2\" content=\"3 minutos\" \/>\n<script type=\"application\/ld+json\" class=\"yoast-schema-graph\">{\"@context\":\"https:\/\/schema.org\",\"@graph\":[{\"@type\":\"Article\",\"@id\":\"https:\/\/distribution.audio-technica.eu\/es-es\/noticias\/crece-la-gama-de-productos-de-allen-heath-para-instalacion-con-dos-nuevos-procesadores-matriciales-de-la-serie-ahm\/#article\",\"isPartOf\":{\"@id\":\"https:\/\/distribution.audio-technica.eu\/es-es\/noticias\/crece-la-gama-de-productos-de-allen-heath-para-instalacion-con-dos-nuevos-procesadores-matriciales-de-la-serie-ahm\/\"},\"author\":{\"name\":\"ctorras\",\"@id\":\"https:\/\/distribution.audio-technica.eu\/es-es\/#\/schema\/person\/dbf0d33217ceab6329b4c3144742f2fb\"},\"headline\":\"Crece la gama de productos de Allen &amp; Heath para instalaci\u00f3n con dos nuevos procesadores matriciales de la Serie AHM\",\"datePublished\":\"2022-01-12T09:00:06+00:00\",\"dateModified\":\"2023-07-31T08:21:26+00:00\",\"mainEntityOfPage\":{\"@id\":\"https:\/\/distribution.audio-technica.eu\/es-es\/noticias\/crece-la-gama-de-productos-de-allen-heath-para-instalacion-con-dos-nuevos-procesadores-matriciales-de-la-serie-ahm\/\"},\"wordCount\":502,\"image\":{\"@id\":\"https:\/\/distribution.audio-technica.eu\/es-es\/noticias\/crece-la-gama-de-productos-de-allen-heath-para-instalacion-con-dos-nuevos-procesadores-matriciales-de-la-serie-ahm\/#primaryimage\"},\"thumbnailUrl\":\"\/app\/uploads\/sites\/2\/WP-AHM-16-32-64-Stacked-banner.jpg\",\"keywords\":[\"Instalaci\u00f3n\",\"Matriz\",\"Procesador\"],\"articleSection\":[\"Novedades\"],\"inLanguage\":\"es\"},{\"@type\":\"WebPage\",\"@id\":\"https:\/\/distribution.audio-technica.eu\/es-es\/noticias\/crece-la-gama-de-productos-de-allen-heath-para-instalacion-con-dos-nuevos-procesadores-matriciales-de-la-serie-ahm\/\",\"url\":\"https:\/\/distribution.audio-technica.eu\/es-es\/noticias\/crece-la-gama-de-productos-de-allen-heath-para-instalacion-con-dos-nuevos-procesadores-matriciales-de-la-serie-ahm\/\",\"name\":\"Crece la gama de productos de Allen &amp; Heath para instalaci\u00f3n con dos nuevos procesadores matriciales de la Serie AHM - Audio-Technica Iberia\",\"isPartOf\":{\"@id\":\"https:\/\/distribution.audio-technica.eu\/es-es\/#website\"},\"primaryImageOfPage\":{\"@id\":\"https:\/\/distribution.audio-technica.eu\/es-es\/noticias\/crece-la-gama-de-productos-de-allen-heath-para-instalacion-con-dos-nuevos-procesadores-matriciales-de-la-serie-ahm\/#primaryimage\"},\"image\":{\"@id\":\"https:\/\/distribution.audio-technica.eu\/es-es\/noticias\/crece-la-gama-de-productos-de-allen-heath-para-instalacion-con-dos-nuevos-procesadores-matriciales-de-la-serie-ahm\/#primaryimage\"},\"thumbnailUrl\":\"\/app\/uploads\/sites\/2\/WP-AHM-16-32-64-Stacked-banner.jpg\",\"datePublished\":\"2022-01-12T09:00:06+00:00\",\"dateModified\":\"2023-07-31T08:21:26+00:00\",\"author\":{\"@id\":\"https:\/\/distribution.audio-technica.eu\/es-es\/#\/schema\/person\/dbf0d33217ceab6329b4c3144742f2fb\"},\"breadcrumb\":{\"@id\":\"https:\/\/distribution.audio-technica.eu\/es-es\/noticias\/crece-la-gama-de-productos-de-allen-heath-para-instalacion-con-dos-nuevos-procesadores-matriciales-de-la-serie-ahm\/#breadcrumb\"},\"inLanguage\":\"es\",\"potentialAction\":[{\"@type\":\"ReadAction\",\"target\":[\"https:\/\/distribution.audio-technica.eu\/es-es\/noticias\/crece-la-gama-de-productos-de-allen-heath-para-instalacion-con-dos-nuevos-procesadores-matriciales-de-la-serie-ahm\/\"]}]},{\"@type\":\"ImageObject\",\"inLanguage\":\"es\",\"@id\":\"https:\/\/distribution.audio-technica.eu\/es-es\/noticias\/crece-la-gama-de-productos-de-allen-heath-para-instalacion-con-dos-nuevos-procesadores-matriciales-de-la-serie-ahm\/#primaryimage\",\"url\":\"\/app\/uploads\/sites\/2\/WP-AHM-16-32-64-Stacked-banner.jpg\",\"contentUrl\":\"\/app\/uploads\/sites\/2\/WP-AHM-16-32-64-Stacked-banner.jpg\",\"width\":640,\"height\":360},{\"@type\":\"BreadcrumbList\",\"@id\":\"https:\/\/distribution.audio-technica.eu\/es-es\/noticias\/crece-la-gama-de-productos-de-allen-heath-para-instalacion-con-dos-nuevos-procesadores-matriciales-de-la-serie-ahm\/#breadcrumb\",\"itemListElement\":[{\"@type\":\"ListItem\",\"position\":1,\"name\":\"Products\",\"item\":\"https:\/\/distribution.audio-technica.eu\/es-es\/\"},{\"@type\":\"ListItem\",\"position\":2,\"name\":\"Crece la gama de productos de Allen &amp; Heath para instalaci\u00f3n con dos nuevos procesadores matriciales de la Serie AHM\"}]},{\"@type\":\"WebSite\",\"@id\":\"https:\/\/distribution.audio-technica.eu\/es-es\/#website\",\"url\":\"https:\/\/distribution.audio-technica.eu\/es-es\/\",\"name\":\"Audio-Technica Iberia\",\"description\":\"Distribuci\u00f3n\",\"potentialAction\":[{\"@type\":\"SearchAction\",\"target\":{\"@type\":\"EntryPoint\",\"urlTemplate\":\"https:\/\/distribution.audio-technica.eu\/es-es\/?s={search_term_string}\"},\"query-input\":{\"@type\":\"PropertyValueSpecification\",\"valueRequired\":true,\"valueName\":\"search_term_string\"}}],\"inLanguage\":\"es\"},{\"@type\":\"Person\",\"@id\":\"https:\/\/distribution.audio-technica.eu\/es-es\/#\/schema\/person\/dbf0d33217ceab6329b4c3144742f2fb\",\"name\":\"ctorras\"}]}<\/script>\n<!-- \/ Yoast SEO plugin. -->","yoast_head_json":{"title":"Crece la gama de productos de Allen &amp; Heath para instalaci\u00f3n con dos nuevos procesadores matriciales de la Serie AHM - Audio-Technica Iberia","robots":{"index":"index","follow":"follow","max-snippet":"max-snippet:-1","max-image-preview":"max-image-preview:large","max-video-preview":"max-video-preview:-1"},"canonical":"https:\/\/distribution.audio-technica.eu\/es-es\/noticias\/crece-la-gama-de-productos-de-allen-heath-para-instalacion-con-dos-nuevos-procesadores-matriciales-de-la-serie-ahm\/","og_locale":"es_ES","og_type":"article","og_title":"Crece la gama de productos de Allen &amp; Heath para instalaci\u00f3n con dos nuevos procesadores matriciales de la Serie AHM - Audio-Technica Iberia","og_description":"Allen &amp; Heath acaba de anunciar el lanzamiento de dos nuevos y potentes Procesadores Matriciales de Audio, el AHM-32 y el AHM-16, apoyados por el m\u00e1s extenso y escalable ecosistema de E\/S, control y soluciones Dante. Aprovechando la tecnolog\u00eda desarrollada para el Procesador Matricial de Audio AHM-64, las nuevas unidades AHM-32 y AHM-16 abren la [&hellip;]","og_url":"https:\/\/distribution.audio-technica.eu\/es-es\/noticias\/crece-la-gama-de-productos-de-allen-heath-para-instalacion-con-dos-nuevos-procesadores-matriciales-de-la-serie-ahm\/","og_site_name":"Audio-Technica Iberia","article_published_time":"2022-01-12T09:00:06+00:00","article_modified_time":"2023-07-31T08:21:26+00:00","og_image":[{"width":640,"height":360,"url":"https:\/\/distribution.audio-technica.eu\/app\/uploads\/sites\/2\/WP-AHM-16-32-64-Stacked-banner.jpg","type":"image\/jpeg"}],"author":"ctorras","twitter_card":"summary_large_image","twitter_misc":{"Escrito por":"ctorras","Tiempo de lectura":"3 minutos"},"schema":{"@context":"https:\/\/schema.org","@graph":[{"@type":"Article","@id":"https:\/\/distribution.audio-technica.eu\/es-es\/noticias\/crece-la-gama-de-productos-de-allen-heath-para-instalacion-con-dos-nuevos-procesadores-matriciales-de-la-serie-ahm\/#article","isPartOf":{"@id":"https:\/\/distribution.audio-technica.eu\/es-es\/noticias\/crece-la-gama-de-productos-de-allen-heath-para-instalacion-con-dos-nuevos-procesadores-matriciales-de-la-serie-ahm\/"},"author":{"name":"ctorras","@id":"https:\/\/distribution.audio-technica.eu\/es-es\/#\/schema\/person\/dbf0d33217ceab6329b4c3144742f2fb"},"headline":"Crece la gama de productos de Allen &amp; Heath para instalaci\u00f3n con dos nuevos procesadores matriciales de la Serie AHM","datePublished":"2022-01-12T09:00:06+00:00","dateModified":"2023-07-31T08:21:26+00:00","mainEntityOfPage":{"@id":"https:\/\/distribution.audio-technica.eu\/es-es\/noticias\/crece-la-gama-de-productos-de-allen-heath-para-instalacion-con-dos-nuevos-procesadores-matriciales-de-la-serie-ahm\/"},"wordCount":502,"image":{"@id":"https:\/\/distribution.audio-technica.eu\/es-es\/noticias\/crece-la-gama-de-productos-de-allen-heath-para-instalacion-con-dos-nuevos-procesadores-matriciales-de-la-serie-ahm\/#primaryimage"},"thumbnailUrl":"\/app\/uploads\/sites\/2\/WP-AHM-16-32-64-Stacked-banner.jpg","keywords":["Instalaci\u00f3n","Matriz","Procesador"],"articleSection":["Novedades"],"inLanguage":"es"},{"@type":"WebPage","@id":"https:\/\/distribution.audio-technica.eu\/es-es\/noticias\/crece-la-gama-de-productos-de-allen-heath-para-instalacion-con-dos-nuevos-procesadores-matriciales-de-la-serie-ahm\/","url":"https:\/\/distribution.audio-technica.eu\/es-es\/noticias\/crece-la-gama-de-productos-de-allen-heath-para-instalacion-con-dos-nuevos-procesadores-matriciales-de-la-serie-ahm\/","name":"Crece la gama de productos de Allen &amp; Heath para instalaci\u00f3n con dos nuevos procesadores matriciales de la Serie AHM - Audio-Technica Iberia","isPartOf":{"@id":"https:\/\/distribution.audio-technica.eu\/es-es\/#website"},"primaryImageOfPage":{"@id":"https:\/\/distribution.audio-technica.eu\/es-es\/noticias\/crece-la-gama-de-productos-de-allen-heath-para-instalacion-con-dos-nuevos-procesadores-matriciales-de-la-serie-ahm\/#primaryimage"},"image":{"@id":"https:\/\/distribution.audio-technica.eu\/es-es\/noticias\/crece-la-gama-de-productos-de-allen-heath-para-instalacion-con-dos-nuevos-procesadores-matriciales-de-la-serie-ahm\/#primaryimage"},"thumbnailUrl":"\/app\/uploads\/sites\/2\/WP-AHM-16-32-64-Stacked-banner.jpg","datePublished":"2022-01-12T09:00:06+00:00","dateModified":"2023-07-31T08:21:26+00:00","author":{"@id":"https:\/\/distribution.audio-technica.eu\/es-es\/#\/schema\/person\/dbf0d33217ceab6329b4c3144742f2fb"},"breadcrumb":{"@id":"https:\/\/distribution.audio-technica.eu\/es-es\/noticias\/crece-la-gama-de-productos-de-allen-heath-para-instalacion-con-dos-nuevos-procesadores-matriciales-de-la-serie-ahm\/#breadcrumb"},"inLanguage":"es","potentialAction":[{"@type":"ReadAction","target":["https:\/\/distribution.audio-technica.eu\/es-es\/noticias\/crece-la-gama-de-productos-de-allen-heath-para-instalacion-con-dos-nuevos-procesadores-matriciales-de-la-serie-ahm\/"]}]},{"@type":"ImageObject","inLanguage":"es","@id":"https:\/\/distribution.audio-technica.eu\/es-es\/noticias\/crece-la-gama-de-productos-de-allen-heath-para-instalacion-con-dos-nuevos-procesadores-matriciales-de-la-serie-ahm\/#primaryimage","url":"\/app\/uploads\/sites\/2\/WP-AHM-16-32-64-Stacked-banner.jpg","contentUrl":"\/app\/uploads\/sites\/2\/WP-AHM-16-32-64-Stacked-banner.jpg","width":640,"height":360},{"@type":"BreadcrumbList","@id":"https:\/\/distribution.audio-technica.eu\/es-es\/noticias\/crece-la-gama-de-productos-de-allen-heath-para-instalacion-con-dos-nuevos-procesadores-matriciales-de-la-serie-ahm\/#breadcrumb","itemListElement":[{"@type":"ListItem","position":1,"name":"Products","item":"https:\/\/distribution.audio-technica.eu\/es-es\/"},{"@type":"ListItem","position":2,"name":"Crece la gama de productos de Allen &amp; Heath para instalaci\u00f3n con dos nuevos procesadores matriciales de la Serie AHM"}]},{"@type":"WebSite","@id":"https:\/\/distribution.audio-technica.eu\/es-es\/#website","url":"https:\/\/distribution.audio-technica.eu\/es-es\/","name":"Audio-Technica Iberia","description":"Distribuci\u00f3n","potentialAction":[{"@type":"SearchAction","target":{"@type":"EntryPoint","urlTemplate":"https:\/\/distribution.audio-technica.eu\/es-es\/?s={search_term_string}"},"query-input":{"@type":"PropertyValueSpecification","valueRequired":true,"valueName":"search_term_string"}}],"inLanguage":"es"},{"@type":"Person","@id":"https:\/\/distribution.audio-technica.eu\/es-es\/#\/schema\/person\/dbf0d33217ceab6329b4c3144742f2fb","name":"ctorras"}]}},"_links":{"self":[{"href":"https:\/\/distribution.audio-technica.eu\/es-es\/wp-json\/wp\/v2\/posts\/25710","targetHints":{"allow":["GET"]}}],"collection":[{"href":"https:\/\/distribution.audio-technica.eu\/es-es\/wp-json\/wp\/v2\/posts"}],"about":[{"href":"https:\/\/distribution.audio-technica.eu\/es-es\/wp-json\/wp\/v2\/types\/post"}],"author":[{"embeddable":true,"href":"https:\/\/distribution.audio-technica.eu\/es-es\/wp-json\/wp\/v2\/users\/2"}],"replies":[{"embeddable":true,"href":"https:\/\/distribution.audio-technica.eu\/es-es\/wp-json\/wp\/v2\/comments?post=25710"}],"version-history":[{"count":7,"href":"https:\/\/distribution.audio-technica.eu\/es-es\/wp-json\/wp\/v2\/posts\/25710\/revisions"}],"predecessor-version":[{"id":26020,"href":"https:\/\/distribution.audio-technica.eu\/es-es\/wp-json\/wp\/v2\/posts\/25710\/revisions\/26020"}],"wp:featuredmedia":[{"embeddable":true,"href":"https:\/\/distribution.audio-technica.eu\/es-es\/wp-json\/wp\/v2\/media\/25715"}],"wp:attachment":[{"href":"https:\/\/distribution.audio-technica.eu\/es-es\/wp-json\/wp\/v2\/media?parent=25710"}],"wp:term":[{"taxonomy":"category","embeddable":true,"href":"https:\/\/distribution.audio-technica.eu\/es-es\/wp-json\/wp\/v2\/categories?post=25710"},{"taxonomy":"post_tag","embeddable":true,"href":"https:\/\/distribution.audio-technica.eu\/es-es\/wp-json\/wp\/v2\/tags?post=25710"}],"curies":[{"name":"wp","href":"https:\/\/api.w.org\/{rel}","templated":true}]}}