{"id":26226,"date":"2022-04-17T18:13:40","date_gmt":"2022-04-17T16:13:40","guid":{"rendered":"https:\/\/atdb-production.studiograft.dev\/es\/?p=26226"},"modified":"2023-10-17T18:03:47","modified_gmt":"2023-10-17T16:03:47","slug":"audio-technica-conmemora-60-anos-de-audio-analogico","status":"publish","type":"post","link":"https:\/\/distribution.audio-technica.eu\/es-es\/noticias\/audio-technica-conmemora-60-anos-de-audio-analogico\/","title":{"rendered":"Audio-Technica conmemora 60 a\u00f1os de audio anal\u00f3gico"},"content":{"rendered":"<h2>El 17 de abril de 2022, el fabricante japon\u00e9s de transductores Audio-Technica, celebra 60 a\u00f1os desde que su fundador, Hideo Matsushita, fund\u00f3 la empresa con el lanzamiento de su c\u00e1psula AT-1.<\/h2>\n<p><a href=\"https:\/\/distribution.audio-technica.eu\/es\/wp-content\/uploads\/sites\/2\/WP-AT_60th-Anniversary_2.jpg\"><img loading=\"lazy\" decoding=\"async\" class=\"aligncenter size-fusion-800 wp-image-26225\" src=\"\/es\/wp-content\/uploads\/sites\/2\/WP-AT_60th-Anniversary_2-800x450.jpg\" alt=\"\" width=\"800\" height=\"450\" srcset=\"https:\/\/distribution.audio-technica.eu\/app\/uploads\/sites\/2\/WP-AT_60th-Anniversary_2-800x450.jpg 800w, https:\/\/distribution.audio-technica.eu\/app\/uploads\/sites\/2\/WP-AT_60th-Anniversary_2-300x169.jpg 300w, https:\/\/distribution.audio-technica.eu\/app\/uploads\/sites\/2\/WP-AT_60th-Anniversary_2-1024x576.jpg 1024w, https:\/\/distribution.audio-technica.eu\/app\/uploads\/sites\/2\/WP-AT_60th-Anniversary_2-150x84.jpg 150w, https:\/\/distribution.audio-technica.eu\/app\/uploads\/sites\/2\/WP-AT_60th-Anniversary_2-768x432.jpg 768w, https:\/\/distribution.audio-technica.eu\/app\/uploads\/sites\/2\/WP-AT_60th-Anniversary_2-200x113.jpg 200w, https:\/\/distribution.audio-technica.eu\/app\/uploads\/sites\/2\/WP-AT_60th-Anniversary_2-400x225.jpg 400w, https:\/\/distribution.audio-technica.eu\/app\/uploads\/sites\/2\/WP-AT_60th-Anniversary_2-600x338.jpg 600w, https:\/\/distribution.audio-technica.eu\/app\/uploads\/sites\/2\/WP-AT_60th-Anniversary_2-1200x675.jpg 1200w, https:\/\/distribution.audio-technica.eu\/app\/uploads\/sites\/2\/WP-AT_60th-Anniversary_2.jpg 1500w\" sizes=\"auto, (max-width: 800px) 100vw, 800px\" \/><\/a><\/p>\n<p>Inspirado por la profundidad de las emociones que presenci\u00f3 durante la celebraci\u00f3n de las sesiones de audici\u00f3n de vinilos organizadas durante el ejercicio de su cargo en el Museo Bridgestone de Tokio, Hideo Matsushita se propuso permitir que muchas m\u00e1s personas pudieran experimentar la calidez del sonido anal\u00f3gico. Fund\u00f3 Audio-Technica en un peque\u00f1o apartamento en Shinjuku y empez\u00f3 a desarrollar c\u00e1psulas fonogr\u00e1ficas. Sus dos primeros productos, las c\u00e1psulas AT-1 y AT-3, alcanzaron un gran \u00e9xito y permitieron que Hideo ampliara su negocio. Inaugur\u00f3 una sede m\u00e1s grande en Machida, desde la que la empresa sigue operando actualmente.<\/p>\n<p>El 17 de abril de 2022 se conmemoran 60 a\u00f1os desde que Hideo cre\u00f3 su primera c\u00e1psula, y Audio-Technica aprovecha esta ocasi\u00f3n para reafirmar su compromiso con el sonido anal\u00f3gico. Centr\u00e1ndose en un enfoque humano de la generaci\u00f3n de sonido, la empresa contempla lo anal\u00f3gico como un disfrute y una apreciaci\u00f3n de sonido que no se altera, a pesar de los r\u00e1pidos cambios a lo largo de la historia.<\/p>\n<p>Adem\u00e1s de las c\u00e1psulas fonogr\u00e1ficas, Audio-Technica empez\u00f3 a producir auriculares en 1974, y micr\u00f3fonos en 1978, comenzando cada proceso con el desarrollo de un transductor y el objetivo de entregar un sonido puro y natural. El arte anal\u00f3gico se encuentra en el coraz\u00f3n de cada producto, de forma que una delicada vibraci\u00f3n se transforma en sonido, tanto durante el proceso de audici\u00f3n como en el de grabaci\u00f3n.<\/p>\n<p>Kazuo Matsushita, hijo de Hideo, se convirti\u00f3 en presidente en 1993 y la empresa continu\u00f3 expandi\u00e9ndose, abriendo oficinas en todo el mundo, y desarrollando productos ic\u00f3nicos como la moderna serie de c\u00e1psulas <a href=\"https:\/\/www.audio-technica.com\/es-es\/cartridges\/line-series\/vm-series\" target=\"_blank\" rel=\"noopener\">VM<\/a>, los auriculares <a href=\"https:\/\/www.audio-technica.com\/es-es\/ath-m50x\" target=\"_blank\" rel=\"noopener\">ATH-M50x<\/a> y el micr\u00f3fono <a href=\"https:\/\/www.audio-technica.com\/es-es\/at2020\" target=\"_blank\" rel=\"noopener\">AT2020<\/a>.<\/p>\n<p><a href=\"https:\/\/distribution.audio-technica.eu\/es\/wp-content\/uploads\/sites\/2\/WP-AT_60th-Anniversary_1.jpg\"><img loading=\"lazy\" decoding=\"async\" class=\"aligncenter size-fusion-800 wp-image-26224\" src=\"\/es\/wp-content\/uploads\/sites\/2\/WP-AT_60th-Anniversary_1-800x450.jpg\" alt=\"\" width=\"800\" height=\"450\" srcset=\"https:\/\/distribution.audio-technica.eu\/app\/uploads\/sites\/2\/WP-AT_60th-Anniversary_1-800x450.jpg 800w, https:\/\/distribution.audio-technica.eu\/app\/uploads\/sites\/2\/WP-AT_60th-Anniversary_1-300x169.jpg 300w, https:\/\/distribution.audio-technica.eu\/app\/uploads\/sites\/2\/WP-AT_60th-Anniversary_1-1024x576.jpg 1024w, https:\/\/distribution.audio-technica.eu\/app\/uploads\/sites\/2\/WP-AT_60th-Anniversary_1-150x84.jpg 150w, https:\/\/distribution.audio-technica.eu\/app\/uploads\/sites\/2\/WP-AT_60th-Anniversary_1-768x432.jpg 768w, https:\/\/distribution.audio-technica.eu\/app\/uploads\/sites\/2\/WP-AT_60th-Anniversary_1-200x113.jpg 200w, https:\/\/distribution.audio-technica.eu\/app\/uploads\/sites\/2\/WP-AT_60th-Anniversary_1-400x225.jpg 400w, https:\/\/distribution.audio-technica.eu\/app\/uploads\/sites\/2\/WP-AT_60th-Anniversary_1-600x338.jpg 600w, https:\/\/distribution.audio-technica.eu\/app\/uploads\/sites\/2\/WP-AT_60th-Anniversary_1-1200x675.jpg 1200w, https:\/\/distribution.audio-technica.eu\/app\/uploads\/sites\/2\/WP-AT_60th-Anniversary_1.jpg 1500w\" sizes=\"auto, (max-width: 800px) 100vw, 800px\" \/><\/a><\/p>\n<p>Actualmente, Audio-Technica es una parte esencial de la industria del sonido, con productos que son utilizados en eventos globales, en el cine, en estudios y en el hogar, manteniendo siempre la filosof\u00eda del \u201csonido para todos\u201d y asegurando que las futuras generaciones podr\u00e1n seguir experimentando el placer de lo anal\u00f3gico.<\/p>\n<p>La firma celebrar\u00e1 su 60 aniversario con una serie de eventos en todo el mundo, centrados en el tema de la vida anal\u00f3gica. A prop\u00f3sito de la ocasi\u00f3n el presidente Kazuo Matsushita ha afirmado: \u201c<em>Es un honor poder ofrecer un sonido de calidad a millones de personas de todo el mundo. Lo que comienza como una simple vibraci\u00f3n, un movimiento sutil, da como resultado una conexi\u00f3n emocional, ya sea al escuchar atentamente un disco o al compartir tu voz con el mundo<\/em>\u201d.<\/p>\n","protected":false},"excerpt":{"rendered":"<p>El 17 de abril de 2022, el fabricante japon\u00e9s de transductores Audio-Technica, celebra 60 a\u00f1os desde que su fundador, Hideo Matsushita, fund\u00f3 la empresa con el lanzamiento de su c\u00e1psula AT-1. Inspirado por la profundidad de las emociones que presenci\u00f3 durante la celebraci\u00f3n de las sesiones de audici\u00f3n de vinilos organizadas durante el ejercicio de [&hellip;]<\/p>\n","protected":false},"author":2,"featured_media":26223,"comment_status":"closed","ping_status":"closed","sticky":false,"template":"","format":"standard","meta":{"_acf_changed":false,"footnotes":""},"categories":[1692,2461],"tags":[2329],"class_list":["post-26226","post","type-post","status-publish","format-standard","has-post-thumbnail","hentry","category-empresa","category-noticias","tag-60-aniversario"],"acf":[],"yoast_head":"<!-- This site is optimized with the Yoast SEO plugin v27.1.1 - https:\/\/yoast.com\/product\/yoast-seo-wordpress\/ -->\n<title>Audio-Technica conmemora 60 a\u00f1os de audio anal\u00f3gico - Audio-Technica Iberia<\/title>\n<meta name=\"robots\" content=\"index, follow, max-snippet:-1, max-image-preview:large, max-video-preview:-1\" \/>\n<link rel=\"canonical\" href=\"https:\/\/distribution.audio-technica.eu\/es-es\/noticias\/audio-technica-conmemora-60-anos-de-audio-analogico\/\" \/>\n<meta property=\"og:locale\" content=\"es_ES\" \/>\n<meta property=\"og:type\" content=\"article\" \/>\n<meta property=\"og:title\" content=\"Audio-Technica conmemora 60 a\u00f1os de audio anal\u00f3gico - Audio-Technica Iberia\" \/>\n<meta property=\"og:description\" content=\"El 17 de abril de 2022, el fabricante japon\u00e9s de transductores Audio-Technica, celebra 60 a\u00f1os desde que su fundador, Hideo Matsushita, fund\u00f3 la empresa con el lanzamiento de su c\u00e1psula AT-1. Inspirado por la profundidad de las emociones que presenci\u00f3 durante la celebraci\u00f3n de las sesiones de audici\u00f3n de vinilos organizadas durante el ejercicio de [&hellip;]\" \/>\n<meta property=\"og:url\" content=\"https:\/\/distribution.audio-technica.eu\/es-es\/noticias\/audio-technica-conmemora-60-anos-de-audio-analogico\/\" \/>\n<meta property=\"og:site_name\" content=\"Audio-Technica Iberia\" \/>\n<meta property=\"article:published_time\" content=\"2022-04-17T16:13:40+00:00\" \/>\n<meta property=\"article:modified_time\" content=\"2023-10-17T16:03:47+00:00\" \/>\n<meta property=\"og:image\" content=\"https:\/\/distribution.audio-technica.eu\/app\/uploads\/sites\/2\/WP-AT_60th-Anniversary_banner.jpg\" \/>\n\t<meta property=\"og:image:width\" content=\"640\" \/>\n\t<meta property=\"og:image:height\" content=\"360\" \/>\n\t<meta property=\"og:image:type\" content=\"image\/jpeg\" \/>\n<meta name=\"author\" content=\"ctorras\" \/>\n<meta name=\"twitter:card\" content=\"summary_large_image\" \/>\n<meta name=\"twitter:label1\" content=\"Escrito por\" \/>\n\t<meta name=\"twitter:data1\" content=\"ctorras\" \/>\n\t<meta name=\"twitter:label2\" content=\"Tiempo de lectura\" \/>\n\t<meta name=\"twitter:data2\" content=\"2 minutos\" \/>\n<script type=\"application\/ld+json\" class=\"yoast-schema-graph\">{\"@context\":\"https:\/\/schema.org\",\"@graph\":[{\"@type\":\"Article\",\"@id\":\"https:\/\/distribution.audio-technica.eu\/es-es\/noticias\/audio-technica-conmemora-60-anos-de-audio-analogico\/#article\",\"isPartOf\":{\"@id\":\"https:\/\/distribution.audio-technica.eu\/es-es\/noticias\/audio-technica-conmemora-60-anos-de-audio-analogico\/\"},\"author\":{\"name\":\"ctorras\",\"@id\":\"https:\/\/distribution.audio-technica.eu\/es-es\/#\/schema\/person\/dbf0d33217ceab6329b4c3144742f2fb\"},\"headline\":\"Audio-Technica conmemora 60 a\u00f1os de audio anal\u00f3gico\",\"datePublished\":\"2022-04-17T16:13:40+00:00\",\"dateModified\":\"2023-10-17T16:03:47+00:00\",\"mainEntityOfPage\":{\"@id\":\"https:\/\/distribution.audio-technica.eu\/es-es\/noticias\/audio-technica-conmemora-60-anos-de-audio-analogico\/\"},\"wordCount\":477,\"image\":{\"@id\":\"https:\/\/distribution.audio-technica.eu\/es-es\/noticias\/audio-technica-conmemora-60-anos-de-audio-analogico\/#primaryimage\"},\"thumbnailUrl\":\"\/app\/uploads\/sites\/2\/WP-AT_60th-Anniversary_banner.jpg\",\"keywords\":[\"60 Aniversario\"],\"articleSection\":[\"Empresa\",\"Noticias\"],\"inLanguage\":\"es\"},{\"@type\":\"WebPage\",\"@id\":\"https:\/\/distribution.audio-technica.eu\/es-es\/noticias\/audio-technica-conmemora-60-anos-de-audio-analogico\/\",\"url\":\"https:\/\/distribution.audio-technica.eu\/es-es\/noticias\/audio-technica-conmemora-60-anos-de-audio-analogico\/\",\"name\":\"Audio-Technica conmemora 60 a\u00f1os de audio anal\u00f3gico - Audio-Technica Iberia\",\"isPartOf\":{\"@id\":\"https:\/\/distribution.audio-technica.eu\/es-es\/#website\"},\"primaryImageOfPage\":{\"@id\":\"https:\/\/distribution.audio-technica.eu\/es-es\/noticias\/audio-technica-conmemora-60-anos-de-audio-analogico\/#primaryimage\"},\"image\":{\"@id\":\"https:\/\/distribution.audio-technica.eu\/es-es\/noticias\/audio-technica-conmemora-60-anos-de-audio-analogico\/#primaryimage\"},\"thumbnailUrl\":\"\/app\/uploads\/sites\/2\/WP-AT_60th-Anniversary_banner.jpg\",\"datePublished\":\"2022-04-17T16:13:40+00:00\",\"dateModified\":\"2023-10-17T16:03:47+00:00\",\"author\":{\"@id\":\"https:\/\/distribution.audio-technica.eu\/es-es\/#\/schema\/person\/dbf0d33217ceab6329b4c3144742f2fb\"},\"breadcrumb\":{\"@id\":\"https:\/\/distribution.audio-technica.eu\/es-es\/noticias\/audio-technica-conmemora-60-anos-de-audio-analogico\/#breadcrumb\"},\"inLanguage\":\"es\",\"potentialAction\":[{\"@type\":\"ReadAction\",\"target\":[\"https:\/\/distribution.audio-technica.eu\/es-es\/noticias\/audio-technica-conmemora-60-anos-de-audio-analogico\/\"]}]},{\"@type\":\"ImageObject\",\"inLanguage\":\"es\",\"@id\":\"https:\/\/distribution.audio-technica.eu\/es-es\/noticias\/audio-technica-conmemora-60-anos-de-audio-analogico\/#primaryimage\",\"url\":\"\/app\/uploads\/sites\/2\/WP-AT_60th-Anniversary_banner.jpg\",\"contentUrl\":\"\/app\/uploads\/sites\/2\/WP-AT_60th-Anniversary_banner.jpg\",\"width\":640,\"height\":360},{\"@type\":\"BreadcrumbList\",\"@id\":\"https:\/\/distribution.audio-technica.eu\/es-es\/noticias\/audio-technica-conmemora-60-anos-de-audio-analogico\/#breadcrumb\",\"itemListElement\":[{\"@type\":\"ListItem\",\"position\":1,\"name\":\"Products\",\"item\":\"https:\/\/distribution.audio-technica.eu\/es-es\/\"},{\"@type\":\"ListItem\",\"position\":2,\"name\":\"Audio-Technica conmemora 60 a\u00f1os de audio anal\u00f3gico\"}]},{\"@type\":\"WebSite\",\"@id\":\"https:\/\/distribution.audio-technica.eu\/es-es\/#website\",\"url\":\"https:\/\/distribution.audio-technica.eu\/es-es\/\",\"name\":\"Audio-Technica Iberia\",\"description\":\"Distribuci\u00f3n\",\"potentialAction\":[{\"@type\":\"SearchAction\",\"target\":{\"@type\":\"EntryPoint\",\"urlTemplate\":\"https:\/\/distribution.audio-technica.eu\/es-es\/?s={search_term_string}\"},\"query-input\":{\"@type\":\"PropertyValueSpecification\",\"valueRequired\":true,\"valueName\":\"search_term_string\"}}],\"inLanguage\":\"es\"},{\"@type\":\"Person\",\"@id\":\"https:\/\/distribution.audio-technica.eu\/es-es\/#\/schema\/person\/dbf0d33217ceab6329b4c3144742f2fb\",\"name\":\"ctorras\"}]}<\/script>\n<!-- \/ Yoast SEO plugin. -->","yoast_head_json":{"title":"Audio-Technica conmemora 60 a\u00f1os de audio anal\u00f3gico - Audio-Technica Iberia","robots":{"index":"index","follow":"follow","max-snippet":"max-snippet:-1","max-image-preview":"max-image-preview:large","max-video-preview":"max-video-preview:-1"},"canonical":"https:\/\/distribution.audio-technica.eu\/es-es\/noticias\/audio-technica-conmemora-60-anos-de-audio-analogico\/","og_locale":"es_ES","og_type":"article","og_title":"Audio-Technica conmemora 60 a\u00f1os de audio anal\u00f3gico - Audio-Technica Iberia","og_description":"El 17 de abril de 2022, el fabricante japon\u00e9s de transductores Audio-Technica, celebra 60 a\u00f1os desde que su fundador, Hideo Matsushita, fund\u00f3 la empresa con el lanzamiento de su c\u00e1psula AT-1. Inspirado por la profundidad de las emociones que presenci\u00f3 durante la celebraci\u00f3n de las sesiones de audici\u00f3n de vinilos organizadas durante el ejercicio de [&hellip;]","og_url":"https:\/\/distribution.audio-technica.eu\/es-es\/noticias\/audio-technica-conmemora-60-anos-de-audio-analogico\/","og_site_name":"Audio-Technica Iberia","article_published_time":"2022-04-17T16:13:40+00:00","article_modified_time":"2023-10-17T16:03:47+00:00","og_image":[{"width":640,"height":360,"url":"https:\/\/distribution.audio-technica.eu\/app\/uploads\/sites\/2\/WP-AT_60th-Anniversary_banner.jpg","type":"image\/jpeg"}],"author":"ctorras","twitter_card":"summary_large_image","twitter_misc":{"Escrito por":"ctorras","Tiempo de lectura":"2 minutos"},"schema":{"@context":"https:\/\/schema.org","@graph":[{"@type":"Article","@id":"https:\/\/distribution.audio-technica.eu\/es-es\/noticias\/audio-technica-conmemora-60-anos-de-audio-analogico\/#article","isPartOf":{"@id":"https:\/\/distribution.audio-technica.eu\/es-es\/noticias\/audio-technica-conmemora-60-anos-de-audio-analogico\/"},"author":{"name":"ctorras","@id":"https:\/\/distribution.audio-technica.eu\/es-es\/#\/schema\/person\/dbf0d33217ceab6329b4c3144742f2fb"},"headline":"Audio-Technica conmemora 60 a\u00f1os de audio anal\u00f3gico","datePublished":"2022-04-17T16:13:40+00:00","dateModified":"2023-10-17T16:03:47+00:00","mainEntityOfPage":{"@id":"https:\/\/distribution.audio-technica.eu\/es-es\/noticias\/audio-technica-conmemora-60-anos-de-audio-analogico\/"},"wordCount":477,"image":{"@id":"https:\/\/distribution.audio-technica.eu\/es-es\/noticias\/audio-technica-conmemora-60-anos-de-audio-analogico\/#primaryimage"},"thumbnailUrl":"\/app\/uploads\/sites\/2\/WP-AT_60th-Anniversary_banner.jpg","keywords":["60 Aniversario"],"articleSection":["Empresa","Noticias"],"inLanguage":"es"},{"@type":"WebPage","@id":"https:\/\/distribution.audio-technica.eu\/es-es\/noticias\/audio-technica-conmemora-60-anos-de-audio-analogico\/","url":"https:\/\/distribution.audio-technica.eu\/es-es\/noticias\/audio-technica-conmemora-60-anos-de-audio-analogico\/","name":"Audio-Technica conmemora 60 a\u00f1os de audio anal\u00f3gico - Audio-Technica Iberia","isPartOf":{"@id":"https:\/\/distribution.audio-technica.eu\/es-es\/#website"},"primaryImageOfPage":{"@id":"https:\/\/distribution.audio-technica.eu\/es-es\/noticias\/audio-technica-conmemora-60-anos-de-audio-analogico\/#primaryimage"},"image":{"@id":"https:\/\/distribution.audio-technica.eu\/es-es\/noticias\/audio-technica-conmemora-60-anos-de-audio-analogico\/#primaryimage"},"thumbnailUrl":"\/app\/uploads\/sites\/2\/WP-AT_60th-Anniversary_banner.jpg","datePublished":"2022-04-17T16:13:40+00:00","dateModified":"2023-10-17T16:03:47+00:00","author":{"@id":"https:\/\/distribution.audio-technica.eu\/es-es\/#\/schema\/person\/dbf0d33217ceab6329b4c3144742f2fb"},"breadcrumb":{"@id":"https:\/\/distribution.audio-technica.eu\/es-es\/noticias\/audio-technica-conmemora-60-anos-de-audio-analogico\/#breadcrumb"},"inLanguage":"es","potentialAction":[{"@type":"ReadAction","target":["https:\/\/distribution.audio-technica.eu\/es-es\/noticias\/audio-technica-conmemora-60-anos-de-audio-analogico\/"]}]},{"@type":"ImageObject","inLanguage":"es","@id":"https:\/\/distribution.audio-technica.eu\/es-es\/noticias\/audio-technica-conmemora-60-anos-de-audio-analogico\/#primaryimage","url":"\/app\/uploads\/sites\/2\/WP-AT_60th-Anniversary_banner.jpg","contentUrl":"\/app\/uploads\/sites\/2\/WP-AT_60th-Anniversary_banner.jpg","width":640,"height":360},{"@type":"BreadcrumbList","@id":"https:\/\/distribution.audio-technica.eu\/es-es\/noticias\/audio-technica-conmemora-60-anos-de-audio-analogico\/#breadcrumb","itemListElement":[{"@type":"ListItem","position":1,"name":"Products","item":"https:\/\/distribution.audio-technica.eu\/es-es\/"},{"@type":"ListItem","position":2,"name":"Audio-Technica conmemora 60 a\u00f1os de audio anal\u00f3gico"}]},{"@type":"WebSite","@id":"https:\/\/distribution.audio-technica.eu\/es-es\/#website","url":"https:\/\/distribution.audio-technica.eu\/es-es\/","name":"Audio-Technica Iberia","description":"Distribuci\u00f3n","potentialAction":[{"@type":"SearchAction","target":{"@type":"EntryPoint","urlTemplate":"https:\/\/distribution.audio-technica.eu\/es-es\/?s={search_term_string}"},"query-input":{"@type":"PropertyValueSpecification","valueRequired":true,"valueName":"search_term_string"}}],"inLanguage":"es"},{"@type":"Person","@id":"https:\/\/distribution.audio-technica.eu\/es-es\/#\/schema\/person\/dbf0d33217ceab6329b4c3144742f2fb","name":"ctorras"}]}},"_links":{"self":[{"href":"https:\/\/distribution.audio-technica.eu\/es-es\/wp-json\/wp\/v2\/posts\/26226","targetHints":{"allow":["GET"]}}],"collection":[{"href":"https:\/\/distribution.audio-technica.eu\/es-es\/wp-json\/wp\/v2\/posts"}],"about":[{"href":"https:\/\/distribution.audio-technica.eu\/es-es\/wp-json\/wp\/v2\/types\/post"}],"author":[{"embeddable":true,"href":"https:\/\/distribution.audio-technica.eu\/es-es\/wp-json\/wp\/v2\/users\/2"}],"replies":[{"embeddable":true,"href":"https:\/\/distribution.audio-technica.eu\/es-es\/wp-json\/wp\/v2\/comments?post=26226"}],"version-history":[{"count":6,"href":"https:\/\/distribution.audio-technica.eu\/es-es\/wp-json\/wp\/v2\/posts\/26226\/revisions"}],"predecessor-version":[{"id":26236,"href":"https:\/\/distribution.audio-technica.eu\/es-es\/wp-json\/wp\/v2\/posts\/26226\/revisions\/26236"}],"wp:featuredmedia":[{"embeddable":true,"href":"https:\/\/distribution.audio-technica.eu\/es-es\/wp-json\/wp\/v2\/media\/26223"}],"wp:attachment":[{"href":"https:\/\/distribution.audio-technica.eu\/es-es\/wp-json\/wp\/v2\/media?parent=26226"}],"wp:term":[{"taxonomy":"category","embeddable":true,"href":"https:\/\/distribution.audio-technica.eu\/es-es\/wp-json\/wp\/v2\/categories?post=26226"},{"taxonomy":"post_tag","embeddable":true,"href":"https:\/\/distribution.audio-technica.eu\/es-es\/wp-json\/wp\/v2\/tags?post=26226"}],"curies":[{"name":"wp","href":"https:\/\/api.w.org\/{rel}","templated":true}]}}