{"id":26832,"date":"2022-09-01T16:13:40","date_gmt":"2022-09-01T14:13:40","guid":{"rendered":"https:\/\/atdb-production.studiograft.dev\/es\/?p=26832"},"modified":"2023-07-30T13:09:10","modified_gmt":"2023-07-30T11:09:10","slug":"nueva-serie-ts4-de-alto-professional-con-mas-potencia-un-sonido-mas-claro-y-nuevas-funciones","status":"publish","type":"post","link":"https:\/\/distribution.audio-technica.eu\/es-es\/noticias\/nueva-serie-ts4-de-alto-professional-con-mas-potencia-un-sonido-mas-claro-y-nuevas-funciones\/","title":{"rendered":"Nueva Serie TS4 de Alto Professional, con m\u00e1s potencia, un sonido m\u00e1s claro y nuevas funciones"},"content":{"rendered":"<h2>Los recintos autoamplificados de la nueva serie TS4 ofrecen el mejor sonido hasta la fecha, con m\u00e1s potencia y claridad, adem\u00e1s de streaming a trav\u00e9s de Bluetooth, vinculaci\u00f3n de varias unidades y funciones de control desde una nueva App.<\/h2>\n<p><a href=\"https:\/\/distribution.audio-technica.eu\/es\/wp-content\/uploads\/sites\/2\/WP-TS4-Family.jpg\"><img loading=\"lazy\" decoding=\"async\" class=\"aligncenter wp-image-26827 size-fusion-800\" src=\"\/es\/wp-content\/uploads\/sites\/2\/WP-TS4-Family-800x464.jpg\" alt=\"\" width=\"800\" height=\"464\" srcset=\"https:\/\/distribution.audio-technica.eu\/app\/uploads\/sites\/2\/WP-TS4-Family-800x464.jpg 800w, https:\/\/distribution.audio-technica.eu\/app\/uploads\/sites\/2\/WP-TS4-Family-300x174.jpg 300w, https:\/\/distribution.audio-technica.eu\/app\/uploads\/sites\/2\/WP-TS4-Family-1024x594.jpg 1024w, https:\/\/distribution.audio-technica.eu\/app\/uploads\/sites\/2\/WP-TS4-Family-150x87.jpg 150w, https:\/\/distribution.audio-technica.eu\/app\/uploads\/sites\/2\/WP-TS4-Family-768x445.jpg 768w, https:\/\/distribution.audio-technica.eu\/app\/uploads\/sites\/2\/WP-TS4-Family-200x116.jpg 200w, https:\/\/distribution.audio-technica.eu\/app\/uploads\/sites\/2\/WP-TS4-Family-400x232.jpg 400w, https:\/\/distribution.audio-technica.eu\/app\/uploads\/sites\/2\/WP-TS4-Family-600x348.jpg 600w, https:\/\/distribution.audio-technica.eu\/app\/uploads\/sites\/2\/WP-TS4-Family-1200x696.jpg 1200w, https:\/\/distribution.audio-technica.eu\/app\/uploads\/sites\/2\/WP-TS4-Family.jpg 1500w\" sizes=\"auto, (max-width: 800px) 100vw, 800px\" \/><\/a><\/p>\n<p>Alto Professional, la firma l\u00edder mundial en innovaci\u00f3n de productos destinados a la sonorizaci\u00f3n en directo, acaba de presentar la serie TS4, la m\u00e1s reciente generaci\u00f3n de sus exitosos recintos autoamplificados para PA TrueSonic.<\/p>\n<p>Siguiendo la estela del enorme \u00e9xito alcanzado por la serie TS3 de Alto Professional, los nuevos recintos TS4 proporcionan mayor potencia (hasta 2500 W en los modelos TS412 y TS415), modos DSP \u201cSpeaker Use\u201d para conseguir el mejor sonido en cualquier aplicaci\u00f3n, conectividad Bluetooth, y vinculaci\u00f3n y control a trav\u00e9s de la Alto App, totalmente gratuita.<\/p>\n<p>\u201c<em>Sin lugar a dudas, estos son los recintos TS que ofrecen el mejor sonido hasta la fecha,<\/em>\u201d afirma Nathan Butler de Alto Professional. \u201c<em>M\u00e1s potencia, un sonido a\u00fan m\u00e1s claro, y funcionalidad Bluetooth se suman a una serie que redefine el nivel de rendimiento y prestaciones que el cliente puede encontrar en este nivel de precio<\/em>.\u201d<\/p>\n<p><a href=\"https:\/\/distribution.audio-technica.eu\/es\/wp-content\/uploads\/sites\/2\/WP-TS412-Back-Detail.jpg\"><img loading=\"lazy\" decoding=\"async\" class=\"aligncenter wp-image-26829 size-fusion-800\" src=\"\/es\/wp-content\/uploads\/sites\/2\/WP-TS412-Back-Detail-800x500.jpg\" alt=\"\" width=\"800\" height=\"500\" srcset=\"https:\/\/distribution.audio-technica.eu\/app\/uploads\/sites\/2\/WP-TS412-Back-Detail-800x500.jpg 800w, https:\/\/distribution.audio-technica.eu\/app\/uploads\/sites\/2\/WP-TS412-Back-Detail-300x188.jpg 300w, https:\/\/distribution.audio-technica.eu\/app\/uploads\/sites\/2\/WP-TS412-Back-Detail-1024x640.jpg 1024w, https:\/\/distribution.audio-technica.eu\/app\/uploads\/sites\/2\/WP-TS412-Back-Detail-150x94.jpg 150w, https:\/\/distribution.audio-technica.eu\/app\/uploads\/sites\/2\/WP-TS412-Back-Detail-768x480.jpg 768w, https:\/\/distribution.audio-technica.eu\/app\/uploads\/sites\/2\/WP-TS412-Back-Detail-200x125.jpg 200w, https:\/\/distribution.audio-technica.eu\/app\/uploads\/sites\/2\/WP-TS412-Back-Detail-400x250.jpg 400w, https:\/\/distribution.audio-technica.eu\/app\/uploads\/sites\/2\/WP-TS412-Back-Detail-600x375.jpg 600w, https:\/\/distribution.audio-technica.eu\/app\/uploads\/sites\/2\/WP-TS412-Back-Detail-1200x750.jpg 1200w, https:\/\/distribution.audio-technica.eu\/app\/uploads\/sites\/2\/WP-TS412-Back-Detail.jpg 1500w\" sizes=\"auto, (max-width: 800px) 100vw, 800px\" \/><\/a><\/p>\n<p>Dise\u00f1ados para que puedan ser utilizados con toda facilidad por DJs, grupos o en locales, todos los modelos de la serie TS4 incorporan un mezclador integrado de 3 canales capaz de manejar micr\u00f3fonos, instrumentos o se\u00f1ales con nivel de l\u00ednea, sin necesidad de disponer de cualquier otro equipo o ajuste adicional.<\/p>\n<p>Resulta extremadamente sencillo realizar streaming directamente desde un ordenador port\u00e1til, tel\u00e9fono m\u00f3vil o tablet, ya que los recintos autoamplificados TS4 incorporan conectividad Bluetooth. Solo es necesario emparejar un dispositivo al recinto, con la ayuda de un control situado en el panel posterior, y el flujo de m\u00fasica se iniciar\u00e1 inmediatamente. La funci\u00f3n True Wireless Stereo garantiza que el sonido ser\u00e1 enviado a dos recintos TS4 en perfecto est\u00e9reo, sin necesidad de utilizar ning\u00fan cable.<\/p>\n<p><a href=\"https:\/\/distribution.audio-technica.eu\/es\/wp-content\/uploads\/sites\/2\/TS-App-EQ-Menu-1.png\"><img loading=\"lazy\" decoding=\"async\" class=\"aligncenter wp-image-26831 size-fusion-400\" src=\"\/es\/wp-content\/uploads\/sites\/2\/TS-App-EQ-Menu-1-400x866.png\" alt=\"\" width=\"400\" height=\"866\" srcset=\"https:\/\/distribution.audio-technica.eu\/app\/uploads\/sites\/2\/TS-App-EQ-Menu-1-400x866.png 400w, https:\/\/distribution.audio-technica.eu\/app\/uploads\/sites\/2\/TS-App-EQ-Menu-1-139x300.png 139w, https:\/\/distribution.audio-technica.eu\/app\/uploads\/sites\/2\/TS-App-EQ-Menu-1-473x1024.png 473w, https:\/\/distribution.audio-technica.eu\/app\/uploads\/sites\/2\/TS-App-EQ-Menu-1-69x150.png 69w, https:\/\/distribution.audio-technica.eu\/app\/uploads\/sites\/2\/TS-App-EQ-Menu-1-200x433.png 200w, https:\/\/distribution.audio-technica.eu\/app\/uploads\/sites\/2\/TS-App-EQ-Menu-1.png 591w\" sizes=\"auto, (max-width: 400px) 100vw, 400px\" \/><\/a><\/p>\n<p>A trav\u00e9s de la App Alto, tambi\u00e9n es posible acceder de forma remota a las funciones Bluetooth, as\u00ed como a tres modos \u2018Speaker Use\u2019, que permiten que el altavoz pueda ser optimizado para ofrecer el mejor sonido en cualquier entorno. Adem\u00e1s, la App permite el control remoto de los ajustes de EQ Personalizada, de forma que el usuario pueda afinar el sonido desde cualquier punto de escucha, lo cual garantiza un mayor nivel de control.<\/p>\n<p>Desde los transductores de alta calidad hasta los amplificadores Clase D sin ventilador, cada uno de los aspectos de la serie TS4 ha sido dise\u00f1ado para ofrecer la m\u00e1xima fiabilidad. Los recintos, en color negro, son ligeros y elegantes, y pueden ser utilizados en cualquier situaci\u00f3n: de forma independiente, como monitor tipo cu\u00f1a, montado en un m\u00e1stil o suspendido con la ayuda de los pintos de suspensi\u00f3n integrados. Tanto si se utiliza en eventos o actuaciones itinerantes como en instalaciones fijas, los altavoces TS4 ofr3ecen siempre el mejor sonido.<\/p>\n<p><a href=\"https:\/\/distribution.audio-technica.eu\/es\/wp-content\/uploads\/sites\/2\/WP-TS412-Wedge.jpg\"><img loading=\"lazy\" decoding=\"async\" class=\"aligncenter size-fusion-800 wp-image-26830\" src=\"\/es\/wp-content\/uploads\/sites\/2\/WP-TS412-Wedge-800x341.jpg\" alt=\"\" width=\"800\" height=\"341\" srcset=\"https:\/\/distribution.audio-technica.eu\/app\/uploads\/sites\/2\/WP-TS412-Wedge-800x341.jpg 800w, https:\/\/distribution.audio-technica.eu\/app\/uploads\/sites\/2\/WP-TS412-Wedge-300x128.jpg 300w, https:\/\/distribution.audio-technica.eu\/app\/uploads\/sites\/2\/WP-TS412-Wedge-1024x436.jpg 1024w, https:\/\/distribution.audio-technica.eu\/app\/uploads\/sites\/2\/WP-TS412-Wedge-150x64.jpg 150w, https:\/\/distribution.audio-technica.eu\/app\/uploads\/sites\/2\/WP-TS412-Wedge-768x327.jpg 768w, https:\/\/distribution.audio-technica.eu\/app\/uploads\/sites\/2\/WP-TS412-Wedge-940x400.jpg 940w, https:\/\/distribution.audio-technica.eu\/app\/uploads\/sites\/2\/WP-TS412-Wedge-200x85.jpg 200w, https:\/\/distribution.audio-technica.eu\/app\/uploads\/sites\/2\/WP-TS412-Wedge-400x170.jpg 400w, https:\/\/distribution.audio-technica.eu\/app\/uploads\/sites\/2\/WP-TS412-Wedge-600x256.jpg 600w, https:\/\/distribution.audio-technica.eu\/app\/uploads\/sites\/2\/WP-TS412-Wedge-1200x511.jpg 1200w, https:\/\/distribution.audio-technica.eu\/app\/uploads\/sites\/2\/WP-TS412-Wedge.jpg 1500w\" sizes=\"auto, (max-width: 800px) 100vw, 800px\" \/><\/a><\/p>\n<p>La gama incluye cuatro opciones: los modelos TS408 y TS410 que ofrecen 2000 W, y los modelos TS412 y TS415 que ofrecen 2500 W incorporando, respectivamente, altavoces de graves de 8, 10, 12 y 15 pulgadas, y unidades de agudos de 1,4\u201d.<\/p>\n<p>La App Alto est\u00e1 disponible como descarga gratuita para los sistemas operativos iOS y Android.<\/p>\n<p>&nbsp;<\/p>\n<p><strong>Caracter\u00edsticas principales:<\/strong><\/p>\n<ul>\n<li>2500W (TS412, TS415) \/ 2000W (TS408, TS410)<\/li>\n<li>Streaming de audio a trav\u00e9s de Bluetooth\u00ae directamente desde el dispositivo<\/li>\n<li>DSP integrado, con cuatro modos Speaker Use (incluido modo personalizado desde la App)<\/li>\n<li>Control inal\u00e1mbrico a trav\u00e9s de la App Alto (gratuita) para iOS y Android<\/li>\n<li>Enlace inal\u00e1mbrico est\u00e9reo real a trav\u00e9s de Bluetooth\u00ae<\/li>\n<li>Mezclador de 3 canales incorporado, con doble entrada combo XLR \u00bc\u201d, conmutadores micro \/ l\u00ednea y controles independientes de nivel<\/li>\n<li>Salida Mix a trav\u00e9s de XLR, controles Speaker Use, y Sub Size<\/li>\n<li>Recinto muy ligero, f\u00e1cil de transportar, ajustar e instalar<\/li>\n<li>Dise\u00f1o vers\u00e1til: puede montarse en un m\u00e1stil, como monitor tipo cu\u00f1a, en soportes o suspendido, gracias a la presencia de puntos de suspensi\u00f3n<\/li>\n<li>Potentes y eficientes amplificadores Clase D, con refrigeraci\u00f3n sin ventilador, para un funcionamiento m\u00e1s limpio y silencioso, y mayor fiabilidad a largo plazo<\/li>\n<li>Dise\u00f1ados y ajustados en USA<\/li>\n<\/ul>\n<p>&nbsp;<\/p>\n<p>La nueva Serie TS4 ya est\u00e1 disponible en Espa\u00f1a para su entrega inmediata y sus precios PVPR (IVA no incluido) son:<\/p>\n<ul>\n<li>TS408: 388 \u20ac<\/li>\n<li>TS410: 462 \u20ac<\/li>\n<li>TS412: 512 \u20ac<\/li>\n<li>TS415: 553 \u20ac<\/li>\n<\/ul>\n<p>&nbsp;<\/p>\n<p>Para m\u00e1s informaci\u00f3n, visite <a href=\"https:\/\/bit.ly\/altots4\">https:\/\/bit.ly\/altots4<\/a><\/p>\n<p>&nbsp;<\/p>\n<p>[fusion_youtube id=\u00bbz2ZczzB7WgY\u00bb alignment=\u00bb\u00bb width=\u00bb800&#8243; height=\u00bb\u00bb autoplay=\u00bbfalse\u00bb api_params=\u00bb\u00bb hide_on_mobile=\u00bbsmall-visibility,medium-visibility,large-visibility\u00bb class=\u00bb\u00bb css_id=\u00bb\u00bb][\/fusion_youtube]<\/p>\n","protected":false},"excerpt":{"rendered":"<p>Los recintos autoamplificados de la nueva serie TS4 ofrecen el mejor sonido hasta la fecha, con m\u00e1s potencia y claridad, adem\u00e1s de streaming a trav\u00e9s de Bluetooth, vinculaci\u00f3n de varias unidades y funciones de control desde una nueva App. Alto Professional, la firma l\u00edder mundial en innovaci\u00f3n de productos destinados a la sonorizaci\u00f3n en directo, [&hellip;]<\/p>\n","protected":false},"author":2,"featured_media":26826,"comment_status":"closed","ping_status":"closed","sticky":false,"template":"","format":"standard","meta":{"_acf_changed":false,"footnotes":""},"categories":[2456],"tags":[2211,2074,2345],"class_list":["post-26832","post","type-post","status-publish","format-standard","has-post-thumbnail","hentry","category-novedades","tag-musicos","tag-pa","tag-recintos-autoamplificados"],"acf":[],"yoast_head":"<!-- This site is optimized with the Yoast SEO plugin v27.1.1 - https:\/\/yoast.com\/product\/yoast-seo-wordpress\/ -->\n<title>Nueva Serie TS4 de Alto Professional, con m\u00e1s potencia, un sonido m\u00e1s claro y nuevas funciones - Audio-Technica Iberia<\/title>\n<meta name=\"robots\" content=\"index, follow, max-snippet:-1, max-image-preview:large, max-video-preview:-1\" \/>\n<link rel=\"canonical\" href=\"https:\/\/distribution.audio-technica.eu\/es-es\/noticias\/nueva-serie-ts4-de-alto-professional-con-mas-potencia-un-sonido-mas-claro-y-nuevas-funciones\/\" \/>\n<meta property=\"og:locale\" content=\"es_ES\" \/>\n<meta property=\"og:type\" content=\"article\" \/>\n<meta property=\"og:title\" content=\"Nueva Serie TS4 de Alto Professional, con m\u00e1s potencia, un sonido m\u00e1s claro y nuevas funciones - Audio-Technica Iberia\" \/>\n<meta property=\"og:description\" content=\"Los recintos autoamplificados de la nueva serie TS4 ofrecen el mejor sonido hasta la fecha, con m\u00e1s potencia y claridad, adem\u00e1s de streaming a trav\u00e9s de Bluetooth, vinculaci\u00f3n de varias unidades y funciones de control desde una nueva App. Alto Professional, la firma l\u00edder mundial en innovaci\u00f3n de productos destinados a la sonorizaci\u00f3n en directo, [&hellip;]\" \/>\n<meta property=\"og:url\" content=\"https:\/\/distribution.audio-technica.eu\/es-es\/noticias\/nueva-serie-ts4-de-alto-professional-con-mas-potencia-un-sonido-mas-claro-y-nuevas-funciones\/\" \/>\n<meta property=\"og:site_name\" content=\"Audio-Technica Iberia\" \/>\n<meta property=\"article:published_time\" content=\"2022-09-01T14:13:40+00:00\" \/>\n<meta property=\"article:modified_time\" content=\"2023-07-30T11:09:10+00:00\" \/>\n<meta property=\"og:image\" content=\"https:\/\/distribution.audio-technica.eu\/app\/uploads\/sites\/2\/WP-Alto-TS4-banner.jpg\" \/>\n\t<meta property=\"og:image:width\" content=\"640\" \/>\n\t<meta property=\"og:image:height\" content=\"360\" \/>\n\t<meta property=\"og:image:type\" content=\"image\/jpeg\" \/>\n<meta name=\"author\" content=\"ctorras\" \/>\n<meta name=\"twitter:card\" content=\"summary_large_image\" \/>\n<meta name=\"twitter:label1\" content=\"Escrito por\" \/>\n\t<meta name=\"twitter:data1\" content=\"ctorras\" \/>\n\t<meta name=\"twitter:label2\" content=\"Tiempo de lectura\" \/>\n\t<meta name=\"twitter:data2\" content=\"4 minutos\" \/>\n<script type=\"application\/ld+json\" class=\"yoast-schema-graph\">{\"@context\":\"https:\/\/schema.org\",\"@graph\":[{\"@type\":\"Article\",\"@id\":\"https:\/\/distribution.audio-technica.eu\/es-es\/noticias\/nueva-serie-ts4-de-alto-professional-con-mas-potencia-un-sonido-mas-claro-y-nuevas-funciones\/#article\",\"isPartOf\":{\"@id\":\"https:\/\/distribution.audio-technica.eu\/es-es\/noticias\/nueva-serie-ts4-de-alto-professional-con-mas-potencia-un-sonido-mas-claro-y-nuevas-funciones\/\"},\"author\":{\"name\":\"ctorras\",\"@id\":\"https:\/\/distribution.audio-technica.eu\/es-es\/#\/schema\/person\/dbf0d33217ceab6329b4c3144742f2fb\"},\"headline\":\"Nueva Serie TS4 de Alto Professional, con m\u00e1s potencia, un sonido m\u00e1s claro y nuevas funciones\",\"datePublished\":\"2022-09-01T14:13:40+00:00\",\"dateModified\":\"2023-07-30T11:09:10+00:00\",\"mainEntityOfPage\":{\"@id\":\"https:\/\/distribution.audio-technica.eu\/es-es\/noticias\/nueva-serie-ts4-de-alto-professional-con-mas-potencia-un-sonido-mas-claro-y-nuevas-funciones\/\"},\"wordCount\":800,\"image\":{\"@id\":\"https:\/\/distribution.audio-technica.eu\/es-es\/noticias\/nueva-serie-ts4-de-alto-professional-con-mas-potencia-un-sonido-mas-claro-y-nuevas-funciones\/#primaryimage\"},\"thumbnailUrl\":\"\/app\/uploads\/sites\/2\/WP-Alto-TS4-banner.jpg\",\"keywords\":[\"M\u00fasicos\",\"PA\",\"Recintos Autoamplificados\"],\"articleSection\":[\"Novedades\"],\"inLanguage\":\"es\"},{\"@type\":\"WebPage\",\"@id\":\"https:\/\/distribution.audio-technica.eu\/es-es\/noticias\/nueva-serie-ts4-de-alto-professional-con-mas-potencia-un-sonido-mas-claro-y-nuevas-funciones\/\",\"url\":\"https:\/\/distribution.audio-technica.eu\/es-es\/noticias\/nueva-serie-ts4-de-alto-professional-con-mas-potencia-un-sonido-mas-claro-y-nuevas-funciones\/\",\"name\":\"Nueva Serie TS4 de Alto Professional, con m\u00e1s potencia, un sonido m\u00e1s claro y nuevas funciones - Audio-Technica Iberia\",\"isPartOf\":{\"@id\":\"https:\/\/distribution.audio-technica.eu\/es-es\/#website\"},\"primaryImageOfPage\":{\"@id\":\"https:\/\/distribution.audio-technica.eu\/es-es\/noticias\/nueva-serie-ts4-de-alto-professional-con-mas-potencia-un-sonido-mas-claro-y-nuevas-funciones\/#primaryimage\"},\"image\":{\"@id\":\"https:\/\/distribution.audio-technica.eu\/es-es\/noticias\/nueva-serie-ts4-de-alto-professional-con-mas-potencia-un-sonido-mas-claro-y-nuevas-funciones\/#primaryimage\"},\"thumbnailUrl\":\"\/app\/uploads\/sites\/2\/WP-Alto-TS4-banner.jpg\",\"datePublished\":\"2022-09-01T14:13:40+00:00\",\"dateModified\":\"2023-07-30T11:09:10+00:00\",\"author\":{\"@id\":\"https:\/\/distribution.audio-technica.eu\/es-es\/#\/schema\/person\/dbf0d33217ceab6329b4c3144742f2fb\"},\"breadcrumb\":{\"@id\":\"https:\/\/distribution.audio-technica.eu\/es-es\/noticias\/nueva-serie-ts4-de-alto-professional-con-mas-potencia-un-sonido-mas-claro-y-nuevas-funciones\/#breadcrumb\"},\"inLanguage\":\"es\",\"potentialAction\":[{\"@type\":\"ReadAction\",\"target\":[\"https:\/\/distribution.audio-technica.eu\/es-es\/noticias\/nueva-serie-ts4-de-alto-professional-con-mas-potencia-un-sonido-mas-claro-y-nuevas-funciones\/\"]}]},{\"@type\":\"ImageObject\",\"inLanguage\":\"es\",\"@id\":\"https:\/\/distribution.audio-technica.eu\/es-es\/noticias\/nueva-serie-ts4-de-alto-professional-con-mas-potencia-un-sonido-mas-claro-y-nuevas-funciones\/#primaryimage\",\"url\":\"\/app\/uploads\/sites\/2\/WP-Alto-TS4-banner.jpg\",\"contentUrl\":\"\/app\/uploads\/sites\/2\/WP-Alto-TS4-banner.jpg\",\"width\":640,\"height\":360},{\"@type\":\"BreadcrumbList\",\"@id\":\"https:\/\/distribution.audio-technica.eu\/es-es\/noticias\/nueva-serie-ts4-de-alto-professional-con-mas-potencia-un-sonido-mas-claro-y-nuevas-funciones\/#breadcrumb\",\"itemListElement\":[{\"@type\":\"ListItem\",\"position\":1,\"name\":\"Products\",\"item\":\"https:\/\/distribution.audio-technica.eu\/es-es\/\"},{\"@type\":\"ListItem\",\"position\":2,\"name\":\"Nueva Serie TS4 de Alto Professional, con m\u00e1s potencia, un sonido m\u00e1s claro y nuevas funciones\"}]},{\"@type\":\"WebSite\",\"@id\":\"https:\/\/distribution.audio-technica.eu\/es-es\/#website\",\"url\":\"https:\/\/distribution.audio-technica.eu\/es-es\/\",\"name\":\"Audio-Technica Iberia\",\"description\":\"Distribuci\u00f3n\",\"potentialAction\":[{\"@type\":\"SearchAction\",\"target\":{\"@type\":\"EntryPoint\",\"urlTemplate\":\"https:\/\/distribution.audio-technica.eu\/es-es\/?s={search_term_string}\"},\"query-input\":{\"@type\":\"PropertyValueSpecification\",\"valueRequired\":true,\"valueName\":\"search_term_string\"}}],\"inLanguage\":\"es\"},{\"@type\":\"Person\",\"@id\":\"https:\/\/distribution.audio-technica.eu\/es-es\/#\/schema\/person\/dbf0d33217ceab6329b4c3144742f2fb\",\"name\":\"ctorras\"}]}<\/script>\n<!-- \/ Yoast SEO plugin. -->","yoast_head_json":{"title":"Nueva Serie TS4 de Alto Professional, con m\u00e1s potencia, un sonido m\u00e1s claro y nuevas funciones - Audio-Technica Iberia","robots":{"index":"index","follow":"follow","max-snippet":"max-snippet:-1","max-image-preview":"max-image-preview:large","max-video-preview":"max-video-preview:-1"},"canonical":"https:\/\/distribution.audio-technica.eu\/es-es\/noticias\/nueva-serie-ts4-de-alto-professional-con-mas-potencia-un-sonido-mas-claro-y-nuevas-funciones\/","og_locale":"es_ES","og_type":"article","og_title":"Nueva Serie TS4 de Alto Professional, con m\u00e1s potencia, un sonido m\u00e1s claro y nuevas funciones - Audio-Technica Iberia","og_description":"Los recintos autoamplificados de la nueva serie TS4 ofrecen el mejor sonido hasta la fecha, con m\u00e1s potencia y claridad, adem\u00e1s de streaming a trav\u00e9s de Bluetooth, vinculaci\u00f3n de varias unidades y funciones de control desde una nueva App. Alto Professional, la firma l\u00edder mundial en innovaci\u00f3n de productos destinados a la sonorizaci\u00f3n en directo, [&hellip;]","og_url":"https:\/\/distribution.audio-technica.eu\/es-es\/noticias\/nueva-serie-ts4-de-alto-professional-con-mas-potencia-un-sonido-mas-claro-y-nuevas-funciones\/","og_site_name":"Audio-Technica Iberia","article_published_time":"2022-09-01T14:13:40+00:00","article_modified_time":"2023-07-30T11:09:10+00:00","og_image":[{"width":640,"height":360,"url":"https:\/\/distribution.audio-technica.eu\/app\/uploads\/sites\/2\/WP-Alto-TS4-banner.jpg","type":"image\/jpeg"}],"author":"ctorras","twitter_card":"summary_large_image","twitter_misc":{"Escrito por":"ctorras","Tiempo de lectura":"4 minutos"},"schema":{"@context":"https:\/\/schema.org","@graph":[{"@type":"Article","@id":"https:\/\/distribution.audio-technica.eu\/es-es\/noticias\/nueva-serie-ts4-de-alto-professional-con-mas-potencia-un-sonido-mas-claro-y-nuevas-funciones\/#article","isPartOf":{"@id":"https:\/\/distribution.audio-technica.eu\/es-es\/noticias\/nueva-serie-ts4-de-alto-professional-con-mas-potencia-un-sonido-mas-claro-y-nuevas-funciones\/"},"author":{"name":"ctorras","@id":"https:\/\/distribution.audio-technica.eu\/es-es\/#\/schema\/person\/dbf0d33217ceab6329b4c3144742f2fb"},"headline":"Nueva Serie TS4 de Alto Professional, con m\u00e1s potencia, un sonido m\u00e1s claro y nuevas funciones","datePublished":"2022-09-01T14:13:40+00:00","dateModified":"2023-07-30T11:09:10+00:00","mainEntityOfPage":{"@id":"https:\/\/distribution.audio-technica.eu\/es-es\/noticias\/nueva-serie-ts4-de-alto-professional-con-mas-potencia-un-sonido-mas-claro-y-nuevas-funciones\/"},"wordCount":800,"image":{"@id":"https:\/\/distribution.audio-technica.eu\/es-es\/noticias\/nueva-serie-ts4-de-alto-professional-con-mas-potencia-un-sonido-mas-claro-y-nuevas-funciones\/#primaryimage"},"thumbnailUrl":"\/app\/uploads\/sites\/2\/WP-Alto-TS4-banner.jpg","keywords":["M\u00fasicos","PA","Recintos Autoamplificados"],"articleSection":["Novedades"],"inLanguage":"es"},{"@type":"WebPage","@id":"https:\/\/distribution.audio-technica.eu\/es-es\/noticias\/nueva-serie-ts4-de-alto-professional-con-mas-potencia-un-sonido-mas-claro-y-nuevas-funciones\/","url":"https:\/\/distribution.audio-technica.eu\/es-es\/noticias\/nueva-serie-ts4-de-alto-professional-con-mas-potencia-un-sonido-mas-claro-y-nuevas-funciones\/","name":"Nueva Serie TS4 de Alto Professional, con m\u00e1s potencia, un sonido m\u00e1s claro y nuevas funciones - Audio-Technica Iberia","isPartOf":{"@id":"https:\/\/distribution.audio-technica.eu\/es-es\/#website"},"primaryImageOfPage":{"@id":"https:\/\/distribution.audio-technica.eu\/es-es\/noticias\/nueva-serie-ts4-de-alto-professional-con-mas-potencia-un-sonido-mas-claro-y-nuevas-funciones\/#primaryimage"},"image":{"@id":"https:\/\/distribution.audio-technica.eu\/es-es\/noticias\/nueva-serie-ts4-de-alto-professional-con-mas-potencia-un-sonido-mas-claro-y-nuevas-funciones\/#primaryimage"},"thumbnailUrl":"\/app\/uploads\/sites\/2\/WP-Alto-TS4-banner.jpg","datePublished":"2022-09-01T14:13:40+00:00","dateModified":"2023-07-30T11:09:10+00:00","author":{"@id":"https:\/\/distribution.audio-technica.eu\/es-es\/#\/schema\/person\/dbf0d33217ceab6329b4c3144742f2fb"},"breadcrumb":{"@id":"https:\/\/distribution.audio-technica.eu\/es-es\/noticias\/nueva-serie-ts4-de-alto-professional-con-mas-potencia-un-sonido-mas-claro-y-nuevas-funciones\/#breadcrumb"},"inLanguage":"es","potentialAction":[{"@type":"ReadAction","target":["https:\/\/distribution.audio-technica.eu\/es-es\/noticias\/nueva-serie-ts4-de-alto-professional-con-mas-potencia-un-sonido-mas-claro-y-nuevas-funciones\/"]}]},{"@type":"ImageObject","inLanguage":"es","@id":"https:\/\/distribution.audio-technica.eu\/es-es\/noticias\/nueva-serie-ts4-de-alto-professional-con-mas-potencia-un-sonido-mas-claro-y-nuevas-funciones\/#primaryimage","url":"\/app\/uploads\/sites\/2\/WP-Alto-TS4-banner.jpg","contentUrl":"\/app\/uploads\/sites\/2\/WP-Alto-TS4-banner.jpg","width":640,"height":360},{"@type":"BreadcrumbList","@id":"https:\/\/distribution.audio-technica.eu\/es-es\/noticias\/nueva-serie-ts4-de-alto-professional-con-mas-potencia-un-sonido-mas-claro-y-nuevas-funciones\/#breadcrumb","itemListElement":[{"@type":"ListItem","position":1,"name":"Products","item":"https:\/\/distribution.audio-technica.eu\/es-es\/"},{"@type":"ListItem","position":2,"name":"Nueva Serie TS4 de Alto Professional, con m\u00e1s potencia, un sonido m\u00e1s claro y nuevas funciones"}]},{"@type":"WebSite","@id":"https:\/\/distribution.audio-technica.eu\/es-es\/#website","url":"https:\/\/distribution.audio-technica.eu\/es-es\/","name":"Audio-Technica Iberia","description":"Distribuci\u00f3n","potentialAction":[{"@type":"SearchAction","target":{"@type":"EntryPoint","urlTemplate":"https:\/\/distribution.audio-technica.eu\/es-es\/?s={search_term_string}"},"query-input":{"@type":"PropertyValueSpecification","valueRequired":true,"valueName":"search_term_string"}}],"inLanguage":"es"},{"@type":"Person","@id":"https:\/\/distribution.audio-technica.eu\/es-es\/#\/schema\/person\/dbf0d33217ceab6329b4c3144742f2fb","name":"ctorras"}]}},"_links":{"self":[{"href":"https:\/\/distribution.audio-technica.eu\/es-es\/wp-json\/wp\/v2\/posts\/26832","targetHints":{"allow":["GET"]}}],"collection":[{"href":"https:\/\/distribution.audio-technica.eu\/es-es\/wp-json\/wp\/v2\/posts"}],"about":[{"href":"https:\/\/distribution.audio-technica.eu\/es-es\/wp-json\/wp\/v2\/types\/post"}],"author":[{"embeddable":true,"href":"https:\/\/distribution.audio-technica.eu\/es-es\/wp-json\/wp\/v2\/users\/2"}],"replies":[{"embeddable":true,"href":"https:\/\/distribution.audio-technica.eu\/es-es\/wp-json\/wp\/v2\/comments?post=26832"}],"version-history":[{"count":2,"href":"https:\/\/distribution.audio-technica.eu\/es-es\/wp-json\/wp\/v2\/posts\/26832\/revisions"}],"predecessor-version":[{"id":26834,"href":"https:\/\/distribution.audio-technica.eu\/es-es\/wp-json\/wp\/v2\/posts\/26832\/revisions\/26834"}],"wp:featuredmedia":[{"embeddable":true,"href":"https:\/\/distribution.audio-technica.eu\/es-es\/wp-json\/wp\/v2\/media\/26826"}],"wp:attachment":[{"href":"https:\/\/distribution.audio-technica.eu\/es-es\/wp-json\/wp\/v2\/media?parent=26832"}],"wp:term":[{"taxonomy":"category","embeddable":true,"href":"https:\/\/distribution.audio-technica.eu\/es-es\/wp-json\/wp\/v2\/categories?post=26832"},{"taxonomy":"post_tag","embeddable":true,"href":"https:\/\/distribution.audio-technica.eu\/es-es\/wp-json\/wp\/v2\/tags?post=26832"}],"curies":[{"name":"wp","href":"https:\/\/api.w.org\/{rel}","templated":true}]}}