{"id":27599,"date":"2022-11-01T15:25:40","date_gmt":"2022-11-01T14:25:40","guid":{"rendered":"https:\/\/atdb-production.studiograft.dev\/es-es\/noticias\/cinco-nuevos-productos-de-edicion-limitada-para-celebrar-el-60-aniversario-de-audio-technica\/"},"modified":"2023-10-17T18:01:25","modified_gmt":"2023-10-17T16:01:25","slug":"cinco-nuevos-productos-de-edicion-limitada-para-celebrar-el-60-aniversario-de-audio-technica","status":"publish","type":"post","link":"https:\/\/distribution.audio-technica.eu\/es-es\/noticias\/cinco-nuevos-productos-de-edicion-limitada-para-celebrar-el-60-aniversario-de-audio-technica\/","title":{"rendered":"Cinco nuevos productos de edici\u00f3n limitada para celebrar el 60 aniversario de Audio-Technica"},"content":{"rendered":"<h2><a href=\"\/app\/uploads\/sites\/2\/60th-web-inner-banner-1.jpg\"><img loading=\"lazy\" decoding=\"async\" class=\"aligncenter size-fusion-800 wp-image-27094\" src=\"\/app\/uploads\/sites\/2\/60th-web-inner-banner-1.jpg\" alt=\"\" width=\"800\" height=\"400\" \/><\/a><\/h2>\n<p>Para celebrar nuestro aniversario, estamos orgullosos de presentar una nueva colecci\u00f3n de productos que reflejan nuestro compromiso con el audio anal\u00f3gico. Con una calidad de audio en la m\u00e1s alta fidelidad y fabricados a mano en cantidades extremadamente limitadas, estos productos contin\u00faan nuestra tradici\u00f3n de honrar el pasado al tiempo que persiguen una pureza de sonido siempre cambiante.<\/p>\n<p><strong>El presidente de Audio-Technica, Kazuo Matsushita<\/strong>, ha se\u00f1alado: <em>\u201cEs un honor ofrecer una experiencia de audio de calidad a millones de personas en todo el mundo. \u00a0Lo que comienza como una simple vibraci\u00f3n -un movimiento sutil- da lugar a una conexi\u00f3n emocional, ya sea al escuchar profundamente un disco o al compartir su voz con el mundo\u00bb.<\/em><\/p>\n<p>&nbsp;<\/p>\n<hr \/>\n<h4><a href=\"\/app\/uploads\/sites\/2\/AT-MC2022-1.jpg\"><img loading=\"lazy\" decoding=\"async\" class=\"aligncenter size-fusion-800 wp-image-27097\" src=\"\/app\/uploads\/sites\/2\/AT-MC2022-1.jpg\" alt=\"\" width=\"800\" height=\"396\" \/><\/a><\/h4>\n<h4>AT-MC2022, c\u00e1psula est\u00e9reo de doble bobina m\u00f3vil de edici\u00f3n limitada<\/h4>\n<p>Audio-Technica, l\u00edder global en tecnolog\u00eda de audio profesional y de uso personal, presenta la c\u00e1psula est\u00e9reo de doble bobina m\u00f3vil AT-MC2022, de edici\u00f3n limitada, para celebrar su 60 aniversario.<\/p>\n<p>Fruto de los 60 a\u00f1os de investigaci\u00f3n, desarrollo y experiencia de Audio-Technica en materia de c\u00e1psulas, la nueva AT-MC2022 ofrece una tecnolog\u00eda de vanguardia para los aficionados al audio anal\u00f3gico. La innovadora c\u00e1psula de bobina m\u00f3vil produce un sonido n\u00edtido y vibrante que permite a los usuarios escuchar y sentir cada detalle del audio y utiliza una aguja-cantilever unificada, formada por un \u00fanico diamante cultivado en laboratorio. Esta construcci\u00f3n \u00fanica elimina la distorsi\u00f3n causada por la uni\u00f3n convencional de la aguja con el cantilever, lo que permite una transmisi\u00f3n m\u00e1s pura de la vibraci\u00f3n desde el surco del disco a las bobinas.<\/p>\n<p>Yosuke Koizumi, ingeniero de c\u00e1psulas de Audio-Technica, ha dicho: <em>\u00abUna de las caracter\u00edsticas sonoras m\u00e1s destacadas de la AT-MC2022 es su r\u00e1pida respuesta transitoria gracias a la propagaci\u00f3n de la vibraci\u00f3n del cantilever de diamante. El perfil de sonido est\u00e1 perfectamente posicionado entre dos altavoces, proporcionando una reproducci\u00f3n de audio clara para los oyentes m\u00e1s exigentes y conect\u00e1ndoles en mayor profundidad con sus \u00e1lbumes favoritos.\u00bb\u00a0 <\/em><\/p>\n<p>Adem\u00e1s, la AT-MC2022 adopta el circuito magn\u00e9tico de alta eficiencia desarrollado originalmente para la recientemente presentada AT-ART20, con lo que se obtiene una mayor densidad de flujo magn\u00e9tico y tensi\u00f3n de salida. Los orificios de montaje roscados permiten una f\u00e1cil instalaci\u00f3n en un cabezal o un brazo integrado, y las clavijas de los terminales de alta calidad (con un chapado en oro aproximadamente 30 veces m\u00e1s grueso que el convencional) reducen la resistencia al contacto.<\/p>\n<ul>\n<li>La aguja y el cantilever de 0,22 mm integrados, formados a partir de un \u00fanico diamante cultivado en laboratorio, eliminan la distorsi\u00f3n causada por la uni\u00f3n convencional para una transmisi\u00f3n de se\u00f1al pura y una r\u00e1pida respuesta transitoria<\/li>\n<li>El cantilever de diamante integrado se cultiva en laboratorio mediante un proceso de CVD (deposici\u00f3n qu\u00edmica de vapor)<\/li>\n<li>El cuerpo est\u00e1 hecho de titanio y aluminio, con una cubierta de elast\u00f3mero para reducir la resonancia no deseada<\/li>\n<li>Utiliza el mismo circuito magn\u00e9tico que la recientemente lanzada AT-ART20 para una generaci\u00f3n de energ\u00eda altamente eficiente, una mayor tensi\u00f3n de salida y una reproducci\u00f3n de sonido realista<\/li>\n<li>Las clavijas de los terminales de alta calidad reducen la resistencia de los contactos, gracias al chapado en oro que es aproximadamente 30 veces m\u00e1s grueso que el convencional<\/li>\n<li>Los detalles negros del cuerpo del cartucho est\u00e1n inspirados en el esmaltado shippo tradicional (cloisonn\u00e9 japon\u00e9s)<\/li>\n<li>Los orificios roscados para el montaje del cartucho permiten una f\u00e1cil instalaci\u00f3n en un cabezal o en un brazo integrado<\/li>\n<li>El modelo viene con un estuche de nogal especialmente dise\u00f1ado, con una abertura acr\u00edlica con el logotipo del 60\u00ba aniversario y el n\u00famero de serie grabados con l\u00e1ser. Adem\u00e1s, el embalaje utiliza el tradicional papel japon\u00e9s Echizen Washi<\/li>\n<li>El chapado en iones realizado a mano consigue tanto una gran durabilidad como un impresionante acabado de espejo<\/li>\n<\/ul>\n<p><strong>\u00a0<\/strong>La c\u00e1psula Audio-Technica AT-MC2022 estar\u00e1 disponible para su compra este invierno, con un PVPR de 10.000 euros. Solo habr\u00e1 60 disponibles en todo el mundo y estar\u00e1n numeradas del 1 al 60. <a href=\"https:\/\/www.audio-technica.com\/es-es\/at-mc2022\" target=\"_blank\" rel=\"noopener\">M\u00e1s informaci\u00f3n&#8230;<\/a><\/p>\n<p>&nbsp;<\/p>\n<hr \/>\n<h4><a href=\"\/app\/uploads\/sites\/2\/ATH-W2022-1.jpg\"><img loading=\"lazy\" decoding=\"async\" class=\"aligncenter size-fusion-800 wp-image-27099\" src=\"\/app\/uploads\/sites\/2\/ATH-W2022-1.jpg\" alt=\"\" width=\"800\" height=\"533\" \/><\/a><\/h4>\n<h4 class=\"c-lifestyle-banner__title\">AT-W2022, auriculares din\u00e1micos cerrados de madera de edici\u00f3n limitada<\/h4>\n<div class=\"c-lifestyle-banner__text s-cms-content\">\n<p>Audio-Technica<b> <\/b>presenta los nuevos auriculares din\u00e1micos cerrados de madera ATH-W2022 para celebrar su 60 aniversario y 25 a\u00f1os de artesan\u00eda en auriculares de madera.<\/p>\n<p>Haciendo honor al duradero compromiso de la marca con el audio anal\u00f3gico, los ATH-W2022 se fabrican \u00edntegramente en Jap\u00f3n, y combinan la innovaci\u00f3n tecnol\u00f3gica con el arte tradicional para crear un modelo atemporal de refinada elegancia. Utilizando la t\u00e9cnica japonesa de lacado maki-e, la carcasa de los auriculares incorpora unas Sakura (flores de cerezo) y un f\u00e9nix hou-ou pintados a mano, con n\u00e1car a los lados izquierdo y derecho respectivamente.<\/p>\n<p>Dentro de las exquisitas carcasas se encuentran los transductores de 58 mm integrados en el auricular, especialmente desarrollados y optimizados para este nuevo modelo. Adem\u00e1s, el diafragma est\u00e1 compuesto por una c\u00fapula central de titanio puro prensada, con un grosor de 0,03 mm, que hace hincapi\u00e9 en la reproducci\u00f3n de audio de rango medio-alto con una excelente respuesta de alta frecuencia.<\/p>\n<ul>\n<li>Incluyen un estuche de madera conmemorativo del 60\u00ba aniversario, con una tapa de cipr\u00e9s de Kiso para complementar el estilo irimoya de los auriculares<\/li>\n<li>Carcasas fabricadas con Mizume (abedul japon\u00e9s) y acabadas con la tradicional laca urushi para ofrecer una calidad de sonoridad pura con una reverberaci\u00f3n natural<\/li>\n<li>Los dise\u00f1os de la Sakura (flor de cerezo) y el f\u00e9nix hou-ou est\u00e1n pintados a mano en las carcasas utilizando la t\u00e9cnica japonesa de lacado maki-e.<\/li>\n<li>Transductores de 58 mm integrados en el auricular especialmente desarrollados para este modelo y optimizados para auriculares cerrados, que ofrece una respuesta incre\u00edblemente r\u00e1pida a la se\u00f1al de entrada.<\/li>\n<li>La innovadora Core Mount Technology, adoptada del ATH-ADX5000, coloca la unidad del transductor en una posici\u00f3n \u00f3ptima para mejorar el flujo de aire y una excelente reproducci\u00f3n de audio de rango completo<\/li>\n<li>El nuevo dise\u00f1o del circuito magn\u00e9tico incorpora un polo y un yugo estructurados a partir de placas de hierro puro laminado para reducir la fuerza electromotriz posterior (EFM posterior)<\/li>\n<li>La c\u00fapula central del diafragma est\u00e1 hecha de titanio puro de 0,03 mm de grosor para una reproducci\u00f3n excepcional de rango medio-alto con excelentes caracter\u00edsticas de alta frecuencia<\/li>\n<li>Las almohadillas y la diadema est\u00e1n hechas de piel de ciervo para una mayor durabilidad y comodidad<\/li>\n<li>Incluye dos cables desmontables de 3,0 m forrados en tela (con conectores A2DC en los auriculares) fabricados en D.U.C.C. (Cobre Ultra Cristalizado de 7N): uno con clavija est\u00e9reo chapada en oro de 6,3 mm y el otro con conector balanceado XLRM de 4 patillas<\/li>\n<\/ul>\n<p>Los auriculares Audio-Technica ATH-W2022 estar\u00e1n disponibles para su compra este invierno con un PVPR de 10.000 \u20ac. Solo habr\u00e1 100 unidades disponibles en todo el mundo y estar\u00e1n numeradas del 1 al 100. <a href=\"https:\/\/www.audio-technica.com\/es-es\/ath-w2022\" target=\"_blank\" rel=\"noopener\">M\u00e1s informaci\u00f3n&#8230;<\/a><\/p>\n<\/div>\n<p>&nbsp;<\/p>\n<hr \/>\n<h4><a href=\"\/app\/uploads\/sites\/2\/AT-LP2022-1.jpg\"><img loading=\"lazy\" decoding=\"async\" class=\"aligncenter size-fusion-800 wp-image-27096\" src=\"\/app\/uploads\/sites\/2\/AT-LP2022-1.jpg\" alt=\"\" width=\"800\" height=\"306\" \/><\/a><\/h4>\n<h4>AT-LP2022, giradiscos de tracci\u00f3n por correa de edici\u00f3n limitada<\/h4>\n<p>Para celebrar sus 60 a\u00f1os ofreciendo productos de audio de alta calidad al mundo, Audio-Technica ha presentado el elegante giradiscos AT-LP2022. Con s\u00f3lo 3.000 unidades disponibles en todo el mundo, el LP2022 es una pieza de coleccionista para los amantes del audio y la aguja Shibata de edici\u00f3n limitada que acompa\u00f1a a cada giradiscos asegura que ser\u00e1 una pieza de valor en la colecci\u00f3n de cualquier audi\u00f3filo.<\/p>\n<p>Un elegante chasis acr\u00edlico transparente de 30 mm de grosor reduce la resonancia y deja a la vista el motor de tracci\u00f3n por correa, resaltando el sonido anal\u00f3gico del giradiscos. Como modelo de gama alta, el AT-LP2022 dispone de una salida de nivel de fono puro que puede conectarse a una entrada de fono o a un preamplificador de fono dedicado.<\/p>\n<p>El motor interno, visible a trav\u00e9s del llamativo acr\u00edlico, est\u00e1 controlado por un sensor que hace que el LP2022 mantenga una velocidad de rotaci\u00f3n precisa y constante de 33-1\/3 o 45 rpm. En combinaci\u00f3n con unos pies ajustables en altura y de gran aislamiento, constituye la plataforma ideal para tus \u00e1lbumes favoritos.<\/p>\n<p>Fruto de 60 a\u00f1os de desarrollo de c\u00e1psulas fono, la aguja Shibata de cuerpo claro instalada en la c\u00e1psula AT-VM95 puede captar frecuencias ultra altas que permiten descubrir un sonido sin precedentes. Adem\u00e1s, el VTA (\u00e1ngulo de seguimiento vertical) ajustable y el control din\u00e1mico anti-skate en el brazo de fibra de carbono garantizan que el giradiscos pueda utilizarse con c\u00e1psulas alternativas de distintas alturas y pesos.<\/p>\n<ul>\n<li>Giradiscos de edici\u00f3n limitada para celebrar el 60.\u00ba aniversario de Audio-Technica<\/li>\n<li>S\u00f3lo se pondr\u00e1n a la venta 3.000 unidades del AT-LP2022<\/li>\n<li>Cada AT-LP2022 tiene un n\u00famero de serie \u00fanico<\/li>\n<li>Incluye una aguja el\u00edptica de 0,3 x 0,7 mil, adem\u00e1s de una aguja Shibata de cuerpo transparente de edici\u00f3n limitada<\/li>\n<li>Funcionamiento totalmente manual, con tracci\u00f3n por correa y dos velocidades: 33-1\/3 y 45\u00a0rpm<\/li>\n<li>El motor est\u00e1 equipado con un sistema de control de velocidad para mantener constante la velocidad de rotaci\u00f3n del plato con gran precisi\u00f3n<\/li>\n<li>Brazo de fibra de carbono con elevador de brazo y base de metal, y ajuste VTA (\u00e1ngulo de seguimiento vertical)<\/li>\n<li>Chasis de 30 mm de grosor fabricado con acr\u00edlico transparente de alta densidad y baja resonancia<\/li>\n<li>Plato acr\u00edlico transparente para una rotaci\u00f3n estable<\/li>\n<li>Control din\u00e1mico anti-skating ajustable<\/li>\n<li>Dise\u00f1o exclusivo de pies con un gran aislamiento y ajustables en altura<\/li>\n<li>El adaptador de CA realiza la conversi\u00f3n CA\/CC fuera del bastidor, para reducir el ruido en la cadena de se\u00f1al<\/li>\n<li>Incluye un cable est\u00e9reo RCA dual (macho) a RCA dual (macho), un adaptador de 45 rpm y una cubierta antipolvo con bisagra extra\u00edble<\/li>\n<\/ul>\n<p>El giradiscos Audio-Technica AT-LP2022 estar\u00e1 disponible a partir de Diciembre de 2022 a un PVPR de 1.199 \u20ac. <a href=\"https:\/\/www.audio-technica.com\/es-es\/at-lp2022\" target=\"_blank\" rel=\"noopener\">M\u00e1s informaci\u00f3n&#8230;<\/a><\/p>\n<p>&nbsp;<\/p>\n<hr \/>\n<h4><a href=\"\/app\/uploads\/sites\/2\/ATH-WB2022-1.jpg\"><img loading=\"lazy\" decoding=\"async\" class=\"aligncenter size-fusion-800 wp-image-27095\" src=\"\/app\/uploads\/sites\/2\/ATH-WB2022-1.jpg\" alt=\"\" width=\"800\" height=\"487\" \/><\/a><\/h4>\n<h4>ATH-WB2022, auriculares inal\u00e1mbricos de alta fidelidad<\/h4>\n<p>Los ATH-WB2022, que se unen a una nueva gama de productos para celebrar el 60.\u00ba aniversario de Audio-Technica, son los primeros auriculares inal\u00e1mbricos de la empresa que llevan cascos de madera para ofrecer una experiencia de audio superior.<\/p>\n<p>Con un transductor HD de 45 mm de nuevo dise\u00f1o, los WB2022 son capaces de reproducir una calidad de estudio de grabaci\u00f3n en cualquier lugar, sumergiendo al usuario en un paisaje sonoro sin igual. El respaldo del c\u00f3dec LDAC ofrece un sonido de alta resoluci\u00f3n con un amplio rango de frecuencias (tambi\u00e9n son compatibles con los c\u00f3decs AAC y SBC).<\/p>\n<p>Los ATH-WB2022 introducen por primera vez un balance entre izquierda y derecha verdaderamente independiente, con bater\u00edas separadas en cada canal. De este modo, se consigue una separaci\u00f3n de sonido de m\u00e1ximo nivel que no se ve afectada por interferencias o diafon\u00eda. Dos convertidores digitales-anal\u00f3gicos ESS DAC ES9038Q2M de calidad audi\u00f3fila mejoran a\u00fan m\u00e1s la ac\u00fastica, superando ampliamente las expectativas de unos auriculares inal\u00e1mbricos.<\/p>\n<p>Con una sola carga se puede disfrutar de hasta 9 horas de audio de alta fidelidad, mientras que con la conexi\u00f3n USB se puede seguir escuchando incluso si las bater\u00edas se agotan. Despu\u00e9s de 5 minutos sin estar conectado a un dispositivo, la alimentaci\u00f3n se apaga autom\u00e1ticamente para ahorrar bater\u00eda.<\/p>\n<p>Los componentes internos de los ATH-WB2022 van a la par con su atractivo dise\u00f1o. Los cascos de madera no s\u00f3lo distinguen al WB2022 de los dem\u00e1s, sino que tambi\u00e9n ayudan a absorber vibraciones para disfrutar de una mejor experiencia auditiva.<\/p>\n<p>El tapizado en Alc\u00e1ntara, que combina la durabilidad pr\u00e1ctica con una est\u00e9tica de moda, tambi\u00e9n proporciona una experiencia t\u00e1ctil de alta gama. Este material ofrece una textura suave y un aspecto elegante, adem\u00e1s de ser una alternativa sostenible a los materiales tradicionales.<\/p>\n<p>Cada unidad ATH-WB2022 viene en un robusto estuche de dise\u00f1o, fabricado en colaboraci\u00f3n con Zero Halliburton, que tiene su propia y prestigiosa historia en el transporte de cargas valiosas, incluidas las rocas lunares del Apolo 11.<\/p>\n<ul>\n<li>Los primeros auriculares inal\u00e1mbricos de madera de Audio-Technica, desarrollados para conmemorar nuestro 60.\u00ba aniversario<\/li>\n<li>Los cascos, hechos con una combinaci\u00f3n de maderas macizas de arce flameado, nogal y caoba, tienen excelentes propiedades ac\u00fasticas y absorben las vibraciones para obtener un comportamiento de sonido puro<\/li>\n<li>Los cascos tienen c\u00e1maras ac\u00fasticas y el\u00e9ctricas separadas para optimizar las propiedades ac\u00fasticas de la madera<\/li>\n<li>El transductor HD de 45 mm de dise\u00f1o especial, con circuito magn\u00e9tico de alto rendimiento y un diafragma recubierto de DLC (carbono similar al diamante), proporciona una experiencia auditiva rica y n\u00edtida<\/li>\n<li>Los primeros auriculares inal\u00e1mbricos en el mundo con un sistema de salida de audio totalmente balanceado DACs independientes, amplificadores operacionales y bater\u00edas en los canales izquierdo y derecho para una excelente separaci\u00f3n de canales<\/li>\n<li>Est\u00e1n equipados con dos convertidores digital-anal\u00f3gico ESS \u00a0DAC\u00a0ES9038Q2M (uno en cada canal), muy apreciados por los audi\u00f3filos por ofrecer un audio realmente envolvente y de alta resoluci\u00f3n<\/li>\n<li>Se utiliza el chip MUSES05 de Nisshinbo Micro Devices, el m\u00e1s distintivo entre los amplificadores operacionales.<\/li>\n<li>Admite la reproducci\u00f3n de fuentes de sonido de alta resoluci\u00f3n de 24 bits\/96 kHz mediante conexi\u00f3n inal\u00e1mbrica o USB<\/li>\n<li>Compatible con los c\u00f3decs LDAC y AAC de alta calidad.<\/li>\n<li>El micr\u00f3fono de condensador de 10 mm de di\u00e1metro garantiza un audio muy n\u00edtido en las llamadas<\/li>\n<li>Hasta 9 horas de uso continuo con una carga completa<\/li>\n<li>La funci\u00f3n de emparejamiento multipunto te permite estar conectado a dos dispositivos Bluetooth a la vez.<\/li>\n<li>Los botones integrados en los cascos permiten controlar f\u00e1cilmente la reproducci\u00f3n de m\u00fasica, el volumen, el silenciamiento del micr\u00f3fono y las funciones del asistente de voz<\/li>\n<li>La aplicaci\u00f3n A-T Connect te ofrece un control adicional: puedes activar el modo de baja latencia, ajustar el ecualizador y guardar el ajuste en los auriculares, seleccionar uno de los cuatro niveles de volumen optimizados, cambiar los c\u00f3decs, etc.<\/li>\n<li>Las almohadillas y la diadema de Alc\u00e1ntara, sostenibles y de calidad premium, ofrecen la m\u00e1xima comodidad tanto en entornos c\u00e1lidos como fr\u00edos*<\/li>\n<li>Incluye dos cables de calidad de audio 6N-OFC de 1,5\u00a0m: un cable USB-C a USB-A y un cable USB-C a USB-C<\/li>\n<li>Elegante y robusto estuche de transporte fabricado en colaboraci\u00f3n con Zero Halliburton<\/li>\n<li>Producto exclusivo: s\u00f3lo un n\u00famero limitado de unidades est\u00e1n disponibles en todo el mundo<\/li>\n<\/ul>\n<p>* Audio-Technica sustituir\u00e1 gratuitamente la bater\u00eda interna, las almohadillas y la diadema de Alcantara<\/p>\n<p>Los auriculares inal\u00e1mbricos Audio-Technica ATH-WB2022 estar\u00e1n en el invierno de 2022 a un PVPR de 3000 \u20ac. <a href=\"https:\/\/www.audio-technica.com\/es-es\/ath-wb2022\" target=\"_blank\" rel=\"noopener\">M\u00e1s informaci\u00f3n&#8230;<\/a><\/p>\n<p>&nbsp;<\/p>\n<hr \/>\n<h4><a href=\"\/app\/uploads\/sites\/2\/AT-SB2022-1.jpg\"><img loading=\"lazy\" decoding=\"async\" class=\"aligncenter size-fusion-800 wp-image-27098\" src=\"\/app\/uploads\/sites\/2\/AT-SB2022-1.jpg\" alt=\"\" width=\"800\" height=\"399\" \/><\/a><\/h4>\n<h4>AT-SB2022, el ic\u00f3nico giradiscos port\u00e1til en una reedici\u00f3n modernizada<\/h4>\n<p>Como parte de la celebraci\u00f3n de su 60.\u00ba aniversario, Audio-Technica ha recuperado un ic\u00f3nico giradiscos para la era moderna: el Audio-Technica Sound Burger, actualizado con mejoras como audio inal\u00e1mbrico Bluetooth.<\/p>\n<p>Tras fusionar un estilo de arte pop con el audio de alta fidelidad hace unos 40 a\u00f1os, el Sound Burger vuelve a la carga con la misma est\u00e9tica inconfundible que lo convirti\u00f3 en un \u00e9xito rotundo y en un icono de la escena del vinilo de los a\u00f1os 80.<\/p>\n<p>Aunque el nuevo Sound Burger sigue siendo fiel a sus ra\u00edces, cuenta con un abanico de nuevas tecnolog\u00edas que atraer\u00e1 a cualquier amante de la m\u00fasica en la era moderna. Incluye conectividad inal\u00e1mbrica a trav\u00e9s de Bluetooth, e incluso un puerto USB-C para una experiencia de carga perfecta.<\/p>\n<p>El Sound Burger actualizado cuenta con un sistema de tracci\u00f3n por correa para reproducir discos de 33-1\/3 y 45 rpm, lo cual permite usar tanto singles como LPs. Para asegurar que el Sound Burger sea tan port\u00e1til como siempre, utiliza tambi\u00e9n un sistema de equilibrio din\u00e1mico que aplica presi\u00f3n a la aguja mediante un resorte, al tiempo que un motor de corriente continua se encarga de mantenerlo todo funcionando sin problemas durante la reproducci\u00f3n.<\/p>\n<p>Aunque el Sound Burger es un dise\u00f1o port\u00e1til, la inclusi\u00f3n de un cable de audio RCA, as\u00ed como de Bluetooth, significa que puede conectarse a un equipo de m\u00fasica dom\u00e9stico o a un sistema de altavoces activos, ya sea por cable o de forma inal\u00e1mbrica.<\/p>\n<ul>\n<li>El mismo fant\u00e1stico dise\u00f1o del Sound Burger, pero con muchos elementos actuales<\/li>\n<li>Conectividad Bluetooth<\/li>\n<li>Puerto de carga USB-C<\/li>\n<li>Giradiscos port\u00e1til con tracci\u00f3n por correa<\/li>\n<li>Reproduce discos de 33-1\/3 y 45 rpm<\/li>\n<li>Adicionalmente, un motor de corriente continua de alta precisi\u00f3n mantiene una rotaci\u00f3n estable.<\/li>\n<li>Plato de aleaci\u00f3n de aluminio fundido a presi\u00f3n con sistema de amortiguaci\u00f3n<\/li>\n<li>12\u00a0h de bater\u00eda<\/li>\n<li>Aguja ATN3600L reemplazable<\/li>\n<li>Accesorios:\n<ul>\n<li>Adaptador para 45 rpm<\/li>\n<li>Cable RCA (3,5 mm macho a RCA dual macho)<\/li>\n<li>Cable USB para la carga (USB tipo A \/ USB tipo C\u2122)<\/li>\n<\/ul>\n<\/li>\n<\/ul>\n<p>El giradiscos port\u00e1til Audio-Technica AT-SB2022 estar\u00e1 disponible a partir del 1 de noviembre de 2022 en <a href=\"https:\/\/www.audio-technica.com\/es-es\/\">www.audio-technica.com<\/a>, a un PVPR de 229 \u20ac. <a href=\"https:\/\/www.audio-technica.com\/es-es\/at-sb2022\" target=\"_blank\" rel=\"noopener\">M\u00e1s informaci\u00f3n&#8230;<\/a><\/p>\n<p>&nbsp;<\/p>\n<p>&nbsp;<\/p>\n","protected":false},"excerpt":{"rendered":"<p>Para celebrar nuestro aniversario, estamos orgullosos de presentar una nueva colecci\u00f3n de productos que reflejan nuestro compromiso con el audio anal\u00f3gico. Con una calidad de audio en la m\u00e1s alta fidelidad y fabricados a mano en cantidades extremadamente limitadas, estos productos contin\u00faan nuestra tradici\u00f3n de honrar el pasado al tiempo que persiguen una pureza de [&hellip;]<\/p>\n","protected":false},"author":2,"featured_media":27607,"comment_status":"open","ping_status":"open","sticky":false,"template":"","format":"standard","meta":{"_acf_changed":false,"footnotes":""},"categories":[2456],"tags":[2329],"class_list":["post-27599","post","type-post","status-publish","format-standard","has-post-thumbnail","hentry","category-novedades","tag-60-aniversario"],"acf":[],"yoast_head":"<!-- This site is optimized with the Yoast SEO plugin v27.1.1 - https:\/\/yoast.com\/product\/yoast-seo-wordpress\/ -->\n<title>Cinco nuevos productos de edici\u00f3n limitada para celebrar el 60 aniversario de Audio-Technica - Audio-Technica Iberia<\/title>\n<meta name=\"robots\" content=\"index, follow, max-snippet:-1, max-image-preview:large, max-video-preview:-1\" \/>\n<link rel=\"canonical\" href=\"https:\/\/distribution.audio-technica.eu\/es-es\/noticias\/cinco-nuevos-productos-de-edicion-limitada-para-celebrar-el-60-aniversario-de-audio-technica\/\" \/>\n<meta property=\"og:locale\" content=\"es_ES\" \/>\n<meta property=\"og:type\" content=\"article\" \/>\n<meta property=\"og:title\" content=\"Cinco nuevos productos de edici\u00f3n limitada para celebrar el 60 aniversario de Audio-Technica - Audio-Technica Iberia\" \/>\n<meta property=\"og:description\" content=\"Para celebrar nuestro aniversario, estamos orgullosos de presentar una nueva colecci\u00f3n de productos que reflejan nuestro compromiso con el audio anal\u00f3gico. Con una calidad de audio en la m\u00e1s alta fidelidad y fabricados a mano en cantidades extremadamente limitadas, estos productos contin\u00faan nuestra tradici\u00f3n de honrar el pasado al tiempo que persiguen una pureza de [&hellip;]\" \/>\n<meta property=\"og:url\" content=\"https:\/\/distribution.audio-technica.eu\/es-es\/noticias\/cinco-nuevos-productos-de-edicion-limitada-para-celebrar-el-60-aniversario-de-audio-technica\/\" \/>\n<meta property=\"og:site_name\" content=\"Audio-Technica Iberia\" \/>\n<meta property=\"article:published_time\" content=\"2022-11-01T14:25:40+00:00\" \/>\n<meta property=\"article:modified_time\" content=\"2023-10-17T16:01:25+00:00\" \/>\n<meta property=\"og:image\" content=\"https:\/\/distribution.audio-technica.eu\/app\/uploads\/sites\/2\/60th-web-banner-1.jpg\" \/>\n\t<meta property=\"og:image:width\" content=\"640\" \/>\n\t<meta property=\"og:image:height\" content=\"360\" \/>\n\t<meta property=\"og:image:type\" content=\"image\/jpeg\" \/>\n<meta name=\"author\" content=\"ctorras\" \/>\n<meta name=\"twitter:card\" content=\"summary_large_image\" \/>\n<meta name=\"twitter:label1\" content=\"Escrito por\" \/>\n\t<meta name=\"twitter:data1\" content=\"ctorras\" \/>\n\t<meta name=\"twitter:label2\" content=\"Tiempo de lectura\" \/>\n\t<meta name=\"twitter:data2\" content=\"15 minutos\" \/>\n<script type=\"application\/ld+json\" class=\"yoast-schema-graph\">{\"@context\":\"https:\/\/schema.org\",\"@graph\":[{\"@type\":\"Article\",\"@id\":\"https:\/\/distribution.audio-technica.eu\/es-es\/noticias\/cinco-nuevos-productos-de-edicion-limitada-para-celebrar-el-60-aniversario-de-audio-technica\/#article\",\"isPartOf\":{\"@id\":\"https:\/\/distribution.audio-technica.eu\/es-es\/noticias\/cinco-nuevos-productos-de-edicion-limitada-para-celebrar-el-60-aniversario-de-audio-technica\/\"},\"author\":{\"name\":\"ctorras\",\"@id\":\"https:\/\/distribution.audio-technica.eu\/es-es\/#\/schema\/person\/dbf0d33217ceab6329b4c3144742f2fb\"},\"headline\":\"Cinco nuevos productos de edici\u00f3n limitada para celebrar el 60 aniversario de Audio-Technica\",\"datePublished\":\"2022-11-01T14:25:40+00:00\",\"dateModified\":\"2023-10-17T16:01:25+00:00\",\"mainEntityOfPage\":{\"@id\":\"https:\/\/distribution.audio-technica.eu\/es-es\/noticias\/cinco-nuevos-productos-de-edicion-limitada-para-celebrar-el-60-aniversario-de-audio-technica\/\"},\"wordCount\":2924,\"commentCount\":0,\"image\":{\"@id\":\"https:\/\/distribution.audio-technica.eu\/es-es\/noticias\/cinco-nuevos-productos-de-edicion-limitada-para-celebrar-el-60-aniversario-de-audio-technica\/#primaryimage\"},\"thumbnailUrl\":\"\/app\/uploads\/sites\/2\/60th-web-banner-1.jpg\",\"keywords\":[\"60 Aniversario\"],\"articleSection\":[\"Novedades\"],\"inLanguage\":\"es\",\"potentialAction\":[{\"@type\":\"CommentAction\",\"name\":\"Comment\",\"target\":[\"https:\/\/distribution.audio-technica.eu\/es-es\/noticias\/cinco-nuevos-productos-de-edicion-limitada-para-celebrar-el-60-aniversario-de-audio-technica\/#respond\"]}]},{\"@type\":\"WebPage\",\"@id\":\"https:\/\/distribution.audio-technica.eu\/es-es\/noticias\/cinco-nuevos-productos-de-edicion-limitada-para-celebrar-el-60-aniversario-de-audio-technica\/\",\"url\":\"https:\/\/distribution.audio-technica.eu\/es-es\/noticias\/cinco-nuevos-productos-de-edicion-limitada-para-celebrar-el-60-aniversario-de-audio-technica\/\",\"name\":\"Cinco nuevos productos de edici\u00f3n limitada para celebrar el 60 aniversario de Audio-Technica - Audio-Technica Iberia\",\"isPartOf\":{\"@id\":\"https:\/\/distribution.audio-technica.eu\/es-es\/#website\"},\"primaryImageOfPage\":{\"@id\":\"https:\/\/distribution.audio-technica.eu\/es-es\/noticias\/cinco-nuevos-productos-de-edicion-limitada-para-celebrar-el-60-aniversario-de-audio-technica\/#primaryimage\"},\"image\":{\"@id\":\"https:\/\/distribution.audio-technica.eu\/es-es\/noticias\/cinco-nuevos-productos-de-edicion-limitada-para-celebrar-el-60-aniversario-de-audio-technica\/#primaryimage\"},\"thumbnailUrl\":\"\/app\/uploads\/sites\/2\/60th-web-banner-1.jpg\",\"datePublished\":\"2022-11-01T14:25:40+00:00\",\"dateModified\":\"2023-10-17T16:01:25+00:00\",\"author\":{\"@id\":\"https:\/\/distribution.audio-technica.eu\/es-es\/#\/schema\/person\/dbf0d33217ceab6329b4c3144742f2fb\"},\"breadcrumb\":{\"@id\":\"https:\/\/distribution.audio-technica.eu\/es-es\/noticias\/cinco-nuevos-productos-de-edicion-limitada-para-celebrar-el-60-aniversario-de-audio-technica\/#breadcrumb\"},\"inLanguage\":\"es\",\"potentialAction\":[{\"@type\":\"ReadAction\",\"target\":[\"https:\/\/distribution.audio-technica.eu\/es-es\/noticias\/cinco-nuevos-productos-de-edicion-limitada-para-celebrar-el-60-aniversario-de-audio-technica\/\"]}]},{\"@type\":\"ImageObject\",\"inLanguage\":\"es\",\"@id\":\"https:\/\/distribution.audio-technica.eu\/es-es\/noticias\/cinco-nuevos-productos-de-edicion-limitada-para-celebrar-el-60-aniversario-de-audio-technica\/#primaryimage\",\"url\":\"\/app\/uploads\/sites\/2\/60th-web-banner-1.jpg\",\"contentUrl\":\"\/app\/uploads\/sites\/2\/60th-web-banner-1.jpg\",\"width\":640,\"height\":360},{\"@type\":\"BreadcrumbList\",\"@id\":\"https:\/\/distribution.audio-technica.eu\/es-es\/noticias\/cinco-nuevos-productos-de-edicion-limitada-para-celebrar-el-60-aniversario-de-audio-technica\/#breadcrumb\",\"itemListElement\":[{\"@type\":\"ListItem\",\"position\":1,\"name\":\"Products\",\"item\":\"https:\/\/distribution.audio-technica.eu\/es-es\/\"},{\"@type\":\"ListItem\",\"position\":2,\"name\":\"Cinco nuevos productos de edici\u00f3n limitada para celebrar el 60 aniversario de Audio-Technica\"}]},{\"@type\":\"WebSite\",\"@id\":\"https:\/\/distribution.audio-technica.eu\/es-es\/#website\",\"url\":\"https:\/\/distribution.audio-technica.eu\/es-es\/\",\"name\":\"Audio-Technica Iberia\",\"description\":\"Distribuci\u00f3n\",\"potentialAction\":[{\"@type\":\"SearchAction\",\"target\":{\"@type\":\"EntryPoint\",\"urlTemplate\":\"https:\/\/distribution.audio-technica.eu\/es-es\/?s={search_term_string}\"},\"query-input\":{\"@type\":\"PropertyValueSpecification\",\"valueRequired\":true,\"valueName\":\"search_term_string\"}}],\"inLanguage\":\"es\"},{\"@type\":\"Person\",\"@id\":\"https:\/\/distribution.audio-technica.eu\/es-es\/#\/schema\/person\/dbf0d33217ceab6329b4c3144742f2fb\",\"name\":\"ctorras\"}]}<\/script>\n<!-- \/ Yoast SEO plugin. -->","yoast_head_json":{"title":"Cinco nuevos productos de edici\u00f3n limitada para celebrar el 60 aniversario de Audio-Technica - Audio-Technica Iberia","robots":{"index":"index","follow":"follow","max-snippet":"max-snippet:-1","max-image-preview":"max-image-preview:large","max-video-preview":"max-video-preview:-1"},"canonical":"https:\/\/distribution.audio-technica.eu\/es-es\/noticias\/cinco-nuevos-productos-de-edicion-limitada-para-celebrar-el-60-aniversario-de-audio-technica\/","og_locale":"es_ES","og_type":"article","og_title":"Cinco nuevos productos de edici\u00f3n limitada para celebrar el 60 aniversario de Audio-Technica - Audio-Technica Iberia","og_description":"Para celebrar nuestro aniversario, estamos orgullosos de presentar una nueva colecci\u00f3n de productos que reflejan nuestro compromiso con el audio anal\u00f3gico. Con una calidad de audio en la m\u00e1s alta fidelidad y fabricados a mano en cantidades extremadamente limitadas, estos productos contin\u00faan nuestra tradici\u00f3n de honrar el pasado al tiempo que persiguen una pureza de [&hellip;]","og_url":"https:\/\/distribution.audio-technica.eu\/es-es\/noticias\/cinco-nuevos-productos-de-edicion-limitada-para-celebrar-el-60-aniversario-de-audio-technica\/","og_site_name":"Audio-Technica Iberia","article_published_time":"2022-11-01T14:25:40+00:00","article_modified_time":"2023-10-17T16:01:25+00:00","og_image":[{"width":640,"height":360,"url":"https:\/\/distribution.audio-technica.eu\/app\/uploads\/sites\/2\/60th-web-banner-1.jpg","type":"image\/jpeg"}],"author":"ctorras","twitter_card":"summary_large_image","twitter_misc":{"Escrito por":"ctorras","Tiempo de lectura":"15 minutos"},"schema":{"@context":"https:\/\/schema.org","@graph":[{"@type":"Article","@id":"https:\/\/distribution.audio-technica.eu\/es-es\/noticias\/cinco-nuevos-productos-de-edicion-limitada-para-celebrar-el-60-aniversario-de-audio-technica\/#article","isPartOf":{"@id":"https:\/\/distribution.audio-technica.eu\/es-es\/noticias\/cinco-nuevos-productos-de-edicion-limitada-para-celebrar-el-60-aniversario-de-audio-technica\/"},"author":{"name":"ctorras","@id":"https:\/\/distribution.audio-technica.eu\/es-es\/#\/schema\/person\/dbf0d33217ceab6329b4c3144742f2fb"},"headline":"Cinco nuevos productos de edici\u00f3n limitada para celebrar el 60 aniversario de Audio-Technica","datePublished":"2022-11-01T14:25:40+00:00","dateModified":"2023-10-17T16:01:25+00:00","mainEntityOfPage":{"@id":"https:\/\/distribution.audio-technica.eu\/es-es\/noticias\/cinco-nuevos-productos-de-edicion-limitada-para-celebrar-el-60-aniversario-de-audio-technica\/"},"wordCount":2924,"commentCount":0,"image":{"@id":"https:\/\/distribution.audio-technica.eu\/es-es\/noticias\/cinco-nuevos-productos-de-edicion-limitada-para-celebrar-el-60-aniversario-de-audio-technica\/#primaryimage"},"thumbnailUrl":"\/app\/uploads\/sites\/2\/60th-web-banner-1.jpg","keywords":["60 Aniversario"],"articleSection":["Novedades"],"inLanguage":"es","potentialAction":[{"@type":"CommentAction","name":"Comment","target":["https:\/\/distribution.audio-technica.eu\/es-es\/noticias\/cinco-nuevos-productos-de-edicion-limitada-para-celebrar-el-60-aniversario-de-audio-technica\/#respond"]}]},{"@type":"WebPage","@id":"https:\/\/distribution.audio-technica.eu\/es-es\/noticias\/cinco-nuevos-productos-de-edicion-limitada-para-celebrar-el-60-aniversario-de-audio-technica\/","url":"https:\/\/distribution.audio-technica.eu\/es-es\/noticias\/cinco-nuevos-productos-de-edicion-limitada-para-celebrar-el-60-aniversario-de-audio-technica\/","name":"Cinco nuevos productos de edici\u00f3n limitada para celebrar el 60 aniversario de Audio-Technica - Audio-Technica Iberia","isPartOf":{"@id":"https:\/\/distribution.audio-technica.eu\/es-es\/#website"},"primaryImageOfPage":{"@id":"https:\/\/distribution.audio-technica.eu\/es-es\/noticias\/cinco-nuevos-productos-de-edicion-limitada-para-celebrar-el-60-aniversario-de-audio-technica\/#primaryimage"},"image":{"@id":"https:\/\/distribution.audio-technica.eu\/es-es\/noticias\/cinco-nuevos-productos-de-edicion-limitada-para-celebrar-el-60-aniversario-de-audio-technica\/#primaryimage"},"thumbnailUrl":"\/app\/uploads\/sites\/2\/60th-web-banner-1.jpg","datePublished":"2022-11-01T14:25:40+00:00","dateModified":"2023-10-17T16:01:25+00:00","author":{"@id":"https:\/\/distribution.audio-technica.eu\/es-es\/#\/schema\/person\/dbf0d33217ceab6329b4c3144742f2fb"},"breadcrumb":{"@id":"https:\/\/distribution.audio-technica.eu\/es-es\/noticias\/cinco-nuevos-productos-de-edicion-limitada-para-celebrar-el-60-aniversario-de-audio-technica\/#breadcrumb"},"inLanguage":"es","potentialAction":[{"@type":"ReadAction","target":["https:\/\/distribution.audio-technica.eu\/es-es\/noticias\/cinco-nuevos-productos-de-edicion-limitada-para-celebrar-el-60-aniversario-de-audio-technica\/"]}]},{"@type":"ImageObject","inLanguage":"es","@id":"https:\/\/distribution.audio-technica.eu\/es-es\/noticias\/cinco-nuevos-productos-de-edicion-limitada-para-celebrar-el-60-aniversario-de-audio-technica\/#primaryimage","url":"\/app\/uploads\/sites\/2\/60th-web-banner-1.jpg","contentUrl":"\/app\/uploads\/sites\/2\/60th-web-banner-1.jpg","width":640,"height":360},{"@type":"BreadcrumbList","@id":"https:\/\/distribution.audio-technica.eu\/es-es\/noticias\/cinco-nuevos-productos-de-edicion-limitada-para-celebrar-el-60-aniversario-de-audio-technica\/#breadcrumb","itemListElement":[{"@type":"ListItem","position":1,"name":"Products","item":"https:\/\/distribution.audio-technica.eu\/es-es\/"},{"@type":"ListItem","position":2,"name":"Cinco nuevos productos de edici\u00f3n limitada para celebrar el 60 aniversario de Audio-Technica"}]},{"@type":"WebSite","@id":"https:\/\/distribution.audio-technica.eu\/es-es\/#website","url":"https:\/\/distribution.audio-technica.eu\/es-es\/","name":"Audio-Technica Iberia","description":"Distribuci\u00f3n","potentialAction":[{"@type":"SearchAction","target":{"@type":"EntryPoint","urlTemplate":"https:\/\/distribution.audio-technica.eu\/es-es\/?s={search_term_string}"},"query-input":{"@type":"PropertyValueSpecification","valueRequired":true,"valueName":"search_term_string"}}],"inLanguage":"es"},{"@type":"Person","@id":"https:\/\/distribution.audio-technica.eu\/es-es\/#\/schema\/person\/dbf0d33217ceab6329b4c3144742f2fb","name":"ctorras"}]}},"_links":{"self":[{"href":"https:\/\/distribution.audio-technica.eu\/es-es\/wp-json\/wp\/v2\/posts\/27599","targetHints":{"allow":["GET"]}}],"collection":[{"href":"https:\/\/distribution.audio-technica.eu\/es-es\/wp-json\/wp\/v2\/posts"}],"about":[{"href":"https:\/\/distribution.audio-technica.eu\/es-es\/wp-json\/wp\/v2\/types\/post"}],"author":[{"embeddable":true,"href":"https:\/\/distribution.audio-technica.eu\/es-es\/wp-json\/wp\/v2\/users\/2"}],"replies":[{"embeddable":true,"href":"https:\/\/distribution.audio-technica.eu\/es-es\/wp-json\/wp\/v2\/comments?post=27599"}],"version-history":[{"count":1,"href":"https:\/\/distribution.audio-technica.eu\/es-es\/wp-json\/wp\/v2\/posts\/27599\/revisions"}],"predecessor-version":[{"id":27606,"href":"https:\/\/distribution.audio-technica.eu\/es-es\/wp-json\/wp\/v2\/posts\/27599\/revisions\/27606"}],"wp:featuredmedia":[{"embeddable":true,"href":"https:\/\/distribution.audio-technica.eu\/es-es\/wp-json\/wp\/v2\/media\/27607"}],"wp:attachment":[{"href":"https:\/\/distribution.audio-technica.eu\/es-es\/wp-json\/wp\/v2\/media?parent=27599"}],"wp:term":[{"taxonomy":"category","embeddable":true,"href":"https:\/\/distribution.audio-technica.eu\/es-es\/wp-json\/wp\/v2\/categories?post=27599"},{"taxonomy":"post_tag","embeddable":true,"href":"https:\/\/distribution.audio-technica.eu\/es-es\/wp-json\/wp\/v2\/tags?post=27599"}],"curies":[{"name":"wp","href":"https:\/\/api.w.org\/{rel}","templated":true}]}}