{"id":27632,"date":"2023-01-11T09:00:29","date_gmt":"2023-01-11T08:00:29","guid":{"rendered":"https:\/\/atdb-production.studiograft.dev\/es-es\/noticias\/genelec-eleva-su-experiencia-del-cliente-con-el-nuevo-virtual-showroom\/"},"modified":"2023-07-30T13:06:29","modified_gmt":"2023-07-30T11:06:29","slug":"genelec-eleva-su-experiencia-del-cliente-con-el-nuevo-virtual-showroom","status":"publish","type":"post","link":"https:\/\/distribution.audio-technica.eu\/es-es\/noticias\/genelec-eleva-su-experiencia-del-cliente-con-el-nuevo-virtual-showroom\/","title":{"rendered":"Genelec eleva su experiencia del cliente con el nuevo Virtual Showroom"},"content":{"rendered":"<p><a href=\"\/app\/uploads\/sites\/2\/WP-Virtual_Showroom_PR_Image_4-1.jpg\"><img loading=\"lazy\" decoding=\"async\" class=\"aligncenter wp-image-27300 size-fusion-800\" src=\"\/app\/uploads\/sites\/2\/WP-Virtual_Showroom_PR_Image_4-1.jpg\" alt=\"\" width=\"800\" height=\"450\" \/><\/a><\/p>\n<p>Para complementar su creciente red mundial de Centros de Experiencia f\u00edsicos, Genelec ha presentado su <a href=\"https:\/\/showroom.genelec.com\/\" target=\"_blank\" rel=\"noopener\">Sala de Exposici\u00f3n Virtual<\/a> on line, donde los visitantes pueden explorar una amplia gama de sistemas y tecnolog\u00edas de altavoces activos en un conjunto de entornos de sala asombrosamente realistas. Esto permite a los clientes de los segmentos Studio, AV y Home Audio acceder instant\u00e1neamente a una valiosa informaci\u00f3n y los recursos de Genelec en un entorno interactivo \u00fanico y visualmente atractivo.<\/p>\n<p><a href=\"\/app\/uploads\/sites\/2\/WP-Virtual_Showroom_PR_Image_1-1.jpg\"><img loading=\"lazy\" decoding=\"async\" class=\"aligncenter size-full wp-image-27302\" src=\"\/app\/uploads\/sites\/2\/WP-Virtual_Showroom_PR_Image_1-1.jpg\" alt=\"\" width=\"1500\" height=\"844\" \/><\/a><\/p>\n<p>Alojado en el sitio web de Genelec, los visitantes de la sala de exposici\u00f3n virtual pueden experimentar lo \u00faltimo en tecnolog\u00eda de realidad virtual para navegar por \u00e1reas separadas y diferenciadas de monitorizaci\u00f3n de audio profesional, instalaci\u00f3n audiovisual y audio dom\u00e9stico, que muestran sistemas est\u00e9reo e inmersivos que comprenden una gama cuidadosamente seleccionada de modelos clave de altavoces y subwoofers. Los visitantes pueden acceder a informaci\u00f3n detallada de los productos, contenidos de v\u00eddeo y valiosos recursos de aprendizaje, a cualquier hora del d\u00eda y desde la comodidad de su propio entorno.<\/p>\n<p><a href=\"\/app\/uploads\/sites\/2\/WP-Virtual_Showroom_PR_Image_2-1.jpg\"><img loading=\"lazy\" decoding=\"async\" class=\"aligncenter size-full wp-image-27303\" src=\"\/app\/uploads\/sites\/2\/WP-Virtual_Showroom_PR_Image_2-1.jpg\" alt=\"\" width=\"1500\" height=\"844\" \/><\/a><\/p>\n<p>\u00ab<em>Uno de los efectos m\u00e1s poderosos de la pandemia fue centrar nuestras mentes en c\u00f3mo comunicarnos m\u00e1s eficazmente a trav\u00e9s de los canales de marketing digital<\/em>\u00ab, comenta Ken Kimura, Director de Desarrollo Comercial de Genelec. \u00ab<em>As\u00ed pues, aprovechamos ese per\u00edodo de interrupci\u00f3n forzosa para explorar la forma de interactuar estrechamente con nuestros clientes en el mundo virtual, y la sala de exposici\u00f3n virtual fue el resultado natural de ese proceso de planificaci\u00f3n, como complemento de nuestro sitio web y nuestros canales de medios sociales bien establecidos.<\/em>\u00bb<\/p>\n<p><a href=\"\/app\/uploads\/sites\/2\/WP-Virtual_Showroom_PR_Image_3-1.jpg\"><img loading=\"lazy\" decoding=\"async\" class=\"aligncenter size-full wp-image-27299\" src=\"\/app\/uploads\/sites\/2\/WP-Virtual_Showroom_PR_Image_3-1.jpg\" alt=\"\" width=\"1500\" height=\"844\" \/><\/a><\/p>\n<p>Con la recuperaci\u00f3n del contacto cara a cara con el cliente, Kimura cree firmemente que Genelec tiene ahora un equilibrio perfecto de oportunidades de demostraci\u00f3n. \u00ab<em>En este vertiginoso mundo digital, la sala de exposici\u00f3n virtual ofrece todas las ventajas de la interactividad y el acceso instant\u00e1neo 24 horas al d\u00eda, 7 d\u00edas a la semana, mientras que nuestros centros de experiencia representan un valioso est\u00e1ndar en cuanto a contacto personal y oportunidades de escucha cr\u00edtica. Si a esto a\u00f1adimos la gama de exposiciones internacionales, roadshows, eventos regionales m\u00e1s peque\u00f1os y demostraciones de distribuidores, ahora hay m\u00e1s formas que nunca para que los clientes experimenten todo lo que Genelec tiene que ofrecer.<\/em>\u00bb<\/p>\n<p>Para explorar la nueva sala de exposici\u00f3n virtual de Genelec, visite <a href=\"https:\/\/showroom.genelec.com\/\" target=\"_blank\" rel=\"noopener\">showroom.genelec.com<\/a><\/p>\n<p>&nbsp;<\/p>\n<p>&nbsp;<\/p>\n","protected":false},"excerpt":{"rendered":"<p>Para complementar su creciente red mundial de Centros de Experiencia f\u00edsicos, Genelec ha presentado su Sala de Exposici\u00f3n Virtual on line, donde los visitantes pueden explorar una amplia gama de sistemas y tecnolog\u00edas de altavoces activos en un conjunto de entornos de sala asombrosamente realistas. Esto permite a los clientes de los segmentos Studio, AV [&hellip;]<\/p>\n","protected":false},"author":2,"featured_media":27638,"comment_status":"open","ping_status":"open","sticky":false,"template":"","format":"standard","meta":{"_acf_changed":false,"footnotes":""},"categories":[2461],"tags":[1553,2308],"class_list":["post-27632","post","type-post","status-publish","format-standard","has-post-thumbnail","hentry","category-noticias","tag-instalacion","tag-monitores-de-estudio"],"acf":[],"yoast_head":"<!-- This site is optimized with the Yoast SEO plugin v27.1.1 - https:\/\/yoast.com\/product\/yoast-seo-wordpress\/ -->\n<title>Genelec eleva su experiencia del cliente con el nuevo Virtual Showroom - Audio-Technica Iberia<\/title>\n<meta name=\"robots\" content=\"index, follow, max-snippet:-1, max-image-preview:large, max-video-preview:-1\" \/>\n<link rel=\"canonical\" href=\"https:\/\/distribution.audio-technica.eu\/es-es\/noticias\/genelec-eleva-su-experiencia-del-cliente-con-el-nuevo-virtual-showroom\/\" \/>\n<meta property=\"og:locale\" content=\"es_ES\" \/>\n<meta property=\"og:type\" content=\"article\" \/>\n<meta property=\"og:title\" content=\"Genelec eleva su experiencia del cliente con el nuevo Virtual Showroom - Audio-Technica Iberia\" \/>\n<meta property=\"og:description\" content=\"Para complementar su creciente red mundial de Centros de Experiencia f\u00edsicos, Genelec ha presentado su Sala de Exposici\u00f3n Virtual on line, donde los visitantes pueden explorar una amplia gama de sistemas y tecnolog\u00edas de altavoces activos en un conjunto de entornos de sala asombrosamente realistas. Esto permite a los clientes de los segmentos Studio, AV [&hellip;]\" \/>\n<meta property=\"og:url\" content=\"https:\/\/distribution.audio-technica.eu\/es-es\/noticias\/genelec-eleva-su-experiencia-del-cliente-con-el-nuevo-virtual-showroom\/\" \/>\n<meta property=\"og:site_name\" content=\"Audio-Technica Iberia\" \/>\n<meta property=\"article:published_time\" content=\"2023-01-11T08:00:29+00:00\" \/>\n<meta property=\"article:modified_time\" content=\"2023-07-30T11:06:29+00:00\" \/>\n<meta property=\"og:image\" content=\"https:\/\/distribution.audio-technica.eu\/app\/uploads\/sites\/2\/WP-Virtual_Showroom_PR_banner-1.jpg\" \/>\n\t<meta property=\"og:image:width\" content=\"640\" \/>\n\t<meta property=\"og:image:height\" content=\"360\" \/>\n\t<meta property=\"og:image:type\" content=\"image\/jpeg\" \/>\n<meta name=\"author\" content=\"ctorras\" \/>\n<meta name=\"twitter:card\" content=\"summary_large_image\" \/>\n<meta name=\"twitter:label1\" content=\"Escrito por\" \/>\n\t<meta name=\"twitter:data1\" content=\"ctorras\" \/>\n\t<meta name=\"twitter:label2\" content=\"Tiempo de lectura\" \/>\n\t<meta name=\"twitter:data2\" content=\"2 minutos\" \/>\n<script type=\"application\/ld+json\" class=\"yoast-schema-graph\">{\"@context\":\"https:\/\/schema.org\",\"@graph\":[{\"@type\":\"Article\",\"@id\":\"https:\/\/distribution.audio-technica.eu\/es-es\/noticias\/genelec-eleva-su-experiencia-del-cliente-con-el-nuevo-virtual-showroom\/#article\",\"isPartOf\":{\"@id\":\"https:\/\/distribution.audio-technica.eu\/es-es\/noticias\/genelec-eleva-su-experiencia-del-cliente-con-el-nuevo-virtual-showroom\/\"},\"author\":{\"name\":\"ctorras\",\"@id\":\"https:\/\/distribution.audio-technica.eu\/es-es\/#\/schema\/person\/dbf0d33217ceab6329b4c3144742f2fb\"},\"headline\":\"Genelec eleva su experiencia del cliente con el nuevo Virtual Showroom\",\"datePublished\":\"2023-01-11T08:00:29+00:00\",\"dateModified\":\"2023-07-30T11:06:29+00:00\",\"mainEntityOfPage\":{\"@id\":\"https:\/\/distribution.audio-technica.eu\/es-es\/noticias\/genelec-eleva-su-experiencia-del-cliente-con-el-nuevo-virtual-showroom\/\"},\"wordCount\":425,\"commentCount\":0,\"image\":{\"@id\":\"https:\/\/distribution.audio-technica.eu\/es-es\/noticias\/genelec-eleva-su-experiencia-del-cliente-con-el-nuevo-virtual-showroom\/#primaryimage\"},\"thumbnailUrl\":\"\/app\/uploads\/sites\/2\/WP-Virtual_Showroom_PR_banner-1.jpg\",\"keywords\":[\"Instalaci\u00f3n\",\"Monitores de estudio\"],\"articleSection\":[\"Noticias\"],\"inLanguage\":\"es\",\"potentialAction\":[{\"@type\":\"CommentAction\",\"name\":\"Comment\",\"target\":[\"https:\/\/distribution.audio-technica.eu\/es-es\/noticias\/genelec-eleva-su-experiencia-del-cliente-con-el-nuevo-virtual-showroom\/#respond\"]}]},{\"@type\":\"WebPage\",\"@id\":\"https:\/\/distribution.audio-technica.eu\/es-es\/noticias\/genelec-eleva-su-experiencia-del-cliente-con-el-nuevo-virtual-showroom\/\",\"url\":\"https:\/\/distribution.audio-technica.eu\/es-es\/noticias\/genelec-eleva-su-experiencia-del-cliente-con-el-nuevo-virtual-showroom\/\",\"name\":\"Genelec eleva su experiencia del cliente con el nuevo Virtual Showroom - Audio-Technica Iberia\",\"isPartOf\":{\"@id\":\"https:\/\/distribution.audio-technica.eu\/es-es\/#website\"},\"primaryImageOfPage\":{\"@id\":\"https:\/\/distribution.audio-technica.eu\/es-es\/noticias\/genelec-eleva-su-experiencia-del-cliente-con-el-nuevo-virtual-showroom\/#primaryimage\"},\"image\":{\"@id\":\"https:\/\/distribution.audio-technica.eu\/es-es\/noticias\/genelec-eleva-su-experiencia-del-cliente-con-el-nuevo-virtual-showroom\/#primaryimage\"},\"thumbnailUrl\":\"\/app\/uploads\/sites\/2\/WP-Virtual_Showroom_PR_banner-1.jpg\",\"datePublished\":\"2023-01-11T08:00:29+00:00\",\"dateModified\":\"2023-07-30T11:06:29+00:00\",\"author\":{\"@id\":\"https:\/\/distribution.audio-technica.eu\/es-es\/#\/schema\/person\/dbf0d33217ceab6329b4c3144742f2fb\"},\"breadcrumb\":{\"@id\":\"https:\/\/distribution.audio-technica.eu\/es-es\/noticias\/genelec-eleva-su-experiencia-del-cliente-con-el-nuevo-virtual-showroom\/#breadcrumb\"},\"inLanguage\":\"es\",\"potentialAction\":[{\"@type\":\"ReadAction\",\"target\":[\"https:\/\/distribution.audio-technica.eu\/es-es\/noticias\/genelec-eleva-su-experiencia-del-cliente-con-el-nuevo-virtual-showroom\/\"]}]},{\"@type\":\"ImageObject\",\"inLanguage\":\"es\",\"@id\":\"https:\/\/distribution.audio-technica.eu\/es-es\/noticias\/genelec-eleva-su-experiencia-del-cliente-con-el-nuevo-virtual-showroom\/#primaryimage\",\"url\":\"\/app\/uploads\/sites\/2\/WP-Virtual_Showroom_PR_banner-1.jpg\",\"contentUrl\":\"\/app\/uploads\/sites\/2\/WP-Virtual_Showroom_PR_banner-1.jpg\",\"width\":640,\"height\":360},{\"@type\":\"BreadcrumbList\",\"@id\":\"https:\/\/distribution.audio-technica.eu\/es-es\/noticias\/genelec-eleva-su-experiencia-del-cliente-con-el-nuevo-virtual-showroom\/#breadcrumb\",\"itemListElement\":[{\"@type\":\"ListItem\",\"position\":1,\"name\":\"Products\",\"item\":\"https:\/\/distribution.audio-technica.eu\/es-es\/\"},{\"@type\":\"ListItem\",\"position\":2,\"name\":\"Genelec eleva su experiencia del cliente con el nuevo Virtual Showroom\"}]},{\"@type\":\"WebSite\",\"@id\":\"https:\/\/distribution.audio-technica.eu\/es-es\/#website\",\"url\":\"https:\/\/distribution.audio-technica.eu\/es-es\/\",\"name\":\"Audio-Technica Iberia\",\"description\":\"Distribuci\u00f3n\",\"potentialAction\":[{\"@type\":\"SearchAction\",\"target\":{\"@type\":\"EntryPoint\",\"urlTemplate\":\"https:\/\/distribution.audio-technica.eu\/es-es\/?s={search_term_string}\"},\"query-input\":{\"@type\":\"PropertyValueSpecification\",\"valueRequired\":true,\"valueName\":\"search_term_string\"}}],\"inLanguage\":\"es\"},{\"@type\":\"Person\",\"@id\":\"https:\/\/distribution.audio-technica.eu\/es-es\/#\/schema\/person\/dbf0d33217ceab6329b4c3144742f2fb\",\"name\":\"ctorras\"}]}<\/script>\n<!-- \/ Yoast SEO plugin. -->","yoast_head_json":{"title":"Genelec eleva su experiencia del cliente con el nuevo Virtual Showroom - Audio-Technica Iberia","robots":{"index":"index","follow":"follow","max-snippet":"max-snippet:-1","max-image-preview":"max-image-preview:large","max-video-preview":"max-video-preview:-1"},"canonical":"https:\/\/distribution.audio-technica.eu\/es-es\/noticias\/genelec-eleva-su-experiencia-del-cliente-con-el-nuevo-virtual-showroom\/","og_locale":"es_ES","og_type":"article","og_title":"Genelec eleva su experiencia del cliente con el nuevo Virtual Showroom - Audio-Technica Iberia","og_description":"Para complementar su creciente red mundial de Centros de Experiencia f\u00edsicos, Genelec ha presentado su Sala de Exposici\u00f3n Virtual on line, donde los visitantes pueden explorar una amplia gama de sistemas y tecnolog\u00edas de altavoces activos en un conjunto de entornos de sala asombrosamente realistas. Esto permite a los clientes de los segmentos Studio, AV [&hellip;]","og_url":"https:\/\/distribution.audio-technica.eu\/es-es\/noticias\/genelec-eleva-su-experiencia-del-cliente-con-el-nuevo-virtual-showroom\/","og_site_name":"Audio-Technica Iberia","article_published_time":"2023-01-11T08:00:29+00:00","article_modified_time":"2023-07-30T11:06:29+00:00","og_image":[{"width":640,"height":360,"url":"https:\/\/distribution.audio-technica.eu\/app\/uploads\/sites\/2\/WP-Virtual_Showroom_PR_banner-1.jpg","type":"image\/jpeg"}],"author":"ctorras","twitter_card":"summary_large_image","twitter_misc":{"Escrito por":"ctorras","Tiempo de lectura":"2 minutos"},"schema":{"@context":"https:\/\/schema.org","@graph":[{"@type":"Article","@id":"https:\/\/distribution.audio-technica.eu\/es-es\/noticias\/genelec-eleva-su-experiencia-del-cliente-con-el-nuevo-virtual-showroom\/#article","isPartOf":{"@id":"https:\/\/distribution.audio-technica.eu\/es-es\/noticias\/genelec-eleva-su-experiencia-del-cliente-con-el-nuevo-virtual-showroom\/"},"author":{"name":"ctorras","@id":"https:\/\/distribution.audio-technica.eu\/es-es\/#\/schema\/person\/dbf0d33217ceab6329b4c3144742f2fb"},"headline":"Genelec eleva su experiencia del cliente con el nuevo Virtual Showroom","datePublished":"2023-01-11T08:00:29+00:00","dateModified":"2023-07-30T11:06:29+00:00","mainEntityOfPage":{"@id":"https:\/\/distribution.audio-technica.eu\/es-es\/noticias\/genelec-eleva-su-experiencia-del-cliente-con-el-nuevo-virtual-showroom\/"},"wordCount":425,"commentCount":0,"image":{"@id":"https:\/\/distribution.audio-technica.eu\/es-es\/noticias\/genelec-eleva-su-experiencia-del-cliente-con-el-nuevo-virtual-showroom\/#primaryimage"},"thumbnailUrl":"\/app\/uploads\/sites\/2\/WP-Virtual_Showroom_PR_banner-1.jpg","keywords":["Instalaci\u00f3n","Monitores de estudio"],"articleSection":["Noticias"],"inLanguage":"es","potentialAction":[{"@type":"CommentAction","name":"Comment","target":["https:\/\/distribution.audio-technica.eu\/es-es\/noticias\/genelec-eleva-su-experiencia-del-cliente-con-el-nuevo-virtual-showroom\/#respond"]}]},{"@type":"WebPage","@id":"https:\/\/distribution.audio-technica.eu\/es-es\/noticias\/genelec-eleva-su-experiencia-del-cliente-con-el-nuevo-virtual-showroom\/","url":"https:\/\/distribution.audio-technica.eu\/es-es\/noticias\/genelec-eleva-su-experiencia-del-cliente-con-el-nuevo-virtual-showroom\/","name":"Genelec eleva su experiencia del cliente con el nuevo Virtual Showroom - Audio-Technica Iberia","isPartOf":{"@id":"https:\/\/distribution.audio-technica.eu\/es-es\/#website"},"primaryImageOfPage":{"@id":"https:\/\/distribution.audio-technica.eu\/es-es\/noticias\/genelec-eleva-su-experiencia-del-cliente-con-el-nuevo-virtual-showroom\/#primaryimage"},"image":{"@id":"https:\/\/distribution.audio-technica.eu\/es-es\/noticias\/genelec-eleva-su-experiencia-del-cliente-con-el-nuevo-virtual-showroom\/#primaryimage"},"thumbnailUrl":"\/app\/uploads\/sites\/2\/WP-Virtual_Showroom_PR_banner-1.jpg","datePublished":"2023-01-11T08:00:29+00:00","dateModified":"2023-07-30T11:06:29+00:00","author":{"@id":"https:\/\/distribution.audio-technica.eu\/es-es\/#\/schema\/person\/dbf0d33217ceab6329b4c3144742f2fb"},"breadcrumb":{"@id":"https:\/\/distribution.audio-technica.eu\/es-es\/noticias\/genelec-eleva-su-experiencia-del-cliente-con-el-nuevo-virtual-showroom\/#breadcrumb"},"inLanguage":"es","potentialAction":[{"@type":"ReadAction","target":["https:\/\/distribution.audio-technica.eu\/es-es\/noticias\/genelec-eleva-su-experiencia-del-cliente-con-el-nuevo-virtual-showroom\/"]}]},{"@type":"ImageObject","inLanguage":"es","@id":"https:\/\/distribution.audio-technica.eu\/es-es\/noticias\/genelec-eleva-su-experiencia-del-cliente-con-el-nuevo-virtual-showroom\/#primaryimage","url":"\/app\/uploads\/sites\/2\/WP-Virtual_Showroom_PR_banner-1.jpg","contentUrl":"\/app\/uploads\/sites\/2\/WP-Virtual_Showroom_PR_banner-1.jpg","width":640,"height":360},{"@type":"BreadcrumbList","@id":"https:\/\/distribution.audio-technica.eu\/es-es\/noticias\/genelec-eleva-su-experiencia-del-cliente-con-el-nuevo-virtual-showroom\/#breadcrumb","itemListElement":[{"@type":"ListItem","position":1,"name":"Products","item":"https:\/\/distribution.audio-technica.eu\/es-es\/"},{"@type":"ListItem","position":2,"name":"Genelec eleva su experiencia del cliente con el nuevo Virtual Showroom"}]},{"@type":"WebSite","@id":"https:\/\/distribution.audio-technica.eu\/es-es\/#website","url":"https:\/\/distribution.audio-technica.eu\/es-es\/","name":"Audio-Technica Iberia","description":"Distribuci\u00f3n","potentialAction":[{"@type":"SearchAction","target":{"@type":"EntryPoint","urlTemplate":"https:\/\/distribution.audio-technica.eu\/es-es\/?s={search_term_string}"},"query-input":{"@type":"PropertyValueSpecification","valueRequired":true,"valueName":"search_term_string"}}],"inLanguage":"es"},{"@type":"Person","@id":"https:\/\/distribution.audio-technica.eu\/es-es\/#\/schema\/person\/dbf0d33217ceab6329b4c3144742f2fb","name":"ctorras"}]}},"_links":{"self":[{"href":"https:\/\/distribution.audio-technica.eu\/es-es\/wp-json\/wp\/v2\/posts\/27632","targetHints":{"allow":["GET"]}}],"collection":[{"href":"https:\/\/distribution.audio-technica.eu\/es-es\/wp-json\/wp\/v2\/posts"}],"about":[{"href":"https:\/\/distribution.audio-technica.eu\/es-es\/wp-json\/wp\/v2\/types\/post"}],"author":[{"embeddable":true,"href":"https:\/\/distribution.audio-technica.eu\/es-es\/wp-json\/wp\/v2\/users\/2"}],"replies":[{"embeddable":true,"href":"https:\/\/distribution.audio-technica.eu\/es-es\/wp-json\/wp\/v2\/comments?post=27632"}],"version-history":[{"count":1,"href":"https:\/\/distribution.audio-technica.eu\/es-es\/wp-json\/wp\/v2\/posts\/27632\/revisions"}],"predecessor-version":[{"id":27637,"href":"https:\/\/distribution.audio-technica.eu\/es-es\/wp-json\/wp\/v2\/posts\/27632\/revisions\/27637"}],"wp:featuredmedia":[{"embeddable":true,"href":"https:\/\/distribution.audio-technica.eu\/es-es\/wp-json\/wp\/v2\/media\/27638"}],"wp:attachment":[{"href":"https:\/\/distribution.audio-technica.eu\/es-es\/wp-json\/wp\/v2\/media?parent=27632"}],"wp:term":[{"taxonomy":"category","embeddable":true,"href":"https:\/\/distribution.audio-technica.eu\/es-es\/wp-json\/wp\/v2\/categories?post=27632"},{"taxonomy":"post_tag","embeddable":true,"href":"https:\/\/distribution.audio-technica.eu\/es-es\/wp-json\/wp\/v2\/tags?post=27632"}],"curies":[{"name":"wp","href":"https:\/\/api.w.org\/{rel}","templated":true}]}}