{"id":27651,"date":"2023-01-24T09:00:00","date_gmt":"2023-01-24T08:00:00","guid":{"rendered":"https:\/\/atdb-production.studiograft.dev\/es-es\/noticias\/genelec-presentara-en-ise-los-nuevos-modelos-de-altavoces-smart-ip-para-montaje-en-techo-y-colgante\/"},"modified":"2023-07-30T13:06:00","modified_gmt":"2023-07-30T11:06:00","slug":"genelec-presentara-en-ise-los-nuevos-modelos-de-altavoces-smart-ip-para-montaje-en-techo-y-colgante","status":"publish","type":"post","link":"https:\/\/distribution.audio-technica.eu\/es-es\/noticias\/genelec-presentara-en-ise-los-nuevos-modelos-de-altavoces-smart-ip-para-montaje-en-techo-y-colgante\/","title":{"rendered":"Genelec present\u00f3 en ISE los nuevos modelos de altavoces Smart IP para montaje en techo y colgante"},"content":{"rendered":"<h2>Los nuevos altavoces de instalaci\u00f3n en red 4435A y 4436A combinan un sonido excepcional con la comodidad de un solo cable.<\/h2>\n<p><a href=\"\/app\/uploads\/sites\/2\/WP-NdP-Genelec-Smart-IP-4435-4436-1.jpg\"><img loading=\"lazy\" decoding=\"async\" class=\"aligncenter size-fusion-800 wp-image-27402\" src=\"\/app\/uploads\/sites\/2\/WP-NdP-Genelec-Smart-IP-4435-4436-1.jpg\" alt=\"\" width=\"800\" height=\"560\" \/><\/a><\/p>\n<p>Genelec ampl\u00eda su familia Smart IP de sistemas de altavoces en red con la presentaci\u00f3n en ISE de los modelos 4435A empotrable y 4436A colgante. Las dos nuevas incorporaciones se unen a los modelos <a href=\"http:\/\/www.genelec.com\/smart-ip\" target=\"_blank\" rel=\"noopener\">Smart IP<\/a> de pared 4410, 4420 y 4430 para ofrecer una gama a\u00fan m\u00e1s amplia de soluciones de altavoces, con toda la comodidad, facilidad de instalaci\u00f3n y escalabilidad de la tecnolog\u00eda en red de cable \u00fanico de Smart IP en dos nuevos y populares formatos.<\/p>\n<p>Lanzada originalmente en 2019, la gama de altavoces Smart IP ofrece funciones flexibles de alimentaci\u00f3n, audio y gesti\u00f3n a trav\u00e9s de un cable CAT est\u00e1ndar. Todos los modelos, que producen un sonido excepcional con calidad de estudio, claridad, inteligibilidad y cobertura uniforme, se pueden combinar libremente en una red y son compatibles con los flujos Dante y AES67, y se alimentan mediante los formatos de alimentaci\u00f3n via Ethernet PoE o PoE+.<\/p>\n<p>Adem\u00e1s de recibir alimentaci\u00f3n y audio por IP, los modelos 4435A y 4436A incorporan un conector RJ45 en el panel trasero que permite acceder al <a href=\"https:\/\/www.genelec.com\/smart-ip-manager\" target=\"_blank\" rel=\"noopener\">Smart IP Manager<\/a> de Genelec, una sofisticada herramienta de software descargable que permite a los instaladores configurar un n\u00famero casi ilimitado de salas, zonas, altavoces y canales de audio, e incluye la detecci\u00f3n de dispositivos, un vers\u00e1til conjunto de herramientas de ecualizaci\u00f3n de salas, la organizaci\u00f3n del sistema y la supervisi\u00f3n del estado. Un conjunto de comandos API p\u00fablicos permite una f\u00e1cil integraci\u00f3n con sistemas de automatizaci\u00f3n de terceros o, para sistemas Smart IP menos complejos, se puede utilizar la intuitiva aplicaci\u00f3n m\u00f3vil <a href=\"https:\/\/www.genelec.com\/smart-ip-controller\" target=\"_blank\" rel=\"noopener\">Smart IP Controller<\/a> de Genelec para proporcionar al usuario final un control b\u00e1sico de las funciones clave de los altavoces.<\/p>\n<p>Ambos modelos comparten id\u00e9nticas especificaciones ac\u00fasticas y electr\u00f3nicas, e incorporan una tecnolog\u00eda patentada de fuente de alimentaci\u00f3n interna que almacena energ\u00eda para producir unos impresionantes 104 dB de SPL a corto plazo siempre que sea necesario. Con soporte para audio de baja latencia sin comprimir con sincronizaci\u00f3n de altavoces a nivel de submicrosegundos para una imagen ac\u00fastica s\u00f3lida, ambos modelos ofrecen una respuesta en frecuencia de 55 Hz &#8211; 39 kHz a trav\u00e9s de dos etapas de amplificaci\u00f3n internas independientes de 50 W de clase D, que accionan un woofer de 130 mm (5 1\/8 pulgadas) y un tweeter de c\u00fapula met\u00e1lica de 19 mm (3\/4 pulgadas). Este dise\u00f1o activo proporciona un rendimiento de audio \u00f3ptimo y elimina la necesidad de voluminosos racks de amplificadores externos y su cableado asociado. Adem\u00e1s de la compatibilidad con flujos de audio IP, tambi\u00e9n se admite la conectividad anal\u00f3gica a trav\u00e9s de un conector Euroblock, que puede utilizarse como respaldo a prueba de fallos o para permitir el control IP de una fuente anal\u00f3gica.<\/p>\n<p><a href=\"\/app\/uploads\/sites\/2\/WP-NdP-Genelec-Smart-IP-4435-1.jpg\"><img loading=\"lazy\" decoding=\"async\" class=\"aligncenter size-fusion-800 wp-image-27404\" src=\"\/app\/uploads\/sites\/2\/WP-NdP-Genelec-Smart-IP-4435-1.jpg\" alt=\"\" width=\"800\" height=\"437\" \/><\/a><\/p>\n<p>Creado en colaboraci\u00f3n con el prestigioso dise\u00f1ador industrial Harri Koskinen, el 4436A es el primer modelo colgante de Genelec, mientras que el ultra discreto 4435A sustituye al consolidado modelo anal\u00f3gico de empotrar en techo AIC25. Fabricados en acero duradero de alta calidad, los dos nuevos modelos pueden pedirse en varios acabados: blanco o negro para el 4436A, mientras que el 4435A puede pedirse con rejillas magn\u00e9ticas circulares o cuadradas, que pueden elegirse en blanco o negro.<\/p>\n<p>Fabricados seg\u00fan las normas medioambientales m\u00e1s exigentes en Iisalmi (Finlandia), los modelos 4435A y 4436A est\u00e1n dise\u00f1ados para integrarse a la perfecci\u00f3n con cualquier combinaci\u00f3n de modelos Smart IP, proporcionando d\u00e9cadas de rendimiento fiable incluso en los entornos m\u00e1s exigentes. Respaldadas por la bien ganada reputaci\u00f3n de Genelec por su inigualable asistencia t\u00e9cnica, las soluciones de altavoces Smart IP son una inversi\u00f3n segura a largo plazo para cualquier proyecto de instalaci\u00f3n audiovisual.<\/p>\n<p><em>\u00abLa incorporaci\u00f3n de los nuevos modelos de techo y colgantes convierte a Smart IP en una soluci\u00f3n a\u00fan m\u00e1s flexible, que se adapta a una gama a\u00fan m\u00e1s amplia y diversa de instalaciones\u00bb,<\/em> comenta Kati Pajukallio, Directora Comercial de AV de Genelec. \u00ab<em>El creciente n\u00famero de soluciones de altavoces Smart IP que se est\u00e1n instalando en prestigiosos proyectos de todo el mundo ha demostrado claramente que los altavoces en red son el futuro del audio instalado, y estamos seguros de que el mundo audiovisual dar\u00e1 una c\u00e1lida bienvenida a la tecnolog\u00eda de altavoces Smart IP en estos nuevos formatos<\/em>\u00ab.<\/p>\n<p>Ambos nuevos modelos har\u00e1n su debut mundial en la feria ISE de Barcelona del 31 de enero al 3 de febrero, en el stand 2H325 de Genelec.<\/p>\n<p>Para m\u00e1s informaci\u00f3n, visite <a href=\"http:\/\/www.genelec.com\/smart-ip\" target=\"_blank\" rel=\"noopener\">www.genelec.com\/smart-ip<\/a><\/p>\n<p>&nbsp;<\/p>\n<p>&nbsp;<\/p>\n","protected":false},"excerpt":{"rendered":"<p>Los nuevos altavoces de instalaci\u00f3n en red 4435A y 4436A combinan un sonido excepcional con la comodidad de un solo cable. Genelec ampl\u00eda su familia Smart IP de sistemas de altavoces en red con la presentaci\u00f3n en ISE de los modelos 4435A empotrable y 4436A colgante. Las dos nuevas incorporaciones se unen a los modelos [&hellip;]<\/p>\n","protected":false},"author":2,"featured_media":27655,"comment_status":"open","ping_status":"open","sticky":false,"template":"","format":"standard","meta":{"_acf_changed":false,"footnotes":""},"categories":[2456],"tags":[1553,2159],"class_list":["post-27651","post","type-post","status-publish","format-standard","has-post-thumbnail","hentry","category-novedades","tag-instalacion","tag-smart-ip"],"acf":[],"yoast_head":"<!-- This site is optimized with the Yoast SEO plugin v27.1.1 - https:\/\/yoast.com\/product\/yoast-seo-wordpress\/ -->\n<title>Genelec present\u00f3 en ISE los nuevos modelos de altavoces Smart IP para montaje en techo y colgante - Audio-Technica Iberia<\/title>\n<meta name=\"robots\" content=\"index, follow, max-snippet:-1, max-image-preview:large, max-video-preview:-1\" \/>\n<link rel=\"canonical\" href=\"https:\/\/distribution.audio-technica.eu\/es-es\/noticias\/genelec-presentara-en-ise-los-nuevos-modelos-de-altavoces-smart-ip-para-montaje-en-techo-y-colgante\/\" \/>\n<meta property=\"og:locale\" content=\"es_ES\" \/>\n<meta property=\"og:type\" content=\"article\" \/>\n<meta property=\"og:title\" content=\"Genelec present\u00f3 en ISE los nuevos modelos de altavoces Smart IP para montaje en techo y colgante - Audio-Technica Iberia\" \/>\n<meta property=\"og:description\" content=\"Los nuevos altavoces de instalaci\u00f3n en red 4435A y 4436A combinan un sonido excepcional con la comodidad de un solo cable. Genelec ampl\u00eda su familia Smart IP de sistemas de altavoces en red con la presentaci\u00f3n en ISE de los modelos 4435A empotrable y 4436A colgante. Las dos nuevas incorporaciones se unen a los modelos [&hellip;]\" \/>\n<meta property=\"og:url\" content=\"https:\/\/distribution.audio-technica.eu\/es-es\/noticias\/genelec-presentara-en-ise-los-nuevos-modelos-de-altavoces-smart-ip-para-montaje-en-techo-y-colgante\/\" \/>\n<meta property=\"og:site_name\" content=\"Audio-Technica Iberia\" \/>\n<meta property=\"article:published_time\" content=\"2023-01-24T08:00:00+00:00\" \/>\n<meta property=\"article:modified_time\" content=\"2023-07-30T11:06:00+00:00\" \/>\n<meta property=\"og:image\" content=\"https:\/\/distribution.audio-technica.eu\/app\/uploads\/sites\/2\/WP-NdP-Genelec-Smart-IP-4435-4436_banner-1.jpg\" \/>\n\t<meta property=\"og:image:width\" content=\"640\" \/>\n\t<meta property=\"og:image:height\" content=\"360\" \/>\n\t<meta property=\"og:image:type\" content=\"image\/jpeg\" \/>\n<meta name=\"author\" content=\"ctorras\" \/>\n<meta name=\"twitter:card\" content=\"summary_large_image\" \/>\n<meta name=\"twitter:label1\" content=\"Escrito por\" \/>\n\t<meta name=\"twitter:data1\" content=\"ctorras\" \/>\n\t<meta name=\"twitter:label2\" content=\"Tiempo de lectura\" \/>\n\t<meta name=\"twitter:data2\" content=\"4 minutos\" \/>\n<script type=\"application\/ld+json\" class=\"yoast-schema-graph\">{\"@context\":\"https:\/\/schema.org\",\"@graph\":[{\"@type\":\"Article\",\"@id\":\"https:\/\/distribution.audio-technica.eu\/es-es\/noticias\/genelec-presentara-en-ise-los-nuevos-modelos-de-altavoces-smart-ip-para-montaje-en-techo-y-colgante\/#article\",\"isPartOf\":{\"@id\":\"https:\/\/distribution.audio-technica.eu\/es-es\/noticias\/genelec-presentara-en-ise-los-nuevos-modelos-de-altavoces-smart-ip-para-montaje-en-techo-y-colgante\/\"},\"author\":{\"name\":\"ctorras\",\"@id\":\"https:\/\/distribution.audio-technica.eu\/es-es\/#\/schema\/person\/dbf0d33217ceab6329b4c3144742f2fb\"},\"headline\":\"Genelec present\u00f3 en ISE los nuevos modelos de altavoces Smart IP para montaje en techo y colgante\",\"datePublished\":\"2023-01-24T08:00:00+00:00\",\"dateModified\":\"2023-07-30T11:06:00+00:00\",\"mainEntityOfPage\":{\"@id\":\"https:\/\/distribution.audio-technica.eu\/es-es\/noticias\/genelec-presentara-en-ise-los-nuevos-modelos-de-altavoces-smart-ip-para-montaje-en-techo-y-colgante\/\"},\"wordCount\":830,\"commentCount\":0,\"image\":{\"@id\":\"https:\/\/distribution.audio-technica.eu\/es-es\/noticias\/genelec-presentara-en-ise-los-nuevos-modelos-de-altavoces-smart-ip-para-montaje-en-techo-y-colgante\/#primaryimage\"},\"thumbnailUrl\":\"\/app\/uploads\/sites\/2\/WP-NdP-Genelec-Smart-IP-4435-4436_banner-1.jpg\",\"keywords\":[\"Instalaci\u00f3n\",\"Smart IP\"],\"articleSection\":[\"Novedades\"],\"inLanguage\":\"es\",\"potentialAction\":[{\"@type\":\"CommentAction\",\"name\":\"Comment\",\"target\":[\"https:\/\/distribution.audio-technica.eu\/es-es\/noticias\/genelec-presentara-en-ise-los-nuevos-modelos-de-altavoces-smart-ip-para-montaje-en-techo-y-colgante\/#respond\"]}]},{\"@type\":\"WebPage\",\"@id\":\"https:\/\/distribution.audio-technica.eu\/es-es\/noticias\/genelec-presentara-en-ise-los-nuevos-modelos-de-altavoces-smart-ip-para-montaje-en-techo-y-colgante\/\",\"url\":\"https:\/\/distribution.audio-technica.eu\/es-es\/noticias\/genelec-presentara-en-ise-los-nuevos-modelos-de-altavoces-smart-ip-para-montaje-en-techo-y-colgante\/\",\"name\":\"Genelec present\u00f3 en ISE los nuevos modelos de altavoces Smart IP para montaje en techo y colgante - Audio-Technica Iberia\",\"isPartOf\":{\"@id\":\"https:\/\/distribution.audio-technica.eu\/es-es\/#website\"},\"primaryImageOfPage\":{\"@id\":\"https:\/\/distribution.audio-technica.eu\/es-es\/noticias\/genelec-presentara-en-ise-los-nuevos-modelos-de-altavoces-smart-ip-para-montaje-en-techo-y-colgante\/#primaryimage\"},\"image\":{\"@id\":\"https:\/\/distribution.audio-technica.eu\/es-es\/noticias\/genelec-presentara-en-ise-los-nuevos-modelos-de-altavoces-smart-ip-para-montaje-en-techo-y-colgante\/#primaryimage\"},\"thumbnailUrl\":\"\/app\/uploads\/sites\/2\/WP-NdP-Genelec-Smart-IP-4435-4436_banner-1.jpg\",\"datePublished\":\"2023-01-24T08:00:00+00:00\",\"dateModified\":\"2023-07-30T11:06:00+00:00\",\"author\":{\"@id\":\"https:\/\/distribution.audio-technica.eu\/es-es\/#\/schema\/person\/dbf0d33217ceab6329b4c3144742f2fb\"},\"breadcrumb\":{\"@id\":\"https:\/\/distribution.audio-technica.eu\/es-es\/noticias\/genelec-presentara-en-ise-los-nuevos-modelos-de-altavoces-smart-ip-para-montaje-en-techo-y-colgante\/#breadcrumb\"},\"inLanguage\":\"es\",\"potentialAction\":[{\"@type\":\"ReadAction\",\"target\":[\"https:\/\/distribution.audio-technica.eu\/es-es\/noticias\/genelec-presentara-en-ise-los-nuevos-modelos-de-altavoces-smart-ip-para-montaje-en-techo-y-colgante\/\"]}]},{\"@type\":\"ImageObject\",\"inLanguage\":\"es\",\"@id\":\"https:\/\/distribution.audio-technica.eu\/es-es\/noticias\/genelec-presentara-en-ise-los-nuevos-modelos-de-altavoces-smart-ip-para-montaje-en-techo-y-colgante\/#primaryimage\",\"url\":\"\/app\/uploads\/sites\/2\/WP-NdP-Genelec-Smart-IP-4435-4436_banner-1.jpg\",\"contentUrl\":\"\/app\/uploads\/sites\/2\/WP-NdP-Genelec-Smart-IP-4435-4436_banner-1.jpg\",\"width\":640,\"height\":360},{\"@type\":\"BreadcrumbList\",\"@id\":\"https:\/\/distribution.audio-technica.eu\/es-es\/noticias\/genelec-presentara-en-ise-los-nuevos-modelos-de-altavoces-smart-ip-para-montaje-en-techo-y-colgante\/#breadcrumb\",\"itemListElement\":[{\"@type\":\"ListItem\",\"position\":1,\"name\":\"Products\",\"item\":\"https:\/\/distribution.audio-technica.eu\/es-es\/\"},{\"@type\":\"ListItem\",\"position\":2,\"name\":\"Genelec present\u00f3 en ISE los nuevos modelos de altavoces Smart IP para montaje en techo y colgante\"}]},{\"@type\":\"WebSite\",\"@id\":\"https:\/\/distribution.audio-technica.eu\/es-es\/#website\",\"url\":\"https:\/\/distribution.audio-technica.eu\/es-es\/\",\"name\":\"Audio-Technica Iberia\",\"description\":\"Distribuci\u00f3n\",\"potentialAction\":[{\"@type\":\"SearchAction\",\"target\":{\"@type\":\"EntryPoint\",\"urlTemplate\":\"https:\/\/distribution.audio-technica.eu\/es-es\/?s={search_term_string}\"},\"query-input\":{\"@type\":\"PropertyValueSpecification\",\"valueRequired\":true,\"valueName\":\"search_term_string\"}}],\"inLanguage\":\"es\"},{\"@type\":\"Person\",\"@id\":\"https:\/\/distribution.audio-technica.eu\/es-es\/#\/schema\/person\/dbf0d33217ceab6329b4c3144742f2fb\",\"name\":\"ctorras\"}]}<\/script>\n<!-- \/ Yoast SEO plugin. -->","yoast_head_json":{"title":"Genelec present\u00f3 en ISE los nuevos modelos de altavoces Smart IP para montaje en techo y colgante - Audio-Technica Iberia","robots":{"index":"index","follow":"follow","max-snippet":"max-snippet:-1","max-image-preview":"max-image-preview:large","max-video-preview":"max-video-preview:-1"},"canonical":"https:\/\/distribution.audio-technica.eu\/es-es\/noticias\/genelec-presentara-en-ise-los-nuevos-modelos-de-altavoces-smart-ip-para-montaje-en-techo-y-colgante\/","og_locale":"es_ES","og_type":"article","og_title":"Genelec present\u00f3 en ISE los nuevos modelos de altavoces Smart IP para montaje en techo y colgante - Audio-Technica Iberia","og_description":"Los nuevos altavoces de instalaci\u00f3n en red 4435A y 4436A combinan un sonido excepcional con la comodidad de un solo cable. Genelec ampl\u00eda su familia Smart IP de sistemas de altavoces en red con la presentaci\u00f3n en ISE de los modelos 4435A empotrable y 4436A colgante. Las dos nuevas incorporaciones se unen a los modelos [&hellip;]","og_url":"https:\/\/distribution.audio-technica.eu\/es-es\/noticias\/genelec-presentara-en-ise-los-nuevos-modelos-de-altavoces-smart-ip-para-montaje-en-techo-y-colgante\/","og_site_name":"Audio-Technica Iberia","article_published_time":"2023-01-24T08:00:00+00:00","article_modified_time":"2023-07-30T11:06:00+00:00","og_image":[{"width":640,"height":360,"url":"https:\/\/distribution.audio-technica.eu\/app\/uploads\/sites\/2\/WP-NdP-Genelec-Smart-IP-4435-4436_banner-1.jpg","type":"image\/jpeg"}],"author":"ctorras","twitter_card":"summary_large_image","twitter_misc":{"Escrito por":"ctorras","Tiempo de lectura":"4 minutos"},"schema":{"@context":"https:\/\/schema.org","@graph":[{"@type":"Article","@id":"https:\/\/distribution.audio-technica.eu\/es-es\/noticias\/genelec-presentara-en-ise-los-nuevos-modelos-de-altavoces-smart-ip-para-montaje-en-techo-y-colgante\/#article","isPartOf":{"@id":"https:\/\/distribution.audio-technica.eu\/es-es\/noticias\/genelec-presentara-en-ise-los-nuevos-modelos-de-altavoces-smart-ip-para-montaje-en-techo-y-colgante\/"},"author":{"name":"ctorras","@id":"https:\/\/distribution.audio-technica.eu\/es-es\/#\/schema\/person\/dbf0d33217ceab6329b4c3144742f2fb"},"headline":"Genelec present\u00f3 en ISE los nuevos modelos de altavoces Smart IP para montaje en techo y colgante","datePublished":"2023-01-24T08:00:00+00:00","dateModified":"2023-07-30T11:06:00+00:00","mainEntityOfPage":{"@id":"https:\/\/distribution.audio-technica.eu\/es-es\/noticias\/genelec-presentara-en-ise-los-nuevos-modelos-de-altavoces-smart-ip-para-montaje-en-techo-y-colgante\/"},"wordCount":830,"commentCount":0,"image":{"@id":"https:\/\/distribution.audio-technica.eu\/es-es\/noticias\/genelec-presentara-en-ise-los-nuevos-modelos-de-altavoces-smart-ip-para-montaje-en-techo-y-colgante\/#primaryimage"},"thumbnailUrl":"\/app\/uploads\/sites\/2\/WP-NdP-Genelec-Smart-IP-4435-4436_banner-1.jpg","keywords":["Instalaci\u00f3n","Smart IP"],"articleSection":["Novedades"],"inLanguage":"es","potentialAction":[{"@type":"CommentAction","name":"Comment","target":["https:\/\/distribution.audio-technica.eu\/es-es\/noticias\/genelec-presentara-en-ise-los-nuevos-modelos-de-altavoces-smart-ip-para-montaje-en-techo-y-colgante\/#respond"]}]},{"@type":"WebPage","@id":"https:\/\/distribution.audio-technica.eu\/es-es\/noticias\/genelec-presentara-en-ise-los-nuevos-modelos-de-altavoces-smart-ip-para-montaje-en-techo-y-colgante\/","url":"https:\/\/distribution.audio-technica.eu\/es-es\/noticias\/genelec-presentara-en-ise-los-nuevos-modelos-de-altavoces-smart-ip-para-montaje-en-techo-y-colgante\/","name":"Genelec present\u00f3 en ISE los nuevos modelos de altavoces Smart IP para montaje en techo y colgante - Audio-Technica Iberia","isPartOf":{"@id":"https:\/\/distribution.audio-technica.eu\/es-es\/#website"},"primaryImageOfPage":{"@id":"https:\/\/distribution.audio-technica.eu\/es-es\/noticias\/genelec-presentara-en-ise-los-nuevos-modelos-de-altavoces-smart-ip-para-montaje-en-techo-y-colgante\/#primaryimage"},"image":{"@id":"https:\/\/distribution.audio-technica.eu\/es-es\/noticias\/genelec-presentara-en-ise-los-nuevos-modelos-de-altavoces-smart-ip-para-montaje-en-techo-y-colgante\/#primaryimage"},"thumbnailUrl":"\/app\/uploads\/sites\/2\/WP-NdP-Genelec-Smart-IP-4435-4436_banner-1.jpg","datePublished":"2023-01-24T08:00:00+00:00","dateModified":"2023-07-30T11:06:00+00:00","author":{"@id":"https:\/\/distribution.audio-technica.eu\/es-es\/#\/schema\/person\/dbf0d33217ceab6329b4c3144742f2fb"},"breadcrumb":{"@id":"https:\/\/distribution.audio-technica.eu\/es-es\/noticias\/genelec-presentara-en-ise-los-nuevos-modelos-de-altavoces-smart-ip-para-montaje-en-techo-y-colgante\/#breadcrumb"},"inLanguage":"es","potentialAction":[{"@type":"ReadAction","target":["https:\/\/distribution.audio-technica.eu\/es-es\/noticias\/genelec-presentara-en-ise-los-nuevos-modelos-de-altavoces-smart-ip-para-montaje-en-techo-y-colgante\/"]}]},{"@type":"ImageObject","inLanguage":"es","@id":"https:\/\/distribution.audio-technica.eu\/es-es\/noticias\/genelec-presentara-en-ise-los-nuevos-modelos-de-altavoces-smart-ip-para-montaje-en-techo-y-colgante\/#primaryimage","url":"\/app\/uploads\/sites\/2\/WP-NdP-Genelec-Smart-IP-4435-4436_banner-1.jpg","contentUrl":"\/app\/uploads\/sites\/2\/WP-NdP-Genelec-Smart-IP-4435-4436_banner-1.jpg","width":640,"height":360},{"@type":"BreadcrumbList","@id":"https:\/\/distribution.audio-technica.eu\/es-es\/noticias\/genelec-presentara-en-ise-los-nuevos-modelos-de-altavoces-smart-ip-para-montaje-en-techo-y-colgante\/#breadcrumb","itemListElement":[{"@type":"ListItem","position":1,"name":"Products","item":"https:\/\/distribution.audio-technica.eu\/es-es\/"},{"@type":"ListItem","position":2,"name":"Genelec present\u00f3 en ISE los nuevos modelos de altavoces Smart IP para montaje en techo y colgante"}]},{"@type":"WebSite","@id":"https:\/\/distribution.audio-technica.eu\/es-es\/#website","url":"https:\/\/distribution.audio-technica.eu\/es-es\/","name":"Audio-Technica Iberia","description":"Distribuci\u00f3n","potentialAction":[{"@type":"SearchAction","target":{"@type":"EntryPoint","urlTemplate":"https:\/\/distribution.audio-technica.eu\/es-es\/?s={search_term_string}"},"query-input":{"@type":"PropertyValueSpecification","valueRequired":true,"valueName":"search_term_string"}}],"inLanguage":"es"},{"@type":"Person","@id":"https:\/\/distribution.audio-technica.eu\/es-es\/#\/schema\/person\/dbf0d33217ceab6329b4c3144742f2fb","name":"ctorras"}]}},"_links":{"self":[{"href":"https:\/\/distribution.audio-technica.eu\/es-es\/wp-json\/wp\/v2\/posts\/27651","targetHints":{"allow":["GET"]}}],"collection":[{"href":"https:\/\/distribution.audio-technica.eu\/es-es\/wp-json\/wp\/v2\/posts"}],"about":[{"href":"https:\/\/distribution.audio-technica.eu\/es-es\/wp-json\/wp\/v2\/types\/post"}],"author":[{"embeddable":true,"href":"https:\/\/distribution.audio-technica.eu\/es-es\/wp-json\/wp\/v2\/users\/2"}],"replies":[{"embeddable":true,"href":"https:\/\/distribution.audio-technica.eu\/es-es\/wp-json\/wp\/v2\/comments?post=27651"}],"version-history":[{"count":1,"href":"https:\/\/distribution.audio-technica.eu\/es-es\/wp-json\/wp\/v2\/posts\/27651\/revisions"}],"predecessor-version":[{"id":27654,"href":"https:\/\/distribution.audio-technica.eu\/es-es\/wp-json\/wp\/v2\/posts\/27651\/revisions\/27654"}],"wp:featuredmedia":[{"embeddable":true,"href":"https:\/\/distribution.audio-technica.eu\/es-es\/wp-json\/wp\/v2\/media\/27655"}],"wp:attachment":[{"href":"https:\/\/distribution.audio-technica.eu\/es-es\/wp-json\/wp\/v2\/media?parent=27651"}],"wp:term":[{"taxonomy":"category","embeddable":true,"href":"https:\/\/distribution.audio-technica.eu\/es-es\/wp-json\/wp\/v2\/categories?post=27651"},{"taxonomy":"post_tag","embeddable":true,"href":"https:\/\/distribution.audio-technica.eu\/es-es\/wp-json\/wp\/v2\/tags?post=27651"}],"curies":[{"name":"wp","href":"https:\/\/api.w.org\/{rel}","templated":true}]}}