{"id":27758,"date":"2023-06-26T15:16:54","date_gmt":"2023-06-26T13:16:54","guid":{"rendered":"https:\/\/atdb-production.studiograft.dev\/es-es\/noticias\/sonobox-sala-2-genelec-multicanal-dolby-atmos\/"},"modified":"2023-07-30T13:00:56","modified_gmt":"2023-07-30T11:00:56","slug":"sonobox-sala-2-genelec-multicanal-dolby-atmos","status":"publish","type":"post","link":"https:\/\/distribution.audio-technica.eu\/es-es\/noticias\/sonobox-sala-2-genelec-multicanal-dolby-atmos\/","title":{"rendered":"Sonobox equipa su sala 2 con monitorizaci\u00f3n Genelec destinada a mezcla multicanal y Dolby Atmos"},"content":{"rendered":"<h2>Sonobox, con 25 a\u00f1os de experiencia y tras m\u00faltiples \u00e9xitos superventas y premios que avalan su trabajo, se ha convertido en un lugar de referencia dentro de la industria musical. Han participado en trabajos que han sido galardonados con Premios de la M\u00fasica, Premios de la M\u00fasica Independiente, Premios Ondas, Premios Ojo Cr\u00edtico y nominados a los Grammy Latinos. Ahora, siguiendo con su tradici\u00f3n de colocarse siempre a la vanguardia tecnol\u00f3gica, apuesta por equipar su estudio 2 con un sistema de monitorizaci\u00f3n Genelec capaz de aportar las mejores herramientas para afrontar la mezcla multicanal y el formato Dolby Atmos.<\/h2>\n<p><a href=\"\/app\/uploads\/sites\/2\/WP-Sonobox-7-1.jpg\"><img loading=\"lazy\" decoding=\"async\" class=\"aligncenter wp-image-28579 size-fusion-800\" src=\"\/app\/uploads\/sites\/2\/WP-Sonobox-7-1.jpg\" alt=\"\" width=\"800\" height=\"533\" \/><\/a><\/p>\n<p><a href=\"https:\/\/sonobox.es\/\" target=\"_blank\" rel=\"noopener\">Sonobox<\/a> naci\u00f3 en 1995, convirti\u00e9ndose desde sus inicios en uno de los primeros estudios en Madrid regido e inspirado por y para m\u00fasicos y productores. Se gest\u00f3 con el af\u00e1n y la filosof\u00eda de desarrollar proyectos de amplio espectro estil\u00edstico, y de ofrecer todos los servicios inherentes dentro del proceso de una producci\u00f3n musical. La obra de ingenier\u00eda ac\u00fastica fue realizada por Philip Newell y Reflexi\u00f3n Arts, creando salas \u201cnon environment\u201d con un sonido neutro y preciso. <em>\u201cLa forma de poder mantener un estudio y productora durante cerca de 30 a\u00f1os ya, siempre ha sido tratar de evolucionar de la mano con la tecnolog\u00eda, las nuevas propuestas musicales y el profundo cambio estructural que se ha producido en la industria de la m\u00fasica. Estar siempre atento y adaptarse a todos estos cambios. Y no perder nunca en el camino, la ilusi\u00f3n y el amor por el oficio,\u201d<\/em> afirma Manuel.<\/p>\n<p>Manuel Colmenero es un usuario veterano de los monitores Genelec. Su primer contacto con la firma se produjo en 1995, de la mano de unos monitores Genelec S30C complementados con unos monitores Yamaha NS-10. Seg\u00fan nos explica, \u201c<em>durante muchos a\u00f1os ese ha sido para m\u00ed el \u201ccombo killer\u201d de escucha y monitorizaci\u00f3n. Tengo un recuerdo maravilloso de las S30C. Proporcionaban un sonido \u201cdulce\u201d gracias a su tweeter de cinta. Cumplieron una labor fundamental en las primeras instalaciones de Sonobox<\/em>\u201d.<\/p>\n<p>Como ya se ha dicho, Sonobox dispone de dos estudios dise\u00f1ados por Philip Newell. El Estudio 1 est\u00e1 destinado a la producci\u00f3n y mezcla en est\u00e9reo. El estudio 2 se utiliza para mezcla multicanal y formato Atmos. Con calibraci\u00f3n realizada por Dolby Labs. la sala de grabaci\u00f3n cuenta con ac\u00fastica variable y sorprendente claridad y naturalidad. El equipamiento incluye lo mejor del mundo anal\u00f3gico y del digital.<\/p>\n<p>Seg\u00fan afirma Manuel, \u201c<em>Hay una interacci\u00f3n muy productiva entre los dos estudios. Muchas producciones se gestan a nivel creativo en el Estudio 2, se graban y mezclan y masterizan en est\u00e9reo en el Estudio1, para luego regresar al Estudio 2 y finalizar mezcla en Atmos<\/em>\u201d,<\/p>\n<p><a href=\"\/app\/uploads\/sites\/2\/WP-Sonobox-5-1.jpg\"><img loading=\"lazy\" decoding=\"async\" class=\"aligncenter size-fusion-800 wp-image-28578\" src=\"\/app\/uploads\/sites\/2\/WP-Sonobox-5-1.jpg\" alt=\"\" width=\"800\" height=\"586\" \/><\/a><\/p>\n<p>El Estudio 1 est\u00e1 equipado con monitores activos <a href=\"https:\/\/www.genelec.com\/1238a\" target=\"_blank\" rel=\"noopener\">SAM 1238A<\/a> de 3 v\u00edas, 15\u201d. En el nuevo estudio 2 se han instalado 8 monitores <a href=\"https:\/\/www.genelec.com\/8320a\" target=\"_blank\" rel=\"noopener\">SAM 8320A<\/a>, 3 monitores <a href=\"https:\/\/www.genelec.com\/8340a\" target=\"_blank\" rel=\"noopener\">SAM 8340A<\/a> y un subgrave <a href=\"https:\/\/www.genelec.com\/7360a\" target=\"_blank\" rel=\"noopener\">SAM 7360A<\/a>.<\/p>\n<p>El monitor 8320A, una compacta unidad activa SAM de 2 v\u00edas, incorpora un transductor de graves de 4\u201d y uno de agudos de \u00be\u201d con c\u00fapula met\u00e1lica y DCW. Incorpora una amplificaci\u00f3n de 50 W en graves y 50 W en agudos. El monitor activo SAM 8340A de 2 v\u00edas, dispone de un transductor de graves de 6,5\u201d y uno de agudos de \u00be\u201d con c\u00fapula met\u00e1lica y DCW. Ofrece una amplificaci\u00f3n de 150 W en graves y 150 W en agudos. Por su parte, el subgrave auto amplificado SAM 7360A incorpora un altavoz de 10\u201d, alojado en un recinto patentado Laminar Spiral Enclosure (LSE), que proporciona m\u00e1s nivel de salida con una precisa articulaci\u00f3n de los graves y una distorsi\u00f3n muy baja. Est\u00e1 equipado con un amplificador Clase D dise\u00f1ado y fabricado por Genelec, que proporciona un elevado SPL, alta fiabilidad y una distorsi\u00f3n muy baja<\/p>\n<p>La larga experiencia de Manuel Colmenero como productor, m\u00fasico e ingeniero de sonido le ha proporcionado unas bases muy s\u00f3lidas que le permiten valorar con plena objetividad y conocimiento un sistema de monitores, y sobre ello afirma, \u201c<em>a estas alturas de mi vida profesional y en base a mi experiencia, mi percepci\u00f3n es que el mejor monitor que vas a tener siempre es aquel que mejor conoces. Adem\u00e1s de saber c\u00f3mo \u201copina\u201d tu sala y la interacci\u00f3n que se produce entre ambos. No creo que ning\u00fan monitor diga \u201cLa Verdad\u201d sobre el hecho ac\u00fastico que reproduce. Sino que tiene maneras de interpret\u00e1rtelo y cont\u00e1rtelo. De ah\u00ed que el camino de llegada sea que tenga una inmejorable traslaci\u00f3n hacia el mundo exterior cuando se escucha el m\u00e1ster en otros sistemas. Que te anticipe e informe de posibles deficiencias en la grabaci\u00f3n, mix y mastering. Y no menos importante que te \u201cabrace\u201d el sonido y te inspire a la hora de trabajar.<\/em>\u201d<\/p>\n<p>\u201c<em>A base de probar distintos sistemas a lo largo de los a\u00f1os, he ido descartando monitores que me parecen muy \u201ccl\u00ednicos\u201d, que dan un excesivo desglose de la m\u00fasica que creo que inherentemente no existe. Tambi\u00e9n monitores \u201cduros\u201d que hacen que escuchar y trabajar con la m\u00fasica no sea una experiencia placentera. Es como ir de viaje siempre en un coche de \u201cRally\u201d pr\u00e1cticamente sin suspensi\u00f3n. Obviamente toda esta dial\u00e9ctica se incluye en el cap\u00edtulo de los gustos y las opiniones personales.\u201d<\/em><\/p>\n<p><a href=\"\/app\/uploads\/sites\/2\/WP-Sonobox-1-1.jpg\"><img loading=\"lazy\" decoding=\"async\" class=\"aligncenter size-fusion-800 wp-image-28575\" src=\"\/app\/uploads\/sites\/2\/WP-Sonobox-1-1.jpg\" alt=\"\" width=\"800\" height=\"533\" \/><\/a><\/p>\n<p>Sobre los monitores Genelec, Manuel Colmenero destaca \u201c<em>la traslaci\u00f3n y la musicalidad que tiene cualquiera de sus modelos. En mi opini\u00f3n, hay una falsa creencia sobre Genelec, y es que \u2019no te esfuerzas en refinar el sonido porque suena todo bien desde el principio\u2019. Como cualquier monitor, requiere una curva de aprendizaje y, una vez adquirida, aprendes tambi\u00e9n a discernir lo que suena mal a lo que suena bien, y en qu\u00e9 \u00e1reas o focos debes centrarte para mejorar. Creo que el \u00e9xito de una producci\u00f3n se basa en las canciones, en las ideas y en el alma del artista y c\u00f3mo hayamos conseguido \u201chacer viajar\u201d eso con nuestra labor como productores. Y sobre todo emocionar con ello. Una correcta monitorizaci\u00f3n va a ser veh\u00edculo de ese viaje y parte importante en muchas \u201ctomas de decisiones\u201d tanto art\u00edsticas como t\u00e9cnicas<\/em>\u201d. Tambi\u00e9n destaca lo replicable que es el trabajo cuando se cambia de modelo o se trabaja en otro estudio. \u201c<em>Actualmente dispongo de 3 salas, 2 en Sonobox y una en mi casa y puedo editar, mezclar o masterizar en cada una de ellas sin sorpresas cuando trabajo entre una y otra<\/em>\u201d, afirma.<\/p>\n<p>Adem\u00e1s de su musicalidad, precisi\u00f3n y fidelidad, Manuel destaca otro aspecto poco comentado habitualmente: \u201c<em>Es algo interesante; desde hace a\u00f1os, detecto que, tanto artistas como clientes, \u201cconectan\u201d con la escucha a trav\u00e9s de Genelec porque les resulta familiar y parejo a equipos de Hifi externos, car audio, auriculares etc, que ellos tienen y conocen. Cuando ha habido otro sistema de monitores distinto, siempre ped\u00edan escuchar las mezclas o el m\u00e1ster a trav\u00e9s de Genelec<\/em>\u201d.<\/p>\n<p>Su opini\u00f3n sobre el <a href=\"https:\/\/www.genelec.com\/glm\" target=\"_blank\" rel=\"noopener\">software GLM<\/a> tambi\u00e9n es n\u00edtidamente clara: \u201c<em>Es una maravilla. Facilita much\u00edsimo las cosas. En primer lugar, por el ajuste ac\u00fastico que hace de tu sala. En el caso de Sonobox, las salas tienen un control ac\u00fastico impresionante gracias a la labor de Philip Newell, pero entiendo que, en otros entornos menos controlados, GLM es una ayuda crucial. En segundo lugar, la posibilidad que ofrece de, en cuesti\u00f3n de segundos, saltar del sistema Atmos a 2.1, 5.1 etc, y tener una calibraci\u00f3n \u201cad hoc\u201d para cada uno de ellos en funci\u00f3n tambi\u00e9n de la posici\u00f3n de escucha en la sala<\/em>\u201d.<\/p>\n<p><a href=\"\/app\/uploads\/sites\/2\/WP-Sonobox-2-1.jpg\"><img loading=\"lazy\" decoding=\"async\" class=\"aligncenter size-fusion-800 wp-image-28577\" src=\"\/app\/uploads\/sites\/2\/WP-Sonobox-2-1.jpg\" alt=\"\" width=\"800\" height=\"533\" \/><\/a><\/p>\n<p>Sobre sus proyectos futuros, nos comenta: \u201c<em>es muy motivador el hecho de que artistas que realizan la producci\u00f3n en Sonobox, quieran ver tambi\u00e9n sus trabajos realizados en Atmos. Y yendo m\u00e1s lejos, de cara a un futuro pr\u00f3ximo, empezar de cero la producci\u00f3n ya en este formato. Para m\u00ed esto es muy ilusionante, porque abre nuevas v\u00edas de trabajo inexploradas tanto en lo art\u00edstico como en lo t\u00e9cnico<\/em>\u201d.<\/p>\n<p>Y \u00bfsobre su grado de satisfacci\u00f3n?: \u201c<em>Por el momento, muy satisfecho. Y muy agradecido a Roberto L\u00f3pez de Audio-Technica Iberia por todo el asesoramiento y servicio tan profesional<\/em>\u201d.<\/p>\n<p>Para m\u00e1s informaci\u00f3n sobre Genelec visite <a href=\"http:\/\/www.genelec.com\" target=\"_blank\" rel=\"noopener\">www.genelec.com<\/a><\/p>\n<p>Para m\u00e1s informaci\u00f3n sobre Sonobox visite <a href=\"https:\/\/sonobox.es\/\" target=\"_blank\" rel=\"noopener\">sonobox.es<\/a><\/p>\n<p>&nbsp;<\/p>\n<p>&nbsp;<\/p>\n","protected":false},"excerpt":{"rendered":"<p>Sonobox, con 25 a\u00f1os de experiencia y tras m\u00faltiples \u00e9xitos superventas y premios que avalan su trabajo, se ha convertido en un lugar de referencia dentro de la industria musical. Han participado en trabajos que han sido galardonados con Premios de la M\u00fasica, Premios de la M\u00fasica Independiente, Premios Ondas, Premios Ojo Cr\u00edtico y nominados [&hellip;]<\/p>\n","protected":false},"author":2,"featured_media":27764,"comment_status":"open","ping_status":"open","sticky":false,"template":"","format":"standard","meta":{"_acf_changed":false,"footnotes":""},"categories":[2459],"tags":[2371,1649,1567],"class_list":["post-27758","post","type-post","status-publish","format-standard","has-post-thumbnail","hentry","category-usuarios","tag-dolby-atmos","tag-multicanal","tag-sam"],"acf":[],"yoast_head":"<!-- This site is optimized with the Yoast SEO plugin v27.1.1 - https:\/\/yoast.com\/product\/yoast-seo-wordpress\/ -->\n<title>Sonobox equipa su sala 2 con monitorizaci\u00f3n Genelec destinada a mezcla multicanal y Dolby Atmos - Audio-Technica Iberia<\/title>\n<meta name=\"robots\" content=\"index, follow, max-snippet:-1, max-image-preview:large, max-video-preview:-1\" \/>\n<link rel=\"canonical\" href=\"https:\/\/distribution.audio-technica.eu\/es-es\/noticias\/sonobox-sala-2-genelec-multicanal-dolby-atmos\/\" \/>\n<meta property=\"og:locale\" content=\"es_ES\" \/>\n<meta property=\"og:type\" content=\"article\" \/>\n<meta property=\"og:title\" content=\"Sonobox equipa su sala 2 con monitorizaci\u00f3n Genelec destinada a mezcla multicanal y Dolby Atmos - Audio-Technica Iberia\" \/>\n<meta property=\"og:description\" content=\"Sonobox, con 25 a\u00f1os de experiencia y tras m\u00faltiples \u00e9xitos superventas y premios que avalan su trabajo, se ha convertido en un lugar de referencia dentro de la industria musical. Han participado en trabajos que han sido galardonados con Premios de la M\u00fasica, Premios de la M\u00fasica Independiente, Premios Ondas, Premios Ojo Cr\u00edtico y nominados [&hellip;]\" \/>\n<meta property=\"og:url\" content=\"https:\/\/distribution.audio-technica.eu\/es-es\/noticias\/sonobox-sala-2-genelec-multicanal-dolby-atmos\/\" \/>\n<meta property=\"og:site_name\" content=\"Audio-Technica Iberia\" \/>\n<meta property=\"article:published_time\" content=\"2023-06-26T13:16:54+00:00\" \/>\n<meta property=\"article:modified_time\" content=\"2023-07-30T11:00:56+00:00\" \/>\n<meta property=\"og:image\" content=\"https:\/\/distribution.audio-technica.eu\/app\/uploads\/sites\/2\/WP-Sonobox1-banner-1.jpg\" \/>\n\t<meta property=\"og:image:width\" content=\"640\" \/>\n\t<meta property=\"og:image:height\" content=\"360\" \/>\n\t<meta property=\"og:image:type\" content=\"image\/jpeg\" \/>\n<meta name=\"author\" content=\"ctorras\" \/>\n<meta name=\"twitter:card\" content=\"summary_large_image\" \/>\n<meta name=\"twitter:label1\" content=\"Escrito por\" \/>\n\t<meta name=\"twitter:data1\" content=\"ctorras\" \/>\n\t<meta name=\"twitter:label2\" content=\"Tiempo de lectura\" \/>\n\t<meta name=\"twitter:data2\" content=\"7 minutos\" \/>\n<script type=\"application\/ld+json\" class=\"yoast-schema-graph\">{\"@context\":\"https:\/\/schema.org\",\"@graph\":[{\"@type\":\"Article\",\"@id\":\"https:\/\/distribution.audio-technica.eu\/es-es\/noticias\/sonobox-sala-2-genelec-multicanal-dolby-atmos\/#article\",\"isPartOf\":{\"@id\":\"https:\/\/distribution.audio-technica.eu\/es-es\/noticias\/sonobox-sala-2-genelec-multicanal-dolby-atmos\/\"},\"author\":{\"name\":\"ctorras\",\"@id\":\"https:\/\/distribution.audio-technica.eu\/es-es\/#\/schema\/person\/dbf0d33217ceab6329b4c3144742f2fb\"},\"headline\":\"Sonobox equipa su sala 2 con monitorizaci\u00f3n Genelec destinada a mezcla multicanal y Dolby Atmos\",\"datePublished\":\"2023-06-26T13:16:54+00:00\",\"dateModified\":\"2023-07-30T11:00:56+00:00\",\"mainEntityOfPage\":{\"@id\":\"https:\/\/distribution.audio-technica.eu\/es-es\/noticias\/sonobox-sala-2-genelec-multicanal-dolby-atmos\/\"},\"wordCount\":1446,\"commentCount\":0,\"image\":{\"@id\":\"https:\/\/distribution.audio-technica.eu\/es-es\/noticias\/sonobox-sala-2-genelec-multicanal-dolby-atmos\/#primaryimage\"},\"thumbnailUrl\":\"\/app\/uploads\/sites\/2\/WP-Sonobox1-banner-1.jpg\",\"keywords\":[\"Dolby Atmos\",\"multicanal\",\"SAM\"],\"articleSection\":[\"Usuarios\"],\"inLanguage\":\"es\",\"potentialAction\":[{\"@type\":\"CommentAction\",\"name\":\"Comment\",\"target\":[\"https:\/\/distribution.audio-technica.eu\/es-es\/noticias\/sonobox-sala-2-genelec-multicanal-dolby-atmos\/#respond\"]}]},{\"@type\":\"WebPage\",\"@id\":\"https:\/\/distribution.audio-technica.eu\/es-es\/noticias\/sonobox-sala-2-genelec-multicanal-dolby-atmos\/\",\"url\":\"https:\/\/distribution.audio-technica.eu\/es-es\/noticias\/sonobox-sala-2-genelec-multicanal-dolby-atmos\/\",\"name\":\"Sonobox equipa su sala 2 con monitorizaci\u00f3n Genelec destinada a mezcla multicanal y Dolby Atmos - Audio-Technica Iberia\",\"isPartOf\":{\"@id\":\"https:\/\/distribution.audio-technica.eu\/es-es\/#website\"},\"primaryImageOfPage\":{\"@id\":\"https:\/\/distribution.audio-technica.eu\/es-es\/noticias\/sonobox-sala-2-genelec-multicanal-dolby-atmos\/#primaryimage\"},\"image\":{\"@id\":\"https:\/\/distribution.audio-technica.eu\/es-es\/noticias\/sonobox-sala-2-genelec-multicanal-dolby-atmos\/#primaryimage\"},\"thumbnailUrl\":\"\/app\/uploads\/sites\/2\/WP-Sonobox1-banner-1.jpg\",\"datePublished\":\"2023-06-26T13:16:54+00:00\",\"dateModified\":\"2023-07-30T11:00:56+00:00\",\"author\":{\"@id\":\"https:\/\/distribution.audio-technica.eu\/es-es\/#\/schema\/person\/dbf0d33217ceab6329b4c3144742f2fb\"},\"breadcrumb\":{\"@id\":\"https:\/\/distribution.audio-technica.eu\/es-es\/noticias\/sonobox-sala-2-genelec-multicanal-dolby-atmos\/#breadcrumb\"},\"inLanguage\":\"es\",\"potentialAction\":[{\"@type\":\"ReadAction\",\"target\":[\"https:\/\/distribution.audio-technica.eu\/es-es\/noticias\/sonobox-sala-2-genelec-multicanal-dolby-atmos\/\"]}]},{\"@type\":\"ImageObject\",\"inLanguage\":\"es\",\"@id\":\"https:\/\/distribution.audio-technica.eu\/es-es\/noticias\/sonobox-sala-2-genelec-multicanal-dolby-atmos\/#primaryimage\",\"url\":\"\/app\/uploads\/sites\/2\/WP-Sonobox1-banner-1.jpg\",\"contentUrl\":\"\/app\/uploads\/sites\/2\/WP-Sonobox1-banner-1.jpg\",\"width\":640,\"height\":360},{\"@type\":\"BreadcrumbList\",\"@id\":\"https:\/\/distribution.audio-technica.eu\/es-es\/noticias\/sonobox-sala-2-genelec-multicanal-dolby-atmos\/#breadcrumb\",\"itemListElement\":[{\"@type\":\"ListItem\",\"position\":1,\"name\":\"Products\",\"item\":\"https:\/\/distribution.audio-technica.eu\/es-es\/\"},{\"@type\":\"ListItem\",\"position\":2,\"name\":\"Sonobox equipa su sala 2 con monitorizaci\u00f3n Genelec destinada a mezcla multicanal y Dolby Atmos\"}]},{\"@type\":\"WebSite\",\"@id\":\"https:\/\/distribution.audio-technica.eu\/es-es\/#website\",\"url\":\"https:\/\/distribution.audio-technica.eu\/es-es\/\",\"name\":\"Audio-Technica Iberia\",\"description\":\"Distribuci\u00f3n\",\"potentialAction\":[{\"@type\":\"SearchAction\",\"target\":{\"@type\":\"EntryPoint\",\"urlTemplate\":\"https:\/\/distribution.audio-technica.eu\/es-es\/?s={search_term_string}\"},\"query-input\":{\"@type\":\"PropertyValueSpecification\",\"valueRequired\":true,\"valueName\":\"search_term_string\"}}],\"inLanguage\":\"es\"},{\"@type\":\"Person\",\"@id\":\"https:\/\/distribution.audio-technica.eu\/es-es\/#\/schema\/person\/dbf0d33217ceab6329b4c3144742f2fb\",\"name\":\"ctorras\"}]}<\/script>\n<!-- \/ Yoast SEO plugin. -->","yoast_head_json":{"title":"Sonobox equipa su sala 2 con monitorizaci\u00f3n Genelec destinada a mezcla multicanal y Dolby Atmos - Audio-Technica Iberia","robots":{"index":"index","follow":"follow","max-snippet":"max-snippet:-1","max-image-preview":"max-image-preview:large","max-video-preview":"max-video-preview:-1"},"canonical":"https:\/\/distribution.audio-technica.eu\/es-es\/noticias\/sonobox-sala-2-genelec-multicanal-dolby-atmos\/","og_locale":"es_ES","og_type":"article","og_title":"Sonobox equipa su sala 2 con monitorizaci\u00f3n Genelec destinada a mezcla multicanal y Dolby Atmos - Audio-Technica Iberia","og_description":"Sonobox, con 25 a\u00f1os de experiencia y tras m\u00faltiples \u00e9xitos superventas y premios que avalan su trabajo, se ha convertido en un lugar de referencia dentro de la industria musical. Han participado en trabajos que han sido galardonados con Premios de la M\u00fasica, Premios de la M\u00fasica Independiente, Premios Ondas, Premios Ojo Cr\u00edtico y nominados [&hellip;]","og_url":"https:\/\/distribution.audio-technica.eu\/es-es\/noticias\/sonobox-sala-2-genelec-multicanal-dolby-atmos\/","og_site_name":"Audio-Technica Iberia","article_published_time":"2023-06-26T13:16:54+00:00","article_modified_time":"2023-07-30T11:00:56+00:00","og_image":[{"width":640,"height":360,"url":"https:\/\/distribution.audio-technica.eu\/app\/uploads\/sites\/2\/WP-Sonobox1-banner-1.jpg","type":"image\/jpeg"}],"author":"ctorras","twitter_card":"summary_large_image","twitter_misc":{"Escrito por":"ctorras","Tiempo de lectura":"7 minutos"},"schema":{"@context":"https:\/\/schema.org","@graph":[{"@type":"Article","@id":"https:\/\/distribution.audio-technica.eu\/es-es\/noticias\/sonobox-sala-2-genelec-multicanal-dolby-atmos\/#article","isPartOf":{"@id":"https:\/\/distribution.audio-technica.eu\/es-es\/noticias\/sonobox-sala-2-genelec-multicanal-dolby-atmos\/"},"author":{"name":"ctorras","@id":"https:\/\/distribution.audio-technica.eu\/es-es\/#\/schema\/person\/dbf0d33217ceab6329b4c3144742f2fb"},"headline":"Sonobox equipa su sala 2 con monitorizaci\u00f3n Genelec destinada a mezcla multicanal y Dolby Atmos","datePublished":"2023-06-26T13:16:54+00:00","dateModified":"2023-07-30T11:00:56+00:00","mainEntityOfPage":{"@id":"https:\/\/distribution.audio-technica.eu\/es-es\/noticias\/sonobox-sala-2-genelec-multicanal-dolby-atmos\/"},"wordCount":1446,"commentCount":0,"image":{"@id":"https:\/\/distribution.audio-technica.eu\/es-es\/noticias\/sonobox-sala-2-genelec-multicanal-dolby-atmos\/#primaryimage"},"thumbnailUrl":"\/app\/uploads\/sites\/2\/WP-Sonobox1-banner-1.jpg","keywords":["Dolby Atmos","multicanal","SAM"],"articleSection":["Usuarios"],"inLanguage":"es","potentialAction":[{"@type":"CommentAction","name":"Comment","target":["https:\/\/distribution.audio-technica.eu\/es-es\/noticias\/sonobox-sala-2-genelec-multicanal-dolby-atmos\/#respond"]}]},{"@type":"WebPage","@id":"https:\/\/distribution.audio-technica.eu\/es-es\/noticias\/sonobox-sala-2-genelec-multicanal-dolby-atmos\/","url":"https:\/\/distribution.audio-technica.eu\/es-es\/noticias\/sonobox-sala-2-genelec-multicanal-dolby-atmos\/","name":"Sonobox equipa su sala 2 con monitorizaci\u00f3n Genelec destinada a mezcla multicanal y Dolby Atmos - Audio-Technica Iberia","isPartOf":{"@id":"https:\/\/distribution.audio-technica.eu\/es-es\/#website"},"primaryImageOfPage":{"@id":"https:\/\/distribution.audio-technica.eu\/es-es\/noticias\/sonobox-sala-2-genelec-multicanal-dolby-atmos\/#primaryimage"},"image":{"@id":"https:\/\/distribution.audio-technica.eu\/es-es\/noticias\/sonobox-sala-2-genelec-multicanal-dolby-atmos\/#primaryimage"},"thumbnailUrl":"\/app\/uploads\/sites\/2\/WP-Sonobox1-banner-1.jpg","datePublished":"2023-06-26T13:16:54+00:00","dateModified":"2023-07-30T11:00:56+00:00","author":{"@id":"https:\/\/distribution.audio-technica.eu\/es-es\/#\/schema\/person\/dbf0d33217ceab6329b4c3144742f2fb"},"breadcrumb":{"@id":"https:\/\/distribution.audio-technica.eu\/es-es\/noticias\/sonobox-sala-2-genelec-multicanal-dolby-atmos\/#breadcrumb"},"inLanguage":"es","potentialAction":[{"@type":"ReadAction","target":["https:\/\/distribution.audio-technica.eu\/es-es\/noticias\/sonobox-sala-2-genelec-multicanal-dolby-atmos\/"]}]},{"@type":"ImageObject","inLanguage":"es","@id":"https:\/\/distribution.audio-technica.eu\/es-es\/noticias\/sonobox-sala-2-genelec-multicanal-dolby-atmos\/#primaryimage","url":"\/app\/uploads\/sites\/2\/WP-Sonobox1-banner-1.jpg","contentUrl":"\/app\/uploads\/sites\/2\/WP-Sonobox1-banner-1.jpg","width":640,"height":360},{"@type":"BreadcrumbList","@id":"https:\/\/distribution.audio-technica.eu\/es-es\/noticias\/sonobox-sala-2-genelec-multicanal-dolby-atmos\/#breadcrumb","itemListElement":[{"@type":"ListItem","position":1,"name":"Products","item":"https:\/\/distribution.audio-technica.eu\/es-es\/"},{"@type":"ListItem","position":2,"name":"Sonobox equipa su sala 2 con monitorizaci\u00f3n Genelec destinada a mezcla multicanal y Dolby Atmos"}]},{"@type":"WebSite","@id":"https:\/\/distribution.audio-technica.eu\/es-es\/#website","url":"https:\/\/distribution.audio-technica.eu\/es-es\/","name":"Audio-Technica Iberia","description":"Distribuci\u00f3n","potentialAction":[{"@type":"SearchAction","target":{"@type":"EntryPoint","urlTemplate":"https:\/\/distribution.audio-technica.eu\/es-es\/?s={search_term_string}"},"query-input":{"@type":"PropertyValueSpecification","valueRequired":true,"valueName":"search_term_string"}}],"inLanguage":"es"},{"@type":"Person","@id":"https:\/\/distribution.audio-technica.eu\/es-es\/#\/schema\/person\/dbf0d33217ceab6329b4c3144742f2fb","name":"ctorras"}]}},"_links":{"self":[{"href":"https:\/\/distribution.audio-technica.eu\/es-es\/wp-json\/wp\/v2\/posts\/27758","targetHints":{"allow":["GET"]}}],"collection":[{"href":"https:\/\/distribution.audio-technica.eu\/es-es\/wp-json\/wp\/v2\/posts"}],"about":[{"href":"https:\/\/distribution.audio-technica.eu\/es-es\/wp-json\/wp\/v2\/types\/post"}],"author":[{"embeddable":true,"href":"https:\/\/distribution.audio-technica.eu\/es-es\/wp-json\/wp\/v2\/users\/2"}],"replies":[{"embeddable":true,"href":"https:\/\/distribution.audio-technica.eu\/es-es\/wp-json\/wp\/v2\/comments?post=27758"}],"version-history":[{"count":1,"href":"https:\/\/distribution.audio-technica.eu\/es-es\/wp-json\/wp\/v2\/posts\/27758\/revisions"}],"predecessor-version":[{"id":27763,"href":"https:\/\/distribution.audio-technica.eu\/es-es\/wp-json\/wp\/v2\/posts\/27758\/revisions\/27763"}],"wp:featuredmedia":[{"embeddable":true,"href":"https:\/\/distribution.audio-technica.eu\/es-es\/wp-json\/wp\/v2\/media\/27764"}],"wp:attachment":[{"href":"https:\/\/distribution.audio-technica.eu\/es-es\/wp-json\/wp\/v2\/media?parent=27758"}],"wp:term":[{"taxonomy":"category","embeddable":true,"href":"https:\/\/distribution.audio-technica.eu\/es-es\/wp-json\/wp\/v2\/categories?post=27758"},{"taxonomy":"post_tag","embeddable":true,"href":"https:\/\/distribution.audio-technica.eu\/es-es\/wp-json\/wp\/v2\/tags?post=27758"}],"curies":[{"name":"wp","href":"https:\/\/api.w.org\/{rel}","templated":true}]}}