{"id":27778,"date":"2023-07-12T07:00:43","date_gmt":"2023-07-12T05:00:43","guid":{"rendered":"https:\/\/atdb-production.studiograft.dev\/es-es\/?p=27778"},"modified":"2023-07-30T12:51:43","modified_gmt":"2023-07-30T10:51:43","slug":"dani-ferrer-apuesta-por-genelec","status":"publish","type":"post","link":"https:\/\/distribution.audio-technica.eu\/es-es\/noticias\/dani-ferrer-apuesta-por-genelec\/","title":{"rendered":"Dani Ferrer apuesta por Genelec"},"content":{"rendered":"<h2>M\u00fasico, productor y compositor, Dani Ferrer posee una dilatada carrera en la que aparecen multitud de nombres muy importantes dentro de la m\u00fasica espa\u00f1ola. Ahora, acaba de equipar su estudio con unos flamantes monitores Genelec 8341A.<\/h2>\n<p><a href=\"\/app\/uploads\/sites\/2\/WP-NdP-Genelec-Dani-Ferrer-02-1.jpg\"><img loading=\"lazy\" decoding=\"async\" class=\"aligncenter size-fusion-800 wp-image-28622\" src=\"\/app\/uploads\/sites\/2\/WP-NdP-Genelec-Dani-Ferrer-02-1.jpg\" alt=\"\" width=\"800\" height=\"1200\" \/><\/a><\/p>\n<p>Dani Ferrer es m\u00fasico, productor y compositor. Empez\u00f3 a estudiar m\u00fasica a los siete a\u00f1os, y a los veinte empez\u00f3 a interesarse por la producci\u00f3n y el sonido. Trabaj\u00f3 como t\u00e9cnico durante tres a\u00f1os en el estudio de Marc Parrot -Grabaciones Silvestres- y en la actualidad sigue colaborando con \u00e9l.<\/p>\n<p>\u201c<em>En los proyectos, combino mucho todo lo que s\u00e9 o puedo aportar. A veces colaboro s\u00f3lo como m\u00fasico, a veces tambi\u00e9n produzco y grabo, en otras compongo una banda sonora. El a\u00f1o pasado me decid\u00ed a mezclar, que es otra cosa que ten\u00eda pendiente. Me voy poniendo retos y, si no, me los pone la vida<\/em>\u201d, afirma Dani.<\/p>\n<p>Como m\u00fasico lleva desde 2007 trabajando y girando con Love of Lesbian por Espa\u00f1a, M\u00e9xico, Per\u00fa, Colombia, Argentina, USA,\u2026Tambi\u00e9n forma parte de Mi Capit\u00e1n y ha girado con proyectos como Paula Valls, Zahara, Standstill, Marc Parrot,\u2026 Ha trabajado en la producci\u00f3n de discos o canciones de Grauwi &amp; Marta Cascales, Paula Valls, Claudia Crabuzza, Mariallu\u00efsa, L E O, D\u00eddac Rocher, Marc Parrot, Marc Amat, Javier S\u00f3lo, \u2026y como m\u00fasico de estudio en algunos de los grupos mencionados y con Elefantes, Jeremy Enigk, Shuarma, Sopa de Cabra, Mishima, Luz Casal, Anne Lukin, Nico Roig, Inspira, Jofre Bardag\u00ed, La Marat\u00f3 de TV3, Super 3, Beth, etc. y tambi\u00e9n para series de TV y jingles publicitarios.<\/p>\n<p><a href=\"\/app\/uploads\/sites\/2\/WP-NdP-Genelec-Dani-Ferrer-01-1.jpg\"><img loading=\"lazy\" decoding=\"async\" class=\"aligncenter size-fusion-800 wp-image-28621\" src=\"\/app\/uploads\/sites\/2\/WP-NdP-Genelec-Dani-Ferrer-01-1.jpg\" alt=\"\" width=\"800\" height=\"533\" \/><\/a><\/p>\n<p>Estos son los primeros monitores Genelec que posee Dani. \u201c<em>Solo llevo cuatro meses con los The Ones. En diferentes estudios y espacios he trabajado con muchas otras marcas de monitores, \u2026 algunos de estos sistemas de monitorizaci\u00f3n est\u00e1n en estudios donde hay un gran trabajo de dise\u00f1o y acondicionamiento ac\u00fastico. Y esto se nota. Algunos los he disfrutado mucho<\/em>\u201d.<\/p>\n<p>Sin embargo, su elecci\u00f3n final se decant\u00f3 por los monitores Genelec 8341A. \u201c<em>Opino que el tratamiento ac\u00fastico es muy importante. Mont\u00e9 mi estudio, que para m\u00ed empez\u00f3 m\u00e1s como un laboratorio, para tocar, grabar y hacer alguna producci\u00f3n de vez en cuando. Fue al multiplicarse los proyectos y ponerme a mezclar, cuando empec\u00e9 a dudar sobre si ten\u00eda que dedicar m\u00e1s esfuerzo en la sonorizaci\u00f3n del espacio. Un amigo me recomend\u00f3 y dej\u00f3 probar sus 8331A para una mezcla que ten\u00eda que hacer y r\u00e1pidamente me di cuenta de que estaba haciendo el trabajo con m\u00e1s control y seguridad. Al devolv\u00e9rselos tuve clar\u00edsimo que no pod\u00eda volver atr\u00e1s, y me decid\u00ed por los 8341A. Poder combinar unos buenos monitores con una correcci\u00f3n hecha a medida rompe una barrera muy grande para un estudio de proyectos actual donde no hay una gran inversi\u00f3n en ac\u00fastica<\/em>\u201d.<\/p>\n<p>\u201c<em>Opino que el sistema de monitores tiene una gran importancia sobre el \u00e9xito de una producci\u00f3n, porque puedes tomar decisiones m\u00e1s r\u00e1pido. Lo m\u00e1s importante es poder estar centrado y focalizado en la m\u00fasica. Y, si es importante tener un buen ordenador para no tener que luchar con la inform\u00e1tica, tambi\u00e9n me parece importante no tener que frenar el ritmo creativo con los problemas que te pueda dar la sala donde trabajas. En concreto, en mi caso, me he dado cuenta de lo mucho que ha mejorado la escucha no solo mezclando, si no tambi\u00e9n durante la grabaci\u00f3n. Ahora puedo elegir m\u00e1s r\u00e1pidamente, por ejemplo, un sonido de un instrumento con subgrave, como un bombo electr\u00f3nico o un bajo que pueda tocar con el Moog. Decidir lo m\u00e1s r\u00e1pido posible qu\u00e9 sonido eliges para la canci\u00f3n porque tienes una escucha m\u00e1s real, me est\u00e1 haciendo disfrutar m\u00e1s de mi trabajo<\/em>\u201d.<\/p>\n<p><a href=\"\/app\/uploads\/sites\/2\/WP-NdP-Genelec-Dani-Ferrer-04-1.jpg\"><img loading=\"lazy\" decoding=\"async\" class=\"aligncenter size-fusion-800 wp-image-28624\" src=\"\/app\/uploads\/sites\/2\/WP-NdP-Genelec-Dani-Ferrer-04-1.jpg\" alt=\"\" width=\"800\" height=\"1200\" \/><\/a><\/p>\n<p>Afirma que el dise\u00f1o coaxial junto con el software de correcci\u00f3n GLM han sido factores determinantes para su elecci\u00f3n. \u201c<em>Tengo que decir que antes no era especialmente fan de los Genelec que hab\u00eda escuchado. Pero siento que ha habido un cambio muy grande con este monitor, que junto con este software de correcci\u00f3n me parece una combinaci\u00f3n ganadora<\/em>\u201d.<\/p>\n<p>Sobre su uso afirma: \u201c<em>Lo utilizo en base a que tengo la calibraci\u00f3n siempre activada. Es muy c\u00f3modo ya que est\u00e1 actuando sin que te des cuenta y sin que tengas que preocuparte de abrir el programa o de insertar un plugin en el master de tu DAW. Tengo pendiente hacer una ecualizaci\u00f3n correctora a\u00fan m\u00e1s a medida, pero a\u00fan no he tenido el tiempo suficiente<\/em>\u201d.<\/p>\n<p>Se declara plenamente satisfecho con la adquisici\u00f3n del monitor 8341A y afirma: \u201c<em>No tengo dudas de que es una buena inversi\u00f3n que me est\u00e1 dando m\u00e1s seguridad y confort<\/em>\u201d.<\/p>\n<p>Sobre sus futuros proyectos comenta: \u201dJusto<em> ahora hemos acabado el nuevo disco de Paula Valls, una producci\u00f3n donde he estado trabajando los \u00faltimos meses. Y ahora me alejo un poco de mi estudio durante unas semanas para centrarme en el nuevo disco de Love of Lesbian que estamos empezando a grabar. Este a\u00f1o tengo dos producciones m\u00e1s, y, si todo va bien, lo acabar\u00e9 empezando la banda sonora de un largometraje<\/em>\u201d.<\/p>\n<p><a href=\"\/app\/uploads\/sites\/2\/WP-NdP-Genelec-Dani-Ferrer-03-1.jpg\"><img loading=\"lazy\" decoding=\"async\" class=\"aligncenter size-fusion-800 wp-image-28623\" src=\"\/app\/uploads\/sites\/2\/WP-NdP-Genelec-Dani-Ferrer-03-1.jpg\" alt=\"\" width=\"800\" height=\"533\" \/><\/a><\/p>\n<p>El <a href=\"https:\/\/www.genelec.com\/8341a\">8341A<\/a> es un monitor coaxial de 3 v\u00edas triamplificado SAM, 6\u2033, que ofrece un alto techo din\u00e1mico con una imagen sonora excepcional. Se trata del monitor de fuente puntual definitivo. Es el monitor adecuado para aplicaciones en las que se precisa de una imagen sonora extraordinaria, una respuesta en frecuencia ampliada, una distancia de audici\u00f3n corta o media, y muchas horas de audici\u00f3n sin que se produzca fatiga auditiva.<\/p>\n<p>Este monitor de fuente puntual incorpora multitud de innovaciones exclusivas de Genelec, tales como Smart Active Monitor (SAM\u2122), tecnolog\u00eda de transductores Minimum Diffraction Coaxial (MDC\u2122), Acoustically Concealed Woofers (ACW\u2122) para ofrecer una directividad controlada de las frecuencias m\u00e1s bajas, Directivity Control Waveguide (DCW\u2122) para obtener un respuesta plana fuera del eje, e Intelligent Signal Sensing (ISS\u2122) para el ahorro de energ\u00eda, todo ello alojado en un recinto Minimum Diffraction Enclosure (MDE\u2122). Tambi\u00e9n cuenta con amplificadores independientes optimizados.<\/p>\n<p>&nbsp;<\/p>\n<p>Para m\u00e1s informaci\u00f3n sobre Genelec visite <a href=\"http:\/\/www.genelec.com\">www.genelec.com<\/a><\/p>\n<p>&nbsp;<\/p>\n<p>&nbsp;<\/p>\n","protected":false},"excerpt":{"rendered":"<p>M\u00fasico, productor y compositor, Dani Ferrer posee una dilatada carrera en la que aparecen multitud de nombres muy importantes dentro de la m\u00fasica espa\u00f1ola. Ahora, acaba de equipar su estudio con unos flamantes monitores Genelec 8341A. Dani Ferrer es m\u00fasico, productor y compositor. Empez\u00f3 a estudiar m\u00fasica a los siete a\u00f1os, y a los veinte [&hellip;]<\/p>\n","protected":false},"author":2,"featured_media":27784,"comment_status":"open","ping_status":"open","sticky":false,"template":"","format":"standard","meta":{"_acf_changed":false,"footnotes":""},"categories":[2459],"tags":[2308,1567],"class_list":["post-27778","post","type-post","status-publish","format-standard","has-post-thumbnail","hentry","category-usuarios","tag-monitores-de-estudio","tag-sam"],"acf":[],"yoast_head":"<!-- This site is optimized with the Yoast SEO plugin v27.1.1 - https:\/\/yoast.com\/product\/yoast-seo-wordpress\/ -->\n<title>Dani Ferrer apuesta por Genelec - Audio-Technica Iberia<\/title>\n<meta name=\"robots\" content=\"index, follow, max-snippet:-1, max-image-preview:large, max-video-preview:-1\" \/>\n<link rel=\"canonical\" href=\"https:\/\/distribution.audio-technica.eu\/es-es\/noticias\/dani-ferrer-apuesta-por-genelec\/\" \/>\n<meta property=\"og:locale\" content=\"es_ES\" \/>\n<meta property=\"og:type\" content=\"article\" \/>\n<meta property=\"og:title\" content=\"Dani Ferrer apuesta por Genelec - Audio-Technica Iberia\" \/>\n<meta property=\"og:description\" content=\"M\u00fasico, productor y compositor, Dani Ferrer posee una dilatada carrera en la que aparecen multitud de nombres muy importantes dentro de la m\u00fasica espa\u00f1ola. Ahora, acaba de equipar su estudio con unos flamantes monitores Genelec 8341A. Dani Ferrer es m\u00fasico, productor y compositor. Empez\u00f3 a estudiar m\u00fasica a los siete a\u00f1os, y a los veinte [&hellip;]\" \/>\n<meta property=\"og:url\" content=\"https:\/\/distribution.audio-technica.eu\/es-es\/noticias\/dani-ferrer-apuesta-por-genelec\/\" \/>\n<meta property=\"og:site_name\" content=\"Audio-Technica Iberia\" \/>\n<meta property=\"article:published_time\" content=\"2023-07-12T05:00:43+00:00\" \/>\n<meta property=\"article:modified_time\" content=\"2023-07-30T10:51:43+00:00\" \/>\n<meta property=\"og:image\" content=\"https:\/\/distribution.audio-technica.eu\/app\/uploads\/sites\/2\/WP-NdP-Genelec-Dani-Ferrer-banner-1.jpg\" \/>\n\t<meta property=\"og:image:width\" content=\"640\" \/>\n\t<meta property=\"og:image:height\" content=\"360\" \/>\n\t<meta property=\"og:image:type\" content=\"image\/jpeg\" \/>\n<meta name=\"author\" content=\"ctorras\" \/>\n<meta name=\"twitter:card\" content=\"summary_large_image\" \/>\n<meta name=\"twitter:label1\" content=\"Escrito por\" \/>\n\t<meta name=\"twitter:data1\" content=\"ctorras\" \/>\n\t<meta name=\"twitter:label2\" content=\"Tiempo de lectura\" \/>\n\t<meta name=\"twitter:data2\" content=\"6 minutos\" \/>\n<script type=\"application\/ld+json\" class=\"yoast-schema-graph\">{\"@context\":\"https:\/\/schema.org\",\"@graph\":[{\"@type\":\"Article\",\"@id\":\"https:\/\/distribution.audio-technica.eu\/es-es\/noticias\/dani-ferrer-apuesta-por-genelec\/#article\",\"isPartOf\":{\"@id\":\"https:\/\/distribution.audio-technica.eu\/es-es\/noticias\/dani-ferrer-apuesta-por-genelec\/\"},\"author\":{\"name\":\"ctorras\",\"@id\":\"https:\/\/distribution.audio-technica.eu\/es-es\/#\/schema\/person\/dbf0d33217ceab6329b4c3144742f2fb\"},\"headline\":\"Dani Ferrer apuesta por Genelec\",\"datePublished\":\"2023-07-12T05:00:43+00:00\",\"dateModified\":\"2023-07-30T10:51:43+00:00\",\"mainEntityOfPage\":{\"@id\":\"https:\/\/distribution.audio-technica.eu\/es-es\/noticias\/dani-ferrer-apuesta-por-genelec\/\"},\"wordCount\":1085,\"commentCount\":0,\"image\":{\"@id\":\"https:\/\/distribution.audio-technica.eu\/es-es\/noticias\/dani-ferrer-apuesta-por-genelec\/#primaryimage\"},\"thumbnailUrl\":\"\/app\/uploads\/sites\/2\/WP-NdP-Genelec-Dani-Ferrer-banner-1.jpg\",\"keywords\":[\"Monitores de estudio\",\"SAM\"],\"articleSection\":[\"Usuarios\"],\"inLanguage\":\"es\",\"potentialAction\":[{\"@type\":\"CommentAction\",\"name\":\"Comment\",\"target\":[\"https:\/\/distribution.audio-technica.eu\/es-es\/noticias\/dani-ferrer-apuesta-por-genelec\/#respond\"]}]},{\"@type\":\"WebPage\",\"@id\":\"https:\/\/distribution.audio-technica.eu\/es-es\/noticias\/dani-ferrer-apuesta-por-genelec\/\",\"url\":\"https:\/\/distribution.audio-technica.eu\/es-es\/noticias\/dani-ferrer-apuesta-por-genelec\/\",\"name\":\"Dani Ferrer apuesta por Genelec - Audio-Technica Iberia\",\"isPartOf\":{\"@id\":\"https:\/\/distribution.audio-technica.eu\/es-es\/#website\"},\"primaryImageOfPage\":{\"@id\":\"https:\/\/distribution.audio-technica.eu\/es-es\/noticias\/dani-ferrer-apuesta-por-genelec\/#primaryimage\"},\"image\":{\"@id\":\"https:\/\/distribution.audio-technica.eu\/es-es\/noticias\/dani-ferrer-apuesta-por-genelec\/#primaryimage\"},\"thumbnailUrl\":\"\/app\/uploads\/sites\/2\/WP-NdP-Genelec-Dani-Ferrer-banner-1.jpg\",\"datePublished\":\"2023-07-12T05:00:43+00:00\",\"dateModified\":\"2023-07-30T10:51:43+00:00\",\"author\":{\"@id\":\"https:\/\/distribution.audio-technica.eu\/es-es\/#\/schema\/person\/dbf0d33217ceab6329b4c3144742f2fb\"},\"breadcrumb\":{\"@id\":\"https:\/\/distribution.audio-technica.eu\/es-es\/noticias\/dani-ferrer-apuesta-por-genelec\/#breadcrumb\"},\"inLanguage\":\"es\",\"potentialAction\":[{\"@type\":\"ReadAction\",\"target\":[\"https:\/\/distribution.audio-technica.eu\/es-es\/noticias\/dani-ferrer-apuesta-por-genelec\/\"]}]},{\"@type\":\"ImageObject\",\"inLanguage\":\"es\",\"@id\":\"https:\/\/distribution.audio-technica.eu\/es-es\/noticias\/dani-ferrer-apuesta-por-genelec\/#primaryimage\",\"url\":\"\/app\/uploads\/sites\/2\/WP-NdP-Genelec-Dani-Ferrer-banner-1.jpg\",\"contentUrl\":\"\/app\/uploads\/sites\/2\/WP-NdP-Genelec-Dani-Ferrer-banner-1.jpg\",\"width\":640,\"height\":360},{\"@type\":\"BreadcrumbList\",\"@id\":\"https:\/\/distribution.audio-technica.eu\/es-es\/noticias\/dani-ferrer-apuesta-por-genelec\/#breadcrumb\",\"itemListElement\":[{\"@type\":\"ListItem\",\"position\":1,\"name\":\"Products\",\"item\":\"https:\/\/distribution.audio-technica.eu\/es-es\/\"},{\"@type\":\"ListItem\",\"position\":2,\"name\":\"Dani Ferrer apuesta por Genelec\"}]},{\"@type\":\"WebSite\",\"@id\":\"https:\/\/distribution.audio-technica.eu\/es-es\/#website\",\"url\":\"https:\/\/distribution.audio-technica.eu\/es-es\/\",\"name\":\"Audio-Technica Iberia\",\"description\":\"Distribuci\u00f3n\",\"potentialAction\":[{\"@type\":\"SearchAction\",\"target\":{\"@type\":\"EntryPoint\",\"urlTemplate\":\"https:\/\/distribution.audio-technica.eu\/es-es\/?s={search_term_string}\"},\"query-input\":{\"@type\":\"PropertyValueSpecification\",\"valueRequired\":true,\"valueName\":\"search_term_string\"}}],\"inLanguage\":\"es\"},{\"@type\":\"Person\",\"@id\":\"https:\/\/distribution.audio-technica.eu\/es-es\/#\/schema\/person\/dbf0d33217ceab6329b4c3144742f2fb\",\"name\":\"ctorras\"}]}<\/script>\n<!-- \/ Yoast SEO plugin. -->","yoast_head_json":{"title":"Dani Ferrer apuesta por Genelec - Audio-Technica Iberia","robots":{"index":"index","follow":"follow","max-snippet":"max-snippet:-1","max-image-preview":"max-image-preview:large","max-video-preview":"max-video-preview:-1"},"canonical":"https:\/\/distribution.audio-technica.eu\/es-es\/noticias\/dani-ferrer-apuesta-por-genelec\/","og_locale":"es_ES","og_type":"article","og_title":"Dani Ferrer apuesta por Genelec - Audio-Technica Iberia","og_description":"M\u00fasico, productor y compositor, Dani Ferrer posee una dilatada carrera en la que aparecen multitud de nombres muy importantes dentro de la m\u00fasica espa\u00f1ola. Ahora, acaba de equipar su estudio con unos flamantes monitores Genelec 8341A. Dani Ferrer es m\u00fasico, productor y compositor. Empez\u00f3 a estudiar m\u00fasica a los siete a\u00f1os, y a los veinte [&hellip;]","og_url":"https:\/\/distribution.audio-technica.eu\/es-es\/noticias\/dani-ferrer-apuesta-por-genelec\/","og_site_name":"Audio-Technica Iberia","article_published_time":"2023-07-12T05:00:43+00:00","article_modified_time":"2023-07-30T10:51:43+00:00","og_image":[{"width":640,"height":360,"url":"https:\/\/distribution.audio-technica.eu\/app\/uploads\/sites\/2\/WP-NdP-Genelec-Dani-Ferrer-banner-1.jpg","type":"image\/jpeg"}],"author":"ctorras","twitter_card":"summary_large_image","twitter_misc":{"Escrito por":"ctorras","Tiempo de lectura":"6 minutos"},"schema":{"@context":"https:\/\/schema.org","@graph":[{"@type":"Article","@id":"https:\/\/distribution.audio-technica.eu\/es-es\/noticias\/dani-ferrer-apuesta-por-genelec\/#article","isPartOf":{"@id":"https:\/\/distribution.audio-technica.eu\/es-es\/noticias\/dani-ferrer-apuesta-por-genelec\/"},"author":{"name":"ctorras","@id":"https:\/\/distribution.audio-technica.eu\/es-es\/#\/schema\/person\/dbf0d33217ceab6329b4c3144742f2fb"},"headline":"Dani Ferrer apuesta por Genelec","datePublished":"2023-07-12T05:00:43+00:00","dateModified":"2023-07-30T10:51:43+00:00","mainEntityOfPage":{"@id":"https:\/\/distribution.audio-technica.eu\/es-es\/noticias\/dani-ferrer-apuesta-por-genelec\/"},"wordCount":1085,"commentCount":0,"image":{"@id":"https:\/\/distribution.audio-technica.eu\/es-es\/noticias\/dani-ferrer-apuesta-por-genelec\/#primaryimage"},"thumbnailUrl":"\/app\/uploads\/sites\/2\/WP-NdP-Genelec-Dani-Ferrer-banner-1.jpg","keywords":["Monitores de estudio","SAM"],"articleSection":["Usuarios"],"inLanguage":"es","potentialAction":[{"@type":"CommentAction","name":"Comment","target":["https:\/\/distribution.audio-technica.eu\/es-es\/noticias\/dani-ferrer-apuesta-por-genelec\/#respond"]}]},{"@type":"WebPage","@id":"https:\/\/distribution.audio-technica.eu\/es-es\/noticias\/dani-ferrer-apuesta-por-genelec\/","url":"https:\/\/distribution.audio-technica.eu\/es-es\/noticias\/dani-ferrer-apuesta-por-genelec\/","name":"Dani Ferrer apuesta por Genelec - Audio-Technica Iberia","isPartOf":{"@id":"https:\/\/distribution.audio-technica.eu\/es-es\/#website"},"primaryImageOfPage":{"@id":"https:\/\/distribution.audio-technica.eu\/es-es\/noticias\/dani-ferrer-apuesta-por-genelec\/#primaryimage"},"image":{"@id":"https:\/\/distribution.audio-technica.eu\/es-es\/noticias\/dani-ferrer-apuesta-por-genelec\/#primaryimage"},"thumbnailUrl":"\/app\/uploads\/sites\/2\/WP-NdP-Genelec-Dani-Ferrer-banner-1.jpg","datePublished":"2023-07-12T05:00:43+00:00","dateModified":"2023-07-30T10:51:43+00:00","author":{"@id":"https:\/\/distribution.audio-technica.eu\/es-es\/#\/schema\/person\/dbf0d33217ceab6329b4c3144742f2fb"},"breadcrumb":{"@id":"https:\/\/distribution.audio-technica.eu\/es-es\/noticias\/dani-ferrer-apuesta-por-genelec\/#breadcrumb"},"inLanguage":"es","potentialAction":[{"@type":"ReadAction","target":["https:\/\/distribution.audio-technica.eu\/es-es\/noticias\/dani-ferrer-apuesta-por-genelec\/"]}]},{"@type":"ImageObject","inLanguage":"es","@id":"https:\/\/distribution.audio-technica.eu\/es-es\/noticias\/dani-ferrer-apuesta-por-genelec\/#primaryimage","url":"\/app\/uploads\/sites\/2\/WP-NdP-Genelec-Dani-Ferrer-banner-1.jpg","contentUrl":"\/app\/uploads\/sites\/2\/WP-NdP-Genelec-Dani-Ferrer-banner-1.jpg","width":640,"height":360},{"@type":"BreadcrumbList","@id":"https:\/\/distribution.audio-technica.eu\/es-es\/noticias\/dani-ferrer-apuesta-por-genelec\/#breadcrumb","itemListElement":[{"@type":"ListItem","position":1,"name":"Products","item":"https:\/\/distribution.audio-technica.eu\/es-es\/"},{"@type":"ListItem","position":2,"name":"Dani Ferrer apuesta por Genelec"}]},{"@type":"WebSite","@id":"https:\/\/distribution.audio-technica.eu\/es-es\/#website","url":"https:\/\/distribution.audio-technica.eu\/es-es\/","name":"Audio-Technica Iberia","description":"Distribuci\u00f3n","potentialAction":[{"@type":"SearchAction","target":{"@type":"EntryPoint","urlTemplate":"https:\/\/distribution.audio-technica.eu\/es-es\/?s={search_term_string}"},"query-input":{"@type":"PropertyValueSpecification","valueRequired":true,"valueName":"search_term_string"}}],"inLanguage":"es"},{"@type":"Person","@id":"https:\/\/distribution.audio-technica.eu\/es-es\/#\/schema\/person\/dbf0d33217ceab6329b4c3144742f2fb","name":"ctorras"}]}},"_links":{"self":[{"href":"https:\/\/distribution.audio-technica.eu\/es-es\/wp-json\/wp\/v2\/posts\/27778","targetHints":{"allow":["GET"]}}],"collection":[{"href":"https:\/\/distribution.audio-technica.eu\/es-es\/wp-json\/wp\/v2\/posts"}],"about":[{"href":"https:\/\/distribution.audio-technica.eu\/es-es\/wp-json\/wp\/v2\/types\/post"}],"author":[{"embeddable":true,"href":"https:\/\/distribution.audio-technica.eu\/es-es\/wp-json\/wp\/v2\/users\/2"}],"replies":[{"embeddable":true,"href":"https:\/\/distribution.audio-technica.eu\/es-es\/wp-json\/wp\/v2\/comments?post=27778"}],"version-history":[{"count":2,"href":"https:\/\/distribution.audio-technica.eu\/es-es\/wp-json\/wp\/v2\/posts\/27778\/revisions"}],"predecessor-version":[{"id":30034,"href":"https:\/\/distribution.audio-technica.eu\/es-es\/wp-json\/wp\/v2\/posts\/27778\/revisions\/30034"}],"wp:featuredmedia":[{"embeddable":true,"href":"https:\/\/distribution.audio-technica.eu\/es-es\/wp-json\/wp\/v2\/media\/27784"}],"wp:attachment":[{"href":"https:\/\/distribution.audio-technica.eu\/es-es\/wp-json\/wp\/v2\/media?parent=27778"}],"wp:term":[{"taxonomy":"category","embeddable":true,"href":"https:\/\/distribution.audio-technica.eu\/es-es\/wp-json\/wp\/v2\/categories?post=27778"},{"taxonomy":"post_tag","embeddable":true,"href":"https:\/\/distribution.audio-technica.eu\/es-es\/wp-json\/wp\/v2\/tags?post=27778"}],"curies":[{"name":"wp","href":"https:\/\/api.w.org\/{rel}","templated":true}]}}