{"id":298,"date":"2015-07-23T11:51:47","date_gmt":"2015-07-23T09:51:47","guid":{"rendered":"http:\/\/noticias.audio-technica.es\/?p=298"},"modified":"2023-10-17T18:41:32","modified_gmt":"2023-10-17T16:41:32","slug":"audio-technica-amplia-la-compatibilidad-gama-productos-red-audio-dante","status":"publish","type":"post","link":"https:\/\/distribution.audio-technica.eu\/es-es\/noticias\/audio-technica-amplia-la-compatibilidad-gama-productos-red-audio-dante\/","title":{"rendered":"Audio-Technica ampl\u00eda la compatibilidad de su gama de productos para red de audio Dante"},"content":{"rendered":"<p><strong>Audio-Technica ha anunciado la ampliaci\u00f3n de la compatibilidad con productos fabricados por terceros para su micr\u00f3fono cardioide de condensador para superficie compatible con Dante ATND971 y para el soporte de sobremesa para micr\u00f3fono compatible con Dante ATND8677.<\/strong><\/p>\n<p><a href=\"http:\/\/eu.audio-technica.com\/ATND971?search=atnd\" target=\"_blank\" rel=\"noopener\"><img loading=\"lazy\" decoding=\"async\" class=\"aligncenter size-full wp-image-300\" src=\"http:\/\/noticias.audio-technica.es\/wp-content\/uploads\/ATND971.jpg\" alt=\"Audio-Technica ampl\u00eda la compatibilidad de su gama de productos para red de audio Dante\" width=\"640\" height=\"360\" srcset=\"https:\/\/distribution.audio-technica.eu\/app\/uploads\/sites\/2\/ATND971.jpg 640w, https:\/\/distribution.audio-technica.eu\/app\/uploads\/sites\/2\/ATND971-300x169.jpg 300w, https:\/\/distribution.audio-technica.eu\/app\/uploads\/sites\/2\/ATND971-200x113.jpg 200w, https:\/\/distribution.audio-technica.eu\/app\/uploads\/sites\/2\/ATND971-400x225.jpg 400w, https:\/\/distribution.audio-technica.eu\/app\/uploads\/sites\/2\/ATND971-600x338.jpg 600w\" sizes=\"auto, (max-width: 640px) 100vw, 640px\" \/><\/a><\/p>\n<p>Tanto el <a href=\"http:\/\/eu.audio-technica.com\/ATND971?search=atnd\" target=\"_blank\" rel=\"noopener\">ATND971 <\/a>como el <a href=\"http:\/\/eu.audio-technica.com\/ATND8677?search=atnd\" target=\"_blank\" rel=\"noopener\">ATND8677 <\/a>son soportados ahora por el software Tesira v2.3 de Biamp Systems y por la versi\u00f3n v4.3 del software ControlSpace Design de Bose, adem\u00e1s de la compatibilidad ya anunciada anteriormente con SymNet Composer v3.0 de Symetrix.<\/p>\n<p>Tesira SERVER y SERVER-IO de Biamp permiten la m\u00e1xima flexibilidad en las conexiones en red gracias a la integraci\u00f3n de m\u00faltiples protocolos \u2013AVB, CobraNet y Dante- en un \u00fanico sistema y a trav\u00e9s de la tarjeta de red Dante DAN-1. El micr\u00f3fono basado en Dante ATND971 puede ser incorporado a un sistema Tesira, proporcionando una configuraci\u00f3n r\u00e1pida de las se\u00f1ales de audio y control, en funci\u00f3n de las necesidades. Adem\u00e1s de los controles de entrada de audio habituales, el bloque de procesado integrado permite comportamientos predeterminados de los botones y LEDs, as\u00ed como la opci\u00f3n de controlar ambos de forma totalmente discreta. Cada bloque de procesado para la serie ATND puede aceptar m\u00faltiples entradas microf\u00f3nicas, de forma que unidades individuales con la misma configuraci\u00f3n de control solo deben ser configuradas una vez en Tesira.<\/p>\n<p><strong><a href=\"http:\/\/support.biamp.com\/Tesira\/Control\/Configuring_Audio-Technica_Dante_microphones\">Aqu\u00ed<\/a> <\/strong>podr\u00e1 encontrar un tutorial sobre como configurar los micr\u00f3fonos Dante de Audio-Technica para un Sistema Tesira.<\/p>\n<p>El software<a href=\"http:\/\/worldwide.bose.com\/pro\/en_us\/web\/controlspace_sfwr\/page.html\" target=\"_blank\" rel=\"noopener\"> ControlSpace Designer<\/a> de Bose proporciona a los instaladores la capacidad de configurar, controlar y monitorizar sistemas de audio de los procesadores, amplificadores y puntos Dante de Bose Professional. La versi\u00f3n 4.3 de ControlSpace Designer proporciona nuevo soporte para el micr\u00f3fono cardioide de condensador para superficie compatible con Dante ATND971 y para el soporte de sobremesa para micr\u00f3fono compatible con Dante ATND8677, facilitando la integraci\u00f3n de audio y control Dante.<\/p>\n<p>El software de dise\u00f1o de arquitectura abierta SymNet Composer 3.0 de Symetrix ofrece integraci\u00f3n nativa del micr\u00f3fono cardioide de condensador para superficie compatible con Dante ATND971 y del soporte de sobremesa para micr\u00f3fono compatible con Dante ATND8677. La versi\u00f3n 3.0 se ha construido sobre el soporte nativo de la tecnolog\u00eda de medios en red Dante de Audinate para dispositivos seleccionados desarrollados por terceros, en sus primeras versiones, y ampl\u00eda su soporte a los productos l\u00edderes del mercado gracias a sus nuevas colaboraciones con Audio-Technica y otros. Los usuarios de los DSPs escalables Dante SymNet Radius AEC, SymNet Radius 12&#215;8 EX y SymNet Edge de Symetrix, puede ahora racionalizar sus procedimientos de configuraci\u00f3n y conseguir una soluci\u00f3n de audio en red totalmente digital.<\/p>\n<p>El ATND971 de Audio-Technica cierra la brecha entre audio e IT, ya que es el primer micr\u00f3fono cableado capaz de transmitir datos de audio y control simult\u00e1neamente sobre el protocolo de red Dante de Audinate. Una simple conexi\u00f3n Ethernet permite que micr\u00f3fono en red ATND971 pueda comunicarse a trav\u00e9s de una red ya existente de dispositivos compatibles Dante y, gracias al conmutador programable por el usuario que incorpora el micr\u00f3fono, controlar cualquier de estos dispositivos, simplemente pulsando un bot\u00f3n.<\/p>\n<p>El soporte de sobremesa para micr\u00f3fono compatible con Dante ATND8677 acomoda micr\u00f3fonos tipo flexo con salidas est\u00e1ndar tipo XLRM, ofreciendo al instalador una simplicidad in\u00e9dita hasta ahora a la hora de a\u00f1adir micr\u00f3fonos tipo flexo a redes de audio Dante.<\/p>\n<p>&nbsp;<\/p>\n<p>M\u00e1s informaci\u00f3n sobre <a href=\"http:\/\/eu.audio-technica.com\/ATND971?search=atnd\" target=\"_blank\" rel=\"noopener\">ATND971<\/a><\/p>\n<p>M\u00e1s informaci\u00f3n sobre <a href=\"http:\/\/eu.audio-technica.com\/ATND8677?search=atnd\" target=\"_blank\" rel=\"noopener\">ATND8677<\/a><\/p>\n","protected":false},"excerpt":{"rendered":"<p>Audio-Technica ha anunciado la ampliaci\u00f3n de la compatibilidad con productos fabricados por terceros para su micr\u00f3fono cardioide de condensador para superficie compatible con Dante ATND971 y para el soporte de sobremesa para micr\u00f3fono compatible con Dante ATND8677. Tanto el ATND971 como el ATND8677 son soportados ahora por el software Tesira v2.3 de Biamp Systems y [&hellip;]<\/p>\n","protected":false},"author":1,"featured_media":300,"comment_status":"closed","ping_status":"closed","sticky":false,"template":"","format":"standard","meta":{"_acf_changed":false,"footnotes":""},"categories":[2461],"tags":[1574,1575,1551,1553],"class_list":["post-298","post","type-post","status-publish","format-standard","has-post-thumbnail","hentry","category-noticias","tag-atnd8677","tag-atnd971","tag-dante","tag-instalacion"],"acf":[],"yoast_head":"<!-- This site is optimized with the Yoast SEO plugin v27.1.1 - https:\/\/yoast.com\/product\/yoast-seo-wordpress\/ -->\n<title>Audio-Technica ampl\u00eda la compatibilidad de su gama de productos para red de audio Dante - Audio-Technica Iberia<\/title>\n<meta name=\"robots\" content=\"index, follow, max-snippet:-1, max-image-preview:large, max-video-preview:-1\" \/>\n<link rel=\"canonical\" href=\"https:\/\/distribution.audio-technica.eu\/es-es\/noticias\/audio-technica-amplia-la-compatibilidad-gama-productos-red-audio-dante\/\" \/>\n<meta property=\"og:locale\" content=\"es_ES\" \/>\n<meta property=\"og:type\" content=\"article\" \/>\n<meta property=\"og:title\" content=\"Audio-Technica ampl\u00eda la compatibilidad de su gama de productos para red de audio Dante - Audio-Technica Iberia\" \/>\n<meta property=\"og:description\" content=\"Audio-Technica ha anunciado la ampliaci\u00f3n de la compatibilidad con productos fabricados por terceros para su micr\u00f3fono cardioide de condensador para superficie compatible con Dante ATND971 y para el soporte de sobremesa para micr\u00f3fono compatible con Dante ATND8677. Tanto el ATND971 como el ATND8677 son soportados ahora por el software Tesira v2.3 de Biamp Systems y [&hellip;]\" \/>\n<meta property=\"og:url\" content=\"https:\/\/distribution.audio-technica.eu\/es-es\/noticias\/audio-technica-amplia-la-compatibilidad-gama-productos-red-audio-dante\/\" \/>\n<meta property=\"og:site_name\" content=\"Audio-Technica Iberia\" \/>\n<meta property=\"article:published_time\" content=\"2015-07-23T09:51:47+00:00\" \/>\n<meta property=\"article:modified_time\" content=\"2023-10-17T16:41:32+00:00\" \/>\n<meta property=\"og:image\" content=\"https:\/\/distribution.audio-technica.eu\/app\/uploads\/sites\/2\/ATND971.jpg\" \/>\n\t<meta property=\"og:image:width\" content=\"640\" \/>\n\t<meta property=\"og:image:height\" content=\"360\" \/>\n\t<meta property=\"og:image:type\" content=\"image\/jpeg\" \/>\n<meta name=\"author\" content=\"Audio-Technica\" \/>\n<meta name=\"twitter:card\" content=\"summary_large_image\" \/>\n<meta name=\"twitter:label1\" content=\"Escrito por\" \/>\n\t<meta name=\"twitter:data1\" content=\"Audio-Technica\" \/>\n\t<meta name=\"twitter:label2\" content=\"Tiempo de lectura\" \/>\n\t<meta name=\"twitter:data2\" content=\"3 minutos\" \/>\n<script type=\"application\/ld+json\" class=\"yoast-schema-graph\">{\"@context\":\"https:\/\/schema.org\",\"@graph\":[{\"@type\":\"Article\",\"@id\":\"https:\/\/distribution.audio-technica.eu\/es-es\/noticias\/audio-technica-amplia-la-compatibilidad-gama-productos-red-audio-dante\/#article\",\"isPartOf\":{\"@id\":\"https:\/\/distribution.audio-technica.eu\/es-es\/noticias\/audio-technica-amplia-la-compatibilidad-gama-productos-red-audio-dante\/\"},\"author\":{\"name\":\"Audio-Technica\",\"@id\":\"https:\/\/distribution.audio-technica.eu\/es-es\/#\/schema\/person\/e8e715e047e33cc425e816f59cbd9b80\"},\"headline\":\"Audio-Technica ampl\u00eda la compatibilidad de su gama de productos para red de audio Dante\",\"datePublished\":\"2015-07-23T09:51:47+00:00\",\"dateModified\":\"2023-10-17T16:41:32+00:00\",\"mainEntityOfPage\":{\"@id\":\"https:\/\/distribution.audio-technica.eu\/es-es\/noticias\/audio-technica-amplia-la-compatibilidad-gama-productos-red-audio-dante\/\"},\"wordCount\":613,\"image\":{\"@id\":\"https:\/\/distribution.audio-technica.eu\/es-es\/noticias\/audio-technica-amplia-la-compatibilidad-gama-productos-red-audio-dante\/#primaryimage\"},\"thumbnailUrl\":\"\/app\/uploads\/sites\/2\/ATND971.jpg\",\"keywords\":[\"ATND8677\",\"ATND971\",\"Dante\",\"Instalaci\u00f3n\"],\"articleSection\":[\"Noticias\"],\"inLanguage\":\"es\"},{\"@type\":\"WebPage\",\"@id\":\"https:\/\/distribution.audio-technica.eu\/es-es\/noticias\/audio-technica-amplia-la-compatibilidad-gama-productos-red-audio-dante\/\",\"url\":\"https:\/\/distribution.audio-technica.eu\/es-es\/noticias\/audio-technica-amplia-la-compatibilidad-gama-productos-red-audio-dante\/\",\"name\":\"Audio-Technica ampl\u00eda la compatibilidad de su gama de productos para red de audio Dante - Audio-Technica Iberia\",\"isPartOf\":{\"@id\":\"https:\/\/distribution.audio-technica.eu\/es-es\/#website\"},\"primaryImageOfPage\":{\"@id\":\"https:\/\/distribution.audio-technica.eu\/es-es\/noticias\/audio-technica-amplia-la-compatibilidad-gama-productos-red-audio-dante\/#primaryimage\"},\"image\":{\"@id\":\"https:\/\/distribution.audio-technica.eu\/es-es\/noticias\/audio-technica-amplia-la-compatibilidad-gama-productos-red-audio-dante\/#primaryimage\"},\"thumbnailUrl\":\"\/app\/uploads\/sites\/2\/ATND971.jpg\",\"datePublished\":\"2015-07-23T09:51:47+00:00\",\"dateModified\":\"2023-10-17T16:41:32+00:00\",\"author\":{\"@id\":\"https:\/\/distribution.audio-technica.eu\/es-es\/#\/schema\/person\/e8e715e047e33cc425e816f59cbd9b80\"},\"breadcrumb\":{\"@id\":\"https:\/\/distribution.audio-technica.eu\/es-es\/noticias\/audio-technica-amplia-la-compatibilidad-gama-productos-red-audio-dante\/#breadcrumb\"},\"inLanguage\":\"es\",\"potentialAction\":[{\"@type\":\"ReadAction\",\"target\":[\"https:\/\/distribution.audio-technica.eu\/es-es\/noticias\/audio-technica-amplia-la-compatibilidad-gama-productos-red-audio-dante\/\"]}]},{\"@type\":\"ImageObject\",\"inLanguage\":\"es\",\"@id\":\"https:\/\/distribution.audio-technica.eu\/es-es\/noticias\/audio-technica-amplia-la-compatibilidad-gama-productos-red-audio-dante\/#primaryimage\",\"url\":\"\/app\/uploads\/sites\/2\/ATND971.jpg\",\"contentUrl\":\"\/app\/uploads\/sites\/2\/ATND971.jpg\",\"width\":640,\"height\":360,\"caption\":\"Audio-Technica ampl\u00eda la compatibilidad de su gama de productos para red de audio Dante\"},{\"@type\":\"BreadcrumbList\",\"@id\":\"https:\/\/distribution.audio-technica.eu\/es-es\/noticias\/audio-technica-amplia-la-compatibilidad-gama-productos-red-audio-dante\/#breadcrumb\",\"itemListElement\":[{\"@type\":\"ListItem\",\"position\":1,\"name\":\"Products\",\"item\":\"https:\/\/distribution.audio-technica.eu\/es-es\/\"},{\"@type\":\"ListItem\",\"position\":2,\"name\":\"Audio-Technica ampl\u00eda la compatibilidad de su gama de productos para red de audio Dante\"}]},{\"@type\":\"WebSite\",\"@id\":\"https:\/\/distribution.audio-technica.eu\/es-es\/#website\",\"url\":\"https:\/\/distribution.audio-technica.eu\/es-es\/\",\"name\":\"Audio-Technica Iberia\",\"description\":\"Distribuci\u00f3n\",\"potentialAction\":[{\"@type\":\"SearchAction\",\"target\":{\"@type\":\"EntryPoint\",\"urlTemplate\":\"https:\/\/distribution.audio-technica.eu\/es-es\/?s={search_term_string}\"},\"query-input\":{\"@type\":\"PropertyValueSpecification\",\"valueRequired\":true,\"valueName\":\"search_term_string\"}}],\"inLanguage\":\"es\"},{\"@type\":\"Person\",\"@id\":\"https:\/\/distribution.audio-technica.eu\/es-es\/#\/schema\/person\/e8e715e047e33cc425e816f59cbd9b80\",\"name\":\"Audio-Technica\"}]}<\/script>\n<!-- \/ Yoast SEO plugin. -->","yoast_head_json":{"title":"Audio-Technica ampl\u00eda la compatibilidad de su gama de productos para red de audio Dante - Audio-Technica Iberia","robots":{"index":"index","follow":"follow","max-snippet":"max-snippet:-1","max-image-preview":"max-image-preview:large","max-video-preview":"max-video-preview:-1"},"canonical":"https:\/\/distribution.audio-technica.eu\/es-es\/noticias\/audio-technica-amplia-la-compatibilidad-gama-productos-red-audio-dante\/","og_locale":"es_ES","og_type":"article","og_title":"Audio-Technica ampl\u00eda la compatibilidad de su gama de productos para red de audio Dante - Audio-Technica Iberia","og_description":"Audio-Technica ha anunciado la ampliaci\u00f3n de la compatibilidad con productos fabricados por terceros para su micr\u00f3fono cardioide de condensador para superficie compatible con Dante ATND971 y para el soporte de sobremesa para micr\u00f3fono compatible con Dante ATND8677. Tanto el ATND971 como el ATND8677 son soportados ahora por el software Tesira v2.3 de Biamp Systems y [&hellip;]","og_url":"https:\/\/distribution.audio-technica.eu\/es-es\/noticias\/audio-technica-amplia-la-compatibilidad-gama-productos-red-audio-dante\/","og_site_name":"Audio-Technica Iberia","article_published_time":"2015-07-23T09:51:47+00:00","article_modified_time":"2023-10-17T16:41:32+00:00","og_image":[{"width":640,"height":360,"url":"https:\/\/distribution.audio-technica.eu\/app\/uploads\/sites\/2\/ATND971.jpg","type":"image\/jpeg"}],"author":"Audio-Technica","twitter_card":"summary_large_image","twitter_misc":{"Escrito por":"Audio-Technica","Tiempo de lectura":"3 minutos"},"schema":{"@context":"https:\/\/schema.org","@graph":[{"@type":"Article","@id":"https:\/\/distribution.audio-technica.eu\/es-es\/noticias\/audio-technica-amplia-la-compatibilidad-gama-productos-red-audio-dante\/#article","isPartOf":{"@id":"https:\/\/distribution.audio-technica.eu\/es-es\/noticias\/audio-technica-amplia-la-compatibilidad-gama-productos-red-audio-dante\/"},"author":{"name":"Audio-Technica","@id":"https:\/\/distribution.audio-technica.eu\/es-es\/#\/schema\/person\/e8e715e047e33cc425e816f59cbd9b80"},"headline":"Audio-Technica ampl\u00eda la compatibilidad de su gama de productos para red de audio Dante","datePublished":"2015-07-23T09:51:47+00:00","dateModified":"2023-10-17T16:41:32+00:00","mainEntityOfPage":{"@id":"https:\/\/distribution.audio-technica.eu\/es-es\/noticias\/audio-technica-amplia-la-compatibilidad-gama-productos-red-audio-dante\/"},"wordCount":613,"image":{"@id":"https:\/\/distribution.audio-technica.eu\/es-es\/noticias\/audio-technica-amplia-la-compatibilidad-gama-productos-red-audio-dante\/#primaryimage"},"thumbnailUrl":"\/app\/uploads\/sites\/2\/ATND971.jpg","keywords":["ATND8677","ATND971","Dante","Instalaci\u00f3n"],"articleSection":["Noticias"],"inLanguage":"es"},{"@type":"WebPage","@id":"https:\/\/distribution.audio-technica.eu\/es-es\/noticias\/audio-technica-amplia-la-compatibilidad-gama-productos-red-audio-dante\/","url":"https:\/\/distribution.audio-technica.eu\/es-es\/noticias\/audio-technica-amplia-la-compatibilidad-gama-productos-red-audio-dante\/","name":"Audio-Technica ampl\u00eda la compatibilidad de su gama de productos para red de audio Dante - Audio-Technica Iberia","isPartOf":{"@id":"https:\/\/distribution.audio-technica.eu\/es-es\/#website"},"primaryImageOfPage":{"@id":"https:\/\/distribution.audio-technica.eu\/es-es\/noticias\/audio-technica-amplia-la-compatibilidad-gama-productos-red-audio-dante\/#primaryimage"},"image":{"@id":"https:\/\/distribution.audio-technica.eu\/es-es\/noticias\/audio-technica-amplia-la-compatibilidad-gama-productos-red-audio-dante\/#primaryimage"},"thumbnailUrl":"\/app\/uploads\/sites\/2\/ATND971.jpg","datePublished":"2015-07-23T09:51:47+00:00","dateModified":"2023-10-17T16:41:32+00:00","author":{"@id":"https:\/\/distribution.audio-technica.eu\/es-es\/#\/schema\/person\/e8e715e047e33cc425e816f59cbd9b80"},"breadcrumb":{"@id":"https:\/\/distribution.audio-technica.eu\/es-es\/noticias\/audio-technica-amplia-la-compatibilidad-gama-productos-red-audio-dante\/#breadcrumb"},"inLanguage":"es","potentialAction":[{"@type":"ReadAction","target":["https:\/\/distribution.audio-technica.eu\/es-es\/noticias\/audio-technica-amplia-la-compatibilidad-gama-productos-red-audio-dante\/"]}]},{"@type":"ImageObject","inLanguage":"es","@id":"https:\/\/distribution.audio-technica.eu\/es-es\/noticias\/audio-technica-amplia-la-compatibilidad-gama-productos-red-audio-dante\/#primaryimage","url":"\/app\/uploads\/sites\/2\/ATND971.jpg","contentUrl":"\/app\/uploads\/sites\/2\/ATND971.jpg","width":640,"height":360,"caption":"Audio-Technica ampl\u00eda la compatibilidad de su gama de productos para red de audio Dante"},{"@type":"BreadcrumbList","@id":"https:\/\/distribution.audio-technica.eu\/es-es\/noticias\/audio-technica-amplia-la-compatibilidad-gama-productos-red-audio-dante\/#breadcrumb","itemListElement":[{"@type":"ListItem","position":1,"name":"Products","item":"https:\/\/distribution.audio-technica.eu\/es-es\/"},{"@type":"ListItem","position":2,"name":"Audio-Technica ampl\u00eda la compatibilidad de su gama de productos para red de audio Dante"}]},{"@type":"WebSite","@id":"https:\/\/distribution.audio-technica.eu\/es-es\/#website","url":"https:\/\/distribution.audio-technica.eu\/es-es\/","name":"Audio-Technica Iberia","description":"Distribuci\u00f3n","potentialAction":[{"@type":"SearchAction","target":{"@type":"EntryPoint","urlTemplate":"https:\/\/distribution.audio-technica.eu\/es-es\/?s={search_term_string}"},"query-input":{"@type":"PropertyValueSpecification","valueRequired":true,"valueName":"search_term_string"}}],"inLanguage":"es"},{"@type":"Person","@id":"https:\/\/distribution.audio-technica.eu\/es-es\/#\/schema\/person\/e8e715e047e33cc425e816f59cbd9b80","name":"Audio-Technica"}]}},"_links":{"self":[{"href":"https:\/\/distribution.audio-technica.eu\/es-es\/wp-json\/wp\/v2\/posts\/298","targetHints":{"allow":["GET"]}}],"collection":[{"href":"https:\/\/distribution.audio-technica.eu\/es-es\/wp-json\/wp\/v2\/posts"}],"about":[{"href":"https:\/\/distribution.audio-technica.eu\/es-es\/wp-json\/wp\/v2\/types\/post"}],"author":[{"embeddable":true,"href":"https:\/\/distribution.audio-technica.eu\/es-es\/wp-json\/wp\/v2\/users\/1"}],"replies":[{"embeddable":true,"href":"https:\/\/distribution.audio-technica.eu\/es-es\/wp-json\/wp\/v2\/comments?post=298"}],"version-history":[{"count":1,"href":"https:\/\/distribution.audio-technica.eu\/es-es\/wp-json\/wp\/v2\/posts\/298\/revisions"}],"predecessor-version":[{"id":30279,"href":"https:\/\/distribution.audio-technica.eu\/es-es\/wp-json\/wp\/v2\/posts\/298\/revisions\/30279"}],"wp:featuredmedia":[{"embeddable":true,"href":"https:\/\/distribution.audio-technica.eu\/es-es\/wp-json\/wp\/v2\/media\/300"}],"wp:attachment":[{"href":"https:\/\/distribution.audio-technica.eu\/es-es\/wp-json\/wp\/v2\/media?parent=298"}],"wp:term":[{"taxonomy":"category","embeddable":true,"href":"https:\/\/distribution.audio-technica.eu\/es-es\/wp-json\/wp\/v2\/categories?post=298"},{"taxonomy":"post_tag","embeddable":true,"href":"https:\/\/distribution.audio-technica.eu\/es-es\/wp-json\/wp\/v2\/tags?post=298"}],"curies":[{"name":"wp","href":"https:\/\/api.w.org\/{rel}","templated":true}]}}