{"id":308,"date":"2016-02-22T12:16:29","date_gmt":"2016-02-22T11:16:29","guid":{"rendered":"http:\/\/noticias.audio-technica.es\/?p=308"},"modified":"2023-10-17T18:41:03","modified_gmt":"2023-10-17T16:41:03","slug":"audio-technica-presenta-sistema-inalambrico-basico-at-one","status":"publish","type":"post","link":"https:\/\/distribution.audio-technica.eu\/es-es\/noticias\/audio-technica-presenta-sistema-inalambrico-basico-at-one\/","title":{"rendered":"Audio-Technica presenta el sistema inal\u00e1mbrico b\u00e1sico AT-ONE"},"content":{"rendered":"<h2>Audio-Technica acaba de anunciar el lanzamiento de un nuevo sistema inal\u00e1mbrico UHF m\u00e1s asequible, muy adecuado para instalaciones, el AT-One. Dise\u00f1ado pensando en la simplicidad y la facilidad de uso, el AT-One proporciona una soluci\u00f3n ideal para presentadores, artistas e instaladores que buscan un sistema inal\u00e1mbrico sin complicaciones.<\/h2>\n<p><a href=\"http:\/\/eu.audio-technica.com\/wireless\/wireless-by-series\/at-one\" target=\"_blank\" rel=\"noopener\"><img loading=\"lazy\" decoding=\"async\" class=\"aligncenter size-full wp-image-307\" src=\"http:\/\/noticias.audio-technica.es\/wp-content\/uploads\/AT-One.jpg\" alt=\"Audio-Technica presenta el sistema inal\u00e1mbrico b\u00e1sico AT-ONE\" width=\"640\" height=\"360\" srcset=\"https:\/\/distribution.audio-technica.eu\/app\/uploads\/sites\/2\/AT-One.jpg 640w, https:\/\/distribution.audio-technica.eu\/app\/uploads\/sites\/2\/AT-One-300x169.jpg 300w, https:\/\/distribution.audio-technica.eu\/app\/uploads\/sites\/2\/AT-One-200x113.jpg 200w, https:\/\/distribution.audio-technica.eu\/app\/uploads\/sites\/2\/AT-One-400x225.jpg 400w, https:\/\/distribution.audio-technica.eu\/app\/uploads\/sites\/2\/AT-One-600x338.jpg 600w\" sizes=\"auto, (max-width: 640px) 100vw, 640px\" \/><\/a><\/p>\n<p>El plan de frecuencias del AT-One est\u00e1 dividido en dos grupos, con cuatro canales disponibles en cada grupo, distribuidos entre las frecuencias libres en toda Europa y la brecha LTE d\u00faplex. El usuario puede escoger hasta cuatro canales en un grupo. Esta configuraci\u00f3n permite, por ejemplo, que el instalador pueda utilizar dos sistemas AT-One de cuatro canales en zonas muy pr\u00f3ximas (utilizando grupos separados) sin que se produzcan interferencias.<\/p>\n<p>A pesar de su flexibilidad, el\u00a0 simple interface de AT-One asegura excelentes posibilidades para usuarios de cualquier nivel de experiencia en el uso de sistemas inal\u00e1mbricos. Tampoco se ha escatimado en cuanto a su robusta construcci\u00f3n ni a los accesorios que incluye; el AT-One incluye una caja de transporte, kit de montaje en rack y antena desmontable.<\/p>\n<p>Disponible en tres configuraciones, el AT-One puede ser adquirido con transmisor de tipo petaca o con transmisor de mano, o con petaca y micr\u00f3fono lavalier ATR35cW.<\/p>\n<p>El ATW-11F est\u00e1 equipado con una robusta petaca de dise\u00f1o discreto, que proporciona una potencia de salida RF de 10 mW, y una autonom\u00eda de hasta 10 horas.<\/p>\n<p>El sistema de mano ATW-13F cuenta con un transmisor de mano cardioide de condensador ATW-T3F, que tambi\u00e9n ofrece una potencia de salida RF de 10mW y una autonom\u00eda de hasta 10 horas.<\/p>\n<p>La c\u00e1psula que incorpora el micr\u00f3fono de mano ATW-13F previene la posibilidad de que se produzca realimentaci\u00f3n ac\u00fastica cuando se utiliza en recintos que tienen instalados bucles de inducci\u00f3n.<\/p>\n<p>El sistema lavalier ATW-11\/PF incluye la petaca ATW-11F y el micr\u00f3fono de corbata ATR35cW.<\/p>\n<p>&nbsp;<\/p>\n<p><a href=\"http:\/\/eu.audio-technica.com\/wireless\/wireless-by-series\/at-one\" target=\"_blank\" rel=\"noopener\">M\u00e1s informaci\u00f3n sobre la Serie AT-ONE<\/a><\/p>\n","protected":false},"excerpt":{"rendered":"<p>Audio-Technica acaba de anunciar el lanzamiento de un nuevo sistema inal\u00e1mbrico UHF m\u00e1s asequible, muy adecuado para instalaciones, el AT-One. Dise\u00f1ado pensando en la simplicidad y la facilidad de uso, el AT-One proporciona una soluci\u00f3n ideal para presentadores, artistas e instaladores que buscan un sistema inal\u00e1mbrico sin complicaciones. El plan de frecuencias del AT-One est\u00e1 [&hellip;]<\/p>\n","protected":false},"author":1,"featured_media":311,"comment_status":"closed","ping_status":"closed","sticky":false,"template":"","format":"standard","meta":{"_acf_changed":false,"footnotes":""},"categories":[2456],"tags":[1582,1579,1580],"class_list":["post-308","post","type-post","status-publish","format-standard","has-post-thumbnail","hentry","category-novedades","tag-at-one","tag-directo","tag-microfonia-inalambrica"],"acf":[],"yoast_head":"<!-- This site is optimized with the Yoast SEO plugin v27.1.1 - https:\/\/yoast.com\/product\/yoast-seo-wordpress\/ -->\n<title>Audio-Technica presenta el sistema inal\u00e1mbrico b\u00e1sico AT-ONE - Audio-Technica Iberia<\/title>\n<meta name=\"robots\" content=\"index, follow, max-snippet:-1, max-image-preview:large, max-video-preview:-1\" \/>\n<link rel=\"canonical\" href=\"https:\/\/distribution.audio-technica.eu\/es-es\/noticias\/audio-technica-presenta-sistema-inalambrico-basico-at-one\/\" \/>\n<meta property=\"og:locale\" content=\"es_ES\" \/>\n<meta property=\"og:type\" content=\"article\" \/>\n<meta property=\"og:title\" content=\"Audio-Technica presenta el sistema inal\u00e1mbrico b\u00e1sico AT-ONE - Audio-Technica Iberia\" \/>\n<meta property=\"og:description\" content=\"Audio-Technica acaba de anunciar el lanzamiento de un nuevo sistema inal\u00e1mbrico UHF m\u00e1s asequible, muy adecuado para instalaciones, el AT-One. Dise\u00f1ado pensando en la simplicidad y la facilidad de uso, el AT-One proporciona una soluci\u00f3n ideal para presentadores, artistas e instaladores que buscan un sistema inal\u00e1mbrico sin complicaciones. El plan de frecuencias del AT-One est\u00e1 [&hellip;]\" \/>\n<meta property=\"og:url\" content=\"https:\/\/distribution.audio-technica.eu\/es-es\/noticias\/audio-technica-presenta-sistema-inalambrico-basico-at-one\/\" \/>\n<meta property=\"og:site_name\" content=\"Audio-Technica Iberia\" \/>\n<meta property=\"article:published_time\" content=\"2016-02-22T11:16:29+00:00\" \/>\n<meta property=\"article:modified_time\" content=\"2023-10-17T16:41:03+00:00\" \/>\n<meta property=\"og:image\" content=\"https:\/\/distribution.audio-technica.eu\/app\/uploads\/sites\/2\/AT-One-1.jpg\" \/>\n\t<meta property=\"og:image:width\" content=\"640\" \/>\n\t<meta property=\"og:image:height\" content=\"360\" \/>\n\t<meta property=\"og:image:type\" content=\"image\/jpeg\" \/>\n<meta name=\"author\" content=\"Audio-Technica\" \/>\n<meta name=\"twitter:card\" content=\"summary_large_image\" \/>\n<meta name=\"twitter:label1\" content=\"Escrito por\" \/>\n\t<meta name=\"twitter:data1\" content=\"Audio-Technica\" \/>\n\t<meta name=\"twitter:label2\" content=\"Tiempo de lectura\" \/>\n\t<meta name=\"twitter:data2\" content=\"2 minutos\" \/>\n<script type=\"application\/ld+json\" class=\"yoast-schema-graph\">{\"@context\":\"https:\/\/schema.org\",\"@graph\":[{\"@type\":\"Article\",\"@id\":\"https:\/\/distribution.audio-technica.eu\/es-es\/noticias\/audio-technica-presenta-sistema-inalambrico-basico-at-one\/#article\",\"isPartOf\":{\"@id\":\"https:\/\/distribution.audio-technica.eu\/es-es\/noticias\/audio-technica-presenta-sistema-inalambrico-basico-at-one\/\"},\"author\":{\"name\":\"Audio-Technica\",\"@id\":\"https:\/\/distribution.audio-technica.eu\/es-es\/#\/schema\/person\/e8e715e047e33cc425e816f59cbd9b80\"},\"headline\":\"Audio-Technica presenta el sistema inal\u00e1mbrico b\u00e1sico AT-ONE\",\"datePublished\":\"2016-02-22T11:16:29+00:00\",\"dateModified\":\"2023-10-17T16:41:03+00:00\",\"mainEntityOfPage\":{\"@id\":\"https:\/\/distribution.audio-technica.eu\/es-es\/noticias\/audio-technica-presenta-sistema-inalambrico-basico-at-one\/\"},\"wordCount\":347,\"image\":{\"@id\":\"https:\/\/distribution.audio-technica.eu\/es-es\/noticias\/audio-technica-presenta-sistema-inalambrico-basico-at-one\/#primaryimage\"},\"thumbnailUrl\":\"\/app\/uploads\/sites\/2\/AT-One-1.jpg\",\"keywords\":[\"AT-ONE\",\"directo\",\"Microfon\u00eda inal\u00e1mbrica\"],\"articleSection\":[\"Novedades\"],\"inLanguage\":\"es\"},{\"@type\":\"WebPage\",\"@id\":\"https:\/\/distribution.audio-technica.eu\/es-es\/noticias\/audio-technica-presenta-sistema-inalambrico-basico-at-one\/\",\"url\":\"https:\/\/distribution.audio-technica.eu\/es-es\/noticias\/audio-technica-presenta-sistema-inalambrico-basico-at-one\/\",\"name\":\"Audio-Technica presenta el sistema inal\u00e1mbrico b\u00e1sico AT-ONE - Audio-Technica Iberia\",\"isPartOf\":{\"@id\":\"https:\/\/distribution.audio-technica.eu\/es-es\/#website\"},\"primaryImageOfPage\":{\"@id\":\"https:\/\/distribution.audio-technica.eu\/es-es\/noticias\/audio-technica-presenta-sistema-inalambrico-basico-at-one\/#primaryimage\"},\"image\":{\"@id\":\"https:\/\/distribution.audio-technica.eu\/es-es\/noticias\/audio-technica-presenta-sistema-inalambrico-basico-at-one\/#primaryimage\"},\"thumbnailUrl\":\"\/app\/uploads\/sites\/2\/AT-One-1.jpg\",\"datePublished\":\"2016-02-22T11:16:29+00:00\",\"dateModified\":\"2023-10-17T16:41:03+00:00\",\"author\":{\"@id\":\"https:\/\/distribution.audio-technica.eu\/es-es\/#\/schema\/person\/e8e715e047e33cc425e816f59cbd9b80\"},\"breadcrumb\":{\"@id\":\"https:\/\/distribution.audio-technica.eu\/es-es\/noticias\/audio-technica-presenta-sistema-inalambrico-basico-at-one\/#breadcrumb\"},\"inLanguage\":\"es\",\"potentialAction\":[{\"@type\":\"ReadAction\",\"target\":[\"https:\/\/distribution.audio-technica.eu\/es-es\/noticias\/audio-technica-presenta-sistema-inalambrico-basico-at-one\/\"]}]},{\"@type\":\"ImageObject\",\"inLanguage\":\"es\",\"@id\":\"https:\/\/distribution.audio-technica.eu\/es-es\/noticias\/audio-technica-presenta-sistema-inalambrico-basico-at-one\/#primaryimage\",\"url\":\"\/app\/uploads\/sites\/2\/AT-One-1.jpg\",\"contentUrl\":\"\/app\/uploads\/sites\/2\/AT-One-1.jpg\",\"width\":640,\"height\":360,\"caption\":\"Audio-Technica presenta el sistema inal\u00e1mbrico b\u00e1sico AT-ONE\"},{\"@type\":\"BreadcrumbList\",\"@id\":\"https:\/\/distribution.audio-technica.eu\/es-es\/noticias\/audio-technica-presenta-sistema-inalambrico-basico-at-one\/#breadcrumb\",\"itemListElement\":[{\"@type\":\"ListItem\",\"position\":1,\"name\":\"Products\",\"item\":\"https:\/\/distribution.audio-technica.eu\/es-es\/\"},{\"@type\":\"ListItem\",\"position\":2,\"name\":\"Audio-Technica presenta el sistema inal\u00e1mbrico b\u00e1sico AT-ONE\"}]},{\"@type\":\"WebSite\",\"@id\":\"https:\/\/distribution.audio-technica.eu\/es-es\/#website\",\"url\":\"https:\/\/distribution.audio-technica.eu\/es-es\/\",\"name\":\"Audio-Technica Iberia\",\"description\":\"Distribuci\u00f3n\",\"potentialAction\":[{\"@type\":\"SearchAction\",\"target\":{\"@type\":\"EntryPoint\",\"urlTemplate\":\"https:\/\/distribution.audio-technica.eu\/es-es\/?s={search_term_string}\"},\"query-input\":{\"@type\":\"PropertyValueSpecification\",\"valueRequired\":true,\"valueName\":\"search_term_string\"}}],\"inLanguage\":\"es\"},{\"@type\":\"Person\",\"@id\":\"https:\/\/distribution.audio-technica.eu\/es-es\/#\/schema\/person\/e8e715e047e33cc425e816f59cbd9b80\",\"name\":\"Audio-Technica\"}]}<\/script>\n<!-- \/ Yoast SEO plugin. -->","yoast_head_json":{"title":"Audio-Technica presenta el sistema inal\u00e1mbrico b\u00e1sico AT-ONE - Audio-Technica Iberia","robots":{"index":"index","follow":"follow","max-snippet":"max-snippet:-1","max-image-preview":"max-image-preview:large","max-video-preview":"max-video-preview:-1"},"canonical":"https:\/\/distribution.audio-technica.eu\/es-es\/noticias\/audio-technica-presenta-sistema-inalambrico-basico-at-one\/","og_locale":"es_ES","og_type":"article","og_title":"Audio-Technica presenta el sistema inal\u00e1mbrico b\u00e1sico AT-ONE - Audio-Technica Iberia","og_description":"Audio-Technica acaba de anunciar el lanzamiento de un nuevo sistema inal\u00e1mbrico UHF m\u00e1s asequible, muy adecuado para instalaciones, el AT-One. Dise\u00f1ado pensando en la simplicidad y la facilidad de uso, el AT-One proporciona una soluci\u00f3n ideal para presentadores, artistas e instaladores que buscan un sistema inal\u00e1mbrico sin complicaciones. El plan de frecuencias del AT-One est\u00e1 [&hellip;]","og_url":"https:\/\/distribution.audio-technica.eu\/es-es\/noticias\/audio-technica-presenta-sistema-inalambrico-basico-at-one\/","og_site_name":"Audio-Technica Iberia","article_published_time":"2016-02-22T11:16:29+00:00","article_modified_time":"2023-10-17T16:41:03+00:00","og_image":[{"width":640,"height":360,"url":"https:\/\/distribution.audio-technica.eu\/app\/uploads\/sites\/2\/AT-One-1.jpg","type":"image\/jpeg"}],"author":"Audio-Technica","twitter_card":"summary_large_image","twitter_misc":{"Escrito por":"Audio-Technica","Tiempo de lectura":"2 minutos"},"schema":{"@context":"https:\/\/schema.org","@graph":[{"@type":"Article","@id":"https:\/\/distribution.audio-technica.eu\/es-es\/noticias\/audio-technica-presenta-sistema-inalambrico-basico-at-one\/#article","isPartOf":{"@id":"https:\/\/distribution.audio-technica.eu\/es-es\/noticias\/audio-technica-presenta-sistema-inalambrico-basico-at-one\/"},"author":{"name":"Audio-Technica","@id":"https:\/\/distribution.audio-technica.eu\/es-es\/#\/schema\/person\/e8e715e047e33cc425e816f59cbd9b80"},"headline":"Audio-Technica presenta el sistema inal\u00e1mbrico b\u00e1sico AT-ONE","datePublished":"2016-02-22T11:16:29+00:00","dateModified":"2023-10-17T16:41:03+00:00","mainEntityOfPage":{"@id":"https:\/\/distribution.audio-technica.eu\/es-es\/noticias\/audio-technica-presenta-sistema-inalambrico-basico-at-one\/"},"wordCount":347,"image":{"@id":"https:\/\/distribution.audio-technica.eu\/es-es\/noticias\/audio-technica-presenta-sistema-inalambrico-basico-at-one\/#primaryimage"},"thumbnailUrl":"\/app\/uploads\/sites\/2\/AT-One-1.jpg","keywords":["AT-ONE","directo","Microfon\u00eda inal\u00e1mbrica"],"articleSection":["Novedades"],"inLanguage":"es"},{"@type":"WebPage","@id":"https:\/\/distribution.audio-technica.eu\/es-es\/noticias\/audio-technica-presenta-sistema-inalambrico-basico-at-one\/","url":"https:\/\/distribution.audio-technica.eu\/es-es\/noticias\/audio-technica-presenta-sistema-inalambrico-basico-at-one\/","name":"Audio-Technica presenta el sistema inal\u00e1mbrico b\u00e1sico AT-ONE - Audio-Technica Iberia","isPartOf":{"@id":"https:\/\/distribution.audio-technica.eu\/es-es\/#website"},"primaryImageOfPage":{"@id":"https:\/\/distribution.audio-technica.eu\/es-es\/noticias\/audio-technica-presenta-sistema-inalambrico-basico-at-one\/#primaryimage"},"image":{"@id":"https:\/\/distribution.audio-technica.eu\/es-es\/noticias\/audio-technica-presenta-sistema-inalambrico-basico-at-one\/#primaryimage"},"thumbnailUrl":"\/app\/uploads\/sites\/2\/AT-One-1.jpg","datePublished":"2016-02-22T11:16:29+00:00","dateModified":"2023-10-17T16:41:03+00:00","author":{"@id":"https:\/\/distribution.audio-technica.eu\/es-es\/#\/schema\/person\/e8e715e047e33cc425e816f59cbd9b80"},"breadcrumb":{"@id":"https:\/\/distribution.audio-technica.eu\/es-es\/noticias\/audio-technica-presenta-sistema-inalambrico-basico-at-one\/#breadcrumb"},"inLanguage":"es","potentialAction":[{"@type":"ReadAction","target":["https:\/\/distribution.audio-technica.eu\/es-es\/noticias\/audio-technica-presenta-sistema-inalambrico-basico-at-one\/"]}]},{"@type":"ImageObject","inLanguage":"es","@id":"https:\/\/distribution.audio-technica.eu\/es-es\/noticias\/audio-technica-presenta-sistema-inalambrico-basico-at-one\/#primaryimage","url":"\/app\/uploads\/sites\/2\/AT-One-1.jpg","contentUrl":"\/app\/uploads\/sites\/2\/AT-One-1.jpg","width":640,"height":360,"caption":"Audio-Technica presenta el sistema inal\u00e1mbrico b\u00e1sico AT-ONE"},{"@type":"BreadcrumbList","@id":"https:\/\/distribution.audio-technica.eu\/es-es\/noticias\/audio-technica-presenta-sistema-inalambrico-basico-at-one\/#breadcrumb","itemListElement":[{"@type":"ListItem","position":1,"name":"Products","item":"https:\/\/distribution.audio-technica.eu\/es-es\/"},{"@type":"ListItem","position":2,"name":"Audio-Technica presenta el sistema inal\u00e1mbrico b\u00e1sico AT-ONE"}]},{"@type":"WebSite","@id":"https:\/\/distribution.audio-technica.eu\/es-es\/#website","url":"https:\/\/distribution.audio-technica.eu\/es-es\/","name":"Audio-Technica Iberia","description":"Distribuci\u00f3n","potentialAction":[{"@type":"SearchAction","target":{"@type":"EntryPoint","urlTemplate":"https:\/\/distribution.audio-technica.eu\/es-es\/?s={search_term_string}"},"query-input":{"@type":"PropertyValueSpecification","valueRequired":true,"valueName":"search_term_string"}}],"inLanguage":"es"},{"@type":"Person","@id":"https:\/\/distribution.audio-technica.eu\/es-es\/#\/schema\/person\/e8e715e047e33cc425e816f59cbd9b80","name":"Audio-Technica"}]}},"_links":{"self":[{"href":"https:\/\/distribution.audio-technica.eu\/es-es\/wp-json\/wp\/v2\/posts\/308","targetHints":{"allow":["GET"]}}],"collection":[{"href":"https:\/\/distribution.audio-technica.eu\/es-es\/wp-json\/wp\/v2\/posts"}],"about":[{"href":"https:\/\/distribution.audio-technica.eu\/es-es\/wp-json\/wp\/v2\/types\/post"}],"author":[{"embeddable":true,"href":"https:\/\/distribution.audio-technica.eu\/es-es\/wp-json\/wp\/v2\/users\/1"}],"replies":[{"embeddable":true,"href":"https:\/\/distribution.audio-technica.eu\/es-es\/wp-json\/wp\/v2\/comments?post=308"}],"version-history":[{"count":1,"href":"https:\/\/distribution.audio-technica.eu\/es-es\/wp-json\/wp\/v2\/posts\/308\/revisions"}],"predecessor-version":[{"id":30276,"href":"https:\/\/distribution.audio-technica.eu\/es-es\/wp-json\/wp\/v2\/posts\/308\/revisions\/30276"}],"wp:featuredmedia":[{"embeddable":true,"href":"https:\/\/distribution.audio-technica.eu\/es-es\/wp-json\/wp\/v2\/media\/311"}],"wp:attachment":[{"href":"https:\/\/distribution.audio-technica.eu\/es-es\/wp-json\/wp\/v2\/media?parent=308"}],"wp:term":[{"taxonomy":"category","embeddable":true,"href":"https:\/\/distribution.audio-technica.eu\/es-es\/wp-json\/wp\/v2\/categories?post=308"},{"taxonomy":"post_tag","embeddable":true,"href":"https:\/\/distribution.audio-technica.eu\/es-es\/wp-json\/wp\/v2\/tags?post=308"}],"curies":[{"name":"wp","href":"https:\/\/api.w.org\/{rel}","templated":true}]}}