{"id":324,"date":"2016-05-30T12:36:39","date_gmt":"2016-05-30T10:36:39","guid":{"rendered":"http:\/\/noticias.audio-technica.es\/?p=324"},"modified":"2023-10-17T18:40:38","modified_gmt":"2023-10-17T16:40:38","slug":"museo-picasso-malaga-incorpora-microfonia-inalambrica-audio-technica","status":"publish","type":"post","link":"https:\/\/distribution.audio-technica.eu\/es-es\/noticias\/museo-picasso-malaga-incorpora-microfonia-inalambrica-audio-technica\/","title":{"rendered":"El museo Picasso de M\u00e1laga incorpora microfon\u00eda inal\u00e1mbrica de Audio-Technica"},"content":{"rendered":"<h2>El Museo Picasso de M\u00e1laga ha decidido adquirir una amplia gama de microfon\u00eda inal\u00e1mbrica de Audio-Technica para desarrollar sus m\u00faltiples actividades.<\/h2>\n<p><img loading=\"lazy\" decoding=\"async\" class=\"aligncenter size-full wp-image-323\" src=\"http:\/\/noticias.audio-technica.es\/wp-content\/uploads\/AT-Museo-Picasso1.jpg\" alt=\"El museo Picasso de M\u00e1laga incorpora microfon\u00eda inal\u00e1mbrica de Audio-Technica\" width=\"640\" height=\"463\" srcset=\"https:\/\/distribution.audio-technica.eu\/app\/uploads\/sites\/2\/AT-Museo-Picasso1.jpg 640w, https:\/\/distribution.audio-technica.eu\/app\/uploads\/sites\/2\/AT-Museo-Picasso1-300x217.jpg 300w, https:\/\/distribution.audio-technica.eu\/app\/uploads\/sites\/2\/AT-Museo-Picasso1-200x145.jpg 200w, https:\/\/distribution.audio-technica.eu\/app\/uploads\/sites\/2\/AT-Museo-Picasso1-400x289.jpg 400w, https:\/\/distribution.audio-technica.eu\/app\/uploads\/sites\/2\/AT-Museo-Picasso1-600x434.jpg 600w\" sizes=\"auto, (max-width: 640px) 100vw, 640px\" \/><\/p>\n<p>El Museo se encuentra en el Palacio de Buenavista, en el centro hist\u00f3rico de la ciudad. La colecci\u00f3n se alberga en las antiguas salas del Palacio y ofrece un recorrido por la vida y obra del artista malague\u00f1o. Las obras se han organizado en un recorrido tem\u00e1tico<\/p>\n<p>El Museo Picasso M\u00e1laga\u00a0ofrece adem\u00e1s m\u00faltiples posibilidades para la celebraci\u00f3n de actos, convenciones y actividades.<\/p>\n<p>Dispone de un auditorio con capacidad para 172 butacas, adem\u00e1s de cuidados espacios interiores y exteriores preparados para albergar reuniones, seminarios, c\u00f3cteles o almuerzos de empresa.<\/p>\n<p>Para desarrollar todo este amplio abanico de actividades ofreciendo la m\u00e1xima calidad, los responsables del museo han decidido incorporar a su equipamiento sistemas microf\u00f3nicos inal\u00e1mbricos de Audio-Technica, formado por tres sistemas de receptores dobles en formato \u00bd rack <a href=\"http:\/\/eu.audio-technica.com\/wireless\/wireless-by-series\/system-10\/ATW-1311\" target=\"_blank\" rel=\"noopener\">ATW-1311<\/a> asociados a receptores de tipo petaca, micr\u00f3fonos lavalier inal\u00e1mbricos de tipo pinza para corbata <a href=\"http:\/\/eu.audio-technica.com\/AT898CW?search=AT898\" target=\"_blank\" rel=\"noopener\">AT898cW<\/a>, micr\u00f3fonos de tipo diadema de alta calidad <a href=\"http:\/\/eu.audio-technica.com\/BP892cW?search=BP892\" target=\"_blank\" rel=\"noopener\">BP892cW MicroSet\u00ae<\/a>, y micr\u00f3fonos cardioides de condensador, tipo flexo, <a href=\"http:\/\/eu.audio-technica.com\/U857QL?search=U857QL\" target=\"_blank\" rel=\"noopener\">U857QL<\/a>.<\/p>\n<p><a href=\"http:\/\/eu.audio-technica.com\/wireless\/wireless-by-series\/system-10\/ATW-1311\" target=\"_blank\" rel=\"noopener\"><img loading=\"lazy\" decoding=\"async\" class=\"aligncenter size-full wp-image-319\" src=\"http:\/\/noticias.audio-technica.es\/wp-content\/uploads\/AT-Museo-Picasso2.jpg\" alt=\"El museo Picasso de M\u00e1laga incorpora microfon\u00eda inal\u00e1mbrica de Audio-Technica\" width=\"640\" height=\"360\" srcset=\"https:\/\/distribution.audio-technica.eu\/app\/uploads\/sites\/2\/AT-Museo-Picasso2.jpg 640w, https:\/\/distribution.audio-technica.eu\/app\/uploads\/sites\/2\/AT-Museo-Picasso2-300x169.jpg 300w, https:\/\/distribution.audio-technica.eu\/app\/uploads\/sites\/2\/AT-Museo-Picasso2-200x113.jpg 200w, https:\/\/distribution.audio-technica.eu\/app\/uploads\/sites\/2\/AT-Museo-Picasso2-400x225.jpg 400w, https:\/\/distribution.audio-technica.eu\/app\/uploads\/sites\/2\/AT-Museo-Picasso2-600x338.jpg 600w\" sizes=\"auto, (max-width: 640px) 100vw, 640px\" \/><\/a><\/p>\n<p>Los receptores <a href=\"http:\/\/eu.audio-technica.com\/wireless\/wireless-by-series\/system-10\/ATW-1311\" target=\"_blank\" rel=\"noopener\">ATW-1311<\/a> pertenecen al sistema inal\u00e1mbrico digital de montaje en rack \u00abSystem 10 Pro\u00bb de Audio-Technica, que es muy f\u00e1cil de utilizar, fiable y de funcionamiento automatizado, de forma que el usuario nunca debe preocuparse por \u00e9l. Al igual que el resto de la gama System 10, el System 10 Pro trabaja a 24-bit \/ 48 kHz, y ofrece un manejo simple, al tiempo que asegura un sonido claro y natural. El sistema ofrece tres niveles de diversidad: frecuencia, tiempo y espacio.<\/p>\n<p><a href=\"http:\/\/eu.audio-technica.com\/AT898CW?search=AT898\" target=\"_blank\" rel=\"noopener\"><img decoding=\"async\" src=\"http:\/\/eu.audio-technica.com\/image\/cache\/data\/AT898CW_1-500x500.jpg\" \/><\/a>El <a href=\"http:\/\/eu.audio-technica.com\/AT898CW?search=AT898\" target=\"_blank\" rel=\"noopener\">AT898cW <\/a>es un micr\u00f3fono lavalier de condensador inal\u00e1mbrico, tipo pinza, que ofrece un patr\u00f3n polar carioide. Dise\u00f1ado para ser utilizado como lavalier o escondido entre la ropa, este discreto micr\u00f3fono ofrece la m\u00e1xima inteligibilidad.<\/p>\n<p><a href=\"http:\/\/eu.audio-technica.com\/BP892cW?search=BP892\" target=\"_blank\" rel=\"noopener\"><img loading=\"lazy\" decoding=\"async\" class=\"aligncenter size-full wp-image-321\" src=\"http:\/\/noticias.audio-technica.es\/wp-content\/uploads\/AT-Museo-Picasso4.jpg\" alt=\"El museo Picasso de M\u00e1laga incorpora microfon\u00eda inal\u00e1mbrica de Audio-Technica\" width=\"400\" height=\"182\" srcset=\"https:\/\/distribution.audio-technica.eu\/app\/uploads\/sites\/2\/AT-Museo-Picasso4.jpg 400w, https:\/\/distribution.audio-technica.eu\/app\/uploads\/sites\/2\/AT-Museo-Picasso4-300x137.jpg 300w, https:\/\/distribution.audio-technica.eu\/app\/uploads\/sites\/2\/AT-Museo-Picasso4-200x91.jpg 200w\" sizes=\"auto, (max-width: 400px) 100vw, 400px\" \/><\/a><\/p>\n<p>El micr\u00f3fono de alto SPL <a href=\"http:\/\/eu.audio-technica.com\/BP892cW?search=BP892\" target=\"_blank\" rel=\"noopener\">BP892cW MicroSet\u00ae<\/a> de Audio-Technica es lo \u00faltimo en cuanto a discreci\u00f3n y audio de alta calidad. Proporcionando un sonido claro y preciso en un formato muy discreto, el ultra ligero BP892cW se fija de forma segura detr\u00e1s de cualquier o\u00eddo, y puede llevarse durante horas sin que se produzca fatiga.<\/p>\n<p><a href=\"http:\/\/eu.audio-technica.com\/U857QL?search=U857QL\" target=\"_blank\" rel=\"noopener\"><img loading=\"lazy\" decoding=\"async\" class=\" wp-image-320 alignleft\" src=\"http:\/\/noticias.audio-technica.es\/wp-content\/uploads\/AT-Museo-Picasso3.jpg\" alt=\"El museo Picasso de M\u00e1laga incorpora microfon\u00eda inal\u00e1mbrica de Audio-Technica\" width=\"86\" height=\"257\" srcset=\"https:\/\/distribution.audio-technica.eu\/app\/uploads\/sites\/2\/AT-Museo-Picasso3.jpg 214w, https:\/\/distribution.audio-technica.eu\/app\/uploads\/sites\/2\/AT-Museo-Picasso3-100x300.jpg 100w, https:\/\/distribution.audio-technica.eu\/app\/uploads\/sites\/2\/AT-Museo-Picasso3-200x598.jpg 200w\" sizes=\"auto, (max-width: 86px) 100vw, 86px\" \/><\/a><\/p>\n<p>Por su parte, el micr\u00f3fono tipo flexo <a href=\"http:\/\/eu.audio-technica.com\/U857QL?search=U857QL\" target=\"_blank\" rel=\"noopener\">U857QL <\/a>incorpora una c\u00e1psula cardioide de condensador y ha sido dise\u00f1ado para el montaje r\u00e1pido conect\u00e1ndolo directamente a un conector tipo XLRF montado directamente en un panel o sobremesa. Este micr\u00f3fono ofrece una inmunidad sin precedentes frente a las interferencias por radiofrecuencia, gracias a su tecnolog\u00eda UniGuard\u00ae.<\/p>\n<p>&nbsp;<\/p>\n<p>&nbsp;<\/p>\n<p>&nbsp;<\/p>\n<p><a href=\"http:\/\/eu.audio-technica.com\/wireless\/wireless-by-series\/system-10\/ATW-1311\" target=\"_blank\" rel=\"noopener\">M\u00e1s informaci\u00f3n sobre ATW-1311<\/a><\/p>\n<p><a href=\"http:\/\/eu.audio-technica.com\/AT898CW?search=AT898\" target=\"_blank\" rel=\"noopener\">M\u00e1s informaci\u00f3n sobre AT898cW<\/a><\/p>\n<p><a href=\"http:\/\/eu.audio-technica.com\/BP892cW?search=BP892\" target=\"_blank\" rel=\"noopener\">M\u00e1s informaci\u00f3n sobre BP892cW<\/a><\/p>\n<p><a href=\"http:\/\/eu.audio-technica.com\/U857QL?search=U857QL\" target=\"_blank\" rel=\"noopener\">M\u00e1s informaci\u00f3n sobre U857QL<\/a><\/p>\n","protected":false},"excerpt":{"rendered":"<p>El Museo Picasso de M\u00e1laga ha decidido adquirir una amplia gama de microfon\u00eda inal\u00e1mbrica de Audio-Technica para desarrollar sus m\u00faltiples actividades. El Museo se encuentra en el Palacio de Buenavista, en el centro hist\u00f3rico de la ciudad. La colecci\u00f3n se alberga en las antiguas salas del Palacio y ofrece un recorrido por la vida y [&hellip;]<\/p>\n","protected":false},"author":1,"featured_media":322,"comment_status":"closed","ping_status":"closed","sticky":false,"template":"","format":"standard","meta":{"_acf_changed":false,"footnotes":""},"categories":[2460],"tags":[1650,1651,1601,1580,1652,1602,1620,1653],"class_list":["post-324","post","type-post","status-publish","format-standard","has-post-thumbnail","hentry","category-instalaciones","tag-at898","tag-bp892","tag-instalaciones-nacionales","tag-microfonia-inalambrica","tag-museo-picasso","tag-newsletter-instalacion","tag-system-10-pro","tag-u857"],"acf":[],"yoast_head":"<!-- This site is optimized with the Yoast SEO plugin v27.1.1 - https:\/\/yoast.com\/product\/yoast-seo-wordpress\/ -->\n<title>El museo Picasso de M\u00e1laga incorpora microfon\u00eda inal\u00e1mbrica de Audio-Technica - Audio-Technica Iberia<\/title>\n<meta name=\"robots\" content=\"index, follow, max-snippet:-1, max-image-preview:large, max-video-preview:-1\" \/>\n<link rel=\"canonical\" href=\"https:\/\/distribution.audio-technica.eu\/es-es\/noticias\/museo-picasso-malaga-incorpora-microfonia-inalambrica-audio-technica\/\" \/>\n<meta property=\"og:locale\" content=\"es_ES\" \/>\n<meta property=\"og:type\" content=\"article\" \/>\n<meta property=\"og:title\" content=\"El museo Picasso de M\u00e1laga incorpora microfon\u00eda inal\u00e1mbrica de Audio-Technica - Audio-Technica Iberia\" \/>\n<meta property=\"og:description\" content=\"El Museo Picasso de M\u00e1laga ha decidido adquirir una amplia gama de microfon\u00eda inal\u00e1mbrica de Audio-Technica para desarrollar sus m\u00faltiples actividades. El Museo se encuentra en el Palacio de Buenavista, en el centro hist\u00f3rico de la ciudad. La colecci\u00f3n se alberga en las antiguas salas del Palacio y ofrece un recorrido por la vida y [&hellip;]\" \/>\n<meta property=\"og:url\" content=\"https:\/\/distribution.audio-technica.eu\/es-es\/noticias\/museo-picasso-malaga-incorpora-microfonia-inalambrica-audio-technica\/\" \/>\n<meta property=\"og:site_name\" content=\"Audio-Technica Iberia\" \/>\n<meta property=\"article:published_time\" content=\"2016-05-30T10:36:39+00:00\" \/>\n<meta property=\"article:modified_time\" content=\"2023-10-17T16:40:38+00:00\" \/>\n<meta property=\"og:image\" content=\"https:\/\/distribution.audio-technica.eu\/app\/uploads\/sites\/2\/DAT-Museo-Picasso.jpg\" \/>\n\t<meta property=\"og:image:width\" content=\"640\" \/>\n\t<meta property=\"og:image:height\" content=\"361\" \/>\n\t<meta property=\"og:image:type\" content=\"image\/jpeg\" \/>\n<meta name=\"author\" content=\"Audio-Technica\" \/>\n<meta name=\"twitter:card\" content=\"summary_large_image\" \/>\n<meta name=\"twitter:label1\" content=\"Escrito por\" \/>\n\t<meta name=\"twitter:data1\" content=\"Audio-Technica\" \/>\n\t<meta name=\"twitter:label2\" content=\"Tiempo de lectura\" \/>\n\t<meta name=\"twitter:data2\" content=\"2 minutos\" \/>\n<script type=\"application\/ld+json\" class=\"yoast-schema-graph\">{\"@context\":\"https:\/\/schema.org\",\"@graph\":[{\"@type\":\"Article\",\"@id\":\"https:\/\/distribution.audio-technica.eu\/es-es\/noticias\/museo-picasso-malaga-incorpora-microfonia-inalambrica-audio-technica\/#article\",\"isPartOf\":{\"@id\":\"https:\/\/distribution.audio-technica.eu\/es-es\/noticias\/museo-picasso-malaga-incorpora-microfonia-inalambrica-audio-technica\/\"},\"author\":{\"name\":\"Audio-Technica\",\"@id\":\"https:\/\/distribution.audio-technica.eu\/es-es\/#\/schema\/person\/e8e715e047e33cc425e816f59cbd9b80\"},\"headline\":\"El museo Picasso de M\u00e1laga incorpora microfon\u00eda inal\u00e1mbrica de Audio-Technica\",\"datePublished\":\"2016-05-30T10:36:39+00:00\",\"dateModified\":\"2023-10-17T16:40:38+00:00\",\"mainEntityOfPage\":{\"@id\":\"https:\/\/distribution.audio-technica.eu\/es-es\/noticias\/museo-picasso-malaga-incorpora-microfonia-inalambrica-audio-technica\/\"},\"wordCount\":491,\"image\":{\"@id\":\"https:\/\/distribution.audio-technica.eu\/es-es\/noticias\/museo-picasso-malaga-incorpora-microfonia-inalambrica-audio-technica\/#primaryimage\"},\"thumbnailUrl\":\"\/app\/uploads\/sites\/2\/DAT-Museo-Picasso.jpg\",\"keywords\":[\"AT898\",\"BP892\",\"Instalaciones nacionales\",\"Microfon\u00eda inal\u00e1mbrica\",\"Museo Picasso\",\"Newsletter Instalaci\u00f3n\",\"System 10 Pro\",\"U857\"],\"articleSection\":[\"Instalaciones\"],\"inLanguage\":\"es\"},{\"@type\":\"WebPage\",\"@id\":\"https:\/\/distribution.audio-technica.eu\/es-es\/noticias\/museo-picasso-malaga-incorpora-microfonia-inalambrica-audio-technica\/\",\"url\":\"https:\/\/distribution.audio-technica.eu\/es-es\/noticias\/museo-picasso-malaga-incorpora-microfonia-inalambrica-audio-technica\/\",\"name\":\"El museo Picasso de M\u00e1laga incorpora microfon\u00eda inal\u00e1mbrica de Audio-Technica - Audio-Technica Iberia\",\"isPartOf\":{\"@id\":\"https:\/\/distribution.audio-technica.eu\/es-es\/#website\"},\"primaryImageOfPage\":{\"@id\":\"https:\/\/distribution.audio-technica.eu\/es-es\/noticias\/museo-picasso-malaga-incorpora-microfonia-inalambrica-audio-technica\/#primaryimage\"},\"image\":{\"@id\":\"https:\/\/distribution.audio-technica.eu\/es-es\/noticias\/museo-picasso-malaga-incorpora-microfonia-inalambrica-audio-technica\/#primaryimage\"},\"thumbnailUrl\":\"\/app\/uploads\/sites\/2\/DAT-Museo-Picasso.jpg\",\"datePublished\":\"2016-05-30T10:36:39+00:00\",\"dateModified\":\"2023-10-17T16:40:38+00:00\",\"author\":{\"@id\":\"https:\/\/distribution.audio-technica.eu\/es-es\/#\/schema\/person\/e8e715e047e33cc425e816f59cbd9b80\"},\"breadcrumb\":{\"@id\":\"https:\/\/distribution.audio-technica.eu\/es-es\/noticias\/museo-picasso-malaga-incorpora-microfonia-inalambrica-audio-technica\/#breadcrumb\"},\"inLanguage\":\"es\",\"potentialAction\":[{\"@type\":\"ReadAction\",\"target\":[\"https:\/\/distribution.audio-technica.eu\/es-es\/noticias\/museo-picasso-malaga-incorpora-microfonia-inalambrica-audio-technica\/\"]}]},{\"@type\":\"ImageObject\",\"inLanguage\":\"es\",\"@id\":\"https:\/\/distribution.audio-technica.eu\/es-es\/noticias\/museo-picasso-malaga-incorpora-microfonia-inalambrica-audio-technica\/#primaryimage\",\"url\":\"\/app\/uploads\/sites\/2\/DAT-Museo-Picasso.jpg\",\"contentUrl\":\"\/app\/uploads\/sites\/2\/DAT-Museo-Picasso.jpg\",\"width\":640,\"height\":361,\"caption\":\"El museo Picasso de M\u00e1laga incorpora microfon\u00eda inal\u00e1mbrica de Audio-Technica\"},{\"@type\":\"BreadcrumbList\",\"@id\":\"https:\/\/distribution.audio-technica.eu\/es-es\/noticias\/museo-picasso-malaga-incorpora-microfonia-inalambrica-audio-technica\/#breadcrumb\",\"itemListElement\":[{\"@type\":\"ListItem\",\"position\":1,\"name\":\"Products\",\"item\":\"https:\/\/distribution.audio-technica.eu\/es-es\/\"},{\"@type\":\"ListItem\",\"position\":2,\"name\":\"El museo Picasso de M\u00e1laga incorpora microfon\u00eda inal\u00e1mbrica de Audio-Technica\"}]},{\"@type\":\"WebSite\",\"@id\":\"https:\/\/distribution.audio-technica.eu\/es-es\/#website\",\"url\":\"https:\/\/distribution.audio-technica.eu\/es-es\/\",\"name\":\"Audio-Technica Iberia\",\"description\":\"Distribuci\u00f3n\",\"potentialAction\":[{\"@type\":\"SearchAction\",\"target\":{\"@type\":\"EntryPoint\",\"urlTemplate\":\"https:\/\/distribution.audio-technica.eu\/es-es\/?s={search_term_string}\"},\"query-input\":{\"@type\":\"PropertyValueSpecification\",\"valueRequired\":true,\"valueName\":\"search_term_string\"}}],\"inLanguage\":\"es\"},{\"@type\":\"Person\",\"@id\":\"https:\/\/distribution.audio-technica.eu\/es-es\/#\/schema\/person\/e8e715e047e33cc425e816f59cbd9b80\",\"name\":\"Audio-Technica\"}]}<\/script>\n<!-- \/ Yoast SEO plugin. -->","yoast_head_json":{"title":"El museo Picasso de M\u00e1laga incorpora microfon\u00eda inal\u00e1mbrica de Audio-Technica - Audio-Technica Iberia","robots":{"index":"index","follow":"follow","max-snippet":"max-snippet:-1","max-image-preview":"max-image-preview:large","max-video-preview":"max-video-preview:-1"},"canonical":"https:\/\/distribution.audio-technica.eu\/es-es\/noticias\/museo-picasso-malaga-incorpora-microfonia-inalambrica-audio-technica\/","og_locale":"es_ES","og_type":"article","og_title":"El museo Picasso de M\u00e1laga incorpora microfon\u00eda inal\u00e1mbrica de Audio-Technica - Audio-Technica Iberia","og_description":"El Museo Picasso de M\u00e1laga ha decidido adquirir una amplia gama de microfon\u00eda inal\u00e1mbrica de Audio-Technica para desarrollar sus m\u00faltiples actividades. El Museo se encuentra en el Palacio de Buenavista, en el centro hist\u00f3rico de la ciudad. La colecci\u00f3n se alberga en las antiguas salas del Palacio y ofrece un recorrido por la vida y [&hellip;]","og_url":"https:\/\/distribution.audio-technica.eu\/es-es\/noticias\/museo-picasso-malaga-incorpora-microfonia-inalambrica-audio-technica\/","og_site_name":"Audio-Technica Iberia","article_published_time":"2016-05-30T10:36:39+00:00","article_modified_time":"2023-10-17T16:40:38+00:00","og_image":[{"width":640,"height":361,"url":"https:\/\/distribution.audio-technica.eu\/app\/uploads\/sites\/2\/DAT-Museo-Picasso.jpg","type":"image\/jpeg"}],"author":"Audio-Technica","twitter_card":"summary_large_image","twitter_misc":{"Escrito por":"Audio-Technica","Tiempo de lectura":"2 minutos"},"schema":{"@context":"https:\/\/schema.org","@graph":[{"@type":"Article","@id":"https:\/\/distribution.audio-technica.eu\/es-es\/noticias\/museo-picasso-malaga-incorpora-microfonia-inalambrica-audio-technica\/#article","isPartOf":{"@id":"https:\/\/distribution.audio-technica.eu\/es-es\/noticias\/museo-picasso-malaga-incorpora-microfonia-inalambrica-audio-technica\/"},"author":{"name":"Audio-Technica","@id":"https:\/\/distribution.audio-technica.eu\/es-es\/#\/schema\/person\/e8e715e047e33cc425e816f59cbd9b80"},"headline":"El museo Picasso de M\u00e1laga incorpora microfon\u00eda inal\u00e1mbrica de Audio-Technica","datePublished":"2016-05-30T10:36:39+00:00","dateModified":"2023-10-17T16:40:38+00:00","mainEntityOfPage":{"@id":"https:\/\/distribution.audio-technica.eu\/es-es\/noticias\/museo-picasso-malaga-incorpora-microfonia-inalambrica-audio-technica\/"},"wordCount":491,"image":{"@id":"https:\/\/distribution.audio-technica.eu\/es-es\/noticias\/museo-picasso-malaga-incorpora-microfonia-inalambrica-audio-technica\/#primaryimage"},"thumbnailUrl":"\/app\/uploads\/sites\/2\/DAT-Museo-Picasso.jpg","keywords":["AT898","BP892","Instalaciones nacionales","Microfon\u00eda inal\u00e1mbrica","Museo Picasso","Newsletter Instalaci\u00f3n","System 10 Pro","U857"],"articleSection":["Instalaciones"],"inLanguage":"es"},{"@type":"WebPage","@id":"https:\/\/distribution.audio-technica.eu\/es-es\/noticias\/museo-picasso-malaga-incorpora-microfonia-inalambrica-audio-technica\/","url":"https:\/\/distribution.audio-technica.eu\/es-es\/noticias\/museo-picasso-malaga-incorpora-microfonia-inalambrica-audio-technica\/","name":"El museo Picasso de M\u00e1laga incorpora microfon\u00eda inal\u00e1mbrica de Audio-Technica - Audio-Technica Iberia","isPartOf":{"@id":"https:\/\/distribution.audio-technica.eu\/es-es\/#website"},"primaryImageOfPage":{"@id":"https:\/\/distribution.audio-technica.eu\/es-es\/noticias\/museo-picasso-malaga-incorpora-microfonia-inalambrica-audio-technica\/#primaryimage"},"image":{"@id":"https:\/\/distribution.audio-technica.eu\/es-es\/noticias\/museo-picasso-malaga-incorpora-microfonia-inalambrica-audio-technica\/#primaryimage"},"thumbnailUrl":"\/app\/uploads\/sites\/2\/DAT-Museo-Picasso.jpg","datePublished":"2016-05-30T10:36:39+00:00","dateModified":"2023-10-17T16:40:38+00:00","author":{"@id":"https:\/\/distribution.audio-technica.eu\/es-es\/#\/schema\/person\/e8e715e047e33cc425e816f59cbd9b80"},"breadcrumb":{"@id":"https:\/\/distribution.audio-technica.eu\/es-es\/noticias\/museo-picasso-malaga-incorpora-microfonia-inalambrica-audio-technica\/#breadcrumb"},"inLanguage":"es","potentialAction":[{"@type":"ReadAction","target":["https:\/\/distribution.audio-technica.eu\/es-es\/noticias\/museo-picasso-malaga-incorpora-microfonia-inalambrica-audio-technica\/"]}]},{"@type":"ImageObject","inLanguage":"es","@id":"https:\/\/distribution.audio-technica.eu\/es-es\/noticias\/museo-picasso-malaga-incorpora-microfonia-inalambrica-audio-technica\/#primaryimage","url":"\/app\/uploads\/sites\/2\/DAT-Museo-Picasso.jpg","contentUrl":"\/app\/uploads\/sites\/2\/DAT-Museo-Picasso.jpg","width":640,"height":361,"caption":"El museo Picasso de M\u00e1laga incorpora microfon\u00eda inal\u00e1mbrica de Audio-Technica"},{"@type":"BreadcrumbList","@id":"https:\/\/distribution.audio-technica.eu\/es-es\/noticias\/museo-picasso-malaga-incorpora-microfonia-inalambrica-audio-technica\/#breadcrumb","itemListElement":[{"@type":"ListItem","position":1,"name":"Products","item":"https:\/\/distribution.audio-technica.eu\/es-es\/"},{"@type":"ListItem","position":2,"name":"El museo Picasso de M\u00e1laga incorpora microfon\u00eda inal\u00e1mbrica de Audio-Technica"}]},{"@type":"WebSite","@id":"https:\/\/distribution.audio-technica.eu\/es-es\/#website","url":"https:\/\/distribution.audio-technica.eu\/es-es\/","name":"Audio-Technica Iberia","description":"Distribuci\u00f3n","potentialAction":[{"@type":"SearchAction","target":{"@type":"EntryPoint","urlTemplate":"https:\/\/distribution.audio-technica.eu\/es-es\/?s={search_term_string}"},"query-input":{"@type":"PropertyValueSpecification","valueRequired":true,"valueName":"search_term_string"}}],"inLanguage":"es"},{"@type":"Person","@id":"https:\/\/distribution.audio-technica.eu\/es-es\/#\/schema\/person\/e8e715e047e33cc425e816f59cbd9b80","name":"Audio-Technica"}]}},"_links":{"self":[{"href":"https:\/\/distribution.audio-technica.eu\/es-es\/wp-json\/wp\/v2\/posts\/324","targetHints":{"allow":["GET"]}}],"collection":[{"href":"https:\/\/distribution.audio-technica.eu\/es-es\/wp-json\/wp\/v2\/posts"}],"about":[{"href":"https:\/\/distribution.audio-technica.eu\/es-es\/wp-json\/wp\/v2\/types\/post"}],"author":[{"embeddable":true,"href":"https:\/\/distribution.audio-technica.eu\/es-es\/wp-json\/wp\/v2\/users\/1"}],"replies":[{"embeddable":true,"href":"https:\/\/distribution.audio-technica.eu\/es-es\/wp-json\/wp\/v2\/comments?post=324"}],"version-history":[{"count":1,"href":"https:\/\/distribution.audio-technica.eu\/es-es\/wp-json\/wp\/v2\/posts\/324\/revisions"}],"predecessor-version":[{"id":30274,"href":"https:\/\/distribution.audio-technica.eu\/es-es\/wp-json\/wp\/v2\/posts\/324\/revisions\/30274"}],"wp:featuredmedia":[{"embeddable":true,"href":"https:\/\/distribution.audio-technica.eu\/es-es\/wp-json\/wp\/v2\/media\/322"}],"wp:attachment":[{"href":"https:\/\/distribution.audio-technica.eu\/es-es\/wp-json\/wp\/v2\/media?parent=324"}],"wp:term":[{"taxonomy":"category","embeddable":true,"href":"https:\/\/distribution.audio-technica.eu\/es-es\/wp-json\/wp\/v2\/categories?post=324"},{"taxonomy":"post_tag","embeddable":true,"href":"https:\/\/distribution.audio-technica.eu\/es-es\/wp-json\/wp\/v2\/tags?post=324"}],"curies":[{"name":"wp","href":"https:\/\/api.w.org\/{rel}","templated":true}]}}