{"id":32865,"date":"2024-03-20T11:00:04","date_gmt":"2024-03-20T10:00:04","guid":{"rendered":"https:\/\/distribution.audio-technica.eu\/es-es\/?p=32865"},"modified":"2024-03-26T13:05:24","modified_gmt":"2024-03-26T12:05:24","slug":"serie-3000-audio-technica-motogp","status":"publish","type":"post","link":"https:\/\/distribution.audio-technica.eu\/es-es\/noticias\/serie-3000-audio-technica-motogp\/","title":{"rendered":"Los sistemas inal\u00e1mbricos de la serie 3000 de Audio-Technica ofrecen una gran flexibilidad en las ruedas de prensa de MotoGP\u2122"},"content":{"rendered":"<p><a href=\"https:\/\/distribution.audio-technica.eu\/app\/uploads\/sites\/2\/WP-NdP-AT-Serie-3000-MotoGP-02.jpg\"><img loading=\"lazy\" decoding=\"async\" class=\"aligncenter wp-image-32862 size-large\" src=\"\/app\/uploads\/sites\/2\/WP-NdP-AT-Serie-3000-MotoGP-02-1024x565.jpg\" alt=\"\" width=\"1024\" height=\"565\" srcset=\"https:\/\/distribution.audio-technica.eu\/app\/uploads\/sites\/2\/WP-NdP-AT-Serie-3000-MotoGP-02-1024x565.jpg 1024w, https:\/\/distribution.audio-technica.eu\/app\/uploads\/sites\/2\/WP-NdP-AT-Serie-3000-MotoGP-02-300x165.jpg 300w, https:\/\/distribution.audio-technica.eu\/app\/uploads\/sites\/2\/WP-NdP-AT-Serie-3000-MotoGP-02-768x423.jpg 768w, https:\/\/distribution.audio-technica.eu\/app\/uploads\/sites\/2\/WP-NdP-AT-Serie-3000-MotoGP-02-600x331.jpg 600w, https:\/\/distribution.audio-technica.eu\/app\/uploads\/sites\/2\/WP-NdP-AT-Serie-3000-MotoGP-02.jpg 1500w\" sizes=\"auto, (max-width: 1024px) 100vw, 1024px\" \/><\/a><\/p>\n<p>Adem\u00e1s de suministrar los micr\u00f3fonos para la retransmisi\u00f3n de las temporadas de carreras de MotoGP\u2122 desde 2019, Audio-Technica (proveedor oficial de soluciones de servicios de microfon\u00eda) tambi\u00e9n respalda las ruedas de prensa posteriores a las carreras con sus sistemas inal\u00e1mbricos de la <a href=\"https:\/\/www.audio-technica.com\/es-es\/microphones\/wireless-systems\/line-series\/3000-series\" target=\"_blank\" rel=\"noopener\">Serie 3000<\/a>. Esta parte crucial de la experiencia de la carrera traslada a los pilotos a los hogares de los telespectadores para que analicen la carrera desde el excepcional punto de vista que se tiene en el propio circuito.<\/p>\n<p><a href=\"https:\/\/distribution.audio-technica.eu\/app\/uploads\/sites\/2\/WP-NdP-AT-Serie-3000-MotoGP-04-Rodrigo-Thomaz.jpg\"><img loading=\"lazy\" decoding=\"async\" class=\"aligncenter wp-image-32864 size-large\" src=\"\/app\/uploads\/sites\/2\/WP-NdP-AT-Serie-3000-MotoGP-04-Rodrigo-Thomaz-1024x573.jpg\" alt=\"\" width=\"1024\" height=\"573\" srcset=\"https:\/\/distribution.audio-technica.eu\/app\/uploads\/sites\/2\/WP-NdP-AT-Serie-3000-MotoGP-04-Rodrigo-Thomaz-1024x573.jpg 1024w, https:\/\/distribution.audio-technica.eu\/app\/uploads\/sites\/2\/WP-NdP-AT-Serie-3000-MotoGP-04-Rodrigo-Thomaz-300x168.jpg 300w, https:\/\/distribution.audio-technica.eu\/app\/uploads\/sites\/2\/WP-NdP-AT-Serie-3000-MotoGP-04-Rodrigo-Thomaz-768x430.jpg 768w, https:\/\/distribution.audio-technica.eu\/app\/uploads\/sites\/2\/WP-NdP-AT-Serie-3000-MotoGP-04-Rodrigo-Thomaz-600x336.jpg 600w, https:\/\/distribution.audio-technica.eu\/app\/uploads\/sites\/2\/WP-NdP-AT-Serie-3000-MotoGP-04-Rodrigo-Thomaz.jpg 1500w\" sizes=\"auto, (max-width: 1024px) 100vw, 1024px\" \/><\/a><\/p>\n<p>Audio-Technica ha publicado recientemente un v\u00eddeo corto en el que Rodrigo Thomaz \u2015 Director de Proyectos de MotoGP\u2122 de Audio-Technica \u2015 ofrece una visi\u00f3n entre bastidores de la Serie 3000 en acci\u00f3n. En el v\u00eddeo, Tomaz destaca seis caracter\u00edsticas espec\u00edficas \u2014entre ellas el bot\u00f3n de selecci\u00f3n r\u00e1pida de frecuencia de backup y las opciones de c\u00e1psulas intercambiables\u2015 que hacen que este sistema sea ideal para su uso en entornos itinerantes de alta presi\u00f3n, tal como son las ruedas de prensa tras las carreras.<\/p>\n<p>Para ver el v\u00eddeo y obtener m\u00e1s informaci\u00f3n sobre el sistema inal\u00e1mbrico de la serie 3000 de Audio-Technica, visite: <a href=\"https:\/\/www.youtube.com\/watch?v=wsSpd_TlMrs\">https:\/\/www.youtube.com\/watch?v=wsSpd_TlMrs<\/a><\/p>\n<div style=\"text-align: center\"><\/div>\n","protected":false},"excerpt":{"rendered":"<p>Adem\u00e1s de suministrar los micr\u00f3fonos para la retransmisi\u00f3n de las temporadas de carreras de MotoGP\u2122 desde 2019, Audio-Technica (proveedor oficial de soluciones de servicios de microfon\u00eda) tambi\u00e9n respalda las ruedas de prensa posteriores a las carreras con sus sistemas inal\u00e1mbricos de la Serie 3000. Esta parte crucial de la experiencia de la carrera traslada a [&hellip;]<\/p>\n","protected":false},"author":2,"featured_media":32861,"comment_status":"closed","ping_status":"closed","sticky":false,"template":"","format":"standard","meta":{"_acf_changed":false,"footnotes":""},"categories":[2461],"tags":[2137,1871],"class_list":["post-32865","post","type-post","status-publish","format-standard","has-post-thumbnail","hentry","category-noticias","tag-motogp","tag-serie-3000"],"acf":[],"yoast_head":"<!-- This site is optimized with the Yoast SEO plugin v27.1.1 - https:\/\/yoast.com\/product\/yoast-seo-wordpress\/ -->\n<title>Los sistemas inal\u00e1mbricos de la serie 3000 de Audio-Technica ofrecen una gran flexibilidad en las ruedas de prensa de MotoGP\u2122 - Audio-Technica Iberia<\/title>\n<meta name=\"robots\" content=\"index, follow, max-snippet:-1, max-image-preview:large, max-video-preview:-1\" \/>\n<link rel=\"canonical\" href=\"https:\/\/distribution.audio-technica.eu\/es-es\/noticias\/serie-3000-audio-technica-motogp\/\" \/>\n<meta property=\"og:locale\" content=\"es_ES\" \/>\n<meta property=\"og:type\" content=\"article\" \/>\n<meta property=\"og:title\" content=\"Los sistemas inal\u00e1mbricos de la serie 3000 de Audio-Technica ofrecen una gran flexibilidad en las ruedas de prensa de MotoGP\u2122 - Audio-Technica Iberia\" \/>\n<meta property=\"og:description\" content=\"Adem\u00e1s de suministrar los micr\u00f3fonos para la retransmisi\u00f3n de las temporadas de carreras de MotoGP\u2122 desde 2019, Audio-Technica (proveedor oficial de soluciones de servicios de microfon\u00eda) tambi\u00e9n respalda las ruedas de prensa posteriores a las carreras con sus sistemas inal\u00e1mbricos de la Serie 3000. Esta parte crucial de la experiencia de la carrera traslada a [&hellip;]\" \/>\n<meta property=\"og:url\" content=\"https:\/\/distribution.audio-technica.eu\/es-es\/noticias\/serie-3000-audio-technica-motogp\/\" \/>\n<meta property=\"og:site_name\" content=\"Audio-Technica Iberia\" \/>\n<meta property=\"article:published_time\" content=\"2024-03-20T10:00:04+00:00\" \/>\n<meta property=\"article:modified_time\" content=\"2024-03-26T12:05:24+00:00\" \/>\n<meta property=\"og:image\" content=\"https:\/\/distribution.audio-technica.eu\/app\/uploads\/sites\/2\/WP-NdP-AT-Serie-3000-MotoGP-01.jpg\" \/>\n\t<meta property=\"og:image:width\" content=\"1920\" \/>\n\t<meta property=\"og:image:height\" content=\"750\" \/>\n\t<meta property=\"og:image:type\" content=\"image\/jpeg\" \/>\n<meta name=\"author\" content=\"ctorras\" \/>\n<meta name=\"twitter:card\" content=\"summary_large_image\" \/>\n<meta name=\"twitter:label1\" content=\"Escrito por\" \/>\n\t<meta name=\"twitter:data1\" content=\"ctorras\" \/>\n\t<meta name=\"twitter:label2\" content=\"Tiempo de lectura\" \/>\n\t<meta name=\"twitter:data2\" content=\"2 minutos\" \/>\n<script type=\"application\/ld+json\" class=\"yoast-schema-graph\">{\"@context\":\"https:\/\/schema.org\",\"@graph\":[{\"@type\":\"Article\",\"@id\":\"https:\/\/distribution.audio-technica.eu\/es-es\/noticias\/serie-3000-audio-technica-motogp\/#article\",\"isPartOf\":{\"@id\":\"https:\/\/distribution.audio-technica.eu\/es-es\/noticias\/serie-3000-audio-technica-motogp\/\"},\"author\":{\"name\":\"ctorras\",\"@id\":\"https:\/\/distribution.audio-technica.eu\/es-es\/#\/schema\/person\/dbf0d33217ceab6329b4c3144742f2fb\"},\"headline\":\"Los sistemas inal\u00e1mbricos de la serie 3000 de Audio-Technica ofrecen una gran flexibilidad en las ruedas de prensa de MotoGP\u2122\",\"datePublished\":\"2024-03-20T10:00:04+00:00\",\"dateModified\":\"2024-03-26T12:05:24+00:00\",\"mainEntityOfPage\":{\"@id\":\"https:\/\/distribution.audio-technica.eu\/es-es\/noticias\/serie-3000-audio-technica-motogp\/\"},\"wordCount\":226,\"image\":{\"@id\":\"https:\/\/distribution.audio-technica.eu\/es-es\/noticias\/serie-3000-audio-technica-motogp\/#primaryimage\"},\"thumbnailUrl\":\"\/app\/uploads\/sites\/2\/WP-NdP-AT-Serie-3000-MotoGP-01.jpg\",\"keywords\":[\"MotoGP\",\"serie 3000\"],\"articleSection\":[\"Noticias\"],\"inLanguage\":\"es\"},{\"@type\":\"WebPage\",\"@id\":\"https:\/\/distribution.audio-technica.eu\/es-es\/noticias\/serie-3000-audio-technica-motogp\/\",\"url\":\"https:\/\/distribution.audio-technica.eu\/es-es\/noticias\/serie-3000-audio-technica-motogp\/\",\"name\":\"Los sistemas inal\u00e1mbricos de la serie 3000 de Audio-Technica ofrecen una gran flexibilidad en las ruedas de prensa de MotoGP\u2122 - Audio-Technica Iberia\",\"isPartOf\":{\"@id\":\"https:\/\/distribution.audio-technica.eu\/es-es\/#website\"},\"primaryImageOfPage\":{\"@id\":\"https:\/\/distribution.audio-technica.eu\/es-es\/noticias\/serie-3000-audio-technica-motogp\/#primaryimage\"},\"image\":{\"@id\":\"https:\/\/distribution.audio-technica.eu\/es-es\/noticias\/serie-3000-audio-technica-motogp\/#primaryimage\"},\"thumbnailUrl\":\"\/app\/uploads\/sites\/2\/WP-NdP-AT-Serie-3000-MotoGP-01.jpg\",\"datePublished\":\"2024-03-20T10:00:04+00:00\",\"dateModified\":\"2024-03-26T12:05:24+00:00\",\"author\":{\"@id\":\"https:\/\/distribution.audio-technica.eu\/es-es\/#\/schema\/person\/dbf0d33217ceab6329b4c3144742f2fb\"},\"breadcrumb\":{\"@id\":\"https:\/\/distribution.audio-technica.eu\/es-es\/noticias\/serie-3000-audio-technica-motogp\/#breadcrumb\"},\"inLanguage\":\"es\",\"potentialAction\":[{\"@type\":\"ReadAction\",\"target\":[\"https:\/\/distribution.audio-technica.eu\/es-es\/noticias\/serie-3000-audio-technica-motogp\/\"]}]},{\"@type\":\"ImageObject\",\"inLanguage\":\"es\",\"@id\":\"https:\/\/distribution.audio-technica.eu\/es-es\/noticias\/serie-3000-audio-technica-motogp\/#primaryimage\",\"url\":\"\/app\/uploads\/sites\/2\/WP-NdP-AT-Serie-3000-MotoGP-01.jpg\",\"contentUrl\":\"\/app\/uploads\/sites\/2\/WP-NdP-AT-Serie-3000-MotoGP-01.jpg\",\"width\":1920,\"height\":750},{\"@type\":\"BreadcrumbList\",\"@id\":\"https:\/\/distribution.audio-technica.eu\/es-es\/noticias\/serie-3000-audio-technica-motogp\/#breadcrumb\",\"itemListElement\":[{\"@type\":\"ListItem\",\"position\":1,\"name\":\"Products\",\"item\":\"https:\/\/distribution.audio-technica.eu\/es-es\/\"},{\"@type\":\"ListItem\",\"position\":2,\"name\":\"Los sistemas inal\u00e1mbricos de la serie 3000 de Audio-Technica ofrecen una gran flexibilidad en las ruedas de prensa de MotoGP\u2122\"}]},{\"@type\":\"WebSite\",\"@id\":\"https:\/\/distribution.audio-technica.eu\/es-es\/#website\",\"url\":\"https:\/\/distribution.audio-technica.eu\/es-es\/\",\"name\":\"Audio-Technica Iberia\",\"description\":\"Distribuci\u00f3n\",\"potentialAction\":[{\"@type\":\"SearchAction\",\"target\":{\"@type\":\"EntryPoint\",\"urlTemplate\":\"https:\/\/distribution.audio-technica.eu\/es-es\/?s={search_term_string}\"},\"query-input\":{\"@type\":\"PropertyValueSpecification\",\"valueRequired\":true,\"valueName\":\"search_term_string\"}}],\"inLanguage\":\"es\"},{\"@type\":\"Person\",\"@id\":\"https:\/\/distribution.audio-technica.eu\/es-es\/#\/schema\/person\/dbf0d33217ceab6329b4c3144742f2fb\",\"name\":\"ctorras\"}]}<\/script>\n<!-- \/ Yoast SEO plugin. -->","yoast_head_json":{"title":"Los sistemas inal\u00e1mbricos de la serie 3000 de Audio-Technica ofrecen una gran flexibilidad en las ruedas de prensa de MotoGP\u2122 - Audio-Technica Iberia","robots":{"index":"index","follow":"follow","max-snippet":"max-snippet:-1","max-image-preview":"max-image-preview:large","max-video-preview":"max-video-preview:-1"},"canonical":"https:\/\/distribution.audio-technica.eu\/es-es\/noticias\/serie-3000-audio-technica-motogp\/","og_locale":"es_ES","og_type":"article","og_title":"Los sistemas inal\u00e1mbricos de la serie 3000 de Audio-Technica ofrecen una gran flexibilidad en las ruedas de prensa de MotoGP\u2122 - Audio-Technica Iberia","og_description":"Adem\u00e1s de suministrar los micr\u00f3fonos para la retransmisi\u00f3n de las temporadas de carreras de MotoGP\u2122 desde 2019, Audio-Technica (proveedor oficial de soluciones de servicios de microfon\u00eda) tambi\u00e9n respalda las ruedas de prensa posteriores a las carreras con sus sistemas inal\u00e1mbricos de la Serie 3000. Esta parte crucial de la experiencia de la carrera traslada a [&hellip;]","og_url":"https:\/\/distribution.audio-technica.eu\/es-es\/noticias\/serie-3000-audio-technica-motogp\/","og_site_name":"Audio-Technica Iberia","article_published_time":"2024-03-20T10:00:04+00:00","article_modified_time":"2024-03-26T12:05:24+00:00","og_image":[{"width":1920,"height":750,"url":"https:\/\/distribution.audio-technica.eu\/app\/uploads\/sites\/2\/WP-NdP-AT-Serie-3000-MotoGP-01.jpg","type":"image\/jpeg"}],"author":"ctorras","twitter_card":"summary_large_image","twitter_misc":{"Escrito por":"ctorras","Tiempo de lectura":"2 minutos"},"schema":{"@context":"https:\/\/schema.org","@graph":[{"@type":"Article","@id":"https:\/\/distribution.audio-technica.eu\/es-es\/noticias\/serie-3000-audio-technica-motogp\/#article","isPartOf":{"@id":"https:\/\/distribution.audio-technica.eu\/es-es\/noticias\/serie-3000-audio-technica-motogp\/"},"author":{"name":"ctorras","@id":"https:\/\/distribution.audio-technica.eu\/es-es\/#\/schema\/person\/dbf0d33217ceab6329b4c3144742f2fb"},"headline":"Los sistemas inal\u00e1mbricos de la serie 3000 de Audio-Technica ofrecen una gran flexibilidad en las ruedas de prensa de MotoGP\u2122","datePublished":"2024-03-20T10:00:04+00:00","dateModified":"2024-03-26T12:05:24+00:00","mainEntityOfPage":{"@id":"https:\/\/distribution.audio-technica.eu\/es-es\/noticias\/serie-3000-audio-technica-motogp\/"},"wordCount":226,"image":{"@id":"https:\/\/distribution.audio-technica.eu\/es-es\/noticias\/serie-3000-audio-technica-motogp\/#primaryimage"},"thumbnailUrl":"\/app\/uploads\/sites\/2\/WP-NdP-AT-Serie-3000-MotoGP-01.jpg","keywords":["MotoGP","serie 3000"],"articleSection":["Noticias"],"inLanguage":"es"},{"@type":"WebPage","@id":"https:\/\/distribution.audio-technica.eu\/es-es\/noticias\/serie-3000-audio-technica-motogp\/","url":"https:\/\/distribution.audio-technica.eu\/es-es\/noticias\/serie-3000-audio-technica-motogp\/","name":"Los sistemas inal\u00e1mbricos de la serie 3000 de Audio-Technica ofrecen una gran flexibilidad en las ruedas de prensa de MotoGP\u2122 - Audio-Technica Iberia","isPartOf":{"@id":"https:\/\/distribution.audio-technica.eu\/es-es\/#website"},"primaryImageOfPage":{"@id":"https:\/\/distribution.audio-technica.eu\/es-es\/noticias\/serie-3000-audio-technica-motogp\/#primaryimage"},"image":{"@id":"https:\/\/distribution.audio-technica.eu\/es-es\/noticias\/serie-3000-audio-technica-motogp\/#primaryimage"},"thumbnailUrl":"\/app\/uploads\/sites\/2\/WP-NdP-AT-Serie-3000-MotoGP-01.jpg","datePublished":"2024-03-20T10:00:04+00:00","dateModified":"2024-03-26T12:05:24+00:00","author":{"@id":"https:\/\/distribution.audio-technica.eu\/es-es\/#\/schema\/person\/dbf0d33217ceab6329b4c3144742f2fb"},"breadcrumb":{"@id":"https:\/\/distribution.audio-technica.eu\/es-es\/noticias\/serie-3000-audio-technica-motogp\/#breadcrumb"},"inLanguage":"es","potentialAction":[{"@type":"ReadAction","target":["https:\/\/distribution.audio-technica.eu\/es-es\/noticias\/serie-3000-audio-technica-motogp\/"]}]},{"@type":"ImageObject","inLanguage":"es","@id":"https:\/\/distribution.audio-technica.eu\/es-es\/noticias\/serie-3000-audio-technica-motogp\/#primaryimage","url":"\/app\/uploads\/sites\/2\/WP-NdP-AT-Serie-3000-MotoGP-01.jpg","contentUrl":"\/app\/uploads\/sites\/2\/WP-NdP-AT-Serie-3000-MotoGP-01.jpg","width":1920,"height":750},{"@type":"BreadcrumbList","@id":"https:\/\/distribution.audio-technica.eu\/es-es\/noticias\/serie-3000-audio-technica-motogp\/#breadcrumb","itemListElement":[{"@type":"ListItem","position":1,"name":"Products","item":"https:\/\/distribution.audio-technica.eu\/es-es\/"},{"@type":"ListItem","position":2,"name":"Los sistemas inal\u00e1mbricos de la serie 3000 de Audio-Technica ofrecen una gran flexibilidad en las ruedas de prensa de MotoGP\u2122"}]},{"@type":"WebSite","@id":"https:\/\/distribution.audio-technica.eu\/es-es\/#website","url":"https:\/\/distribution.audio-technica.eu\/es-es\/","name":"Audio-Technica Iberia","description":"Distribuci\u00f3n","potentialAction":[{"@type":"SearchAction","target":{"@type":"EntryPoint","urlTemplate":"https:\/\/distribution.audio-technica.eu\/es-es\/?s={search_term_string}"},"query-input":{"@type":"PropertyValueSpecification","valueRequired":true,"valueName":"search_term_string"}}],"inLanguage":"es"},{"@type":"Person","@id":"https:\/\/distribution.audio-technica.eu\/es-es\/#\/schema\/person\/dbf0d33217ceab6329b4c3144742f2fb","name":"ctorras"}]}},"_links":{"self":[{"href":"https:\/\/distribution.audio-technica.eu\/es-es\/wp-json\/wp\/v2\/posts\/32865","targetHints":{"allow":["GET"]}}],"collection":[{"href":"https:\/\/distribution.audio-technica.eu\/es-es\/wp-json\/wp\/v2\/posts"}],"about":[{"href":"https:\/\/distribution.audio-technica.eu\/es-es\/wp-json\/wp\/v2\/types\/post"}],"author":[{"embeddable":true,"href":"https:\/\/distribution.audio-technica.eu\/es-es\/wp-json\/wp\/v2\/users\/2"}],"replies":[{"embeddable":true,"href":"https:\/\/distribution.audio-technica.eu\/es-es\/wp-json\/wp\/v2\/comments?post=32865"}],"version-history":[{"count":8,"href":"https:\/\/distribution.audio-technica.eu\/es-es\/wp-json\/wp\/v2\/posts\/32865\/revisions"}],"predecessor-version":[{"id":32952,"href":"https:\/\/distribution.audio-technica.eu\/es-es\/wp-json\/wp\/v2\/posts\/32865\/revisions\/32952"}],"wp:featuredmedia":[{"embeddable":true,"href":"https:\/\/distribution.audio-technica.eu\/es-es\/wp-json\/wp\/v2\/media\/32861"}],"wp:attachment":[{"href":"https:\/\/distribution.audio-technica.eu\/es-es\/wp-json\/wp\/v2\/media?parent=32865"}],"wp:term":[{"taxonomy":"category","embeddable":true,"href":"https:\/\/distribution.audio-technica.eu\/es-es\/wp-json\/wp\/v2\/categories?post=32865"},{"taxonomy":"post_tag","embeddable":true,"href":"https:\/\/distribution.audio-technica.eu\/es-es\/wp-json\/wp\/v2\/tags?post=32865"}],"curies":[{"name":"wp","href":"https:\/\/api.w.org\/{rel}","templated":true}]}}