{"id":33374,"date":"2024-05-07T11:40:26","date_gmt":"2024-05-07T09:40:26","guid":{"rendered":"https:\/\/distribution.audio-technica.eu\/es-es\/?p=33374"},"modified":"2024-05-09T13:18:07","modified_gmt":"2024-05-09T11:18:07","slug":"bridge_48-incorpora-un-sistema-genelec-sam-7-1-4","status":"publish","type":"post","link":"https:\/\/distribution.audio-technica.eu\/es-es\/noticias\/bridge_48-incorpora-un-sistema-genelec-sam-7-1-4\/","title":{"rendered":"El centro de producci\u00f3n musical Bridge_48 incorpora un sistema Genelec SAM 7.1.4"},"content":{"rendered":"<h2>El centro de creaci\u00f3n y formaci\u00f3n avanzada en producci\u00f3n musical Bridge_48 instala un sistema de sonido inmersivo Genelec SAM 7.1.4, para convertirse en un estudio de referencia con Dolby Atmos de Barcelona.<\/h2>\n<p><a href=\"https:\/\/bridge48.com\">Bridge_48<\/a>, un proyecto creado por y para productores musicales y artistas, y ofrece el primer club de miembros para productores de m\u00fasica electr\u00f3nica. Se trata de un espacio ubicado en el distrito barcelon\u00e9s de Poblenou, que se ha convertido en epicentro de la comunidad creativa y cultural de Barcelona, y que cuenta con 850 metros cuadrados de instalaciones que incluyen estudios de producci\u00f3n, coworking, servicios profesionales de mezcla mastering, seminarios, workshops, masterclasses y formaci\u00f3n especializada.<\/p>\n<p>En definitiva, Bridge_48 es un espacio creativo que ofrece todo lo necesario para que los artistas desarrollen su talento y alcancen el pr\u00f3ximo nivel en su carrera profesional. Para acceder a sus instalaciones es posible optar por ser artista residente en Bridge_48 o alquilar un espacio por meses o por horas.<\/p>\n<p>Autodenominados como la comunidad de creadores de la m\u00fasica del futuro, la labor de este laboratorio musical incluye sesiones, charlas, lanzamientos de \u00e1lbumes, masterclasses, etc. En sus cuatro a\u00f1os de actividad, han conseguido aglutinar a m\u00e1s de 400 miembros, y han organizado tres festivales e impulsado m\u00e1s de 700 proyectos art\u00edsticos.<\/p>\n<p>Ahora, Bridge_48 acaba de ampliar enormemente su oferta con la instalaci\u00f3n de una nueva infraestructura, denominada UCO &#8211; Cinematic Sound, que ofrece un estudio que incluye un sistema de sonido inmersivo Genelec SAM 7.1.4, que incluye 2 monitores coaxiales de 3 v\u00edas, 8\u201d 8531, 1 monitor activo de 2 v\u00edas, 6,5&#8243; 8340, 4 monitores activos SAM de 2 v\u00edas, 5&#8243; 8330, 4 monitores activos de 2 v\u00edas, 4&#8243; 8320, y un subgrave autoamplificado, 12&#8243; 7370. Todo este material ha sido suministrado por <a href=\"https:\/\/www.cutoff.es\/es\/\" target=\"_blank\" rel=\"noopener\">CutOff<\/a>, comercio barcelon\u00e9s especializado en material profesional.<\/p>\n<p><a href=\"https:\/\/distribution.audio-technica.eu\/app\/uploads\/sites\/2\/WP-NdP-Genelec-Bridge48-02.jpg\"><img loading=\"lazy\" decoding=\"async\" class=\"wp-image-33372 size-large aligncenter\" src=\"\/app\/uploads\/sites\/2\/WP-NdP-Genelec-Bridge48-02-968x1024.jpg\" alt=\"\" width=\"968\" height=\"1024\" srcset=\"https:\/\/distribution.audio-technica.eu\/app\/uploads\/sites\/2\/WP-NdP-Genelec-Bridge48-02-968x1024.jpg 968w, https:\/\/distribution.audio-technica.eu\/app\/uploads\/sites\/2\/WP-NdP-Genelec-Bridge48-02-284x300.jpg 284w, https:\/\/distribution.audio-technica.eu\/app\/uploads\/sites\/2\/WP-NdP-Genelec-Bridge48-02-768x812.jpg 768w, https:\/\/distribution.audio-technica.eu\/app\/uploads\/sites\/2\/WP-NdP-Genelec-Bridge48-02-1453x1536.jpg 1453w, https:\/\/distribution.audio-technica.eu\/app\/uploads\/sites\/2\/WP-NdP-Genelec-Bridge48-02-600x634.jpg 600w, https:\/\/distribution.audio-technica.eu\/app\/uploads\/sites\/2\/WP-NdP-Genelec-Bridge48-02.jpg 1500w\" sizes=\"auto, (max-width: 968px) 100vw, 968px\" \/><\/a><\/p>\n<p>Hemos tenido la oportunidad de conversar con Juano Damiani, uno de sus responsables, que exhibe un curr\u00edculo impresionante: Graduado en la carrera de Jazz en la Berklee International Network y en Composici\u00f3n de Bandas Sonoras en ESMUC (Barcelona), educador, instrumentista y compositor para artistas de m\u00fasica electr\u00f3nica internacional, adem\u00e1s de realizar trabajos para TV, publicidad y cine.<\/p>\n<p>Sobre esta nueva instalaci\u00f3n nos comenta: \u201c<em>Nuestro objetivo es disponer de un estudio de referencia con certificaci\u00f3n Dolby Atmos de Barcelona. Por ello, en breve dispondremos de la certificaci\u00f3n Dolby.<\/em>\u201d<\/p>\n<p>\u201c<em>Creemos que es mucho m\u00e1s eficiente y art\u00edsticamente interesante afrontar la composici\u00f3n directamente, desde el inicio desde Dolby Atmos, en lugar de componer en est\u00e9reo para luego pasar a Dolby.\u201d<\/em><\/p>\n<p>Sobre la elecci\u00f3n de Genelec, afirma, \u201c<em>Ya hab\u00edamos trabajado anteriormente con Genelec, y consideramos que el prestigio y calidad que ofrece esta marca est\u00e1 fuera de toda duda. Es material de primera calidad. Por otro lado, tambi\u00e9n queremos destacar la colaboraci\u00f3n y empat\u00eda con el proyecto que ha mostrado el personal de Audio-Technica Iberia.<\/em>\u201d<\/p>\n<p>\u201c<em>Tambi\u00e9n queremos destacar la utilidad del sistema de calibraci\u00f3n GLM. Consideramos que es una herramienta muy \u00fatil y creativa y que permite optimizar el sonido sin disparar el gasto en acondicionamiento ac\u00fastico, lo cual es muy interesante.\u201d<\/em><\/p>\n<p>El software <a href=\"https:\/\/www.genelec.com\/glm\">GLM 2.0<\/a> es un sistema de control en red muy potente e intuitivo que se encarga de manejar la conectividad de todos los monitores de estudio y subgraves SAM presentes en una red -hasta 30-. GLM 2.0 incluye ajuste de niveles, distancias de retardo y ecualizaci\u00f3n de compensaci\u00f3n de la ac\u00fastica de la sala, y del avanzado sistema de calibraci\u00f3n autom\u00e1tico AutoCal. Todos los par\u00e1metros y ajustes son almacenados en los archivos de configuraci\u00f3n del sistema o guardados individualmente en cada monitor y subgrave, si la red GLM necesita ser desconectada.<\/p>\n<p>Sobre el trabajo que se desarrollar\u00e1 en el nuevo estudio, afirma: \u201c<em>Nuestro trabajo, hasta ahora, ha estado centrado en la m\u00fasica electr\u00f3nica, pero con esta nueva instalaci\u00f3n queremos abrirnos tambi\u00e9n a otras m\u00fasicas, ya sean m\u00e1s comerciales, o como bandas sonoras para cine y publicidad, entre otras muchas. El estudio ya est\u00e1 funcionando, y est\u00e1n trabajando para Estados Unidos y Europa aunque, por motivos de confidencialidad, no puedo especificar por el momento, cuales son estos proyectos<\/em>\u201d.<\/p>\n<p>Sobre los resultados: \u201c<em>Excelentes, nuestros miembros podr\u00e1n sonar mejor, y abordar mejores y mayores proyectos<\/em>\u201d.<\/p>\n<p><a href=\"https:\/\/distribution.audio-technica.eu\/app\/uploads\/sites\/2\/WP-NdP-Genelec-Bridge48-01.jpg\"><img loading=\"lazy\" decoding=\"async\" class=\"size-large wp-image-33371 aligncenter\" src=\"\/app\/uploads\/sites\/2\/WP-NdP-Genelec-Bridge48-01-1024x768.jpg\" alt=\"\" width=\"1024\" height=\"768\" srcset=\"https:\/\/distribution.audio-technica.eu\/app\/uploads\/sites\/2\/WP-NdP-Genelec-Bridge48-01-1024x768.jpg 1024w, https:\/\/distribution.audio-technica.eu\/app\/uploads\/sites\/2\/WP-NdP-Genelec-Bridge48-01-300x225.jpg 300w, https:\/\/distribution.audio-technica.eu\/app\/uploads\/sites\/2\/WP-NdP-Genelec-Bridge48-01-768x576.jpg 768w, https:\/\/distribution.audio-technica.eu\/app\/uploads\/sites\/2\/WP-NdP-Genelec-Bridge48-01-600x450.jpg 600w, https:\/\/distribution.audio-technica.eu\/app\/uploads\/sites\/2\/WP-NdP-Genelec-Bridge48-01.jpg 1500w\" sizes=\"auto, (max-width: 1024px) 100vw, 1024px\" \/><\/a><\/p>\n<p>El monitor coaxial 3 v\u00edas triamplificado SAM, 8&#8243; <a href=\"https:\/\/www.genelec.com\/8351b\">8351B<\/a> representa una aut\u00e9ntica revoluci\u00f3n en el dise\u00f1o de monitores de tres v\u00edas, ofreciendo un aspecto \u00fanico, un tama\u00f1o compacto y una calidad y rendimiento sin precedentes. Mejora sustancialmente el funcionamiento ejemplar de su ic\u00f3nico antecesor, el modelo \u00abA\u00bb, ofreciendo mayor SPL, EQ adicional para la compensaci\u00f3n de sala, retardo ecualizado y mejor respuesta HF. Como todos los monitores pertenecientes a la serie de monitorizaci\u00f3n activa inteligente de Genelec, el 8351B puede ser configurado, calibrado y controlado utilizando el potente software GLM, que permite adaptarlo a cualquier espacio ac\u00fastico y compensar cualquier influencia negativa introducida por la sala, y ayudando a producir mezclas fiables, desde est\u00e9reo a formatos inmersivos muy complejos. El 8351B incluye tecnolog\u00eda MDC (Minimum Diffraction Coaxial), DCW (Directivity Control Waveguide), ACW (Acoustically Concealed Woofers), ISS (Intelligent Signal Sensing), circuitos de protecci\u00f3n, amplificaci\u00f3n optimizada y es compatible con los soportes ISO-Pod.<\/p>\n<p>El monitor activo SAM de 2 v\u00edas, 6,5\u201d, <a href=\"https:\/\/www.genelec.com\/8340a\">8340A<\/a> incorpora las tecnolog\u00edas MDE y DCW de Genelec, amplificaci\u00f3n en clase D, un puerto r\u00e9flex de flujo optimizado, capacidad para ofrecer un elevado nivel de presi\u00f3n sonora, bajo coloraci\u00f3n y un amplio ancho de banda y fuente de alimentaci\u00f3n universal. Totalmente compatible con versiones anteriores, el 8340A comparte todos los atributos t\u00e9cnicos y sorprendentes beneficios que ofrecen todos los sistemas SAM. Cuenta con amplificadores optimizados y crossovers activos; cada transductor cuenta con su propio amplificador optimizado.<\/p>\n<p>El monitor activo compacto inteligente <a href=\"https:\/\/www.genelec.com\/8330a\">8330A<\/a>, de 2 v\u00edas y 5\u201d, ofrece una soluci\u00f3n de monitoraje avanzada y flexible, incorporando las tecnolog\u00edas MDE y DCW, exclusivas de Genelec, un puerto r\u00e9flex optimizado, un elevado SPL y una respuesta en frecuencia amplia y sin coloraciones; todo ello en un formato extremadamente compacto.<\/p>\n<p>El monitor activo compacto inteligente de 2 v\u00edas, 4\u201d, <a href=\"https:\/\/www.genelec.com\/8320a\">8320A<\/a> es la soluci\u00f3n de monitoraje m\u00e1s avanzada y flexible que ofrece el mercado actual. El 8320A amplia el sistema SAM de Genelec ofreciendo una amplia variedad de prestaciones, como las tecnolog\u00edas MDE y DCW de Genelec, un puerto r\u00e9flex optimizado y una respuesta en frecuencia muy neutral, ofreciendo un sonido espectacular con unas dimensiones muy compactas.<\/p>\n<p>Finalmente, el subgrave autoamplificado SAM, 12&#8243; <a href=\"https:\/\/www.genelec.com\/7370a\">7370A<\/a> de Genelec proporciona una monitorizaci\u00f3n de graves precisa en todo tipo de aplicaciones anal\u00f3gicas y digitales, e incorpora las tecnolog\u00edas AutoCal y GLM. Incorpora el recinto patentado Laminar Spiral Enclosure (LSE) que proporciona m\u00e1s nivel de salida con una precisa articulaci\u00f3n de los graves y una distorsi\u00f3n muy baja, y cuenta con un amplificador Clase D dise\u00f1ado y fabricado por Genelec, que proporciona un elevado SPL, alta fiabilidad y una distorsi\u00f3n muy baja.<\/p>\n<p>Para m\u00e1s informaci\u00f3n sobre Bridge_48 visite sus redes sociales desde <a href=\"https:\/\/bridge48.com\">bridge48.com<\/a><\/p>\n<p>&nbsp;<\/p>\n","protected":false},"excerpt":{"rendered":"<p>El centro de creaci\u00f3n y formaci\u00f3n avanzada en producci\u00f3n musical Bridge_48 instala un sistema de sonido inmersivo Genelec SAM 7.1.4, para convertirse en un estudio de referencia con Dolby Atmos de Barcelona. Bridge_48, un proyecto creado por y para productores musicales y artistas, y ofrece el primer club de miembros para productores de m\u00fasica electr\u00f3nica. [&hellip;]<\/p>\n","protected":false},"author":2,"featured_media":33373,"comment_status":"closed","ping_status":"closed","sticky":false,"template":"","format":"standard","meta":{"_acf_changed":false,"footnotes":""},"categories":[2460],"tags":[1816,2371,1567],"class_list":["post-33374","post","type-post","status-publish","format-standard","has-post-thumbnail","hentry","category-instalaciones","tag-audio-inmersivo","tag-dolby-atmos","tag-sam"],"acf":[],"yoast_head":"<!-- This site is optimized with the Yoast SEO plugin v27.1.1 - https:\/\/yoast.com\/product\/yoast-seo-wordpress\/ -->\n<title>El centro de producci\u00f3n musical Bridge_48 incorpora un sistema Genelec SAM 7.1.4 - Audio-Technica Iberia<\/title>\n<meta name=\"robots\" content=\"index, follow, max-snippet:-1, max-image-preview:large, max-video-preview:-1\" \/>\n<link rel=\"canonical\" href=\"https:\/\/distribution.audio-technica.eu\/es-es\/noticias\/bridge_48-incorpora-un-sistema-genelec-sam-7-1-4\/\" \/>\n<meta property=\"og:locale\" content=\"es_ES\" \/>\n<meta property=\"og:type\" content=\"article\" \/>\n<meta property=\"og:title\" content=\"El centro de producci\u00f3n musical Bridge_48 incorpora un sistema Genelec SAM 7.1.4 - Audio-Technica Iberia\" \/>\n<meta property=\"og:description\" content=\"El centro de creaci\u00f3n y formaci\u00f3n avanzada en producci\u00f3n musical Bridge_48 instala un sistema de sonido inmersivo Genelec SAM 7.1.4, para convertirse en un estudio de referencia con Dolby Atmos de Barcelona. Bridge_48, un proyecto creado por y para productores musicales y artistas, y ofrece el primer club de miembros para productores de m\u00fasica electr\u00f3nica. [&hellip;]\" \/>\n<meta property=\"og:url\" content=\"https:\/\/distribution.audio-technica.eu\/es-es\/noticias\/bridge_48-incorpora-un-sistema-genelec-sam-7-1-4\/\" \/>\n<meta property=\"og:site_name\" content=\"Audio-Technica Iberia\" \/>\n<meta property=\"article:published_time\" content=\"2024-05-07T09:40:26+00:00\" \/>\n<meta property=\"article:modified_time\" content=\"2024-05-09T11:18:07+00:00\" \/>\n<meta property=\"og:image\" content=\"https:\/\/distribution.audio-technica.eu\/app\/uploads\/sites\/2\/WP-NdP-Genelec-Bridge48-banner.jpg\" \/>\n\t<meta property=\"og:image:width\" content=\"1920\" \/>\n\t<meta property=\"og:image:height\" content=\"750\" \/>\n\t<meta property=\"og:image:type\" content=\"image\/jpeg\" \/>\n<meta name=\"author\" content=\"ctorras\" \/>\n<meta name=\"twitter:card\" content=\"summary_large_image\" \/>\n<meta name=\"twitter:label1\" content=\"Escrito por\" \/>\n\t<meta name=\"twitter:data1\" content=\"ctorras\" \/>\n\t<meta name=\"twitter:label2\" content=\"Tiempo de lectura\" \/>\n\t<meta name=\"twitter:data2\" content=\"6 minutos\" \/>\n<script type=\"application\/ld+json\" class=\"yoast-schema-graph\">{\"@context\":\"https:\/\/schema.org\",\"@graph\":[{\"@type\":\"Article\",\"@id\":\"https:\/\/distribution.audio-technica.eu\/es-es\/noticias\/bridge_48-incorpora-un-sistema-genelec-sam-7-1-4\/#article\",\"isPartOf\":{\"@id\":\"https:\/\/distribution.audio-technica.eu\/es-es\/noticias\/bridge_48-incorpora-un-sistema-genelec-sam-7-1-4\/\"},\"author\":{\"name\":\"ctorras\",\"@id\":\"https:\/\/distribution.audio-technica.eu\/es-es\/#\/schema\/person\/dbf0d33217ceab6329b4c3144742f2fb\"},\"headline\":\"El centro de producci\u00f3n musical Bridge_48 incorpora un sistema Genelec SAM 7.1.4\",\"datePublished\":\"2024-05-07T09:40:26+00:00\",\"dateModified\":\"2024-05-09T11:18:07+00:00\",\"mainEntityOfPage\":{\"@id\":\"https:\/\/distribution.audio-technica.eu\/es-es\/noticias\/bridge_48-incorpora-un-sistema-genelec-sam-7-1-4\/\"},\"wordCount\":1210,\"image\":{\"@id\":\"https:\/\/distribution.audio-technica.eu\/es-es\/noticias\/bridge_48-incorpora-un-sistema-genelec-sam-7-1-4\/#primaryimage\"},\"thumbnailUrl\":\"\/app\/uploads\/sites\/2\/WP-NdP-Genelec-Bridge48-banner.jpg\",\"keywords\":[\"audio inmersivo\",\"Dolby Atmos\",\"SAM\"],\"articleSection\":[\"Instalaciones\"],\"inLanguage\":\"es\"},{\"@type\":\"WebPage\",\"@id\":\"https:\/\/distribution.audio-technica.eu\/es-es\/noticias\/bridge_48-incorpora-un-sistema-genelec-sam-7-1-4\/\",\"url\":\"https:\/\/distribution.audio-technica.eu\/es-es\/noticias\/bridge_48-incorpora-un-sistema-genelec-sam-7-1-4\/\",\"name\":\"El centro de producci\u00f3n musical Bridge_48 incorpora un sistema Genelec SAM 7.1.4 - Audio-Technica Iberia\",\"isPartOf\":{\"@id\":\"https:\/\/distribution.audio-technica.eu\/es-es\/#website\"},\"primaryImageOfPage\":{\"@id\":\"https:\/\/distribution.audio-technica.eu\/es-es\/noticias\/bridge_48-incorpora-un-sistema-genelec-sam-7-1-4\/#primaryimage\"},\"image\":{\"@id\":\"https:\/\/distribution.audio-technica.eu\/es-es\/noticias\/bridge_48-incorpora-un-sistema-genelec-sam-7-1-4\/#primaryimage\"},\"thumbnailUrl\":\"\/app\/uploads\/sites\/2\/WP-NdP-Genelec-Bridge48-banner.jpg\",\"datePublished\":\"2024-05-07T09:40:26+00:00\",\"dateModified\":\"2024-05-09T11:18:07+00:00\",\"author\":{\"@id\":\"https:\/\/distribution.audio-technica.eu\/es-es\/#\/schema\/person\/dbf0d33217ceab6329b4c3144742f2fb\"},\"breadcrumb\":{\"@id\":\"https:\/\/distribution.audio-technica.eu\/es-es\/noticias\/bridge_48-incorpora-un-sistema-genelec-sam-7-1-4\/#breadcrumb\"},\"inLanguage\":\"es\",\"potentialAction\":[{\"@type\":\"ReadAction\",\"target\":[\"https:\/\/distribution.audio-technica.eu\/es-es\/noticias\/bridge_48-incorpora-un-sistema-genelec-sam-7-1-4\/\"]}]},{\"@type\":\"ImageObject\",\"inLanguage\":\"es\",\"@id\":\"https:\/\/distribution.audio-technica.eu\/es-es\/noticias\/bridge_48-incorpora-un-sistema-genelec-sam-7-1-4\/#primaryimage\",\"url\":\"\/app\/uploads\/sites\/2\/WP-NdP-Genelec-Bridge48-banner.jpg\",\"contentUrl\":\"\/app\/uploads\/sites\/2\/WP-NdP-Genelec-Bridge48-banner.jpg\",\"width\":1920,\"height\":750},{\"@type\":\"BreadcrumbList\",\"@id\":\"https:\/\/distribution.audio-technica.eu\/es-es\/noticias\/bridge_48-incorpora-un-sistema-genelec-sam-7-1-4\/#breadcrumb\",\"itemListElement\":[{\"@type\":\"ListItem\",\"position\":1,\"name\":\"Products\",\"item\":\"https:\/\/distribution.audio-technica.eu\/es-es\/\"},{\"@type\":\"ListItem\",\"position\":2,\"name\":\"El centro de producci\u00f3n musical Bridge_48 incorpora un sistema Genelec SAM 7.1.4\"}]},{\"@type\":\"WebSite\",\"@id\":\"https:\/\/distribution.audio-technica.eu\/es-es\/#website\",\"url\":\"https:\/\/distribution.audio-technica.eu\/es-es\/\",\"name\":\"Audio-Technica Iberia\",\"description\":\"Distribuci\u00f3n\",\"potentialAction\":[{\"@type\":\"SearchAction\",\"target\":{\"@type\":\"EntryPoint\",\"urlTemplate\":\"https:\/\/distribution.audio-technica.eu\/es-es\/?s={search_term_string}\"},\"query-input\":{\"@type\":\"PropertyValueSpecification\",\"valueRequired\":true,\"valueName\":\"search_term_string\"}}],\"inLanguage\":\"es\"},{\"@type\":\"Person\",\"@id\":\"https:\/\/distribution.audio-technica.eu\/es-es\/#\/schema\/person\/dbf0d33217ceab6329b4c3144742f2fb\",\"name\":\"ctorras\"}]}<\/script>\n<!-- \/ Yoast SEO plugin. -->","yoast_head_json":{"title":"El centro de producci\u00f3n musical Bridge_48 incorpora un sistema Genelec SAM 7.1.4 - Audio-Technica Iberia","robots":{"index":"index","follow":"follow","max-snippet":"max-snippet:-1","max-image-preview":"max-image-preview:large","max-video-preview":"max-video-preview:-1"},"canonical":"https:\/\/distribution.audio-technica.eu\/es-es\/noticias\/bridge_48-incorpora-un-sistema-genelec-sam-7-1-4\/","og_locale":"es_ES","og_type":"article","og_title":"El centro de producci\u00f3n musical Bridge_48 incorpora un sistema Genelec SAM 7.1.4 - Audio-Technica Iberia","og_description":"El centro de creaci\u00f3n y formaci\u00f3n avanzada en producci\u00f3n musical Bridge_48 instala un sistema de sonido inmersivo Genelec SAM 7.1.4, para convertirse en un estudio de referencia con Dolby Atmos de Barcelona. Bridge_48, un proyecto creado por y para productores musicales y artistas, y ofrece el primer club de miembros para productores de m\u00fasica electr\u00f3nica. [&hellip;]","og_url":"https:\/\/distribution.audio-technica.eu\/es-es\/noticias\/bridge_48-incorpora-un-sistema-genelec-sam-7-1-4\/","og_site_name":"Audio-Technica Iberia","article_published_time":"2024-05-07T09:40:26+00:00","article_modified_time":"2024-05-09T11:18:07+00:00","og_image":[{"width":1920,"height":750,"url":"https:\/\/distribution.audio-technica.eu\/app\/uploads\/sites\/2\/WP-NdP-Genelec-Bridge48-banner.jpg","type":"image\/jpeg"}],"author":"ctorras","twitter_card":"summary_large_image","twitter_misc":{"Escrito por":"ctorras","Tiempo de lectura":"6 minutos"},"schema":{"@context":"https:\/\/schema.org","@graph":[{"@type":"Article","@id":"https:\/\/distribution.audio-technica.eu\/es-es\/noticias\/bridge_48-incorpora-un-sistema-genelec-sam-7-1-4\/#article","isPartOf":{"@id":"https:\/\/distribution.audio-technica.eu\/es-es\/noticias\/bridge_48-incorpora-un-sistema-genelec-sam-7-1-4\/"},"author":{"name":"ctorras","@id":"https:\/\/distribution.audio-technica.eu\/es-es\/#\/schema\/person\/dbf0d33217ceab6329b4c3144742f2fb"},"headline":"El centro de producci\u00f3n musical Bridge_48 incorpora un sistema Genelec SAM 7.1.4","datePublished":"2024-05-07T09:40:26+00:00","dateModified":"2024-05-09T11:18:07+00:00","mainEntityOfPage":{"@id":"https:\/\/distribution.audio-technica.eu\/es-es\/noticias\/bridge_48-incorpora-un-sistema-genelec-sam-7-1-4\/"},"wordCount":1210,"image":{"@id":"https:\/\/distribution.audio-technica.eu\/es-es\/noticias\/bridge_48-incorpora-un-sistema-genelec-sam-7-1-4\/#primaryimage"},"thumbnailUrl":"\/app\/uploads\/sites\/2\/WP-NdP-Genelec-Bridge48-banner.jpg","keywords":["audio inmersivo","Dolby Atmos","SAM"],"articleSection":["Instalaciones"],"inLanguage":"es"},{"@type":"WebPage","@id":"https:\/\/distribution.audio-technica.eu\/es-es\/noticias\/bridge_48-incorpora-un-sistema-genelec-sam-7-1-4\/","url":"https:\/\/distribution.audio-technica.eu\/es-es\/noticias\/bridge_48-incorpora-un-sistema-genelec-sam-7-1-4\/","name":"El centro de producci\u00f3n musical Bridge_48 incorpora un sistema Genelec SAM 7.1.4 - Audio-Technica Iberia","isPartOf":{"@id":"https:\/\/distribution.audio-technica.eu\/es-es\/#website"},"primaryImageOfPage":{"@id":"https:\/\/distribution.audio-technica.eu\/es-es\/noticias\/bridge_48-incorpora-un-sistema-genelec-sam-7-1-4\/#primaryimage"},"image":{"@id":"https:\/\/distribution.audio-technica.eu\/es-es\/noticias\/bridge_48-incorpora-un-sistema-genelec-sam-7-1-4\/#primaryimage"},"thumbnailUrl":"\/app\/uploads\/sites\/2\/WP-NdP-Genelec-Bridge48-banner.jpg","datePublished":"2024-05-07T09:40:26+00:00","dateModified":"2024-05-09T11:18:07+00:00","author":{"@id":"https:\/\/distribution.audio-technica.eu\/es-es\/#\/schema\/person\/dbf0d33217ceab6329b4c3144742f2fb"},"breadcrumb":{"@id":"https:\/\/distribution.audio-technica.eu\/es-es\/noticias\/bridge_48-incorpora-un-sistema-genelec-sam-7-1-4\/#breadcrumb"},"inLanguage":"es","potentialAction":[{"@type":"ReadAction","target":["https:\/\/distribution.audio-technica.eu\/es-es\/noticias\/bridge_48-incorpora-un-sistema-genelec-sam-7-1-4\/"]}]},{"@type":"ImageObject","inLanguage":"es","@id":"https:\/\/distribution.audio-technica.eu\/es-es\/noticias\/bridge_48-incorpora-un-sistema-genelec-sam-7-1-4\/#primaryimage","url":"\/app\/uploads\/sites\/2\/WP-NdP-Genelec-Bridge48-banner.jpg","contentUrl":"\/app\/uploads\/sites\/2\/WP-NdP-Genelec-Bridge48-banner.jpg","width":1920,"height":750},{"@type":"BreadcrumbList","@id":"https:\/\/distribution.audio-technica.eu\/es-es\/noticias\/bridge_48-incorpora-un-sistema-genelec-sam-7-1-4\/#breadcrumb","itemListElement":[{"@type":"ListItem","position":1,"name":"Products","item":"https:\/\/distribution.audio-technica.eu\/es-es\/"},{"@type":"ListItem","position":2,"name":"El centro de producci\u00f3n musical Bridge_48 incorpora un sistema Genelec SAM 7.1.4"}]},{"@type":"WebSite","@id":"https:\/\/distribution.audio-technica.eu\/es-es\/#website","url":"https:\/\/distribution.audio-technica.eu\/es-es\/","name":"Audio-Technica Iberia","description":"Distribuci\u00f3n","potentialAction":[{"@type":"SearchAction","target":{"@type":"EntryPoint","urlTemplate":"https:\/\/distribution.audio-technica.eu\/es-es\/?s={search_term_string}"},"query-input":{"@type":"PropertyValueSpecification","valueRequired":true,"valueName":"search_term_string"}}],"inLanguage":"es"},{"@type":"Person","@id":"https:\/\/distribution.audio-technica.eu\/es-es\/#\/schema\/person\/dbf0d33217ceab6329b4c3144742f2fb","name":"ctorras"}]}},"_links":{"self":[{"href":"https:\/\/distribution.audio-technica.eu\/es-es\/wp-json\/wp\/v2\/posts\/33374","targetHints":{"allow":["GET"]}}],"collection":[{"href":"https:\/\/distribution.audio-technica.eu\/es-es\/wp-json\/wp\/v2\/posts"}],"about":[{"href":"https:\/\/distribution.audio-technica.eu\/es-es\/wp-json\/wp\/v2\/types\/post"}],"author":[{"embeddable":true,"href":"https:\/\/distribution.audio-technica.eu\/es-es\/wp-json\/wp\/v2\/users\/2"}],"replies":[{"embeddable":true,"href":"https:\/\/distribution.audio-technica.eu\/es-es\/wp-json\/wp\/v2\/comments?post=33374"}],"version-history":[{"count":6,"href":"https:\/\/distribution.audio-technica.eu\/es-es\/wp-json\/wp\/v2\/posts\/33374\/revisions"}],"predecessor-version":[{"id":33419,"href":"https:\/\/distribution.audio-technica.eu\/es-es\/wp-json\/wp\/v2\/posts\/33374\/revisions\/33419"}],"wp:featuredmedia":[{"embeddable":true,"href":"https:\/\/distribution.audio-technica.eu\/es-es\/wp-json\/wp\/v2\/media\/33373"}],"wp:attachment":[{"href":"https:\/\/distribution.audio-technica.eu\/es-es\/wp-json\/wp\/v2\/media?parent=33374"}],"wp:term":[{"taxonomy":"category","embeddable":true,"href":"https:\/\/distribution.audio-technica.eu\/es-es\/wp-json\/wp\/v2\/categories?post=33374"},{"taxonomy":"post_tag","embeddable":true,"href":"https:\/\/distribution.audio-technica.eu\/es-es\/wp-json\/wp\/v2\/tags?post=33374"}],"curies":[{"name":"wp","href":"https:\/\/api.w.org\/{rel}","templated":true}]}}