{"id":34793,"date":"2024-06-21T16:03:24","date_gmt":"2024-06-21T14:03:24","guid":{"rendered":"https:\/\/distribution.audio-technica.eu\/es-es\/?p=34793"},"modified":"2024-08-07T13:48:18","modified_gmt":"2024-08-07T11:48:18","slug":"com-sona-leso-utiliza-46-microfonos","status":"publish","type":"post","link":"https:\/\/distribution.audio-technica.eu\/es-es\/noticias\/com-sona-leso-utiliza-46-microfonos\/","title":{"rendered":"El proyecto Com Sona l&#8217;Eso utiliza este a\u00f1o hasta 46 micr\u00f3fonos de Audio-Technica"},"content":{"rendered":"<h3>El evento Com Sona l\u2018Eso ha alcanzado este a\u00f1o su 25\u00aa edici\u00f3n. En ella, se han utilizado 46 micr\u00f3fonos de los modelos AT2031, AT4041 y AT2050<\/h3>\n<p><a href=\"https:\/\/www.comsonaleso.com\/\">Com Sona l&#8217;Eso<\/a> es un proyecto nacido en el a\u00f1o 2000 impulsado por el entusiasmo de algunos profesores y profesoras de m\u00fasica valencianos\/as que ejerc\u00edan su labor docente en el Pa\u00eds Valenciano, Catalu\u00f1a e Islas Baleares.<\/p>\n<p>Se trata de un encuentro de alumnos\/as y profesores\/as de m\u00fasica de secundaria de institutos p\u00fablicos que, a lo largo de cuatro d\u00edas, conviven para llevar a cabo un gran reto musical que han trabajado previamente en las aulas de m\u00fasica. Este reto es la realizaci\u00f3n de un concierto conjunto: cerca de 1500 alumnos de edades comprendidas entre 12 y 17 a\u00f1os junto con sus profesores\/as actuando unidos.<\/p>\n<p><a href=\"https:\/\/distribution.audio-technica.eu\/app\/uploads\/sites\/2\/WP-NdP-AT-Com-Sona-lESO_03.jpg\"><img loading=\"lazy\" decoding=\"async\" class=\"size-large wp-image-34791 aligncenter\" src=\"\/app\/uploads\/sites\/2\/WP-NdP-AT-Com-Sona-lESO_03-1024x576.jpg\" alt=\"\" width=\"1024\" height=\"576\" srcset=\"https:\/\/distribution.audio-technica.eu\/app\/uploads\/sites\/2\/WP-NdP-AT-Com-Sona-lESO_03-1024x576.jpg 1024w, https:\/\/distribution.audio-technica.eu\/app\/uploads\/sites\/2\/WP-NdP-AT-Com-Sona-lESO_03-300x169.jpg 300w, https:\/\/distribution.audio-technica.eu\/app\/uploads\/sites\/2\/WP-NdP-AT-Com-Sona-lESO_03-768x432.jpg 768w, https:\/\/distribution.audio-technica.eu\/app\/uploads\/sites\/2\/WP-NdP-AT-Com-Sona-lESO_03-600x338.jpg 600w, https:\/\/distribution.audio-technica.eu\/app\/uploads\/sites\/2\/WP-NdP-AT-Com-Sona-lESO_03.jpg 1500w\" sizes=\"auto, (max-width: 1024px) 100vw, 1024px\" \/><\/a><\/p>\n<p>Este a\u00f1o se ha celebrado en Altea la edici\u00f3n n\u00famero 25, y ha contado con un coro de 1300 alumnos, y durante el evento, se han utilizado un total de 46 micr\u00f3fonos Audio-Technica, concretamente de los modelos AT2031, AT4041 y AT2050; de ellos, m\u00e1s de 30 unidades correspond\u00edan al modelo AT2031.<\/p>\n<p>La empresa encargada de gestionar el evento a nivel t\u00e9cnico desde m\u00e1s de 15 a\u00f1os ha sido <a href=\"http:\/\/www.tuixross.es\/\">Tuix &amp; Ross<\/a>, radicada en Castell\u00f3n, y que lleva 35 a\u00f1os dedicados a la producci\u00f3n audiovisual en el sector del espect\u00e1culo y evento corporativo, cubriendo las necesidades de sonido, Iluminaci\u00f3n y v\u00eddeo profesional.<\/p>\n<p>Los responsables de esta empresa se declaran entusiastas de la microfon\u00eda de Audio-Technica, y afirman que llevan muchos a\u00f1os utiliz\u00e1ndolos con total satisfacci\u00f3n. Concretamente, destacan que el modelo AT2031 ofrece una relaci\u00f3n calidad \/ precio excepcional. Seg\u00fan nos informan, las caracter\u00edsticas de este evento var\u00edan de a\u00f1o en a\u00f1o, pero siempre se utilizan entre 40 y 60 micr\u00f3fonos de Audio-Technica.<\/p>\n<p><a href=\"https:\/\/distribution.audio-technica.eu\/app\/uploads\/sites\/2\/WP-NdP-AT-Com-Sona-lESO_02.jpg\"><img loading=\"lazy\" decoding=\"async\" class=\"aligncenter size-large wp-image-34790\" src=\"\/app\/uploads\/sites\/2\/WP-NdP-AT-Com-Sona-lESO_02-1024x576.jpg\" alt=\"\" width=\"1024\" height=\"576\" srcset=\"https:\/\/distribution.audio-technica.eu\/app\/uploads\/sites\/2\/WP-NdP-AT-Com-Sona-lESO_02-1024x576.jpg 1024w, https:\/\/distribution.audio-technica.eu\/app\/uploads\/sites\/2\/WP-NdP-AT-Com-Sona-lESO_02-300x169.jpg 300w, https:\/\/distribution.audio-technica.eu\/app\/uploads\/sites\/2\/WP-NdP-AT-Com-Sona-lESO_02-768x432.jpg 768w, https:\/\/distribution.audio-technica.eu\/app\/uploads\/sites\/2\/WP-NdP-AT-Com-Sona-lESO_02-600x338.jpg 600w, https:\/\/distribution.audio-technica.eu\/app\/uploads\/sites\/2\/WP-NdP-AT-Com-Sona-lESO_02.jpg 1500w\" sizes=\"auto, (max-width: 1024px) 100vw, 1024px\" \/><\/a><\/p>\n<p>El <a href=\"https:\/\/www.audio-technica.com\/es-es\/at2031\">AT2031<\/a> dispone de un elemento polarizado permanentemente que ofrece una respuesta en frecuencia ampliada con un ligero realce en la gama de frecuencias elevadas para conseguir un sonido m\u00e1s detallado. Su bajo ruido intr\u00ednseco y su capacidad para manejar elevados niveles SPL ofrece una amplia gama din\u00e1mica, perfectamente adecuada para las aplicaciones m\u00e1s exigentes. Ofrece una patr\u00f3n polar cardioide y dispone de filtro pasa alto 150 Hz 6dB\/oct conmutable. . Cuatro grupos de ranuras cu\u00e1druples permiten un control preciso de la direccionalidad<\/p>\n<p>El micr\u00f3fono cardioide de condensador <a href=\"https:\/\/www.audio-technica.com\/es-es\/at4041\">AT4041<\/a> ofrece una respuesta en frecuencia uniforme y ampliada, con un ligero realce a la zona de las frecuencias elevadas, y una salida sin transformador para conseguir una gran capacidad para manejar altos niveles SPL. La placa posterior del elemento posee una carga fija y ha sido envejecida para proporciona una estabilizaci\u00f3n de la energ\u00eda. La superficie de la placa posterior ha sido fresada con precisi\u00f3n para asegurar la m\u00e1xima linealidad de la carga, dando como resultado una reducci\u00f3n tanto en los picos en respuesta en frecuencia como en la distorsi\u00f3n del diafragma. Su diafragma de baja masa mejora la respuesta a los transitorios, aumenta el ancho de banda de respuesta y reduce la transferencia de ruido mec\u00e1nico y de manipulaci\u00f3n<\/p>\n<p>El vers\u00e1til <a href=\"https:\/\/www.audio-technica.com\/es-es\/at2050\">AT2050<\/a> proporciona un rendimiento excelente y consistente con patrones polares conmutables entre cardioide, omnidireccional y figura en ocho. Sus dos grandes diafragmas han sido vaporizados con oro y envejecidos para mantener las caracter\u00edsticas \u00f3ptimas tras a\u00f1os de uso. Equipado con un filtro pasa alto conmutable sintonizado a 80 Hz y un pad de 10 dB.<\/p>\n<p><a href=\"https:\/\/distribution.audio-technica.eu\/app\/uploads\/sites\/2\/WP-NdP-AT-Com-Sona-lESO_01.jpg\"><img loading=\"lazy\" decoding=\"async\" class=\"aligncenter size-large wp-image-34789\" src=\"\/app\/uploads\/sites\/2\/WP-NdP-AT-Com-Sona-lESO_01-1024x576.jpg\" alt=\"\" width=\"1024\" height=\"576\" srcset=\"https:\/\/distribution.audio-technica.eu\/app\/uploads\/sites\/2\/WP-NdP-AT-Com-Sona-lESO_01-1024x576.jpg 1024w, https:\/\/distribution.audio-technica.eu\/app\/uploads\/sites\/2\/WP-NdP-AT-Com-Sona-lESO_01-300x169.jpg 300w, https:\/\/distribution.audio-technica.eu\/app\/uploads\/sites\/2\/WP-NdP-AT-Com-Sona-lESO_01-768x432.jpg 768w, https:\/\/distribution.audio-technica.eu\/app\/uploads\/sites\/2\/WP-NdP-AT-Com-Sona-lESO_01-600x338.jpg 600w, https:\/\/distribution.audio-technica.eu\/app\/uploads\/sites\/2\/WP-NdP-AT-Com-Sona-lESO_01.jpg 1500w\" sizes=\"auto, (max-width: 1024px) 100vw, 1024px\" \/><\/a><\/p>\n","protected":false},"excerpt":{"rendered":"<p>El evento Com Sona l\u2018Eso ha alcanzado este a\u00f1o su 25\u00aa edici\u00f3n. En ella, se han utilizado 46 micr\u00f3fonos de los modelos AT2031, AT4041 y AT2050 Com Sona l&#8217;Eso es un proyecto nacido en el a\u00f1o 2000 impulsado por el entusiasmo de algunos profesores y profesoras de m\u00fasica valencianos\/as que ejerc\u00edan su labor docente en [&hellip;]<\/p>\n","protected":false},"author":2,"featured_media":34792,"comment_status":"closed","ping_status":"closed","sticky":false,"template":"","format":"standard","meta":{"_acf_changed":false,"footnotes":""},"categories":[2461],"tags":[2367,1733],"class_list":["post-34793","post","type-post","status-publish","format-standard","has-post-thumbnail","hentry","category-noticias","tag-serie-20","tag-serie-40"],"acf":[],"yoast_head":"<!-- This site is optimized with the Yoast SEO plugin v27.1.1 - https:\/\/yoast.com\/product\/yoast-seo-wordpress\/ -->\n<title>El proyecto Com Sona l&#039;Eso utiliza este a\u00f1o hasta 46 micr\u00f3fonos de Audio-Technica - Audio-Technica Iberia<\/title>\n<meta name=\"robots\" content=\"index, follow, max-snippet:-1, max-image-preview:large, max-video-preview:-1\" \/>\n<link rel=\"canonical\" href=\"https:\/\/distribution.audio-technica.eu\/es-es\/noticias\/com-sona-leso-utiliza-46-microfonos\/\" \/>\n<meta property=\"og:locale\" content=\"es_ES\" \/>\n<meta property=\"og:type\" content=\"article\" \/>\n<meta property=\"og:title\" content=\"El proyecto Com Sona l&#039;Eso utiliza este a\u00f1o hasta 46 micr\u00f3fonos de Audio-Technica - Audio-Technica Iberia\" \/>\n<meta property=\"og:description\" content=\"El evento Com Sona l\u2018Eso ha alcanzado este a\u00f1o su 25\u00aa edici\u00f3n. En ella, se han utilizado 46 micr\u00f3fonos de los modelos AT2031, AT4041 y AT2050 Com Sona l&#8217;Eso es un proyecto nacido en el a\u00f1o 2000 impulsado por el entusiasmo de algunos profesores y profesoras de m\u00fasica valencianos\/as que ejerc\u00edan su labor docente en [&hellip;]\" \/>\n<meta property=\"og:url\" content=\"https:\/\/distribution.audio-technica.eu\/es-es\/noticias\/com-sona-leso-utiliza-46-microfonos\/\" \/>\n<meta property=\"og:site_name\" content=\"Audio-Technica Iberia\" \/>\n<meta property=\"article:published_time\" content=\"2024-06-21T14:03:24+00:00\" \/>\n<meta property=\"article:modified_time\" content=\"2024-08-07T11:48:18+00:00\" \/>\n<meta property=\"og:image\" content=\"https:\/\/distribution.audio-technica.eu\/app\/uploads\/sites\/2\/WP-NdP-AT-Com-Sona-lESO_banner.jpg\" \/>\n\t<meta property=\"og:image:width\" content=\"1920\" \/>\n\t<meta property=\"og:image:height\" content=\"820\" \/>\n\t<meta property=\"og:image:type\" content=\"image\/jpeg\" \/>\n<meta name=\"author\" content=\"ctorras\" \/>\n<meta name=\"twitter:card\" content=\"summary_large_image\" \/>\n<meta name=\"twitter:label1\" content=\"Escrito por\" \/>\n\t<meta name=\"twitter:data1\" content=\"ctorras\" \/>\n\t<meta name=\"twitter:label2\" content=\"Tiempo de lectura\" \/>\n\t<meta name=\"twitter:data2\" content=\"4 minutos\" \/>\n<script type=\"application\/ld+json\" class=\"yoast-schema-graph\">{\"@context\":\"https:\/\/schema.org\",\"@graph\":[{\"@type\":\"Article\",\"@id\":\"https:\/\/distribution.audio-technica.eu\/es-es\/noticias\/com-sona-leso-utiliza-46-microfonos\/#article\",\"isPartOf\":{\"@id\":\"https:\/\/distribution.audio-technica.eu\/es-es\/noticias\/com-sona-leso-utiliza-46-microfonos\/\"},\"author\":{\"name\":\"ctorras\",\"@id\":\"https:\/\/distribution.audio-technica.eu\/es-es\/#\/schema\/person\/dbf0d33217ceab6329b4c3144742f2fb\"},\"headline\":\"El proyecto Com Sona l&#8217;Eso utiliza este a\u00f1o hasta 46 micr\u00f3fonos de Audio-Technica\",\"datePublished\":\"2024-06-21T14:03:24+00:00\",\"dateModified\":\"2024-08-07T11:48:18+00:00\",\"mainEntityOfPage\":{\"@id\":\"https:\/\/distribution.audio-technica.eu\/es-es\/noticias\/com-sona-leso-utiliza-46-microfonos\/\"},\"wordCount\":618,\"image\":{\"@id\":\"https:\/\/distribution.audio-technica.eu\/es-es\/noticias\/com-sona-leso-utiliza-46-microfonos\/#primaryimage\"},\"thumbnailUrl\":\"\/app\/uploads\/sites\/2\/WP-NdP-AT-Com-Sona-lESO_banner.jpg\",\"keywords\":[\"Serie 20\",\"Serie 40\"],\"articleSection\":[\"Noticias\"],\"inLanguage\":\"es\"},{\"@type\":\"WebPage\",\"@id\":\"https:\/\/distribution.audio-technica.eu\/es-es\/noticias\/com-sona-leso-utiliza-46-microfonos\/\",\"url\":\"https:\/\/distribution.audio-technica.eu\/es-es\/noticias\/com-sona-leso-utiliza-46-microfonos\/\",\"name\":\"El proyecto Com Sona l'Eso utiliza este a\u00f1o hasta 46 micr\u00f3fonos de Audio-Technica - Audio-Technica Iberia\",\"isPartOf\":{\"@id\":\"https:\/\/distribution.audio-technica.eu\/es-es\/#website\"},\"primaryImageOfPage\":{\"@id\":\"https:\/\/distribution.audio-technica.eu\/es-es\/noticias\/com-sona-leso-utiliza-46-microfonos\/#primaryimage\"},\"image\":{\"@id\":\"https:\/\/distribution.audio-technica.eu\/es-es\/noticias\/com-sona-leso-utiliza-46-microfonos\/#primaryimage\"},\"thumbnailUrl\":\"\/app\/uploads\/sites\/2\/WP-NdP-AT-Com-Sona-lESO_banner.jpg\",\"datePublished\":\"2024-06-21T14:03:24+00:00\",\"dateModified\":\"2024-08-07T11:48:18+00:00\",\"author\":{\"@id\":\"https:\/\/distribution.audio-technica.eu\/es-es\/#\/schema\/person\/dbf0d33217ceab6329b4c3144742f2fb\"},\"breadcrumb\":{\"@id\":\"https:\/\/distribution.audio-technica.eu\/es-es\/noticias\/com-sona-leso-utiliza-46-microfonos\/#breadcrumb\"},\"inLanguage\":\"es\",\"potentialAction\":[{\"@type\":\"ReadAction\",\"target\":[\"https:\/\/distribution.audio-technica.eu\/es-es\/noticias\/com-sona-leso-utiliza-46-microfonos\/\"]}]},{\"@type\":\"ImageObject\",\"inLanguage\":\"es\",\"@id\":\"https:\/\/distribution.audio-technica.eu\/es-es\/noticias\/com-sona-leso-utiliza-46-microfonos\/#primaryimage\",\"url\":\"\/app\/uploads\/sites\/2\/WP-NdP-AT-Com-Sona-lESO_banner.jpg\",\"contentUrl\":\"\/app\/uploads\/sites\/2\/WP-NdP-AT-Com-Sona-lESO_banner.jpg\",\"width\":1920,\"height\":820},{\"@type\":\"BreadcrumbList\",\"@id\":\"https:\/\/distribution.audio-technica.eu\/es-es\/noticias\/com-sona-leso-utiliza-46-microfonos\/#breadcrumb\",\"itemListElement\":[{\"@type\":\"ListItem\",\"position\":1,\"name\":\"Products\",\"item\":\"https:\/\/distribution.audio-technica.eu\/es-es\/\"},{\"@type\":\"ListItem\",\"position\":2,\"name\":\"El proyecto Com Sona l&#8217;Eso utiliza este a\u00f1o hasta 46 micr\u00f3fonos de Audio-Technica\"}]},{\"@type\":\"WebSite\",\"@id\":\"https:\/\/distribution.audio-technica.eu\/es-es\/#website\",\"url\":\"https:\/\/distribution.audio-technica.eu\/es-es\/\",\"name\":\"Audio-Technica Iberia\",\"description\":\"Distribuci\u00f3n\",\"potentialAction\":[{\"@type\":\"SearchAction\",\"target\":{\"@type\":\"EntryPoint\",\"urlTemplate\":\"https:\/\/distribution.audio-technica.eu\/es-es\/?s={search_term_string}\"},\"query-input\":{\"@type\":\"PropertyValueSpecification\",\"valueRequired\":true,\"valueName\":\"search_term_string\"}}],\"inLanguage\":\"es\"},{\"@type\":\"Person\",\"@id\":\"https:\/\/distribution.audio-technica.eu\/es-es\/#\/schema\/person\/dbf0d33217ceab6329b4c3144742f2fb\",\"name\":\"ctorras\"}]}<\/script>\n<!-- \/ Yoast SEO plugin. -->","yoast_head_json":{"title":"El proyecto Com Sona l'Eso utiliza este a\u00f1o hasta 46 micr\u00f3fonos de Audio-Technica - Audio-Technica Iberia","robots":{"index":"index","follow":"follow","max-snippet":"max-snippet:-1","max-image-preview":"max-image-preview:large","max-video-preview":"max-video-preview:-1"},"canonical":"https:\/\/distribution.audio-technica.eu\/es-es\/noticias\/com-sona-leso-utiliza-46-microfonos\/","og_locale":"es_ES","og_type":"article","og_title":"El proyecto Com Sona l'Eso utiliza este a\u00f1o hasta 46 micr\u00f3fonos de Audio-Technica - Audio-Technica Iberia","og_description":"El evento Com Sona l\u2018Eso ha alcanzado este a\u00f1o su 25\u00aa edici\u00f3n. En ella, se han utilizado 46 micr\u00f3fonos de los modelos AT2031, AT4041 y AT2050 Com Sona l&#8217;Eso es un proyecto nacido en el a\u00f1o 2000 impulsado por el entusiasmo de algunos profesores y profesoras de m\u00fasica valencianos\/as que ejerc\u00edan su labor docente en [&hellip;]","og_url":"https:\/\/distribution.audio-technica.eu\/es-es\/noticias\/com-sona-leso-utiliza-46-microfonos\/","og_site_name":"Audio-Technica Iberia","article_published_time":"2024-06-21T14:03:24+00:00","article_modified_time":"2024-08-07T11:48:18+00:00","og_image":[{"width":1920,"height":820,"url":"https:\/\/distribution.audio-technica.eu\/app\/uploads\/sites\/2\/WP-NdP-AT-Com-Sona-lESO_banner.jpg","type":"image\/jpeg"}],"author":"ctorras","twitter_card":"summary_large_image","twitter_misc":{"Escrito por":"ctorras","Tiempo de lectura":"4 minutos"},"schema":{"@context":"https:\/\/schema.org","@graph":[{"@type":"Article","@id":"https:\/\/distribution.audio-technica.eu\/es-es\/noticias\/com-sona-leso-utiliza-46-microfonos\/#article","isPartOf":{"@id":"https:\/\/distribution.audio-technica.eu\/es-es\/noticias\/com-sona-leso-utiliza-46-microfonos\/"},"author":{"name":"ctorras","@id":"https:\/\/distribution.audio-technica.eu\/es-es\/#\/schema\/person\/dbf0d33217ceab6329b4c3144742f2fb"},"headline":"El proyecto Com Sona l&#8217;Eso utiliza este a\u00f1o hasta 46 micr\u00f3fonos de Audio-Technica","datePublished":"2024-06-21T14:03:24+00:00","dateModified":"2024-08-07T11:48:18+00:00","mainEntityOfPage":{"@id":"https:\/\/distribution.audio-technica.eu\/es-es\/noticias\/com-sona-leso-utiliza-46-microfonos\/"},"wordCount":618,"image":{"@id":"https:\/\/distribution.audio-technica.eu\/es-es\/noticias\/com-sona-leso-utiliza-46-microfonos\/#primaryimage"},"thumbnailUrl":"\/app\/uploads\/sites\/2\/WP-NdP-AT-Com-Sona-lESO_banner.jpg","keywords":["Serie 20","Serie 40"],"articleSection":["Noticias"],"inLanguage":"es"},{"@type":"WebPage","@id":"https:\/\/distribution.audio-technica.eu\/es-es\/noticias\/com-sona-leso-utiliza-46-microfonos\/","url":"https:\/\/distribution.audio-technica.eu\/es-es\/noticias\/com-sona-leso-utiliza-46-microfonos\/","name":"El proyecto Com Sona l'Eso utiliza este a\u00f1o hasta 46 micr\u00f3fonos de Audio-Technica - Audio-Technica Iberia","isPartOf":{"@id":"https:\/\/distribution.audio-technica.eu\/es-es\/#website"},"primaryImageOfPage":{"@id":"https:\/\/distribution.audio-technica.eu\/es-es\/noticias\/com-sona-leso-utiliza-46-microfonos\/#primaryimage"},"image":{"@id":"https:\/\/distribution.audio-technica.eu\/es-es\/noticias\/com-sona-leso-utiliza-46-microfonos\/#primaryimage"},"thumbnailUrl":"\/app\/uploads\/sites\/2\/WP-NdP-AT-Com-Sona-lESO_banner.jpg","datePublished":"2024-06-21T14:03:24+00:00","dateModified":"2024-08-07T11:48:18+00:00","author":{"@id":"https:\/\/distribution.audio-technica.eu\/es-es\/#\/schema\/person\/dbf0d33217ceab6329b4c3144742f2fb"},"breadcrumb":{"@id":"https:\/\/distribution.audio-technica.eu\/es-es\/noticias\/com-sona-leso-utiliza-46-microfonos\/#breadcrumb"},"inLanguage":"es","potentialAction":[{"@type":"ReadAction","target":["https:\/\/distribution.audio-technica.eu\/es-es\/noticias\/com-sona-leso-utiliza-46-microfonos\/"]}]},{"@type":"ImageObject","inLanguage":"es","@id":"https:\/\/distribution.audio-technica.eu\/es-es\/noticias\/com-sona-leso-utiliza-46-microfonos\/#primaryimage","url":"\/app\/uploads\/sites\/2\/WP-NdP-AT-Com-Sona-lESO_banner.jpg","contentUrl":"\/app\/uploads\/sites\/2\/WP-NdP-AT-Com-Sona-lESO_banner.jpg","width":1920,"height":820},{"@type":"BreadcrumbList","@id":"https:\/\/distribution.audio-technica.eu\/es-es\/noticias\/com-sona-leso-utiliza-46-microfonos\/#breadcrumb","itemListElement":[{"@type":"ListItem","position":1,"name":"Products","item":"https:\/\/distribution.audio-technica.eu\/es-es\/"},{"@type":"ListItem","position":2,"name":"El proyecto Com Sona l&#8217;Eso utiliza este a\u00f1o hasta 46 micr\u00f3fonos de Audio-Technica"}]},{"@type":"WebSite","@id":"https:\/\/distribution.audio-technica.eu\/es-es\/#website","url":"https:\/\/distribution.audio-technica.eu\/es-es\/","name":"Audio-Technica Iberia","description":"Distribuci\u00f3n","potentialAction":[{"@type":"SearchAction","target":{"@type":"EntryPoint","urlTemplate":"https:\/\/distribution.audio-technica.eu\/es-es\/?s={search_term_string}"},"query-input":{"@type":"PropertyValueSpecification","valueRequired":true,"valueName":"search_term_string"}}],"inLanguage":"es"},{"@type":"Person","@id":"https:\/\/distribution.audio-technica.eu\/es-es\/#\/schema\/person\/dbf0d33217ceab6329b4c3144742f2fb","name":"ctorras"}]}},"_links":{"self":[{"href":"https:\/\/distribution.audio-technica.eu\/es-es\/wp-json\/wp\/v2\/posts\/34793","targetHints":{"allow":["GET"]}}],"collection":[{"href":"https:\/\/distribution.audio-technica.eu\/es-es\/wp-json\/wp\/v2\/posts"}],"about":[{"href":"https:\/\/distribution.audio-technica.eu\/es-es\/wp-json\/wp\/v2\/types\/post"}],"author":[{"embeddable":true,"href":"https:\/\/distribution.audio-technica.eu\/es-es\/wp-json\/wp\/v2\/users\/2"}],"replies":[{"embeddable":true,"href":"https:\/\/distribution.audio-technica.eu\/es-es\/wp-json\/wp\/v2\/comments?post=34793"}],"version-history":[{"count":4,"href":"https:\/\/distribution.audio-technica.eu\/es-es\/wp-json\/wp\/v2\/posts\/34793\/revisions"}],"predecessor-version":[{"id":38583,"href":"https:\/\/distribution.audio-technica.eu\/es-es\/wp-json\/wp\/v2\/posts\/34793\/revisions\/38583"}],"wp:featuredmedia":[{"embeddable":true,"href":"https:\/\/distribution.audio-technica.eu\/es-es\/wp-json\/wp\/v2\/media\/34792"}],"wp:attachment":[{"href":"https:\/\/distribution.audio-technica.eu\/es-es\/wp-json\/wp\/v2\/media?parent=34793"}],"wp:term":[{"taxonomy":"category","embeddable":true,"href":"https:\/\/distribution.audio-technica.eu\/es-es\/wp-json\/wp\/v2\/categories?post=34793"},{"taxonomy":"post_tag","embeddable":true,"href":"https:\/\/distribution.audio-technica.eu\/es-es\/wp-json\/wp\/v2\/tags?post=34793"}],"curies":[{"name":"wp","href":"https:\/\/api.w.org\/{rel}","templated":true}]}}