{"id":38576,"date":"2024-04-10T13:30:51","date_gmt":"2024-04-10T11:30:51","guid":{"rendered":"https:\/\/distribution.audio-technica.eu\/es-es\/?p=38576"},"modified":"2024-08-07T13:51:45","modified_gmt":"2024-08-07T11:51:45","slug":"grabacion-en-directo-de-the-white-buffalo-con-el-sistema-audient-evo-expanded","status":"publish","type":"post","link":"https:\/\/distribution.audio-technica.eu\/es-es\/noticias\/grabacion-en-directo-de-the-white-buffalo-con-el-sistema-audient-evo-expanded\/","title":{"rendered":"Grabaci\u00f3n en directo de The White Buffalo con el sistema Audient EVO Expanded"},"content":{"rendered":"<p>Cuando el mes pasado Mike Butler, ingeniero de mezclas, guitarrista y productor profesional (Fleetwood Mac, The Rolling Stones, etc.), tuvo la oportunidad de grabar en directo a un grupo, no dud\u00f3 en probar su <a href=\"https:\/\/evo.audio\/landing-pages\/evo-sp8\/expanded-system\/\">sistema EVO Expanded<\/a>. El cantante, compositor y m\u00fasico <a href=\"https:\/\/thewhitebuffalo.com\/\">The White Buffalo<\/a> hab\u00eda pedido a Mike que grabara una actuaci\u00f3n de dos noches en el mundialmente famoso Belly Up de Solana Beach y grabara un \u00e1lbum doble en directo. Mike, un gran admirador, estaba \u00ababsolutamente encantado\u00bb de trabajar en este disco.<\/p>\n<figure id=\"attachment_38578\" aria-describedby=\"caption-attachment-38578\" style=\"width: 819px\" class=\"wp-caption aligncenter\"><a href=\"https:\/\/distribution.audio-technica.eu\/app\/uploads\/sites\/2\/WP-1S5A6555-2.jpg\"><img loading=\"lazy\" decoding=\"async\" class=\"wp-image-38578 size-large\" src=\"\/app\/uploads\/sites\/2\/WP-1S5A6555-2-819x1024.jpg\" alt=\"\" width=\"819\" height=\"1024\" srcset=\"https:\/\/distribution.audio-technica.eu\/app\/uploads\/sites\/2\/WP-1S5A6555-2-819x1024.jpg 819w, https:\/\/distribution.audio-technica.eu\/app\/uploads\/sites\/2\/WP-1S5A6555-2-240x300.jpg 240w, https:\/\/distribution.audio-technica.eu\/app\/uploads\/sites\/2\/WP-1S5A6555-2-768x960.jpg 768w, https:\/\/distribution.audio-technica.eu\/app\/uploads\/sites\/2\/WP-1S5A6555-2-1229x1536.jpg 1229w, https:\/\/distribution.audio-technica.eu\/app\/uploads\/sites\/2\/WP-1S5A6555-2-600x750.jpg 600w, https:\/\/distribution.audio-technica.eu\/app\/uploads\/sites\/2\/WP-1S5A6555-2.jpg 1500w\" sizes=\"auto, (max-width: 819px) 100vw, 819px\" \/><\/a><figcaption id=\"caption-attachment-38578\" class=\"wp-caption-text\">Photo by Patrick McLory<\/figcaption><\/figure>\n<p>Utiliz\u00f3 su interfaz EVO 16 y <em>dos <\/em>preamplificadores de micro SP8 de 8 canales junto con su MacBook Pro 2020 de 13&#8243; (M1) con ProTools, que decidi\u00f3 que ser\u00eda \u00ablo suficientemente robusto y potente como para gestionar la grabaci\u00f3n de los programas\u00bb.<\/p>\n<p>Mike descubri\u00f3 <a href=\"https:\/\/evo.audio\/landing-pages\/evo-sp8\/expanded-system\/\">EVO Expanded System<\/a> el a\u00f1o pasado, cuando estaba <a href=\"https:\/\/audient.com\/news\/2023\/10\/30\/mike-butler\/\">mejorando su configuraci\u00f3n de grabaci\u00f3n dom\u00e9stica<\/a>. <a href=\"https:\/\/evo.audio\/products\/audio-interfaces\/evo-16\/overview\/\">EVO 16<\/a> es una interfaz de grabaci\u00f3n completa con ocho preamplificadores de micro internos, una secci\u00f3n de monitorizaci\u00f3n con dos salidas de auriculares independientes y ampliable mediante ADAT a 24 canales.<\/p>\n<p>Ya ten\u00eda un EVO <a href=\"https:\/\/evo.audio\/products\/mic-preamps\/evo-sp8\/overview\/\">SP8<\/a>, como \u00e9l mismo explica: \u00abHab\u00eda utilizado una versi\u00f3n de 16 canales de esta configuraci\u00f3n para grabar un proyecto de \u00e1lbum completo en mi casa el a\u00f1o pasado con grandes resultados, as\u00ed que ampliar el sistema a 24 canales para esto parec\u00eda una obviedad.\u00bb<\/p>\n<p><a href=\"https:\/\/distribution.audio-technica.eu\/app\/uploads\/sites\/2\/WP-IMG_6141.jpg\"><img loading=\"lazy\" decoding=\"async\" class=\"aligncenter size-large wp-image-38580\" src=\"\/app\/uploads\/sites\/2\/WP-IMG_6141-768x1024.jpg\" alt=\"\" width=\"768\" height=\"1024\" srcset=\"https:\/\/distribution.audio-technica.eu\/app\/uploads\/sites\/2\/WP-IMG_6141-768x1024.jpg 768w, https:\/\/distribution.audio-technica.eu\/app\/uploads\/sites\/2\/WP-IMG_6141-225x300.jpg 225w, https:\/\/distribution.audio-technica.eu\/app\/uploads\/sites\/2\/WP-IMG_6141-1152x1536.jpg 1152w, https:\/\/distribution.audio-technica.eu\/app\/uploads\/sites\/2\/WP-IMG_6141-600x800.jpg 600w, https:\/\/distribution.audio-technica.eu\/app\/uploads\/sites\/2\/WP-IMG_6141.jpg 1500w\" sizes=\"auto, (max-width: 768px) 100vw, 768px\" \/><\/a><\/p>\n<p>Cuando lleg\u00f3 la hora del concierto, Mike se asegur\u00f3 de que todo estaba correctamente configurado. \u00abLa banda hizo una prueba de sonido completa, repasando varias canciones y yo ajust\u00e9 todos los niveles de mis micr\u00f3fonos desde los EVO. La posibilidad de guardar todos estos ajustes con el software EVO me permit\u00eda saber que todo ser\u00eda consistente la noche siguiente. Todo lo que ten\u00eda que hacer era abrir el proyecto y todos mis niveles eran exactamente los mismos.<\/p>\n<p>\u00abNo sabes el lujo que fue poder entrar en el local la noche siguiente y que todo estuviera exactamente como lo hab\u00edamos dejado\u00bb, afirma.<\/p>\n<p>\u00bfC\u00f3mo ha ido? \u00abAl final, el sistema EVO Expanded ha funcionado exactamente como esperaba. Es un sistema intuitivo, f\u00e1cil de usar, fiable y con un gran sonido, que funciona tanto en el estudio como en exteriores, y el hecho de que sea tan asequible me deja boquiabierto. No se me ocurre ning\u00fan otro sistema de este precio que se acerque siquiera a su calidad\u00bb.<\/p>\n<figure id=\"attachment_38577\" aria-describedby=\"caption-attachment-38577\" style=\"width: 1024px\" class=\"wp-caption aligncenter\"><a href=\"https:\/\/distribution.audio-technica.eu\/app\/uploads\/sites\/2\/WP-1S5A5603-Enhanced-NR.jpg\"><img loading=\"lazy\" decoding=\"async\" class=\"wp-image-38577 size-large\" src=\"\/app\/uploads\/sites\/2\/WP-1S5A5603-Enhanced-NR-1024x683.jpg\" alt=\"\" width=\"1024\" height=\"683\" srcset=\"https:\/\/distribution.audio-technica.eu\/app\/uploads\/sites\/2\/WP-1S5A5603-Enhanced-NR-1024x683.jpg 1024w, https:\/\/distribution.audio-technica.eu\/app\/uploads\/sites\/2\/WP-1S5A5603-Enhanced-NR-300x200.jpg 300w, https:\/\/distribution.audio-technica.eu\/app\/uploads\/sites\/2\/WP-1S5A5603-Enhanced-NR-768x512.jpg 768w, https:\/\/distribution.audio-technica.eu\/app\/uploads\/sites\/2\/WP-1S5A5603-Enhanced-NR-600x400.jpg 600w, https:\/\/distribution.audio-technica.eu\/app\/uploads\/sites\/2\/WP-1S5A5603-Enhanced-NR.jpg 1500w\" sizes=\"auto, (max-width: 1024px) 100vw, 1024px\" \/><\/a><figcaption id=\"caption-attachment-38577\" class=\"wp-caption-text\">Photo by Patrick McLory<\/figcaption><\/figure>\n<p>Mike sigue trabajando para convertir casi cinco horas y 50 actuaciones en un \u00e1lbum de 20 canciones en directo. Est\u00e1 claro que lo est\u00e1 disfrutando. \u00abEstoy deseando llegar a la fase de mezcla en las pr\u00f3ximas semanas porque s\u00e9 que no tendr\u00e9 problemas con la calidad de sonido de las pistas\u00bb.<\/p>\n<p>De cara al futuro, comenta: \u00abYa hay planes en marcha para realizar m\u00e1s grabaciones en exteriores con otros artistas y el Audient EVO Expanded System estar\u00e1 conmigo en cada paso del camino.\u00bb<\/p>\n<p>&nbsp;<\/p>\n<p>M\u00e1s informaci\u00f3n sobre\u00a0<a href=\"https:\/\/evo.audio\/\">EVO de Audient<\/a><\/p>\n","protected":false},"excerpt":{"rendered":"<p>Cuando el mes pasado Mike Butler, ingeniero de mezclas, guitarrista y productor profesional (Fleetwood Mac, The Rolling Stones, etc.), tuvo la oportunidad de grabar en directo a un grupo, no dud\u00f3 en probar su sistema EVO Expanded. El cantante, compositor y m\u00fasico The White Buffalo hab\u00eda pedido a Mike que grabara una actuaci\u00f3n de dos [&hellip;]<\/p>\n","protected":false},"author":2,"featured_media":38579,"comment_status":"closed","ping_status":"closed","sticky":false,"template":"","format":"standard","meta":{"_acf_changed":false,"footnotes":""},"categories":[2461],"tags":[2170],"class_list":["post-38576","post","type-post","status-publish","format-standard","has-post-thumbnail","hentry","category-noticias","tag-evo"],"acf":[],"yoast_head":"<!-- This site is optimized with the Yoast SEO plugin v27.1.1 - https:\/\/yoast.com\/product\/yoast-seo-wordpress\/ -->\n<title>Grabaci\u00f3n en directo de The White Buffalo con el sistema Audient EVO Expanded - Audio-Technica Iberia<\/title>\n<meta name=\"robots\" content=\"index, follow, max-snippet:-1, max-image-preview:large, max-video-preview:-1\" \/>\n<link rel=\"canonical\" href=\"https:\/\/distribution.audio-technica.eu\/es-es\/noticias\/grabacion-en-directo-de-the-white-buffalo-con-el-sistema-audient-evo-expanded\/\" \/>\n<meta property=\"og:locale\" content=\"es_ES\" \/>\n<meta property=\"og:type\" content=\"article\" \/>\n<meta property=\"og:title\" content=\"Grabaci\u00f3n en directo de The White Buffalo con el sistema Audient EVO Expanded - Audio-Technica Iberia\" \/>\n<meta property=\"og:description\" content=\"Cuando el mes pasado Mike Butler, ingeniero de mezclas, guitarrista y productor profesional (Fleetwood Mac, The Rolling Stones, etc.), tuvo la oportunidad de grabar en directo a un grupo, no dud\u00f3 en probar su sistema EVO Expanded. El cantante, compositor y m\u00fasico The White Buffalo hab\u00eda pedido a Mike que grabara una actuaci\u00f3n de dos [&hellip;]\" \/>\n<meta property=\"og:url\" content=\"https:\/\/distribution.audio-technica.eu\/es-es\/noticias\/grabacion-en-directo-de-the-white-buffalo-con-el-sistema-audient-evo-expanded\/\" \/>\n<meta property=\"og:site_name\" content=\"Audio-Technica Iberia\" \/>\n<meta property=\"article:published_time\" content=\"2024-04-10T11:30:51+00:00\" \/>\n<meta property=\"article:modified_time\" content=\"2024-08-07T11:51:45+00:00\" \/>\n<meta property=\"og:image\" content=\"https:\/\/distribution.audio-technica.eu\/app\/uploads\/sites\/2\/WP-1S5A6791.jpg\" \/>\n\t<meta property=\"og:image:width\" content=\"1920\" \/>\n\t<meta property=\"og:image:height\" content=\"752\" \/>\n\t<meta property=\"og:image:type\" content=\"image\/jpeg\" \/>\n<meta name=\"author\" content=\"ctorras\" \/>\n<meta name=\"twitter:card\" content=\"summary_large_image\" \/>\n<meta name=\"twitter:label1\" content=\"Escrito por\" \/>\n\t<meta name=\"twitter:data1\" content=\"ctorras\" \/>\n\t<meta name=\"twitter:label2\" content=\"Tiempo de lectura\" \/>\n\t<meta name=\"twitter:data2\" content=\"4 minutos\" \/>\n<script type=\"application\/ld+json\" class=\"yoast-schema-graph\">{\"@context\":\"https:\/\/schema.org\",\"@graph\":[{\"@type\":\"Article\",\"@id\":\"https:\/\/distribution.audio-technica.eu\/es-es\/noticias\/grabacion-en-directo-de-the-white-buffalo-con-el-sistema-audient-evo-expanded\/#article\",\"isPartOf\":{\"@id\":\"https:\/\/distribution.audio-technica.eu\/es-es\/noticias\/grabacion-en-directo-de-the-white-buffalo-con-el-sistema-audient-evo-expanded\/\"},\"author\":{\"name\":\"ctorras\",\"@id\":\"https:\/\/distribution.audio-technica.eu\/es-es\/#\/schema\/person\/dbf0d33217ceab6329b4c3144742f2fb\"},\"headline\":\"Grabaci\u00f3n en directo de The White Buffalo con el sistema Audient EVO Expanded\",\"datePublished\":\"2024-04-10T11:30:51+00:00\",\"dateModified\":\"2024-08-07T11:51:45+00:00\",\"mainEntityOfPage\":{\"@id\":\"https:\/\/distribution.audio-technica.eu\/es-es\/noticias\/grabacion-en-directo-de-the-white-buffalo-con-el-sistema-audient-evo-expanded\/\"},\"wordCount\":532,\"image\":{\"@id\":\"https:\/\/distribution.audio-technica.eu\/es-es\/noticias\/grabacion-en-directo-de-the-white-buffalo-con-el-sistema-audient-evo-expanded\/#primaryimage\"},\"thumbnailUrl\":\"\/app\/uploads\/sites\/2\/WP-1S5A6791.jpg\",\"keywords\":[\"EVO\"],\"articleSection\":[\"Noticias\"],\"inLanguage\":\"es\"},{\"@type\":\"WebPage\",\"@id\":\"https:\/\/distribution.audio-technica.eu\/es-es\/noticias\/grabacion-en-directo-de-the-white-buffalo-con-el-sistema-audient-evo-expanded\/\",\"url\":\"https:\/\/distribution.audio-technica.eu\/es-es\/noticias\/grabacion-en-directo-de-the-white-buffalo-con-el-sistema-audient-evo-expanded\/\",\"name\":\"Grabaci\u00f3n en directo de The White Buffalo con el sistema Audient EVO Expanded - Audio-Technica Iberia\",\"isPartOf\":{\"@id\":\"https:\/\/distribution.audio-technica.eu\/es-es\/#website\"},\"primaryImageOfPage\":{\"@id\":\"https:\/\/distribution.audio-technica.eu\/es-es\/noticias\/grabacion-en-directo-de-the-white-buffalo-con-el-sistema-audient-evo-expanded\/#primaryimage\"},\"image\":{\"@id\":\"https:\/\/distribution.audio-technica.eu\/es-es\/noticias\/grabacion-en-directo-de-the-white-buffalo-con-el-sistema-audient-evo-expanded\/#primaryimage\"},\"thumbnailUrl\":\"\/app\/uploads\/sites\/2\/WP-1S5A6791.jpg\",\"datePublished\":\"2024-04-10T11:30:51+00:00\",\"dateModified\":\"2024-08-07T11:51:45+00:00\",\"author\":{\"@id\":\"https:\/\/distribution.audio-technica.eu\/es-es\/#\/schema\/person\/dbf0d33217ceab6329b4c3144742f2fb\"},\"breadcrumb\":{\"@id\":\"https:\/\/distribution.audio-technica.eu\/es-es\/noticias\/grabacion-en-directo-de-the-white-buffalo-con-el-sistema-audient-evo-expanded\/#breadcrumb\"},\"inLanguage\":\"es\",\"potentialAction\":[{\"@type\":\"ReadAction\",\"target\":[\"https:\/\/distribution.audio-technica.eu\/es-es\/noticias\/grabacion-en-directo-de-the-white-buffalo-con-el-sistema-audient-evo-expanded\/\"]}]},{\"@type\":\"ImageObject\",\"inLanguage\":\"es\",\"@id\":\"https:\/\/distribution.audio-technica.eu\/es-es\/noticias\/grabacion-en-directo-de-the-white-buffalo-con-el-sistema-audient-evo-expanded\/#primaryimage\",\"url\":\"\/app\/uploads\/sites\/2\/WP-1S5A6791.jpg\",\"contentUrl\":\"\/app\/uploads\/sites\/2\/WP-1S5A6791.jpg\",\"width\":1920,\"height\":752},{\"@type\":\"BreadcrumbList\",\"@id\":\"https:\/\/distribution.audio-technica.eu\/es-es\/noticias\/grabacion-en-directo-de-the-white-buffalo-con-el-sistema-audient-evo-expanded\/#breadcrumb\",\"itemListElement\":[{\"@type\":\"ListItem\",\"position\":1,\"name\":\"Products\",\"item\":\"https:\/\/distribution.audio-technica.eu\/es-es\/\"},{\"@type\":\"ListItem\",\"position\":2,\"name\":\"Grabaci\u00f3n en directo de The White Buffalo con el sistema Audient EVO Expanded\"}]},{\"@type\":\"WebSite\",\"@id\":\"https:\/\/distribution.audio-technica.eu\/es-es\/#website\",\"url\":\"https:\/\/distribution.audio-technica.eu\/es-es\/\",\"name\":\"Audio-Technica Iberia\",\"description\":\"Distribuci\u00f3n\",\"potentialAction\":[{\"@type\":\"SearchAction\",\"target\":{\"@type\":\"EntryPoint\",\"urlTemplate\":\"https:\/\/distribution.audio-technica.eu\/es-es\/?s={search_term_string}\"},\"query-input\":{\"@type\":\"PropertyValueSpecification\",\"valueRequired\":true,\"valueName\":\"search_term_string\"}}],\"inLanguage\":\"es\"},{\"@type\":\"Person\",\"@id\":\"https:\/\/distribution.audio-technica.eu\/es-es\/#\/schema\/person\/dbf0d33217ceab6329b4c3144742f2fb\",\"name\":\"ctorras\"}]}<\/script>\n<!-- \/ Yoast SEO plugin. -->","yoast_head_json":{"title":"Grabaci\u00f3n en directo de The White Buffalo con el sistema Audient EVO Expanded - Audio-Technica Iberia","robots":{"index":"index","follow":"follow","max-snippet":"max-snippet:-1","max-image-preview":"max-image-preview:large","max-video-preview":"max-video-preview:-1"},"canonical":"https:\/\/distribution.audio-technica.eu\/es-es\/noticias\/grabacion-en-directo-de-the-white-buffalo-con-el-sistema-audient-evo-expanded\/","og_locale":"es_ES","og_type":"article","og_title":"Grabaci\u00f3n en directo de The White Buffalo con el sistema Audient EVO Expanded - Audio-Technica Iberia","og_description":"Cuando el mes pasado Mike Butler, ingeniero de mezclas, guitarrista y productor profesional (Fleetwood Mac, The Rolling Stones, etc.), tuvo la oportunidad de grabar en directo a un grupo, no dud\u00f3 en probar su sistema EVO Expanded. El cantante, compositor y m\u00fasico The White Buffalo hab\u00eda pedido a Mike que grabara una actuaci\u00f3n de dos [&hellip;]","og_url":"https:\/\/distribution.audio-technica.eu\/es-es\/noticias\/grabacion-en-directo-de-the-white-buffalo-con-el-sistema-audient-evo-expanded\/","og_site_name":"Audio-Technica Iberia","article_published_time":"2024-04-10T11:30:51+00:00","article_modified_time":"2024-08-07T11:51:45+00:00","og_image":[{"width":1920,"height":752,"url":"https:\/\/distribution.audio-technica.eu\/app\/uploads\/sites\/2\/WP-1S5A6791.jpg","type":"image\/jpeg"}],"author":"ctorras","twitter_card":"summary_large_image","twitter_misc":{"Escrito por":"ctorras","Tiempo de lectura":"4 minutos"},"schema":{"@context":"https:\/\/schema.org","@graph":[{"@type":"Article","@id":"https:\/\/distribution.audio-technica.eu\/es-es\/noticias\/grabacion-en-directo-de-the-white-buffalo-con-el-sistema-audient-evo-expanded\/#article","isPartOf":{"@id":"https:\/\/distribution.audio-technica.eu\/es-es\/noticias\/grabacion-en-directo-de-the-white-buffalo-con-el-sistema-audient-evo-expanded\/"},"author":{"name":"ctorras","@id":"https:\/\/distribution.audio-technica.eu\/es-es\/#\/schema\/person\/dbf0d33217ceab6329b4c3144742f2fb"},"headline":"Grabaci\u00f3n en directo de The White Buffalo con el sistema Audient EVO Expanded","datePublished":"2024-04-10T11:30:51+00:00","dateModified":"2024-08-07T11:51:45+00:00","mainEntityOfPage":{"@id":"https:\/\/distribution.audio-technica.eu\/es-es\/noticias\/grabacion-en-directo-de-the-white-buffalo-con-el-sistema-audient-evo-expanded\/"},"wordCount":532,"image":{"@id":"https:\/\/distribution.audio-technica.eu\/es-es\/noticias\/grabacion-en-directo-de-the-white-buffalo-con-el-sistema-audient-evo-expanded\/#primaryimage"},"thumbnailUrl":"\/app\/uploads\/sites\/2\/WP-1S5A6791.jpg","keywords":["EVO"],"articleSection":["Noticias"],"inLanguage":"es"},{"@type":"WebPage","@id":"https:\/\/distribution.audio-technica.eu\/es-es\/noticias\/grabacion-en-directo-de-the-white-buffalo-con-el-sistema-audient-evo-expanded\/","url":"https:\/\/distribution.audio-technica.eu\/es-es\/noticias\/grabacion-en-directo-de-the-white-buffalo-con-el-sistema-audient-evo-expanded\/","name":"Grabaci\u00f3n en directo de The White Buffalo con el sistema Audient EVO Expanded - Audio-Technica Iberia","isPartOf":{"@id":"https:\/\/distribution.audio-technica.eu\/es-es\/#website"},"primaryImageOfPage":{"@id":"https:\/\/distribution.audio-technica.eu\/es-es\/noticias\/grabacion-en-directo-de-the-white-buffalo-con-el-sistema-audient-evo-expanded\/#primaryimage"},"image":{"@id":"https:\/\/distribution.audio-technica.eu\/es-es\/noticias\/grabacion-en-directo-de-the-white-buffalo-con-el-sistema-audient-evo-expanded\/#primaryimage"},"thumbnailUrl":"\/app\/uploads\/sites\/2\/WP-1S5A6791.jpg","datePublished":"2024-04-10T11:30:51+00:00","dateModified":"2024-08-07T11:51:45+00:00","author":{"@id":"https:\/\/distribution.audio-technica.eu\/es-es\/#\/schema\/person\/dbf0d33217ceab6329b4c3144742f2fb"},"breadcrumb":{"@id":"https:\/\/distribution.audio-technica.eu\/es-es\/noticias\/grabacion-en-directo-de-the-white-buffalo-con-el-sistema-audient-evo-expanded\/#breadcrumb"},"inLanguage":"es","potentialAction":[{"@type":"ReadAction","target":["https:\/\/distribution.audio-technica.eu\/es-es\/noticias\/grabacion-en-directo-de-the-white-buffalo-con-el-sistema-audient-evo-expanded\/"]}]},{"@type":"ImageObject","inLanguage":"es","@id":"https:\/\/distribution.audio-technica.eu\/es-es\/noticias\/grabacion-en-directo-de-the-white-buffalo-con-el-sistema-audient-evo-expanded\/#primaryimage","url":"\/app\/uploads\/sites\/2\/WP-1S5A6791.jpg","contentUrl":"\/app\/uploads\/sites\/2\/WP-1S5A6791.jpg","width":1920,"height":752},{"@type":"BreadcrumbList","@id":"https:\/\/distribution.audio-technica.eu\/es-es\/noticias\/grabacion-en-directo-de-the-white-buffalo-con-el-sistema-audient-evo-expanded\/#breadcrumb","itemListElement":[{"@type":"ListItem","position":1,"name":"Products","item":"https:\/\/distribution.audio-technica.eu\/es-es\/"},{"@type":"ListItem","position":2,"name":"Grabaci\u00f3n en directo de The White Buffalo con el sistema Audient EVO Expanded"}]},{"@type":"WebSite","@id":"https:\/\/distribution.audio-technica.eu\/es-es\/#website","url":"https:\/\/distribution.audio-technica.eu\/es-es\/","name":"Audio-Technica Iberia","description":"Distribuci\u00f3n","potentialAction":[{"@type":"SearchAction","target":{"@type":"EntryPoint","urlTemplate":"https:\/\/distribution.audio-technica.eu\/es-es\/?s={search_term_string}"},"query-input":{"@type":"PropertyValueSpecification","valueRequired":true,"valueName":"search_term_string"}}],"inLanguage":"es"},{"@type":"Person","@id":"https:\/\/distribution.audio-technica.eu\/es-es\/#\/schema\/person\/dbf0d33217ceab6329b4c3144742f2fb","name":"ctorras"}]}},"_links":{"self":[{"href":"https:\/\/distribution.audio-technica.eu\/es-es\/wp-json\/wp\/v2\/posts\/38576","targetHints":{"allow":["GET"]}}],"collection":[{"href":"https:\/\/distribution.audio-technica.eu\/es-es\/wp-json\/wp\/v2\/posts"}],"about":[{"href":"https:\/\/distribution.audio-technica.eu\/es-es\/wp-json\/wp\/v2\/types\/post"}],"author":[{"embeddable":true,"href":"https:\/\/distribution.audio-technica.eu\/es-es\/wp-json\/wp\/v2\/users\/2"}],"replies":[{"embeddable":true,"href":"https:\/\/distribution.audio-technica.eu\/es-es\/wp-json\/wp\/v2\/comments?post=38576"}],"version-history":[{"count":2,"href":"https:\/\/distribution.audio-technica.eu\/es-es\/wp-json\/wp\/v2\/posts\/38576\/revisions"}],"predecessor-version":[{"id":38582,"href":"https:\/\/distribution.audio-technica.eu\/es-es\/wp-json\/wp\/v2\/posts\/38576\/revisions\/38582"}],"wp:featuredmedia":[{"embeddable":true,"href":"https:\/\/distribution.audio-technica.eu\/es-es\/wp-json\/wp\/v2\/media\/38579"}],"wp:attachment":[{"href":"https:\/\/distribution.audio-technica.eu\/es-es\/wp-json\/wp\/v2\/media?parent=38576"}],"wp:term":[{"taxonomy":"category","embeddable":true,"href":"https:\/\/distribution.audio-technica.eu\/es-es\/wp-json\/wp\/v2\/categories?post=38576"},{"taxonomy":"post_tag","embeddable":true,"href":"https:\/\/distribution.audio-technica.eu\/es-es\/wp-json\/wp\/v2\/tags?post=38576"}],"curies":[{"name":"wp","href":"https:\/\/api.w.org\/{rel}","templated":true}]}}