{"id":476,"date":"2016-05-25T17:52:22","date_gmt":"2016-05-25T15:52:22","guid":{"rendered":"http:\/\/noticias.audio-technica.es\/?p=476"},"modified":"2023-07-31T10:50:08","modified_gmt":"2023-07-31T08:50:08","slug":"dlive-galardonada-mejor-tecnologia-audio-los-premios-panorama-audiovisual","status":"publish","type":"post","link":"https:\/\/distribution.audio-technica.eu\/es-es\/noticias\/dlive-galardonada-mejor-tecnologia-audio-los-premios-panorama-audiovisual\/","title":{"rendered":"dLive galardonada como \u00abMejor Tecnolog\u00eda de Audio\u00bb en los Premios de Panorama Audiovisual"},"content":{"rendered":"<h2>M\u00e1s de quinientos profesionales se dieron cita la pasada noche del 24 de mayo, en el recinto de feria de Madrid, para asistir a la entrega de la segunda edici\u00f3n de los Premios Panorama y disfrutar de un excelente espect\u00e1culo en el que el desfile de los ganadores, la m\u00fasica en directo y una espectacular puesta en escena marcaron una gran noche para el sector audiovisual espa\u00f1ol. La entrega de premios tuvo lugar en una gala que se celebr\u00f3 a \u00faltima hora del d\u00eda, tras el cierre de la primera jornada de Bit Broadcast 2016, y durante la que el sistema de mezcla de audio digital para directo dLive de Allen &amp; Heath consigui\u00f3 el premio en la categor\u00eda \u2018Mejor tecnolog\u00eda de audio\u2019<\/h2>\n<p><strong><em>\u00a0<a href=\"http:\/\/noticias.audio-technica.es\/wp-content\/uploads\/allen_and_heath_dlive_award1.jpg\"><img loading=\"lazy\" decoding=\"async\" class=\"aligncenter size-full wp-image-471\" src=\"http:\/\/noticias.audio-technica.es\/wp-content\/uploads\/allen_and_heath_dlive_award1.jpg\" alt=\"dLive galardonada como &quot;Mejor Tecnolog\u00eda de Audio&quot; en los Premios de Panorama Audiovisual\" width=\"575\" height=\"355\" srcset=\"https:\/\/distribution.audio-technica.eu\/app\/uploads\/sites\/2\/allen_and_heath_dlive_award1.jpg 575w, https:\/\/distribution.audio-technica.eu\/app\/uploads\/sites\/2\/allen_and_heath_dlive_award1-300x185.jpg 300w, https:\/\/distribution.audio-technica.eu\/app\/uploads\/sites\/2\/allen_and_heath_dlive_award1-200x123.jpg 200w, https:\/\/distribution.audio-technica.eu\/app\/uploads\/sites\/2\/allen_and_heath_dlive_award1-400x247.jpg 400w\" sizes=\"auto, (max-width: 575px) 100vw, 575px\" \/><\/a><\/em><\/strong><\/p>\n<p>En el marco de la celebraci\u00f3n del certamen Bit Broadcast 2016, la publicaci\u00f3n especializada en tecnolog\u00eda y producci\u00f3n audiovisual Panoramaaudiovisual.com entreg\u00f3 sus premios 2016, que reconocen la excelencia tanto en producciones (TV, radio, cine) como en equipamiento especializado dedicado a la producci\u00f3n de contenidos y eventos.<\/p>\n<p>Pese a su corta trayectoria (esta es la segunda edici\u00f3n) estos premios se han convertido en una herramienta clave para dinamizar la industria audiovisual, promoviendo que las empresas se sirvan mejor de la tecnolog\u00eda para ser m\u00e1s competitivas, y para reconocer aquellos proyectos y producciones m\u00e1s innovadoras.<\/p>\n<p>&nbsp;<\/p>\n<p style=\"text-align: left\"><a href=\"http:\/\/noticias.audio-technica.es\/wp-content\/uploads\/dLive-galardonada-como-Mejor-Tecnologia-de-Audio-en-los-Premios-de-Panorama-Audiovisual2.jpg\"><img loading=\"lazy\" decoding=\"async\" class=\"wp-image-473 alignleft\" src=\"http:\/\/noticias.audio-technica.es\/wp-content\/uploads\/dLive-galardonada-como-Mejor-Tecnologia-de-Audio-en-los-Premios-de-Panorama-Audiovisual2.jpg\" alt=\"dLive galardonada como &quot;Mejor Tecnolog\u00eda de Audio&quot; en los Premios de Panorama Audiovisual\" width=\"203\" height=\"361\" srcset=\"https:\/\/distribution.audio-technica.eu\/app\/uploads\/sites\/2\/dLive-galardonada-como-Mejor-Tecnologia-de-Audio-en-los-Premios-de-Panorama-Audiovisual2.jpg 360w, https:\/\/distribution.audio-technica.eu\/app\/uploads\/sites\/2\/dLive-galardonada-como-Mejor-Tecnologia-de-Audio-en-los-Premios-de-Panorama-Audiovisual2-169x300.jpg 169w, https:\/\/distribution.audio-technica.eu\/app\/uploads\/sites\/2\/dLive-galardonada-como-Mejor-Tecnologia-de-Audio-en-los-Premios-de-Panorama-Audiovisual2-200x356.jpg 200w\" sizes=\"auto, (max-width: 203px) 100vw, 203px\" \/><\/a>En la categor\u00eda \u2018Mejor tecnolog\u00eda de audio\u2019 se alz\u00f3 con la victoria el sistema de mezcla de audio digital para directo dLive de Allen &amp; Heath, imponi\u00e9ndose sobre los sistemas Yamaha PM10 Rivage y Avid S6L.<\/p>\n<p>Desde su aparici\u00f3n, el sistema de mezcla de audio digital para directo ha venido acaparando la atenci\u00f3n tanto de los medios como de los profesionales del sector, y no cabe la menor duda que ha marcado un punto de inflexi\u00f3n en el desarrollo del competitivo mercado de la mezcla de audio digital en directo. Despu\u00e9s del esfuerzo realizado por Lexon Distribuci\u00f3n organizando una gira de demostraci\u00f3n por todo el pa\u00eds que ha acercado a los profesionales las virtudes de este novedoso sistema de mezcla, se han puesto en evidencia para todo el mundo las grandes ventajas e innovaciones que incorpora y la rentabilidad de su oferta.<\/p>\n<p>&nbsp;<\/p>\n<p>&nbsp;<\/p>\n<p><a href=\"http:\/\/noticias.audio-technica.es\/wp-content\/uploads\/dLive-galardonada-como-Mejor-Tecnologia-de-Audio-en-los-Premios-de-Panorama-Audiovisual3.jpg\"><img loading=\"lazy\" decoding=\"async\" class=\"aligncenter size-full wp-image-474\" src=\"http:\/\/noticias.audio-technica.es\/wp-content\/uploads\/dLive-galardonada-como-Mejor-Tecnologia-de-Audio-en-los-Premios-de-Panorama-Audiovisual3.jpg\" alt=\"dLive galardonada como &quot;Mejor Tecnolog\u00eda de Audio&quot; en los Premios de Panorama Audiovisual\" width=\"640\" height=\"417\" \/><\/a><\/p>\n<p>As\u00ed, Lexon Distribuci\u00f3n no puede menos que mostrar su satisfacci\u00f3n ante este galard\u00f3n y expresar su m\u00e1ximo agradecimiento a todos los profesionales que han confiado en el producto.<\/p>\n<p><a href=\"http:\/\/eu.audio-technica.com\/brands\/allenheath\/ah-por-series\/dlive\"><img loading=\"lazy\" decoding=\"async\" class=\"aligncenter size-full wp-image-475\" src=\"http:\/\/noticias.audio-technica.es\/wp-content\/uploads\/dLive-galardonada-como-Mejor-Tecnologia-de-Audio-en-los-Premios-de-Panorama-Audiovisual4.jpg\" alt=\"dLive galardonada como &quot;Mejor Tecnolog\u00eda de Audio&quot; en los Premios de Panorama Audiovisual\" width=\"640\" height=\"297\" srcset=\"https:\/\/distribution.audio-technica.eu\/app\/uploads\/sites\/2\/dLive-galardonada-como-Mejor-Tecnologia-de-Audio-en-los-Premios-de-Panorama-Audiovisual4.jpg 640w, https:\/\/distribution.audio-technica.eu\/app\/uploads\/sites\/2\/dLive-galardonada-como-Mejor-Tecnologia-de-Audio-en-los-Premios-de-Panorama-Audiovisual4-300x139.jpg 300w, https:\/\/distribution.audio-technica.eu\/app\/uploads\/sites\/2\/dLive-galardonada-como-Mejor-Tecnologia-de-Audio-en-los-Premios-de-Panorama-Audiovisual4-200x93.jpg 200w, https:\/\/distribution.audio-technica.eu\/app\/uploads\/sites\/2\/dLive-galardonada-como-Mejor-Tecnologia-de-Audio-en-los-Premios-de-Panorama-Audiovisual4-400x186.jpg 400w, https:\/\/distribution.audio-technica.eu\/app\/uploads\/sites\/2\/dLive-galardonada-como-Mejor-Tecnologia-de-Audio-en-los-Premios-de-Panorama-Audiovisual4-600x278.jpg 600w\" sizes=\"auto, (max-width: 640px) 100vw, 640px\" \/><\/a><\/p>\n<p><strong><em>Sobre dLive<\/em><\/strong><\/p>\n<p><em>dLive es una consola digital para directo que se basa en una arquitectura ultra flexible, un poderoso n\u00facleo de procesado FPGA y multitud de opciones de expansi\u00f3n, control y conectividad en red, adem\u00e1s de la intuitiva interface de usuario Harmony, que incluye control gestual. <\/em><\/p>\n<p><em>El sistema admite un m\u00e1ximo de 128 canales de mezcla totalmente procesados, con 64 buses de salida tambi\u00e9n procesados; puede albergar hasta 160 previos de micr\u00f3fono y gestionar hasta 800 x 800 canales de audio como matriz de ruteo. dLive incorpora el completo paquete de procesamiento DEEP, que incluye EQs gr\u00e1ficos, compresores, compresores multibanda y EQ din\u00e1mica, junto con los 16 racks virtuales de procesamiento, que incluyen las soberbias emulaciones de efectos de Allen &amp; Heath. Siguiendo el concepto ya utilizado anteriormente en otros de sus sistemas de mezcla digital, dLive cuenta con una arquitectura donde el rack de mezcla (MixRack) y la superficie de control est\u00e1n separados. El procesado del sistema dLive se encuentra alojado en el MixRack, disponible en tres formatos (DM32, DM48 y DM64) y tres superficies de control. Todos los MixRacks y superficies son compatibles (trabajan conjuntamente nada m\u00e1s conectarlas), con configuraci\u00f3n com\u00fan y compatibilidad de ficheros de show.<\/em><\/p>\n<p><a href=\"http:\/\/eu.audio-technica.com\/brands\/allenheath\/ah-por-series\/dlive\">M\u00e1s informaci\u00f3n sobre dLive<\/a><\/p>\n<p>&nbsp;<\/p>\n","protected":false},"excerpt":{"rendered":"<p>M\u00e1s de quinientos profesionales se dieron cita la pasada noche del 24 de mayo, en el recinto de feria de Madrid, para asistir a la entrega de la segunda edici\u00f3n de los Premios Panorama y disfrutar de un excelente espect\u00e1culo en el que el desfile de los ganadores, la m\u00fasica en directo y una espectacular [&hellip;]<\/p>\n","protected":false},"author":1,"featured_media":472,"comment_status":"closed","ping_status":"closed","sticky":false,"template":"","format":"standard","meta":{"_acf_changed":false,"footnotes":""},"categories":[2461],"tags":[1590,1587,1591],"class_list":["post-476","post","type-post","status-publish","format-standard","has-post-thumbnail","hentry","category-noticias","tag-bit-broadcast","tag-dlive","tag-premio-panorama"],"acf":[],"yoast_head":"<!-- This site is optimized with the Yoast SEO plugin v27.1.1 - https:\/\/yoast.com\/product\/yoast-seo-wordpress\/ -->\n<title>dLive galardonada como &quot;Mejor Tecnolog\u00eda de Audio&quot; en los Premios de Panorama Audiovisual - Audio-Technica Iberia<\/title>\n<meta name=\"robots\" content=\"index, follow, max-snippet:-1, max-image-preview:large, max-video-preview:-1\" \/>\n<link rel=\"canonical\" href=\"https:\/\/distribution.audio-technica.eu\/es-es\/noticias\/dlive-galardonada-mejor-tecnologia-audio-los-premios-panorama-audiovisual\/\" \/>\n<meta property=\"og:locale\" content=\"es_ES\" \/>\n<meta property=\"og:type\" content=\"article\" \/>\n<meta property=\"og:title\" content=\"dLive galardonada como &quot;Mejor Tecnolog\u00eda de Audio&quot; en los Premios de Panorama Audiovisual - Audio-Technica Iberia\" \/>\n<meta property=\"og:description\" content=\"M\u00e1s de quinientos profesionales se dieron cita la pasada noche del 24 de mayo, en el recinto de feria de Madrid, para asistir a la entrega de la segunda edici\u00f3n de los Premios Panorama y disfrutar de un excelente espect\u00e1culo en el que el desfile de los ganadores, la m\u00fasica en directo y una espectacular [&hellip;]\" \/>\n<meta property=\"og:url\" content=\"https:\/\/distribution.audio-technica.eu\/es-es\/noticias\/dlive-galardonada-mejor-tecnologia-audio-los-premios-panorama-audiovisual\/\" \/>\n<meta property=\"og:site_name\" content=\"Audio-Technica Iberia\" \/>\n<meta property=\"article:published_time\" content=\"2016-05-25T15:52:22+00:00\" \/>\n<meta property=\"article:modified_time\" content=\"2023-07-31T08:50:08+00:00\" \/>\n<meta property=\"og:image\" content=\"https:\/\/distribution.audio-technica.eu\/app\/uploads\/sites\/2\/Dallen_and_heath_dlive_award1.jpg\" \/>\n\t<meta property=\"og:image:width\" content=\"640\" \/>\n\t<meta property=\"og:image:height\" content=\"360\" \/>\n\t<meta property=\"og:image:type\" content=\"image\/jpeg\" \/>\n<meta name=\"author\" content=\"Audio-Technica\" \/>\n<meta name=\"twitter:card\" content=\"summary_large_image\" \/>\n<meta name=\"twitter:label1\" content=\"Escrito por\" \/>\n\t<meta name=\"twitter:data1\" content=\"Audio-Technica\" \/>\n\t<meta name=\"twitter:label2\" content=\"Tiempo de lectura\" \/>\n\t<meta name=\"twitter:data2\" content=\"3 minutos\" \/>\n<script type=\"application\/ld+json\" class=\"yoast-schema-graph\">{\"@context\":\"https:\/\/schema.org\",\"@graph\":[{\"@type\":\"Article\",\"@id\":\"https:\/\/distribution.audio-technica.eu\/es-es\/noticias\/dlive-galardonada-mejor-tecnologia-audio-los-premios-panorama-audiovisual\/#article\",\"isPartOf\":{\"@id\":\"https:\/\/distribution.audio-technica.eu\/es-es\/noticias\/dlive-galardonada-mejor-tecnologia-audio-los-premios-panorama-audiovisual\/\"},\"author\":{\"name\":\"Audio-Technica\",\"@id\":\"https:\/\/distribution.audio-technica.eu\/es-es\/#\/schema\/person\/e8e715e047e33cc425e816f59cbd9b80\"},\"headline\":\"dLive galardonada como \u00abMejor Tecnolog\u00eda de Audio\u00bb en los Premios de Panorama Audiovisual\",\"datePublished\":\"2016-05-25T15:52:22+00:00\",\"dateModified\":\"2023-07-31T08:50:08+00:00\",\"mainEntityOfPage\":{\"@id\":\"https:\/\/distribution.audio-technica.eu\/es-es\/noticias\/dlive-galardonada-mejor-tecnologia-audio-los-premios-panorama-audiovisual\/\"},\"wordCount\":644,\"image\":{\"@id\":\"https:\/\/distribution.audio-technica.eu\/es-es\/noticias\/dlive-galardonada-mejor-tecnologia-audio-los-premios-panorama-audiovisual\/#primaryimage\"},\"thumbnailUrl\":\"\/app\/uploads\/sites\/2\/Dallen_and_heath_dlive_award1.jpg\",\"keywords\":[\"bit broadcast\",\"dLive\",\"premio panorama\"],\"articleSection\":[\"Noticias\"],\"inLanguage\":\"es\"},{\"@type\":\"WebPage\",\"@id\":\"https:\/\/distribution.audio-technica.eu\/es-es\/noticias\/dlive-galardonada-mejor-tecnologia-audio-los-premios-panorama-audiovisual\/\",\"url\":\"https:\/\/distribution.audio-technica.eu\/es-es\/noticias\/dlive-galardonada-mejor-tecnologia-audio-los-premios-panorama-audiovisual\/\",\"name\":\"dLive galardonada como \\\"Mejor Tecnolog\u00eda de Audio\\\" en los Premios de Panorama Audiovisual - Audio-Technica Iberia\",\"isPartOf\":{\"@id\":\"https:\/\/distribution.audio-technica.eu\/es-es\/#website\"},\"primaryImageOfPage\":{\"@id\":\"https:\/\/distribution.audio-technica.eu\/es-es\/noticias\/dlive-galardonada-mejor-tecnologia-audio-los-premios-panorama-audiovisual\/#primaryimage\"},\"image\":{\"@id\":\"https:\/\/distribution.audio-technica.eu\/es-es\/noticias\/dlive-galardonada-mejor-tecnologia-audio-los-premios-panorama-audiovisual\/#primaryimage\"},\"thumbnailUrl\":\"\/app\/uploads\/sites\/2\/Dallen_and_heath_dlive_award1.jpg\",\"datePublished\":\"2016-05-25T15:52:22+00:00\",\"dateModified\":\"2023-07-31T08:50:08+00:00\",\"author\":{\"@id\":\"https:\/\/distribution.audio-technica.eu\/es-es\/#\/schema\/person\/e8e715e047e33cc425e816f59cbd9b80\"},\"breadcrumb\":{\"@id\":\"https:\/\/distribution.audio-technica.eu\/es-es\/noticias\/dlive-galardonada-mejor-tecnologia-audio-los-premios-panorama-audiovisual\/#breadcrumb\"},\"inLanguage\":\"es\",\"potentialAction\":[{\"@type\":\"ReadAction\",\"target\":[\"https:\/\/distribution.audio-technica.eu\/es-es\/noticias\/dlive-galardonada-mejor-tecnologia-audio-los-premios-panorama-audiovisual\/\"]}]},{\"@type\":\"ImageObject\",\"inLanguage\":\"es\",\"@id\":\"https:\/\/distribution.audio-technica.eu\/es-es\/noticias\/dlive-galardonada-mejor-tecnologia-audio-los-premios-panorama-audiovisual\/#primaryimage\",\"url\":\"\/app\/uploads\/sites\/2\/Dallen_and_heath_dlive_award1.jpg\",\"contentUrl\":\"\/app\/uploads\/sites\/2\/Dallen_and_heath_dlive_award1.jpg\",\"width\":640,\"height\":360,\"caption\":\"dLive galardonada como \\\"Mejor Tecnolog\u00eda de Audio\\\" en los Premios de Panorama Audiovisual\"},{\"@type\":\"BreadcrumbList\",\"@id\":\"https:\/\/distribution.audio-technica.eu\/es-es\/noticias\/dlive-galardonada-mejor-tecnologia-audio-los-premios-panorama-audiovisual\/#breadcrumb\",\"itemListElement\":[{\"@type\":\"ListItem\",\"position\":1,\"name\":\"Products\",\"item\":\"https:\/\/distribution.audio-technica.eu\/es-es\/\"},{\"@type\":\"ListItem\",\"position\":2,\"name\":\"dLive galardonada como \u00abMejor Tecnolog\u00eda de Audio\u00bb en los Premios de Panorama Audiovisual\"}]},{\"@type\":\"WebSite\",\"@id\":\"https:\/\/distribution.audio-technica.eu\/es-es\/#website\",\"url\":\"https:\/\/distribution.audio-technica.eu\/es-es\/\",\"name\":\"Audio-Technica Iberia\",\"description\":\"Distribuci\u00f3n\",\"potentialAction\":[{\"@type\":\"SearchAction\",\"target\":{\"@type\":\"EntryPoint\",\"urlTemplate\":\"https:\/\/distribution.audio-technica.eu\/es-es\/?s={search_term_string}\"},\"query-input\":{\"@type\":\"PropertyValueSpecification\",\"valueRequired\":true,\"valueName\":\"search_term_string\"}}],\"inLanguage\":\"es\"},{\"@type\":\"Person\",\"@id\":\"https:\/\/distribution.audio-technica.eu\/es-es\/#\/schema\/person\/e8e715e047e33cc425e816f59cbd9b80\",\"name\":\"Audio-Technica\"}]}<\/script>\n<!-- \/ Yoast SEO plugin. -->","yoast_head_json":{"title":"dLive galardonada como \"Mejor Tecnolog\u00eda de Audio\" en los Premios de Panorama Audiovisual - Audio-Technica Iberia","robots":{"index":"index","follow":"follow","max-snippet":"max-snippet:-1","max-image-preview":"max-image-preview:large","max-video-preview":"max-video-preview:-1"},"canonical":"https:\/\/distribution.audio-technica.eu\/es-es\/noticias\/dlive-galardonada-mejor-tecnologia-audio-los-premios-panorama-audiovisual\/","og_locale":"es_ES","og_type":"article","og_title":"dLive galardonada como \"Mejor Tecnolog\u00eda de Audio\" en los Premios de Panorama Audiovisual - Audio-Technica Iberia","og_description":"M\u00e1s de quinientos profesionales se dieron cita la pasada noche del 24 de mayo, en el recinto de feria de Madrid, para asistir a la entrega de la segunda edici\u00f3n de los Premios Panorama y disfrutar de un excelente espect\u00e1culo en el que el desfile de los ganadores, la m\u00fasica en directo y una espectacular [&hellip;]","og_url":"https:\/\/distribution.audio-technica.eu\/es-es\/noticias\/dlive-galardonada-mejor-tecnologia-audio-los-premios-panorama-audiovisual\/","og_site_name":"Audio-Technica Iberia","article_published_time":"2016-05-25T15:52:22+00:00","article_modified_time":"2023-07-31T08:50:08+00:00","og_image":[{"width":640,"height":360,"url":"https:\/\/distribution.audio-technica.eu\/app\/uploads\/sites\/2\/Dallen_and_heath_dlive_award1.jpg","type":"image\/jpeg"}],"author":"Audio-Technica","twitter_card":"summary_large_image","twitter_misc":{"Escrito por":"Audio-Technica","Tiempo de lectura":"3 minutos"},"schema":{"@context":"https:\/\/schema.org","@graph":[{"@type":"Article","@id":"https:\/\/distribution.audio-technica.eu\/es-es\/noticias\/dlive-galardonada-mejor-tecnologia-audio-los-premios-panorama-audiovisual\/#article","isPartOf":{"@id":"https:\/\/distribution.audio-technica.eu\/es-es\/noticias\/dlive-galardonada-mejor-tecnologia-audio-los-premios-panorama-audiovisual\/"},"author":{"name":"Audio-Technica","@id":"https:\/\/distribution.audio-technica.eu\/es-es\/#\/schema\/person\/e8e715e047e33cc425e816f59cbd9b80"},"headline":"dLive galardonada como \u00abMejor Tecnolog\u00eda de Audio\u00bb en los Premios de Panorama Audiovisual","datePublished":"2016-05-25T15:52:22+00:00","dateModified":"2023-07-31T08:50:08+00:00","mainEntityOfPage":{"@id":"https:\/\/distribution.audio-technica.eu\/es-es\/noticias\/dlive-galardonada-mejor-tecnologia-audio-los-premios-panorama-audiovisual\/"},"wordCount":644,"image":{"@id":"https:\/\/distribution.audio-technica.eu\/es-es\/noticias\/dlive-galardonada-mejor-tecnologia-audio-los-premios-panorama-audiovisual\/#primaryimage"},"thumbnailUrl":"\/app\/uploads\/sites\/2\/Dallen_and_heath_dlive_award1.jpg","keywords":["bit broadcast","dLive","premio panorama"],"articleSection":["Noticias"],"inLanguage":"es"},{"@type":"WebPage","@id":"https:\/\/distribution.audio-technica.eu\/es-es\/noticias\/dlive-galardonada-mejor-tecnologia-audio-los-premios-panorama-audiovisual\/","url":"https:\/\/distribution.audio-technica.eu\/es-es\/noticias\/dlive-galardonada-mejor-tecnologia-audio-los-premios-panorama-audiovisual\/","name":"dLive galardonada como \"Mejor Tecnolog\u00eda de Audio\" en los Premios de Panorama Audiovisual - Audio-Technica Iberia","isPartOf":{"@id":"https:\/\/distribution.audio-technica.eu\/es-es\/#website"},"primaryImageOfPage":{"@id":"https:\/\/distribution.audio-technica.eu\/es-es\/noticias\/dlive-galardonada-mejor-tecnologia-audio-los-premios-panorama-audiovisual\/#primaryimage"},"image":{"@id":"https:\/\/distribution.audio-technica.eu\/es-es\/noticias\/dlive-galardonada-mejor-tecnologia-audio-los-premios-panorama-audiovisual\/#primaryimage"},"thumbnailUrl":"\/app\/uploads\/sites\/2\/Dallen_and_heath_dlive_award1.jpg","datePublished":"2016-05-25T15:52:22+00:00","dateModified":"2023-07-31T08:50:08+00:00","author":{"@id":"https:\/\/distribution.audio-technica.eu\/es-es\/#\/schema\/person\/e8e715e047e33cc425e816f59cbd9b80"},"breadcrumb":{"@id":"https:\/\/distribution.audio-technica.eu\/es-es\/noticias\/dlive-galardonada-mejor-tecnologia-audio-los-premios-panorama-audiovisual\/#breadcrumb"},"inLanguage":"es","potentialAction":[{"@type":"ReadAction","target":["https:\/\/distribution.audio-technica.eu\/es-es\/noticias\/dlive-galardonada-mejor-tecnologia-audio-los-premios-panorama-audiovisual\/"]}]},{"@type":"ImageObject","inLanguage":"es","@id":"https:\/\/distribution.audio-technica.eu\/es-es\/noticias\/dlive-galardonada-mejor-tecnologia-audio-los-premios-panorama-audiovisual\/#primaryimage","url":"\/app\/uploads\/sites\/2\/Dallen_and_heath_dlive_award1.jpg","contentUrl":"\/app\/uploads\/sites\/2\/Dallen_and_heath_dlive_award1.jpg","width":640,"height":360,"caption":"dLive galardonada como \"Mejor Tecnolog\u00eda de Audio\" en los Premios de Panorama Audiovisual"},{"@type":"BreadcrumbList","@id":"https:\/\/distribution.audio-technica.eu\/es-es\/noticias\/dlive-galardonada-mejor-tecnologia-audio-los-premios-panorama-audiovisual\/#breadcrumb","itemListElement":[{"@type":"ListItem","position":1,"name":"Products","item":"https:\/\/distribution.audio-technica.eu\/es-es\/"},{"@type":"ListItem","position":2,"name":"dLive galardonada como \u00abMejor Tecnolog\u00eda de Audio\u00bb en los Premios de Panorama Audiovisual"}]},{"@type":"WebSite","@id":"https:\/\/distribution.audio-technica.eu\/es-es\/#website","url":"https:\/\/distribution.audio-technica.eu\/es-es\/","name":"Audio-Technica Iberia","description":"Distribuci\u00f3n","potentialAction":[{"@type":"SearchAction","target":{"@type":"EntryPoint","urlTemplate":"https:\/\/distribution.audio-technica.eu\/es-es\/?s={search_term_string}"},"query-input":{"@type":"PropertyValueSpecification","valueRequired":true,"valueName":"search_term_string"}}],"inLanguage":"es"},{"@type":"Person","@id":"https:\/\/distribution.audio-technica.eu\/es-es\/#\/schema\/person\/e8e715e047e33cc425e816f59cbd9b80","name":"Audio-Technica"}]}},"_links":{"self":[{"href":"https:\/\/distribution.audio-technica.eu\/es-es\/wp-json\/wp\/v2\/posts\/476","targetHints":{"allow":["GET"]}}],"collection":[{"href":"https:\/\/distribution.audio-technica.eu\/es-es\/wp-json\/wp\/v2\/posts"}],"about":[{"href":"https:\/\/distribution.audio-technica.eu\/es-es\/wp-json\/wp\/v2\/types\/post"}],"author":[{"embeddable":true,"href":"https:\/\/distribution.audio-technica.eu\/es-es\/wp-json\/wp\/v2\/users\/1"}],"replies":[{"embeddable":true,"href":"https:\/\/distribution.audio-technica.eu\/es-es\/wp-json\/wp\/v2\/comments?post=476"}],"version-history":[{"count":1,"href":"https:\/\/distribution.audio-technica.eu\/es-es\/wp-json\/wp\/v2\/posts\/476\/revisions"}],"predecessor-version":[{"id":26982,"href":"https:\/\/distribution.audio-technica.eu\/es-es\/wp-json\/wp\/v2\/posts\/476\/revisions\/26982"}],"wp:featuredmedia":[{"embeddable":true,"href":"https:\/\/distribution.audio-technica.eu\/es-es\/wp-json\/wp\/v2\/media\/472"}],"wp:attachment":[{"href":"https:\/\/distribution.audio-technica.eu\/es-es\/wp-json\/wp\/v2\/media?parent=476"}],"wp:term":[{"taxonomy":"category","embeddable":true,"href":"https:\/\/distribution.audio-technica.eu\/es-es\/wp-json\/wp\/v2\/categories?post=476"},{"taxonomy":"post_tag","embeddable":true,"href":"https:\/\/distribution.audio-technica.eu\/es-es\/wp-json\/wp\/v2\/tags?post=476"}],"curies":[{"name":"wp","href":"https:\/\/api.w.org\/{rel}","templated":true}]}}