{"id":549,"date":"2016-10-14T20:46:43","date_gmt":"2016-10-14T18:46:43","guid":{"rendered":"http:\/\/noticias.audio-technica.es\/?p=549"},"modified":"2023-10-17T18:39:50","modified_gmt":"2023-10-17T16:39:50","slug":"las-series-del-blog-frank-klepacki-bp40-accion","status":"publish","type":"post","link":"https:\/\/distribution.audio-technica.eu\/es-es\/noticias\/las-series-del-blog-frank-klepacki-bp40-accion\/","title":{"rendered":"Las series del blog de Frank Klepacki: BP40 en acci\u00f3n"},"content":{"rendered":"<h2>Esta es la 20\u00aa entrega de la serie de art\u00edculos del blogger invitado, Frank Klepacki, sobre producci\u00f3n musical.\u00a0Hoy Frank selecciona un micr\u00f3fono BP40 de Audio-Technica para una prueba de rodaje. Si te has perdido las anteriores publicaciones de Frank, puedes leerlas <a href=\"http:\/\/blog.audio-technica.com\/frank-klepacki-blog-series-ampless-portable-guitar-setup-system-10-stompbox\/\">aqu\u00ed<\/a>.<\/h2>\n<p><img loading=\"lazy\" decoding=\"async\" class=\"aligncenter size-full wp-image-545\" src=\"http:\/\/noticias.audio-technica.es\/wp-content\/uploads\/Dbp40.jpg\" alt=\"BP40 EN ACCI\u00d3N\" width=\"640\" height=\"360\" srcset=\"https:\/\/distribution.audio-technica.eu\/app\/uploads\/sites\/2\/Dbp40.jpg 640w, https:\/\/distribution.audio-technica.eu\/app\/uploads\/sites\/2\/Dbp40-300x169.jpg 300w, https:\/\/distribution.audio-technica.eu\/app\/uploads\/sites\/2\/Dbp40-200x113.jpg 200w, https:\/\/distribution.audio-technica.eu\/app\/uploads\/sites\/2\/Dbp40-400x225.jpg 400w, https:\/\/distribution.audio-technica.eu\/app\/uploads\/sites\/2\/Dbp40-600x338.jpg 600w\" sizes=\"auto, (max-width: 640px) 100vw, 640px\" \/><\/p>\n<p>He tenido la oportunidad de probar el micr\u00f3fono din\u00e1mico de gran diafragma para broadcast <a href=\"http:\/\/eu.audio-technica.com\/BP40?lang=es\">Audio-Technica BP40<\/a> en diversas aplicaciones, dentro de mis \u00faltimas sesiones, y quer\u00eda compartir con vosotros mis conclusiones:<\/p>\n<p><strong>Voz\/broadcast<\/strong> &#8211; Tiene mucha presencia en la gama de frecuencias medias y bajas, a la vez que conserva la claridad complementaria necesaria en las altas frecuencias. Responde muy bien a diferentes tipos de voces con variaciones -una voz con un tono grave, sin duda, se ve reforzada por la respuesta del micr\u00f3fono a bajas frecuencias-.\u00a0Si te posicionas a unos cent\u00edmetros de distancia (y no comi\u00e9ndote el micr\u00f3fono) da la sensaci\u00f3n de que ah\u00ed encuentras el punto \u00f3ptimo. El micr\u00f3fono capta de forma muy enfocada cualquier tipo de se\u00f1al que se coloque delante del mismo mientras que pr\u00e1cticamente no recoge las se\u00f1ales que est\u00e1n fuera de su eje, lo cual es un beneficio a\u00f1adido.<\/p>\n<p><strong>Amplificadores de guitarra<\/strong> &#8211; Me encanta usar este micr\u00f3fono para los amplificadores de guitarra con \u201csonido limpio\u201d. Me atrever\u00eda a decir que es la siguiente mejor representaci\u00f3n de un tono c\u00e1lido, pleno y limpio de guitarra que he podido capturar junto con la del micr\u00f3fono <a href=\"http:\/\/eu.audio-technica.com\/AT5040?lang=es\">AT5040<\/a>. En los estilos, con distorsi\u00f3n, m\u00e1s cl\u00e1sicos tambi\u00e9n se comporta correctamente.<\/p>\n<p>Para los estilos con un sonido m\u00e1s metal, la respuesta en gama baja puede ser un poco abrumadora, desmesurada, \u00a0incluso con el roll-off\u00a0 activado. Esto no se nota tanto en la grabaci\u00f3n como en la reproducci\u00f3n de las pistas. Sobre todo cuando se trata de pistas dobles con \u201cpalm muting\u201d (t\u00e9cnica de silenciamiento de las cuerdas con la palma de la mano muy com\u00fan en determinados estilos musicales), en estos casos esta sensaci\u00f3n se hace m\u00e1s notoria. Donde no dudar\u00eda nunca en usarlo es con sonidos limpios, en estos casos siempre entrega un sonido muy rico, pleno y preciso.<\/p>\n<p><a href=\"http:\/\/noticias.audio-technica.es\/wp-content\/uploads\/bp40-1.png\"><img loading=\"lazy\" decoding=\"async\" class=\"aligncenter size-full wp-image-546\" src=\"http:\/\/noticias.audio-technica.es\/wp-content\/uploads\/bp40-1.png\" alt=\"BP40 EN ACCI\u00d3N\" width=\"342\" height=\"228\" srcset=\"https:\/\/distribution.audio-technica.eu\/app\/uploads\/sites\/2\/bp40-1.png 342w, https:\/\/distribution.audio-technica.eu\/app\/uploads\/sites\/2\/bp40-1-300x200.png 300w, https:\/\/distribution.audio-technica.eu\/app\/uploads\/sites\/2\/bp40-1-200x133.png 200w\" sizes=\"auto, (max-width: 342px) 100vw, 342px\" \/><\/a><\/p>\n<p><strong>Amplificadores de bajo<\/strong> \u2013 Es, con los amplificadores de bajo, donde el BP40 destaca realmente. Colocado justo delante del altavoz, este micr\u00f3fono capta con gran precisi\u00f3n y plenitud toda la naturalidad de la gama de sonidos graves, \u00a0sin necesidad de utilizar el filtro atenuador.\u00a0El sonido de bajo que se puede obtener con este micr\u00f3fono, en combinaci\u00f3n con la se\u00f1al directa, es realmente asombroso.<\/p>\n<p><a href=\"http:\/\/noticias.audio-technica.es\/wp-content\/uploads\/bp40-2.png\"><img loading=\"lazy\" decoding=\"async\" class=\"aligncenter size-full wp-image-547\" src=\"http:\/\/noticias.audio-technica.es\/wp-content\/uploads\/bp40-2.png\" alt=\"BP40 EN ACCI\u00d3N\" width=\"321\" height=\"214\" srcset=\"https:\/\/distribution.audio-technica.eu\/app\/uploads\/sites\/2\/bp40-2.png 321w, https:\/\/distribution.audio-technica.eu\/app\/uploads\/sites\/2\/bp40-2-300x200.png 300w, https:\/\/distribution.audio-technica.eu\/app\/uploads\/sites\/2\/bp40-2-200x133.png 200w\" sizes=\"auto, (max-width: 321px) 100vw, 321px\" \/><\/a><\/p>\n<p><strong>Saxo bar\u00edtono <\/strong>&#8211; En este caso, el micr\u00f3fono respondi\u00f3 principalmente con su rango medio, pero por un motivo concreto, y es que los int\u00e9rpretes de saxo bar\u00edtono, con los que he grabado, tienden a posicionarse a una distancia mayor del micr\u00f3fono para tocar m\u00e1s c\u00f3modamente.\u00a0Este es el \u00fanico caso en el que realmente tuve que a\u00f1adir m\u00e1s graves en la mezcla. \u00a0Sin embargo, las frecuencias medias se comportaron muy bien y le dieron un car\u00e1cter distintivo del resto de la secci\u00f3n de vientos.\u00a0Teniendo en cuenta este uso espec\u00edfico y que la distancia era mayor que en la prueba con voces, volv\u00ed a quedarme impresionado con c\u00f3mo el micr\u00f3fono se centraba en la se\u00f1al que ten\u00eda delante y de qu\u00e9 manera ignoraba el sonido de sala no deseado, que normalmente resulta dif\u00edcil de controlar.<\/p>\n<p><strong>Bater\u00eda <\/strong>&#8211; El micr\u00f3fono se luci\u00f3 con el goliat. Podr\u00eda decir que es un micr\u00f3fono superior, comparado con otros micr\u00f3fonos de la competencia, dentro de su gama de precio. Yo hab\u00eda estado usando previamente el <a href=\"http:\/\/eu.audio-technica.com\/AE3300?lang=es\">AE3000 <\/a>en el tom de pie (as\u00ed como en todos los dem\u00e1s timbales) y, comparando los dos, puedo decir que el AE3000 tiene m\u00e1s ataque en el rango alto de frecuencias, mientras que el BP40 ofrece un tono m\u00e1s rico, m\u00e1s grueso, con mucho grave, y el suficiente ataque sin demasiada captaci\u00f3n de sonidos adyacentes.\u00a0En una mezcla completa, en general,\u00a0 terminar\u00eda a\u00f1adiendo un toque de graves al AE3000 para la toma del goliat, mientras que en el BP40, en lugar de eso, a\u00f1adir\u00eda un poco de agudos.\u00a0En definitiva, el uso del BP40 para configuraciones de tomas separadas me ofrece muchas ventajas, en contraste con los AE3000s que utilizo actualmente en el resto de mis timbales. Puedo usar el BP40 en el bombo para obtener un sonido m\u00e1s tradicional, c\u00e1lido y potente, aunque estos ya son aspectos puramente subjetivos que dependen de los gustos.<\/p>\n<p><a href=\"http:\/\/noticias.audio-technica.es\/wp-content\/uploads\/bp40-3.png\"><img loading=\"lazy\" decoding=\"async\" class=\"aligncenter size-full wp-image-548\" src=\"http:\/\/noticias.audio-technica.es\/wp-content\/uploads\/bp40-3.png\" alt=\"BP40 EN ACCI\u00d3N\" width=\"337\" height=\"225\" srcset=\"https:\/\/distribution.audio-technica.eu\/app\/uploads\/sites\/2\/bp40-3.png 337w, https:\/\/distribution.audio-technica.eu\/app\/uploads\/sites\/2\/bp40-3-300x200.png 300w, https:\/\/distribution.audio-technica.eu\/app\/uploads\/sites\/2\/bp40-3-200x134.png 200w\" sizes=\"auto, (max-width: 337px) 100vw, 337px\" \/><\/a><\/p>\n<p><strong>Veredicto<\/strong> \u2013 El BP40 es, sin ning\u00fan lugar a dudas, el micr\u00f3fono ideal para amplificadores de guitarras con sonido limpio, amplificadores de bajo y goliats. Si utilizas este micr\u00f3fono para un saxo bar\u00edtono, entonces intenta colocarlo lo m\u00e1s pr\u00f3ximo posible al instrumento.\u00a0Es tambi\u00e9n, sin duda, el nuevo gran candidato para las voces de broadcast, teniendo en cuenta que es m\u00e1s peque\u00f1o, menos invasivo y m\u00e1s directo que los micr\u00f3fonos de broadcast est\u00e1ndar y que, en comparaci\u00f3n, tiene un car\u00e1cter definitivamente m\u00e1s agradable y una respuesta direccional m\u00e1s refinada.<\/p>\n<p>\u2013 Frank Klepacki<\/p>\n<p><em>Frank Klepacki es un galardonado compositor de m\u00fasica para videojuegos y televisi\u00f3n. Ha trabajado en t\u00edtulos tales como Command &amp; Conquer, Star Wars y programas de deportes MMA (artes marciales mixtas) como Ultimate Fighting Championship y Inside MMA. Actualmente, se desenvuelve como director de audio para Petroglyph adem\u00e1s de ser un artista dedicado a la grabaci\u00f3n, a las giras y a la producci\u00f3n.\u00a0Para m\u00e1s informaci\u00f3n sobre Frank Klepacki, visita: <a href=\"http:\/\/www.frankklepacki.com\">www.frankklepacki.com<\/a><\/em><\/p>\n<p>&nbsp;<\/p>\n<p><a href=\"http:\/\/www.audio-technica.es\">M\u00e1s informaci\u00f3n sobre productos Audio-Technica<\/a><\/p>\n","protected":false},"excerpt":{"rendered":"<p>Esta es la 20\u00aa entrega de la serie de art\u00edculos del blogger invitado, Frank Klepacki, sobre producci\u00f3n musical.\u00a0Hoy Frank selecciona un micr\u00f3fono BP40 de Audio-Technica para una prueba de rodaje. Si te has perdido las anteriores publicaciones de Frank, puedes leerlas aqu\u00ed. He tenido la oportunidad de probar el micr\u00f3fono din\u00e1mico de gran diafragma para [&hellip;]<\/p>\n","protected":false},"author":1,"featured_media":562,"comment_status":"closed","ping_status":"closed","sticky":false,"template":"","format":"standard","meta":{"_acf_changed":false,"footnotes":""},"categories":[2459],"tags":[1674,1675],"class_list":["post-549","post","type-post","status-publish","format-standard","has-post-thumbnail","hentry","category-usuarios","tag-bp40","tag-microfonos"],"acf":[],"yoast_head":"<!-- This site is optimized with the Yoast SEO plugin v27.1.1 - https:\/\/yoast.com\/product\/yoast-seo-wordpress\/ -->\n<title>Las series del blog de Frank Klepacki: BP40 en acci\u00f3n - Audio-Technica Iberia<\/title>\n<meta name=\"robots\" content=\"index, follow, max-snippet:-1, max-image-preview:large, max-video-preview:-1\" \/>\n<link rel=\"canonical\" href=\"https:\/\/distribution.audio-technica.eu\/es-es\/noticias\/las-series-del-blog-frank-klepacki-bp40-accion\/\" \/>\n<meta property=\"og:locale\" content=\"es_ES\" \/>\n<meta property=\"og:type\" content=\"article\" \/>\n<meta property=\"og:title\" content=\"Las series del blog de Frank Klepacki: BP40 en acci\u00f3n - Audio-Technica Iberia\" \/>\n<meta property=\"og:description\" content=\"Esta es la 20\u00aa entrega de la serie de art\u00edculos del blogger invitado, Frank Klepacki, sobre producci\u00f3n musical.\u00a0Hoy Frank selecciona un micr\u00f3fono BP40 de Audio-Technica para una prueba de rodaje. Si te has perdido las anteriores publicaciones de Frank, puedes leerlas aqu\u00ed. He tenido la oportunidad de probar el micr\u00f3fono din\u00e1mico de gran diafragma para [&hellip;]\" \/>\n<meta property=\"og:url\" content=\"https:\/\/distribution.audio-technica.eu\/es-es\/noticias\/las-series-del-blog-frank-klepacki-bp40-accion\/\" \/>\n<meta property=\"og:site_name\" content=\"Audio-Technica Iberia\" \/>\n<meta property=\"article:published_time\" content=\"2016-10-14T18:46:43+00:00\" \/>\n<meta property=\"article:modified_time\" content=\"2023-10-17T16:39:50+00:00\" \/>\n<meta property=\"og:image\" content=\"https:\/\/distribution.audio-technica.eu\/app\/uploads\/sites\/2\/Dbp40-1.jpg\" \/>\n\t<meta property=\"og:image:width\" content=\"640\" \/>\n\t<meta property=\"og:image:height\" content=\"360\" \/>\n\t<meta property=\"og:image:type\" content=\"image\/jpeg\" \/>\n<meta name=\"author\" content=\"Audio-Technica\" \/>\n<meta name=\"twitter:card\" content=\"summary_large_image\" \/>\n<meta name=\"twitter:label1\" content=\"Escrito por\" \/>\n\t<meta name=\"twitter:data1\" content=\"Audio-Technica\" \/>\n\t<meta name=\"twitter:label2\" content=\"Tiempo de lectura\" \/>\n\t<meta name=\"twitter:data2\" content=\"5 minutos\" \/>\n<script type=\"application\/ld+json\" class=\"yoast-schema-graph\">{\"@context\":\"https:\/\/schema.org\",\"@graph\":[{\"@type\":\"Article\",\"@id\":\"https:\/\/distribution.audio-technica.eu\/es-es\/noticias\/las-series-del-blog-frank-klepacki-bp40-accion\/#article\",\"isPartOf\":{\"@id\":\"https:\/\/distribution.audio-technica.eu\/es-es\/noticias\/las-series-del-blog-frank-klepacki-bp40-accion\/\"},\"author\":{\"name\":\"Audio-Technica\",\"@id\":\"https:\/\/distribution.audio-technica.eu\/es-es\/#\/schema\/person\/e8e715e047e33cc425e816f59cbd9b80\"},\"headline\":\"Las series del blog de Frank Klepacki: BP40 en acci\u00f3n\",\"datePublished\":\"2016-10-14T18:46:43+00:00\",\"dateModified\":\"2023-10-17T16:39:50+00:00\",\"mainEntityOfPage\":{\"@id\":\"https:\/\/distribution.audio-technica.eu\/es-es\/noticias\/las-series-del-blog-frank-klepacki-bp40-accion\/\"},\"wordCount\":1002,\"image\":{\"@id\":\"https:\/\/distribution.audio-technica.eu\/es-es\/noticias\/las-series-del-blog-frank-klepacki-bp40-accion\/#primaryimage\"},\"thumbnailUrl\":\"\/app\/uploads\/sites\/2\/Dbp40-1.jpg\",\"keywords\":[\"BP40\",\"Micr\u00f3fonos\"],\"articleSection\":[\"Usuarios\"],\"inLanguage\":\"es\"},{\"@type\":\"WebPage\",\"@id\":\"https:\/\/distribution.audio-technica.eu\/es-es\/noticias\/las-series-del-blog-frank-klepacki-bp40-accion\/\",\"url\":\"https:\/\/distribution.audio-technica.eu\/es-es\/noticias\/las-series-del-blog-frank-klepacki-bp40-accion\/\",\"name\":\"Las series del blog de Frank Klepacki: BP40 en acci\u00f3n - Audio-Technica Iberia\",\"isPartOf\":{\"@id\":\"https:\/\/distribution.audio-technica.eu\/es-es\/#website\"},\"primaryImageOfPage\":{\"@id\":\"https:\/\/distribution.audio-technica.eu\/es-es\/noticias\/las-series-del-blog-frank-klepacki-bp40-accion\/#primaryimage\"},\"image\":{\"@id\":\"https:\/\/distribution.audio-technica.eu\/es-es\/noticias\/las-series-del-blog-frank-klepacki-bp40-accion\/#primaryimage\"},\"thumbnailUrl\":\"\/app\/uploads\/sites\/2\/Dbp40-1.jpg\",\"datePublished\":\"2016-10-14T18:46:43+00:00\",\"dateModified\":\"2023-10-17T16:39:50+00:00\",\"author\":{\"@id\":\"https:\/\/distribution.audio-technica.eu\/es-es\/#\/schema\/person\/e8e715e047e33cc425e816f59cbd9b80\"},\"breadcrumb\":{\"@id\":\"https:\/\/distribution.audio-technica.eu\/es-es\/noticias\/las-series-del-blog-frank-klepacki-bp40-accion\/#breadcrumb\"},\"inLanguage\":\"es\",\"potentialAction\":[{\"@type\":\"ReadAction\",\"target\":[\"https:\/\/distribution.audio-technica.eu\/es-es\/noticias\/las-series-del-blog-frank-klepacki-bp40-accion\/\"]}]},{\"@type\":\"ImageObject\",\"inLanguage\":\"es\",\"@id\":\"https:\/\/distribution.audio-technica.eu\/es-es\/noticias\/las-series-del-blog-frank-klepacki-bp40-accion\/#primaryimage\",\"url\":\"\/app\/uploads\/sites\/2\/Dbp40-1.jpg\",\"contentUrl\":\"\/app\/uploads\/sites\/2\/Dbp40-1.jpg\",\"width\":640,\"height\":360},{\"@type\":\"BreadcrumbList\",\"@id\":\"https:\/\/distribution.audio-technica.eu\/es-es\/noticias\/las-series-del-blog-frank-klepacki-bp40-accion\/#breadcrumb\",\"itemListElement\":[{\"@type\":\"ListItem\",\"position\":1,\"name\":\"Products\",\"item\":\"https:\/\/distribution.audio-technica.eu\/es-es\/\"},{\"@type\":\"ListItem\",\"position\":2,\"name\":\"Las series del blog de Frank Klepacki: BP40 en acci\u00f3n\"}]},{\"@type\":\"WebSite\",\"@id\":\"https:\/\/distribution.audio-technica.eu\/es-es\/#website\",\"url\":\"https:\/\/distribution.audio-technica.eu\/es-es\/\",\"name\":\"Audio-Technica Iberia\",\"description\":\"Distribuci\u00f3n\",\"potentialAction\":[{\"@type\":\"SearchAction\",\"target\":{\"@type\":\"EntryPoint\",\"urlTemplate\":\"https:\/\/distribution.audio-technica.eu\/es-es\/?s={search_term_string}\"},\"query-input\":{\"@type\":\"PropertyValueSpecification\",\"valueRequired\":true,\"valueName\":\"search_term_string\"}}],\"inLanguage\":\"es\"},{\"@type\":\"Person\",\"@id\":\"https:\/\/distribution.audio-technica.eu\/es-es\/#\/schema\/person\/e8e715e047e33cc425e816f59cbd9b80\",\"name\":\"Audio-Technica\"}]}<\/script>\n<!-- \/ Yoast SEO plugin. -->","yoast_head_json":{"title":"Las series del blog de Frank Klepacki: BP40 en acci\u00f3n - Audio-Technica Iberia","robots":{"index":"index","follow":"follow","max-snippet":"max-snippet:-1","max-image-preview":"max-image-preview:large","max-video-preview":"max-video-preview:-1"},"canonical":"https:\/\/distribution.audio-technica.eu\/es-es\/noticias\/las-series-del-blog-frank-klepacki-bp40-accion\/","og_locale":"es_ES","og_type":"article","og_title":"Las series del blog de Frank Klepacki: BP40 en acci\u00f3n - Audio-Technica Iberia","og_description":"Esta es la 20\u00aa entrega de la serie de art\u00edculos del blogger invitado, Frank Klepacki, sobre producci\u00f3n musical.\u00a0Hoy Frank selecciona un micr\u00f3fono BP40 de Audio-Technica para una prueba de rodaje. Si te has perdido las anteriores publicaciones de Frank, puedes leerlas aqu\u00ed. He tenido la oportunidad de probar el micr\u00f3fono din\u00e1mico de gran diafragma para [&hellip;]","og_url":"https:\/\/distribution.audio-technica.eu\/es-es\/noticias\/las-series-del-blog-frank-klepacki-bp40-accion\/","og_site_name":"Audio-Technica Iberia","article_published_time":"2016-10-14T18:46:43+00:00","article_modified_time":"2023-10-17T16:39:50+00:00","og_image":[{"width":640,"height":360,"url":"https:\/\/distribution.audio-technica.eu\/app\/uploads\/sites\/2\/Dbp40-1.jpg","type":"image\/jpeg"}],"author":"Audio-Technica","twitter_card":"summary_large_image","twitter_misc":{"Escrito por":"Audio-Technica","Tiempo de lectura":"5 minutos"},"schema":{"@context":"https:\/\/schema.org","@graph":[{"@type":"Article","@id":"https:\/\/distribution.audio-technica.eu\/es-es\/noticias\/las-series-del-blog-frank-klepacki-bp40-accion\/#article","isPartOf":{"@id":"https:\/\/distribution.audio-technica.eu\/es-es\/noticias\/las-series-del-blog-frank-klepacki-bp40-accion\/"},"author":{"name":"Audio-Technica","@id":"https:\/\/distribution.audio-technica.eu\/es-es\/#\/schema\/person\/e8e715e047e33cc425e816f59cbd9b80"},"headline":"Las series del blog de Frank Klepacki: BP40 en acci\u00f3n","datePublished":"2016-10-14T18:46:43+00:00","dateModified":"2023-10-17T16:39:50+00:00","mainEntityOfPage":{"@id":"https:\/\/distribution.audio-technica.eu\/es-es\/noticias\/las-series-del-blog-frank-klepacki-bp40-accion\/"},"wordCount":1002,"image":{"@id":"https:\/\/distribution.audio-technica.eu\/es-es\/noticias\/las-series-del-blog-frank-klepacki-bp40-accion\/#primaryimage"},"thumbnailUrl":"\/app\/uploads\/sites\/2\/Dbp40-1.jpg","keywords":["BP40","Micr\u00f3fonos"],"articleSection":["Usuarios"],"inLanguage":"es"},{"@type":"WebPage","@id":"https:\/\/distribution.audio-technica.eu\/es-es\/noticias\/las-series-del-blog-frank-klepacki-bp40-accion\/","url":"https:\/\/distribution.audio-technica.eu\/es-es\/noticias\/las-series-del-blog-frank-klepacki-bp40-accion\/","name":"Las series del blog de Frank Klepacki: BP40 en acci\u00f3n - Audio-Technica Iberia","isPartOf":{"@id":"https:\/\/distribution.audio-technica.eu\/es-es\/#website"},"primaryImageOfPage":{"@id":"https:\/\/distribution.audio-technica.eu\/es-es\/noticias\/las-series-del-blog-frank-klepacki-bp40-accion\/#primaryimage"},"image":{"@id":"https:\/\/distribution.audio-technica.eu\/es-es\/noticias\/las-series-del-blog-frank-klepacki-bp40-accion\/#primaryimage"},"thumbnailUrl":"\/app\/uploads\/sites\/2\/Dbp40-1.jpg","datePublished":"2016-10-14T18:46:43+00:00","dateModified":"2023-10-17T16:39:50+00:00","author":{"@id":"https:\/\/distribution.audio-technica.eu\/es-es\/#\/schema\/person\/e8e715e047e33cc425e816f59cbd9b80"},"breadcrumb":{"@id":"https:\/\/distribution.audio-technica.eu\/es-es\/noticias\/las-series-del-blog-frank-klepacki-bp40-accion\/#breadcrumb"},"inLanguage":"es","potentialAction":[{"@type":"ReadAction","target":["https:\/\/distribution.audio-technica.eu\/es-es\/noticias\/las-series-del-blog-frank-klepacki-bp40-accion\/"]}]},{"@type":"ImageObject","inLanguage":"es","@id":"https:\/\/distribution.audio-technica.eu\/es-es\/noticias\/las-series-del-blog-frank-klepacki-bp40-accion\/#primaryimage","url":"\/app\/uploads\/sites\/2\/Dbp40-1.jpg","contentUrl":"\/app\/uploads\/sites\/2\/Dbp40-1.jpg","width":640,"height":360},{"@type":"BreadcrumbList","@id":"https:\/\/distribution.audio-technica.eu\/es-es\/noticias\/las-series-del-blog-frank-klepacki-bp40-accion\/#breadcrumb","itemListElement":[{"@type":"ListItem","position":1,"name":"Products","item":"https:\/\/distribution.audio-technica.eu\/es-es\/"},{"@type":"ListItem","position":2,"name":"Las series del blog de Frank Klepacki: BP40 en acci\u00f3n"}]},{"@type":"WebSite","@id":"https:\/\/distribution.audio-technica.eu\/es-es\/#website","url":"https:\/\/distribution.audio-technica.eu\/es-es\/","name":"Audio-Technica Iberia","description":"Distribuci\u00f3n","potentialAction":[{"@type":"SearchAction","target":{"@type":"EntryPoint","urlTemplate":"https:\/\/distribution.audio-technica.eu\/es-es\/?s={search_term_string}"},"query-input":{"@type":"PropertyValueSpecification","valueRequired":true,"valueName":"search_term_string"}}],"inLanguage":"es"},{"@type":"Person","@id":"https:\/\/distribution.audio-technica.eu\/es-es\/#\/schema\/person\/e8e715e047e33cc425e816f59cbd9b80","name":"Audio-Technica"}]}},"_links":{"self":[{"href":"https:\/\/distribution.audio-technica.eu\/es-es\/wp-json\/wp\/v2\/posts\/549","targetHints":{"allow":["GET"]}}],"collection":[{"href":"https:\/\/distribution.audio-technica.eu\/es-es\/wp-json\/wp\/v2\/posts"}],"about":[{"href":"https:\/\/distribution.audio-technica.eu\/es-es\/wp-json\/wp\/v2\/types\/post"}],"author":[{"embeddable":true,"href":"https:\/\/distribution.audio-technica.eu\/es-es\/wp-json\/wp\/v2\/users\/1"}],"replies":[{"embeddable":true,"href":"https:\/\/distribution.audio-technica.eu\/es-es\/wp-json\/wp\/v2\/comments?post=549"}],"version-history":[{"count":1,"href":"https:\/\/distribution.audio-technica.eu\/es-es\/wp-json\/wp\/v2\/posts\/549\/revisions"}],"predecessor-version":[{"id":30272,"href":"https:\/\/distribution.audio-technica.eu\/es-es\/wp-json\/wp\/v2\/posts\/549\/revisions\/30272"}],"wp:featuredmedia":[{"embeddable":true,"href":"https:\/\/distribution.audio-technica.eu\/es-es\/wp-json\/wp\/v2\/media\/562"}],"wp:attachment":[{"href":"https:\/\/distribution.audio-technica.eu\/es-es\/wp-json\/wp\/v2\/media?parent=549"}],"wp:term":[{"taxonomy":"category","embeddable":true,"href":"https:\/\/distribution.audio-technica.eu\/es-es\/wp-json\/wp\/v2\/categories?post=549"},{"taxonomy":"post_tag","embeddable":true,"href":"https:\/\/distribution.audio-technica.eu\/es-es\/wp-json\/wp\/v2\/tags?post=549"}],"curies":[{"name":"wp","href":"https:\/\/api.w.org\/{rel}","templated":true}]}}