{"id":9232,"date":"2016-06-28T11:15:29","date_gmt":"2016-06-28T09:15:29","guid":{"rendered":"http:\/\/noticias.audio-technica.es\/?p=110"},"modified":"2023-07-31T11:33:42","modified_gmt":"2023-07-31T09:33:42","slug":"genelec-presenta-una-nueva-generacion-de-monitores-sam","status":"publish","type":"post","link":"https:\/\/distribution.audio-technica.eu\/es-es\/noticias\/genelec-presenta-una-nueva-generacion-de-monitores-sam\/","title":{"rendered":"Genelec presenta una nueva generaci\u00f3n de monitores SAM"},"content":{"rendered":"<h2 style=\"text-align: left\">Cinco nuevos y espectaculares modelos se han a\u00f1adido a la serie de monitores SAM, considerados como un referente indiscutible de la industria. Los nuevos modelos presentan DSPs m\u00e1s potentes y amplificaci\u00f3n en Clase D, entre otras caracter\u00edsticas. Con esta nueva generaci\u00f3n de productos llega tambi\u00e9n un espectacular paso adelante en la tecnolog\u00eda AoIP con el nuevo monitor 8430.<\/h2>\n<p style=\"text-align: left\"><img loading=\"lazy\" decoding=\"async\" class=\"aligncenter size-full wp-image-112\" src=\"http:\/\/noticias.audio-technica.es\/wp-content\/uploads\/694_genelec_sam1.jpg\" alt=\"Genelec presenta una nueva generaci\u00f3n de monitores SAM\" width=\"640\" height=\"400\" \/><\/p>\n<p style=\"text-align: left\" align=\"justify\"><span class=\"texte\">El proyecto de investigaci\u00f3n y desarrollo SAM\u2122 se inici\u00f3 a principios de 1990, y el primer producto desarrollado bajo estas premisas fue presentado en 2006, estableciendo un nuevo est\u00e1ndar en la monitorizaci\u00f3n de audio. 10 a\u00f1os despu\u00e9s del exitoso lanzamiento de las series 8200 y 7200, contin\u00faa el compromiso de Genelec por ofrecer las soluciones de monitorizaci\u00f3n m\u00e1s avanzadas.<\/span><\/p>\n<p style=\"text-align: left\" align=\"justify\"><span class=\"texte\">SAM es acr\u00f3nimo de \u201cSmart Active Monitoring\u201d, y es hoy por hoy la soluci\u00f3n m\u00e1s potente del mercado en t\u00e9rminos de gesti\u00f3n, control y calibraci\u00f3n por software de sistemas de escucha, desde est\u00e9reo hasta 30 canales. Muy especialmente, los estudios de postproducci\u00f3n de audio que trabajan en multicanal encuentran en los productos Genelec SAM una herramienta sin equivalente entre otros fabricantes.<\/span><\/p>\n<p style=\"text-align: left\" align=\"justify\"><span class=\"texte\">Los nuevos modelos <a href=\"http:\/\/eu.audio-technica.com\/brands\/genelec\/genelec-por-series\/serie-sam\/8340A?lang=es\" target=\"_blank\" rel=\"noopener\">8340 <\/a>y <a href=\"http:\/\/eu.audio-technica.com\/brands\/genelec\/genelec-por-series\/serie-sam\/8350A?lang=es\" target=\"_blank\" rel=\"noopener\">8350 <\/a>combinados con los nuevos subgraves <a href=\"http:\/\/eu.audio-technica.com\/brands\/genelec\/genelec-por-series\/serie-sam\/7360A?lang=es\" target=\"_blank\" rel=\"noopener\">7360 <\/a>y <a href=\"http:\/\/eu.audio-technica.com\/brands\/genelec\/genelec-por-series\/serie-sam\/7370A?lang=es\" target=\"_blank\" rel=\"noopener\">7370 <\/a>ofrecen sistemas de la m\u00e1xima flexibilidad para las m\u00e1s exigentes necesidades de monitorizaci\u00f3n, tanto en aplicaciones de audio anal\u00f3gico como digital.<\/span><\/p>\n<p style=\"text-align: left\" align=\"justify\"><span class=\"texte\">La nueva generaci\u00f3n de sistemas SAM incluye motores DSP de coma flotante, respuesta en fase lineal y unas capacidades de sinton\u00eda espectral y auto calibraci\u00f3n a\u00fan m\u00e1s refinadas, permitiendo una mejor integraci\u00f3n en la sala y mayor facilidad de uso en cualquier entorno. Su entrada de tensi\u00f3n universal permite su conexi\u00f3n a cualquier red el\u00e9ctrica, permiti\u00e9ndole desplazarse con sus monitores por todo el mundo sin problemas.<\/span><\/p>\n<p style=\"text-align: left\" align=\"justify\"><span class=\"texte\">Los amplificadores en clase D de alta eficiencia de Genelec combinados con los m\u00e1s avanzados transductores hacen posible que el 8340 y el 8350 consigan una presi\u00f3n sonora sensiblemente superior que sus predecesores con una amplia gama din\u00e1mica, una respuesta en frecuencia m\u00e1s plana y una distorsi\u00f3n extremadamente baja. Esto significa poder disfrutar de un sonido limpio, neutro, libre de fatiga auditiva y extremadamente preciso. Los nuevos monitores Inteligentes ofrecen todas las ventajas de la serie 8000, como el recinto Minimum Diffraction Enclosure (MDE\u2122) desarrollado por Genelec que proporciona una frecuencia de corte muy baja y una estructura libre de vibraciones para conseguir un sonido espectacularmente limpio a grandes niveles de salida. Su innovador Directivity Control Waveguide (DCW\u2122) tambi\u00e9n contribuye a conseguir una reproducci\u00f3n sonora de la m\u00e1xima precisi\u00f3n, en cualquier posici\u00f3n, tanto dentro como fuera del eje de escucha.<\/span><\/p>\n<p style=\"text-align: left\" align=\"justify\"><span class=\"texte\">Tambi\u00e9n formando parte de la l\u00ednea de nuevos productos SAM se ha presentado el monitor utilizable con audio sobre IP <a href=\"http:\/\/eu.audio-technica.com\/brands\/genelec\/genelec-por-series\/serie-sam\/8430A%20IP?lang=es\" target=\"_blank\" rel=\"noopener\">8430A<\/a>, compatible con AES67. Como primer monitor del mercado compatible con IP, el 8430A est\u00e1 llamado a convertirse en la herramienta imprescindible para sistemas de audio en red IP en estudios de grabaci\u00f3n, post-producci\u00f3n, salas de edici\u00f3n digital, radiodifusi\u00f3n y televisi\u00f3n.<\/span><\/p>\n<p style=\"text-align: left\" align=\"justify\">Los nuevos subgraves 7360 y 7370 Smart de Genelec han sido construidos con la tecnolog\u00eda Laminar Spiral Enclosure (LSE\u2122), que ya ha probado sobradamente su eficiencia, lo que les permite ofrecer unos graves articulados, precisos con una enorme capacidad din\u00e1mica, con mayor nivel de presi\u00f3n sonora y techo din\u00e1mico. Ambos subgraves incluyen un completo sistema de gesti\u00f3n de graves que ofrece entradas tanto 7.1 anal\u00f3gica como digital est\u00e9reo en un formato muy eficiente y rentable que no necesita de conversores AD adicionales externos.<\/p>\n<p style=\"text-align: left\" align=\"justify\"><img loading=\"lazy\" decoding=\"async\" class=\"aligncenter size-full wp-image-111\" src=\"http:\/\/noticias.audio-technica.es\/wp-content\/uploads\/694_genelec_glm.jpg\" alt=\"Genelec presenta una nueva generaci\u00f3n de monitores SAM\" width=\"640\" height=\"415\" \/><\/p>\n<p style=\"text-align: left\" align=\"justify\"><span class=\"texte\">El software <a href=\"http:\/\/eu.audio-technica.com\/brands\/genelec\/genelec-por-series\/serie-sam\/GLM%202.0?lang=es\" target=\"_blank\" rel=\"noopener\">Genelec Loudspeaker Manager (GLM\u2122 2.0)<\/a> forma parte del sistema GLM, un potente e intuitivo sistema de control de monitores en red que gestiona la conectividad de todos los sistemas SAM de Genelec. La tecnolog\u00eda inteligente GLM AutoCal\u2122 mejora la precisi\u00f3n en la monitorizaci\u00f3n compens\u00e1ndo las deficiencias en el entorno de audici\u00f3n. Despu\u00e9s de una calibraci\u00f3n autom\u00e1tica, basada en una o m\u00e1s posiciones de escucha, todos los componentes en el sistema reproducen con el mismo nivel, eliminando de la respuesta de los monitores todas las coloraciones ac\u00fasticas, dejando un sonido con una consistencia soberbia y una imagen sonora neutra.<\/span><\/p>\n<p style=\"text-align: left\" align=\"justify\"><span class=\"texte\">El software GLM 2.0 permite a todos los usuarios de monitores SAM poder beneficiarse de la evoluci\u00f3n continuada de la tecnolog\u00eda SAM por medio del uso de un interface de usuario basado en Mac y Windows. Adem\u00e1s, los nuevos sistemas SAM son compatibles con modelos anteriores, permitiendo ampliar f\u00e1cilmente cualquier sistema de monitorizaci\u00f3n ya existente, asegurando la rentabilidad de inversiones realizadas anteriormente en productos Genelec. Los sistemas SAM son las soluciones de monitorizaci\u00f3n m\u00e1s avanzadas y flexibles disponibles en el mercado actual, y son una referencia absoluta en monitorizaci\u00f3n de audio en estudios de broadcast, postproducci\u00f3n, cine y m\u00fasica.\u00a0<\/span><\/p>\n<p style=\"text-align: left\" align=\"justify\"><span class=\"texte\"><a href=\"http:\/\/eu.audio-technica.com\/brands\/genelec\/genelec-por-series\/serie-sam?lang=es\" target=\"_blank\" rel=\"noopener\">M\u00e1s informaci\u00f3n sobre los sistemas SAM de Genelec<\/a><\/span><\/p>\n","protected":false},"excerpt":{"rendered":"<p>Cinco nuevos y espectaculares modelos se han a\u00f1adido a la serie de monitores SAM, considerados como un referente indiscutible de la industria. Los nuevos modelos presentan DSPs m\u00e1s potentes y amplificaci\u00f3n en Clase D, entre otras caracter\u00edsticas. Con esta nueva generaci\u00f3n de productos llega tambi\u00e9n un espectacular paso adelante en la tecnolog\u00eda AoIP con el [&hellip;]<\/p>\n","protected":false},"author":1,"featured_media":258,"comment_status":"closed","ping_status":"closed","sticky":false,"template":"","format":"standard","meta":{"_acf_changed":false,"footnotes":""},"categories":[2456],"tags":[1621,1622,1623,1624,1625,1626,1565,1567],"class_list":["post-9232","post","type-post","status-publish","format-standard","has-post-thumbnail","hentry","category-novedades","tag-7360a","tag-7370a","tag-8340a","tag-8350a","tag-8430a","tag-aoip","tag-glm","tag-sam"],"acf":[],"yoast_head":"<!-- This site is optimized with the Yoast SEO plugin v27.1.1 - https:\/\/yoast.com\/product\/yoast-seo-wordpress\/ -->\n<title>Genelec presenta una nueva generaci\u00f3n de monitores SAM - Audio-Technica Iberia<\/title>\n<meta name=\"robots\" content=\"index, follow, max-snippet:-1, max-image-preview:large, max-video-preview:-1\" \/>\n<link rel=\"canonical\" href=\"https:\/\/distribution.audio-technica.eu\/es-es\/noticias\/genelec-presenta-una-nueva-generacion-de-monitores-sam\/\" \/>\n<meta property=\"og:locale\" content=\"es_ES\" \/>\n<meta property=\"og:type\" content=\"article\" \/>\n<meta property=\"og:title\" content=\"Genelec presenta una nueva generaci\u00f3n de monitores SAM - Audio-Technica Iberia\" \/>\n<meta property=\"og:description\" content=\"Cinco nuevos y espectaculares modelos se han a\u00f1adido a la serie de monitores SAM, considerados como un referente indiscutible de la industria. Los nuevos modelos presentan DSPs m\u00e1s potentes y amplificaci\u00f3n en Clase D, entre otras caracter\u00edsticas. Con esta nueva generaci\u00f3n de productos llega tambi\u00e9n un espectacular paso adelante en la tecnolog\u00eda AoIP con el [&hellip;]\" \/>\n<meta property=\"og:url\" content=\"https:\/\/distribution.audio-technica.eu\/es-es\/noticias\/genelec-presenta-una-nueva-generacion-de-monitores-sam\/\" \/>\n<meta property=\"og:site_name\" content=\"Audio-Technica Iberia\" \/>\n<meta property=\"article:published_time\" content=\"2016-06-28T09:15:29+00:00\" \/>\n<meta property=\"article:modified_time\" content=\"2023-07-31T09:33:42+00:00\" \/>\n<meta property=\"og:image\" content=\"https:\/\/distribution.audio-technica.eu\/app\/uploads\/sites\/2\/DGenelec_SAM.jpg\" \/>\n\t<meta property=\"og:image:width\" content=\"640\" \/>\n\t<meta property=\"og:image:height\" content=\"360\" \/>\n\t<meta property=\"og:image:type\" content=\"image\/jpeg\" \/>\n<meta name=\"author\" content=\"Audio-Technica\" \/>\n<meta name=\"twitter:card\" content=\"summary_large_image\" \/>\n<meta name=\"twitter:label1\" content=\"Escrito por\" \/>\n\t<meta name=\"twitter:data1\" content=\"Audio-Technica\" \/>\n\t<meta name=\"twitter:label2\" content=\"Tiempo de lectura\" \/>\n\t<meta name=\"twitter:data2\" content=\"4 minutos\" \/>\n<script type=\"application\/ld+json\" class=\"yoast-schema-graph\">{\"@context\":\"https:\/\/schema.org\",\"@graph\":[{\"@type\":\"Article\",\"@id\":\"https:\/\/distribution.audio-technica.eu\/es-es\/noticias\/genelec-presenta-una-nueva-generacion-de-monitores-sam\/#article\",\"isPartOf\":{\"@id\":\"https:\/\/distribution.audio-technica.eu\/es-es\/noticias\/genelec-presenta-una-nueva-generacion-de-monitores-sam\/\"},\"author\":{\"name\":\"Audio-Technica\",\"@id\":\"https:\/\/distribution.audio-technica.eu\/es-es\/#\/schema\/person\/e8e715e047e33cc425e816f59cbd9b80\"},\"headline\":\"Genelec presenta una nueva generaci\u00f3n de monitores SAM\",\"datePublished\":\"2016-06-28T09:15:29+00:00\",\"dateModified\":\"2023-07-31T09:33:42+00:00\",\"mainEntityOfPage\":{\"@id\":\"https:\/\/distribution.audio-technica.eu\/es-es\/noticias\/genelec-presenta-una-nueva-generacion-de-monitores-sam\/\"},\"wordCount\":843,\"image\":{\"@id\":\"https:\/\/distribution.audio-technica.eu\/es-es\/noticias\/genelec-presenta-una-nueva-generacion-de-monitores-sam\/#primaryimage\"},\"thumbnailUrl\":\"\/app\/uploads\/sites\/2\/DGenelec_SAM.jpg\",\"keywords\":[\"7360A\",\"7370A\",\"8340A\",\"8350A\",\"8430A\",\"AoIP\",\"GLM\",\"SAM\"],\"articleSection\":[\"Novedades\"],\"inLanguage\":\"es\"},{\"@type\":\"WebPage\",\"@id\":\"https:\/\/distribution.audio-technica.eu\/es-es\/noticias\/genelec-presenta-una-nueva-generacion-de-monitores-sam\/\",\"url\":\"https:\/\/distribution.audio-technica.eu\/es-es\/noticias\/genelec-presenta-una-nueva-generacion-de-monitores-sam\/\",\"name\":\"Genelec presenta una nueva generaci\u00f3n de monitores SAM - Audio-Technica Iberia\",\"isPartOf\":{\"@id\":\"https:\/\/distribution.audio-technica.eu\/es-es\/#website\"},\"primaryImageOfPage\":{\"@id\":\"https:\/\/distribution.audio-technica.eu\/es-es\/noticias\/genelec-presenta-una-nueva-generacion-de-monitores-sam\/#primaryimage\"},\"image\":{\"@id\":\"https:\/\/distribution.audio-technica.eu\/es-es\/noticias\/genelec-presenta-una-nueva-generacion-de-monitores-sam\/#primaryimage\"},\"thumbnailUrl\":\"\/app\/uploads\/sites\/2\/DGenelec_SAM.jpg\",\"datePublished\":\"2016-06-28T09:15:29+00:00\",\"dateModified\":\"2023-07-31T09:33:42+00:00\",\"author\":{\"@id\":\"https:\/\/distribution.audio-technica.eu\/es-es\/#\/schema\/person\/e8e715e047e33cc425e816f59cbd9b80\"},\"breadcrumb\":{\"@id\":\"https:\/\/distribution.audio-technica.eu\/es-es\/noticias\/genelec-presenta-una-nueva-generacion-de-monitores-sam\/#breadcrumb\"},\"inLanguage\":\"es\",\"potentialAction\":[{\"@type\":\"ReadAction\",\"target\":[\"https:\/\/distribution.audio-technica.eu\/es-es\/noticias\/genelec-presenta-una-nueva-generacion-de-monitores-sam\/\"]}]},{\"@type\":\"ImageObject\",\"inLanguage\":\"es\",\"@id\":\"https:\/\/distribution.audio-technica.eu\/es-es\/noticias\/genelec-presenta-una-nueva-generacion-de-monitores-sam\/#primaryimage\",\"url\":\"\/app\/uploads\/sites\/2\/DGenelec_SAM.jpg\",\"contentUrl\":\"\/app\/uploads\/sites\/2\/DGenelec_SAM.jpg\",\"width\":640,\"height\":360,\"caption\":\"Genelec presenta una nueva generaci\u00f3n de monitores SAM\"},{\"@type\":\"BreadcrumbList\",\"@id\":\"https:\/\/distribution.audio-technica.eu\/es-es\/noticias\/genelec-presenta-una-nueva-generacion-de-monitores-sam\/#breadcrumb\",\"itemListElement\":[{\"@type\":\"ListItem\",\"position\":1,\"name\":\"Products\",\"item\":\"https:\/\/distribution.audio-technica.eu\/es-es\/\"},{\"@type\":\"ListItem\",\"position\":2,\"name\":\"Genelec presenta una nueva generaci\u00f3n de monitores SAM\"}]},{\"@type\":\"WebSite\",\"@id\":\"https:\/\/distribution.audio-technica.eu\/es-es\/#website\",\"url\":\"https:\/\/distribution.audio-technica.eu\/es-es\/\",\"name\":\"Audio-Technica Iberia\",\"description\":\"Distribuci\u00f3n\",\"potentialAction\":[{\"@type\":\"SearchAction\",\"target\":{\"@type\":\"EntryPoint\",\"urlTemplate\":\"https:\/\/distribution.audio-technica.eu\/es-es\/?s={search_term_string}\"},\"query-input\":{\"@type\":\"PropertyValueSpecification\",\"valueRequired\":true,\"valueName\":\"search_term_string\"}}],\"inLanguage\":\"es\"},{\"@type\":\"Person\",\"@id\":\"https:\/\/distribution.audio-technica.eu\/es-es\/#\/schema\/person\/e8e715e047e33cc425e816f59cbd9b80\",\"name\":\"Audio-Technica\"}]}<\/script>\n<!-- \/ Yoast SEO plugin. -->","yoast_head_json":{"title":"Genelec presenta una nueva generaci\u00f3n de monitores SAM - Audio-Technica Iberia","robots":{"index":"index","follow":"follow","max-snippet":"max-snippet:-1","max-image-preview":"max-image-preview:large","max-video-preview":"max-video-preview:-1"},"canonical":"https:\/\/distribution.audio-technica.eu\/es-es\/noticias\/genelec-presenta-una-nueva-generacion-de-monitores-sam\/","og_locale":"es_ES","og_type":"article","og_title":"Genelec presenta una nueva generaci\u00f3n de monitores SAM - Audio-Technica Iberia","og_description":"Cinco nuevos y espectaculares modelos se han a\u00f1adido a la serie de monitores SAM, considerados como un referente indiscutible de la industria. Los nuevos modelos presentan DSPs m\u00e1s potentes y amplificaci\u00f3n en Clase D, entre otras caracter\u00edsticas. Con esta nueva generaci\u00f3n de productos llega tambi\u00e9n un espectacular paso adelante en la tecnolog\u00eda AoIP con el [&hellip;]","og_url":"https:\/\/distribution.audio-technica.eu\/es-es\/noticias\/genelec-presenta-una-nueva-generacion-de-monitores-sam\/","og_site_name":"Audio-Technica Iberia","article_published_time":"2016-06-28T09:15:29+00:00","article_modified_time":"2023-07-31T09:33:42+00:00","og_image":[{"width":640,"height":360,"url":"https:\/\/distribution.audio-technica.eu\/app\/uploads\/sites\/2\/DGenelec_SAM.jpg","type":"image\/jpeg"}],"author":"Audio-Technica","twitter_card":"summary_large_image","twitter_misc":{"Escrito por":"Audio-Technica","Tiempo de lectura":"4 minutos"},"schema":{"@context":"https:\/\/schema.org","@graph":[{"@type":"Article","@id":"https:\/\/distribution.audio-technica.eu\/es-es\/noticias\/genelec-presenta-una-nueva-generacion-de-monitores-sam\/#article","isPartOf":{"@id":"https:\/\/distribution.audio-technica.eu\/es-es\/noticias\/genelec-presenta-una-nueva-generacion-de-monitores-sam\/"},"author":{"name":"Audio-Technica","@id":"https:\/\/distribution.audio-technica.eu\/es-es\/#\/schema\/person\/e8e715e047e33cc425e816f59cbd9b80"},"headline":"Genelec presenta una nueva generaci\u00f3n de monitores SAM","datePublished":"2016-06-28T09:15:29+00:00","dateModified":"2023-07-31T09:33:42+00:00","mainEntityOfPage":{"@id":"https:\/\/distribution.audio-technica.eu\/es-es\/noticias\/genelec-presenta-una-nueva-generacion-de-monitores-sam\/"},"wordCount":843,"image":{"@id":"https:\/\/distribution.audio-technica.eu\/es-es\/noticias\/genelec-presenta-una-nueva-generacion-de-monitores-sam\/#primaryimage"},"thumbnailUrl":"\/app\/uploads\/sites\/2\/DGenelec_SAM.jpg","keywords":["7360A","7370A","8340A","8350A","8430A","AoIP","GLM","SAM"],"articleSection":["Novedades"],"inLanguage":"es"},{"@type":"WebPage","@id":"https:\/\/distribution.audio-technica.eu\/es-es\/noticias\/genelec-presenta-una-nueva-generacion-de-monitores-sam\/","url":"https:\/\/distribution.audio-technica.eu\/es-es\/noticias\/genelec-presenta-una-nueva-generacion-de-monitores-sam\/","name":"Genelec presenta una nueva generaci\u00f3n de monitores SAM - Audio-Technica Iberia","isPartOf":{"@id":"https:\/\/distribution.audio-technica.eu\/es-es\/#website"},"primaryImageOfPage":{"@id":"https:\/\/distribution.audio-technica.eu\/es-es\/noticias\/genelec-presenta-una-nueva-generacion-de-monitores-sam\/#primaryimage"},"image":{"@id":"https:\/\/distribution.audio-technica.eu\/es-es\/noticias\/genelec-presenta-una-nueva-generacion-de-monitores-sam\/#primaryimage"},"thumbnailUrl":"\/app\/uploads\/sites\/2\/DGenelec_SAM.jpg","datePublished":"2016-06-28T09:15:29+00:00","dateModified":"2023-07-31T09:33:42+00:00","author":{"@id":"https:\/\/distribution.audio-technica.eu\/es-es\/#\/schema\/person\/e8e715e047e33cc425e816f59cbd9b80"},"breadcrumb":{"@id":"https:\/\/distribution.audio-technica.eu\/es-es\/noticias\/genelec-presenta-una-nueva-generacion-de-monitores-sam\/#breadcrumb"},"inLanguage":"es","potentialAction":[{"@type":"ReadAction","target":["https:\/\/distribution.audio-technica.eu\/es-es\/noticias\/genelec-presenta-una-nueva-generacion-de-monitores-sam\/"]}]},{"@type":"ImageObject","inLanguage":"es","@id":"https:\/\/distribution.audio-technica.eu\/es-es\/noticias\/genelec-presenta-una-nueva-generacion-de-monitores-sam\/#primaryimage","url":"\/app\/uploads\/sites\/2\/DGenelec_SAM.jpg","contentUrl":"\/app\/uploads\/sites\/2\/DGenelec_SAM.jpg","width":640,"height":360,"caption":"Genelec presenta una nueva generaci\u00f3n de monitores SAM"},{"@type":"BreadcrumbList","@id":"https:\/\/distribution.audio-technica.eu\/es-es\/noticias\/genelec-presenta-una-nueva-generacion-de-monitores-sam\/#breadcrumb","itemListElement":[{"@type":"ListItem","position":1,"name":"Products","item":"https:\/\/distribution.audio-technica.eu\/es-es\/"},{"@type":"ListItem","position":2,"name":"Genelec presenta una nueva generaci\u00f3n de monitores SAM"}]},{"@type":"WebSite","@id":"https:\/\/distribution.audio-technica.eu\/es-es\/#website","url":"https:\/\/distribution.audio-technica.eu\/es-es\/","name":"Audio-Technica Iberia","description":"Distribuci\u00f3n","potentialAction":[{"@type":"SearchAction","target":{"@type":"EntryPoint","urlTemplate":"https:\/\/distribution.audio-technica.eu\/es-es\/?s={search_term_string}"},"query-input":{"@type":"PropertyValueSpecification","valueRequired":true,"valueName":"search_term_string"}}],"inLanguage":"es"},{"@type":"Person","@id":"https:\/\/distribution.audio-technica.eu\/es-es\/#\/schema\/person\/e8e715e047e33cc425e816f59cbd9b80","name":"Audio-Technica"}]}},"_links":{"self":[{"href":"https:\/\/distribution.audio-technica.eu\/es-es\/wp-json\/wp\/v2\/posts\/9232","targetHints":{"allow":["GET"]}}],"collection":[{"href":"https:\/\/distribution.audio-technica.eu\/es-es\/wp-json\/wp\/v2\/posts"}],"about":[{"href":"https:\/\/distribution.audio-technica.eu\/es-es\/wp-json\/wp\/v2\/types\/post"}],"author":[{"embeddable":true,"href":"https:\/\/distribution.audio-technica.eu\/es-es\/wp-json\/wp\/v2\/users\/1"}],"replies":[{"embeddable":true,"href":"https:\/\/distribution.audio-technica.eu\/es-es\/wp-json\/wp\/v2\/comments?post=9232"}],"version-history":[{"count":1,"href":"https:\/\/distribution.audio-technica.eu\/es-es\/wp-json\/wp\/v2\/posts\/9232\/revisions"}],"predecessor-version":[{"id":27156,"href":"https:\/\/distribution.audio-technica.eu\/es-es\/wp-json\/wp\/v2\/posts\/9232\/revisions\/27156"}],"wp:featuredmedia":[{"embeddable":true,"href":"https:\/\/distribution.audio-technica.eu\/es-es\/wp-json\/wp\/v2\/media\/258"}],"wp:attachment":[{"href":"https:\/\/distribution.audio-technica.eu\/es-es\/wp-json\/wp\/v2\/media?parent=9232"}],"wp:term":[{"taxonomy":"category","embeddable":true,"href":"https:\/\/distribution.audio-technica.eu\/es-es\/wp-json\/wp\/v2\/categories?post=9232"},{"taxonomy":"post_tag","embeddable":true,"href":"https:\/\/distribution.audio-technica.eu\/es-es\/wp-json\/wp\/v2\/tags?post=9232"}],"curies":[{"name":"wp","href":"https:\/\/api.w.org\/{rel}","templated":true}]}}