{"id":9241,"date":"2016-11-11T17:53:29","date_gmt":"2016-11-11T16:53:29","guid":{"rendered":"http:\/\/noticias.audio-technica.es\/?p=594"},"modified":"2023-10-17T18:39:37","modified_gmt":"2023-10-17T16:39:37","slug":"audio-technica-iberia-bitam-show-2016","status":"publish","type":"post","link":"https:\/\/distribution.audio-technica.eu\/es-es\/noticias\/audio-technica-iberia-bitam-show-2016\/","title":{"rendered":"Audio-Technica Iberia en Bitam Show 2016"},"content":{"rendered":"<h2>Bitam Show 2016 celebrar\u00e1 su cuarta edici\u00f3n en el Pabell\u00f3n de Cristal del Recinto Ferial de la Casa de Campo de Madrid los d\u00edas 22, 23 y 24 de noviembre, y contar\u00e1 por primera vez con la presencia de Audio-Technica Iberia, que presentar\u00e1 productos de las marcas Audio-Technica, Genelec, Allen&amp;Heath y Audient especialmente orientados al mercado del broadcast.<\/h2>\n<p><a href=\"http:\/\/noticias.audio-technica.es\/wp-content\/uploads\/Bitam-2016-Dolby-Atmos-2.jpg\"><img loading=\"lazy\" decoding=\"async\" class=\"aligncenter size-full wp-image-596\" src=\"http:\/\/noticias.audio-technica.es\/wp-content\/uploads\/Bitam-2016-Dolby-Atmos-2.jpg\" alt=\"bitam-2016-dolby-atmos-2\" width=\"750\" height=\"500\" \/><\/a><\/p>\n<p>Bitam Show llega a su cuarta edici\u00f3n habiendo atesorado en tan corta vida un gran prestigio en el entorno del broadcast profesional. Audio-Technica Iberia estar\u00e1 presente por primera vez, contando con dos espacios de exposici\u00f3n: un stand y la Sala Dolby Atmos Genelec.<\/p>\n<p>En el primero de ellos, la empresa presentar\u00e1 una selecci\u00f3n de productos de las firmas <a href=\"http:\/\/eu.audio-technica.com?lang=es\">Audio-Technica<\/a>, <a href=\"http:\/\/eu.audio-technica.com\/brands\/genelec?lang=es\">Genelec<\/a>, <a href=\"http:\/\/eu.audio-technica.com\/brands\/allenheath?lang=es\">Allen&amp;Heath<\/a> y <a href=\"http:\/\/eu.audio-technica.com\/brands\/audient?lang=es\">Audient <\/a>orientados al mundo del broadcast. Una cuidada selecci\u00f3n de productos que incluir\u00e1, entre otros muchos, micr\u00f3fonos lavalier, micr\u00f3fonos para c\u00e1mara y otras soluciones para ENG de Audio-Technica, los avanzados sistemas de monitorizaci\u00f3n de Genelec, los eficientes interfaces de audio creados por Audient, o la avanzada consola digital de mezclas <a href=\"http:\/\/eu.audio-technica.com\/brands\/allenheath\/ah-por-series\/dlive?lang=es\">dLive <\/a>de Allen &amp; Heath que, adem\u00e1s de sus virtudes ya demostradas como una de las mejores mesas de directo del mercado, pondr\u00e1 en evidencia su utilidad como sistema de matriz, procesamiento y ruteado para broadcast. Para ello, el stand contar\u00e1 con una consola dLive en demostraci\u00f3n permanente durante los tres dias que durar\u00e1 el evento.<\/p>\n<p><a href=\"http:\/\/noticias.audio-technica.es\/wp-content\/uploads\/Bring-Me-The-Horizon-estrenan-la-mesa-dLive-S3000-en-la-sala-Razzmatazz-de-Barcelona2.jpg\"><img loading=\"lazy\" decoding=\"async\" class=\"aligncenter size-full wp-image-467\" src=\"http:\/\/noticias.audio-technica.es\/wp-content\/uploads\/Bring-Me-The-Horizon-estrenan-la-mesa-dLive-S3000-en-la-sala-Razzmatazz-de-Barcelona2.jpg\" alt=\"Bring Me The Horizon estrenan la mesa dLive S3000 en la sala Razzmatazz de Barcelona\" width=\"640\" height=\"338\" \/><\/a><\/p>\n<p>El segundo espacio en el que participar\u00e1 Audio-Technica Iberia ser\u00e1 la Sala Dolby Atmos Genelec. En este espacio se demostrar\u00e1 la efectividad de los sistemas <a href=\"http:\/\/eu.audio-technica.com\/brands\/genelec\/genelec-por-series\/serie-sam?lang=es\">Genelec SAM<\/a> en un entorno de trabajo sumamente realista, donde podr\u00e1 verse como es el flujo productivo en las salas de postproducci\u00f3n de audio multicanal, o incluso en las salas de mezcla de sonido para cine. Esta sala estar\u00e1 equipada con un sistema de monitores Genelec de 7.1.4 canales y, para demostrar los flujos de trabajo, se contar\u00e1 con un sistema Pro Tools HD, un sistema de codificaci\u00f3n \/decodificaci\u00f3n Dolby Atmos, etc. A lo largo de los tres d\u00edas, en este espacio se ofrecer\u00e1 charlas y demostraciones a cargo de Audio-Technica Iberia y Dolby. Tambi\u00e9n se contar\u00e1 con la participaci\u00f3n de invitados como Rafael Duyos desarrollador de la herramienta Dspatial (una potente aplicaci\u00f3n de panning 3D para mezclas de audio multicanal) o Jukka Latva-Hakuni, de Genelec.<\/p>\n<p>&nbsp;<\/p>\n<p><em>Fecha: 22, 23 y 24 de noviembre de 2016<\/em><\/p>\n<p><em>Horario: 10:00 a 18:30. Jueves 24 hasta las 15:00<\/em><\/p>\n<p><em>Lugar de celebraci\u00f3n:\u00a0 <\/em>Pabell\u00f3n de Cristal, Recinto Ferial de la Casa de Campo de Madrid. Av Principal 16, (Casa de Campo), 28011 Madrid<\/p>\n","protected":false},"excerpt":{"rendered":"<p>Bitam Show 2016 celebrar\u00e1 su cuarta edici\u00f3n en el Pabell\u00f3n de Cristal del Recinto Ferial de la Casa de Campo de Madrid los d\u00edas 22, 23 y 24 de noviembre, y contar\u00e1 por primera vez con la presencia de Audio-Technica Iberia, que presentar\u00e1 productos de las marcas Audio-Technica, Genelec, Allen&amp;Heath y Audient especialmente orientados al [&hellip;]<\/p>\n","protected":false},"author":1,"featured_media":6575,"comment_status":"closed","ping_status":"closed","sticky":false,"template":"","format":"standard","meta":{"_acf_changed":false,"footnotes":""},"categories":[1692,2458],"tags":[1689,1690,1646,1587,1691,1567,1644],"class_list":["post-9241","post","type-post","status-publish","format-standard","has-post-thumbnail","hentry","category-empresa","category-eventos","tag-atmos","tag-bitam","tag-broadcast","tag-dlive","tag-dolby","tag-sam","tag-surround"],"acf":[],"yoast_head":"<!-- This site is optimized with the Yoast SEO plugin v27.1.1 - https:\/\/yoast.com\/product\/yoast-seo-wordpress\/ -->\n<title>Audio-Technica Iberia en Bitam Show 2016 - Audio-Technica Iberia<\/title>\n<meta name=\"robots\" content=\"index, follow, max-snippet:-1, max-image-preview:large, max-video-preview:-1\" \/>\n<link rel=\"canonical\" href=\"https:\/\/distribution.audio-technica.eu\/es-es\/noticias\/audio-technica-iberia-bitam-show-2016\/\" \/>\n<meta property=\"og:locale\" content=\"es_ES\" \/>\n<meta property=\"og:type\" content=\"article\" \/>\n<meta property=\"og:title\" content=\"Audio-Technica Iberia en Bitam Show 2016 - Audio-Technica Iberia\" \/>\n<meta property=\"og:description\" content=\"Bitam Show 2016 celebrar\u00e1 su cuarta edici\u00f3n en el Pabell\u00f3n de Cristal del Recinto Ferial de la Casa de Campo de Madrid los d\u00edas 22, 23 y 24 de noviembre, y contar\u00e1 por primera vez con la presencia de Audio-Technica Iberia, que presentar\u00e1 productos de las marcas Audio-Technica, Genelec, Allen&amp;Heath y Audient especialmente orientados al [&hellip;]\" \/>\n<meta property=\"og:url\" content=\"https:\/\/distribution.audio-technica.eu\/es-es\/noticias\/audio-technica-iberia-bitam-show-2016\/\" \/>\n<meta property=\"og:site_name\" content=\"Audio-Technica Iberia\" \/>\n<meta property=\"article:published_time\" content=\"2016-11-11T16:53:29+00:00\" \/>\n<meta property=\"article:modified_time\" content=\"2023-10-17T16:39:37+00:00\" \/>\n<meta property=\"og:image\" content=\"https:\/\/distribution.audio-technica.eu\/app\/uploads\/sites\/2\/Bitam-2016-Dolby-Atmos-1.jpg\" \/>\n\t<meta property=\"og:image:width\" content=\"640\" \/>\n\t<meta property=\"og:image:height\" content=\"361\" \/>\n\t<meta property=\"og:image:type\" content=\"image\/jpeg\" \/>\n<meta name=\"author\" content=\"Audio-Technica\" \/>\n<meta name=\"twitter:card\" content=\"summary_large_image\" \/>\n<meta name=\"twitter:label1\" content=\"Escrito por\" \/>\n\t<meta name=\"twitter:data1\" content=\"Audio-Technica\" \/>\n\t<meta name=\"twitter:label2\" content=\"Tiempo de lectura\" \/>\n\t<meta name=\"twitter:data2\" content=\"2 minutos\" \/>\n<script type=\"application\/ld+json\" class=\"yoast-schema-graph\">{\"@context\":\"https:\/\/schema.org\",\"@graph\":[{\"@type\":\"Article\",\"@id\":\"https:\/\/distribution.audio-technica.eu\/es-es\/noticias\/audio-technica-iberia-bitam-show-2016\/#article\",\"isPartOf\":{\"@id\":\"https:\/\/distribution.audio-technica.eu\/es-es\/noticias\/audio-technica-iberia-bitam-show-2016\/\"},\"author\":{\"name\":\"Audio-Technica\",\"@id\":\"https:\/\/distribution.audio-technica.eu\/es-es\/#\/schema\/person\/e8e715e047e33cc425e816f59cbd9b80\"},\"headline\":\"Audio-Technica Iberia en Bitam Show 2016\",\"datePublished\":\"2016-11-11T16:53:29+00:00\",\"dateModified\":\"2023-10-17T16:39:37+00:00\",\"mainEntityOfPage\":{\"@id\":\"https:\/\/distribution.audio-technica.eu\/es-es\/noticias\/audio-technica-iberia-bitam-show-2016\/\"},\"wordCount\":435,\"image\":{\"@id\":\"https:\/\/distribution.audio-technica.eu\/es-es\/noticias\/audio-technica-iberia-bitam-show-2016\/#primaryimage\"},\"thumbnailUrl\":\"\/app\/uploads\/sites\/2\/Bitam-2016-Dolby-Atmos-1.jpg\",\"keywords\":[\"atmos\",\"BITAM\",\"broadcast\",\"dLive\",\"dolby\",\"SAM\",\"surround\"],\"articleSection\":[\"Empresa\",\"Eventos\"],\"inLanguage\":\"es\"},{\"@type\":\"WebPage\",\"@id\":\"https:\/\/distribution.audio-technica.eu\/es-es\/noticias\/audio-technica-iberia-bitam-show-2016\/\",\"url\":\"https:\/\/distribution.audio-technica.eu\/es-es\/noticias\/audio-technica-iberia-bitam-show-2016\/\",\"name\":\"Audio-Technica Iberia en Bitam Show 2016 - Audio-Technica Iberia\",\"isPartOf\":{\"@id\":\"https:\/\/distribution.audio-technica.eu\/es-es\/#website\"},\"primaryImageOfPage\":{\"@id\":\"https:\/\/distribution.audio-technica.eu\/es-es\/noticias\/audio-technica-iberia-bitam-show-2016\/#primaryimage\"},\"image\":{\"@id\":\"https:\/\/distribution.audio-technica.eu\/es-es\/noticias\/audio-technica-iberia-bitam-show-2016\/#primaryimage\"},\"thumbnailUrl\":\"\/app\/uploads\/sites\/2\/Bitam-2016-Dolby-Atmos-1.jpg\",\"datePublished\":\"2016-11-11T16:53:29+00:00\",\"dateModified\":\"2023-10-17T16:39:37+00:00\",\"author\":{\"@id\":\"https:\/\/distribution.audio-technica.eu\/es-es\/#\/schema\/person\/e8e715e047e33cc425e816f59cbd9b80\"},\"breadcrumb\":{\"@id\":\"https:\/\/distribution.audio-technica.eu\/es-es\/noticias\/audio-technica-iberia-bitam-show-2016\/#breadcrumb\"},\"inLanguage\":\"es\",\"potentialAction\":[{\"@type\":\"ReadAction\",\"target\":[\"https:\/\/distribution.audio-technica.eu\/es-es\/noticias\/audio-technica-iberia-bitam-show-2016\/\"]}]},{\"@type\":\"ImageObject\",\"inLanguage\":\"es\",\"@id\":\"https:\/\/distribution.audio-technica.eu\/es-es\/noticias\/audio-technica-iberia-bitam-show-2016\/#primaryimage\",\"url\":\"\/app\/uploads\/sites\/2\/Bitam-2016-Dolby-Atmos-1.jpg\",\"contentUrl\":\"\/app\/uploads\/sites\/2\/Bitam-2016-Dolby-Atmos-1.jpg\",\"width\":640,\"height\":361,\"caption\":\"Audio-Technica Iberia en Bitam Show 2016\"},{\"@type\":\"BreadcrumbList\",\"@id\":\"https:\/\/distribution.audio-technica.eu\/es-es\/noticias\/audio-technica-iberia-bitam-show-2016\/#breadcrumb\",\"itemListElement\":[{\"@type\":\"ListItem\",\"position\":1,\"name\":\"Products\",\"item\":\"https:\/\/distribution.audio-technica.eu\/es-es\/\"},{\"@type\":\"ListItem\",\"position\":2,\"name\":\"Audio-Technica Iberia en Bitam Show 2016\"}]},{\"@type\":\"WebSite\",\"@id\":\"https:\/\/distribution.audio-technica.eu\/es-es\/#website\",\"url\":\"https:\/\/distribution.audio-technica.eu\/es-es\/\",\"name\":\"Audio-Technica Iberia\",\"description\":\"Distribuci\u00f3n\",\"potentialAction\":[{\"@type\":\"SearchAction\",\"target\":{\"@type\":\"EntryPoint\",\"urlTemplate\":\"https:\/\/distribution.audio-technica.eu\/es-es\/?s={search_term_string}\"},\"query-input\":{\"@type\":\"PropertyValueSpecification\",\"valueRequired\":true,\"valueName\":\"search_term_string\"}}],\"inLanguage\":\"es\"},{\"@type\":\"Person\",\"@id\":\"https:\/\/distribution.audio-technica.eu\/es-es\/#\/schema\/person\/e8e715e047e33cc425e816f59cbd9b80\",\"name\":\"Audio-Technica\"}]}<\/script>\n<!-- \/ Yoast SEO plugin. -->","yoast_head_json":{"title":"Audio-Technica Iberia en Bitam Show 2016 - Audio-Technica Iberia","robots":{"index":"index","follow":"follow","max-snippet":"max-snippet:-1","max-image-preview":"max-image-preview:large","max-video-preview":"max-video-preview:-1"},"canonical":"https:\/\/distribution.audio-technica.eu\/es-es\/noticias\/audio-technica-iberia-bitam-show-2016\/","og_locale":"es_ES","og_type":"article","og_title":"Audio-Technica Iberia en Bitam Show 2016 - Audio-Technica Iberia","og_description":"Bitam Show 2016 celebrar\u00e1 su cuarta edici\u00f3n en el Pabell\u00f3n de Cristal del Recinto Ferial de la Casa de Campo de Madrid los d\u00edas 22, 23 y 24 de noviembre, y contar\u00e1 por primera vez con la presencia de Audio-Technica Iberia, que presentar\u00e1 productos de las marcas Audio-Technica, Genelec, Allen&amp;Heath y Audient especialmente orientados al [&hellip;]","og_url":"https:\/\/distribution.audio-technica.eu\/es-es\/noticias\/audio-technica-iberia-bitam-show-2016\/","og_site_name":"Audio-Technica Iberia","article_published_time":"2016-11-11T16:53:29+00:00","article_modified_time":"2023-10-17T16:39:37+00:00","og_image":[{"width":640,"height":361,"url":"https:\/\/distribution.audio-technica.eu\/app\/uploads\/sites\/2\/Bitam-2016-Dolby-Atmos-1.jpg","type":"image\/jpeg"}],"author":"Audio-Technica","twitter_card":"summary_large_image","twitter_misc":{"Escrito por":"Audio-Technica","Tiempo de lectura":"2 minutos"},"schema":{"@context":"https:\/\/schema.org","@graph":[{"@type":"Article","@id":"https:\/\/distribution.audio-technica.eu\/es-es\/noticias\/audio-technica-iberia-bitam-show-2016\/#article","isPartOf":{"@id":"https:\/\/distribution.audio-technica.eu\/es-es\/noticias\/audio-technica-iberia-bitam-show-2016\/"},"author":{"name":"Audio-Technica","@id":"https:\/\/distribution.audio-technica.eu\/es-es\/#\/schema\/person\/e8e715e047e33cc425e816f59cbd9b80"},"headline":"Audio-Technica Iberia en Bitam Show 2016","datePublished":"2016-11-11T16:53:29+00:00","dateModified":"2023-10-17T16:39:37+00:00","mainEntityOfPage":{"@id":"https:\/\/distribution.audio-technica.eu\/es-es\/noticias\/audio-technica-iberia-bitam-show-2016\/"},"wordCount":435,"image":{"@id":"https:\/\/distribution.audio-technica.eu\/es-es\/noticias\/audio-technica-iberia-bitam-show-2016\/#primaryimage"},"thumbnailUrl":"\/app\/uploads\/sites\/2\/Bitam-2016-Dolby-Atmos-1.jpg","keywords":["atmos","BITAM","broadcast","dLive","dolby","SAM","surround"],"articleSection":["Empresa","Eventos"],"inLanguage":"es"},{"@type":"WebPage","@id":"https:\/\/distribution.audio-technica.eu\/es-es\/noticias\/audio-technica-iberia-bitam-show-2016\/","url":"https:\/\/distribution.audio-technica.eu\/es-es\/noticias\/audio-technica-iberia-bitam-show-2016\/","name":"Audio-Technica Iberia en Bitam Show 2016 - Audio-Technica Iberia","isPartOf":{"@id":"https:\/\/distribution.audio-technica.eu\/es-es\/#website"},"primaryImageOfPage":{"@id":"https:\/\/distribution.audio-technica.eu\/es-es\/noticias\/audio-technica-iberia-bitam-show-2016\/#primaryimage"},"image":{"@id":"https:\/\/distribution.audio-technica.eu\/es-es\/noticias\/audio-technica-iberia-bitam-show-2016\/#primaryimage"},"thumbnailUrl":"\/app\/uploads\/sites\/2\/Bitam-2016-Dolby-Atmos-1.jpg","datePublished":"2016-11-11T16:53:29+00:00","dateModified":"2023-10-17T16:39:37+00:00","author":{"@id":"https:\/\/distribution.audio-technica.eu\/es-es\/#\/schema\/person\/e8e715e047e33cc425e816f59cbd9b80"},"breadcrumb":{"@id":"https:\/\/distribution.audio-technica.eu\/es-es\/noticias\/audio-technica-iberia-bitam-show-2016\/#breadcrumb"},"inLanguage":"es","potentialAction":[{"@type":"ReadAction","target":["https:\/\/distribution.audio-technica.eu\/es-es\/noticias\/audio-technica-iberia-bitam-show-2016\/"]}]},{"@type":"ImageObject","inLanguage":"es","@id":"https:\/\/distribution.audio-technica.eu\/es-es\/noticias\/audio-technica-iberia-bitam-show-2016\/#primaryimage","url":"\/app\/uploads\/sites\/2\/Bitam-2016-Dolby-Atmos-1.jpg","contentUrl":"\/app\/uploads\/sites\/2\/Bitam-2016-Dolby-Atmos-1.jpg","width":640,"height":361,"caption":"Audio-Technica Iberia en Bitam Show 2016"},{"@type":"BreadcrumbList","@id":"https:\/\/distribution.audio-technica.eu\/es-es\/noticias\/audio-technica-iberia-bitam-show-2016\/#breadcrumb","itemListElement":[{"@type":"ListItem","position":1,"name":"Products","item":"https:\/\/distribution.audio-technica.eu\/es-es\/"},{"@type":"ListItem","position":2,"name":"Audio-Technica Iberia en Bitam Show 2016"}]},{"@type":"WebSite","@id":"https:\/\/distribution.audio-technica.eu\/es-es\/#website","url":"https:\/\/distribution.audio-technica.eu\/es-es\/","name":"Audio-Technica Iberia","description":"Distribuci\u00f3n","potentialAction":[{"@type":"SearchAction","target":{"@type":"EntryPoint","urlTemplate":"https:\/\/distribution.audio-technica.eu\/es-es\/?s={search_term_string}"},"query-input":{"@type":"PropertyValueSpecification","valueRequired":true,"valueName":"search_term_string"}}],"inLanguage":"es"},{"@type":"Person","@id":"https:\/\/distribution.audio-technica.eu\/es-es\/#\/schema\/person\/e8e715e047e33cc425e816f59cbd9b80","name":"Audio-Technica"}]}},"_links":{"self":[{"href":"https:\/\/distribution.audio-technica.eu\/es-es\/wp-json\/wp\/v2\/posts\/9241","targetHints":{"allow":["GET"]}}],"collection":[{"href":"https:\/\/distribution.audio-technica.eu\/es-es\/wp-json\/wp\/v2\/posts"}],"about":[{"href":"https:\/\/distribution.audio-technica.eu\/es-es\/wp-json\/wp\/v2\/types\/post"}],"author":[{"embeddable":true,"href":"https:\/\/distribution.audio-technica.eu\/es-es\/wp-json\/wp\/v2\/users\/1"}],"replies":[{"embeddable":true,"href":"https:\/\/distribution.audio-technica.eu\/es-es\/wp-json\/wp\/v2\/comments?post=9241"}],"version-history":[{"count":2,"href":"https:\/\/distribution.audio-technica.eu\/es-es\/wp-json\/wp\/v2\/posts\/9241\/revisions"}],"predecessor-version":[{"id":27151,"href":"https:\/\/distribution.audio-technica.eu\/es-es\/wp-json\/wp\/v2\/posts\/9241\/revisions\/27151"}],"wp:featuredmedia":[{"embeddable":true,"href":"https:\/\/distribution.audio-technica.eu\/es-es\/wp-json\/wp\/v2\/media\/6575"}],"wp:attachment":[{"href":"https:\/\/distribution.audio-technica.eu\/es-es\/wp-json\/wp\/v2\/media?parent=9241"}],"wp:term":[{"taxonomy":"category","embeddable":true,"href":"https:\/\/distribution.audio-technica.eu\/es-es\/wp-json\/wp\/v2\/categories?post=9241"},{"taxonomy":"post_tag","embeddable":true,"href":"https:\/\/distribution.audio-technica.eu\/es-es\/wp-json\/wp\/v2\/tags?post=9241"}],"curies":[{"name":"wp","href":"https:\/\/api.w.org\/{rel}","templated":true}]}}