{"id":9243,"date":"2016-12-02T19:18:23","date_gmt":"2016-12-02T18:18:23","guid":{"rendered":"http:\/\/noticias.audio-technica.es\/?p=622"},"modified":"2023-07-30T14:10:19","modified_gmt":"2023-07-30T12:10:19","slug":"audio-technica-iberia-se-presenta-gran-exito-bitam-show-2016","status":"publish","type":"post","link":"https:\/\/distribution.audio-technica.eu\/es-es\/noticias\/audio-technica-iberia-se-presenta-gran-exito-bitam-show-2016\/","title":{"rendered":"Audio-Technica Iberia se presenta con gran \u00e9xito en Bitam Show 2016"},"content":{"rendered":"<h2>Bitam Show 2016 celebr\u00f3 su cuarta edici\u00f3n cumpliendo sus expectativas de asistencia y participaci\u00f3n de profesionales del mundo del broadcast. Esta edici\u00f3n fue la primera en la que participaba Audio-Technica Iberia que, adem\u00e1s de mostrar productos de las marcas Audio-Technica, Genelec, Allen&amp;Heath y Audient especialmente orientados al mercado del broadcast, fue uno de los art\u00edfices del punto que m\u00e1s inter\u00e9s despert\u00f3 en el certamen: la sala Dolby Atmos Genelec, creada en colaboraci\u00f3n con Dolby.<\/h2>\n<figure id=\"attachment_635\" aria-describedby=\"caption-attachment-635\" style=\"width: 1500px\" class=\"wp-caption aligncenter\"><a href=\"http:\/\/noticias.audio-technica.es\/wp-content\/uploads\/Stand-de-Audio-Technica-Iberia.jpg\"><img loading=\"lazy\" decoding=\"async\" class=\"size-full wp-image-635\" src=\"http:\/\/noticias.audio-technica.es\/wp-content\/uploads\/Stand-de-Audio-Technica-Iberia.jpg\" alt=\"Stand de Audio-Technica Iberia\" width=\"1500\" height=\"844\" srcset=\"https:\/\/distribution.audio-technica.eu\/app\/uploads\/sites\/2\/Stand-de-Audio-Technica-Iberia.jpg 1500w, https:\/\/distribution.audio-technica.eu\/app\/uploads\/sites\/2\/Stand-de-Audio-Technica-Iberia-300x169.jpg 300w, https:\/\/distribution.audio-technica.eu\/app\/uploads\/sites\/2\/Stand-de-Audio-Technica-Iberia-768x432.jpg 768w, https:\/\/distribution.audio-technica.eu\/app\/uploads\/sites\/2\/Stand-de-Audio-Technica-Iberia-1024x576.jpg 1024w, https:\/\/distribution.audio-technica.eu\/app\/uploads\/sites\/2\/Stand-de-Audio-Technica-Iberia-200x113.jpg 200w, https:\/\/distribution.audio-technica.eu\/app\/uploads\/sites\/2\/Stand-de-Audio-Technica-Iberia-400x225.jpg 400w, https:\/\/distribution.audio-technica.eu\/app\/uploads\/sites\/2\/Stand-de-Audio-Technica-Iberia-600x338.jpg 600w, https:\/\/distribution.audio-technica.eu\/app\/uploads\/sites\/2\/Stand-de-Audio-Technica-Iberia-800x450.jpg 800w, https:\/\/distribution.audio-technica.eu\/app\/uploads\/sites\/2\/Stand-de-Audio-Technica-Iberia-1200x675.jpg 1200w\" sizes=\"auto, (max-width: 1500px) 100vw, 1500px\" \/><\/a><figcaption id=\"caption-attachment-635\" class=\"wp-caption-text\">Stand de Audio-Technica Iberia<\/figcaption><\/figure>\n<p>El stand de Audio-Technica Iberia present\u00f3 una selecci\u00f3n de productos de las firmas Audio-Technica, Genelec, Allen&amp;Heath y Audient orientados principalmente al mundo del broadcast. Adem\u00e1s del personal de Audio-Technica Iberia, el stand cont\u00f3 con la presencia y apoyo de Fred Cresson, European Bussines Development Manager de Allen &amp; Heath y Jukka Latva-Hakuni, especialista de producto de Genelec. Adem\u00e1s de una amplia muestra de auriculares y microfon\u00eda Audio-Technica para estudio y broadcast, en el stand hab\u00eda una demostraci\u00f3n permanente de la consola dLive S7000 a cargo de Alex Blanco.<\/p>\n<figure id=\"attachment_637\" aria-describedby=\"caption-attachment-637\" style=\"width: 1500px\" class=\"wp-caption aligncenter\"><a href=\"http:\/\/noticias.audio-technica.es\/wp-content\/uploads\/Importes-representantes-del-sector-se-dieron-cita-en-el-stand-de-Audio-Technica-Iberia.jpg\"><img loading=\"lazy\" decoding=\"async\" class=\"wp-image-637 size-full\" src=\"http:\/\/noticias.audio-technica.es\/wp-content\/uploads\/Importes-representantes-del-sector-se-dieron-cita-en-el-stand-de-Audio-Technica-Iberia.jpg\" alt=\"Importantes representantes del sector se dieron cita en el stand de Audio-Technica Iberia\" width=\"1500\" height=\"844\" \/><\/a><figcaption id=\"caption-attachment-637\" class=\"wp-caption-text\">Importantes representantes del sector se dieron cita en el stand de Audio-Technica Iberia<\/figcaption><\/figure>\n<p>&nbsp;<\/p>\n<figure id=\"attachment_634\" aria-describedby=\"caption-attachment-634\" style=\"width: 576px\" class=\"wp-caption aligncenter\"><a href=\"http:\/\/noticias.audio-technica.es\/wp-content\/uploads\/Visitantes-en-el-stand-de-Audio-Technica-Iberia.jpg\"><img loading=\"lazy\" decoding=\"async\" class=\"size-full wp-image-634\" src=\"http:\/\/noticias.audio-technica.es\/wp-content\/uploads\/Visitantes-en-el-stand-de-Audio-Technica-Iberia.jpg\" alt=\"Visitantes en el stand de Audio-Technica Iberia\" width=\"576\" height=\"1024\" \/><\/a><figcaption id=\"caption-attachment-634\" class=\"wp-caption-text\">Visitantes en el stand de Audio-Technica Iberia<\/figcaption><\/figure>\n<p>En colaboraci\u00f3n con Dolby, Audio-Technica Iberia mostr\u00f3 tambi\u00e9n sus productos y ofreci\u00f3 contenidos de gran inter\u00e9s en un segundo espacio, la sala Dolby Atmos Genelec, donde se demostr\u00f3 la efectividad de los sistemas Genelec SAM en un entorno de trabajo real, y donde pudo verse como es el flujo productivo en las salas de postproducci\u00f3n de audio multicanal, o en las salas de mezcla de sonido para cine. Esta sala estuvo equipada con un sistema de monitores Genelec de 7.1.4 canales, un sistema Pro Tools HD y un sistema RMU (Rendering\/Mastering Unit) Dolby Atmos. A lo largo de los tres d\u00edas, en este espacio se ofrecieron charlas y demostraciones a cargo de Audio-Technica Iberia y Dolby, siendo el momento \u00e1lgido la mesa redonda en la que participaron Rafael Duyos, desarrollador de la herramienta Dspatial (una potente aplicaci\u00f3n de panning 3D para mezclas de audio multicanal), V\u00edctor del Castillo (directo t\u00e9cnico de Best Digital) y Ricardo Vi\u00f1as (consultor de Dolby).<\/p>\n<figure id=\"attachment_639\" aria-describedby=\"caption-attachment-639\" style=\"width: 1500px\" class=\"wp-caption aligncenter\"><a href=\"http:\/\/noticias.audio-technica.es\/wp-content\/uploads\/Ricardo-Vi\u00f1as-consultor-de-Dolby-hablando-acerca-de-la-tecnolog\u00eda-Atmos.jpg\"><img loading=\"lazy\" decoding=\"async\" class=\"size-full wp-image-639\" src=\"http:\/\/noticias.audio-technica.es\/wp-content\/uploads\/Ricardo-Vi\u00f1as-consultor-de-Dolby-hablando-acerca-de-la-tecnolog\u00eda-Atmos.jpg\" alt=\"Ricardo Vi\u00f1as consultor de Dolby hablando acerca de la tecnolog\u00eda Atmos\" width=\"1500\" height=\"844\" \/><\/a><figcaption id=\"caption-attachment-639\" class=\"wp-caption-text\">Ricardo Vi\u00f1as consultor de Dolby hablando acerca de la tecnolog\u00eda Atmos<\/figcaption><\/figure>\n<p>&nbsp;<\/p>\n<figure id=\"attachment_638\" aria-describedby=\"caption-attachment-638\" style=\"width: 1500px\" class=\"wp-caption aligncenter\"><a href=\"http:\/\/noticias.audio-technica.es\/wp-content\/uploads\/Guillermo-Ni\u00f1o-responsable-de-Marketing-de-Dolby-Iberia.jpg\"><img loading=\"lazy\" decoding=\"async\" class=\"size-full wp-image-638\" src=\"http:\/\/noticias.audio-technica.es\/wp-content\/uploads\/Guillermo-Ni\u00f1o-responsable-de-Marketing-de-Dolby-Iberia.jpg\" alt=\"Guillermo Ni\u00f1o responsable de Marketing de Dolby Iberia\" width=\"1500\" height=\"844\" \/><\/a><figcaption id=\"caption-attachment-638\" class=\"wp-caption-text\">Guillermo Ni\u00f1o responsable de Marketing de Dolby Iberia<\/figcaption><\/figure>\n<p>&nbsp;<\/p>\n<figure id=\"attachment_636\" aria-describedby=\"caption-attachment-636\" style=\"width: 1500px\" class=\"wp-caption aligncenter\"><a href=\"http:\/\/noticias.audio-technica.es\/wp-content\/uploads\/Rafa-Duyos-presentando-su-herramienta-de-panning-3D-Dspatial.jpg\"><img loading=\"lazy\" decoding=\"async\" class=\"size-full wp-image-636\" src=\"http:\/\/noticias.audio-technica.es\/wp-content\/uploads\/Rafa-Duyos-presentando-su-herramienta-de-panning-3D-Dspatial.jpg\" alt=\"Rafa Duyos presentando su herramienta de panning 3D Dspatial\" width=\"1500\" height=\"844\" \/><\/a><figcaption id=\"caption-attachment-636\" class=\"wp-caption-text\">Rafa Duyos presentando su herramienta de panning 3D Dspatial<\/figcaption><\/figure>\n<p>No cabe la menor duda que esta sala fue el punto m\u00e1s \u2018caliente\u2019 de la feria, ya que estuvo en todo momento muy concurrida por todo tipo de visitantes, desde los profesionales m\u00e1s destacados del pa\u00eds, hasta alumnos de varios institutos de formaci\u00f3n audiovisual, que desean conocer de primera mano el futuro de la post producci\u00f3n.<\/p>\n<p>M\u00e1s informaci\u00f3n sobre los productos en <a href=\"http:\/\/www.audio-technica.es\">www.audio-technica.es<\/a><\/p>\n","protected":false},"excerpt":{"rendered":"<p>Bitam Show 2016 celebr\u00f3 su cuarta edici\u00f3n cumpliendo sus expectativas de asistencia y participaci\u00f3n de profesionales del mundo del broadcast. Esta edici\u00f3n fue la primera en la que participaba Audio-Technica Iberia que, adem\u00e1s de mostrar productos de las marcas Audio-Technica, Genelec, Allen&amp;Heath y Audient especialmente orientados al mercado del broadcast, fue uno de los art\u00edfices [&hellip;]<\/p>\n","protected":false},"author":1,"featured_media":6579,"comment_status":"closed","ping_status":"closed","sticky":false,"template":"","format":"standard","meta":{"_acf_changed":false,"footnotes":""},"categories":[1692,2458],"tags":[1690,1587,1691],"class_list":["post-9243","post","type-post","status-publish","format-standard","has-post-thumbnail","hentry","category-empresa","category-eventos","tag-bitam","tag-dlive","tag-dolby"],"acf":[],"yoast_head":"<!-- This site is optimized with the Yoast SEO plugin v27.1.1 - https:\/\/yoast.com\/product\/yoast-seo-wordpress\/ -->\n<title>Audio-Technica Iberia se presenta con gran \u00e9xito en Bitam Show 2016 - Audio-Technica Iberia<\/title>\n<meta name=\"robots\" content=\"index, follow, max-snippet:-1, max-image-preview:large, max-video-preview:-1\" \/>\n<link rel=\"canonical\" href=\"https:\/\/distribution.audio-technica.eu\/es-es\/noticias\/audio-technica-iberia-se-presenta-gran-exito-bitam-show-2016\/\" \/>\n<meta property=\"og:locale\" content=\"es_ES\" \/>\n<meta property=\"og:type\" content=\"article\" \/>\n<meta property=\"og:title\" content=\"Audio-Technica Iberia se presenta con gran \u00e9xito en Bitam Show 2016 - Audio-Technica Iberia\" \/>\n<meta property=\"og:description\" content=\"Bitam Show 2016 celebr\u00f3 su cuarta edici\u00f3n cumpliendo sus expectativas de asistencia y participaci\u00f3n de profesionales del mundo del broadcast. Esta edici\u00f3n fue la primera en la que participaba Audio-Technica Iberia que, adem\u00e1s de mostrar productos de las marcas Audio-Technica, Genelec, Allen&amp;Heath y Audient especialmente orientados al mercado del broadcast, fue uno de los art\u00edfices [&hellip;]\" \/>\n<meta property=\"og:url\" content=\"https:\/\/distribution.audio-technica.eu\/es-es\/noticias\/audio-technica-iberia-se-presenta-gran-exito-bitam-show-2016\/\" \/>\n<meta property=\"og:site_name\" content=\"Audio-Technica Iberia\" \/>\n<meta property=\"article:published_time\" content=\"2016-12-02T18:18:23+00:00\" \/>\n<meta property=\"article:modified_time\" content=\"2023-07-30T12:10:19+00:00\" \/>\n<meta property=\"og:image\" content=\"https:\/\/distribution.audio-technica.eu\/app\/uploads\/sites\/2\/IMG_0082_00.jpg\" \/>\n\t<meta property=\"og:image:width\" content=\"640\" \/>\n\t<meta property=\"og:image:height\" content=\"360\" \/>\n\t<meta property=\"og:image:type\" content=\"image\/jpeg\" \/>\n<meta name=\"author\" content=\"Audio-Technica\" \/>\n<meta name=\"twitter:card\" content=\"summary_large_image\" \/>\n<meta name=\"twitter:label1\" content=\"Escrito por\" \/>\n\t<meta name=\"twitter:data1\" content=\"Audio-Technica\" \/>\n\t<meta name=\"twitter:label2\" content=\"Tiempo de lectura\" \/>\n\t<meta name=\"twitter:data2\" content=\"3 minutos\" \/>\n<script type=\"application\/ld+json\" class=\"yoast-schema-graph\">{\"@context\":\"https:\/\/schema.org\",\"@graph\":[{\"@type\":\"Article\",\"@id\":\"https:\/\/distribution.audio-technica.eu\/es-es\/noticias\/audio-technica-iberia-se-presenta-gran-exito-bitam-show-2016\/#article\",\"isPartOf\":{\"@id\":\"https:\/\/distribution.audio-technica.eu\/es-es\/noticias\/audio-technica-iberia-se-presenta-gran-exito-bitam-show-2016\/\"},\"author\":{\"name\":\"Audio-Technica\",\"@id\":\"https:\/\/distribution.audio-technica.eu\/es-es\/#\/schema\/person\/e8e715e047e33cc425e816f59cbd9b80\"},\"headline\":\"Audio-Technica Iberia se presenta con gran \u00e9xito en Bitam Show 2016\",\"datePublished\":\"2016-12-02T18:18:23+00:00\",\"dateModified\":\"2023-07-30T12:10:19+00:00\",\"mainEntityOfPage\":{\"@id\":\"https:\/\/distribution.audio-technica.eu\/es-es\/noticias\/audio-technica-iberia-se-presenta-gran-exito-bitam-show-2016\/\"},\"wordCount\":529,\"image\":{\"@id\":\"https:\/\/distribution.audio-technica.eu\/es-es\/noticias\/audio-technica-iberia-se-presenta-gran-exito-bitam-show-2016\/#primaryimage\"},\"thumbnailUrl\":\"\/app\/uploads\/sites\/2\/IMG_0082_00.jpg\",\"keywords\":[\"BITAM\",\"dLive\",\"dolby\"],\"articleSection\":[\"Empresa\",\"Eventos\"],\"inLanguage\":\"es\"},{\"@type\":\"WebPage\",\"@id\":\"https:\/\/distribution.audio-technica.eu\/es-es\/noticias\/audio-technica-iberia-se-presenta-gran-exito-bitam-show-2016\/\",\"url\":\"https:\/\/distribution.audio-technica.eu\/es-es\/noticias\/audio-technica-iberia-se-presenta-gran-exito-bitam-show-2016\/\",\"name\":\"Audio-Technica Iberia se presenta con gran \u00e9xito en Bitam Show 2016 - Audio-Technica Iberia\",\"isPartOf\":{\"@id\":\"https:\/\/distribution.audio-technica.eu\/es-es\/#website\"},\"primaryImageOfPage\":{\"@id\":\"https:\/\/distribution.audio-technica.eu\/es-es\/noticias\/audio-technica-iberia-se-presenta-gran-exito-bitam-show-2016\/#primaryimage\"},\"image\":{\"@id\":\"https:\/\/distribution.audio-technica.eu\/es-es\/noticias\/audio-technica-iberia-se-presenta-gran-exito-bitam-show-2016\/#primaryimage\"},\"thumbnailUrl\":\"\/app\/uploads\/sites\/2\/IMG_0082_00.jpg\",\"datePublished\":\"2016-12-02T18:18:23+00:00\",\"dateModified\":\"2023-07-30T12:10:19+00:00\",\"author\":{\"@id\":\"https:\/\/distribution.audio-technica.eu\/es-es\/#\/schema\/person\/e8e715e047e33cc425e816f59cbd9b80\"},\"breadcrumb\":{\"@id\":\"https:\/\/distribution.audio-technica.eu\/es-es\/noticias\/audio-technica-iberia-se-presenta-gran-exito-bitam-show-2016\/#breadcrumb\"},\"inLanguage\":\"es\",\"potentialAction\":[{\"@type\":\"ReadAction\",\"target\":[\"https:\/\/distribution.audio-technica.eu\/es-es\/noticias\/audio-technica-iberia-se-presenta-gran-exito-bitam-show-2016\/\"]}]},{\"@type\":\"ImageObject\",\"inLanguage\":\"es\",\"@id\":\"https:\/\/distribution.audio-technica.eu\/es-es\/noticias\/audio-technica-iberia-se-presenta-gran-exito-bitam-show-2016\/#primaryimage\",\"url\":\"\/app\/uploads\/sites\/2\/IMG_0082_00.jpg\",\"contentUrl\":\"\/app\/uploads\/sites\/2\/IMG_0082_00.jpg\",\"width\":640,\"height\":360,\"caption\":\"Audio-Technica Iberia se presenta con gran \u00e9xito en Bitam Show 2016\"},{\"@type\":\"BreadcrumbList\",\"@id\":\"https:\/\/distribution.audio-technica.eu\/es-es\/noticias\/audio-technica-iberia-se-presenta-gran-exito-bitam-show-2016\/#breadcrumb\",\"itemListElement\":[{\"@type\":\"ListItem\",\"position\":1,\"name\":\"Products\",\"item\":\"https:\/\/distribution.audio-technica.eu\/es-es\/\"},{\"@type\":\"ListItem\",\"position\":2,\"name\":\"Audio-Technica Iberia se presenta con gran \u00e9xito en Bitam Show 2016\"}]},{\"@type\":\"WebSite\",\"@id\":\"https:\/\/distribution.audio-technica.eu\/es-es\/#website\",\"url\":\"https:\/\/distribution.audio-technica.eu\/es-es\/\",\"name\":\"Audio-Technica Iberia\",\"description\":\"Distribuci\u00f3n\",\"potentialAction\":[{\"@type\":\"SearchAction\",\"target\":{\"@type\":\"EntryPoint\",\"urlTemplate\":\"https:\/\/distribution.audio-technica.eu\/es-es\/?s={search_term_string}\"},\"query-input\":{\"@type\":\"PropertyValueSpecification\",\"valueRequired\":true,\"valueName\":\"search_term_string\"}}],\"inLanguage\":\"es\"},{\"@type\":\"Person\",\"@id\":\"https:\/\/distribution.audio-technica.eu\/es-es\/#\/schema\/person\/e8e715e047e33cc425e816f59cbd9b80\",\"name\":\"Audio-Technica\"}]}<\/script>\n<!-- \/ Yoast SEO plugin. -->","yoast_head_json":{"title":"Audio-Technica Iberia se presenta con gran \u00e9xito en Bitam Show 2016 - Audio-Technica Iberia","robots":{"index":"index","follow":"follow","max-snippet":"max-snippet:-1","max-image-preview":"max-image-preview:large","max-video-preview":"max-video-preview:-1"},"canonical":"https:\/\/distribution.audio-technica.eu\/es-es\/noticias\/audio-technica-iberia-se-presenta-gran-exito-bitam-show-2016\/","og_locale":"es_ES","og_type":"article","og_title":"Audio-Technica Iberia se presenta con gran \u00e9xito en Bitam Show 2016 - Audio-Technica Iberia","og_description":"Bitam Show 2016 celebr\u00f3 su cuarta edici\u00f3n cumpliendo sus expectativas de asistencia y participaci\u00f3n de profesionales del mundo del broadcast. Esta edici\u00f3n fue la primera en la que participaba Audio-Technica Iberia que, adem\u00e1s de mostrar productos de las marcas Audio-Technica, Genelec, Allen&amp;Heath y Audient especialmente orientados al mercado del broadcast, fue uno de los art\u00edfices [&hellip;]","og_url":"https:\/\/distribution.audio-technica.eu\/es-es\/noticias\/audio-technica-iberia-se-presenta-gran-exito-bitam-show-2016\/","og_site_name":"Audio-Technica Iberia","article_published_time":"2016-12-02T18:18:23+00:00","article_modified_time":"2023-07-30T12:10:19+00:00","og_image":[{"width":640,"height":360,"url":"https:\/\/distribution.audio-technica.eu\/app\/uploads\/sites\/2\/IMG_0082_00.jpg","type":"image\/jpeg"}],"author":"Audio-Technica","twitter_card":"summary_large_image","twitter_misc":{"Escrito por":"Audio-Technica","Tiempo de lectura":"3 minutos"},"schema":{"@context":"https:\/\/schema.org","@graph":[{"@type":"Article","@id":"https:\/\/distribution.audio-technica.eu\/es-es\/noticias\/audio-technica-iberia-se-presenta-gran-exito-bitam-show-2016\/#article","isPartOf":{"@id":"https:\/\/distribution.audio-technica.eu\/es-es\/noticias\/audio-technica-iberia-se-presenta-gran-exito-bitam-show-2016\/"},"author":{"name":"Audio-Technica","@id":"https:\/\/distribution.audio-technica.eu\/es-es\/#\/schema\/person\/e8e715e047e33cc425e816f59cbd9b80"},"headline":"Audio-Technica Iberia se presenta con gran \u00e9xito en Bitam Show 2016","datePublished":"2016-12-02T18:18:23+00:00","dateModified":"2023-07-30T12:10:19+00:00","mainEntityOfPage":{"@id":"https:\/\/distribution.audio-technica.eu\/es-es\/noticias\/audio-technica-iberia-se-presenta-gran-exito-bitam-show-2016\/"},"wordCount":529,"image":{"@id":"https:\/\/distribution.audio-technica.eu\/es-es\/noticias\/audio-technica-iberia-se-presenta-gran-exito-bitam-show-2016\/#primaryimage"},"thumbnailUrl":"\/app\/uploads\/sites\/2\/IMG_0082_00.jpg","keywords":["BITAM","dLive","dolby"],"articleSection":["Empresa","Eventos"],"inLanguage":"es"},{"@type":"WebPage","@id":"https:\/\/distribution.audio-technica.eu\/es-es\/noticias\/audio-technica-iberia-se-presenta-gran-exito-bitam-show-2016\/","url":"https:\/\/distribution.audio-technica.eu\/es-es\/noticias\/audio-technica-iberia-se-presenta-gran-exito-bitam-show-2016\/","name":"Audio-Technica Iberia se presenta con gran \u00e9xito en Bitam Show 2016 - Audio-Technica Iberia","isPartOf":{"@id":"https:\/\/distribution.audio-technica.eu\/es-es\/#website"},"primaryImageOfPage":{"@id":"https:\/\/distribution.audio-technica.eu\/es-es\/noticias\/audio-technica-iberia-se-presenta-gran-exito-bitam-show-2016\/#primaryimage"},"image":{"@id":"https:\/\/distribution.audio-technica.eu\/es-es\/noticias\/audio-technica-iberia-se-presenta-gran-exito-bitam-show-2016\/#primaryimage"},"thumbnailUrl":"\/app\/uploads\/sites\/2\/IMG_0082_00.jpg","datePublished":"2016-12-02T18:18:23+00:00","dateModified":"2023-07-30T12:10:19+00:00","author":{"@id":"https:\/\/distribution.audio-technica.eu\/es-es\/#\/schema\/person\/e8e715e047e33cc425e816f59cbd9b80"},"breadcrumb":{"@id":"https:\/\/distribution.audio-technica.eu\/es-es\/noticias\/audio-technica-iberia-se-presenta-gran-exito-bitam-show-2016\/#breadcrumb"},"inLanguage":"es","potentialAction":[{"@type":"ReadAction","target":["https:\/\/distribution.audio-technica.eu\/es-es\/noticias\/audio-technica-iberia-se-presenta-gran-exito-bitam-show-2016\/"]}]},{"@type":"ImageObject","inLanguage":"es","@id":"https:\/\/distribution.audio-technica.eu\/es-es\/noticias\/audio-technica-iberia-se-presenta-gran-exito-bitam-show-2016\/#primaryimage","url":"\/app\/uploads\/sites\/2\/IMG_0082_00.jpg","contentUrl":"\/app\/uploads\/sites\/2\/IMG_0082_00.jpg","width":640,"height":360,"caption":"Audio-Technica Iberia se presenta con gran \u00e9xito en Bitam Show 2016"},{"@type":"BreadcrumbList","@id":"https:\/\/distribution.audio-technica.eu\/es-es\/noticias\/audio-technica-iberia-se-presenta-gran-exito-bitam-show-2016\/#breadcrumb","itemListElement":[{"@type":"ListItem","position":1,"name":"Products","item":"https:\/\/distribution.audio-technica.eu\/es-es\/"},{"@type":"ListItem","position":2,"name":"Audio-Technica Iberia se presenta con gran \u00e9xito en Bitam Show 2016"}]},{"@type":"WebSite","@id":"https:\/\/distribution.audio-technica.eu\/es-es\/#website","url":"https:\/\/distribution.audio-technica.eu\/es-es\/","name":"Audio-Technica Iberia","description":"Distribuci\u00f3n","potentialAction":[{"@type":"SearchAction","target":{"@type":"EntryPoint","urlTemplate":"https:\/\/distribution.audio-technica.eu\/es-es\/?s={search_term_string}"},"query-input":{"@type":"PropertyValueSpecification","valueRequired":true,"valueName":"search_term_string"}}],"inLanguage":"es"},{"@type":"Person","@id":"https:\/\/distribution.audio-technica.eu\/es-es\/#\/schema\/person\/e8e715e047e33cc425e816f59cbd9b80","name":"Audio-Technica"}]}},"_links":{"self":[{"href":"https:\/\/distribution.audio-technica.eu\/es-es\/wp-json\/wp\/v2\/posts\/9243","targetHints":{"allow":["GET"]}}],"collection":[{"href":"https:\/\/distribution.audio-technica.eu\/es-es\/wp-json\/wp\/v2\/posts"}],"about":[{"href":"https:\/\/distribution.audio-technica.eu\/es-es\/wp-json\/wp\/v2\/types\/post"}],"author":[{"embeddable":true,"href":"https:\/\/distribution.audio-technica.eu\/es-es\/wp-json\/wp\/v2\/users\/1"}],"replies":[{"embeddable":true,"href":"https:\/\/distribution.audio-technica.eu\/es-es\/wp-json\/wp\/v2\/comments?post=9243"}],"version-history":[{"count":2,"href":"https:\/\/distribution.audio-technica.eu\/es-es\/wp-json\/wp\/v2\/posts\/9243\/revisions"}],"predecessor-version":[{"id":27150,"href":"https:\/\/distribution.audio-technica.eu\/es-es\/wp-json\/wp\/v2\/posts\/9243\/revisions\/27150"}],"wp:featuredmedia":[{"embeddable":true,"href":"https:\/\/distribution.audio-technica.eu\/es-es\/wp-json\/wp\/v2\/media\/6579"}],"wp:attachment":[{"href":"https:\/\/distribution.audio-technica.eu\/es-es\/wp-json\/wp\/v2\/media?parent=9243"}],"wp:term":[{"taxonomy":"category","embeddable":true,"href":"https:\/\/distribution.audio-technica.eu\/es-es\/wp-json\/wp\/v2\/categories?post=9243"},{"taxonomy":"post_tag","embeddable":true,"href":"https:\/\/distribution.audio-technica.eu\/es-es\/wp-json\/wp\/v2\/tags?post=9243"}],"curies":[{"name":"wp","href":"https:\/\/api.w.org\/{rel}","templated":true}]}}