{"id":9255,"date":"2017-02-09T16:23:51","date_gmt":"2017-02-09T15:23:51","guid":{"rendered":"http:\/\/noticias.audio-technica.es\/?p=834"},"modified":"2023-10-17T18:38:18","modified_gmt":"2023-10-17T16:38:18","slug":"joaquin-herrera-escoge-microfonos-auriculares-audio-technica","status":"publish","type":"post","link":"https:\/\/distribution.audio-technica.eu\/es-es\/noticias\/joaquin-herrera-escoge-microfonos-auriculares-audio-technica\/","title":{"rendered":"Joaquin Herrera escoge micr\u00f3fonos y auriculares de Audio-Technica para transmitir la esencia del flamenco a sus alumnos"},"content":{"rendered":"<h2>La reconocida escuela de guitarra y cante flamenco Joaqu\u00edn Herrera, adquiere un variado set de micr\u00f3fonos Audio-Technica para el desarrollo de sus clases<\/h2>\n<p><a href=\"http:\/\/noticias.audio-technica.es\/wp-content\/uploads\/escuela_joaquin_herrera_03.jpg\"><img loading=\"lazy\" decoding=\"async\" class=\"alignleft size-full wp-image-832\" src=\"http:\/\/noticias.audio-technica.es\/wp-content\/uploads\/escuela_joaquin_herrera_03.jpg\" alt=\"Joaquin Herrera escoge micr\u00f3fonos y auriculares de Audio-Technica para transmitir la esencia del flamenco a sus alumnos\" width=\"1600\" height=\"1200\" \/><\/a><br \/>\nLa <a href=\"http:\/\/www.joaquinherrera.com\/\">escuela Joaqu\u00edn Herrera<\/a>, situada en la ciudad de Barcelona, ofrece clases personalizadas, distintivas y originales, de guitarra y cante flamenco. Estas clases est\u00e1n basadas en m\u00e9todos que buscan adaptarse al ritmo y particularidades de cada alumno \u2013respetando su personalidad e incentivando sus capacidades- para, de este modo, poder desarrollar todo su potencial.<\/p>\n<p>Recientemente, la escuela ha renovado todos los micr\u00f3fonos y auriculares que se utilizan para las clases que se imparten en el centro. De esta forma, han sustituido el viejo equipamiento por una selecci\u00f3n de micr\u00f3fonos de Audio-Technica. Estos micr\u00f3fonos, entre los que se incluyen el <a href=\"https:\/\/eu.audio-technica.com\/microphones\/handheld\/AE5400?lang=es\">AE5400<\/a>, <a href=\"https:\/\/eu.audio-technica.com\/microphones\/handheld\/ATM710?lang=es\">ATM710<\/a>, <a href=\"https:\/\/eu.audio-technica.com\/microphones\/instrument\/AT4047MP?lang=es\">AT4047<\/a> y el <a href=\"https:\/\/eu.audio-technica.com\/microphones\/instrument\/AT4021?lang=es\">AT4021<\/a>, son productos de una calidad excelente y con amplias prestaciones. Al mismo tiempo, han remplazado todos los auriculares por los modelos <a href=\"https:\/\/eu.audio-technica.com\/headphones\/studio-dj\/ATH-M50x?lang=es\">ATH-M50x<\/a> y <a href=\"https:\/\/eu.audio-technica.com\/headphones\/studio-dj\/ATH-R70x?lang=es\">ATH-R70x<\/a> que ofrecen una referencia extraordinariamente precisa.<\/p>\n<p>En el aula durante la clase, los alumnos y profesores est\u00e1n conectados entre s\u00ed. De esta manera, se puede hacer un seguimiento m\u00e1s detallado de la interpretaci\u00f3n y evoluci\u00f3n del alumno, al mismo tiempo que este, al o\u00edr por sus auriculares a su profesor, se siente m\u00e1s arropado y seguro.<\/p>\n<figure id=\"attachment_830\" aria-describedby=\"caption-attachment-830\" style=\"width: 635px\" class=\"wp-caption alignleft\"><a href=\"http:\/\/noticias.audio-technica.es\/wp-content\/uploads\/escuela_joaquin_herrera_00.jpg\"><img loading=\"lazy\" decoding=\"async\" class=\"size-full wp-image-830\" src=\"http:\/\/noticias.audio-technica.es\/wp-content\/uploads\/escuela_joaquin_herrera_00.jpg\" alt=\"Joaquin Herrera escoge micr\u00f3fonos y auriculares de Audio-Technica para transmitir la esencia del flamenco a sus alumnos\" width=\"635\" height=\"476\" \/><\/a><figcaption id=\"caption-attachment-830\" class=\"wp-caption-text\">Joaquin Herrera<\/figcaption><\/figure>\n<p>El responsable de la escuela y al mismo tiempo profesor de cante y de guitarra, Joaqu\u00edn Herrera, nos comenta: \u201c<em>Nuestro sistema de trabajo en el aula se desarrolla de la siguiente manera: tenemos una mesa de mezclas a la cual conectamos una serie de micr\u00f3fonos, cuyo n\u00famero depende de la cantidad de alumnos. A este sistema conectamos tambi\u00e9n los auriculares de referencia por los que nos oiremos todos, tanto profesores como alumnos. Esta forma de desarrollar las clases mediante la que se crea un ambiente trabajo \u00edntimo, nos ha demostrado, a lo largo de los a\u00f1os, que resulta muy efectivo por varios motivos. Uno de ellos es el hecho de que el profesor, al o\u00edr al alumno a trav\u00e9s de los auriculares, es capaz de detectar, con mayor precisi\u00f3n, todo los matices, aciertos y puntos d\u00e9biles del estudiante. Por otra parte, al sentirse acompa\u00f1ado, el alumno avanza con paso m\u00e1s seguro y con mejores resultados. Esta manera de ense\u00f1ar redunda en que, en \u00faltima instancia, el alumno consigue entregar lo mejor de s\u00ed mismo. La base de nuestra filosof\u00eda de trabajo, se puede resumir en tres palabras: flamenco, respeto y mucho coraz\u00f3n<\/em>\u201d.<\/p>\n<p><a href=\"http:\/\/noticias.audio-technica.es\/wp-content\/uploads\/escuela_joaquin_herrera_04.jpg\"><img loading=\"lazy\" decoding=\"async\" class=\"alignleft size-full wp-image-833\" src=\"http:\/\/noticias.audio-technica.es\/wp-content\/uploads\/escuela_joaquin_herrera_04.jpg\" alt=\"Joaquin Herrera escoge micr\u00f3fonos y auriculares de Audio-Technica para transmitir la esencia del flamenco a sus alumnos\" width=\"1600\" height=\"1200\" \/><\/a><\/p>\n<p>En cuanto al setup de micr\u00f3fonos que se utiliza en las clases, este se compone de:<\/p>\n<ul>\n<li>1 x <a href=\"https:\/\/eu.audio-technica.com\/microphones\/handheld\/AE5400?lang=es\">AE5400<\/a>, micr\u00f3fono de condensador de mano<\/li>\n<li>2 x <a href=\"https:\/\/eu.audio-technica.com\/microphones\/handheld\/ATM710?lang=es\">ATM710<\/a>, micr\u00f3fono de condensador de mano<\/li>\n<li>1 x <a href=\"https:\/\/eu.audio-technica.com\/microphones\/instrument\/AT4047MP?lang=es\">AT4047<\/a>, micr\u00f3fono de condensador de gran diafragma<\/li>\n<li>2 x <a href=\"https:\/\/eu.audio-technica.com\/microphones\/instrument\/AT4021?lang=es\">AT4021<\/a>, micr\u00f3fono de condensador de membrana peque\u00f1a<\/li>\n<\/ul>\n<p>Los primeros tres micr\u00f3fonos, el AE5400, ATM710 y el AT4047 son utilizados para las voces. Si bien los tres modelos son adecuados para la reproducci\u00f3n de voces, estos tienen caracter\u00edsticas distintas entre s\u00ed como, por ejemplo, el rango en frecuencia, la sensibilidad o el rango din\u00e1mico. El AE5400 y el ATM710 son micr\u00f3fonos de mano, m\u00e1s orientados al directo, mientras que el AT4047 es un micr\u00f3fono de gran diafragma, enfocado al estudio y que debe ser utilizado sobre un soporte con un shock mount. La raz\u00f3n de trabajar con tres micr\u00f3fonos distintos es que permite tener diferentes alternativas que se ajusten a una amplia variedad de voces. En cuanto al AT4021, este es un micr\u00f3fono que, gracias a su sensibilidad, su amplio rango din\u00e1mico y su extraordinaria respuesta a los transitorios, resulta ideal para sonorizar guitarras flamencas.<\/p>\n<p>Para la referencia de los alumnos y profesores la escuela se ha decantado por:<\/p>\n<ul>\n<li>2 x <a href=\"https:\/\/eu.audio-technica.com\/headphones\/studio-dj\/ATH-M50x?lang=es\">ATH-M50x<\/a>, auriculares profesionales de alta calidad para monitorizaci\u00f3n en estudio.<\/li>\n<li>1 x <a href=\"https:\/\/eu.audio-technica.com\/headphones\/studio-dj\/ATH-R70x?lang=es\">ATH-R70x<\/a>, auriculares profesionales de alta calidad de dise\u00f1o abierto.<\/li>\n<\/ul>\n<p>Por otra parte, es importante mencionar que muchas de las clases se suelen grabar. De esta forma, el alumno y el profesor pueden tomar notas y aclarar conceptos, en posteriores audiciones. Resulta muy \u00fatil tambi\u00e9n para que el alumno pueda llevarse tarea a casa. Al mismo tiempo, las mejores interpretaciones de los estudiantes m\u00e1s avanzados se usan a modo de ejemplo e incluso se promocionan en los canales de los que dispone la escuela, tales como, redes sociales o su canal de Youtube, entre otros.<\/p>\n<p>Para finalizar, Joaqu\u00edn a\u00f1ade: \u201c<em>Consideramos que nuestro m\u00e9todo de ense\u00f1anza, nuestra forma de trabajar, es diferente, no es la de una escuela m\u00e1s. En nuestras clases se trabaja fundamentalmente desde el coraz\u00f3n. Tanto los alumnos como los profesores volcamos nuestra alma en cada canci\u00f3n y debo decir que los micr\u00f3fonos de Audio-Technica son capaces de capturar a la perfecci\u00f3n ese \u2018duende\u2019 que se pasea por cada una de las clases<\/em>\u201d.<\/p>\n<p><strong>Enlaces<\/strong><\/p>\n<p><a href=\"http:\/\/www.joaquinherrera.com\/\">M\u00e1s informaci\u00f3n sobre la Escuela de Guitarra Flamenca Joaquin Herrera<\/a><\/p>\n<p><a href=\"http:\/\/www.audio-technica.es\/\">M\u00e1s informaci\u00f3n sobre los productos de Audio-Technica<\/a><\/p>\n","protected":false},"excerpt":{"rendered":"<p>La reconocida escuela de guitarra y cante flamenco Joaqu\u00edn Herrera, adquiere un variado set de micr\u00f3fonos Audio-Technica para el desarrollo de sus clases La escuela Joaqu\u00edn Herrera, situada en la ciudad de Barcelona, ofrece clases personalizadas, distintivas y originales, de guitarra y cante flamenco. Estas clases est\u00e1n basadas en m\u00e9todos que buscan adaptarse al ritmo [&hellip;]<\/p>\n","protected":false},"author":1,"featured_media":6636,"comment_status":"closed","ping_status":"closed","sticky":false,"template":"","format":"standard","meta":{"_acf_changed":false,"footnotes":""},"categories":[2459],"tags":[1593,1726,1732,1733],"class_list":["post-9255","post","type-post","status-publish","format-standard","has-post-thumbnail","hentry","category-usuarios","tag-artist-elite","tag-escuela","tag-flamenco","tag-serie-40"],"acf":[],"yoast_head":"<!-- This site is optimized with the Yoast SEO plugin v27.1.1 - https:\/\/yoast.com\/product\/yoast-seo-wordpress\/ -->\n<title>Joaquin Herrera escoge micr\u00f3fonos y auriculares de Audio-Technica para transmitir la esencia del flamenco a sus alumnos - Audio-Technica Iberia<\/title>\n<meta name=\"robots\" content=\"index, follow, max-snippet:-1, max-image-preview:large, max-video-preview:-1\" \/>\n<link rel=\"canonical\" href=\"https:\/\/distribution.audio-technica.eu\/es-es\/noticias\/joaquin-herrera-escoge-microfonos-auriculares-audio-technica\/\" \/>\n<meta property=\"og:locale\" content=\"es_ES\" \/>\n<meta property=\"og:type\" content=\"article\" \/>\n<meta property=\"og:title\" content=\"Joaquin Herrera escoge micr\u00f3fonos y auriculares de Audio-Technica para transmitir la esencia del flamenco a sus alumnos - Audio-Technica Iberia\" \/>\n<meta property=\"og:description\" content=\"La reconocida escuela de guitarra y cante flamenco Joaqu\u00edn Herrera, adquiere un variado set de micr\u00f3fonos Audio-Technica para el desarrollo de sus clases La escuela Joaqu\u00edn Herrera, situada en la ciudad de Barcelona, ofrece clases personalizadas, distintivas y originales, de guitarra y cante flamenco. Estas clases est\u00e1n basadas en m\u00e9todos que buscan adaptarse al ritmo [&hellip;]\" \/>\n<meta property=\"og:url\" content=\"https:\/\/distribution.audio-technica.eu\/es-es\/noticias\/joaquin-herrera-escoge-microfonos-auriculares-audio-technica\/\" \/>\n<meta property=\"og:site_name\" content=\"Audio-Technica Iberia\" \/>\n<meta property=\"article:published_time\" content=\"2017-02-09T15:23:51+00:00\" \/>\n<meta property=\"article:modified_time\" content=\"2023-10-17T16:38:18+00:00\" \/>\n<meta property=\"og:image\" content=\"https:\/\/distribution.audio-technica.eu\/app\/uploads\/sites\/2\/escuela_joaquin_herrera_b.jpg\" \/>\n\t<meta property=\"og:image:width\" content=\"640\" \/>\n\t<meta property=\"og:image:height\" content=\"360\" \/>\n\t<meta property=\"og:image:type\" content=\"image\/jpeg\" \/>\n<meta name=\"author\" content=\"Audio-Technica\" \/>\n<meta name=\"twitter:card\" content=\"summary_large_image\" \/>\n<meta name=\"twitter:label1\" content=\"Escrito por\" \/>\n\t<meta name=\"twitter:data1\" content=\"Audio-Technica\" \/>\n\t<meta name=\"twitter:label2\" content=\"Tiempo de lectura\" \/>\n\t<meta name=\"twitter:data2\" content=\"4 minutos\" \/>\n<script type=\"application\/ld+json\" class=\"yoast-schema-graph\">{\"@context\":\"https:\/\/schema.org\",\"@graph\":[{\"@type\":\"Article\",\"@id\":\"https:\/\/distribution.audio-technica.eu\/es-es\/noticias\/joaquin-herrera-escoge-microfonos-auriculares-audio-technica\/#article\",\"isPartOf\":{\"@id\":\"https:\/\/distribution.audio-technica.eu\/es-es\/noticias\/joaquin-herrera-escoge-microfonos-auriculares-audio-technica\/\"},\"author\":{\"name\":\"Audio-Technica\",\"@id\":\"https:\/\/distribution.audio-technica.eu\/es-es\/#\/schema\/person\/e8e715e047e33cc425e816f59cbd9b80\"},\"headline\":\"Joaquin Herrera escoge micr\u00f3fonos y auriculares de Audio-Technica para transmitir la esencia del flamenco a sus alumnos\",\"datePublished\":\"2017-02-09T15:23:51+00:00\",\"dateModified\":\"2023-10-17T16:38:18+00:00\",\"mainEntityOfPage\":{\"@id\":\"https:\/\/distribution.audio-technica.eu\/es-es\/noticias\/joaquin-herrera-escoge-microfonos-auriculares-audio-technica\/\"},\"wordCount\":884,\"image\":{\"@id\":\"https:\/\/distribution.audio-technica.eu\/es-es\/noticias\/joaquin-herrera-escoge-microfonos-auriculares-audio-technica\/#primaryimage\"},\"thumbnailUrl\":\"\/app\/uploads\/sites\/2\/escuela_joaquin_herrera_b.jpg\",\"keywords\":[\"Artist Elite\",\"escuela\",\"flamenco\",\"Serie 40\"],\"articleSection\":[\"Usuarios\"],\"inLanguage\":\"es\"},{\"@type\":\"WebPage\",\"@id\":\"https:\/\/distribution.audio-technica.eu\/es-es\/noticias\/joaquin-herrera-escoge-microfonos-auriculares-audio-technica\/\",\"url\":\"https:\/\/distribution.audio-technica.eu\/es-es\/noticias\/joaquin-herrera-escoge-microfonos-auriculares-audio-technica\/\",\"name\":\"Joaquin Herrera escoge micr\u00f3fonos y auriculares de Audio-Technica para transmitir la esencia del flamenco a sus alumnos - Audio-Technica Iberia\",\"isPartOf\":{\"@id\":\"https:\/\/distribution.audio-technica.eu\/es-es\/#website\"},\"primaryImageOfPage\":{\"@id\":\"https:\/\/distribution.audio-technica.eu\/es-es\/noticias\/joaquin-herrera-escoge-microfonos-auriculares-audio-technica\/#primaryimage\"},\"image\":{\"@id\":\"https:\/\/distribution.audio-technica.eu\/es-es\/noticias\/joaquin-herrera-escoge-microfonos-auriculares-audio-technica\/#primaryimage\"},\"thumbnailUrl\":\"\/app\/uploads\/sites\/2\/escuela_joaquin_herrera_b.jpg\",\"datePublished\":\"2017-02-09T15:23:51+00:00\",\"dateModified\":\"2023-10-17T16:38:18+00:00\",\"author\":{\"@id\":\"https:\/\/distribution.audio-technica.eu\/es-es\/#\/schema\/person\/e8e715e047e33cc425e816f59cbd9b80\"},\"breadcrumb\":{\"@id\":\"https:\/\/distribution.audio-technica.eu\/es-es\/noticias\/joaquin-herrera-escoge-microfonos-auriculares-audio-technica\/#breadcrumb\"},\"inLanguage\":\"es\",\"potentialAction\":[{\"@type\":\"ReadAction\",\"target\":[\"https:\/\/distribution.audio-technica.eu\/es-es\/noticias\/joaquin-herrera-escoge-microfonos-auriculares-audio-technica\/\"]}]},{\"@type\":\"ImageObject\",\"inLanguage\":\"es\",\"@id\":\"https:\/\/distribution.audio-technica.eu\/es-es\/noticias\/joaquin-herrera-escoge-microfonos-auriculares-audio-technica\/#primaryimage\",\"url\":\"\/app\/uploads\/sites\/2\/escuela_joaquin_herrera_b.jpg\",\"contentUrl\":\"\/app\/uploads\/sites\/2\/escuela_joaquin_herrera_b.jpg\",\"width\":640,\"height\":360,\"caption\":\"Joaquin Herrera escoge micr\u00f3fonos y auriculares de Audio-Technica para transmitir la esencia del flamenco a sus alumnos\"},{\"@type\":\"BreadcrumbList\",\"@id\":\"https:\/\/distribution.audio-technica.eu\/es-es\/noticias\/joaquin-herrera-escoge-microfonos-auriculares-audio-technica\/#breadcrumb\",\"itemListElement\":[{\"@type\":\"ListItem\",\"position\":1,\"name\":\"Products\",\"item\":\"https:\/\/distribution.audio-technica.eu\/es-es\/\"},{\"@type\":\"ListItem\",\"position\":2,\"name\":\"Joaquin Herrera escoge micr\u00f3fonos y auriculares de Audio-Technica para transmitir la esencia del flamenco a sus alumnos\"}]},{\"@type\":\"WebSite\",\"@id\":\"https:\/\/distribution.audio-technica.eu\/es-es\/#website\",\"url\":\"https:\/\/distribution.audio-technica.eu\/es-es\/\",\"name\":\"Audio-Technica Iberia\",\"description\":\"Distribuci\u00f3n\",\"potentialAction\":[{\"@type\":\"SearchAction\",\"target\":{\"@type\":\"EntryPoint\",\"urlTemplate\":\"https:\/\/distribution.audio-technica.eu\/es-es\/?s={search_term_string}\"},\"query-input\":{\"@type\":\"PropertyValueSpecification\",\"valueRequired\":true,\"valueName\":\"search_term_string\"}}],\"inLanguage\":\"es\"},{\"@type\":\"Person\",\"@id\":\"https:\/\/distribution.audio-technica.eu\/es-es\/#\/schema\/person\/e8e715e047e33cc425e816f59cbd9b80\",\"name\":\"Audio-Technica\"}]}<\/script>\n<!-- \/ Yoast SEO plugin. -->","yoast_head_json":{"title":"Joaquin Herrera escoge micr\u00f3fonos y auriculares de Audio-Technica para transmitir la esencia del flamenco a sus alumnos - Audio-Technica Iberia","robots":{"index":"index","follow":"follow","max-snippet":"max-snippet:-1","max-image-preview":"max-image-preview:large","max-video-preview":"max-video-preview:-1"},"canonical":"https:\/\/distribution.audio-technica.eu\/es-es\/noticias\/joaquin-herrera-escoge-microfonos-auriculares-audio-technica\/","og_locale":"es_ES","og_type":"article","og_title":"Joaquin Herrera escoge micr\u00f3fonos y auriculares de Audio-Technica para transmitir la esencia del flamenco a sus alumnos - Audio-Technica Iberia","og_description":"La reconocida escuela de guitarra y cante flamenco Joaqu\u00edn Herrera, adquiere un variado set de micr\u00f3fonos Audio-Technica para el desarrollo de sus clases La escuela Joaqu\u00edn Herrera, situada en la ciudad de Barcelona, ofrece clases personalizadas, distintivas y originales, de guitarra y cante flamenco. Estas clases est\u00e1n basadas en m\u00e9todos que buscan adaptarse al ritmo [&hellip;]","og_url":"https:\/\/distribution.audio-technica.eu\/es-es\/noticias\/joaquin-herrera-escoge-microfonos-auriculares-audio-technica\/","og_site_name":"Audio-Technica Iberia","article_published_time":"2017-02-09T15:23:51+00:00","article_modified_time":"2023-10-17T16:38:18+00:00","og_image":[{"width":640,"height":360,"url":"https:\/\/distribution.audio-technica.eu\/app\/uploads\/sites\/2\/escuela_joaquin_herrera_b.jpg","type":"image\/jpeg"}],"author":"Audio-Technica","twitter_card":"summary_large_image","twitter_misc":{"Escrito por":"Audio-Technica","Tiempo de lectura":"4 minutos"},"schema":{"@context":"https:\/\/schema.org","@graph":[{"@type":"Article","@id":"https:\/\/distribution.audio-technica.eu\/es-es\/noticias\/joaquin-herrera-escoge-microfonos-auriculares-audio-technica\/#article","isPartOf":{"@id":"https:\/\/distribution.audio-technica.eu\/es-es\/noticias\/joaquin-herrera-escoge-microfonos-auriculares-audio-technica\/"},"author":{"name":"Audio-Technica","@id":"https:\/\/distribution.audio-technica.eu\/es-es\/#\/schema\/person\/e8e715e047e33cc425e816f59cbd9b80"},"headline":"Joaquin Herrera escoge micr\u00f3fonos y auriculares de Audio-Technica para transmitir la esencia del flamenco a sus alumnos","datePublished":"2017-02-09T15:23:51+00:00","dateModified":"2023-10-17T16:38:18+00:00","mainEntityOfPage":{"@id":"https:\/\/distribution.audio-technica.eu\/es-es\/noticias\/joaquin-herrera-escoge-microfonos-auriculares-audio-technica\/"},"wordCount":884,"image":{"@id":"https:\/\/distribution.audio-technica.eu\/es-es\/noticias\/joaquin-herrera-escoge-microfonos-auriculares-audio-technica\/#primaryimage"},"thumbnailUrl":"\/app\/uploads\/sites\/2\/escuela_joaquin_herrera_b.jpg","keywords":["Artist Elite","escuela","flamenco","Serie 40"],"articleSection":["Usuarios"],"inLanguage":"es"},{"@type":"WebPage","@id":"https:\/\/distribution.audio-technica.eu\/es-es\/noticias\/joaquin-herrera-escoge-microfonos-auriculares-audio-technica\/","url":"https:\/\/distribution.audio-technica.eu\/es-es\/noticias\/joaquin-herrera-escoge-microfonos-auriculares-audio-technica\/","name":"Joaquin Herrera escoge micr\u00f3fonos y auriculares de Audio-Technica para transmitir la esencia del flamenco a sus alumnos - Audio-Technica Iberia","isPartOf":{"@id":"https:\/\/distribution.audio-technica.eu\/es-es\/#website"},"primaryImageOfPage":{"@id":"https:\/\/distribution.audio-technica.eu\/es-es\/noticias\/joaquin-herrera-escoge-microfonos-auriculares-audio-technica\/#primaryimage"},"image":{"@id":"https:\/\/distribution.audio-technica.eu\/es-es\/noticias\/joaquin-herrera-escoge-microfonos-auriculares-audio-technica\/#primaryimage"},"thumbnailUrl":"\/app\/uploads\/sites\/2\/escuela_joaquin_herrera_b.jpg","datePublished":"2017-02-09T15:23:51+00:00","dateModified":"2023-10-17T16:38:18+00:00","author":{"@id":"https:\/\/distribution.audio-technica.eu\/es-es\/#\/schema\/person\/e8e715e047e33cc425e816f59cbd9b80"},"breadcrumb":{"@id":"https:\/\/distribution.audio-technica.eu\/es-es\/noticias\/joaquin-herrera-escoge-microfonos-auriculares-audio-technica\/#breadcrumb"},"inLanguage":"es","potentialAction":[{"@type":"ReadAction","target":["https:\/\/distribution.audio-technica.eu\/es-es\/noticias\/joaquin-herrera-escoge-microfonos-auriculares-audio-technica\/"]}]},{"@type":"ImageObject","inLanguage":"es","@id":"https:\/\/distribution.audio-technica.eu\/es-es\/noticias\/joaquin-herrera-escoge-microfonos-auriculares-audio-technica\/#primaryimage","url":"\/app\/uploads\/sites\/2\/escuela_joaquin_herrera_b.jpg","contentUrl":"\/app\/uploads\/sites\/2\/escuela_joaquin_herrera_b.jpg","width":640,"height":360,"caption":"Joaquin Herrera escoge micr\u00f3fonos y auriculares de Audio-Technica para transmitir la esencia del flamenco a sus alumnos"},{"@type":"BreadcrumbList","@id":"https:\/\/distribution.audio-technica.eu\/es-es\/noticias\/joaquin-herrera-escoge-microfonos-auriculares-audio-technica\/#breadcrumb","itemListElement":[{"@type":"ListItem","position":1,"name":"Products","item":"https:\/\/distribution.audio-technica.eu\/es-es\/"},{"@type":"ListItem","position":2,"name":"Joaquin Herrera escoge micr\u00f3fonos y auriculares de Audio-Technica para transmitir la esencia del flamenco a sus alumnos"}]},{"@type":"WebSite","@id":"https:\/\/distribution.audio-technica.eu\/es-es\/#website","url":"https:\/\/distribution.audio-technica.eu\/es-es\/","name":"Audio-Technica Iberia","description":"Distribuci\u00f3n","potentialAction":[{"@type":"SearchAction","target":{"@type":"EntryPoint","urlTemplate":"https:\/\/distribution.audio-technica.eu\/es-es\/?s={search_term_string}"},"query-input":{"@type":"PropertyValueSpecification","valueRequired":true,"valueName":"search_term_string"}}],"inLanguage":"es"},{"@type":"Person","@id":"https:\/\/distribution.audio-technica.eu\/es-es\/#\/schema\/person\/e8e715e047e33cc425e816f59cbd9b80","name":"Audio-Technica"}]}},"_links":{"self":[{"href":"https:\/\/distribution.audio-technica.eu\/es-es\/wp-json\/wp\/v2\/posts\/9255","targetHints":{"allow":["GET"]}}],"collection":[{"href":"https:\/\/distribution.audio-technica.eu\/es-es\/wp-json\/wp\/v2\/posts"}],"about":[{"href":"https:\/\/distribution.audio-technica.eu\/es-es\/wp-json\/wp\/v2\/types\/post"}],"author":[{"embeddable":true,"href":"https:\/\/distribution.audio-technica.eu\/es-es\/wp-json\/wp\/v2\/users\/1"}],"replies":[{"embeddable":true,"href":"https:\/\/distribution.audio-technica.eu\/es-es\/wp-json\/wp\/v2\/comments?post=9255"}],"version-history":[{"count":1,"href":"https:\/\/distribution.audio-technica.eu\/es-es\/wp-json\/wp\/v2\/posts\/9255\/revisions"}],"predecessor-version":[{"id":30264,"href":"https:\/\/distribution.audio-technica.eu\/es-es\/wp-json\/wp\/v2\/posts\/9255\/revisions\/30264"}],"wp:featuredmedia":[{"embeddable":true,"href":"https:\/\/distribution.audio-technica.eu\/es-es\/wp-json\/wp\/v2\/media\/6636"}],"wp:attachment":[{"href":"https:\/\/distribution.audio-technica.eu\/es-es\/wp-json\/wp\/v2\/media?parent=9255"}],"wp:term":[{"taxonomy":"category","embeddable":true,"href":"https:\/\/distribution.audio-technica.eu\/es-es\/wp-json\/wp\/v2\/categories?post=9255"},{"taxonomy":"post_tag","embeddable":true,"href":"https:\/\/distribution.audio-technica.eu\/es-es\/wp-json\/wp\/v2\/tags?post=9255"}],"curies":[{"name":"wp","href":"https:\/\/api.w.org\/{rel}","templated":true}]}}