{"id":9258,"date":"2017-02-17T20:30:30","date_gmt":"2017-02-17T19:30:30","guid":{"rendered":"http:\/\/noticias.audio-technica.es\/?p=880"},"modified":"2023-07-31T10:45:15","modified_gmt":"2023-07-31T08:45:15","slug":"rick-wakeman-de-gira-con-qu32","status":"publish","type":"post","link":"https:\/\/distribution.audio-technica.eu\/es-es\/noticias\/rick-wakeman-de-gira-con-qu32\/","title":{"rendered":"Rick Wakeman, el legendario teclista, de gira con Allen &amp; Heath Qu-32"},"content":{"rendered":"<p><a href=\"http:\/\/noticias.audio-technica.es\/wp-content\/uploads\/Rick-Wakeman-and-the-Qu-32.jpg\"><img loading=\"lazy\" decoding=\"async\" class=\"aligncenter size-full wp-image-879\" src=\"http:\/\/noticias.audio-technica.es\/wp-content\/uploads\/Rick-Wakeman-and-the-Qu-32.jpg\" alt=\"Rick Wakeman, el legendario teclista, de gira con Qu-32\" width=\"1800\" height=\"1410\" \/><\/a><\/p>\n<p>El teclista y compositor Rick Wakeman, m\u00e1s conocido por ser un miembro fundamental de la m\u00edtica banda Yes, se encuentra actualmente realizando una gira con el cantante Jon Anderson (tambi\u00e9n miembro fundador de Yes) y el guitarrista Trevor Rabinas; este proyecto ha sido bautizado con el nombre de ARW. Wakeman ha escogido un mezclador digital Qu-32 para completar su complejo equipo de escenario. Ya en ocasiones anteriores el artista ha depositado su confianza en los productos Allen &amp; Heath, concretamente en los sistemas de mezcla digital iLive que se han encargado de gestionar el sonido FOH y de monitores de varios de sus espectaculares conciertos en solitario.<\/p>\n<p>El equipo de Wakeman en el escenario incluye once teclados (unos modernos y otros cl\u00e1sicos), cuatro m\u00f3dulos de sonido y un mezclador digital Qu-32 de Allen &amp; Heath, que proporciona un nuevo nivel de control a la actuaci\u00f3n de Wakeman.<\/p>\n<p>Anteriormente, una mesa de mezclas anal\u00f3gica proporcionaba al artista una mezcla fija, direccionamiento y funciones b\u00e1sicas de DSP. Ahora, las escenas proporcionadas por Qu-32 mezclan y direccionan teclados espec\u00edficos hacia la consola FOH, junto a efectos DSP seleccionados para que contribuyan a crear el personal\u00edsimo estilo interpretativo de Wakeman para cada canci\u00f3n.<\/p>\n<p>El ingeniero Erik Jordan controla el equipo de Wakeman utilizando un complejo sistema MIDI, dise\u00f1ado especialmente para esta gira, que cuenta como elemento central con un patch bay MIDI Sycologic M16 que act\u00faa como controlador master. A medida que evoluciona la actuaci\u00f3n de Wakeman, el mismo utiliza un sencillo teclado para seleccionar diversas configuraciones de Sycologic. Cada una de ellas env\u00eda comandos MIDI espec\u00edficos a los teclados de Wakeman y al mezclador Qu-32, en un complejo \u201cbaile\u201d que reconfigura la totalidad el sistema para la siguiente canci\u00f3n. Jordan puntualiza que Wakeman puede realizar cambios en la unidad Sycologic durante la interpretaci\u00f3n de cualquier canci\u00f3n, simplemente activando un cambio de escena en el Qu-32.<\/p>\n<p>\u201c<em>Para cualquier fuente de sonido, y para cualquier canci\u00f3n<\/em>,\u201d afirma, \u201c<em>podemos ajustar la ganancia de entrada y direccionamiento de la se\u00f1al, la EQ, puertas de ruido y compresores y tres o cuatro efectos diferentes. Por este motivo, es vital que el mezclador responda de forma muy r\u00e1pida y uniforme, y el Qu-32 lo hace muy bien.<\/em>\u201d<\/p>\n<p>\u201c<em>El DSP interno de Qu-32 es excelente,\u201d<\/em> a\u00f1ade Jordan. \u201c<em>Esto nos ha permitido simplificar el equipo de Rick, eliminando muchos efectos externos. En todos los aspectos, la Qu es una consola fenomenal. Es completamente fiable y sorprendentemente potente. Se comporta como mezcladores que cuestan diez veces m\u00e1s. Tambi\u00e9n es muy intuitiva. Solo tuve que conectarla y empec\u00e9 a trabajar de forma inmediata. La Qu es el cambio m\u00e1s importante en el equipo de Rick; es muy agradable utilizarla y me inspira para hacer m\u00e1s cosas con el sonido,<\/em>\u201d concluye.<\/p>\n<p><a href=\"http:\/\/noticias.audio-technica.es\/wp-content\/uploads\/Rick-Wakeman-Keyboard-Rig-with-Qu-32.jpg\"><img loading=\"lazy\" decoding=\"async\" class=\"aligncenter size-full wp-image-877\" src=\"http:\/\/noticias.audio-technica.es\/wp-content\/uploads\/Rick-Wakeman-Keyboard-Rig-with-Qu-32.jpg\" alt=\"Rick Wakeman, el legendario teclista, de gira con Qu-32\" width=\"1800\" height=\"1410\" \/><\/a><\/p>\n<p>Por su parte, Rick Wakeman coment\u00f3, \u201c<em>La Qu-32 se ha convertido en una pieza fundamental de mi equipo. Me proporciona un control total sobre la mezcla y moldea el sonido como cualquier otro de mis instrumentos. Esta consola abre nuevas posibilidades para mi m\u00fasica.\u201d<\/em><\/p>\n<p><strong>\u00a0<\/strong><\/p>\n<p><a href=\"https:\/\/eu.audio-technica.com\/brands\/allenheath\/ah-por-series\/Serie-Qu\/Qu-32-Chrome?lang-es\">M\u00e1s informaci\u00f3n sobre la Qu-32 de Allen&amp;Heath<\/a><\/p>\n","protected":false},"excerpt":{"rendered":"<p>El teclista y compositor Rick Wakeman, m\u00e1s conocido por ser un miembro fundamental de la m\u00edtica banda Yes, se encuentra actualmente realizando una gira con el cantante Jon Anderson (tambi\u00e9n miembro fundador de Yes) y el guitarrista Trevor Rabinas; este proyecto ha sido bautizado con el nombre de ARW. Wakeman ha escogido un mezclador digital [&hellip;]<\/p>\n","protected":false},"author":1,"featured_media":6650,"comment_status":"closed","ping_status":"closed","sticky":false,"template":"","format":"standard","meta":{"_acf_changed":false,"footnotes":""},"categories":[1821],"tags":[1734,1735],"class_list":["post-9258","post","type-post","status-publish","format-standard","has-post-thumbnail","hentry","category-artistas","tag-qu-32","tag-rick-wakeman"],"acf":[],"yoast_head":"<!-- This site is optimized with the Yoast SEO plugin v27.1.1 - https:\/\/yoast.com\/product\/yoast-seo-wordpress\/ -->\n<title>Rick Wakeman, el legendario teclista, de gira con Allen &amp; Heath Qu-32 - Audio-Technica Iberia<\/title>\n<meta name=\"robots\" content=\"index, follow, max-snippet:-1, max-image-preview:large, max-video-preview:-1\" \/>\n<link rel=\"canonical\" href=\"https:\/\/distribution.audio-technica.eu\/es-es\/noticias\/rick-wakeman-de-gira-con-qu32\/\" \/>\n<meta property=\"og:locale\" content=\"es_ES\" \/>\n<meta property=\"og:type\" content=\"article\" \/>\n<meta property=\"og:title\" content=\"Rick Wakeman, el legendario teclista, de gira con Allen &amp; Heath Qu-32 - Audio-Technica Iberia\" \/>\n<meta property=\"og:description\" content=\"El teclista y compositor Rick Wakeman, m\u00e1s conocido por ser un miembro fundamental de la m\u00edtica banda Yes, se encuentra actualmente realizando una gira con el cantante Jon Anderson (tambi\u00e9n miembro fundador de Yes) y el guitarrista Trevor Rabinas; este proyecto ha sido bautizado con el nombre de ARW. Wakeman ha escogido un mezclador digital [&hellip;]\" \/>\n<meta property=\"og:url\" content=\"https:\/\/distribution.audio-technica.eu\/es-es\/noticias\/rick-wakeman-de-gira-con-qu32\/\" \/>\n<meta property=\"og:site_name\" content=\"Audio-Technica Iberia\" \/>\n<meta property=\"article:published_time\" content=\"2017-02-17T19:30:30+00:00\" \/>\n<meta property=\"article:modified_time\" content=\"2023-07-31T08:45:15+00:00\" \/>\n<meta property=\"og:image\" content=\"https:\/\/distribution.audio-technica.eu\/app\/uploads\/sites\/2\/Rick-Wakeman-Keyboard-Rig-with-Qu-32_banner.jpg\" \/>\n\t<meta property=\"og:image:width\" content=\"640\" \/>\n\t<meta property=\"og:image:height\" content=\"359\" \/>\n\t<meta property=\"og:image:type\" content=\"image\/jpeg\" \/>\n<meta name=\"author\" content=\"Audio-Technica\" \/>\n<meta name=\"twitter:card\" content=\"summary_large_image\" \/>\n<meta name=\"twitter:label1\" content=\"Escrito por\" \/>\n\t<meta name=\"twitter:data1\" content=\"Audio-Technica\" \/>\n\t<meta name=\"twitter:label2\" content=\"Tiempo de lectura\" \/>\n\t<meta name=\"twitter:data2\" content=\"3 minutos\" \/>\n<script type=\"application\/ld+json\" class=\"yoast-schema-graph\">{\"@context\":\"https:\/\/schema.org\",\"@graph\":[{\"@type\":\"Article\",\"@id\":\"https:\/\/distribution.audio-technica.eu\/es-es\/noticias\/rick-wakeman-de-gira-con-qu32\/#article\",\"isPartOf\":{\"@id\":\"https:\/\/distribution.audio-technica.eu\/es-es\/noticias\/rick-wakeman-de-gira-con-qu32\/\"},\"author\":{\"name\":\"Audio-Technica\",\"@id\":\"https:\/\/distribution.audio-technica.eu\/es-es\/#\/schema\/person\/e8e715e047e33cc425e816f59cbd9b80\"},\"headline\":\"Rick Wakeman, el legendario teclista, de gira con Allen &amp; Heath Qu-32\",\"datePublished\":\"2017-02-17T19:30:30+00:00\",\"dateModified\":\"2023-07-31T08:45:15+00:00\",\"mainEntityOfPage\":{\"@id\":\"https:\/\/distribution.audio-technica.eu\/es-es\/noticias\/rick-wakeman-de-gira-con-qu32\/\"},\"wordCount\":552,\"image\":{\"@id\":\"https:\/\/distribution.audio-technica.eu\/es-es\/noticias\/rick-wakeman-de-gira-con-qu32\/#primaryimage\"},\"thumbnailUrl\":\"\/app\/uploads\/sites\/2\/Rick-Wakeman-Keyboard-Rig-with-Qu-32_banner.jpg\",\"keywords\":[\"Qu-32\",\"Rick Wakeman\"],\"articleSection\":[\"Artistas\"],\"inLanguage\":\"es\"},{\"@type\":\"WebPage\",\"@id\":\"https:\/\/distribution.audio-technica.eu\/es-es\/noticias\/rick-wakeman-de-gira-con-qu32\/\",\"url\":\"https:\/\/distribution.audio-technica.eu\/es-es\/noticias\/rick-wakeman-de-gira-con-qu32\/\",\"name\":\"Rick Wakeman, el legendario teclista, de gira con Allen &amp; Heath Qu-32 - Audio-Technica Iberia\",\"isPartOf\":{\"@id\":\"https:\/\/distribution.audio-technica.eu\/es-es\/#website\"},\"primaryImageOfPage\":{\"@id\":\"https:\/\/distribution.audio-technica.eu\/es-es\/noticias\/rick-wakeman-de-gira-con-qu32\/#primaryimage\"},\"image\":{\"@id\":\"https:\/\/distribution.audio-technica.eu\/es-es\/noticias\/rick-wakeman-de-gira-con-qu32\/#primaryimage\"},\"thumbnailUrl\":\"\/app\/uploads\/sites\/2\/Rick-Wakeman-Keyboard-Rig-with-Qu-32_banner.jpg\",\"datePublished\":\"2017-02-17T19:30:30+00:00\",\"dateModified\":\"2023-07-31T08:45:15+00:00\",\"author\":{\"@id\":\"https:\/\/distribution.audio-technica.eu\/es-es\/#\/schema\/person\/e8e715e047e33cc425e816f59cbd9b80\"},\"breadcrumb\":{\"@id\":\"https:\/\/distribution.audio-technica.eu\/es-es\/noticias\/rick-wakeman-de-gira-con-qu32\/#breadcrumb\"},\"inLanguage\":\"es\",\"potentialAction\":[{\"@type\":\"ReadAction\",\"target\":[\"https:\/\/distribution.audio-technica.eu\/es-es\/noticias\/rick-wakeman-de-gira-con-qu32\/\"]}]},{\"@type\":\"ImageObject\",\"inLanguage\":\"es\",\"@id\":\"https:\/\/distribution.audio-technica.eu\/es-es\/noticias\/rick-wakeman-de-gira-con-qu32\/#primaryimage\",\"url\":\"\/app\/uploads\/sites\/2\/Rick-Wakeman-Keyboard-Rig-with-Qu-32_banner.jpg\",\"contentUrl\":\"\/app\/uploads\/sites\/2\/Rick-Wakeman-Keyboard-Rig-with-Qu-32_banner.jpg\",\"width\":640,\"height\":359,\"caption\":\"Rick Wakeman, el legendario teclista, de gira con Qu-32\"},{\"@type\":\"BreadcrumbList\",\"@id\":\"https:\/\/distribution.audio-technica.eu\/es-es\/noticias\/rick-wakeman-de-gira-con-qu32\/#breadcrumb\",\"itemListElement\":[{\"@type\":\"ListItem\",\"position\":1,\"name\":\"Products\",\"item\":\"https:\/\/distribution.audio-technica.eu\/es-es\/\"},{\"@type\":\"ListItem\",\"position\":2,\"name\":\"Rick Wakeman, el legendario teclista, de gira con Allen &amp; Heath Qu-32\"}]},{\"@type\":\"WebSite\",\"@id\":\"https:\/\/distribution.audio-technica.eu\/es-es\/#website\",\"url\":\"https:\/\/distribution.audio-technica.eu\/es-es\/\",\"name\":\"Audio-Technica Iberia\",\"description\":\"Distribuci\u00f3n\",\"potentialAction\":[{\"@type\":\"SearchAction\",\"target\":{\"@type\":\"EntryPoint\",\"urlTemplate\":\"https:\/\/distribution.audio-technica.eu\/es-es\/?s={search_term_string}\"},\"query-input\":{\"@type\":\"PropertyValueSpecification\",\"valueRequired\":true,\"valueName\":\"search_term_string\"}}],\"inLanguage\":\"es\"},{\"@type\":\"Person\",\"@id\":\"https:\/\/distribution.audio-technica.eu\/es-es\/#\/schema\/person\/e8e715e047e33cc425e816f59cbd9b80\",\"name\":\"Audio-Technica\"}]}<\/script>\n<!-- \/ Yoast SEO plugin. -->","yoast_head_json":{"title":"Rick Wakeman, el legendario teclista, de gira con Allen &amp; Heath Qu-32 - Audio-Technica Iberia","robots":{"index":"index","follow":"follow","max-snippet":"max-snippet:-1","max-image-preview":"max-image-preview:large","max-video-preview":"max-video-preview:-1"},"canonical":"https:\/\/distribution.audio-technica.eu\/es-es\/noticias\/rick-wakeman-de-gira-con-qu32\/","og_locale":"es_ES","og_type":"article","og_title":"Rick Wakeman, el legendario teclista, de gira con Allen &amp; Heath Qu-32 - Audio-Technica Iberia","og_description":"El teclista y compositor Rick Wakeman, m\u00e1s conocido por ser un miembro fundamental de la m\u00edtica banda Yes, se encuentra actualmente realizando una gira con el cantante Jon Anderson (tambi\u00e9n miembro fundador de Yes) y el guitarrista Trevor Rabinas; este proyecto ha sido bautizado con el nombre de ARW. Wakeman ha escogido un mezclador digital [&hellip;]","og_url":"https:\/\/distribution.audio-technica.eu\/es-es\/noticias\/rick-wakeman-de-gira-con-qu32\/","og_site_name":"Audio-Technica Iberia","article_published_time":"2017-02-17T19:30:30+00:00","article_modified_time":"2023-07-31T08:45:15+00:00","og_image":[{"width":640,"height":359,"url":"https:\/\/distribution.audio-technica.eu\/app\/uploads\/sites\/2\/Rick-Wakeman-Keyboard-Rig-with-Qu-32_banner.jpg","type":"image\/jpeg"}],"author":"Audio-Technica","twitter_card":"summary_large_image","twitter_misc":{"Escrito por":"Audio-Technica","Tiempo de lectura":"3 minutos"},"schema":{"@context":"https:\/\/schema.org","@graph":[{"@type":"Article","@id":"https:\/\/distribution.audio-technica.eu\/es-es\/noticias\/rick-wakeman-de-gira-con-qu32\/#article","isPartOf":{"@id":"https:\/\/distribution.audio-technica.eu\/es-es\/noticias\/rick-wakeman-de-gira-con-qu32\/"},"author":{"name":"Audio-Technica","@id":"https:\/\/distribution.audio-technica.eu\/es-es\/#\/schema\/person\/e8e715e047e33cc425e816f59cbd9b80"},"headline":"Rick Wakeman, el legendario teclista, de gira con Allen &amp; Heath Qu-32","datePublished":"2017-02-17T19:30:30+00:00","dateModified":"2023-07-31T08:45:15+00:00","mainEntityOfPage":{"@id":"https:\/\/distribution.audio-technica.eu\/es-es\/noticias\/rick-wakeman-de-gira-con-qu32\/"},"wordCount":552,"image":{"@id":"https:\/\/distribution.audio-technica.eu\/es-es\/noticias\/rick-wakeman-de-gira-con-qu32\/#primaryimage"},"thumbnailUrl":"\/app\/uploads\/sites\/2\/Rick-Wakeman-Keyboard-Rig-with-Qu-32_banner.jpg","keywords":["Qu-32","Rick Wakeman"],"articleSection":["Artistas"],"inLanguage":"es"},{"@type":"WebPage","@id":"https:\/\/distribution.audio-technica.eu\/es-es\/noticias\/rick-wakeman-de-gira-con-qu32\/","url":"https:\/\/distribution.audio-technica.eu\/es-es\/noticias\/rick-wakeman-de-gira-con-qu32\/","name":"Rick Wakeman, el legendario teclista, de gira con Allen &amp; Heath Qu-32 - Audio-Technica Iberia","isPartOf":{"@id":"https:\/\/distribution.audio-technica.eu\/es-es\/#website"},"primaryImageOfPage":{"@id":"https:\/\/distribution.audio-technica.eu\/es-es\/noticias\/rick-wakeman-de-gira-con-qu32\/#primaryimage"},"image":{"@id":"https:\/\/distribution.audio-technica.eu\/es-es\/noticias\/rick-wakeman-de-gira-con-qu32\/#primaryimage"},"thumbnailUrl":"\/app\/uploads\/sites\/2\/Rick-Wakeman-Keyboard-Rig-with-Qu-32_banner.jpg","datePublished":"2017-02-17T19:30:30+00:00","dateModified":"2023-07-31T08:45:15+00:00","author":{"@id":"https:\/\/distribution.audio-technica.eu\/es-es\/#\/schema\/person\/e8e715e047e33cc425e816f59cbd9b80"},"breadcrumb":{"@id":"https:\/\/distribution.audio-technica.eu\/es-es\/noticias\/rick-wakeman-de-gira-con-qu32\/#breadcrumb"},"inLanguage":"es","potentialAction":[{"@type":"ReadAction","target":["https:\/\/distribution.audio-technica.eu\/es-es\/noticias\/rick-wakeman-de-gira-con-qu32\/"]}]},{"@type":"ImageObject","inLanguage":"es","@id":"https:\/\/distribution.audio-technica.eu\/es-es\/noticias\/rick-wakeman-de-gira-con-qu32\/#primaryimage","url":"\/app\/uploads\/sites\/2\/Rick-Wakeman-Keyboard-Rig-with-Qu-32_banner.jpg","contentUrl":"\/app\/uploads\/sites\/2\/Rick-Wakeman-Keyboard-Rig-with-Qu-32_banner.jpg","width":640,"height":359,"caption":"Rick Wakeman, el legendario teclista, de gira con Qu-32"},{"@type":"BreadcrumbList","@id":"https:\/\/distribution.audio-technica.eu\/es-es\/noticias\/rick-wakeman-de-gira-con-qu32\/#breadcrumb","itemListElement":[{"@type":"ListItem","position":1,"name":"Products","item":"https:\/\/distribution.audio-technica.eu\/es-es\/"},{"@type":"ListItem","position":2,"name":"Rick Wakeman, el legendario teclista, de gira con Allen &amp; Heath Qu-32"}]},{"@type":"WebSite","@id":"https:\/\/distribution.audio-technica.eu\/es-es\/#website","url":"https:\/\/distribution.audio-technica.eu\/es-es\/","name":"Audio-Technica Iberia","description":"Distribuci\u00f3n","potentialAction":[{"@type":"SearchAction","target":{"@type":"EntryPoint","urlTemplate":"https:\/\/distribution.audio-technica.eu\/es-es\/?s={search_term_string}"},"query-input":{"@type":"PropertyValueSpecification","valueRequired":true,"valueName":"search_term_string"}}],"inLanguage":"es"},{"@type":"Person","@id":"https:\/\/distribution.audio-technica.eu\/es-es\/#\/schema\/person\/e8e715e047e33cc425e816f59cbd9b80","name":"Audio-Technica"}]}},"_links":{"self":[{"href":"https:\/\/distribution.audio-technica.eu\/es-es\/wp-json\/wp\/v2\/posts\/9258","targetHints":{"allow":["GET"]}}],"collection":[{"href":"https:\/\/distribution.audio-technica.eu\/es-es\/wp-json\/wp\/v2\/posts"}],"about":[{"href":"https:\/\/distribution.audio-technica.eu\/es-es\/wp-json\/wp\/v2\/types\/post"}],"author":[{"embeddable":true,"href":"https:\/\/distribution.audio-technica.eu\/es-es\/wp-json\/wp\/v2\/users\/1"}],"replies":[{"embeddable":true,"href":"https:\/\/distribution.audio-technica.eu\/es-es\/wp-json\/wp\/v2\/comments?post=9258"}],"version-history":[{"count":1,"href":"https:\/\/distribution.audio-technica.eu\/es-es\/wp-json\/wp\/v2\/posts\/9258\/revisions"}],"predecessor-version":[{"id":26965,"href":"https:\/\/distribution.audio-technica.eu\/es-es\/wp-json\/wp\/v2\/posts\/9258\/revisions\/26965"}],"wp:featuredmedia":[{"embeddable":true,"href":"https:\/\/distribution.audio-technica.eu\/es-es\/wp-json\/wp\/v2\/media\/6650"}],"wp:attachment":[{"href":"https:\/\/distribution.audio-technica.eu\/es-es\/wp-json\/wp\/v2\/media?parent=9258"}],"wp:term":[{"taxonomy":"category","embeddable":true,"href":"https:\/\/distribution.audio-technica.eu\/es-es\/wp-json\/wp\/v2\/categories?post=9258"},{"taxonomy":"post_tag","embeddable":true,"href":"https:\/\/distribution.audio-technica.eu\/es-es\/wp-json\/wp\/v2\/tags?post=9258"}],"curies":[{"name":"wp","href":"https:\/\/api.w.org\/{rel}","templated":true}]}}