{"id":9261,"date":"2017-02-17T20:38:42","date_gmt":"2017-02-17T19:38:42","guid":{"rendered":"http:\/\/noticias.audio-technica.es\/?p=888"},"modified":"2023-07-31T10:44:35","modified_gmt":"2023-07-31T08:44:35","slug":"local-natives-con-dlive","status":"publish","type":"post","link":"https:\/\/distribution.audio-technica.eu\/es-es\/noticias\/local-natives-con-dlive\/","title":{"rendered":"La gira de Local Natives con dLive"},"content":{"rendered":"<p><a href=\"http:\/\/noticias.audio-technica.es\/wp-content\/uploads\/Laurence_Eaves_at_the_dLive_S5000_photo1.jpg\"><img loading=\"lazy\" decoding=\"async\" class=\"aligncenter size-full wp-image-871\" src=\"http:\/\/noticias.audio-technica.es\/wp-content\/uploads\/Laurence_Eaves_at_the_dLive_S5000_photo1.jpg\" alt=\"La gira de Local Natives con dLive\" width=\"1600\" height=\"1200\" srcset=\"https:\/\/distribution.audio-technica.eu\/app\/uploads\/sites\/2\/Laurence_Eaves_at_the_dLive_S5000_photo1.jpg 1600w, https:\/\/distribution.audio-technica.eu\/app\/uploads\/sites\/2\/Laurence_Eaves_at_the_dLive_S5000_photo1-300x225.jpg 300w, https:\/\/distribution.audio-technica.eu\/app\/uploads\/sites\/2\/Laurence_Eaves_at_the_dLive_S5000_photo1-768x576.jpg 768w, https:\/\/distribution.audio-technica.eu\/app\/uploads\/sites\/2\/Laurence_Eaves_at_the_dLive_S5000_photo1-1024x768.jpg 1024w, https:\/\/distribution.audio-technica.eu\/app\/uploads\/sites\/2\/Laurence_Eaves_at_the_dLive_S5000_photo1-200x150.jpg 200w, https:\/\/distribution.audio-technica.eu\/app\/uploads\/sites\/2\/Laurence_Eaves_at_the_dLive_S5000_photo1-400x300.jpg 400w, https:\/\/distribution.audio-technica.eu\/app\/uploads\/sites\/2\/Laurence_Eaves_at_the_dLive_S5000_photo1-600x450.jpg 600w, https:\/\/distribution.audio-technica.eu\/app\/uploads\/sites\/2\/Laurence_Eaves_at_the_dLive_S5000_photo1-800x600.jpg 800w, https:\/\/distribution.audio-technica.eu\/app\/uploads\/sites\/2\/Laurence_Eaves_at_the_dLive_S5000_photo1-1200x900.jpg 1200w\" sizes=\"auto, (max-width: 1600px) 100vw, 1600px\" \/><\/a><\/p>\n<p>Mientras se prepara para un apasionante calendario de giras durante este 2017, la banda americana de indie-rock afincada en Los \u00c1ngeles, <strong>Local Natives<\/strong>, celebra su exitosa serie de conciertos por Estados Unidos y Europa, realizados con el sistema de mezclas digital <a href=\"https:\/\/eu.audio-technica.com\/brands\/allenheath\/ah-por-series\/dlive-s-class?lang-es\"><strong>dLive S Class<\/strong><\/a> de Allen &amp; Heath, el cual ha sido utilizado para gestionar las necesidades de operativas de la monitorizaci\u00f3n.<\/p>\n<p>Como promoci\u00f3n de su tercer \u00e1lbum de estudio, \u201cSunlit Youth\u201d, la gira de 16 semanas abarc\u00f3 de forma amplia lugares de todo Estados Unidos y Europa. El ingeniero de monitores Laurence Eaves proporcion\u00f3, a esta banda de cinco componentes, 12 mezclas separadas de monitorizaci\u00f3n, in-ear y a trav\u00e9s de cu\u00f1as, de las 48 fuentes presentes en el escenario, usando para esto una superficie dLive S5000 con un rack modular de mezcla y procesamiento dLive DM64 MixRack.<\/p>\n<p>\u201c<em>Local Natives es una banda muy divertida para mezclar porque pasan muchas cosas durante la actuaci\u00f3n<\/em>\u00ab, dice Eaves. \u00ab<em>Si bien Taylor y Kelcey son los cantantes principales, toda la banda intercambia sus posiciones durante el show<\/em>\u00ab.<\/p>\n<p>Para poder ajustarse a todos estos cambios, Eaves utiliza las escenas de dLive para, de esta manera, reajustar los micr\u00f3fonos mientras los m\u00fasicos cambian de posici\u00f3n en el escenario y reconfigurar las mezclas. As\u00ed mismo, tambi\u00e9n emplea la recuperaci\u00f3n de filtros de dLive para modificar r\u00e1pidamente las escenas cuando la situaci\u00f3n lo requiere. Por otra parte, mantiene tanto los micr\u00f3fonos frecuentemente utilizados como los env\u00edos directos en las capas superiores de la dLive y coloca los env\u00edos de reverberaci\u00f3n y las salidas principales de las cu\u00f1as y de los monitores in-ear en las capas inferiores.<\/p>\n<p>Eaves emplea la reverberaci\u00f3n de dLive \u00abplate\u00bb para cada miembro de la banda y unas reverbs \u00abplate\u00bb y \u00abhall\u00bb para la caja y los toms. Al mismo tiempo, utiliza el preamplificador a v\u00e1lvulas de dos etapas -que emula los arm\u00f3nicos de las v\u00e1lvulas- en el bajo y en los micr\u00f3fonos de la bater\u00eda. En cuanto a la ecualizaci\u00f3n din\u00e1mica y al retardo que incorpora el sistema, los aplica en la bater\u00eda, as\u00ed como tambi\u00e9n en otras fuentes. Eaves adora los controladores de transitorios de la dLive y usa los compresores 16T y 16VU en los micr\u00f3fonos vocales.<\/p>\n<p><a href=\"http:\/\/noticias.audio-technica.es\/wp-content\/uploads\/Laurence_Eaves_at_the_dLive_S5000_photo2.jpg\"><img loading=\"lazy\" decoding=\"async\" class=\"aligncenter size-full wp-image-872\" src=\"http:\/\/noticias.audio-technica.es\/wp-content\/uploads\/Laurence_Eaves_at_the_dLive_S5000_photo2.jpg\" alt=\"La gira de Local Natives con dLive\" width=\"1200\" height=\"1600\" srcset=\"https:\/\/distribution.audio-technica.eu\/app\/uploads\/sites\/2\/Laurence_Eaves_at_the_dLive_S5000_photo2.jpg 1200w, https:\/\/distribution.audio-technica.eu\/app\/uploads\/sites\/2\/Laurence_Eaves_at_the_dLive_S5000_photo2-225x300.jpg 225w, https:\/\/distribution.audio-technica.eu\/app\/uploads\/sites\/2\/Laurence_Eaves_at_the_dLive_S5000_photo2-768x1024.jpg 768w, https:\/\/distribution.audio-technica.eu\/app\/uploads\/sites\/2\/Laurence_Eaves_at_the_dLive_S5000_photo2-200x267.jpg 200w, https:\/\/distribution.audio-technica.eu\/app\/uploads\/sites\/2\/Laurence_Eaves_at_the_dLive_S5000_photo2-400x533.jpg 400w, https:\/\/distribution.audio-technica.eu\/app\/uploads\/sites\/2\/Laurence_Eaves_at_the_dLive_S5000_photo2-600x800.jpg 600w, https:\/\/distribution.audio-technica.eu\/app\/uploads\/sites\/2\/Laurence_Eaves_at_the_dLive_S5000_photo2-800x1067.jpg 800w\" sizes=\"auto, (max-width: 1200px) 100vw, 1200px\" \/><\/a><\/p>\n<p>\u00ab<em>Estos hacen que mis bater\u00edas resalten en la mezcla y agregan cuerpo a los dem\u00e1s elementos. Y, si los toms resuenan demasiado, simplemente puedo restar sustain<\/em>\u201d. Eaves comenta: \u00ab<em>Es muy sencillo, estoy utilizando todos los efectos que vienen integrados en dLive. Suenan fant\u00e1sticos<\/em>\u201d.<\/p>\n<p>Una tarjeta Dante instalada en la superficie S5000 permite la grabaci\u00f3n digital multipista y Eaves utiliza la opci\u00f3n Virtual Soundcheck para configurar la actuaci\u00f3n de cada noche.<\/p>\n<p>\u00ab<em>Hemos hecho algunos shows sin verificaci\u00f3n de sonido en vivo<\/em>\u00ab, explica. \u00ab<em>Ahora puedo simplemente entrar y arreglar las cosas que estaban mal la noche anterior o cambiar la forma en la que mis micr\u00f3fonos de ambiente se ajustan a la mezcla in-ear de cada persona. Esto es verdaderamente sencillo con dLive , sobre todo, en comparaci\u00f3n con el mezclador que estaba usando anteriormente. No creo haberme sentido tan confiado con ninguna consola que haya utilizado antes. Todo el mundo est\u00e1 contento con la forma en la que nos desenvolvemos en cada concierto y creo que una gran parte de eso se debe a dLive<\/em>\u00ab.<\/p>\n<p><em>\u00a0<\/em><\/p>\n<p><a href=\"https:\/\/eu.audio-technica.com\/brands\/allenheath\/ah-por-series\/dlive-s-class?lang-es\">M\u00e1s informaci\u00f3n sobre la Serie dLive S Class de Allen&amp;Heath<\/a><\/p>\n","protected":false},"excerpt":{"rendered":"<p>Mientras se prepara para un apasionante calendario de giras durante este 2017, la banda americana de indie-rock afincada en Los \u00c1ngeles, Local Natives, celebra su exitosa serie de conciertos por Estados Unidos y Europa, realizados con el sistema de mezclas digital dLive S Class de Allen &amp; Heath, el cual ha sido utilizado para gestionar [&hellip;]<\/p>\n","protected":false},"author":1,"featured_media":6645,"comment_status":"closed","ping_status":"closed","sticky":false,"template":"","format":"standard","meta":{"_acf_changed":false,"footnotes":""},"categories":[1821],"tags":[1579,1587,1739],"class_list":["post-9261","post","type-post","status-publish","format-standard","has-post-thumbnail","hentry","category-artistas","tag-directo","tag-dlive","tag-local-natives"],"acf":[],"yoast_head":"<!-- This site is optimized with the Yoast SEO plugin v27.1.1 - https:\/\/yoast.com\/product\/yoast-seo-wordpress\/ -->\n<title>La gira de Local Natives con dLive - Audio-Technica Iberia<\/title>\n<meta name=\"robots\" content=\"index, follow, max-snippet:-1, max-image-preview:large, max-video-preview:-1\" \/>\n<link rel=\"canonical\" href=\"https:\/\/distribution.audio-technica.eu\/es-es\/noticias\/local-natives-con-dlive\/\" \/>\n<meta property=\"og:locale\" content=\"es_ES\" \/>\n<meta property=\"og:type\" content=\"article\" \/>\n<meta property=\"og:title\" content=\"La gira de Local Natives con dLive - Audio-Technica Iberia\" \/>\n<meta property=\"og:description\" content=\"Mientras se prepara para un apasionante calendario de giras durante este 2017, la banda americana de indie-rock afincada en Los \u00c1ngeles, Local Natives, celebra su exitosa serie de conciertos por Estados Unidos y Europa, realizados con el sistema de mezclas digital dLive S Class de Allen &amp; Heath, el cual ha sido utilizado para gestionar [&hellip;]\" \/>\n<meta property=\"og:url\" content=\"https:\/\/distribution.audio-technica.eu\/es-es\/noticias\/local-natives-con-dlive\/\" \/>\n<meta property=\"og:site_name\" content=\"Audio-Technica Iberia\" \/>\n<meta property=\"article:published_time\" content=\"2017-02-17T19:38:42+00:00\" \/>\n<meta property=\"article:modified_time\" content=\"2023-07-31T08:44:35+00:00\" \/>\n<meta property=\"og:image\" content=\"https:\/\/distribution.audio-technica.eu\/app\/uploads\/sites\/2\/Laurence_Eaves_at_the_dLive_S5000_banner.jpg\" \/>\n\t<meta property=\"og:image:width\" content=\"640\" \/>\n\t<meta property=\"og:image:height\" content=\"360\" \/>\n\t<meta property=\"og:image:type\" content=\"image\/jpeg\" \/>\n<meta name=\"author\" content=\"Audio-Technica\" \/>\n<meta name=\"twitter:card\" content=\"summary_large_image\" \/>\n<meta name=\"twitter:label1\" content=\"Escrito por\" \/>\n\t<meta name=\"twitter:data1\" content=\"Audio-Technica\" \/>\n\t<meta name=\"twitter:label2\" content=\"Tiempo de lectura\" \/>\n\t<meta name=\"twitter:data2\" content=\"3 minutos\" \/>\n<script type=\"application\/ld+json\" class=\"yoast-schema-graph\">{\"@context\":\"https:\/\/schema.org\",\"@graph\":[{\"@type\":\"Article\",\"@id\":\"https:\/\/distribution.audio-technica.eu\/es-es\/noticias\/local-natives-con-dlive\/#article\",\"isPartOf\":{\"@id\":\"https:\/\/distribution.audio-technica.eu\/es-es\/noticias\/local-natives-con-dlive\/\"},\"author\":{\"name\":\"Audio-Technica\",\"@id\":\"https:\/\/distribution.audio-technica.eu\/es-es\/#\/schema\/person\/e8e715e047e33cc425e816f59cbd9b80\"},\"headline\":\"La gira de Local Natives con dLive\",\"datePublished\":\"2017-02-17T19:38:42+00:00\",\"dateModified\":\"2023-07-31T08:44:35+00:00\",\"mainEntityOfPage\":{\"@id\":\"https:\/\/distribution.audio-technica.eu\/es-es\/noticias\/local-natives-con-dlive\/\"},\"wordCount\":594,\"image\":{\"@id\":\"https:\/\/distribution.audio-technica.eu\/es-es\/noticias\/local-natives-con-dlive\/#primaryimage\"},\"thumbnailUrl\":\"\/app\/uploads\/sites\/2\/Laurence_Eaves_at_the_dLive_S5000_banner.jpg\",\"keywords\":[\"directo\",\"dLive\",\"local natives\"],\"articleSection\":[\"Artistas\"],\"inLanguage\":\"es\"},{\"@type\":\"WebPage\",\"@id\":\"https:\/\/distribution.audio-technica.eu\/es-es\/noticias\/local-natives-con-dlive\/\",\"url\":\"https:\/\/distribution.audio-technica.eu\/es-es\/noticias\/local-natives-con-dlive\/\",\"name\":\"La gira de Local Natives con dLive - Audio-Technica Iberia\",\"isPartOf\":{\"@id\":\"https:\/\/distribution.audio-technica.eu\/es-es\/#website\"},\"primaryImageOfPage\":{\"@id\":\"https:\/\/distribution.audio-technica.eu\/es-es\/noticias\/local-natives-con-dlive\/#primaryimage\"},\"image\":{\"@id\":\"https:\/\/distribution.audio-technica.eu\/es-es\/noticias\/local-natives-con-dlive\/#primaryimage\"},\"thumbnailUrl\":\"\/app\/uploads\/sites\/2\/Laurence_Eaves_at_the_dLive_S5000_banner.jpg\",\"datePublished\":\"2017-02-17T19:38:42+00:00\",\"dateModified\":\"2023-07-31T08:44:35+00:00\",\"author\":{\"@id\":\"https:\/\/distribution.audio-technica.eu\/es-es\/#\/schema\/person\/e8e715e047e33cc425e816f59cbd9b80\"},\"breadcrumb\":{\"@id\":\"https:\/\/distribution.audio-technica.eu\/es-es\/noticias\/local-natives-con-dlive\/#breadcrumb\"},\"inLanguage\":\"es\",\"potentialAction\":[{\"@type\":\"ReadAction\",\"target\":[\"https:\/\/distribution.audio-technica.eu\/es-es\/noticias\/local-natives-con-dlive\/\"]}]},{\"@type\":\"ImageObject\",\"inLanguage\":\"es\",\"@id\":\"https:\/\/distribution.audio-technica.eu\/es-es\/noticias\/local-natives-con-dlive\/#primaryimage\",\"url\":\"\/app\/uploads\/sites\/2\/Laurence_Eaves_at_the_dLive_S5000_banner.jpg\",\"contentUrl\":\"\/app\/uploads\/sites\/2\/Laurence_Eaves_at_the_dLive_S5000_banner.jpg\",\"width\":640,\"height\":360,\"caption\":\"La gira de Local Natives con dLive\"},{\"@type\":\"BreadcrumbList\",\"@id\":\"https:\/\/distribution.audio-technica.eu\/es-es\/noticias\/local-natives-con-dlive\/#breadcrumb\",\"itemListElement\":[{\"@type\":\"ListItem\",\"position\":1,\"name\":\"Products\",\"item\":\"https:\/\/distribution.audio-technica.eu\/es-es\/\"},{\"@type\":\"ListItem\",\"position\":2,\"name\":\"La gira de Local Natives con dLive\"}]},{\"@type\":\"WebSite\",\"@id\":\"https:\/\/distribution.audio-technica.eu\/es-es\/#website\",\"url\":\"https:\/\/distribution.audio-technica.eu\/es-es\/\",\"name\":\"Audio-Technica Iberia\",\"description\":\"Distribuci\u00f3n\",\"potentialAction\":[{\"@type\":\"SearchAction\",\"target\":{\"@type\":\"EntryPoint\",\"urlTemplate\":\"https:\/\/distribution.audio-technica.eu\/es-es\/?s={search_term_string}\"},\"query-input\":{\"@type\":\"PropertyValueSpecification\",\"valueRequired\":true,\"valueName\":\"search_term_string\"}}],\"inLanguage\":\"es\"},{\"@type\":\"Person\",\"@id\":\"https:\/\/distribution.audio-technica.eu\/es-es\/#\/schema\/person\/e8e715e047e33cc425e816f59cbd9b80\",\"name\":\"Audio-Technica\"}]}<\/script>\n<!-- \/ Yoast SEO plugin. -->","yoast_head_json":{"title":"La gira de Local Natives con dLive - Audio-Technica Iberia","robots":{"index":"index","follow":"follow","max-snippet":"max-snippet:-1","max-image-preview":"max-image-preview:large","max-video-preview":"max-video-preview:-1"},"canonical":"https:\/\/distribution.audio-technica.eu\/es-es\/noticias\/local-natives-con-dlive\/","og_locale":"es_ES","og_type":"article","og_title":"La gira de Local Natives con dLive - Audio-Technica Iberia","og_description":"Mientras se prepara para un apasionante calendario de giras durante este 2017, la banda americana de indie-rock afincada en Los \u00c1ngeles, Local Natives, celebra su exitosa serie de conciertos por Estados Unidos y Europa, realizados con el sistema de mezclas digital dLive S Class de Allen &amp; Heath, el cual ha sido utilizado para gestionar [&hellip;]","og_url":"https:\/\/distribution.audio-technica.eu\/es-es\/noticias\/local-natives-con-dlive\/","og_site_name":"Audio-Technica Iberia","article_published_time":"2017-02-17T19:38:42+00:00","article_modified_time":"2023-07-31T08:44:35+00:00","og_image":[{"width":640,"height":360,"url":"https:\/\/distribution.audio-technica.eu\/app\/uploads\/sites\/2\/Laurence_Eaves_at_the_dLive_S5000_banner.jpg","type":"image\/jpeg"}],"author":"Audio-Technica","twitter_card":"summary_large_image","twitter_misc":{"Escrito por":"Audio-Technica","Tiempo de lectura":"3 minutos"},"schema":{"@context":"https:\/\/schema.org","@graph":[{"@type":"Article","@id":"https:\/\/distribution.audio-technica.eu\/es-es\/noticias\/local-natives-con-dlive\/#article","isPartOf":{"@id":"https:\/\/distribution.audio-technica.eu\/es-es\/noticias\/local-natives-con-dlive\/"},"author":{"name":"Audio-Technica","@id":"https:\/\/distribution.audio-technica.eu\/es-es\/#\/schema\/person\/e8e715e047e33cc425e816f59cbd9b80"},"headline":"La gira de Local Natives con dLive","datePublished":"2017-02-17T19:38:42+00:00","dateModified":"2023-07-31T08:44:35+00:00","mainEntityOfPage":{"@id":"https:\/\/distribution.audio-technica.eu\/es-es\/noticias\/local-natives-con-dlive\/"},"wordCount":594,"image":{"@id":"https:\/\/distribution.audio-technica.eu\/es-es\/noticias\/local-natives-con-dlive\/#primaryimage"},"thumbnailUrl":"\/app\/uploads\/sites\/2\/Laurence_Eaves_at_the_dLive_S5000_banner.jpg","keywords":["directo","dLive","local natives"],"articleSection":["Artistas"],"inLanguage":"es"},{"@type":"WebPage","@id":"https:\/\/distribution.audio-technica.eu\/es-es\/noticias\/local-natives-con-dlive\/","url":"https:\/\/distribution.audio-technica.eu\/es-es\/noticias\/local-natives-con-dlive\/","name":"La gira de Local Natives con dLive - Audio-Technica Iberia","isPartOf":{"@id":"https:\/\/distribution.audio-technica.eu\/es-es\/#website"},"primaryImageOfPage":{"@id":"https:\/\/distribution.audio-technica.eu\/es-es\/noticias\/local-natives-con-dlive\/#primaryimage"},"image":{"@id":"https:\/\/distribution.audio-technica.eu\/es-es\/noticias\/local-natives-con-dlive\/#primaryimage"},"thumbnailUrl":"\/app\/uploads\/sites\/2\/Laurence_Eaves_at_the_dLive_S5000_banner.jpg","datePublished":"2017-02-17T19:38:42+00:00","dateModified":"2023-07-31T08:44:35+00:00","author":{"@id":"https:\/\/distribution.audio-technica.eu\/es-es\/#\/schema\/person\/e8e715e047e33cc425e816f59cbd9b80"},"breadcrumb":{"@id":"https:\/\/distribution.audio-technica.eu\/es-es\/noticias\/local-natives-con-dlive\/#breadcrumb"},"inLanguage":"es","potentialAction":[{"@type":"ReadAction","target":["https:\/\/distribution.audio-technica.eu\/es-es\/noticias\/local-natives-con-dlive\/"]}]},{"@type":"ImageObject","inLanguage":"es","@id":"https:\/\/distribution.audio-technica.eu\/es-es\/noticias\/local-natives-con-dlive\/#primaryimage","url":"\/app\/uploads\/sites\/2\/Laurence_Eaves_at_the_dLive_S5000_banner.jpg","contentUrl":"\/app\/uploads\/sites\/2\/Laurence_Eaves_at_the_dLive_S5000_banner.jpg","width":640,"height":360,"caption":"La gira de Local Natives con dLive"},{"@type":"BreadcrumbList","@id":"https:\/\/distribution.audio-technica.eu\/es-es\/noticias\/local-natives-con-dlive\/#breadcrumb","itemListElement":[{"@type":"ListItem","position":1,"name":"Products","item":"https:\/\/distribution.audio-technica.eu\/es-es\/"},{"@type":"ListItem","position":2,"name":"La gira de Local Natives con dLive"}]},{"@type":"WebSite","@id":"https:\/\/distribution.audio-technica.eu\/es-es\/#website","url":"https:\/\/distribution.audio-technica.eu\/es-es\/","name":"Audio-Technica Iberia","description":"Distribuci\u00f3n","potentialAction":[{"@type":"SearchAction","target":{"@type":"EntryPoint","urlTemplate":"https:\/\/distribution.audio-technica.eu\/es-es\/?s={search_term_string}"},"query-input":{"@type":"PropertyValueSpecification","valueRequired":true,"valueName":"search_term_string"}}],"inLanguage":"es"},{"@type":"Person","@id":"https:\/\/distribution.audio-technica.eu\/es-es\/#\/schema\/person\/e8e715e047e33cc425e816f59cbd9b80","name":"Audio-Technica"}]}},"_links":{"self":[{"href":"https:\/\/distribution.audio-technica.eu\/es-es\/wp-json\/wp\/v2\/posts\/9261","targetHints":{"allow":["GET"]}}],"collection":[{"href":"https:\/\/distribution.audio-technica.eu\/es-es\/wp-json\/wp\/v2\/posts"}],"about":[{"href":"https:\/\/distribution.audio-technica.eu\/es-es\/wp-json\/wp\/v2\/types\/post"}],"author":[{"embeddable":true,"href":"https:\/\/distribution.audio-technica.eu\/es-es\/wp-json\/wp\/v2\/users\/1"}],"replies":[{"embeddable":true,"href":"https:\/\/distribution.audio-technica.eu\/es-es\/wp-json\/wp\/v2\/comments?post=9261"}],"version-history":[{"count":1,"href":"https:\/\/distribution.audio-technica.eu\/es-es\/wp-json\/wp\/v2\/posts\/9261\/revisions"}],"predecessor-version":[{"id":26962,"href":"https:\/\/distribution.audio-technica.eu\/es-es\/wp-json\/wp\/v2\/posts\/9261\/revisions\/26962"}],"wp:featuredmedia":[{"embeddable":true,"href":"https:\/\/distribution.audio-technica.eu\/es-es\/wp-json\/wp\/v2\/media\/6645"}],"wp:attachment":[{"href":"https:\/\/distribution.audio-technica.eu\/es-es\/wp-json\/wp\/v2\/media?parent=9261"}],"wp:term":[{"taxonomy":"category","embeddable":true,"href":"https:\/\/distribution.audio-technica.eu\/es-es\/wp-json\/wp\/v2\/categories?post=9261"},{"taxonomy":"post_tag","embeddable":true,"href":"https:\/\/distribution.audio-technica.eu\/es-es\/wp-json\/wp\/v2\/tags?post=9261"}],"curies":[{"name":"wp","href":"https:\/\/api.w.org\/{rel}","templated":true}]}}