{"id":9262,"date":"2017-02-27T15:36:29","date_gmt":"2017-02-27T14:36:29","guid":{"rendered":"http:\/\/noticias.audio-technica.es\/?p=959"},"modified":"2023-07-31T11:32:16","modified_gmt":"2023-07-31T09:32:16","slug":"genelec-experience-center","status":"publish","type":"post","link":"https:\/\/distribution.audio-technica.eu\/es-es\/noticias\/genelec-experience-center\/","title":{"rendered":"El primer Genelec Experience Center en el mundo"},"content":{"rendered":"<p><a href=\"http:\/\/noticias.audio-technica.es\/wp-content\/uploads\/genelecexperiencecenter_website.jpg\"><img loading=\"lazy\" decoding=\"async\" class=\"aligncenter size-full wp-image-965\" src=\"http:\/\/noticias.audio-technica.es\/wp-content\/uploads\/genelecexperiencecenter_website.jpg\" alt=\"El primer Genelec Experience Center en el mundo\" width=\"1680\" height=\"1120\" \/><\/a><\/p>\n<p>En el oto\u00f1o de 2016 abri\u00f3 sus puertas en Londres el primer Genelec Experience Center. Desde el primer momento, el centro acoge la visita de numerosas personas relacionadas con los sectores de la m\u00fasica, el broadcast, la posproducci\u00f3n e instalaci\u00f3n de AV, a las que se anima a conocer el centro para ver en acci\u00f3n su formidable colecci\u00f3n monitores Genelec y a aprender m\u00e1s acerca de la selecci\u00f3n, colocaci\u00f3n y calibraci\u00f3n de los altavoces.<\/p>\n<p>El Genelec Experience Center se encuentra justo en el coraz\u00f3n de la comunidad de la posproducci\u00f3n londinense, que tradicionalmente se ha asentado en el \u00e1rea del Soho pero que ahora est\u00e1 empezando a extenderse a trav\u00e9s de Oxford Street, en el distrito de Fitzrovia, donde los espacios son a menudo m\u00e1s grandes y un poco menos caros (algo que est\u00e1 muy bien, teniendo en cuenta los est\u00e1ndares de Londres).<\/p>\n<p>El centro permite a los visitantes disponer de una fuente audio en pr\u00e1cticamente cualquier tipo de soporte y formato y evaluar los monitores Genelec en configuraciones est\u00e9reo, surround y de \u00abaudio inmersivo\u00bb. Lo brillante de la arquitectura de audio del centro es la posibilidad de encaminar cualquier fuente audio a cualquier destino, por lo que los visitantes pueden optar por monitorizar distintas configuraciones, desde un par est\u00e9reo compuesto por unos monitores compactos 8010A hasta un completo sistema de sonido inmersivo 11.1.<\/p>\n<p>&nbsp;<\/p>\n<p><strong>El poder de la tecnolog\u00eda SAM<\/strong><\/p>\n<p><a href=\"http:\/\/noticias.audio-technica.es\/wp-content\/uploads\/genelecexperiencecenter_website2.jpg\"><img loading=\"lazy\" decoding=\"async\" class=\"aligncenter size-full wp-image-963\" src=\"http:\/\/noticias.audio-technica.es\/wp-content\/uploads\/genelecexperiencecenter_website2.jpg\" alt=\"El primer Genelec Experience Center en el mundo\" width=\"1680\" height=\"1482\" \/><\/a><\/p>\n<p>En concordancia con el creciente compromiso de Genelec con el uso de DSPs para optimizar el rendimiento de audio, la gama de monitorizaci\u00f3n SAM est\u00e1 muy bien representada, ya que este sistema 11.1 se basa en monitores <a href=\"https:\/\/eu.audio-technica.com\/brands\/genelec\/monitores-de-estudio\/8351A?lang=es\">8351A<\/a>, mientras que un segundo sistema envolvente m\u00e1s peque\u00f1o de 5.1 est\u00e1 construido alrededor del modelo <a href=\"https:\/\/eu.audio-technica.com\/brands\/genelec\/monitores-de-estudio\/8320A?lang=es\">8320A<\/a>. Un tercer sistema envolvente utiliza modelos de altavoces de pared y techo de la serie arquitect\u00f3nica de Genelec para demostrar lo bien que funciona la tecnolog\u00eda de altavoces Genelec tambi\u00e9n en instalaciones comerciales y residenciales.<\/p>\n<p>El Genelec Experience Center es supervisado por Howard Jones, quien se uni\u00f3 a Genelec como Gerente de Proyecto Internacional en el verano de 2016.<\/p>\n<p>Jones explica cu\u00e1l es el objetivo principal del Centro: \u00ab<em>Hemos querido crear una sala que sea accesible tanto para los usuarios finales como para los distribuidores, no s\u00f3lo para permitirles probar los monitores Genelec en un ambiente bien tratado y controlado sino, tambi\u00e9n, para que puedan venir a aprender sobre la propia tecnolog\u00eda de nuestros sistemas y conocer de primera mano c\u00f3mo es posible convertir una sala con una forma poco convencional como esta en un espacio con una gran sonoridad. La asimetr\u00eda de la habitaci\u00f3n y su techo bajo son caracter\u00edsticas muy t\u00edpicas de los espacios en los que muchos usuarios finales trabajan normalmente y queremos demostrar a estos usuarios c\u00f3mo, con un tratamiento ac\u00fastico relativamente simple y la potencia de la tecnolog\u00eda SAM de Genelec, se puede transformar un espacio ciertamente complicado en algo muy especial<\/em>\u201d.<\/p>\n<p><a href=\"http:\/\/noticias.audio-technica.es\/wp-content\/uploads\/genelecexperiencecenter_website3.jpg\"><img loading=\"lazy\" decoding=\"async\" class=\"aligncenter size-full wp-image-961\" src=\"http:\/\/noticias.audio-technica.es\/wp-content\/uploads\/genelecexperiencecenter_website3.jpg\" alt=\"El primer Genelec Experience Center en el mundo\" width=\"1800\" height=\"1162\" \/><\/a><\/p>\n<p><strong>Reuniendo a los profesionales del Audio<\/strong><\/p>\n<p><strong>\u00a0<\/strong>En virtud de su ubicaci\u00f3n c\u00e9ntrica en Londres, Jones tambi\u00e9n ve el Genelec Experience Center como un espacio para la comunidad de audio profesional de la capital: \u00abUna vez que comenzamos a proyectar el centro, nos dimos cuenta de que hab\u00eda aplicaciones casi interminables para un espacio como este. Formaci\u00f3n de distribuidores, exhibici\u00f3n de productos, eventos de prensa, cl\u00ednicas, seminarios y grabaci\u00f3n de v\u00eddeos. Todo esto se puede desarrollar aqu\u00ed con la seguridad de que cualquier audio que se reproduzca se beneficiar\u00e1 del sistema de monitorizaci\u00f3n m\u00e1s incre\u00edble, que actualmente rivaliza solamente con el propio auditorio de la f\u00e1brica de Genelec en Finlandia. Nuestro programa de seminarios arranc\u00f3 el pasado mes noviembre con una charla sobre Loudness en Streaming y Broadcast impartida por nuestro propio Thomas Lund y estuvimos encantados de ver c\u00f3mo este evento atrajo a nuestro centro a algunos de los mejores ingenieros de masterizaci\u00f3n del Reino Unido. Planeamos desarrollar muchas m\u00e1s actividades como esta y creemos que es apropiado que una compa\u00f1\u00eda innovadora como Genelec lidere este camino que busca reunir a los profesionales del audio para discutir sobre nuevos desarrollos y tendencias en nuestra industria\u00bb.<\/p>\n<p><a href=\"http:\/\/noticias.audio-technica.es\/wp-content\/uploads\/genelecexperiencecenter_website4.jpg\"><img loading=\"lazy\" decoding=\"async\" class=\"aligncenter size-full wp-image-964\" src=\"http:\/\/noticias.audio-technica.es\/wp-content\/uploads\/genelecexperiencecenter_website4.jpg\" alt=\"El primer Genelec Experience Center en el mundo\" width=\"2048\" height=\"1536\" \/><\/a><\/p>\n<p>&nbsp;<\/p>\n<p><a href=\"http:\/\/www.genelec.com\/studio-monitors\">M\u00e1s informaci\u00f3n sobre los monitores Genelec<\/a><\/p>\n<p><a href=\"https:\/\/eu.audio-technica.com\/brands\/genelec?lang=es\">Distribuido en Espa\u00f1a por Audio-Technica Iberia<\/a><\/p>\n","protected":false},"excerpt":{"rendered":"<p>En el oto\u00f1o de 2016 abri\u00f3 sus puertas en Londres el primer Genelec Experience Center. Desde el primer momento, el centro acoge la visita de numerosas personas relacionadas con los sectores de la m\u00fasica, el broadcast, la posproducci\u00f3n e instalaci\u00f3n de AV, a las que se anima a conocer el centro para ver en acci\u00f3n [&hellip;]<\/p>\n","protected":false},"author":1,"featured_media":6655,"comment_status":"closed","ping_status":"closed","sticky":false,"template":"","format":"standard","meta":{"_acf_changed":false,"footnotes":""},"categories":[2460,2461],"tags":[1646,1740,1564,1566],"class_list":["post-9262","post","type-post","status-publish","format-standard","has-post-thumbnail","hentry","category-instalaciones","category-noticias","tag-broadcast","tag-ensenanza","tag-estudio","tag-monitores"],"acf":[],"yoast_head":"<!-- This site is optimized with the Yoast SEO plugin v27.1.1 - https:\/\/yoast.com\/product\/yoast-seo-wordpress\/ -->\n<title>El primer Genelec Experience Center en el mundo - Audio-Technica Iberia<\/title>\n<meta name=\"robots\" content=\"index, follow, max-snippet:-1, max-image-preview:large, max-video-preview:-1\" \/>\n<link rel=\"canonical\" href=\"https:\/\/distribution.audio-technica.eu\/es-es\/noticias\/genelec-experience-center\/\" \/>\n<meta property=\"og:locale\" content=\"es_ES\" \/>\n<meta property=\"og:type\" content=\"article\" \/>\n<meta property=\"og:title\" content=\"El primer Genelec Experience Center en el mundo - Audio-Technica Iberia\" \/>\n<meta property=\"og:description\" content=\"En el oto\u00f1o de 2016 abri\u00f3 sus puertas en Londres el primer Genelec Experience Center. Desde el primer momento, el centro acoge la visita de numerosas personas relacionadas con los sectores de la m\u00fasica, el broadcast, la posproducci\u00f3n e instalaci\u00f3n de AV, a las que se anima a conocer el centro para ver en acci\u00f3n [&hellip;]\" \/>\n<meta property=\"og:url\" content=\"https:\/\/distribution.audio-technica.eu\/es-es\/noticias\/genelec-experience-center\/\" \/>\n<meta property=\"og:site_name\" content=\"Audio-Technica Iberia\" \/>\n<meta property=\"article:published_time\" content=\"2017-02-27T14:36:29+00:00\" \/>\n<meta property=\"article:modified_time\" content=\"2023-07-31T09:32:16+00:00\" \/>\n<meta property=\"og:image\" content=\"https:\/\/distribution.audio-technica.eu\/app\/uploads\/sites\/2\/genelecexperiencecenter_website_banner.jpg\" \/>\n\t<meta property=\"og:image:width\" content=\"640\" \/>\n\t<meta property=\"og:image:height\" content=\"361\" \/>\n\t<meta property=\"og:image:type\" content=\"image\/jpeg\" \/>\n<meta name=\"author\" content=\"Audio-Technica\" \/>\n<meta name=\"twitter:card\" content=\"summary_large_image\" \/>\n<meta name=\"twitter:label1\" content=\"Escrito por\" \/>\n\t<meta name=\"twitter:data1\" content=\"Audio-Technica\" \/>\n\t<meta name=\"twitter:label2\" content=\"Tiempo de lectura\" \/>\n\t<meta name=\"twitter:data2\" content=\"4 minutos\" \/>\n<script type=\"application\/ld+json\" class=\"yoast-schema-graph\">{\"@context\":\"https:\/\/schema.org\",\"@graph\":[{\"@type\":\"Article\",\"@id\":\"https:\/\/distribution.audio-technica.eu\/es-es\/noticias\/genelec-experience-center\/#article\",\"isPartOf\":{\"@id\":\"https:\/\/distribution.audio-technica.eu\/es-es\/noticias\/genelec-experience-center\/\"},\"author\":{\"name\":\"Audio-Technica\",\"@id\":\"https:\/\/distribution.audio-technica.eu\/es-es\/#\/schema\/person\/e8e715e047e33cc425e816f59cbd9b80\"},\"headline\":\"El primer Genelec Experience Center en el mundo\",\"datePublished\":\"2017-02-27T14:36:29+00:00\",\"dateModified\":\"2023-07-31T09:32:16+00:00\",\"mainEntityOfPage\":{\"@id\":\"https:\/\/distribution.audio-technica.eu\/es-es\/noticias\/genelec-experience-center\/\"},\"wordCount\":750,\"image\":{\"@id\":\"https:\/\/distribution.audio-technica.eu\/es-es\/noticias\/genelec-experience-center\/#primaryimage\"},\"thumbnailUrl\":\"\/app\/uploads\/sites\/2\/genelecexperiencecenter_website_banner.jpg\",\"keywords\":[\"broadcast\",\"ense\u00f1anza\",\"Estudio\",\"MONITORES\"],\"articleSection\":[\"Instalaciones\",\"Noticias\"],\"inLanguage\":\"es\"},{\"@type\":\"WebPage\",\"@id\":\"https:\/\/distribution.audio-technica.eu\/es-es\/noticias\/genelec-experience-center\/\",\"url\":\"https:\/\/distribution.audio-technica.eu\/es-es\/noticias\/genelec-experience-center\/\",\"name\":\"El primer Genelec Experience Center en el mundo - Audio-Technica Iberia\",\"isPartOf\":{\"@id\":\"https:\/\/distribution.audio-technica.eu\/es-es\/#website\"},\"primaryImageOfPage\":{\"@id\":\"https:\/\/distribution.audio-technica.eu\/es-es\/noticias\/genelec-experience-center\/#primaryimage\"},\"image\":{\"@id\":\"https:\/\/distribution.audio-technica.eu\/es-es\/noticias\/genelec-experience-center\/#primaryimage\"},\"thumbnailUrl\":\"\/app\/uploads\/sites\/2\/genelecexperiencecenter_website_banner.jpg\",\"datePublished\":\"2017-02-27T14:36:29+00:00\",\"dateModified\":\"2023-07-31T09:32:16+00:00\",\"author\":{\"@id\":\"https:\/\/distribution.audio-technica.eu\/es-es\/#\/schema\/person\/e8e715e047e33cc425e816f59cbd9b80\"},\"breadcrumb\":{\"@id\":\"https:\/\/distribution.audio-technica.eu\/es-es\/noticias\/genelec-experience-center\/#breadcrumb\"},\"inLanguage\":\"es\",\"potentialAction\":[{\"@type\":\"ReadAction\",\"target\":[\"https:\/\/distribution.audio-technica.eu\/es-es\/noticias\/genelec-experience-center\/\"]}]},{\"@type\":\"ImageObject\",\"inLanguage\":\"es\",\"@id\":\"https:\/\/distribution.audio-technica.eu\/es-es\/noticias\/genelec-experience-center\/#primaryimage\",\"url\":\"\/app\/uploads\/sites\/2\/genelecexperiencecenter_website_banner.jpg\",\"contentUrl\":\"\/app\/uploads\/sites\/2\/genelecexperiencecenter_website_banner.jpg\",\"width\":640,\"height\":361,\"caption\":\"El primer Genelec Experience Center en el mundo\"},{\"@type\":\"BreadcrumbList\",\"@id\":\"https:\/\/distribution.audio-technica.eu\/es-es\/noticias\/genelec-experience-center\/#breadcrumb\",\"itemListElement\":[{\"@type\":\"ListItem\",\"position\":1,\"name\":\"Products\",\"item\":\"https:\/\/distribution.audio-technica.eu\/es-es\/\"},{\"@type\":\"ListItem\",\"position\":2,\"name\":\"El primer Genelec Experience Center en el mundo\"}]},{\"@type\":\"WebSite\",\"@id\":\"https:\/\/distribution.audio-technica.eu\/es-es\/#website\",\"url\":\"https:\/\/distribution.audio-technica.eu\/es-es\/\",\"name\":\"Audio-Technica Iberia\",\"description\":\"Distribuci\u00f3n\",\"potentialAction\":[{\"@type\":\"SearchAction\",\"target\":{\"@type\":\"EntryPoint\",\"urlTemplate\":\"https:\/\/distribution.audio-technica.eu\/es-es\/?s={search_term_string}\"},\"query-input\":{\"@type\":\"PropertyValueSpecification\",\"valueRequired\":true,\"valueName\":\"search_term_string\"}}],\"inLanguage\":\"es\"},{\"@type\":\"Person\",\"@id\":\"https:\/\/distribution.audio-technica.eu\/es-es\/#\/schema\/person\/e8e715e047e33cc425e816f59cbd9b80\",\"name\":\"Audio-Technica\"}]}<\/script>\n<!-- \/ Yoast SEO plugin. -->","yoast_head_json":{"title":"El primer Genelec Experience Center en el mundo - Audio-Technica Iberia","robots":{"index":"index","follow":"follow","max-snippet":"max-snippet:-1","max-image-preview":"max-image-preview:large","max-video-preview":"max-video-preview:-1"},"canonical":"https:\/\/distribution.audio-technica.eu\/es-es\/noticias\/genelec-experience-center\/","og_locale":"es_ES","og_type":"article","og_title":"El primer Genelec Experience Center en el mundo - Audio-Technica Iberia","og_description":"En el oto\u00f1o de 2016 abri\u00f3 sus puertas en Londres el primer Genelec Experience Center. Desde el primer momento, el centro acoge la visita de numerosas personas relacionadas con los sectores de la m\u00fasica, el broadcast, la posproducci\u00f3n e instalaci\u00f3n de AV, a las que se anima a conocer el centro para ver en acci\u00f3n [&hellip;]","og_url":"https:\/\/distribution.audio-technica.eu\/es-es\/noticias\/genelec-experience-center\/","og_site_name":"Audio-Technica Iberia","article_published_time":"2017-02-27T14:36:29+00:00","article_modified_time":"2023-07-31T09:32:16+00:00","og_image":[{"width":640,"height":361,"url":"https:\/\/distribution.audio-technica.eu\/app\/uploads\/sites\/2\/genelecexperiencecenter_website_banner.jpg","type":"image\/jpeg"}],"author":"Audio-Technica","twitter_card":"summary_large_image","twitter_misc":{"Escrito por":"Audio-Technica","Tiempo de lectura":"4 minutos"},"schema":{"@context":"https:\/\/schema.org","@graph":[{"@type":"Article","@id":"https:\/\/distribution.audio-technica.eu\/es-es\/noticias\/genelec-experience-center\/#article","isPartOf":{"@id":"https:\/\/distribution.audio-technica.eu\/es-es\/noticias\/genelec-experience-center\/"},"author":{"name":"Audio-Technica","@id":"https:\/\/distribution.audio-technica.eu\/es-es\/#\/schema\/person\/e8e715e047e33cc425e816f59cbd9b80"},"headline":"El primer Genelec Experience Center en el mundo","datePublished":"2017-02-27T14:36:29+00:00","dateModified":"2023-07-31T09:32:16+00:00","mainEntityOfPage":{"@id":"https:\/\/distribution.audio-technica.eu\/es-es\/noticias\/genelec-experience-center\/"},"wordCount":750,"image":{"@id":"https:\/\/distribution.audio-technica.eu\/es-es\/noticias\/genelec-experience-center\/#primaryimage"},"thumbnailUrl":"\/app\/uploads\/sites\/2\/genelecexperiencecenter_website_banner.jpg","keywords":["broadcast","ense\u00f1anza","Estudio","MONITORES"],"articleSection":["Instalaciones","Noticias"],"inLanguage":"es"},{"@type":"WebPage","@id":"https:\/\/distribution.audio-technica.eu\/es-es\/noticias\/genelec-experience-center\/","url":"https:\/\/distribution.audio-technica.eu\/es-es\/noticias\/genelec-experience-center\/","name":"El primer Genelec Experience Center en el mundo - Audio-Technica Iberia","isPartOf":{"@id":"https:\/\/distribution.audio-technica.eu\/es-es\/#website"},"primaryImageOfPage":{"@id":"https:\/\/distribution.audio-technica.eu\/es-es\/noticias\/genelec-experience-center\/#primaryimage"},"image":{"@id":"https:\/\/distribution.audio-technica.eu\/es-es\/noticias\/genelec-experience-center\/#primaryimage"},"thumbnailUrl":"\/app\/uploads\/sites\/2\/genelecexperiencecenter_website_banner.jpg","datePublished":"2017-02-27T14:36:29+00:00","dateModified":"2023-07-31T09:32:16+00:00","author":{"@id":"https:\/\/distribution.audio-technica.eu\/es-es\/#\/schema\/person\/e8e715e047e33cc425e816f59cbd9b80"},"breadcrumb":{"@id":"https:\/\/distribution.audio-technica.eu\/es-es\/noticias\/genelec-experience-center\/#breadcrumb"},"inLanguage":"es","potentialAction":[{"@type":"ReadAction","target":["https:\/\/distribution.audio-technica.eu\/es-es\/noticias\/genelec-experience-center\/"]}]},{"@type":"ImageObject","inLanguage":"es","@id":"https:\/\/distribution.audio-technica.eu\/es-es\/noticias\/genelec-experience-center\/#primaryimage","url":"\/app\/uploads\/sites\/2\/genelecexperiencecenter_website_banner.jpg","contentUrl":"\/app\/uploads\/sites\/2\/genelecexperiencecenter_website_banner.jpg","width":640,"height":361,"caption":"El primer Genelec Experience Center en el mundo"},{"@type":"BreadcrumbList","@id":"https:\/\/distribution.audio-technica.eu\/es-es\/noticias\/genelec-experience-center\/#breadcrumb","itemListElement":[{"@type":"ListItem","position":1,"name":"Products","item":"https:\/\/distribution.audio-technica.eu\/es-es\/"},{"@type":"ListItem","position":2,"name":"El primer Genelec Experience Center en el mundo"}]},{"@type":"WebSite","@id":"https:\/\/distribution.audio-technica.eu\/es-es\/#website","url":"https:\/\/distribution.audio-technica.eu\/es-es\/","name":"Audio-Technica Iberia","description":"Distribuci\u00f3n","potentialAction":[{"@type":"SearchAction","target":{"@type":"EntryPoint","urlTemplate":"https:\/\/distribution.audio-technica.eu\/es-es\/?s={search_term_string}"},"query-input":{"@type":"PropertyValueSpecification","valueRequired":true,"valueName":"search_term_string"}}],"inLanguage":"es"},{"@type":"Person","@id":"https:\/\/distribution.audio-technica.eu\/es-es\/#\/schema\/person\/e8e715e047e33cc425e816f59cbd9b80","name":"Audio-Technica"}]}},"_links":{"self":[{"href":"https:\/\/distribution.audio-technica.eu\/es-es\/wp-json\/wp\/v2\/posts\/9262","targetHints":{"allow":["GET"]}}],"collection":[{"href":"https:\/\/distribution.audio-technica.eu\/es-es\/wp-json\/wp\/v2\/posts"}],"about":[{"href":"https:\/\/distribution.audio-technica.eu\/es-es\/wp-json\/wp\/v2\/types\/post"}],"author":[{"embeddable":true,"href":"https:\/\/distribution.audio-technica.eu\/es-es\/wp-json\/wp\/v2\/users\/1"}],"replies":[{"embeddable":true,"href":"https:\/\/distribution.audio-technica.eu\/es-es\/wp-json\/wp\/v2\/comments?post=9262"}],"version-history":[{"count":1,"href":"https:\/\/distribution.audio-technica.eu\/es-es\/wp-json\/wp\/v2\/posts\/9262\/revisions"}],"predecessor-version":[{"id":27179,"href":"https:\/\/distribution.audio-technica.eu\/es-es\/wp-json\/wp\/v2\/posts\/9262\/revisions\/27179"}],"wp:featuredmedia":[{"embeddable":true,"href":"https:\/\/distribution.audio-technica.eu\/es-es\/wp-json\/wp\/v2\/media\/6655"}],"wp:attachment":[{"href":"https:\/\/distribution.audio-technica.eu\/es-es\/wp-json\/wp\/v2\/media?parent=9262"}],"wp:term":[{"taxonomy":"category","embeddable":true,"href":"https:\/\/distribution.audio-technica.eu\/es-es\/wp-json\/wp\/v2\/categories?post=9262"},{"taxonomy":"post_tag","embeddable":true,"href":"https:\/\/distribution.audio-technica.eu\/es-es\/wp-json\/wp\/v2\/tags?post=9262"}],"curies":[{"name":"wp","href":"https:\/\/api.w.org\/{rel}","templated":true}]}}