{"id":9274,"date":"2017-04-29T13:33:17","date_gmt":"2017-04-29T11:33:17","guid":{"rendered":"http:\/\/noticias.audio-technica.es\/?p=1087"},"modified":"2023-07-31T11:31:39","modified_gmt":"2023-07-31T09:31:39","slug":"mejoras-monitores-genelec","status":"publish","type":"post","link":"https:\/\/distribution.audio-technica.eu\/es-es\/noticias\/mejoras-monitores-genelec\/","title":{"rendered":"Importantes mejoras proporcionan un nuevo nivel de rendimiento a los monitores de Genelec m\u00e1s populares"},"content":{"rendered":"<h2><strong>Cuatro de los monitores m\u00e1s populares de Genelec se han hecho m\u00e1s potentes, m\u00e1s ligeros e incluso han disminuido su consumo, como parte de las principales mejoras introducidas, que incluyen un cambio a amplificaci\u00f3n Clase D.<\/strong><\/h2>\n<p><a href=\"http:\/\/noticias.audio-technica.es\/wp-content\/uploads\/NdP-Genelec-Upgraded-Models.png\"><img loading=\"lazy\" decoding=\"async\" class=\"aligncenter size-full wp-image-1072\" src=\"http:\/\/noticias.audio-technica.es\/wp-content\/uploads\/NdP-Genelec-Upgraded-Models.png\" alt=\"Importantes mejoras proporcionan un nuevo nivel de rendimiento a los monitores de Genelec m\u00e1s populares\" width=\"1440\" height=\"1120\" \/><\/a><\/p>\n<p>Incluyendo modelos dentro de las l\u00edneas de monitoreo profesional, home audio y AV, las mejoras representan un nuevo nivel de desempe\u00f1o para los <a href=\"https:\/\/www.genelec.com\/studio-monitors\/classic-studio-monitors-subwoofers\/8020d-studio-monitor\">8020<\/a> y <a href=\"https:\/\/www.genelec.com\/studio-monitors\/classic-studio-monitors-subwoofers\/8030c-studio-monitor\">8030<\/a> del rango profesional, y los potentes pero discretos monitores <a href=\"https:\/\/www.genelec.com\/installation-speakers\/4000-series-installation-speakers\/4020c-installation-speaker\">4020<\/a> y <a href=\"https:\/\/www.genelec.com\/installation-speakers\/4000-series-installation-speakers\/4030c-installation-speaker\">4030<\/a> para instalaci\u00f3n.<\/p>\n<p>El espectacular efecto de la amplificaci\u00f3n Clase D no pasar\u00e1 desapercibido ya que supone al mismo tiempo un aumento en el nivel de presi\u00f3n sonora y una disminuci\u00f3n en el consumo de energ\u00eda para todos los modelos. Gracias al uso de fuentes de alimentaci\u00f3n conmutadas, resultar\u00e1 igualmente impresionante la significativa disminuci\u00f3n de peso y la consiguiente mejora en la portabilidad de cada monitor beneficiado por estas mejoras. Adem\u00e1s, nuevos <a href=\"https:\/\/www.genelec.com\/key-technologies\/room-response-compensation\">controles para compensaci\u00f3n de la respuesta de la sala<\/a> proporcionar\u00e1n al usuario una mayor flexibilidad para ajustes y optimizaci\u00f3n, mientras que una amplia lista de mejoras adicionales han sido desarrolladas para cada uno de los modelos.<\/p>\n<p>Lo \u00fanico que no cambia es la integridad ac\u00fastica y la pureza en la reproducci\u00f3n por las que los monitores Genelec son conocidos.<\/p>\n<p>&nbsp;<\/p>\n<p><strong>Resumen de los cambios en dise\u00f1o y especificaciones.<\/strong><\/p>\n<p><strong>Modelos 8020, 4020<\/strong><\/p>\n<table width=\"586\">\n<tbody>\n<tr>\n<td width=\"217\"><\/td>\n<td width=\"189\"><a href=\"https:\/\/www.genelec.com\/studio-monitors\/classic-studio-monitors-subwoofers\/8020d-studio-monitor\">8020D<\/a><\/td>\n<td width=\"180\"><a href=\"https:\/\/www.genelec.com\/installation-speakers\/4000-series-installation-speakers\/4020c-installation-speaker\">4020C<\/a><\/td>\n<\/tr>\n<tr>\n<td width=\"217\">Fuente de alimentaci\u00f3n<\/td>\n<td width=\"189\">Universal 100-240 V AC<\/td>\n<td width=\"180\">Universal 100-240 V AC<\/td>\n<\/tr>\n<tr>\n<td width=\"217\">Conmutador de encendido<\/td>\n<td width=\"189\">Pulsador en la parte trasera<\/td>\n<td width=\"180\">Pulsador en la parte trasera<\/td>\n<\/tr>\n<tr>\n<td width=\"217\">Consumo de potencia<\/td>\n<td width=\"189\">Reducido<\/td>\n<td width=\"180\">Reducido<\/td>\n<\/tr>\n<tr>\n<td width=\"217\">Peso<\/td>\n<td width=\"189\">Reducido por la fuente de alimentaci\u00f3n<\/td>\n<td width=\"180\">Reducido por la fuente de alimentaci\u00f3n<\/td>\n<\/tr>\n<tr>\n<td width=\"217\">Control de estado de espera<\/td>\n<td width=\"189\">Conmutador ISS agregado. Por defecto, no habilitado<\/td>\n<td width=\"180\">Conmutador ISS agregado. Por defecto, no habilitado<\/td>\n<\/tr>\n<tr>\n<td width=\"217\">Dise\u00f1o ac\u00fastico<\/td>\n<td width=\"189\">No modificado<\/td>\n<td width=\"180\">No modificado<\/td>\n<\/tr>\n<tr>\n<td width=\"217\">Drivers<\/td>\n<td width=\"189\">No modificado<\/td>\n<td width=\"180\">No modificado<\/td>\n<\/tr>\n<tr>\n<td width=\"217\">Desempe\u00f1o<\/td>\n<td width=\"189\">Mejorado. Max SPL a corto plazo +4 dB<\/td>\n<td width=\"180\">Mejorado. Max SPL a corto plazo +4 dB<\/td>\n<\/tr>\n<tr>\n<td width=\"217\">Latencia<\/td>\n<td width=\"189\">No modificado<\/td>\n<td width=\"180\">No modificado<\/td>\n<\/tr>\n<tr>\n<td width=\"217\">Potencia de salida pico<\/td>\n<td width=\"189\">Mejorado de 2x20W a 2x50W<\/td>\n<td width=\"180\">Mejorado de 2x20W a 2x50W<\/td>\n<\/tr>\n<tr>\n<td width=\"217\">Ajuste de ganancia (\u00abvolumen\u00bb)<\/td>\n<td width=\"189\">Cambiado al panel trasero. Nuevo rango: 12 dB<\/td>\n<td width=\"180\">No modificado, atr\u00e1s<\/td>\n<\/tr>\n<tr>\n<td width=\"217\">Control de EQ<\/td>\n<td width=\"189\">Desktop agregado. Bass control ajustado<\/td>\n<td width=\"180\">Controles Treble y Bass ajustados<\/td>\n<\/tr>\n<tr>\n<td width=\"217\">Conector de entrada de audio<\/td>\n<td width=\"189\">No modificado, XLR<\/td>\n<td width=\"180\">Nuevo Euroblock m\u00e1s grande<\/td>\n<\/tr>\n<tr>\n<td width=\"217\">Conector de salida de audio<\/td>\n<td width=\"189\">No modificado (N\/A)<\/td>\n<td width=\"180\">Usa Euroblock para enlazar<\/td>\n<\/tr>\n<tr>\n<td width=\"217\">Repuestos<\/td>\n<td width=\"189\">Nueva PCB universal<\/td>\n<td width=\"180\">Nueva PCB universal<\/td>\n<\/tr>\n<\/tbody>\n<\/table>\n<p>&nbsp;<\/p>\n<p>&nbsp;<\/p>\n<p>&nbsp;<\/p>\n<p><strong>Modelos 8030, 4030<\/strong><\/p>\n<table width=\"585\">\n<tbody>\n<tr>\n<td width=\"216\"><\/td>\n<td width=\"190\"><a href=\"https:\/\/www.genelec.com\/studio-monitors\/classic-studio-monitors-subwoofers\/8030c-studio-monitor\">8030C<\/a><\/td>\n<td width=\"179\"><a href=\"https:\/\/www.genelec.com\/installation-speakers\/4000-series-installation-speakers\/4030c-installation-speaker\">4030C<\/a><\/td>\n<\/tr>\n<tr>\n<td width=\"216\">Fuente de alimentaci\u00f3n<\/td>\n<td width=\"190\">Universal 100-240 V AC<\/td>\n<td width=\"179\">Universal 100-240 V AC<\/td>\n<\/tr>\n<tr>\n<td width=\"216\">Conmutador de encendido<\/td>\n<td width=\"190\">Pulsador en la parte trasera<\/td>\n<td width=\"179\">Pulsador en la parte trasera<\/td>\n<\/tr>\n<tr>\n<td width=\"216\">Consumo de potencia<\/td>\n<td width=\"190\">Reducido<\/td>\n<td width=\"179\">Reducido<\/td>\n<\/tr>\n<tr>\n<td width=\"216\">Peso<\/td>\n<td width=\"190\">Reducido por la fuente de alimentaci\u00f3n<\/td>\n<td width=\"179\">Reducido por la fuente de alimentaci\u00f3n<\/td>\n<\/tr>\n<tr>\n<td width=\"216\">Control de estado de espera<\/td>\n<td width=\"190\">Conmutador ISS agregado. Por defecto no habilitado<\/td>\n<td width=\"179\">Sin remoto. ISS agregado. Por defecto no habilitado.<\/td>\n<\/tr>\n<tr>\n<td width=\"216\">Dise\u00f1o ac\u00fastico<\/td>\n<td width=\"190\">No modificado<\/td>\n<td width=\"179\">No modificado<\/td>\n<\/tr>\n<tr>\n<td width=\"216\">Drivers<\/td>\n<td width=\"190\">No modificado<\/td>\n<td width=\"179\">No modificado<\/td>\n<\/tr>\n<tr>\n<td width=\"216\">Desempe\u00f1o<\/td>\n<td width=\"190\">Mejorado. Max SPL a corto plazo +4 dB<\/td>\n<td width=\"179\">Mejorado. Max SPL a corto plazo +4 dB<\/td>\n<\/tr>\n<tr>\n<td width=\"216\">Latencia<\/td>\n<td width=\"190\">No modificado<\/td>\n<td width=\"179\">No modificado<\/td>\n<\/tr>\n<tr>\n<td width=\"216\">Potencia de salida pico<\/td>\n<td width=\"190\">Mejorado de 2x40W a 2x50W<\/td>\n<td width=\"179\">Mejorado de 2x40W a 2x50W<\/td>\n<\/tr>\n<tr>\n<td width=\"216\">Ajuste de ganancia (\u00abvolumen\u00bb)<\/td>\n<td width=\"190\">Cambiado al panel trasero. Nuevo rango: 12 dB<\/td>\n<td width=\"179\">No modificado, atr\u00e1s<\/td>\n<\/tr>\n<tr>\n<td width=\"216\">Control de EQ<\/td>\n<td width=\"190\">Desktop agregado. Bass control ajustado<\/td>\n<td width=\"179\">Controles Treble y Bass ajustados<\/td>\n<\/tr>\n<tr>\n<td width=\"216\">Conector de entrada de audio<\/td>\n<td width=\"190\">No modificado, XLR<\/td>\n<td width=\"179\">Nuevo Euroblock m\u00e1s grande<\/td>\n<\/tr>\n<tr>\n<td width=\"216\">Conector de salida de audio<\/td>\n<td width=\"190\">Eliminado<\/td>\n<td width=\"179\">Usa Euroblock para enlazar<\/td>\n<\/tr>\n<tr>\n<td width=\"216\">Repuestos<\/td>\n<td width=\"190\">Nueva PCB universal<\/td>\n<td width=\"179\">Nueva PCB universal<\/td>\n<\/tr>\n<\/tbody>\n<\/table>\n<p>&nbsp;<\/p>\n<p>M\u00e1s informaci\u00f3n sobre Genelec en <a href=\"https:\/\/www.genelec.com\/\">www.genelec.com<\/a><\/p>\n<p>Genelec es distribuido en Espa\u00f1a por <a href=\"https:\/\/eu.audio-technica.com\/brands\/genelec?lang=es\">Audio-Technica Iberia<\/a><\/p>\n","protected":false},"excerpt":{"rendered":"<p>Cuatro de los monitores m\u00e1s populares de Genelec se han hecho m\u00e1s potentes, m\u00e1s ligeros e incluso han disminuido su consumo, como parte de las principales mejoras introducidas, que incluyen un cambio a amplificaci\u00f3n Clase D. Incluyendo modelos dentro de las l\u00edneas de monitoreo profesional, home audio y AV, las mejoras representan un nuevo nivel [&hellip;]<\/p>\n","protected":false},"author":1,"featured_media":6703,"comment_status":"closed","ping_status":"closed","sticky":false,"template":"","format":"standard","meta":{"_acf_changed":false,"footnotes":""},"categories":[2461],"tags":[1566],"class_list":["post-9274","post","type-post","status-publish","format-standard","has-post-thumbnail","hentry","category-noticias","tag-monitores"],"acf":[],"yoast_head":"<!-- This site is optimized with the Yoast SEO plugin v27.1.1 - https:\/\/yoast.com\/product\/yoast-seo-wordpress\/ -->\n<title>Importantes mejoras proporcionan un nuevo nivel de rendimiento a los monitores de Genelec m\u00e1s populares - Audio-Technica Iberia<\/title>\n<meta name=\"robots\" content=\"index, follow, max-snippet:-1, max-image-preview:large, max-video-preview:-1\" \/>\n<link rel=\"canonical\" href=\"https:\/\/distribution.audio-technica.eu\/es-es\/noticias\/mejoras-monitores-genelec\/\" \/>\n<meta property=\"og:locale\" content=\"es_ES\" \/>\n<meta property=\"og:type\" content=\"article\" \/>\n<meta property=\"og:title\" content=\"Importantes mejoras proporcionan un nuevo nivel de rendimiento a los monitores de Genelec m\u00e1s populares - Audio-Technica Iberia\" \/>\n<meta property=\"og:description\" content=\"Cuatro de los monitores m\u00e1s populares de Genelec se han hecho m\u00e1s potentes, m\u00e1s ligeros e incluso han disminuido su consumo, como parte de las principales mejoras introducidas, que incluyen un cambio a amplificaci\u00f3n Clase D. Incluyendo modelos dentro de las l\u00edneas de monitoreo profesional, home audio y AV, las mejoras representan un nuevo nivel [&hellip;]\" \/>\n<meta property=\"og:url\" content=\"https:\/\/distribution.audio-technica.eu\/es-es\/noticias\/mejoras-monitores-genelec\/\" \/>\n<meta property=\"og:site_name\" content=\"Audio-Technica Iberia\" \/>\n<meta property=\"article:published_time\" content=\"2017-04-29T11:33:17+00:00\" \/>\n<meta property=\"article:modified_time\" content=\"2023-07-31T09:31:39+00:00\" \/>\n<meta property=\"og:image\" content=\"https:\/\/distribution.audio-technica.eu\/app\/uploads\/sites\/2\/NdP-Genelec-Upgraded-Models_0.jpg\" \/>\n\t<meta property=\"og:image:width\" content=\"640\" \/>\n\t<meta property=\"og:image:height\" content=\"360\" \/>\n\t<meta property=\"og:image:type\" content=\"image\/jpeg\" \/>\n<meta name=\"author\" content=\"Audio-Technica\" \/>\n<meta name=\"twitter:card\" content=\"summary_large_image\" \/>\n<meta name=\"twitter:label1\" content=\"Escrito por\" \/>\n\t<meta name=\"twitter:data1\" content=\"Audio-Technica\" \/>\n\t<meta name=\"twitter:label2\" content=\"Tiempo de lectura\" \/>\n\t<meta name=\"twitter:data2\" content=\"3 minutos\" \/>\n<script type=\"application\/ld+json\" class=\"yoast-schema-graph\">{\"@context\":\"https:\/\/schema.org\",\"@graph\":[{\"@type\":\"Article\",\"@id\":\"https:\/\/distribution.audio-technica.eu\/es-es\/noticias\/mejoras-monitores-genelec\/#article\",\"isPartOf\":{\"@id\":\"https:\/\/distribution.audio-technica.eu\/es-es\/noticias\/mejoras-monitores-genelec\/\"},\"author\":{\"name\":\"Audio-Technica\",\"@id\":\"https:\/\/distribution.audio-technica.eu\/es-es\/#\/schema\/person\/e8e715e047e33cc425e816f59cbd9b80\"},\"headline\":\"Importantes mejoras proporcionan un nuevo nivel de rendimiento a los monitores de Genelec m\u00e1s populares\",\"datePublished\":\"2017-04-29T11:33:17+00:00\",\"dateModified\":\"2023-07-31T09:31:39+00:00\",\"mainEntityOfPage\":{\"@id\":\"https:\/\/distribution.audio-technica.eu\/es-es\/noticias\/mejoras-monitores-genelec\/\"},\"wordCount\":626,\"image\":{\"@id\":\"https:\/\/distribution.audio-technica.eu\/es-es\/noticias\/mejoras-monitores-genelec\/#primaryimage\"},\"thumbnailUrl\":\"\/app\/uploads\/sites\/2\/NdP-Genelec-Upgraded-Models_0.jpg\",\"keywords\":[\"MONITORES\"],\"articleSection\":[\"Noticias\"],\"inLanguage\":\"es\"},{\"@type\":\"WebPage\",\"@id\":\"https:\/\/distribution.audio-technica.eu\/es-es\/noticias\/mejoras-monitores-genelec\/\",\"url\":\"https:\/\/distribution.audio-technica.eu\/es-es\/noticias\/mejoras-monitores-genelec\/\",\"name\":\"Importantes mejoras proporcionan un nuevo nivel de rendimiento a los monitores de Genelec m\u00e1s populares - Audio-Technica Iberia\",\"isPartOf\":{\"@id\":\"https:\/\/distribution.audio-technica.eu\/es-es\/#website\"},\"primaryImageOfPage\":{\"@id\":\"https:\/\/distribution.audio-technica.eu\/es-es\/noticias\/mejoras-monitores-genelec\/#primaryimage\"},\"image\":{\"@id\":\"https:\/\/distribution.audio-technica.eu\/es-es\/noticias\/mejoras-monitores-genelec\/#primaryimage\"},\"thumbnailUrl\":\"\/app\/uploads\/sites\/2\/NdP-Genelec-Upgraded-Models_0.jpg\",\"datePublished\":\"2017-04-29T11:33:17+00:00\",\"dateModified\":\"2023-07-31T09:31:39+00:00\",\"author\":{\"@id\":\"https:\/\/distribution.audio-technica.eu\/es-es\/#\/schema\/person\/e8e715e047e33cc425e816f59cbd9b80\"},\"breadcrumb\":{\"@id\":\"https:\/\/distribution.audio-technica.eu\/es-es\/noticias\/mejoras-monitores-genelec\/#breadcrumb\"},\"inLanguage\":\"es\",\"potentialAction\":[{\"@type\":\"ReadAction\",\"target\":[\"https:\/\/distribution.audio-technica.eu\/es-es\/noticias\/mejoras-monitores-genelec\/\"]}]},{\"@type\":\"ImageObject\",\"inLanguage\":\"es\",\"@id\":\"https:\/\/distribution.audio-technica.eu\/es-es\/noticias\/mejoras-monitores-genelec\/#primaryimage\",\"url\":\"\/app\/uploads\/sites\/2\/NdP-Genelec-Upgraded-Models_0.jpg\",\"contentUrl\":\"\/app\/uploads\/sites\/2\/NdP-Genelec-Upgraded-Models_0.jpg\",\"width\":640,\"height\":360,\"caption\":\"Importantes mejoras proporcionan un nuevo nivel de rendimiento a los monitores de Genelec m\u00e1s populares\"},{\"@type\":\"BreadcrumbList\",\"@id\":\"https:\/\/distribution.audio-technica.eu\/es-es\/noticias\/mejoras-monitores-genelec\/#breadcrumb\",\"itemListElement\":[{\"@type\":\"ListItem\",\"position\":1,\"name\":\"Products\",\"item\":\"https:\/\/distribution.audio-technica.eu\/es-es\/\"},{\"@type\":\"ListItem\",\"position\":2,\"name\":\"Importantes mejoras proporcionan un nuevo nivel de rendimiento a los monitores de Genelec m\u00e1s populares\"}]},{\"@type\":\"WebSite\",\"@id\":\"https:\/\/distribution.audio-technica.eu\/es-es\/#website\",\"url\":\"https:\/\/distribution.audio-technica.eu\/es-es\/\",\"name\":\"Audio-Technica Iberia\",\"description\":\"Distribuci\u00f3n\",\"potentialAction\":[{\"@type\":\"SearchAction\",\"target\":{\"@type\":\"EntryPoint\",\"urlTemplate\":\"https:\/\/distribution.audio-technica.eu\/es-es\/?s={search_term_string}\"},\"query-input\":{\"@type\":\"PropertyValueSpecification\",\"valueRequired\":true,\"valueName\":\"search_term_string\"}}],\"inLanguage\":\"es\"},{\"@type\":\"Person\",\"@id\":\"https:\/\/distribution.audio-technica.eu\/es-es\/#\/schema\/person\/e8e715e047e33cc425e816f59cbd9b80\",\"name\":\"Audio-Technica\"}]}<\/script>\n<!-- \/ Yoast SEO plugin. -->","yoast_head_json":{"title":"Importantes mejoras proporcionan un nuevo nivel de rendimiento a los monitores de Genelec m\u00e1s populares - Audio-Technica Iberia","robots":{"index":"index","follow":"follow","max-snippet":"max-snippet:-1","max-image-preview":"max-image-preview:large","max-video-preview":"max-video-preview:-1"},"canonical":"https:\/\/distribution.audio-technica.eu\/es-es\/noticias\/mejoras-monitores-genelec\/","og_locale":"es_ES","og_type":"article","og_title":"Importantes mejoras proporcionan un nuevo nivel de rendimiento a los monitores de Genelec m\u00e1s populares - Audio-Technica Iberia","og_description":"Cuatro de los monitores m\u00e1s populares de Genelec se han hecho m\u00e1s potentes, m\u00e1s ligeros e incluso han disminuido su consumo, como parte de las principales mejoras introducidas, que incluyen un cambio a amplificaci\u00f3n Clase D. Incluyendo modelos dentro de las l\u00edneas de monitoreo profesional, home audio y AV, las mejoras representan un nuevo nivel [&hellip;]","og_url":"https:\/\/distribution.audio-technica.eu\/es-es\/noticias\/mejoras-monitores-genelec\/","og_site_name":"Audio-Technica Iberia","article_published_time":"2017-04-29T11:33:17+00:00","article_modified_time":"2023-07-31T09:31:39+00:00","og_image":[{"width":640,"height":360,"url":"https:\/\/distribution.audio-technica.eu\/app\/uploads\/sites\/2\/NdP-Genelec-Upgraded-Models_0.jpg","type":"image\/jpeg"}],"author":"Audio-Technica","twitter_card":"summary_large_image","twitter_misc":{"Escrito por":"Audio-Technica","Tiempo de lectura":"3 minutos"},"schema":{"@context":"https:\/\/schema.org","@graph":[{"@type":"Article","@id":"https:\/\/distribution.audio-technica.eu\/es-es\/noticias\/mejoras-monitores-genelec\/#article","isPartOf":{"@id":"https:\/\/distribution.audio-technica.eu\/es-es\/noticias\/mejoras-monitores-genelec\/"},"author":{"name":"Audio-Technica","@id":"https:\/\/distribution.audio-technica.eu\/es-es\/#\/schema\/person\/e8e715e047e33cc425e816f59cbd9b80"},"headline":"Importantes mejoras proporcionan un nuevo nivel de rendimiento a los monitores de Genelec m\u00e1s populares","datePublished":"2017-04-29T11:33:17+00:00","dateModified":"2023-07-31T09:31:39+00:00","mainEntityOfPage":{"@id":"https:\/\/distribution.audio-technica.eu\/es-es\/noticias\/mejoras-monitores-genelec\/"},"wordCount":626,"image":{"@id":"https:\/\/distribution.audio-technica.eu\/es-es\/noticias\/mejoras-monitores-genelec\/#primaryimage"},"thumbnailUrl":"\/app\/uploads\/sites\/2\/NdP-Genelec-Upgraded-Models_0.jpg","keywords":["MONITORES"],"articleSection":["Noticias"],"inLanguage":"es"},{"@type":"WebPage","@id":"https:\/\/distribution.audio-technica.eu\/es-es\/noticias\/mejoras-monitores-genelec\/","url":"https:\/\/distribution.audio-technica.eu\/es-es\/noticias\/mejoras-monitores-genelec\/","name":"Importantes mejoras proporcionan un nuevo nivel de rendimiento a los monitores de Genelec m\u00e1s populares - Audio-Technica Iberia","isPartOf":{"@id":"https:\/\/distribution.audio-technica.eu\/es-es\/#website"},"primaryImageOfPage":{"@id":"https:\/\/distribution.audio-technica.eu\/es-es\/noticias\/mejoras-monitores-genelec\/#primaryimage"},"image":{"@id":"https:\/\/distribution.audio-technica.eu\/es-es\/noticias\/mejoras-monitores-genelec\/#primaryimage"},"thumbnailUrl":"\/app\/uploads\/sites\/2\/NdP-Genelec-Upgraded-Models_0.jpg","datePublished":"2017-04-29T11:33:17+00:00","dateModified":"2023-07-31T09:31:39+00:00","author":{"@id":"https:\/\/distribution.audio-technica.eu\/es-es\/#\/schema\/person\/e8e715e047e33cc425e816f59cbd9b80"},"breadcrumb":{"@id":"https:\/\/distribution.audio-technica.eu\/es-es\/noticias\/mejoras-monitores-genelec\/#breadcrumb"},"inLanguage":"es","potentialAction":[{"@type":"ReadAction","target":["https:\/\/distribution.audio-technica.eu\/es-es\/noticias\/mejoras-monitores-genelec\/"]}]},{"@type":"ImageObject","inLanguage":"es","@id":"https:\/\/distribution.audio-technica.eu\/es-es\/noticias\/mejoras-monitores-genelec\/#primaryimage","url":"\/app\/uploads\/sites\/2\/NdP-Genelec-Upgraded-Models_0.jpg","contentUrl":"\/app\/uploads\/sites\/2\/NdP-Genelec-Upgraded-Models_0.jpg","width":640,"height":360,"caption":"Importantes mejoras proporcionan un nuevo nivel de rendimiento a los monitores de Genelec m\u00e1s populares"},{"@type":"BreadcrumbList","@id":"https:\/\/distribution.audio-technica.eu\/es-es\/noticias\/mejoras-monitores-genelec\/#breadcrumb","itemListElement":[{"@type":"ListItem","position":1,"name":"Products","item":"https:\/\/distribution.audio-technica.eu\/es-es\/"},{"@type":"ListItem","position":2,"name":"Importantes mejoras proporcionan un nuevo nivel de rendimiento a los monitores de Genelec m\u00e1s populares"}]},{"@type":"WebSite","@id":"https:\/\/distribution.audio-technica.eu\/es-es\/#website","url":"https:\/\/distribution.audio-technica.eu\/es-es\/","name":"Audio-Technica Iberia","description":"Distribuci\u00f3n","potentialAction":[{"@type":"SearchAction","target":{"@type":"EntryPoint","urlTemplate":"https:\/\/distribution.audio-technica.eu\/es-es\/?s={search_term_string}"},"query-input":{"@type":"PropertyValueSpecification","valueRequired":true,"valueName":"search_term_string"}}],"inLanguage":"es"},{"@type":"Person","@id":"https:\/\/distribution.audio-technica.eu\/es-es\/#\/schema\/person\/e8e715e047e33cc425e816f59cbd9b80","name":"Audio-Technica"}]}},"_links":{"self":[{"href":"https:\/\/distribution.audio-technica.eu\/es-es\/wp-json\/wp\/v2\/posts\/9274","targetHints":{"allow":["GET"]}}],"collection":[{"href":"https:\/\/distribution.audio-technica.eu\/es-es\/wp-json\/wp\/v2\/posts"}],"about":[{"href":"https:\/\/distribution.audio-technica.eu\/es-es\/wp-json\/wp\/v2\/types\/post"}],"author":[{"embeddable":true,"href":"https:\/\/distribution.audio-technica.eu\/es-es\/wp-json\/wp\/v2\/users\/1"}],"replies":[{"embeddable":true,"href":"https:\/\/distribution.audio-technica.eu\/es-es\/wp-json\/wp\/v2\/comments?post=9274"}],"version-history":[{"count":1,"href":"https:\/\/distribution.audio-technica.eu\/es-es\/wp-json\/wp\/v2\/posts\/9274\/revisions"}],"predecessor-version":[{"id":27176,"href":"https:\/\/distribution.audio-technica.eu\/es-es\/wp-json\/wp\/v2\/posts\/9274\/revisions\/27176"}],"wp:featuredmedia":[{"embeddable":true,"href":"https:\/\/distribution.audio-technica.eu\/es-es\/wp-json\/wp\/v2\/media\/6703"}],"wp:attachment":[{"href":"https:\/\/distribution.audio-technica.eu\/es-es\/wp-json\/wp\/v2\/media?parent=9274"}],"wp:term":[{"taxonomy":"category","embeddable":true,"href":"https:\/\/distribution.audio-technica.eu\/es-es\/wp-json\/wp\/v2\/categories?post=9274"},{"taxonomy":"post_tag","embeddable":true,"href":"https:\/\/distribution.audio-technica.eu\/es-es\/wp-json\/wp\/v2\/tags?post=9274"}],"curies":[{"name":"wp","href":"https:\/\/api.w.org\/{rel}","templated":true}]}}