{"id":9276,"date":"2017-04-29T13:38:44","date_gmt":"2017-04-29T11:38:44","guid":{"rendered":"http:\/\/noticias.audio-technica.es\/?p=1094"},"modified":"2023-07-31T11:31:13","modified_gmt":"2023-07-31T09:31:13","slug":"genelec-8340a-gana-premio-pipa","status":"publish","type":"post","link":"https:\/\/distribution.audio-technica.eu\/es-es\/noticias\/genelec-8340a-gana-premio-pipa\/","title":{"rendered":"Genelec 8340A gana el premio PIPA"},"content":{"rendered":"<p><a href=\"http:\/\/noticias.audio-technica.es\/wp-content\/uploads\/NdP-Genelec-Pipa-Award1.jpg\"><img loading=\"lazy\" decoding=\"async\" class=\"aligncenter size-full wp-image-1075\" src=\"http:\/\/noticias.audio-technica.es\/wp-content\/uploads\/NdP-Genelec-Pipa-Award1.jpg\" alt=\"Genelec 8340A gana el premio PIPA\" width=\"1680\" height=\"1119\" \/><\/a><\/p>\n<p>Continuando con nuestra fenomenal racha ganadora de premios en la industria del audio, el\u00a0<a href=\"https:\/\/www.genelec.com\/studio-monitors\/sam-compact-studio-monitors\/8340a-sam-studio-monitor\">Genelec 8340A<\/a>\u00a0recibi\u00f3 el premio al mejor monitor de estudio por parte de la prensa internacional del Prolight + Sound 2017, PIPA (<a href=\"http:\/\/www.mipa-award.de\/pipa-winner-2017\/\">Prolight + Sound International Press Award<\/a>) durante la feria celebrada el pasado mes de abril en Frankfurt.<\/p>\n<p>En su cuarto a\u00f1o, PIPA est\u00e1 premiando los productos excepcionales en las categor\u00edas de grabaci\u00f3n, pro-audio y video\/iluminaci\u00f3n. Elegido por un jurado internacional, los premios fueron presentados en una ceremonia especial durante la feria, a la que asistieron m\u00e1s de 300 representantes de fabricantes y distribuidores.<\/p>\n<p>El 8340A, que tambi\u00e9n fue recientemente galardonado como el mejor monitor del a\u00f1o en los premios otorgados por <a href=\"https:\/\/www.genelec.com\/8340a-scoops-future-musics-best-monitor-award\">Future Music<\/a>, es una de las \u00faltimas incorporaciones a la l\u00ednea de monitores compactos SAM, y fue lanzado junto a su hermano mayor, el\u00a0<a href=\"https:\/\/www.genelec.com\/studio-monitors\/sam-compact-studio-monitors\/8350a-sam-studio-monitor\">8350A<\/a>,\u00a0en la edici\u00f3n de 2016 del Prolight + Sound.<\/p>\n<p>El 8340A se ha establecido r\u00e1pidamente como la opci\u00f3n confiable en instalaciones de todo el mundo. Este monitor de 2 v\u00edas consta de un <em>woofer<\/em> de 6.5\u201d y un <em>tweeter<\/em> de 0.75\u201d, cada uno de ellos alimentado por 150W de nuestra m\u00e1s eficiente amplificaci\u00f3n Clase D, y representa una equilibrada uni\u00f3n entre tradici\u00f3n ac\u00fastica e la innovaci\u00f3n de <a href=\"https:\/\/www.genelec.com\/key-technologies\/smart-active-monitor-sam-systems\">SAM\u2122<\/a>.<\/p>\n<p>Adem\u00e1s, el software GLM 2.0\u00a0(<a href=\"https:\/\/www.genelec.com\/studio-monitors\/glm-20-software\">Genelec Loudspeaker Manager<\/a>) realiza una calibraci\u00f3n precisa de todos los ajustes del monitor, gracias a su algoritmo AutoCal\u2122 que compensa la influencia perjudicial de la sala para obtener un sistema perfectamente ajustado al entorno de escucha, ya sea con un simple sistema est\u00e9reo o con un complejo sistema de audio inmersivo.<\/p>\n<p>Nos gustar\u00eda agradecer a todos los que nos han votado, estamos verdaderamente honrados, una vez m\u00e1s.<\/p>\n<figure id=\"attachment_1076\" aria-describedby=\"caption-attachment-1076\" style=\"width: 683px\" class=\"wp-caption aligncenter\"><a href=\"http:\/\/noticias.audio-technica.es\/wp-content\/uploads\/NdP-Genelec-Pipa-Award2.jpg\"><img loading=\"lazy\" decoding=\"async\" class=\"size-full wp-image-1076\" src=\"http:\/\/noticias.audio-technica.es\/wp-content\/uploads\/NdP-Genelec-Pipa-Award2.jpg\" alt=\"Genelec 8340A gana el premio PIPA\" width=\"683\" height=\"1024\" \/><\/a><figcaption id=\"caption-attachment-1076\" class=\"wp-caption-text\">Anders Nyman, Genelec<\/figcaption><\/figure>\n<p>&nbsp;<\/p>\n<p>M\u00e1s informaci\u00f3n sobre Genelec en <a href=\"https:\/\/www.genelec.com\/\">www.genelec.com<\/a><\/p>\n<p>Genelec es distribuido en Espa\u00f1a por <a href=\"https:\/\/eu.audio-technica.com\/brands\/genelec?lang=es\">Audio-Technica Iberia<\/a><\/p>\n","protected":false},"excerpt":{"rendered":"<p>Continuando con nuestra fenomenal racha ganadora de premios en la industria del audio, el\u00a0Genelec 8340A\u00a0recibi\u00f3 el premio al mejor monitor de estudio por parte de la prensa internacional del Prolight + Sound 2017, PIPA (Prolight + Sound International Press Award) durante la feria celebrada el pasado mes de abril en Frankfurt. En su cuarto a\u00f1o, [&hellip;]<\/p>\n","protected":false},"author":1,"featured_media":6704,"comment_status":"closed","ping_status":"closed","sticky":false,"template":"","format":"standard","meta":{"_acf_changed":false,"footnotes":""},"categories":[2461],"tags":[1763,1719,1764],"class_list":["post-9276","post","type-post","status-publish","format-standard","has-post-thumbnail","hentry","category-noticias","tag-1763","tag-award","tag-pipa"],"acf":[],"yoast_head":"<!-- This site is optimized with the Yoast SEO plugin v27.1.1 - https:\/\/yoast.com\/product\/yoast-seo-wordpress\/ -->\n<title>Genelec 8340A gana el premio PIPA - Audio-Technica Iberia<\/title>\n<meta name=\"robots\" content=\"index, follow, max-snippet:-1, max-image-preview:large, max-video-preview:-1\" \/>\n<link rel=\"canonical\" href=\"https:\/\/distribution.audio-technica.eu\/es-es\/noticias\/genelec-8340a-gana-premio-pipa\/\" \/>\n<meta property=\"og:locale\" content=\"es_ES\" \/>\n<meta property=\"og:type\" content=\"article\" \/>\n<meta property=\"og:title\" content=\"Genelec 8340A gana el premio PIPA - Audio-Technica Iberia\" \/>\n<meta property=\"og:description\" content=\"Continuando con nuestra fenomenal racha ganadora de premios en la industria del audio, el\u00a0Genelec 8340A\u00a0recibi\u00f3 el premio al mejor monitor de estudio por parte de la prensa internacional del Prolight + Sound 2017, PIPA (Prolight + Sound International Press Award) durante la feria celebrada el pasado mes de abril en Frankfurt. En su cuarto a\u00f1o, [&hellip;]\" \/>\n<meta property=\"og:url\" content=\"https:\/\/distribution.audio-technica.eu\/es-es\/noticias\/genelec-8340a-gana-premio-pipa\/\" \/>\n<meta property=\"og:site_name\" content=\"Audio-Technica Iberia\" \/>\n<meta property=\"article:published_time\" content=\"2017-04-29T11:38:44+00:00\" \/>\n<meta property=\"article:modified_time\" content=\"2023-07-31T09:31:13+00:00\" \/>\n<meta property=\"og:image\" content=\"https:\/\/distribution.audio-technica.eu\/app\/uploads\/sites\/2\/NdP-Genelec-Pipa-Award0.jpg\" \/>\n\t<meta property=\"og:image:width\" content=\"640\" \/>\n\t<meta property=\"og:image:height\" content=\"360\" \/>\n\t<meta property=\"og:image:type\" content=\"image\/jpeg\" \/>\n<meta name=\"author\" content=\"Audio-Technica\" \/>\n<meta name=\"twitter:card\" content=\"summary_large_image\" \/>\n<meta name=\"twitter:label1\" content=\"Escrito por\" \/>\n\t<meta name=\"twitter:data1\" content=\"Audio-Technica\" \/>\n\t<meta name=\"twitter:label2\" content=\"Tiempo de lectura\" \/>\n\t<meta name=\"twitter:data2\" content=\"2 minutos\" \/>\n<script type=\"application\/ld+json\" class=\"yoast-schema-graph\">{\"@context\":\"https:\/\/schema.org\",\"@graph\":[{\"@type\":\"Article\",\"@id\":\"https:\/\/distribution.audio-technica.eu\/es-es\/noticias\/genelec-8340a-gana-premio-pipa\/#article\",\"isPartOf\":{\"@id\":\"https:\/\/distribution.audio-technica.eu\/es-es\/noticias\/genelec-8340a-gana-premio-pipa\/\"},\"author\":{\"name\":\"Audio-Technica\",\"@id\":\"https:\/\/distribution.audio-technica.eu\/es-es\/#\/schema\/person\/e8e715e047e33cc425e816f59cbd9b80\"},\"headline\":\"Genelec 8340A gana el premio PIPA\",\"datePublished\":\"2017-04-29T11:38:44+00:00\",\"dateModified\":\"2023-07-31T09:31:13+00:00\",\"mainEntityOfPage\":{\"@id\":\"https:\/\/distribution.audio-technica.eu\/es-es\/noticias\/genelec-8340a-gana-premio-pipa\/\"},\"wordCount\":332,\"image\":{\"@id\":\"https:\/\/distribution.audio-technica.eu\/es-es\/noticias\/genelec-8340a-gana-premio-pipa\/#primaryimage\"},\"thumbnailUrl\":\"\/app\/uploads\/sites\/2\/NdP-Genelec-Pipa-Award0.jpg\",\"keywords\":[\"8340\",\"award\",\"pipa\"],\"articleSection\":[\"Noticias\"],\"inLanguage\":\"es\"},{\"@type\":\"WebPage\",\"@id\":\"https:\/\/distribution.audio-technica.eu\/es-es\/noticias\/genelec-8340a-gana-premio-pipa\/\",\"url\":\"https:\/\/distribution.audio-technica.eu\/es-es\/noticias\/genelec-8340a-gana-premio-pipa\/\",\"name\":\"Genelec 8340A gana el premio PIPA - Audio-Technica Iberia\",\"isPartOf\":{\"@id\":\"https:\/\/distribution.audio-technica.eu\/es-es\/#website\"},\"primaryImageOfPage\":{\"@id\":\"https:\/\/distribution.audio-technica.eu\/es-es\/noticias\/genelec-8340a-gana-premio-pipa\/#primaryimage\"},\"image\":{\"@id\":\"https:\/\/distribution.audio-technica.eu\/es-es\/noticias\/genelec-8340a-gana-premio-pipa\/#primaryimage\"},\"thumbnailUrl\":\"\/app\/uploads\/sites\/2\/NdP-Genelec-Pipa-Award0.jpg\",\"datePublished\":\"2017-04-29T11:38:44+00:00\",\"dateModified\":\"2023-07-31T09:31:13+00:00\",\"author\":{\"@id\":\"https:\/\/distribution.audio-technica.eu\/es-es\/#\/schema\/person\/e8e715e047e33cc425e816f59cbd9b80\"},\"breadcrumb\":{\"@id\":\"https:\/\/distribution.audio-technica.eu\/es-es\/noticias\/genelec-8340a-gana-premio-pipa\/#breadcrumb\"},\"inLanguage\":\"es\",\"potentialAction\":[{\"@type\":\"ReadAction\",\"target\":[\"https:\/\/distribution.audio-technica.eu\/es-es\/noticias\/genelec-8340a-gana-premio-pipa\/\"]}]},{\"@type\":\"ImageObject\",\"inLanguage\":\"es\",\"@id\":\"https:\/\/distribution.audio-technica.eu\/es-es\/noticias\/genelec-8340a-gana-premio-pipa\/#primaryimage\",\"url\":\"\/app\/uploads\/sites\/2\/NdP-Genelec-Pipa-Award0.jpg\",\"contentUrl\":\"\/app\/uploads\/sites\/2\/NdP-Genelec-Pipa-Award0.jpg\",\"width\":640,\"height\":360,\"caption\":\"Genelec 8340A gana el premio PIPA\"},{\"@type\":\"BreadcrumbList\",\"@id\":\"https:\/\/distribution.audio-technica.eu\/es-es\/noticias\/genelec-8340a-gana-premio-pipa\/#breadcrumb\",\"itemListElement\":[{\"@type\":\"ListItem\",\"position\":1,\"name\":\"Products\",\"item\":\"https:\/\/distribution.audio-technica.eu\/es-es\/\"},{\"@type\":\"ListItem\",\"position\":2,\"name\":\"Genelec 8340A gana el premio PIPA\"}]},{\"@type\":\"WebSite\",\"@id\":\"https:\/\/distribution.audio-technica.eu\/es-es\/#website\",\"url\":\"https:\/\/distribution.audio-technica.eu\/es-es\/\",\"name\":\"Audio-Technica Iberia\",\"description\":\"Distribuci\u00f3n\",\"potentialAction\":[{\"@type\":\"SearchAction\",\"target\":{\"@type\":\"EntryPoint\",\"urlTemplate\":\"https:\/\/distribution.audio-technica.eu\/es-es\/?s={search_term_string}\"},\"query-input\":{\"@type\":\"PropertyValueSpecification\",\"valueRequired\":true,\"valueName\":\"search_term_string\"}}],\"inLanguage\":\"es\"},{\"@type\":\"Person\",\"@id\":\"https:\/\/distribution.audio-technica.eu\/es-es\/#\/schema\/person\/e8e715e047e33cc425e816f59cbd9b80\",\"name\":\"Audio-Technica\"}]}<\/script>\n<!-- \/ Yoast SEO plugin. -->","yoast_head_json":{"title":"Genelec 8340A gana el premio PIPA - Audio-Technica Iberia","robots":{"index":"index","follow":"follow","max-snippet":"max-snippet:-1","max-image-preview":"max-image-preview:large","max-video-preview":"max-video-preview:-1"},"canonical":"https:\/\/distribution.audio-technica.eu\/es-es\/noticias\/genelec-8340a-gana-premio-pipa\/","og_locale":"es_ES","og_type":"article","og_title":"Genelec 8340A gana el premio PIPA - Audio-Technica Iberia","og_description":"Continuando con nuestra fenomenal racha ganadora de premios en la industria del audio, el\u00a0Genelec 8340A\u00a0recibi\u00f3 el premio al mejor monitor de estudio por parte de la prensa internacional del Prolight + Sound 2017, PIPA (Prolight + Sound International Press Award) durante la feria celebrada el pasado mes de abril en Frankfurt. En su cuarto a\u00f1o, [&hellip;]","og_url":"https:\/\/distribution.audio-technica.eu\/es-es\/noticias\/genelec-8340a-gana-premio-pipa\/","og_site_name":"Audio-Technica Iberia","article_published_time":"2017-04-29T11:38:44+00:00","article_modified_time":"2023-07-31T09:31:13+00:00","og_image":[{"width":640,"height":360,"url":"https:\/\/distribution.audio-technica.eu\/app\/uploads\/sites\/2\/NdP-Genelec-Pipa-Award0.jpg","type":"image\/jpeg"}],"author":"Audio-Technica","twitter_card":"summary_large_image","twitter_misc":{"Escrito por":"Audio-Technica","Tiempo de lectura":"2 minutos"},"schema":{"@context":"https:\/\/schema.org","@graph":[{"@type":"Article","@id":"https:\/\/distribution.audio-technica.eu\/es-es\/noticias\/genelec-8340a-gana-premio-pipa\/#article","isPartOf":{"@id":"https:\/\/distribution.audio-technica.eu\/es-es\/noticias\/genelec-8340a-gana-premio-pipa\/"},"author":{"name":"Audio-Technica","@id":"https:\/\/distribution.audio-technica.eu\/es-es\/#\/schema\/person\/e8e715e047e33cc425e816f59cbd9b80"},"headline":"Genelec 8340A gana el premio PIPA","datePublished":"2017-04-29T11:38:44+00:00","dateModified":"2023-07-31T09:31:13+00:00","mainEntityOfPage":{"@id":"https:\/\/distribution.audio-technica.eu\/es-es\/noticias\/genelec-8340a-gana-premio-pipa\/"},"wordCount":332,"image":{"@id":"https:\/\/distribution.audio-technica.eu\/es-es\/noticias\/genelec-8340a-gana-premio-pipa\/#primaryimage"},"thumbnailUrl":"\/app\/uploads\/sites\/2\/NdP-Genelec-Pipa-Award0.jpg","keywords":["8340","award","pipa"],"articleSection":["Noticias"],"inLanguage":"es"},{"@type":"WebPage","@id":"https:\/\/distribution.audio-technica.eu\/es-es\/noticias\/genelec-8340a-gana-premio-pipa\/","url":"https:\/\/distribution.audio-technica.eu\/es-es\/noticias\/genelec-8340a-gana-premio-pipa\/","name":"Genelec 8340A gana el premio PIPA - Audio-Technica Iberia","isPartOf":{"@id":"https:\/\/distribution.audio-technica.eu\/es-es\/#website"},"primaryImageOfPage":{"@id":"https:\/\/distribution.audio-technica.eu\/es-es\/noticias\/genelec-8340a-gana-premio-pipa\/#primaryimage"},"image":{"@id":"https:\/\/distribution.audio-technica.eu\/es-es\/noticias\/genelec-8340a-gana-premio-pipa\/#primaryimage"},"thumbnailUrl":"\/app\/uploads\/sites\/2\/NdP-Genelec-Pipa-Award0.jpg","datePublished":"2017-04-29T11:38:44+00:00","dateModified":"2023-07-31T09:31:13+00:00","author":{"@id":"https:\/\/distribution.audio-technica.eu\/es-es\/#\/schema\/person\/e8e715e047e33cc425e816f59cbd9b80"},"breadcrumb":{"@id":"https:\/\/distribution.audio-technica.eu\/es-es\/noticias\/genelec-8340a-gana-premio-pipa\/#breadcrumb"},"inLanguage":"es","potentialAction":[{"@type":"ReadAction","target":["https:\/\/distribution.audio-technica.eu\/es-es\/noticias\/genelec-8340a-gana-premio-pipa\/"]}]},{"@type":"ImageObject","inLanguage":"es","@id":"https:\/\/distribution.audio-technica.eu\/es-es\/noticias\/genelec-8340a-gana-premio-pipa\/#primaryimage","url":"\/app\/uploads\/sites\/2\/NdP-Genelec-Pipa-Award0.jpg","contentUrl":"\/app\/uploads\/sites\/2\/NdP-Genelec-Pipa-Award0.jpg","width":640,"height":360,"caption":"Genelec 8340A gana el premio PIPA"},{"@type":"BreadcrumbList","@id":"https:\/\/distribution.audio-technica.eu\/es-es\/noticias\/genelec-8340a-gana-premio-pipa\/#breadcrumb","itemListElement":[{"@type":"ListItem","position":1,"name":"Products","item":"https:\/\/distribution.audio-technica.eu\/es-es\/"},{"@type":"ListItem","position":2,"name":"Genelec 8340A gana el premio PIPA"}]},{"@type":"WebSite","@id":"https:\/\/distribution.audio-technica.eu\/es-es\/#website","url":"https:\/\/distribution.audio-technica.eu\/es-es\/","name":"Audio-Technica Iberia","description":"Distribuci\u00f3n","potentialAction":[{"@type":"SearchAction","target":{"@type":"EntryPoint","urlTemplate":"https:\/\/distribution.audio-technica.eu\/es-es\/?s={search_term_string}"},"query-input":{"@type":"PropertyValueSpecification","valueRequired":true,"valueName":"search_term_string"}}],"inLanguage":"es"},{"@type":"Person","@id":"https:\/\/distribution.audio-technica.eu\/es-es\/#\/schema\/person\/e8e715e047e33cc425e816f59cbd9b80","name":"Audio-Technica"}]}},"_links":{"self":[{"href":"https:\/\/distribution.audio-technica.eu\/es-es\/wp-json\/wp\/v2\/posts\/9276","targetHints":{"allow":["GET"]}}],"collection":[{"href":"https:\/\/distribution.audio-technica.eu\/es-es\/wp-json\/wp\/v2\/posts"}],"about":[{"href":"https:\/\/distribution.audio-technica.eu\/es-es\/wp-json\/wp\/v2\/types\/post"}],"author":[{"embeddable":true,"href":"https:\/\/distribution.audio-technica.eu\/es-es\/wp-json\/wp\/v2\/users\/1"}],"replies":[{"embeddable":true,"href":"https:\/\/distribution.audio-technica.eu\/es-es\/wp-json\/wp\/v2\/comments?post=9276"}],"version-history":[{"count":1,"href":"https:\/\/distribution.audio-technica.eu\/es-es\/wp-json\/wp\/v2\/posts\/9276\/revisions"}],"predecessor-version":[{"id":27175,"href":"https:\/\/distribution.audio-technica.eu\/es-es\/wp-json\/wp\/v2\/posts\/9276\/revisions\/27175"}],"wp:featuredmedia":[{"embeddable":true,"href":"https:\/\/distribution.audio-technica.eu\/es-es\/wp-json\/wp\/v2\/media\/6704"}],"wp:attachment":[{"href":"https:\/\/distribution.audio-technica.eu\/es-es\/wp-json\/wp\/v2\/media?parent=9276"}],"wp:term":[{"taxonomy":"category","embeddable":true,"href":"https:\/\/distribution.audio-technica.eu\/es-es\/wp-json\/wp\/v2\/categories?post=9276"},{"taxonomy":"post_tag","embeddable":true,"href":"https:\/\/distribution.audio-technica.eu\/es-es\/wp-json\/wp\/v2\/tags?post=9276"}],"curies":[{"name":"wp","href":"https:\/\/api.w.org\/{rel}","templated":true}]}}