{"id":9278,"date":"2017-05-05T19:13:21","date_gmt":"2017-05-05T17:13:21","guid":{"rendered":"http:\/\/noticias.audio-technica.es\/?p=1104"},"modified":"2023-07-31T11:31:01","modified_gmt":"2023-07-31T09:31:01","slug":"genelec-anuncia-the-ones","status":"publish","type":"post","link":"https:\/\/distribution.audio-technica.eu\/es-es\/noticias\/genelec-anuncia-the-ones\/","title":{"rendered":"Genelec anuncia \u201cThe Ones\u201d \u2013 La Fuente Puntual Definitiva en los monitores coaxiales m\u00e1s compactos del mundo"},"content":{"rendered":"<p><a href=\"http:\/\/noticias.audio-technica.es\/wp-content\/uploads\/NdP-Genelec-The-Ones.jpg\"><img loading=\"lazy\" decoding=\"async\" class=\"aligncenter size-full wp-image-1102\" src=\"http:\/\/noticias.audio-technica.es\/wp-content\/uploads\/NdP-Genelec-The-Ones.jpg\" alt=\"Genelec anuncia \u201cThe Ones\u201d\" width=\"1800\" height=\"1204\" \/><\/a><\/p>\n<p>Genelec, el l\u00edder en tecnolog\u00eda de monitores activos durante cuatro d\u00e9cadas, se enorgullece en presentar la Fuente Puntual Definitiva, los nuevos monitores \u201cThe Ones\u201d. Al <a href=\"https:\/\/eu.audio-technica.com\/brands\/genelec\/genelec-por-series\/serie-sam\/8351A?lang=es\">8351<\/a>, ganador de numerosos premios, se unen ahora el 8331 y el 8341, los monitores coaxiales de tres v\u00edas m\u00e1s peque\u00f1os del mundo, creando as\u00ed una completa gama de coaxiales compactos que redefinen el monitoreo de campo cercano. Presentados recientemente a una selecta audiencia en los estudios Metropolis de Londres, los 8331 y 8341 superan inmediatamente todas las expectativas. Construidos en recintos de un tama\u00f1o no mayor al de los tradicionales monitores de dos v\u00edas de Genelec, 8030 y 8040, eliminan las limitaciones previas de los t\u00edpicos dise\u00f1os de fuentes puntuales coaxiales.<\/p>\n<p>Largamente considerado el est\u00e1ndar para escucha de precisi\u00f3n, la fuente puntual corrige la coloraci\u00f3n fuera del eje asociada a los dise\u00f1os tradicionales, dando al usuario m\u00e1s libertad de movimiento en lugar de confinarlo a un estrecho punto de escucha. Pero las fuentes puntuales han mostrado su propio conjunto de limitaciones en combinaci\u00f3n con dise\u00f1os coaxiales, incluyendo una respuesta en frecuencia limitada, bajo SPL y dispersi\u00f3n desigual. Gracias a la aclamada tecnolog\u00eda MDC<sup>TM<\/sup> (Minimum Difraction Coaxial) de Genelec, \u201cThe Ones\u201d elimina estos problemas para crear la Fuente Puntual Definitiva.<\/p>\n<p>\u201cThe Ones\u201d proporciona una imagen precisa tanto dentro como fuera del eje, junto con una reproducci\u00f3n absolutamente neutral, lo que permite a los usuarios tomar decisiones de mezcla con confianza a la vez que pueden escuchar por m\u00e1s tiempo; la impresionante generaci\u00f3n de una imagen sonora natural implica que la fatiga auditiva es una fracci\u00f3n de lo experimentado con otros sistemas. Adem\u00e1s, la famosa Gu\u00eda de onda para el control de la directividad de Genelec (DCW\u2122), se combina con la inigualable precisi\u00f3n del dise\u00f1o de dos woofers ocultos, consigui\u00e9ndose reflexiones menos coloreadas.<\/p>\n<p>Al igual que el 8351, tanto el 8331 como el 8341 pueden ser instalados horizontal o verticalmente, utilizando la base regulable de aislamiento IsoPod, sin comprometer con ello el rendimiento, y ofreciendo la m\u00e1xima flexibilidad para adaptarse incluso a los entornos de trabajo m\u00e1s apretados. Pero mientras los 8331 y 8341 son herederos en forma y funci\u00f3n del 8351, los nuevos modelos han sido enteramente redise\u00f1ados para superar los retos que conllevan sus dimensiones ultra compactas (solo 299mm x 189mm x 212mm para el 8331, y 350mm x 237mm x 243mm para el 8341).<\/p>\n<p>Las innovaciones incluyen un ensamblaje del motor que engloba medios y agudos compartiendo el mismo n\u00facleo de im\u00e1n compacto, lo que reduce el tama\u00f1o y el peso sin reducir la respuesta. El exclusivo cono coaxial de medios est\u00e1 ahora constituido por secciones conc\u00e9ntricas, optimizando la linealidad de las frecuencias medias, a lo que tambi\u00e9n contribuye la gu\u00eda de control de onda DCW que abarca toda la parte frontal del gabinete. A pesar del reducido tama\u00f1o del 8331 y del 8341, cada unidad incorpora tres etapas dedicadas de amplificaci\u00f3n Clase D, desarrolladas por Genelec, que incluyen el sistema de detecci\u00f3n inteligente de se\u00f1al (ISS) para el ahorro de energ\u00eda.<\/p>\n<p><a href=\"http:\/\/noticias.audio-technica.es\/wp-content\/uploads\/NdP-Genelec-The-Ones2.jpg\"><img loading=\"lazy\" decoding=\"async\" class=\"aligncenter size-full wp-image-1101\" src=\"http:\/\/noticias.audio-technica.es\/wp-content\/uploads\/NdP-Genelec-The-Ones2.jpg\" alt=\"Genelec anuncia \u201cThe Ones\u201d\" width=\"1800\" height=\"990\" \/><\/a><\/p>\n<p>Peque\u00f1os pero poderosos, \u201cThe Ones\u201d son tambi\u00e9n potentes. La capacidad de salida m\u00e1xima a corto plazo es de 104 dB SPL para el 8331 (a 1m), y 110 dB SPL en el caso del 8341 (a 1m). Con una precisi\u00f3n en frecuencia superior a \u00b11.5 dB, y unas respuestas que comienzan respectivamente en 38 Hz y 45 Hz (-6 dB), ambos monitores se extienden m\u00e1s all\u00e1 de los 40 kHz, tanto en la entrada anal\u00f3gica como en la digital.<\/p>\n<p>El dise\u00f1o coaxial posibilita una escucha ultra cercana, generando una mejora impresionante en la relaci\u00f3n entre el sonido directo y el reverberante lo que disminuye a\u00fan m\u00e1s la influencia de la sala en la escucha. Se puede escuchar a una distancia de tan solo 40 cm. sin perder precisi\u00f3n. A una distancia de 50 cm. la capacidad m\u00e1xima de SPL se incrementa en m\u00e1s de 5 dB.<\/p>\n<p>Finalmente, con \u201cThe Ones\u201d, la Fuente Puntual Definitiva se beneficia tambi\u00e9n de la flexibilidad definitiva de SAM\u2122 (Smart Active Monitoring), la revolucionaria tecnolog\u00eda de Genelec basada en el software GLM\u2122 2.0 (Genelec Loudspeaker Manager) para PC y Mac, que incorpora el algoritmo AutoCal\u2122.<\/p>\n<p>Con SAM, \u201cThe Ones\u201d ocupan su lugar en la amplia gama de monitores inteligentes de Genelec, todos los cuales pueden ser usados para crear, en una misma red de hasta 40 monitores y subwoofers, configuraciones que pueden ser cargadas instant\u00e1neamente e ir desde un sistema tradicional est\u00e9reo hasta un sistema de audio inmersivo. GLM crea de forma sencilla sistemas de monitores \u00f3ptimos incluso en entornos exigentes, compensando autom\u00e1ticamente la influencia negativa de la sala a trav\u00e9s de la calibraci\u00f3n de niveles, compensaci\u00f3n de distancias, fase y ecualizaci\u00f3n de la sala, para crear un entorno de escucha consistente y optimizado.<\/p>\n<p>\u201c<em>El n\u00famero de grandes ideas contenidas dentro de estos peque\u00f1os monitores es realmente extraordinario, pero ninguna lista de caracter\u00edsticas puede compararse simplemente con la experiencia de escucharlos,<\/em>\u201d opina el Gerente general de Genelec, Siam\u00e4k Naghian. \u201c<em>Para profesionales de todo el mundo, el 8351 se ha convertido ya en un est\u00e1ndar de confianza por su neutralidad, y su respuesta en frecuencia tanto dentro como fuera del eje. Ahora, esa misma precisi\u00f3n y el rendimiento de las 3 v\u00edas est\u00e1n disponibles para todos. Con el 8331 y el 8341, el tama\u00f1o de tu estudio ya no es m\u00e1s una barrera para el tama\u00f1o de tu ambici\u00f3n.<\/em>\u201d<\/p>\n<p>&nbsp;<\/p>\n<p>Para m\u00e1s informaci\u00f3n sobre \u201cThe Ones\u201d, visita <a href=\"http:\/\/www.genelec.com\/theones\">www.genelec.com\/theones<\/a><\/p>\n<p>Genelec es distribuido en Espa\u00f1a por <a href=\"https:\/\/eu.audio-technica.com\/brands\/genelec?lang=es\">Audio-Technica Iberia<\/a><\/p>\n","protected":false},"excerpt":{"rendered":"<p>Genelec, el l\u00edder en tecnolog\u00eda de monitores activos durante cuatro d\u00e9cadas, se enorgullece en presentar la Fuente Puntual Definitiva, los nuevos monitores \u201cThe Ones\u201d. Al 8351, ganador de numerosos premios, se unen ahora el 8331 y el 8341, los monitores coaxiales de tres v\u00edas m\u00e1s peque\u00f1os del mundo, creando as\u00ed una completa gama de coaxiales [&hellip;]<\/p>\n","protected":false},"author":1,"featured_media":6713,"comment_status":"closed","ping_status":"closed","sticky":false,"template":"","format":"standard","meta":{"_acf_changed":false,"footnotes":""},"categories":[2456],"tags":[1595,1566,1567,1765],"class_list":["post-9278","post","type-post","status-publish","format-standard","has-post-thumbnail","hentry","category-novedades","tag-coaxial","tag-monitores","tag-sam","tag-the-ones"],"acf":[],"yoast_head":"<!-- This site is optimized with the Yoast SEO plugin v27.1.1 - https:\/\/yoast.com\/product\/yoast-seo-wordpress\/ -->\n<title>Genelec anuncia \u201cThe Ones\u201d \u2013 La Fuente Puntual Definitiva en los monitores coaxiales m\u00e1s compactos del mundo - Audio-Technica Iberia<\/title>\n<meta name=\"robots\" content=\"index, follow, max-snippet:-1, max-image-preview:large, max-video-preview:-1\" \/>\n<link rel=\"canonical\" href=\"https:\/\/distribution.audio-technica.eu\/es-es\/noticias\/genelec-anuncia-the-ones\/\" \/>\n<meta property=\"og:locale\" content=\"es_ES\" \/>\n<meta property=\"og:type\" content=\"article\" \/>\n<meta property=\"og:title\" content=\"Genelec anuncia \u201cThe Ones\u201d \u2013 La Fuente Puntual Definitiva en los monitores coaxiales m\u00e1s compactos del mundo - Audio-Technica Iberia\" \/>\n<meta property=\"og:description\" content=\"Genelec, el l\u00edder en tecnolog\u00eda de monitores activos durante cuatro d\u00e9cadas, se enorgullece en presentar la Fuente Puntual Definitiva, los nuevos monitores \u201cThe Ones\u201d. Al 8351, ganador de numerosos premios, se unen ahora el 8331 y el 8341, los monitores coaxiales de tres v\u00edas m\u00e1s peque\u00f1os del mundo, creando as\u00ed una completa gama de coaxiales [&hellip;]\" \/>\n<meta property=\"og:url\" content=\"https:\/\/distribution.audio-technica.eu\/es-es\/noticias\/genelec-anuncia-the-ones\/\" \/>\n<meta property=\"og:site_name\" content=\"Audio-Technica Iberia\" \/>\n<meta property=\"article:published_time\" content=\"2017-05-05T17:13:21+00:00\" \/>\n<meta property=\"article:modified_time\" content=\"2023-07-31T09:31:01+00:00\" \/>\n<meta property=\"og:image\" content=\"https:\/\/distribution.audio-technica.eu\/app\/uploads\/sites\/2\/NdP-Genelec-The-Ones_b.jpg\" \/>\n\t<meta property=\"og:image:width\" content=\"640\" \/>\n\t<meta property=\"og:image:height\" content=\"388\" \/>\n\t<meta property=\"og:image:type\" content=\"image\/jpeg\" \/>\n<meta name=\"author\" content=\"Audio-Technica\" \/>\n<meta name=\"twitter:card\" content=\"summary_large_image\" \/>\n<meta name=\"twitter:label1\" content=\"Escrito por\" \/>\n\t<meta name=\"twitter:data1\" content=\"Audio-Technica\" \/>\n\t<meta name=\"twitter:label2\" content=\"Tiempo de lectura\" \/>\n\t<meta name=\"twitter:data2\" content=\"5 minutos\" \/>\n<script type=\"application\/ld+json\" class=\"yoast-schema-graph\">{\"@context\":\"https:\/\/schema.org\",\"@graph\":[{\"@type\":\"Article\",\"@id\":\"https:\/\/distribution.audio-technica.eu\/es-es\/noticias\/genelec-anuncia-the-ones\/#article\",\"isPartOf\":{\"@id\":\"https:\/\/distribution.audio-technica.eu\/es-es\/noticias\/genelec-anuncia-the-ones\/\"},\"author\":{\"name\":\"Audio-Technica\",\"@id\":\"https:\/\/distribution.audio-technica.eu\/es-es\/#\/schema\/person\/e8e715e047e33cc425e816f59cbd9b80\"},\"headline\":\"Genelec anuncia \u201cThe Ones\u201d \u2013 La Fuente Puntual Definitiva en los monitores coaxiales m\u00e1s compactos del mundo\",\"datePublished\":\"2017-05-05T17:13:21+00:00\",\"dateModified\":\"2023-07-31T09:31:01+00:00\",\"mainEntityOfPage\":{\"@id\":\"https:\/\/distribution.audio-technica.eu\/es-es\/noticias\/genelec-anuncia-the-ones\/\"},\"wordCount\":974,\"image\":{\"@id\":\"https:\/\/distribution.audio-technica.eu\/es-es\/noticias\/genelec-anuncia-the-ones\/#primaryimage\"},\"thumbnailUrl\":\"\/app\/uploads\/sites\/2\/NdP-Genelec-The-Ones_b.jpg\",\"keywords\":[\"coaxial\",\"MONITORES\",\"SAM\",\"The Ones\"],\"articleSection\":[\"Novedades\"],\"inLanguage\":\"es\"},{\"@type\":\"WebPage\",\"@id\":\"https:\/\/distribution.audio-technica.eu\/es-es\/noticias\/genelec-anuncia-the-ones\/\",\"url\":\"https:\/\/distribution.audio-technica.eu\/es-es\/noticias\/genelec-anuncia-the-ones\/\",\"name\":\"Genelec anuncia \u201cThe Ones\u201d \u2013 La Fuente Puntual Definitiva en los monitores coaxiales m\u00e1s compactos del mundo - Audio-Technica Iberia\",\"isPartOf\":{\"@id\":\"https:\/\/distribution.audio-technica.eu\/es-es\/#website\"},\"primaryImageOfPage\":{\"@id\":\"https:\/\/distribution.audio-technica.eu\/es-es\/noticias\/genelec-anuncia-the-ones\/#primaryimage\"},\"image\":{\"@id\":\"https:\/\/distribution.audio-technica.eu\/es-es\/noticias\/genelec-anuncia-the-ones\/#primaryimage\"},\"thumbnailUrl\":\"\/app\/uploads\/sites\/2\/NdP-Genelec-The-Ones_b.jpg\",\"datePublished\":\"2017-05-05T17:13:21+00:00\",\"dateModified\":\"2023-07-31T09:31:01+00:00\",\"author\":{\"@id\":\"https:\/\/distribution.audio-technica.eu\/es-es\/#\/schema\/person\/e8e715e047e33cc425e816f59cbd9b80\"},\"breadcrumb\":{\"@id\":\"https:\/\/distribution.audio-technica.eu\/es-es\/noticias\/genelec-anuncia-the-ones\/#breadcrumb\"},\"inLanguage\":\"es\",\"potentialAction\":[{\"@type\":\"ReadAction\",\"target\":[\"https:\/\/distribution.audio-technica.eu\/es-es\/noticias\/genelec-anuncia-the-ones\/\"]}]},{\"@type\":\"ImageObject\",\"inLanguage\":\"es\",\"@id\":\"https:\/\/distribution.audio-technica.eu\/es-es\/noticias\/genelec-anuncia-the-ones\/#primaryimage\",\"url\":\"\/app\/uploads\/sites\/2\/NdP-Genelec-The-Ones_b.jpg\",\"contentUrl\":\"\/app\/uploads\/sites\/2\/NdP-Genelec-The-Ones_b.jpg\",\"width\":640,\"height\":388,\"caption\":\"Genelec anuncia \u201cThe Ones\u201d\"},{\"@type\":\"BreadcrumbList\",\"@id\":\"https:\/\/distribution.audio-technica.eu\/es-es\/noticias\/genelec-anuncia-the-ones\/#breadcrumb\",\"itemListElement\":[{\"@type\":\"ListItem\",\"position\":1,\"name\":\"Products\",\"item\":\"https:\/\/distribution.audio-technica.eu\/es-es\/\"},{\"@type\":\"ListItem\",\"position\":2,\"name\":\"Genelec anuncia \u201cThe Ones\u201d \u2013 La Fuente Puntual Definitiva en los monitores coaxiales m\u00e1s compactos del mundo\"}]},{\"@type\":\"WebSite\",\"@id\":\"https:\/\/distribution.audio-technica.eu\/es-es\/#website\",\"url\":\"https:\/\/distribution.audio-technica.eu\/es-es\/\",\"name\":\"Audio-Technica Iberia\",\"description\":\"Distribuci\u00f3n\",\"potentialAction\":[{\"@type\":\"SearchAction\",\"target\":{\"@type\":\"EntryPoint\",\"urlTemplate\":\"https:\/\/distribution.audio-technica.eu\/es-es\/?s={search_term_string}\"},\"query-input\":{\"@type\":\"PropertyValueSpecification\",\"valueRequired\":true,\"valueName\":\"search_term_string\"}}],\"inLanguage\":\"es\"},{\"@type\":\"Person\",\"@id\":\"https:\/\/distribution.audio-technica.eu\/es-es\/#\/schema\/person\/e8e715e047e33cc425e816f59cbd9b80\",\"name\":\"Audio-Technica\"}]}<\/script>\n<!-- \/ Yoast SEO plugin. -->","yoast_head_json":{"title":"Genelec anuncia \u201cThe Ones\u201d \u2013 La Fuente Puntual Definitiva en los monitores coaxiales m\u00e1s compactos del mundo - Audio-Technica Iberia","robots":{"index":"index","follow":"follow","max-snippet":"max-snippet:-1","max-image-preview":"max-image-preview:large","max-video-preview":"max-video-preview:-1"},"canonical":"https:\/\/distribution.audio-technica.eu\/es-es\/noticias\/genelec-anuncia-the-ones\/","og_locale":"es_ES","og_type":"article","og_title":"Genelec anuncia \u201cThe Ones\u201d \u2013 La Fuente Puntual Definitiva en los monitores coaxiales m\u00e1s compactos del mundo - Audio-Technica Iberia","og_description":"Genelec, el l\u00edder en tecnolog\u00eda de monitores activos durante cuatro d\u00e9cadas, se enorgullece en presentar la Fuente Puntual Definitiva, los nuevos monitores \u201cThe Ones\u201d. Al 8351, ganador de numerosos premios, se unen ahora el 8331 y el 8341, los monitores coaxiales de tres v\u00edas m\u00e1s peque\u00f1os del mundo, creando as\u00ed una completa gama de coaxiales [&hellip;]","og_url":"https:\/\/distribution.audio-technica.eu\/es-es\/noticias\/genelec-anuncia-the-ones\/","og_site_name":"Audio-Technica Iberia","article_published_time":"2017-05-05T17:13:21+00:00","article_modified_time":"2023-07-31T09:31:01+00:00","og_image":[{"width":640,"height":388,"url":"https:\/\/distribution.audio-technica.eu\/app\/uploads\/sites\/2\/NdP-Genelec-The-Ones_b.jpg","type":"image\/jpeg"}],"author":"Audio-Technica","twitter_card":"summary_large_image","twitter_misc":{"Escrito por":"Audio-Technica","Tiempo de lectura":"5 minutos"},"schema":{"@context":"https:\/\/schema.org","@graph":[{"@type":"Article","@id":"https:\/\/distribution.audio-technica.eu\/es-es\/noticias\/genelec-anuncia-the-ones\/#article","isPartOf":{"@id":"https:\/\/distribution.audio-technica.eu\/es-es\/noticias\/genelec-anuncia-the-ones\/"},"author":{"name":"Audio-Technica","@id":"https:\/\/distribution.audio-technica.eu\/es-es\/#\/schema\/person\/e8e715e047e33cc425e816f59cbd9b80"},"headline":"Genelec anuncia \u201cThe Ones\u201d \u2013 La Fuente Puntual Definitiva en los monitores coaxiales m\u00e1s compactos del mundo","datePublished":"2017-05-05T17:13:21+00:00","dateModified":"2023-07-31T09:31:01+00:00","mainEntityOfPage":{"@id":"https:\/\/distribution.audio-technica.eu\/es-es\/noticias\/genelec-anuncia-the-ones\/"},"wordCount":974,"image":{"@id":"https:\/\/distribution.audio-technica.eu\/es-es\/noticias\/genelec-anuncia-the-ones\/#primaryimage"},"thumbnailUrl":"\/app\/uploads\/sites\/2\/NdP-Genelec-The-Ones_b.jpg","keywords":["coaxial","MONITORES","SAM","The Ones"],"articleSection":["Novedades"],"inLanguage":"es"},{"@type":"WebPage","@id":"https:\/\/distribution.audio-technica.eu\/es-es\/noticias\/genelec-anuncia-the-ones\/","url":"https:\/\/distribution.audio-technica.eu\/es-es\/noticias\/genelec-anuncia-the-ones\/","name":"Genelec anuncia \u201cThe Ones\u201d \u2013 La Fuente Puntual Definitiva en los monitores coaxiales m\u00e1s compactos del mundo - Audio-Technica Iberia","isPartOf":{"@id":"https:\/\/distribution.audio-technica.eu\/es-es\/#website"},"primaryImageOfPage":{"@id":"https:\/\/distribution.audio-technica.eu\/es-es\/noticias\/genelec-anuncia-the-ones\/#primaryimage"},"image":{"@id":"https:\/\/distribution.audio-technica.eu\/es-es\/noticias\/genelec-anuncia-the-ones\/#primaryimage"},"thumbnailUrl":"\/app\/uploads\/sites\/2\/NdP-Genelec-The-Ones_b.jpg","datePublished":"2017-05-05T17:13:21+00:00","dateModified":"2023-07-31T09:31:01+00:00","author":{"@id":"https:\/\/distribution.audio-technica.eu\/es-es\/#\/schema\/person\/e8e715e047e33cc425e816f59cbd9b80"},"breadcrumb":{"@id":"https:\/\/distribution.audio-technica.eu\/es-es\/noticias\/genelec-anuncia-the-ones\/#breadcrumb"},"inLanguage":"es","potentialAction":[{"@type":"ReadAction","target":["https:\/\/distribution.audio-technica.eu\/es-es\/noticias\/genelec-anuncia-the-ones\/"]}]},{"@type":"ImageObject","inLanguage":"es","@id":"https:\/\/distribution.audio-technica.eu\/es-es\/noticias\/genelec-anuncia-the-ones\/#primaryimage","url":"\/app\/uploads\/sites\/2\/NdP-Genelec-The-Ones_b.jpg","contentUrl":"\/app\/uploads\/sites\/2\/NdP-Genelec-The-Ones_b.jpg","width":640,"height":388,"caption":"Genelec anuncia \u201cThe Ones\u201d"},{"@type":"BreadcrumbList","@id":"https:\/\/distribution.audio-technica.eu\/es-es\/noticias\/genelec-anuncia-the-ones\/#breadcrumb","itemListElement":[{"@type":"ListItem","position":1,"name":"Products","item":"https:\/\/distribution.audio-technica.eu\/es-es\/"},{"@type":"ListItem","position":2,"name":"Genelec anuncia \u201cThe Ones\u201d \u2013 La Fuente Puntual Definitiva en los monitores coaxiales m\u00e1s compactos del mundo"}]},{"@type":"WebSite","@id":"https:\/\/distribution.audio-technica.eu\/es-es\/#website","url":"https:\/\/distribution.audio-technica.eu\/es-es\/","name":"Audio-Technica Iberia","description":"Distribuci\u00f3n","potentialAction":[{"@type":"SearchAction","target":{"@type":"EntryPoint","urlTemplate":"https:\/\/distribution.audio-technica.eu\/es-es\/?s={search_term_string}"},"query-input":{"@type":"PropertyValueSpecification","valueRequired":true,"valueName":"search_term_string"}}],"inLanguage":"es"},{"@type":"Person","@id":"https:\/\/distribution.audio-technica.eu\/es-es\/#\/schema\/person\/e8e715e047e33cc425e816f59cbd9b80","name":"Audio-Technica"}]}},"_links":{"self":[{"href":"https:\/\/distribution.audio-technica.eu\/es-es\/wp-json\/wp\/v2\/posts\/9278","targetHints":{"allow":["GET"]}}],"collection":[{"href":"https:\/\/distribution.audio-technica.eu\/es-es\/wp-json\/wp\/v2\/posts"}],"about":[{"href":"https:\/\/distribution.audio-technica.eu\/es-es\/wp-json\/wp\/v2\/types\/post"}],"author":[{"embeddable":true,"href":"https:\/\/distribution.audio-technica.eu\/es-es\/wp-json\/wp\/v2\/users\/1"}],"replies":[{"embeddable":true,"href":"https:\/\/distribution.audio-technica.eu\/es-es\/wp-json\/wp\/v2\/comments?post=9278"}],"version-history":[{"count":1,"href":"https:\/\/distribution.audio-technica.eu\/es-es\/wp-json\/wp\/v2\/posts\/9278\/revisions"}],"predecessor-version":[{"id":27174,"href":"https:\/\/distribution.audio-technica.eu\/es-es\/wp-json\/wp\/v2\/posts\/9278\/revisions\/27174"}],"wp:featuredmedia":[{"embeddable":true,"href":"https:\/\/distribution.audio-technica.eu\/es-es\/wp-json\/wp\/v2\/media\/6713"}],"wp:attachment":[{"href":"https:\/\/distribution.audio-technica.eu\/es-es\/wp-json\/wp\/v2\/media?parent=9278"}],"wp:term":[{"taxonomy":"category","embeddable":true,"href":"https:\/\/distribution.audio-technica.eu\/es-es\/wp-json\/wp\/v2\/categories?post=9278"},{"taxonomy":"post_tag","embeddable":true,"href":"https:\/\/distribution.audio-technica.eu\/es-es\/wp-json\/wp\/v2\/tags?post=9278"}],"curies":[{"name":"wp","href":"https:\/\/api.w.org\/{rel}","templated":true}]}}