{"id":9279,"date":"2017-05-13T10:03:39","date_gmt":"2017-05-13T08:03:39","guid":{"rendered":"http:\/\/noticias.audio-technica.es\/?p=1109"},"modified":"2023-07-31T11:30:52","modified_gmt":"2023-07-31T09:30:52","slug":"audio-technica-iberia-premiada-genelec","status":"publish","type":"post","link":"https:\/\/distribution.audio-technica.eu\/es-es\/noticias\/audio-technica-iberia-premiada-genelec\/","title":{"rendered":"Audio-Technica Iberia, premiada por Genelec"},"content":{"rendered":"<h2>El pasado 6 de abril, coincidiendo con la celebraci\u00f3n de las ferias Prolight + Sound y Musikmesse, Genelec celebr\u00f3 en un c\u00e9ntrico restaurante de Frankfurt su reuni\u00f3n anual de distribuidores de todo el mundo. Adem\u00e1s de la presentaci\u00f3n de resultados y de nuevos productos, durante el evento se entregaron una serie de premios anuales a los distribuidores,\u00a0siendo Audio-Technica Iberia uno de las galardonados.<\/h2>\n<p><a href=\"http:\/\/noticias.audio-technica.es\/wp-content\/uploads\/NdP-Genelec-ATI-Award.jpg\"><img loading=\"lazy\" decoding=\"async\" class=\"aligncenter size-full wp-image-1108\" src=\"http:\/\/noticias.audio-technica.es\/wp-content\/uploads\/NdP-Genelec-ATI-Award.jpg\" alt=\"Audio-Technica Iberia, premiada por Genelec\" width=\"950\" height=\"550\" \/><\/a><\/p>\n<p>Durante el evento, Audio-Technica Iberia recibi\u00f3 el galard\u00f3n al distribuidor con mayor crecimiento de ventas en sistemas SAM (Best Growth of SAM Sales) durante el a\u00f1o 2016, que le acredita como el distribuidor que, a nivel mundial, m\u00e1s ha incrementado su porcentaje de ventas de sistemas SAM durante el a\u00f1o 2016.<\/p>\n<p>Si bien todav\u00eda la mayor parte del negocio con Genelec se sustenta en los monitores anal\u00f3gicos tradicionales, lo cierto es que los sistemas SAM representan el futuro, por su sofisticaci\u00f3n y grado de innovaci\u00f3n t\u00e9cnica.<\/p>\n<p>Audio-Technica Iberia se enorgullece de este importante reconocimiento, entre otros motivos porque es el primer galard\u00f3n que recibe de Genelec desde la creaci\u00f3n de Audio-Technica Iberia, y porque representa un reconocimiento a un ingente esfuerzo en cuanto a ingenier\u00eda de preventa, log\u00edstica y gesti\u00f3n comercial.<\/p>\n<p>&nbsp;<\/p>\n<p>M\u00e1s informaci\u00f3n sobre Genelec en <a href=\"https:\/\/www.genelec.com\/\">www.genelec.com<\/a><\/p>\n<p>Genelec es distribuido en Espa\u00f1a por <a href=\"https:\/\/eu.audio-technica.com\/brands\/genelec?lang=es\">Audio-Technica Iberia<\/a><\/p>\n","protected":false},"excerpt":{"rendered":"<p>El pasado 6 de abril, coincidiendo con la celebraci\u00f3n de las ferias Prolight + Sound y Musikmesse, Genelec celebr\u00f3 en un c\u00e9ntrico restaurante de Frankfurt su reuni\u00f3n anual de distribuidores de todo el mundo. Adem\u00e1s de la presentaci\u00f3n de resultados y de nuevos productos, durante el evento se entregaron una serie de premios anuales a [&hellip;]<\/p>\n","protected":false},"author":1,"featured_media":6714,"comment_status":"closed","ping_status":"closed","sticky":false,"template":"","format":"standard","meta":{"_acf_changed":false,"footnotes":""},"categories":[1692,2461],"tags":[1719,1567],"class_list":["post-9279","post","type-post","status-publish","format-standard","has-post-thumbnail","hentry","category-empresa","category-noticias","tag-award","tag-sam"],"acf":[],"yoast_head":"<!-- This site is optimized with the Yoast SEO plugin v27.1.1 - https:\/\/yoast.com\/product\/yoast-seo-wordpress\/ -->\n<title>Audio-Technica Iberia, premiada por Genelec - Audio-Technica Iberia<\/title>\n<meta name=\"robots\" content=\"index, follow, max-snippet:-1, max-image-preview:large, max-video-preview:-1\" \/>\n<link rel=\"canonical\" href=\"https:\/\/distribution.audio-technica.eu\/es-es\/noticias\/audio-technica-iberia-premiada-genelec\/\" \/>\n<meta property=\"og:locale\" content=\"es_ES\" \/>\n<meta property=\"og:type\" content=\"article\" \/>\n<meta property=\"og:title\" content=\"Audio-Technica Iberia, premiada por Genelec - Audio-Technica Iberia\" \/>\n<meta property=\"og:description\" content=\"El pasado 6 de abril, coincidiendo con la celebraci\u00f3n de las ferias Prolight + Sound y Musikmesse, Genelec celebr\u00f3 en un c\u00e9ntrico restaurante de Frankfurt su reuni\u00f3n anual de distribuidores de todo el mundo. Adem\u00e1s de la presentaci\u00f3n de resultados y de nuevos productos, durante el evento se entregaron una serie de premios anuales a [&hellip;]\" \/>\n<meta property=\"og:url\" content=\"https:\/\/distribution.audio-technica.eu\/es-es\/noticias\/audio-technica-iberia-premiada-genelec\/\" \/>\n<meta property=\"og:site_name\" content=\"Audio-Technica Iberia\" \/>\n<meta property=\"article:published_time\" content=\"2017-05-13T08:03:39+00:00\" \/>\n<meta property=\"article:modified_time\" content=\"2023-07-31T09:30:52+00:00\" \/>\n<meta property=\"og:image\" content=\"https:\/\/distribution.audio-technica.eu\/app\/uploads\/sites\/2\/NdP-Genelec-ATI-Award_banner.jpg\" \/>\n\t<meta property=\"og:image:width\" content=\"640\" \/>\n\t<meta property=\"og:image:height\" content=\"360\" \/>\n\t<meta property=\"og:image:type\" content=\"image\/jpeg\" \/>\n<meta name=\"author\" content=\"Audio-Technica\" \/>\n<meta name=\"twitter:card\" content=\"summary_large_image\" \/>\n<meta name=\"twitter:label1\" content=\"Escrito por\" \/>\n\t<meta name=\"twitter:data1\" content=\"Audio-Technica\" \/>\n\t<meta name=\"twitter:label2\" content=\"Tiempo de lectura\" \/>\n\t<meta name=\"twitter:data2\" content=\"1 minuto\" \/>\n<script type=\"application\/ld+json\" class=\"yoast-schema-graph\">{\"@context\":\"https:\/\/schema.org\",\"@graph\":[{\"@type\":\"Article\",\"@id\":\"https:\/\/distribution.audio-technica.eu\/es-es\/noticias\/audio-technica-iberia-premiada-genelec\/#article\",\"isPartOf\":{\"@id\":\"https:\/\/distribution.audio-technica.eu\/es-es\/noticias\/audio-technica-iberia-premiada-genelec\/\"},\"author\":{\"name\":\"Audio-Technica\",\"@id\":\"https:\/\/distribution.audio-technica.eu\/es-es\/#\/schema\/person\/e8e715e047e33cc425e816f59cbd9b80\"},\"headline\":\"Audio-Technica Iberia, premiada por Genelec\",\"datePublished\":\"2017-05-13T08:03:39+00:00\",\"dateModified\":\"2023-07-31T09:30:52+00:00\",\"mainEntityOfPage\":{\"@id\":\"https:\/\/distribution.audio-technica.eu\/es-es\/noticias\/audio-technica-iberia-premiada-genelec\/\"},\"wordCount\":235,\"image\":{\"@id\":\"https:\/\/distribution.audio-technica.eu\/es-es\/noticias\/audio-technica-iberia-premiada-genelec\/#primaryimage\"},\"thumbnailUrl\":\"\/app\/uploads\/sites\/2\/NdP-Genelec-ATI-Award_banner.jpg\",\"keywords\":[\"award\",\"SAM\"],\"articleSection\":[\"Empresa\",\"Noticias\"],\"inLanguage\":\"es\"},{\"@type\":\"WebPage\",\"@id\":\"https:\/\/distribution.audio-technica.eu\/es-es\/noticias\/audio-technica-iberia-premiada-genelec\/\",\"url\":\"https:\/\/distribution.audio-technica.eu\/es-es\/noticias\/audio-technica-iberia-premiada-genelec\/\",\"name\":\"Audio-Technica Iberia, premiada por Genelec - Audio-Technica Iberia\",\"isPartOf\":{\"@id\":\"https:\/\/distribution.audio-technica.eu\/es-es\/#website\"},\"primaryImageOfPage\":{\"@id\":\"https:\/\/distribution.audio-technica.eu\/es-es\/noticias\/audio-technica-iberia-premiada-genelec\/#primaryimage\"},\"image\":{\"@id\":\"https:\/\/distribution.audio-technica.eu\/es-es\/noticias\/audio-technica-iberia-premiada-genelec\/#primaryimage\"},\"thumbnailUrl\":\"\/app\/uploads\/sites\/2\/NdP-Genelec-ATI-Award_banner.jpg\",\"datePublished\":\"2017-05-13T08:03:39+00:00\",\"dateModified\":\"2023-07-31T09:30:52+00:00\",\"author\":{\"@id\":\"https:\/\/distribution.audio-technica.eu\/es-es\/#\/schema\/person\/e8e715e047e33cc425e816f59cbd9b80\"},\"breadcrumb\":{\"@id\":\"https:\/\/distribution.audio-technica.eu\/es-es\/noticias\/audio-technica-iberia-premiada-genelec\/#breadcrumb\"},\"inLanguage\":\"es\",\"potentialAction\":[{\"@type\":\"ReadAction\",\"target\":[\"https:\/\/distribution.audio-technica.eu\/es-es\/noticias\/audio-technica-iberia-premiada-genelec\/\"]}]},{\"@type\":\"ImageObject\",\"inLanguage\":\"es\",\"@id\":\"https:\/\/distribution.audio-technica.eu\/es-es\/noticias\/audio-technica-iberia-premiada-genelec\/#primaryimage\",\"url\":\"\/app\/uploads\/sites\/2\/NdP-Genelec-ATI-Award_banner.jpg\",\"contentUrl\":\"\/app\/uploads\/sites\/2\/NdP-Genelec-ATI-Award_banner.jpg\",\"width\":640,\"height\":360,\"caption\":\"Audio-Technica Iberia, premiada por Genelec\"},{\"@type\":\"BreadcrumbList\",\"@id\":\"https:\/\/distribution.audio-technica.eu\/es-es\/noticias\/audio-technica-iberia-premiada-genelec\/#breadcrumb\",\"itemListElement\":[{\"@type\":\"ListItem\",\"position\":1,\"name\":\"Products\",\"item\":\"https:\/\/distribution.audio-technica.eu\/es-es\/\"},{\"@type\":\"ListItem\",\"position\":2,\"name\":\"Audio-Technica Iberia, premiada por Genelec\"}]},{\"@type\":\"WebSite\",\"@id\":\"https:\/\/distribution.audio-technica.eu\/es-es\/#website\",\"url\":\"https:\/\/distribution.audio-technica.eu\/es-es\/\",\"name\":\"Audio-Technica Iberia\",\"description\":\"Distribuci\u00f3n\",\"potentialAction\":[{\"@type\":\"SearchAction\",\"target\":{\"@type\":\"EntryPoint\",\"urlTemplate\":\"https:\/\/distribution.audio-technica.eu\/es-es\/?s={search_term_string}\"},\"query-input\":{\"@type\":\"PropertyValueSpecification\",\"valueRequired\":true,\"valueName\":\"search_term_string\"}}],\"inLanguage\":\"es\"},{\"@type\":\"Person\",\"@id\":\"https:\/\/distribution.audio-technica.eu\/es-es\/#\/schema\/person\/e8e715e047e33cc425e816f59cbd9b80\",\"name\":\"Audio-Technica\"}]}<\/script>\n<!-- \/ Yoast SEO plugin. -->","yoast_head_json":{"title":"Audio-Technica Iberia, premiada por Genelec - Audio-Technica Iberia","robots":{"index":"index","follow":"follow","max-snippet":"max-snippet:-1","max-image-preview":"max-image-preview:large","max-video-preview":"max-video-preview:-1"},"canonical":"https:\/\/distribution.audio-technica.eu\/es-es\/noticias\/audio-technica-iberia-premiada-genelec\/","og_locale":"es_ES","og_type":"article","og_title":"Audio-Technica Iberia, premiada por Genelec - Audio-Technica Iberia","og_description":"El pasado 6 de abril, coincidiendo con la celebraci\u00f3n de las ferias Prolight + Sound y Musikmesse, Genelec celebr\u00f3 en un c\u00e9ntrico restaurante de Frankfurt su reuni\u00f3n anual de distribuidores de todo el mundo. Adem\u00e1s de la presentaci\u00f3n de resultados y de nuevos productos, durante el evento se entregaron una serie de premios anuales a [&hellip;]","og_url":"https:\/\/distribution.audio-technica.eu\/es-es\/noticias\/audio-technica-iberia-premiada-genelec\/","og_site_name":"Audio-Technica Iberia","article_published_time":"2017-05-13T08:03:39+00:00","article_modified_time":"2023-07-31T09:30:52+00:00","og_image":[{"width":640,"height":360,"url":"https:\/\/distribution.audio-technica.eu\/app\/uploads\/sites\/2\/NdP-Genelec-ATI-Award_banner.jpg","type":"image\/jpeg"}],"author":"Audio-Technica","twitter_card":"summary_large_image","twitter_misc":{"Escrito por":"Audio-Technica","Tiempo de lectura":"1 minuto"},"schema":{"@context":"https:\/\/schema.org","@graph":[{"@type":"Article","@id":"https:\/\/distribution.audio-technica.eu\/es-es\/noticias\/audio-technica-iberia-premiada-genelec\/#article","isPartOf":{"@id":"https:\/\/distribution.audio-technica.eu\/es-es\/noticias\/audio-technica-iberia-premiada-genelec\/"},"author":{"name":"Audio-Technica","@id":"https:\/\/distribution.audio-technica.eu\/es-es\/#\/schema\/person\/e8e715e047e33cc425e816f59cbd9b80"},"headline":"Audio-Technica Iberia, premiada por Genelec","datePublished":"2017-05-13T08:03:39+00:00","dateModified":"2023-07-31T09:30:52+00:00","mainEntityOfPage":{"@id":"https:\/\/distribution.audio-technica.eu\/es-es\/noticias\/audio-technica-iberia-premiada-genelec\/"},"wordCount":235,"image":{"@id":"https:\/\/distribution.audio-technica.eu\/es-es\/noticias\/audio-technica-iberia-premiada-genelec\/#primaryimage"},"thumbnailUrl":"\/app\/uploads\/sites\/2\/NdP-Genelec-ATI-Award_banner.jpg","keywords":["award","SAM"],"articleSection":["Empresa","Noticias"],"inLanguage":"es"},{"@type":"WebPage","@id":"https:\/\/distribution.audio-technica.eu\/es-es\/noticias\/audio-technica-iberia-premiada-genelec\/","url":"https:\/\/distribution.audio-technica.eu\/es-es\/noticias\/audio-technica-iberia-premiada-genelec\/","name":"Audio-Technica Iberia, premiada por Genelec - Audio-Technica Iberia","isPartOf":{"@id":"https:\/\/distribution.audio-technica.eu\/es-es\/#website"},"primaryImageOfPage":{"@id":"https:\/\/distribution.audio-technica.eu\/es-es\/noticias\/audio-technica-iberia-premiada-genelec\/#primaryimage"},"image":{"@id":"https:\/\/distribution.audio-technica.eu\/es-es\/noticias\/audio-technica-iberia-premiada-genelec\/#primaryimage"},"thumbnailUrl":"\/app\/uploads\/sites\/2\/NdP-Genelec-ATI-Award_banner.jpg","datePublished":"2017-05-13T08:03:39+00:00","dateModified":"2023-07-31T09:30:52+00:00","author":{"@id":"https:\/\/distribution.audio-technica.eu\/es-es\/#\/schema\/person\/e8e715e047e33cc425e816f59cbd9b80"},"breadcrumb":{"@id":"https:\/\/distribution.audio-technica.eu\/es-es\/noticias\/audio-technica-iberia-premiada-genelec\/#breadcrumb"},"inLanguage":"es","potentialAction":[{"@type":"ReadAction","target":["https:\/\/distribution.audio-technica.eu\/es-es\/noticias\/audio-technica-iberia-premiada-genelec\/"]}]},{"@type":"ImageObject","inLanguage":"es","@id":"https:\/\/distribution.audio-technica.eu\/es-es\/noticias\/audio-technica-iberia-premiada-genelec\/#primaryimage","url":"\/app\/uploads\/sites\/2\/NdP-Genelec-ATI-Award_banner.jpg","contentUrl":"\/app\/uploads\/sites\/2\/NdP-Genelec-ATI-Award_banner.jpg","width":640,"height":360,"caption":"Audio-Technica Iberia, premiada por Genelec"},{"@type":"BreadcrumbList","@id":"https:\/\/distribution.audio-technica.eu\/es-es\/noticias\/audio-technica-iberia-premiada-genelec\/#breadcrumb","itemListElement":[{"@type":"ListItem","position":1,"name":"Products","item":"https:\/\/distribution.audio-technica.eu\/es-es\/"},{"@type":"ListItem","position":2,"name":"Audio-Technica Iberia, premiada por Genelec"}]},{"@type":"WebSite","@id":"https:\/\/distribution.audio-technica.eu\/es-es\/#website","url":"https:\/\/distribution.audio-technica.eu\/es-es\/","name":"Audio-Technica Iberia","description":"Distribuci\u00f3n","potentialAction":[{"@type":"SearchAction","target":{"@type":"EntryPoint","urlTemplate":"https:\/\/distribution.audio-technica.eu\/es-es\/?s={search_term_string}"},"query-input":{"@type":"PropertyValueSpecification","valueRequired":true,"valueName":"search_term_string"}}],"inLanguage":"es"},{"@type":"Person","@id":"https:\/\/distribution.audio-technica.eu\/es-es\/#\/schema\/person\/e8e715e047e33cc425e816f59cbd9b80","name":"Audio-Technica"}]}},"_links":{"self":[{"href":"https:\/\/distribution.audio-technica.eu\/es-es\/wp-json\/wp\/v2\/posts\/9279","targetHints":{"allow":["GET"]}}],"collection":[{"href":"https:\/\/distribution.audio-technica.eu\/es-es\/wp-json\/wp\/v2\/posts"}],"about":[{"href":"https:\/\/distribution.audio-technica.eu\/es-es\/wp-json\/wp\/v2\/types\/post"}],"author":[{"embeddable":true,"href":"https:\/\/distribution.audio-technica.eu\/es-es\/wp-json\/wp\/v2\/users\/1"}],"replies":[{"embeddable":true,"href":"https:\/\/distribution.audio-technica.eu\/es-es\/wp-json\/wp\/v2\/comments?post=9279"}],"version-history":[{"count":1,"href":"https:\/\/distribution.audio-technica.eu\/es-es\/wp-json\/wp\/v2\/posts\/9279\/revisions"}],"predecessor-version":[{"id":27173,"href":"https:\/\/distribution.audio-technica.eu\/es-es\/wp-json\/wp\/v2\/posts\/9279\/revisions\/27173"}],"wp:featuredmedia":[{"embeddable":true,"href":"https:\/\/distribution.audio-technica.eu\/es-es\/wp-json\/wp\/v2\/media\/6714"}],"wp:attachment":[{"href":"https:\/\/distribution.audio-technica.eu\/es-es\/wp-json\/wp\/v2\/media?parent=9279"}],"wp:term":[{"taxonomy":"category","embeddable":true,"href":"https:\/\/distribution.audio-technica.eu\/es-es\/wp-json\/wp\/v2\/categories?post=9279"},{"taxonomy":"post_tag","embeddable":true,"href":"https:\/\/distribution.audio-technica.eu\/es-es\/wp-json\/wp\/v2\/tags?post=9279"}],"curies":[{"name":"wp","href":"https:\/\/api.w.org\/{rel}","templated":true}]}}